{"id":10008,"date":"2025-11-28T17:35:14","date_gmt":"2025-11-28T17:35:14","guid":{"rendered":"https:\/\/proyeccionedomex.com.mx\/?p=10008"},"modified":"2025-11-28T17:35:21","modified_gmt":"2025-11-28T17:35:21","slug":"zinacantepec-inaugura-nuevo-parque-lineal-en-san-luis-mextepec","status":"publish","type":"post","link":"https:\/\/proyeccionedomex.com.mx\/?p=10008","title":{"rendered":"ZINACANTEPEC INAUGURA NUEVO PARQUE LINEAL EN SAN LUIS MEXTEPEC"},"content":{"rendered":"\n<figure class=\"wp-block-gallery has-nested-images columns-default is-cropped wp-block-gallery-1 is-layout-flex wp-block-gallery-is-layout-flex\">\n<figure class=\"wp-block-image size-large td-caption-align-https:\/\/proyeccionedomex.com.mx\/wp-content\/uploads\/2025\/11\/Imagen-de-WhatsApp-2025-11-28-a-las-11.03.55_bcdb9f29.jpg\"><img loading=\"lazy\" decoding=\"async\" width=\"1024\" height=\"610\" data-id=\"10009\" src=\"https:\/\/proyeccionedomex.com.mx\/wp-content\/uploads\/2025\/11\/Imagen-de-WhatsApp-2025-11-28-a-las-11.03.55_bcdb9f29-1024x610.jpg\" alt=\"\" class=\"wp-image-10009\" srcset=\"https:\/\/proyeccionedomex.com.mx\/wp-content\/uploads\/2025\/11\/Imagen-de-WhatsApp-2025-11-28-a-las-11.03.55_bcdb9f29-1024x610.jpg 1024w, https:\/\/proyeccionedomex.com.mx\/wp-content\/uploads\/2025\/11\/Imagen-de-WhatsApp-2025-11-28-a-las-11.03.55_bcdb9f29-300x179.jpg 300w, https:\/\/proyeccionedomex.com.mx\/wp-content\/uploads\/2025\/11\/Imagen-de-WhatsApp-2025-11-28-a-las-11.03.55_bcdb9f29-768x458.jpg 768w, https:\/\/proyeccionedomex.com.mx\/wp-content\/uploads\/2025\/11\/Imagen-de-WhatsApp-2025-11-28-a-las-11.03.55_bcdb9f29-696x415.jpg 696w, https:\/\/proyeccionedomex.com.mx\/wp-content\/uploads\/2025\/11\/Imagen-de-WhatsApp-2025-11-28-a-las-11.03.55_bcdb9f29-1068x637.jpg 1068w, https:\/\/proyeccionedomex.com.mx\/wp-content\/uploads\/2025\/11\/Imagen-de-WhatsApp-2025-11-28-a-las-11.03.55_bcdb9f29-705x420.jpg 705w, https:\/\/proyeccionedomex.com.mx\/wp-content\/uploads\/2025\/11\/Imagen-de-WhatsApp-2025-11-28-a-las-11.03.55_bcdb9f29.jpg 1441w\" sizes=\"auto, (max-width: 1024px) 100vw, 1024px\" \/><\/figure>\n\n\n\n<figure class=\"wp-block-image size-large td-caption-align-https:\/\/proyeccionedomex.com.mx\/wp-content\/uploads\/2025\/11\/Imagen-de-WhatsApp-2025-11-28-a-las-11.03.55_60a93060.jpg\"><img loading=\"lazy\" decoding=\"async\" width=\"1024\" height=\"547\" data-id=\"10011\" src=\"https:\/\/proyeccionedomex.com.mx\/wp-content\/uploads\/2025\/11\/Imagen-de-WhatsApp-2025-11-28-a-las-11.03.55_60a93060-1024x547.jpg\" alt=\"\" class=\"wp-image-10011\" srcset=\"https:\/\/proyeccionedomex.com.mx\/wp-content\/uploads\/2025\/11\/Imagen-de-WhatsApp-2025-11-28-a-las-11.03.55_60a93060-1024x547.jpg 1024w, https:\/\/proyeccionedomex.com.mx\/wp-content\/uploads\/2025\/11\/Imagen-de-WhatsApp-2025-11-28-a-las-11.03.55_60a93060-300x160.jpg 300w, https:\/\/proyeccionedomex.com.mx\/wp-content\/uploads\/2025\/11\/Imagen-de-WhatsApp-2025-11-28-a-las-11.03.55_60a93060-768x410.jpg 768w, https:\/\/proyeccionedomex.com.mx\/wp-content\/uploads\/2025\/11\/Imagen-de-WhatsApp-2025-11-28-a-las-11.03.55_60a93060-1536x821.jpg 1536w, https:\/\/proyeccionedomex.com.mx\/wp-content\/uploads\/2025\/11\/Imagen-de-WhatsApp-2025-11-28-a-las-11.03.55_60a93060-696x372.jpg 696w, https:\/\/proyeccionedomex.com.mx\/wp-content\/uploads\/2025\/11\/Imagen-de-WhatsApp-2025-11-28-a-las-11.03.55_60a93060-1068x571.jpg 1068w, https:\/\/proyeccionedomex.com.mx\/wp-content\/uploads\/2025\/11\/Imagen-de-WhatsApp-2025-11-28-a-las-11.03.55_60a93060-786x420.jpg 786w, https:\/\/proyeccionedomex.com.mx\/wp-content\/uploads\/2025\/11\/Imagen-de-WhatsApp-2025-11-28-a-las-11.03.55_60a93060.jpg 1600w\" sizes=\"auto, (max-width: 1024px) 100vw, 1024px\" \/><\/figure>\n\n\n\n<figure class=\"wp-block-image size-large td-caption-align-https:\/\/proyeccionedomex.com.mx\/wp-content\/uploads\/2025\/11\/Imagen-de-WhatsApp-2025-11-28-a-las-11.03.55_0fb38682.jpg\"><img loading=\"lazy\" decoding=\"async\" width=\"1024\" height=\"584\" data-id=\"10010\" src=\"https:\/\/proyeccionedomex.com.mx\/wp-content\/uploads\/2025\/11\/Imagen-de-WhatsApp-2025-11-28-a-las-11.03.55_0fb38682-1024x584.jpg\" alt=\"\" class=\"wp-image-10010\" srcset=\"https:\/\/proyeccionedomex.com.mx\/wp-content\/uploads\/2025\/11\/Imagen-de-WhatsApp-2025-11-28-a-las-11.03.55_0fb38682-1024x584.jpg 1024w, https:\/\/proyeccionedomex.com.mx\/wp-content\/uploads\/2025\/11\/Imagen-de-WhatsApp-2025-11-28-a-las-11.03.55_0fb38682-300x171.jpg 300w, https:\/\/proyeccionedomex.com.mx\/wp-content\/uploads\/2025\/11\/Imagen-de-WhatsApp-2025-11-28-a-las-11.03.55_0fb38682-768x438.jpg 768w, https:\/\/proyeccionedomex.com.mx\/wp-content\/uploads\/2025\/11\/Imagen-de-WhatsApp-2025-11-28-a-las-11.03.55_0fb38682-696x397.jpg 696w, https:\/\/proyeccionedomex.com.mx\/wp-content\/uploads\/2025\/11\/Imagen-de-WhatsApp-2025-11-28-a-las-11.03.55_0fb38682-1068x609.jpg 1068w, https:\/\/proyeccionedomex.com.mx\/wp-content\/uploads\/2025\/11\/Imagen-de-WhatsApp-2025-11-28-a-las-11.03.55_0fb38682-737x420.jpg 737w, https:\/\/proyeccionedomex.com.mx\/wp-content\/uploads\/2025\/11\/Imagen-de-WhatsApp-2025-11-28-a-las-11.03.55_0fb38682.jpg 1461w\" sizes=\"auto, (max-width: 1024px) 100vw, 1024px\" \/><\/figure>\n\n\n\n<figure class=\"wp-block-image size-large td-caption-align-https:\/\/proyeccionedomex.com.mx\/wp-content\/uploads\/2025\/11\/Imagen-de-WhatsApp-2025-11-28-a-las-11.03.55_5d65668b.jpg\"><img loading=\"lazy\" decoding=\"async\" width=\"1024\" height=\"591\" data-id=\"10012\" src=\"https:\/\/proyeccionedomex.com.mx\/wp-content\/uploads\/2025\/11\/Imagen-de-WhatsApp-2025-11-28-a-las-11.03.55_5d65668b-1024x591.jpg\" alt=\"\" class=\"wp-image-10012\" srcset=\"https:\/\/proyeccionedomex.com.mx\/wp-content\/uploads\/2025\/11\/Imagen-de-WhatsApp-2025-11-28-a-las-11.03.55_5d65668b-1024x591.jpg 1024w, https:\/\/proyeccionedomex.com.mx\/wp-content\/uploads\/2025\/11\/Imagen-de-WhatsApp-2025-11-28-a-las-11.03.55_5d65668b-300x173.jpg 300w, https:\/\/proyeccionedomex.com.mx\/wp-content\/uploads\/2025\/11\/Imagen-de-WhatsApp-2025-11-28-a-las-11.03.55_5d65668b-768x443.jpg 768w, https:\/\/proyeccionedomex.com.mx\/wp-content\/uploads\/2025\/11\/Imagen-de-WhatsApp-2025-11-28-a-las-11.03.55_5d65668b-696x402.jpg 696w, https:\/\/proyeccionedomex.com.mx\/wp-content\/uploads\/2025\/11\/Imagen-de-WhatsApp-2025-11-28-a-las-11.03.55_5d65668b-1068x617.jpg 1068w, https:\/\/proyeccionedomex.com.mx\/wp-content\/uploads\/2025\/11\/Imagen-de-WhatsApp-2025-11-28-a-las-11.03.55_5d65668b-727x420.jpg 727w, https:\/\/proyeccionedomex.com.mx\/wp-content\/uploads\/2025\/11\/Imagen-de-WhatsApp-2025-11-28-a-las-11.03.55_5d65668b.jpg 1519w\" sizes=\"auto, (max-width: 1024px) 100vw, 1024px\" \/><\/figure>\n<\/figure>\n\n\n\n<p>ZINACANTEPEC INAUGURA NUEVO PARQUE LINEAL EN SAN LUIS MEXTEPEC<\/p>\n\n\n\n<ul class=\"wp-block-list\">\n<li>Manuel Vilchis entrega obra de alumbrado y rehabilitaci\u00f3n urbana en la calle Antonio Pliego.<\/li>\n\n\n\n<li>El espacio modernizado beneficiar\u00e1 la convivencia familiar, el deporte y la seguridad comunitaria.<\/li>\n<\/ul>\n\n\n\n<p>Zinacantepec, EDOM\u00c9X.- El presidente municipal Manuel Vilchis Viveros encabez\u00f3 la entrega de un nuevo parque lineal y sistema de alumbrado p\u00fablico en la calle Antonio Pliego, ubicada en Privadas de la Hacienda, en la comunidad de San Luis Mextepec.<\/p>\n\n\n\n<p>Acompa\u00f1ado por integrantes del Cabildo y vecinas y vecinos de la zona, el alcalde destac\u00f3 que este tipo de obras fortalecen la imagen urbana y contribuyen a mejorar la calidad de vida.<br>\u201cEsta calle no solo cambia en su imagen \u2014hoy es m\u00e1s segura, iluminada, moderna y digna\u2014 sino que tambi\u00e9n se convierte en un espacio de convivencia, deporte y esparcimiento para ni\u00f1as, ni\u00f1os, j\u00f3venes y adultos\u201d, afirm\u00f3 Vilchis Viveros durante la entrega.<\/p>\n\n\n\n<p>UN ESPACIO PARA LA VIDA COMUNITARIA<\/p>\n\n\n\n<p>Con este nuevo parque lineal, Zinacantepec incrementa su red de \u00e1reas destinadas al esparcimiento familiar. El proyecto incluye iluminaci\u00f3n renovada, senderos peatonales y zonas dise\u00f1adas para favorecer actividades recreativas, especialmente para ni\u00f1as y ni\u00f1os.<\/p>\n\n\n\n<p>Las y los vecinos reconocieron la intervenci\u00f3n como una obra necesaria para mejorar la seguridad y habilitar espacios p\u00fablicos funcionales, reforzando el tejido social de San Luis Mextepec.<\/p>\n\n\n\n<p>La administraci\u00f3n municipal reiter\u00f3 que continuar\u00e1 impulsando acciones de infraestructura que prioricen la convivencia, la movilidad segura y la recuperaci\u00f3n de espacios para&nbsp;la&nbsp;comunidad.<\/p>\n","protected":false},"excerpt":{"rendered":"<p>ZINACANTEPEC INAUGURA NUEVO PARQUE LINEAL EN SAN LUIS MEXTEPEC Zinacantepec, EDOM\u00c9X.- El presidente municipal Manuel Vilchis Viveros encabez\u00f3 la entrega de un nuevo parque lineal y sistema de alumbrado p\u00fablico en la calle Antonio Pliego, ubicada en Privadas de la Hacienda, en la comunidad de San Luis Mextepec. Acompa\u00f1ado por integrantes del Cabildo y vecinas [&hellip;]<\/p>\n","protected":false},"author":1,"featured_media":10012,"comment_status":"open","ping_status":"closed","sticky":false,"template":"","format":"standard","meta":{"footnotes":""},"categories":[1],"tags":[],"class_list":{"0":"post-10008","1":"post","2":"type-post","3":"status-publish","4":"format-standard","5":"has-post-thumbnail","7":"category-politica"},"yoast_head":"<!-- This site is optimized with the Yoast SEO plugin v27.5 - https:\/\/yoast.com\/product\/yoast-seo-wordpress\/ -->\n<title>ZINACANTEPEC INAUGURA NUEVO PARQUE LINEAL EN SAN LUIS MEXTEPEC - Proyecci\u00f3n Estado de M\u00e9xico<\/title>\n<meta name=\"robots\" content=\"index, follow, max-snippet:-1, max-image-preview:large, max-video-preview:-1\" \/>\n<link rel=\"canonical\" href=\"https:\/\/proyeccionedomex.com.mx\/?p=10008\" \/>\n<meta property=\"og:locale\" content=\"es_ES\" \/>\n<meta property=\"og:type\" content=\"article\" \/>\n<meta property=\"og:title\" content=\"ZINACANTEPEC INAUGURA NUEVO PARQUE LINEAL EN SAN LUIS MEXTEPEC - Proyecci\u00f3n Estado de M\u00e9xico\" \/>\n<meta property=\"og:description\" content=\"ZINACANTEPEC INAUGURA NUEVO PARQUE LINEAL EN SAN LUIS MEXTEPEC Zinacantepec, EDOM\u00c9X.- El presidente municipal Manuel Vilchis Viveros encabez\u00f3 la entrega de un nuevo parque lineal y sistema de alumbrado p\u00fablico en la calle Antonio Pliego, ubicada en Privadas de la Hacienda, en la comunidad de San Luis Mextepec. Acompa\u00f1ado por integrantes del Cabildo y vecinas [&hellip;]\" \/>\n<meta property=\"og:url\" content=\"https:\/\/proyeccionedomex.com.mx\/?p=10008\" \/>\n<meta property=\"og:site_name\" content=\"Proyecci\u00f3n Estado de M\u00e9xico\" \/>\n<meta property=\"article:publisher\" content=\"https:\/\/www.facebook.com\/PortaldeNoticiasProyeccionEdomex\" \/>\n<meta property=\"article:published_time\" content=\"2025-11-28T17:35:14+00:00\" \/>\n<meta property=\"article:modified_time\" content=\"2025-11-28T17:35:21+00:00\" \/>\n<meta property=\"og:image\" content=\"https:\/\/proyeccionedomex.com.mx\/wp-content\/uploads\/2025\/11\/Imagen-de-WhatsApp-2025-11-28-a-las-11.03.55_5d65668b.jpg\" \/>\n\t<meta property=\"og:image:width\" content=\"1519\" \/>\n\t<meta property=\"og:image:height\" content=\"877\" \/>\n\t<meta property=\"og:image:type\" content=\"image\/jpeg\" \/>\n<meta name=\"author\" content=\"Redacci\u00f3n Proyecci\u00f3n EDOM\u00c9X\" \/>\n<meta name=\"twitter:card\" content=\"summary_large_image\" \/>\n<meta name=\"twitter:label1\" content=\"Escrito por\" \/>\n\t<meta name=\"twitter:data1\" content=\"Redacci\u00f3n Proyecci\u00f3n EDOM\u00c9X\" \/>\n\t<meta name=\"twitter:label2\" content=\"Tiempo de lectura\" \/>\n\t<meta name=\"twitter:data2\" content=\"2 minutos\" \/>\n<script type=\"application\/ld+json\" class=\"yoast-schema-graph\">{\"@context\":\"https:\\\/\\\/schema.org\",\"@graph\":[{\"@type\":\"Article\",\"@id\":\"https:\\\/\\\/proyeccionedomex.com.mx\\\/?p=10008#article\",\"isPartOf\":{\"@id\":\"https:\\\/\\\/proyeccionedomex.com.mx\\\/?p=10008\"},\"author\":{\"name\":\"Redacci\u00f3n Proyecci\u00f3n EDOM\u00c9X\",\"@id\":\"https:\\\/\\\/proyeccionedomex.com.mx\\\/#\\\/schema\\\/person\\\/2e66b5427bffed972a69e6b66b4e3a76\"},\"headline\":\"ZINACANTEPEC INAUGURA NUEVO PARQUE LINEAL EN SAN LUIS MEXTEPEC\",\"datePublished\":\"2025-11-28T17:35:14+00:00\",\"dateModified\":\"2025-11-28T17:35:21+00:00\",\"mainEntityOfPage\":{\"@id\":\"https:\\\/\\\/proyeccionedomex.com.mx\\\/?p=10008\"},\"wordCount\":270,\"commentCount\":0,\"publisher\":{\"@id\":\"https:\\\/\\\/proyeccionedomex.com.mx\\\/#organization\"},\"image\":{\"@id\":\"https:\\\/\\\/proyeccionedomex.com.mx\\\/?p=10008#primaryimage\"},\"thumbnailUrl\":\"https:\\\/\\\/proyeccionedomex.com.mx\\\/wp-content\\\/uploads\\\/2025\\\/11\\\/Imagen-de-WhatsApp-2025-11-28-a-las-11.03.55_5d65668b.jpg\",\"articleSection\":[\"Politica\"],\"inLanguage\":\"es\",\"potentialAction\":[{\"@type\":\"CommentAction\",\"name\":\"Comment\",\"target\":[\"https:\\\/\\\/proyeccionedomex.com.mx\\\/?p=10008#respond\"]}]},{\"@type\":\"WebPage\",\"@id\":\"https:\\\/\\\/proyeccionedomex.com.mx\\\/?p=10008\",\"url\":\"https:\\\/\\\/proyeccionedomex.com.mx\\\/?p=10008\",\"name\":\"ZINACANTEPEC INAUGURA NUEVO PARQUE LINEAL EN SAN LUIS MEXTEPEC - Proyecci\u00f3n Estado de M\u00e9xico\",\"isPartOf\":{\"@id\":\"https:\\\/\\\/proyeccionedomex.com.mx\\\/#website\"},\"primaryImageOfPage\":{\"@id\":\"https:\\\/\\\/proyeccionedomex.com.mx\\\/?p=10008#primaryimage\"},\"image\":{\"@id\":\"https:\\\/\\\/proyeccionedomex.com.mx\\\/?p=10008#primaryimage\"},\"thumbnailUrl\":\"https:\\\/\\\/proyeccionedomex.com.mx\\\/wp-content\\\/uploads\\\/2025\\\/11\\\/Imagen-de-WhatsApp-2025-11-28-a-las-11.03.55_5d65668b.jpg\",\"datePublished\":\"2025-11-28T17:35:14+00:00\",\"dateModified\":\"2025-11-28T17:35:21+00:00\",\"breadcrumb\":{\"@id\":\"https:\\\/\\\/proyeccionedomex.com.mx\\\/?p=10008#breadcrumb\"},\"inLanguage\":\"es\",\"potentialAction\":[{\"@type\":\"ReadAction\",\"target\":[\"https:\\\/\\\/proyeccionedomex.com.mx\\\/?p=10008\"]}]},{\"@type\":\"ImageObject\",\"inLanguage\":\"es\",\"@id\":\"https:\\\/\\\/proyeccionedomex.com.mx\\\/?p=10008#primaryimage\",\"url\":\"https:\\\/\\\/proyeccionedomex.com.mx\\\/wp-content\\\/uploads\\\/2025\\\/11\\\/Imagen-de-WhatsApp-2025-11-28-a-las-11.03.55_5d65668b.jpg\",\"contentUrl\":\"https:\\\/\\\/proyeccionedomex.com.mx\\\/wp-content\\\/uploads\\\/2025\\\/11\\\/Imagen-de-WhatsApp-2025-11-28-a-las-11.03.55_5d65668b.jpg\",\"width\":1519,\"height\":877},{\"@type\":\"BreadcrumbList\",\"@id\":\"https:\\\/\\\/proyeccionedomex.com.mx\\\/?p=10008#breadcrumb\",\"itemListElement\":[{\"@type\":\"ListItem\",\"position\":1,\"name\":\"Portada\",\"item\":\"https:\\\/\\\/proyeccionedomex.com.mx\\\/\"},{\"@type\":\"ListItem\",\"position\":2,\"name\":\"ZINACANTEPEC INAUGURA NUEVO PARQUE LINEAL EN SAN LUIS MEXTEPEC\"}]},{\"@type\":\"WebSite\",\"@id\":\"https:\\\/\\\/proyeccionedomex.com.mx\\\/#website\",\"url\":\"https:\\\/\\\/proyeccionedomex.com.mx\\\/\",\"name\":\"Proyecci\u00f3n Estado de M\u00e9xico\",\"description\":\"Proyecci\u00f3n Edo. Mex.\",\"publisher\":{\"@id\":\"https:\\\/\\\/proyeccionedomex.com.mx\\\/#organization\"},\"potentialAction\":[{\"@type\":\"SearchAction\",\"target\":{\"@type\":\"EntryPoint\",\"urlTemplate\":\"https:\\\/\\\/proyeccionedomex.com.mx\\\/?s={search_term_string}\"},\"query-input\":{\"@type\":\"PropertyValueSpecification\",\"valueRequired\":true,\"valueName\":\"search_term_string\"}}],\"inLanguage\":\"es\"},{\"@type\":\"Organization\",\"@id\":\"https:\\\/\\\/proyeccionedomex.com.mx\\\/#organization\",\"name\":\"Proyecci\u00f3n Estado de M\u00e9xico\",\"url\":\"https:\\\/\\\/proyeccionedomex.com.mx\\\/\",\"logo\":{\"@type\":\"ImageObject\",\"inLanguage\":\"es\",\"@id\":\"https:\\\/\\\/proyeccionedomex.com.mx\\\/#\\\/schema\\\/logo\\\/image\\\/\",\"url\":\"https:\\\/\\\/proyeccionedomex.com.mx\\\/wp-content\\\/uploads\\\/2024\\\/03\\\/proyeccion.jpg\",\"contentUrl\":\"https:\\\/\\\/proyeccionedomex.com.mx\\\/wp-content\\\/uploads\\\/2024\\\/03\\\/proyeccion.jpg\",\"width\":1143,\"height\":801,\"caption\":\"Proyecci\u00f3n Estado de M\u00e9xico\"},\"image\":{\"@id\":\"https:\\\/\\\/proyeccionedomex.com.mx\\\/#\\\/schema\\\/logo\\\/image\\\/\"},\"sameAs\":[\"https:\\\/\\\/www.facebook.com\\\/PortaldeNoticiasProyeccionEdomex\"]},{\"@type\":\"Person\",\"@id\":\"https:\\\/\\\/proyeccionedomex.com.mx\\\/#\\\/schema\\\/person\\\/2e66b5427bffed972a69e6b66b4e3a76\",\"name\":\"Redacci\u00f3n Proyecci\u00f3n EDOM\u00c9X\",\"image\":{\"@type\":\"ImageObject\",\"inLanguage\":\"es\",\"@id\":\"https:\\\/\\\/secure.gravatar.com\\\/avatar\\\/f43a2254d614198c44c96f86f1f078a06cac3d39a3250e9245aa331797519cab?s=96&d=mm&r=g\",\"url\":\"https:\\\/\\\/secure.gravatar.com\\\/avatar\\\/f43a2254d614198c44c96f86f1f078a06cac3d39a3250e9245aa331797519cab?s=96&d=mm&r=g\",\"contentUrl\":\"https:\\\/\\\/secure.gravatar.com\\\/avatar\\\/f43a2254d614198c44c96f86f1f078a06cac3d39a3250e9245aa331797519cab?s=96&d=mm&r=g\",\"caption\":\"Redacci\u00f3n Proyecci\u00f3n EDOM\u00c9X\"},\"sameAs\":[\"https:\\\/\\\/proyeccionedomex.com.mx\"],\"url\":\"https:\\\/\\\/proyeccionedomex.com.mx\\\/?author=1\"}]}<\/script>\n<!-- \/ Yoast SEO plugin. -->","yoast_head_json":{"title":"ZINACANTEPEC INAUGURA NUEVO PARQUE LINEAL EN SAN LUIS MEXTEPEC - Proyecci\u00f3n Estado de M\u00e9xico","robots":{"index":"index","follow":"follow","max-snippet":"max-snippet:-1","max-image-preview":"max-image-preview:large","max-video-preview":"max-video-preview:-1"},"canonical":"https:\/\/proyeccionedomex.com.mx\/?p=10008","og_locale":"es_ES","og_type":"article","og_title":"ZINACANTEPEC INAUGURA NUEVO PARQUE LINEAL EN SAN LUIS MEXTEPEC - Proyecci\u00f3n Estado de M\u00e9xico","og_description":"ZINACANTEPEC INAUGURA NUEVO PARQUE LINEAL EN SAN LUIS MEXTEPEC Zinacantepec, EDOM\u00c9X.- El presidente municipal Manuel Vilchis Viveros encabez\u00f3 la entrega de un nuevo parque lineal y sistema de alumbrado p\u00fablico en la calle Antonio Pliego, ubicada en Privadas de la Hacienda, en la comunidad de San Luis Mextepec. Acompa\u00f1ado por integrantes del Cabildo y vecinas [&hellip;]","og_url":"https:\/\/proyeccionedomex.com.mx\/?p=10008","og_site_name":"Proyecci\u00f3n Estado de M\u00e9xico","article_publisher":"https:\/\/www.facebook.com\/PortaldeNoticiasProyeccionEdomex","article_published_time":"2025-11-28T17:35:14+00:00","article_modified_time":"2025-11-28T17:35:21+00:00","og_image":[{"width":1519,"height":877,"url":"https:\/\/proyeccionedomex.com.mx\/wp-content\/uploads\/2025\/11\/Imagen-de-WhatsApp-2025-11-28-a-las-11.03.55_5d65668b.jpg","type":"image\/jpeg"}],"author":"Redacci\u00f3n Proyecci\u00f3n EDOM\u00c9X","twitter_card":"summary_large_image","twitter_misc":{"Escrito por":"Redacci\u00f3n Proyecci\u00f3n EDOM\u00c9X","Tiempo de lectura":"2 minutos"},"schema":{"@context":"https:\/\/schema.org","@graph":[{"@type":"Article","@id":"https:\/\/proyeccionedomex.com.mx\/?p=10008#article","isPartOf":{"@id":"https:\/\/proyeccionedomex.com.mx\/?p=10008"},"author":{"name":"Redacci\u00f3n Proyecci\u00f3n EDOM\u00c9X","@id":"https:\/\/proyeccionedomex.com.mx\/#\/schema\/person\/2e66b5427bffed972a69e6b66b4e3a76"},"headline":"ZINACANTEPEC INAUGURA NUEVO PARQUE LINEAL EN SAN LUIS MEXTEPEC","datePublished":"2025-11-28T17:35:14+00:00","dateModified":"2025-11-28T17:35:21+00:00","mainEntityOfPage":{"@id":"https:\/\/proyeccionedomex.com.mx\/?p=10008"},"wordCount":270,"commentCount":0,"publisher":{"@id":"https:\/\/proyeccionedomex.com.mx\/#organization"},"image":{"@id":"https:\/\/proyeccionedomex.com.mx\/?p=10008#primaryimage"},"thumbnailUrl":"https:\/\/proyeccionedomex.com.mx\/wp-content\/uploads\/2025\/11\/Imagen-de-WhatsApp-2025-11-28-a-las-11.03.55_5d65668b.jpg","articleSection":["Politica"],"inLanguage":"es","potentialAction":[{"@type":"CommentAction","name":"Comment","target":["https:\/\/proyeccionedomex.com.mx\/?p=10008#respond"]}]},{"@type":"WebPage","@id":"https:\/\/proyeccionedomex.com.mx\/?p=10008","url":"https:\/\/proyeccionedomex.com.mx\/?p=10008","name":"ZINACANTEPEC INAUGURA NUEVO PARQUE LINEAL EN SAN LUIS MEXTEPEC - Proyecci\u00f3n Estado de M\u00e9xico","isPartOf":{"@id":"https:\/\/proyeccionedomex.com.mx\/#website"},"primaryImageOfPage":{"@id":"https:\/\/proyeccionedomex.com.mx\/?p=10008#primaryimage"},"image":{"@id":"https:\/\/proyeccionedomex.com.mx\/?p=10008#primaryimage"},"thumbnailUrl":"https:\/\/proyeccionedomex.com.mx\/wp-content\/uploads\/2025\/11\/Imagen-de-WhatsApp-2025-11-28-a-las-11.03.55_5d65668b.jpg","datePublished":"2025-11-28T17:35:14+00:00","dateModified":"2025-11-28T17:35:21+00:00","breadcrumb":{"@id":"https:\/\/proyeccionedomex.com.mx\/?p=10008#breadcrumb"},"inLanguage":"es","potentialAction":[{"@type":"ReadAction","target":["https:\/\/proyeccionedomex.com.mx\/?p=10008"]}]},{"@type":"ImageObject","inLanguage":"es","@id":"https:\/\/proyeccionedomex.com.mx\/?p=10008#primaryimage","url":"https:\/\/proyeccionedomex.com.mx\/wp-content\/uploads\/2025\/11\/Imagen-de-WhatsApp-2025-11-28-a-las-11.03.55_5d65668b.jpg","contentUrl":"https:\/\/proyeccionedomex.com.mx\/wp-content\/uploads\/2025\/11\/Imagen-de-WhatsApp-2025-11-28-a-las-11.03.55_5d65668b.jpg","width":1519,"height":877},{"@type":"BreadcrumbList","@id":"https:\/\/proyeccionedomex.com.mx\/?p=10008#breadcrumb","itemListElement":[{"@type":"ListItem","position":1,"name":"Portada","item":"https:\/\/proyeccionedomex.com.mx\/"},{"@type":"ListItem","position":2,"name":"ZINACANTEPEC INAUGURA NUEVO PARQUE LINEAL EN SAN LUIS MEXTEPEC"}]},{"@type":"WebSite","@id":"https:\/\/proyeccionedomex.com.mx\/#website","url":"https:\/\/proyeccionedomex.com.mx\/","name":"Proyecci\u00f3n Estado de M\u00e9xico","description":"Proyecci\u00f3n Edo. Mex.","publisher":{"@id":"https:\/\/proyeccionedomex.com.mx\/#organization"},"potentialAction":[{"@type":"SearchAction","target":{"@type":"EntryPoint","urlTemplate":"https:\/\/proyeccionedomex.com.mx\/?s={search_term_string}"},"query-input":{"@type":"PropertyValueSpecification","valueRequired":true,"valueName":"search_term_string"}}],"inLanguage":"es"},{"@type":"Organization","@id":"https:\/\/proyeccionedomex.com.mx\/#organization","name":"Proyecci\u00f3n Estado de M\u00e9xico","url":"https:\/\/proyeccionedomex.com.mx\/","logo":{"@type":"ImageObject","inLanguage":"es","@id":"https:\/\/proyeccionedomex.com.mx\/#\/schema\/logo\/image\/","url":"https:\/\/proyeccionedomex.com.mx\/wp-content\/uploads\/2024\/03\/proyeccion.jpg","contentUrl":"https:\/\/proyeccionedomex.com.mx\/wp-content\/uploads\/2024\/03\/proyeccion.jpg","width":1143,"height":801,"caption":"Proyecci\u00f3n Estado de M\u00e9xico"},"image":{"@id":"https:\/\/proyeccionedomex.com.mx\/#\/schema\/logo\/image\/"},"sameAs":["https:\/\/www.facebook.com\/PortaldeNoticiasProyeccionEdomex"]},{"@type":"Person","@id":"https:\/\/proyeccionedomex.com.mx\/#\/schema\/person\/2e66b5427bffed972a69e6b66b4e3a76","name":"Redacci\u00f3n Proyecci\u00f3n EDOM\u00c9X","image":{"@type":"ImageObject","inLanguage":"es","@id":"https:\/\/secure.gravatar.com\/avatar\/f43a2254d614198c44c96f86f1f078a06cac3d39a3250e9245aa331797519cab?s=96&d=mm&r=g","url":"https:\/\/secure.gravatar.com\/avatar\/f43a2254d614198c44c96f86f1f078a06cac3d39a3250e9245aa331797519cab?s=96&d=mm&r=g","contentUrl":"https:\/\/secure.gravatar.com\/avatar\/f43a2254d614198c44c96f86f1f078a06cac3d39a3250e9245aa331797519cab?s=96&d=mm&r=g","caption":"Redacci\u00f3n Proyecci\u00f3n EDOM\u00c9X"},"sameAs":["https:\/\/proyeccionedomex.com.mx"],"url":"https:\/\/proyeccionedomex.com.mx\/?author=1"}]}},"_links":{"self":[{"href":"https:\/\/proyeccionedomex.com.mx\/index.php?rest_route=\/wp\/v2\/posts\/10008","targetHints":{"allow":["GET"]}}],"collection":[{"href":"https:\/\/proyeccionedomex.com.mx\/index.php?rest_route=\/wp\/v2\/posts"}],"about":[{"href":"https:\/\/proyeccionedomex.com.mx\/index.php?rest_route=\/wp\/v2\/types\/post"}],"author":[{"embeddable":true,"href":"https:\/\/proyeccionedomex.com.mx\/index.php?rest_route=\/wp\/v2\/users\/1"}],"replies":[{"embeddable":true,"href":"https:\/\/proyeccionedomex.com.mx\/index.php?rest_route=%2Fwp%2Fv2%2Fcomments&post=10008"}],"version-history":[{"count":1,"href":"https:\/\/proyeccionedomex.com.mx\/index.php?rest_route=\/wp\/v2\/posts\/10008\/revisions"}],"predecessor-version":[{"id":10013,"href":"https:\/\/proyeccionedomex.com.mx\/index.php?rest_route=\/wp\/v2\/posts\/10008\/revisions\/10013"}],"wp:featuredmedia":[{"embeddable":true,"href":"https:\/\/proyeccionedomex.com.mx\/index.php?rest_route=\/wp\/v2\/media\/10012"}],"wp:attachment":[{"href":"https:\/\/proyeccionedomex.com.mx\/index.php?rest_route=%2Fwp%2Fv2%2Fmedia&parent=10008"}],"wp:term":[{"taxonomy":"category","embeddable":true,"href":"https:\/\/proyeccionedomex.com.mx\/index.php?rest_route=%2Fwp%2Fv2%2Fcategories&post=10008"},{"taxonomy":"post_tag","embeddable":true,"href":"https:\/\/proyeccionedomex.com.mx\/index.php?rest_route=%2Fwp%2Fv2%2Ftags&post=10008"}],"curies":[{"name":"wp","href":"https:\/\/api.w.org\/{rel}","templated":true}]}}