{"id":10344,"date":"2025-12-15T15:38:50","date_gmt":"2025-12-15T15:38:50","guid":{"rendered":"https:\/\/proyeccionedomex.com.mx\/?p=10344"},"modified":"2025-12-15T15:38:55","modified_gmt":"2025-12-15T15:38:55","slug":"libertad-de-expresion-105","status":"publish","type":"post","link":"https:\/\/proyeccionedomex.com.mx\/?p=10344","title":{"rendered":"LIBERTAD DE EXPRESI\u00d3N"},"content":{"rendered":"\n<p>LIBERTAD DE EXPRESI\u00d3N<br>SECTOR EMPRESARIAL APLAUDEN LA SALIDA DE FRANCISCO CERVANTES DEL CCE<br>CHARLY CARRETO<br>Sector empresarial ve con buenos ojos la salida de Francisco Cervantes del Consejo Coordinador Empresarial.<br>Jos\u00e9 Medina Mora Icaza tiene otra visi\u00f3n y podr\u00e1 apoyar m\u00e1s a las Pymes y no ser un presidente empresarial muy apegado al gobierno federal.<br>Se menciona que dentro de sus prioridades es un empresario que continuar\u00e1 impulsando inversi\u00f3n competitividad y crecimiento, as\u00ed como apoyar la atracci\u00f3n de la inversi\u00f3n en M\u00e9xico.<br>Otro de los puntos que se han mencionado es que Francisco Cervantes se olvid\u00f3 del sector empresarial y doblo las manos ante el gobierno federal, por ello el sector empresarial mexiquense ve con buenos ojos la llegada del Ingeniero Civil Jos\u00e9 Medina Mora Icaza.<br>Ojal\u00e1 que la llegada del ex presidente nacional de COPARMEX al Consejo Coordinador Empresarial sea de beneficio no solo para las unidades econ\u00f3micas del Estado de M\u00e9xico si o tambi\u00e9n para el resto del pa\u00eds.<br>DE SALIDA: el pasado mi\u00e9rcoles 10 de diciembre los Diputados locales mexiquenses aprobaron el Paquete Fiscal para el ejercicio 2026.<br>El presupuesto es de 410 mil 341 millones 615 mil 262 pesos, esto representa un incremento del 5.6 por ciento con respecto al Paquete Fiscal de 2025.<br>Asignaciones relevantes contempla 130 mil 920 millones 195 mil 524 pesos para pol\u00edticas orientadas a ni\u00f1as, ni\u00f1os y adolescentes, mientras que para seguridad p\u00fablica se estableci\u00f3 un presupuesto de 21 mil 272 millones 295 mil 227 pesos, los organismos aut\u00f3nomos ejercer\u00e1n 14 mil 595 millones 289 mil 428 pesos, el Poder Judicial operar\u00e1 con 6 mil 331 millones 216 mil 477 pesos y el Poder Legislativo con 2 mil 346 millones 597 mil 978 pesos.<br>PARA CERRAR: Inspectores de la Direcci\u00f3n de Gobernaci\u00f3n en Metepec, parecieran los peores enemigos de su jefe Fernando Flores Fern\u00e1ndez.<br>Estos se\u00f1ores bajo el mando de un se\u00f1or llamado Jorge Arenas, se dedican, no ha supervisar y visitar comercios, sino a extorsionarlos, tal parece que la pol\u00edtica de Jorge Arenas Director de Gobernaci\u00f3n Municipal en Metepec es darle al traste a las unidades econ\u00f3micas.<br>Mientras el Alcalde metepequense de manera constante en sus discursos se\u00f1ala el apoyo total para la gente hhy el comercio, la realidad es que sus subalternos no cumplen con lo que ha vendido manejando Flores Fern\u00e1ndez.<br>Esas actitudes de los inspectores de gobernaci\u00f3n lo \u00fanico que ha en esa hacer quedar mal a su jefe Fernando Flores Fern\u00e1ndez.<br>Alguien lo ten\u00eda&nbsp;que&nbsp;decir!!!<\/p>\n","protected":false},"excerpt":{"rendered":"<p>LIBERTAD DE EXPRESI\u00d3NSECTOR EMPRESARIAL APLAUDEN LA SALIDA DE FRANCISCO CERVANTES DEL CCECHARLY CARRETOSector empresarial ve con buenos ojos la salida de Francisco Cervantes del Consejo Coordinador Empresarial.Jos\u00e9 Medina Mora Icaza tiene otra visi\u00f3n y podr\u00e1 apoyar m\u00e1s a las Pymes y no ser un presidente empresarial muy apegado al gobierno federal.Se menciona que dentro de [&hellip;]<\/p>\n","protected":false},"author":1,"featured_media":1530,"comment_status":"open","ping_status":"closed","sticky":false,"template":"","format":"standard","meta":{"footnotes":""},"categories":[137],"tags":[],"class_list":{"0":"post-10344","1":"post","2":"type-post","3":"status-publish","4":"format-standard","5":"has-post-thumbnail","7":"category-libexp"},"yoast_head":"<!-- This site is optimized with the Yoast SEO plugin v27.5 - https:\/\/yoast.com\/product\/yoast-seo-wordpress\/ -->\n<title>LIBERTAD DE EXPRESI\u00d3N - Proyecci\u00f3n Estado de M\u00e9xico<\/title>\n<meta name=\"robots\" content=\"index, follow, max-snippet:-1, max-image-preview:large, max-video-preview:-1\" \/>\n<link rel=\"canonical\" href=\"https:\/\/proyeccionedomex.com.mx\/?p=10344\" \/>\n<meta property=\"og:locale\" content=\"es_ES\" \/>\n<meta property=\"og:type\" content=\"article\" \/>\n<meta property=\"og:title\" content=\"LIBERTAD DE EXPRESI\u00d3N - Proyecci\u00f3n Estado de M\u00e9xico\" \/>\n<meta property=\"og:description\" content=\"LIBERTAD DE EXPRESI\u00d3NSECTOR EMPRESARIAL APLAUDEN LA SALIDA DE FRANCISCO CERVANTES DEL CCECHARLY CARRETOSector empresarial ve con buenos ojos la salida de Francisco Cervantes del Consejo Coordinador Empresarial.Jos\u00e9 Medina Mora Icaza tiene otra visi\u00f3n y podr\u00e1 apoyar m\u00e1s a las Pymes y no ser un presidente empresarial muy apegado al gobierno federal.Se menciona que dentro de [&hellip;]\" \/>\n<meta property=\"og:url\" content=\"https:\/\/proyeccionedomex.com.mx\/?p=10344\" \/>\n<meta property=\"og:site_name\" content=\"Proyecci\u00f3n Estado de M\u00e9xico\" \/>\n<meta property=\"article:publisher\" content=\"https:\/\/www.facebook.com\/PortaldeNoticiasProyeccionEdomex\" \/>\n<meta property=\"article:published_time\" content=\"2025-12-15T15:38:50+00:00\" \/>\n<meta property=\"article:modified_time\" content=\"2025-12-15T15:38:55+00:00\" \/>\n<meta property=\"og:image\" content=\"https:\/\/proyeccionedomex.com.mx\/wp-content\/uploads\/2024\/04\/Imagen-de-WhatsApp-2024-04-22-a-las-07.21.07_88b8e660.jpg\" \/>\n\t<meta property=\"og:image:width\" content=\"1228\" \/>\n\t<meta property=\"og:image:height\" content=\"1237\" \/>\n\t<meta property=\"og:image:type\" content=\"image\/jpeg\" \/>\n<meta name=\"author\" content=\"Redacci\u00f3n Proyecci\u00f3n EDOM\u00c9X\" \/>\n<meta name=\"twitter:card\" content=\"summary_large_image\" \/>\n<meta name=\"twitter:label1\" content=\"Escrito por\" \/>\n\t<meta name=\"twitter:data1\" content=\"Redacci\u00f3n Proyecci\u00f3n EDOM\u00c9X\" \/>\n\t<meta name=\"twitter:label2\" content=\"Tiempo de lectura\" \/>\n\t<meta name=\"twitter:data2\" content=\"3 minutos\" \/>\n<script type=\"application\/ld+json\" class=\"yoast-schema-graph\">{\"@context\":\"https:\\\/\\\/schema.org\",\"@graph\":[{\"@type\":\"Article\",\"@id\":\"https:\\\/\\\/proyeccionedomex.com.mx\\\/?p=10344#article\",\"isPartOf\":{\"@id\":\"https:\\\/\\\/proyeccionedomex.com.mx\\\/?p=10344\"},\"author\":{\"name\":\"Redacci\u00f3n Proyecci\u00f3n EDOM\u00c9X\",\"@id\":\"https:\\\/\\\/proyeccionedomex.com.mx\\\/#\\\/schema\\\/person\\\/2e66b5427bffed972a69e6b66b4e3a76\"},\"headline\":\"LIBERTAD DE EXPRESI\u00d3N\",\"datePublished\":\"2025-12-15T15:38:50+00:00\",\"dateModified\":\"2025-12-15T15:38:55+00:00\",\"mainEntityOfPage\":{\"@id\":\"https:\\\/\\\/proyeccionedomex.com.mx\\\/?p=10344\"},\"wordCount\":416,\"commentCount\":0,\"publisher\":{\"@id\":\"https:\\\/\\\/proyeccionedomex.com.mx\\\/#organization\"},\"image\":{\"@id\":\"https:\\\/\\\/proyeccionedomex.com.mx\\\/?p=10344#primaryimage\"},\"thumbnailUrl\":\"https:\\\/\\\/proyeccionedomex.com.mx\\\/wp-content\\\/uploads\\\/2024\\\/04\\\/Imagen-de-WhatsApp-2024-04-22-a-las-07.21.07_88b8e660.jpg\",\"articleSection\":[\"Libertad de Expresi\u00f3n\"],\"inLanguage\":\"es\",\"potentialAction\":[{\"@type\":\"CommentAction\",\"name\":\"Comment\",\"target\":[\"https:\\\/\\\/proyeccionedomex.com.mx\\\/?p=10344#respond\"]}]},{\"@type\":\"WebPage\",\"@id\":\"https:\\\/\\\/proyeccionedomex.com.mx\\\/?p=10344\",\"url\":\"https:\\\/\\\/proyeccionedomex.com.mx\\\/?p=10344\",\"name\":\"LIBERTAD DE EXPRESI\u00d3N - Proyecci\u00f3n Estado de M\u00e9xico\",\"isPartOf\":{\"@id\":\"https:\\\/\\\/proyeccionedomex.com.mx\\\/#website\"},\"primaryImageOfPage\":{\"@id\":\"https:\\\/\\\/proyeccionedomex.com.mx\\\/?p=10344#primaryimage\"},\"image\":{\"@id\":\"https:\\\/\\\/proyeccionedomex.com.mx\\\/?p=10344#primaryimage\"},\"thumbnailUrl\":\"https:\\\/\\\/proyeccionedomex.com.mx\\\/wp-content\\\/uploads\\\/2024\\\/04\\\/Imagen-de-WhatsApp-2024-04-22-a-las-07.21.07_88b8e660.jpg\",\"datePublished\":\"2025-12-15T15:38:50+00:00\",\"dateModified\":\"2025-12-15T15:38:55+00:00\",\"breadcrumb\":{\"@id\":\"https:\\\/\\\/proyeccionedomex.com.mx\\\/?p=10344#breadcrumb\"},\"inLanguage\":\"es\",\"potentialAction\":[{\"@type\":\"ReadAction\",\"target\":[\"https:\\\/\\\/proyeccionedomex.com.mx\\\/?p=10344\"]}]},{\"@type\":\"ImageObject\",\"inLanguage\":\"es\",\"@id\":\"https:\\\/\\\/proyeccionedomex.com.mx\\\/?p=10344#primaryimage\",\"url\":\"https:\\\/\\\/proyeccionedomex.com.mx\\\/wp-content\\\/uploads\\\/2024\\\/04\\\/Imagen-de-WhatsApp-2024-04-22-a-las-07.21.07_88b8e660.jpg\",\"contentUrl\":\"https:\\\/\\\/proyeccionedomex.com.mx\\\/wp-content\\\/uploads\\\/2024\\\/04\\\/Imagen-de-WhatsApp-2024-04-22-a-las-07.21.07_88b8e660.jpg\",\"width\":1228,\"height\":1237},{\"@type\":\"BreadcrumbList\",\"@id\":\"https:\\\/\\\/proyeccionedomex.com.mx\\\/?p=10344#breadcrumb\",\"itemListElement\":[{\"@type\":\"ListItem\",\"position\":1,\"name\":\"Portada\",\"item\":\"https:\\\/\\\/proyeccionedomex.com.mx\\\/\"},{\"@type\":\"ListItem\",\"position\":2,\"name\":\"LIBERTAD DE EXPRESI\u00d3N\"}]},{\"@type\":\"WebSite\",\"@id\":\"https:\\\/\\\/proyeccionedomex.com.mx\\\/#website\",\"url\":\"https:\\\/\\\/proyeccionedomex.com.mx\\\/\",\"name\":\"Proyecci\u00f3n Estado de M\u00e9xico\",\"description\":\"Proyecci\u00f3n Edo. Mex.\",\"publisher\":{\"@id\":\"https:\\\/\\\/proyeccionedomex.com.mx\\\/#organization\"},\"potentialAction\":[{\"@type\":\"SearchAction\",\"target\":{\"@type\":\"EntryPoint\",\"urlTemplate\":\"https:\\\/\\\/proyeccionedomex.com.mx\\\/?s={search_term_string}\"},\"query-input\":{\"@type\":\"PropertyValueSpecification\",\"valueRequired\":true,\"valueName\":\"search_term_string\"}}],\"inLanguage\":\"es\"},{\"@type\":\"Organization\",\"@id\":\"https:\\\/\\\/proyeccionedomex.com.mx\\\/#organization\",\"name\":\"Proyecci\u00f3n Estado de M\u00e9xico\",\"url\":\"https:\\\/\\\/proyeccionedomex.com.mx\\\/\",\"logo\":{\"@type\":\"ImageObject\",\"inLanguage\":\"es\",\"@id\":\"https:\\\/\\\/proyeccionedomex.com.mx\\\/#\\\/schema\\\/logo\\\/image\\\/\",\"url\":\"https:\\\/\\\/proyeccionedomex.com.mx\\\/wp-content\\\/uploads\\\/2024\\\/03\\\/proyeccion.jpg\",\"contentUrl\":\"https:\\\/\\\/proyeccionedomex.com.mx\\\/wp-content\\\/uploads\\\/2024\\\/03\\\/proyeccion.jpg\",\"width\":1143,\"height\":801,\"caption\":\"Proyecci\u00f3n Estado de M\u00e9xico\"},\"image\":{\"@id\":\"https:\\\/\\\/proyeccionedomex.com.mx\\\/#\\\/schema\\\/logo\\\/image\\\/\"},\"sameAs\":[\"https:\\\/\\\/www.facebook.com\\\/PortaldeNoticiasProyeccionEdomex\"]},{\"@type\":\"Person\",\"@id\":\"https:\\\/\\\/proyeccionedomex.com.mx\\\/#\\\/schema\\\/person\\\/2e66b5427bffed972a69e6b66b4e3a76\",\"name\":\"Redacci\u00f3n Proyecci\u00f3n EDOM\u00c9X\",\"image\":{\"@type\":\"ImageObject\",\"inLanguage\":\"es\",\"@id\":\"https:\\\/\\\/secure.gravatar.com\\\/avatar\\\/f43a2254d614198c44c96f86f1f078a06cac3d39a3250e9245aa331797519cab?s=96&d=mm&r=g\",\"url\":\"https:\\\/\\\/secure.gravatar.com\\\/avatar\\\/f43a2254d614198c44c96f86f1f078a06cac3d39a3250e9245aa331797519cab?s=96&d=mm&r=g\",\"contentUrl\":\"https:\\\/\\\/secure.gravatar.com\\\/avatar\\\/f43a2254d614198c44c96f86f1f078a06cac3d39a3250e9245aa331797519cab?s=96&d=mm&r=g\",\"caption\":\"Redacci\u00f3n Proyecci\u00f3n EDOM\u00c9X\"},\"sameAs\":[\"https:\\\/\\\/proyeccionedomex.com.mx\"],\"url\":\"https:\\\/\\\/proyeccionedomex.com.mx\\\/?author=1\"}]}<\/script>\n<!-- \/ Yoast SEO plugin. -->","yoast_head_json":{"title":"LIBERTAD DE EXPRESI\u00d3N - Proyecci\u00f3n Estado de M\u00e9xico","robots":{"index":"index","follow":"follow","max-snippet":"max-snippet:-1","max-image-preview":"max-image-preview:large","max-video-preview":"max-video-preview:-1"},"canonical":"https:\/\/proyeccionedomex.com.mx\/?p=10344","og_locale":"es_ES","og_type":"article","og_title":"LIBERTAD DE EXPRESI\u00d3N - Proyecci\u00f3n Estado de M\u00e9xico","og_description":"LIBERTAD DE EXPRESI\u00d3NSECTOR EMPRESARIAL APLAUDEN LA SALIDA DE FRANCISCO CERVANTES DEL CCECHARLY CARRETOSector empresarial ve con buenos ojos la salida de Francisco Cervantes del Consejo Coordinador Empresarial.Jos\u00e9 Medina Mora Icaza tiene otra visi\u00f3n y podr\u00e1 apoyar m\u00e1s a las Pymes y no ser un presidente empresarial muy apegado al gobierno federal.Se menciona que dentro de [&hellip;]","og_url":"https:\/\/proyeccionedomex.com.mx\/?p=10344","og_site_name":"Proyecci\u00f3n Estado de M\u00e9xico","article_publisher":"https:\/\/www.facebook.com\/PortaldeNoticiasProyeccionEdomex","article_published_time":"2025-12-15T15:38:50+00:00","article_modified_time":"2025-12-15T15:38:55+00:00","og_image":[{"width":1228,"height":1237,"url":"https:\/\/proyeccionedomex.com.mx\/wp-content\/uploads\/2024\/04\/Imagen-de-WhatsApp-2024-04-22-a-las-07.21.07_88b8e660.jpg","type":"image\/jpeg"}],"author":"Redacci\u00f3n Proyecci\u00f3n EDOM\u00c9X","twitter_card":"summary_large_image","twitter_misc":{"Escrito por":"Redacci\u00f3n Proyecci\u00f3n EDOM\u00c9X","Tiempo de lectura":"3 minutos"},"schema":{"@context":"https:\/\/schema.org","@graph":[{"@type":"Article","@id":"https:\/\/proyeccionedomex.com.mx\/?p=10344#article","isPartOf":{"@id":"https:\/\/proyeccionedomex.com.mx\/?p=10344"},"author":{"name":"Redacci\u00f3n Proyecci\u00f3n EDOM\u00c9X","@id":"https:\/\/proyeccionedomex.com.mx\/#\/schema\/person\/2e66b5427bffed972a69e6b66b4e3a76"},"headline":"LIBERTAD DE EXPRESI\u00d3N","datePublished":"2025-12-15T15:38:50+00:00","dateModified":"2025-12-15T15:38:55+00:00","mainEntityOfPage":{"@id":"https:\/\/proyeccionedomex.com.mx\/?p=10344"},"wordCount":416,"commentCount":0,"publisher":{"@id":"https:\/\/proyeccionedomex.com.mx\/#organization"},"image":{"@id":"https:\/\/proyeccionedomex.com.mx\/?p=10344#primaryimage"},"thumbnailUrl":"https:\/\/proyeccionedomex.com.mx\/wp-content\/uploads\/2024\/04\/Imagen-de-WhatsApp-2024-04-22-a-las-07.21.07_88b8e660.jpg","articleSection":["Libertad de Expresi\u00f3n"],"inLanguage":"es","potentialAction":[{"@type":"CommentAction","name":"Comment","target":["https:\/\/proyeccionedomex.com.mx\/?p=10344#respond"]}]},{"@type":"WebPage","@id":"https:\/\/proyeccionedomex.com.mx\/?p=10344","url":"https:\/\/proyeccionedomex.com.mx\/?p=10344","name":"LIBERTAD DE EXPRESI\u00d3N - Proyecci\u00f3n Estado de M\u00e9xico","isPartOf":{"@id":"https:\/\/proyeccionedomex.com.mx\/#website"},"primaryImageOfPage":{"@id":"https:\/\/proyeccionedomex.com.mx\/?p=10344#primaryimage"},"image":{"@id":"https:\/\/proyeccionedomex.com.mx\/?p=10344#primaryimage"},"thumbnailUrl":"https:\/\/proyeccionedomex.com.mx\/wp-content\/uploads\/2024\/04\/Imagen-de-WhatsApp-2024-04-22-a-las-07.21.07_88b8e660.jpg","datePublished":"2025-12-15T15:38:50+00:00","dateModified":"2025-12-15T15:38:55+00:00","breadcrumb":{"@id":"https:\/\/proyeccionedomex.com.mx\/?p=10344#breadcrumb"},"inLanguage":"es","potentialAction":[{"@type":"ReadAction","target":["https:\/\/proyeccionedomex.com.mx\/?p=10344"]}]},{"@type":"ImageObject","inLanguage":"es","@id":"https:\/\/proyeccionedomex.com.mx\/?p=10344#primaryimage","url":"https:\/\/proyeccionedomex.com.mx\/wp-content\/uploads\/2024\/04\/Imagen-de-WhatsApp-2024-04-22-a-las-07.21.07_88b8e660.jpg","contentUrl":"https:\/\/proyeccionedomex.com.mx\/wp-content\/uploads\/2024\/04\/Imagen-de-WhatsApp-2024-04-22-a-las-07.21.07_88b8e660.jpg","width":1228,"height":1237},{"@type":"BreadcrumbList","@id":"https:\/\/proyeccionedomex.com.mx\/?p=10344#breadcrumb","itemListElement":[{"@type":"ListItem","position":1,"name":"Portada","item":"https:\/\/proyeccionedomex.com.mx\/"},{"@type":"ListItem","position":2,"name":"LIBERTAD DE EXPRESI\u00d3N"}]},{"@type":"WebSite","@id":"https:\/\/proyeccionedomex.com.mx\/#website","url":"https:\/\/proyeccionedomex.com.mx\/","name":"Proyecci\u00f3n Estado de M\u00e9xico","description":"Proyecci\u00f3n Edo. Mex.","publisher":{"@id":"https:\/\/proyeccionedomex.com.mx\/#organization"},"potentialAction":[{"@type":"SearchAction","target":{"@type":"EntryPoint","urlTemplate":"https:\/\/proyeccionedomex.com.mx\/?s={search_term_string}"},"query-input":{"@type":"PropertyValueSpecification","valueRequired":true,"valueName":"search_term_string"}}],"inLanguage":"es"},{"@type":"Organization","@id":"https:\/\/proyeccionedomex.com.mx\/#organization","name":"Proyecci\u00f3n Estado de M\u00e9xico","url":"https:\/\/proyeccionedomex.com.mx\/","logo":{"@type":"ImageObject","inLanguage":"es","@id":"https:\/\/proyeccionedomex.com.mx\/#\/schema\/logo\/image\/","url":"https:\/\/proyeccionedomex.com.mx\/wp-content\/uploads\/2024\/03\/proyeccion.jpg","contentUrl":"https:\/\/proyeccionedomex.com.mx\/wp-content\/uploads\/2024\/03\/proyeccion.jpg","width":1143,"height":801,"caption":"Proyecci\u00f3n Estado de M\u00e9xico"},"image":{"@id":"https:\/\/proyeccionedomex.com.mx\/#\/schema\/logo\/image\/"},"sameAs":["https:\/\/www.facebook.com\/PortaldeNoticiasProyeccionEdomex"]},{"@type":"Person","@id":"https:\/\/proyeccionedomex.com.mx\/#\/schema\/person\/2e66b5427bffed972a69e6b66b4e3a76","name":"Redacci\u00f3n Proyecci\u00f3n EDOM\u00c9X","image":{"@type":"ImageObject","inLanguage":"es","@id":"https:\/\/secure.gravatar.com\/avatar\/f43a2254d614198c44c96f86f1f078a06cac3d39a3250e9245aa331797519cab?s=96&d=mm&r=g","url":"https:\/\/secure.gravatar.com\/avatar\/f43a2254d614198c44c96f86f1f078a06cac3d39a3250e9245aa331797519cab?s=96&d=mm&r=g","contentUrl":"https:\/\/secure.gravatar.com\/avatar\/f43a2254d614198c44c96f86f1f078a06cac3d39a3250e9245aa331797519cab?s=96&d=mm&r=g","caption":"Redacci\u00f3n Proyecci\u00f3n EDOM\u00c9X"},"sameAs":["https:\/\/proyeccionedomex.com.mx"],"url":"https:\/\/proyeccionedomex.com.mx\/?author=1"}]}},"_links":{"self":[{"href":"https:\/\/proyeccionedomex.com.mx\/index.php?rest_route=\/wp\/v2\/posts\/10344","targetHints":{"allow":["GET"]}}],"collection":[{"href":"https:\/\/proyeccionedomex.com.mx\/index.php?rest_route=\/wp\/v2\/posts"}],"about":[{"href":"https:\/\/proyeccionedomex.com.mx\/index.php?rest_route=\/wp\/v2\/types\/post"}],"author":[{"embeddable":true,"href":"https:\/\/proyeccionedomex.com.mx\/index.php?rest_route=\/wp\/v2\/users\/1"}],"replies":[{"embeddable":true,"href":"https:\/\/proyeccionedomex.com.mx\/index.php?rest_route=%2Fwp%2Fv2%2Fcomments&post=10344"}],"version-history":[{"count":1,"href":"https:\/\/proyeccionedomex.com.mx\/index.php?rest_route=\/wp\/v2\/posts\/10344\/revisions"}],"predecessor-version":[{"id":10345,"href":"https:\/\/proyeccionedomex.com.mx\/index.php?rest_route=\/wp\/v2\/posts\/10344\/revisions\/10345"}],"wp:featuredmedia":[{"embeddable":true,"href":"https:\/\/proyeccionedomex.com.mx\/index.php?rest_route=\/wp\/v2\/media\/1530"}],"wp:attachment":[{"href":"https:\/\/proyeccionedomex.com.mx\/index.php?rest_route=%2Fwp%2Fv2%2Fmedia&parent=10344"}],"wp:term":[{"taxonomy":"category","embeddable":true,"href":"https:\/\/proyeccionedomex.com.mx\/index.php?rest_route=%2Fwp%2Fv2%2Fcategories&post=10344"},{"taxonomy":"post_tag","embeddable":true,"href":"https:\/\/proyeccionedomex.com.mx\/index.php?rest_route=%2Fwp%2Fv2%2Ftags&post=10344"}],"curies":[{"name":"wp","href":"https:\/\/api.w.org\/{rel}","templated":true}]}}