{"id":10346,"date":"2025-12-16T15:13:59","date_gmt":"2025-12-16T15:13:59","guid":{"rendered":"https:\/\/proyeccionedomex.com.mx\/?p=10346"},"modified":"2025-12-16T15:14:05","modified_gmt":"2025-12-16T15:14:05","slug":"barra-de-abogados-y-pjem-fortalecen-coordinacion-institucional-y-profesionalizacion-juridica","status":"publish","type":"post","link":"https:\/\/proyeccionedomex.com.mx\/?p=10346","title":{"rendered":"BARRA DE ABOGADOS Y PJEM FORTALECEN COORDINACI\u00d3N INSTITUCIONAL Y PROFESIONALIZACI\u00d3N JUR\u00cdDICA"},"content":{"rendered":"\n<figure class=\"wp-block-gallery has-nested-images columns-default is-cropped wp-block-gallery-1 is-layout-flex wp-block-gallery-is-layout-flex\">\n<figure class=\"wp-block-image size-large td-caption-align-https:\/\/proyeccionedomex.com.mx\/wp-content\/uploads\/2025\/12\/Imagen-de-WhatsApp-2025-12-16-a-las-08.08.56_54523782.jpg\"><img loading=\"lazy\" decoding=\"async\" width=\"1024\" height=\"480\" data-id=\"10347\" src=\"https:\/\/proyeccionedomex.com.mx\/wp-content\/uploads\/2025\/12\/Imagen-de-WhatsApp-2025-12-16-a-las-08.08.56_54523782-1024x480.jpg\" alt=\"\" class=\"wp-image-10347\" srcset=\"https:\/\/proyeccionedomex.com.mx\/wp-content\/uploads\/2025\/12\/Imagen-de-WhatsApp-2025-12-16-a-las-08.08.56_54523782-1024x480.jpg 1024w, https:\/\/proyeccionedomex.com.mx\/wp-content\/uploads\/2025\/12\/Imagen-de-WhatsApp-2025-12-16-a-las-08.08.56_54523782-300x141.jpg 300w, https:\/\/proyeccionedomex.com.mx\/wp-content\/uploads\/2025\/12\/Imagen-de-WhatsApp-2025-12-16-a-las-08.08.56_54523782-768x360.jpg 768w, https:\/\/proyeccionedomex.com.mx\/wp-content\/uploads\/2025\/12\/Imagen-de-WhatsApp-2025-12-16-a-las-08.08.56_54523782-696x326.jpg 696w, https:\/\/proyeccionedomex.com.mx\/wp-content\/uploads\/2025\/12\/Imagen-de-WhatsApp-2025-12-16-a-las-08.08.56_54523782-1068x500.jpg 1068w, https:\/\/proyeccionedomex.com.mx\/wp-content\/uploads\/2025\/12\/Imagen-de-WhatsApp-2025-12-16-a-las-08.08.56_54523782-897x420.jpg 897w, https:\/\/proyeccionedomex.com.mx\/wp-content\/uploads\/2025\/12\/Imagen-de-WhatsApp-2025-12-16-a-las-08.08.56_54523782.jpg 1518w\" sizes=\"auto, (max-width: 1024px) 100vw, 1024px\" \/><\/figure>\n\n\n\n<figure class=\"wp-block-image size-large td-caption-align-https:\/\/proyeccionedomex.com.mx\/wp-content\/uploads\/2025\/12\/Imagen-de-WhatsApp-2025-12-16-a-las-08.08.55_642a0e11.jpg\"><img loading=\"lazy\" decoding=\"async\" width=\"1024\" height=\"336\" data-id=\"10348\" src=\"https:\/\/proyeccionedomex.com.mx\/wp-content\/uploads\/2025\/12\/Imagen-de-WhatsApp-2025-12-16-a-las-08.08.55_642a0e11-1024x336.jpg\" alt=\"\" class=\"wp-image-10348\" srcset=\"https:\/\/proyeccionedomex.com.mx\/wp-content\/uploads\/2025\/12\/Imagen-de-WhatsApp-2025-12-16-a-las-08.08.55_642a0e11-1024x336.jpg 1024w, https:\/\/proyeccionedomex.com.mx\/wp-content\/uploads\/2025\/12\/Imagen-de-WhatsApp-2025-12-16-a-las-08.08.55_642a0e11-300x98.jpg 300w, https:\/\/proyeccionedomex.com.mx\/wp-content\/uploads\/2025\/12\/Imagen-de-WhatsApp-2025-12-16-a-las-08.08.55_642a0e11-768x252.jpg 768w, https:\/\/proyeccionedomex.com.mx\/wp-content\/uploads\/2025\/12\/Imagen-de-WhatsApp-2025-12-16-a-las-08.08.55_642a0e11-1536x504.jpg 1536w, https:\/\/proyeccionedomex.com.mx\/wp-content\/uploads\/2025\/12\/Imagen-de-WhatsApp-2025-12-16-a-las-08.08.55_642a0e11-696x229.jpg 696w, https:\/\/proyeccionedomex.com.mx\/wp-content\/uploads\/2025\/12\/Imagen-de-WhatsApp-2025-12-16-a-las-08.08.55_642a0e11-1068x351.jpg 1068w, https:\/\/proyeccionedomex.com.mx\/wp-content\/uploads\/2025\/12\/Imagen-de-WhatsApp-2025-12-16-a-las-08.08.55_642a0e11-1279x420.jpg 1279w, https:\/\/proyeccionedomex.com.mx\/wp-content\/uploads\/2025\/12\/Imagen-de-WhatsApp-2025-12-16-a-las-08.08.55_642a0e11.jpg 1599w\" sizes=\"auto, (max-width: 1024px) 100vw, 1024px\" \/><\/figure>\n\n\n\n<figure class=\"wp-block-image size-large td-caption-align-https:\/\/proyeccionedomex.com.mx\/wp-content\/uploads\/2025\/12\/Imagen-de-WhatsApp-2025-12-16-a-las-08.08.55_62575792.jpg\"><img loading=\"lazy\" decoding=\"async\" width=\"1024\" height=\"452\" data-id=\"10350\" src=\"https:\/\/proyeccionedomex.com.mx\/wp-content\/uploads\/2025\/12\/Imagen-de-WhatsApp-2025-12-16-a-las-08.08.55_62575792-1024x452.jpg\" alt=\"\" class=\"wp-image-10350\" srcset=\"https:\/\/proyeccionedomex.com.mx\/wp-content\/uploads\/2025\/12\/Imagen-de-WhatsApp-2025-12-16-a-las-08.08.55_62575792-1024x452.jpg 1024w, https:\/\/proyeccionedomex.com.mx\/wp-content\/uploads\/2025\/12\/Imagen-de-WhatsApp-2025-12-16-a-las-08.08.55_62575792-300x132.jpg 300w, https:\/\/proyeccionedomex.com.mx\/wp-content\/uploads\/2025\/12\/Imagen-de-WhatsApp-2025-12-16-a-las-08.08.55_62575792-768x339.jpg 768w, https:\/\/proyeccionedomex.com.mx\/wp-content\/uploads\/2025\/12\/Imagen-de-WhatsApp-2025-12-16-a-las-08.08.55_62575792-1536x678.jpg 1536w, https:\/\/proyeccionedomex.com.mx\/wp-content\/uploads\/2025\/12\/Imagen-de-WhatsApp-2025-12-16-a-las-08.08.55_62575792-696x307.jpg 696w, https:\/\/proyeccionedomex.com.mx\/wp-content\/uploads\/2025\/12\/Imagen-de-WhatsApp-2025-12-16-a-las-08.08.55_62575792-1068x471.jpg 1068w, https:\/\/proyeccionedomex.com.mx\/wp-content\/uploads\/2025\/12\/Imagen-de-WhatsApp-2025-12-16-a-las-08.08.55_62575792-952x420.jpg 952w, https:\/\/proyeccionedomex.com.mx\/wp-content\/uploads\/2025\/12\/Imagen-de-WhatsApp-2025-12-16-a-las-08.08.55_62575792.jpg 1600w\" sizes=\"auto, (max-width: 1024px) 100vw, 1024px\" \/><\/figure>\n\n\n\n<figure class=\"wp-block-image size-large td-caption-align-https:\/\/proyeccionedomex.com.mx\/wp-content\/uploads\/2025\/12\/Imagen-de-WhatsApp-2025-12-16-a-las-08.08.55_816ce3af.jpg\"><img loading=\"lazy\" decoding=\"async\" width=\"1024\" height=\"669\" data-id=\"10349\" src=\"https:\/\/proyeccionedomex.com.mx\/wp-content\/uploads\/2025\/12\/Imagen-de-WhatsApp-2025-12-16-a-las-08.08.55_816ce3af-1024x669.jpg\" alt=\"\" class=\"wp-image-10349\" srcset=\"https:\/\/proyeccionedomex.com.mx\/wp-content\/uploads\/2025\/12\/Imagen-de-WhatsApp-2025-12-16-a-las-08.08.55_816ce3af-1024x669.jpg 1024w, https:\/\/proyeccionedomex.com.mx\/wp-content\/uploads\/2025\/12\/Imagen-de-WhatsApp-2025-12-16-a-las-08.08.55_816ce3af-300x196.jpg 300w, https:\/\/proyeccionedomex.com.mx\/wp-content\/uploads\/2025\/12\/Imagen-de-WhatsApp-2025-12-16-a-las-08.08.55_816ce3af-768x502.jpg 768w, https:\/\/proyeccionedomex.com.mx\/wp-content\/uploads\/2025\/12\/Imagen-de-WhatsApp-2025-12-16-a-las-08.08.55_816ce3af-1536x1004.jpg 1536w, https:\/\/proyeccionedomex.com.mx\/wp-content\/uploads\/2025\/12\/Imagen-de-WhatsApp-2025-12-16-a-las-08.08.55_816ce3af-696x455.jpg 696w, https:\/\/proyeccionedomex.com.mx\/wp-content\/uploads\/2025\/12\/Imagen-de-WhatsApp-2025-12-16-a-las-08.08.55_816ce3af-1068x698.jpg 1068w, https:\/\/proyeccionedomex.com.mx\/wp-content\/uploads\/2025\/12\/Imagen-de-WhatsApp-2025-12-16-a-las-08.08.55_816ce3af-642x420.jpg 642w, https:\/\/proyeccionedomex.com.mx\/wp-content\/uploads\/2025\/12\/Imagen-de-WhatsApp-2025-12-16-a-las-08.08.55_816ce3af.jpg 1600w\" sizes=\"auto, (max-width: 1024px) 100vw, 1024px\" \/><\/figure>\n<\/figure>\n\n\n\n<p>BARRA DE ABOGADOS Y PJEM FORTALECEN COORDINACI\u00d3N INSTITUCIONAL Y PROFESIONALIZACI\u00d3N JUR\u00cdDICA<\/p>\n\n\n\n<ul class=\"wp-block-list\">\n<li>Impulsan capacitaci\u00f3n continua y certificaci\u00f3n profesional ante reformas nacionales en materia civil y familiar<\/li>\n\n\n\n<li>Poder Judicial respalda diplomado conjunto con miras a la certificaci\u00f3n obligatoria en 2027<\/li>\n<\/ul>\n\n\n\n<p>Toluca, EDOM\u00c9X.- Con el objetivo de consolidar la vinculaci\u00f3n institucional y elevar los est\u00e1ndares del ejercicio profesional del gremio jur\u00eddico, integrantes de la Barra de Abogados del Estado de M\u00e9xico sostuvieron un encuentro con el magistrado presidente del Poder Judicial del Estado de M\u00e9xico (PJEM), H\u00e9ctor Macedo Garc\u00eda, como parte de una estrategia de colaboraci\u00f3n permanente entre autoridades judiciales y organizaciones de abogados.<\/p>\n\n\n\n<p>Durante la reuni\u00f3n, Agust\u00edn Flores Jaimes, doctor en Derecho e integrante de la Barra, destac\u00f3 que la organizaci\u00f3n atraviesa un proceso de fortalecimiento y consolidaci\u00f3n interna, enfocado en robustecer liderazgos, mejorar los mecanismos de comunicaci\u00f3n y estrechar la relaci\u00f3n con los tres poderes del Estado.<\/p>\n\n\n\n<p>Se\u00f1al\u00f3 que este primer acercamiento formal se realiza con el Poder Judicial, con la intenci\u00f3n de ampliar el di\u00e1logo institucional hacia el Poder Legislativo y el Poder Ejecutivo, a trav\u00e9s de diversas dependencias y funcionarios de alto nivel.<\/p>\n\n\n\n<p>Flores Jaimes subray\u00f3 que estos encuentros buscan sumar esfuerzos para fortalecer el Estado de derecho, a partir de una visi\u00f3n conjunta entre las instituciones p\u00fablicas y el gremio jur\u00eddico organizado. En este contexto, destac\u00f3 la implementaci\u00f3n del Programa de Actualizaci\u00f3n Profesional Continua en materia de Derecho, dirigido a los integrantes de la Barra, con el prop\u00f3sito de mantenerlos actualizados en distintas ramas jur\u00eddicas y elevar la calidad del ejercicio profesional.<\/p>\n\n\n\n<p>Explic\u00f3 que dicho programa cobra especial relevancia ante la entrada en vigor del C\u00f3digo Nacional de Procedimientos Civiles en 2027, el cual contempla la certificaci\u00f3n obligatoria de los abogados, particularmente en \u00e1reas como el derecho familiar, por lo que la capacitaci\u00f3n anticipada resulta clave para atender los nuevos requerimientos normativos.<\/p>\n\n\n\n<p>Por su parte, el magistrado presidente del PJEM, H\u00e9ctor Macedo Garc\u00eda, resalt\u00f3 la importancia del di\u00e1logo directo con la Barra de Abogados del Estado de M\u00e9xico, al se\u00f1alar que m\u00e1s que un ejercicio acad\u00e9mico, se trata de un espacio de interlocuci\u00f3n abierta que permite el intercambio de ideas y la construcci\u00f3n de propuestas.<\/p>\n\n\n\n<p>Reconoci\u00f3 la trayectoria y el prestigio de la Barra, y enfatiz\u00f3 que la participaci\u00f3n activa de colegios, barras y abogados \u2014colegiados o no\u2014 es indispensable para trazar una ruta conjunta que fortalezca el sistema de justicia en la entidad.<\/p>\n\n\n\n<p>Macedo Garc\u00eda a\u00f1adi\u00f3 que la cr\u00edtica jur\u00eddica, desde una visi\u00f3n cient\u00edfica y metodol\u00f3gica del derecho, es un elemento esencial para la evoluci\u00f3n de los paradigmas sociales y pol\u00edticos, al generar nuevas ideas que impulsen la transformaci\u00f3n del marco jur\u00eddico.<\/p>\n\n\n\n<p>En este marco, Agust\u00edn Flores Jaimes inform\u00f3 que el presidente del Tribunal expres\u00f3 su reconocimiento y respaldo para dar continuidad al Programa de Actualizaci\u00f3n Profesional Continua, al tratarse de la primera organizaci\u00f3n en implementar este tipo de esquemas de capacitaci\u00f3n en materia de derecho. Asimismo, anunci\u00f3 que el Poder Judicial brindar\u00e1 apoyo para la puesta en marcha de un diplomado desarrollado de manera conjunta con la Barra de Abogados.<\/p>\n\n\n\n<p>Precis\u00f3 que este diplomado tiene como meta avanzar hacia la certificaci\u00f3n profesional durante el pr\u00f3ximo a\u00f1o, lo que representa un paso relevante en el proceso de profesionalizaci\u00f3n del gremio jur\u00eddico en el Estado de M\u00e9xico.<\/p>\n\n\n\n<p>Finalmente, se dio a conocer que en estos encuentros se prev\u00e9 la participaci\u00f3n de m\u00e1s de 100 abogados integrantes de la Barra, quienes aportar\u00e1n propuestas y planteamientos para fortalecer el trabajo colectivo. El objetivo central, coincidieron los participantes, es consolidar los lazos institucionales, mejorar el ejercicio profesional y garantizar a la ciudadan\u00eda un servicio jur\u00eddico con mayor certeza, calidad&nbsp;y&nbsp;confianza.<\/p>\n","protected":false},"excerpt":{"rendered":"<p>BARRA DE ABOGADOS Y PJEM FORTALECEN COORDINACI\u00d3N INSTITUCIONAL Y PROFESIONALIZACI\u00d3N JUR\u00cdDICA Toluca, EDOM\u00c9X.- Con el objetivo de consolidar la vinculaci\u00f3n institucional y elevar los est\u00e1ndares del ejercicio profesional del gremio jur\u00eddico, integrantes de la Barra de Abogados del Estado de M\u00e9xico sostuvieron un encuentro con el magistrado presidente del Poder Judicial del Estado de M\u00e9xico [&hellip;]<\/p>\n","protected":false},"author":1,"featured_media":10348,"comment_status":"open","ping_status":"closed","sticky":false,"template":"","format":"standard","meta":{"footnotes":""},"categories":[1],"tags":[],"class_list":{"0":"post-10346","1":"post","2":"type-post","3":"status-publish","4":"format-standard","5":"has-post-thumbnail","7":"category-politica"},"yoast_head":"<!-- This site is optimized with the Yoast SEO plugin v27.5 - https:\/\/yoast.com\/product\/yoast-seo-wordpress\/ -->\n<title>BARRA DE ABOGADOS Y PJEM FORTALECEN COORDINACI\u00d3N INSTITUCIONAL Y PROFESIONALIZACI\u00d3N JUR\u00cdDICA - Proyecci\u00f3n Estado de M\u00e9xico<\/title>\n<meta name=\"robots\" content=\"index, follow, max-snippet:-1, max-image-preview:large, max-video-preview:-1\" \/>\n<link rel=\"canonical\" href=\"https:\/\/proyeccionedomex.com.mx\/?p=10346\" \/>\n<meta property=\"og:locale\" content=\"es_ES\" \/>\n<meta property=\"og:type\" content=\"article\" \/>\n<meta property=\"og:title\" content=\"BARRA DE ABOGADOS Y PJEM FORTALECEN COORDINACI\u00d3N INSTITUCIONAL Y PROFESIONALIZACI\u00d3N JUR\u00cdDICA - Proyecci\u00f3n Estado de M\u00e9xico\" \/>\n<meta property=\"og:description\" content=\"BARRA DE ABOGADOS Y PJEM FORTALECEN COORDINACI\u00d3N INSTITUCIONAL Y PROFESIONALIZACI\u00d3N JUR\u00cdDICA Toluca, EDOM\u00c9X.- Con el objetivo de consolidar la vinculaci\u00f3n institucional y elevar los est\u00e1ndares del ejercicio profesional del gremio jur\u00eddico, integrantes de la Barra de Abogados del Estado de M\u00e9xico sostuvieron un encuentro con el magistrado presidente del Poder Judicial del Estado de M\u00e9xico [&hellip;]\" \/>\n<meta property=\"og:url\" content=\"https:\/\/proyeccionedomex.com.mx\/?p=10346\" \/>\n<meta property=\"og:site_name\" content=\"Proyecci\u00f3n Estado de M\u00e9xico\" \/>\n<meta property=\"article:publisher\" content=\"https:\/\/www.facebook.com\/PortaldeNoticiasProyeccionEdomex\" \/>\n<meta property=\"article:published_time\" content=\"2025-12-16T15:13:59+00:00\" \/>\n<meta property=\"article:modified_time\" content=\"2025-12-16T15:14:05+00:00\" \/>\n<meta property=\"og:image\" content=\"https:\/\/proyeccionedomex.com.mx\/wp-content\/uploads\/2025\/12\/Imagen-de-WhatsApp-2025-12-16-a-las-08.08.55_642a0e11.jpg\" \/>\n\t<meta property=\"og:image:width\" content=\"1599\" \/>\n\t<meta property=\"og:image:height\" content=\"525\" \/>\n\t<meta property=\"og:image:type\" content=\"image\/jpeg\" \/>\n<meta name=\"author\" content=\"Redacci\u00f3n Proyecci\u00f3n EDOM\u00c9X\" \/>\n<meta name=\"twitter:card\" content=\"summary_large_image\" \/>\n<meta name=\"twitter:label1\" content=\"Escrito por\" \/>\n\t<meta name=\"twitter:data1\" content=\"Redacci\u00f3n Proyecci\u00f3n EDOM\u00c9X\" \/>\n\t<meta name=\"twitter:label2\" content=\"Tiempo de lectura\" \/>\n\t<meta name=\"twitter:data2\" content=\"3 minutos\" \/>\n<script type=\"application\/ld+json\" class=\"yoast-schema-graph\">{\"@context\":\"https:\\\/\\\/schema.org\",\"@graph\":[{\"@type\":\"Article\",\"@id\":\"https:\\\/\\\/proyeccionedomex.com.mx\\\/?p=10346#article\",\"isPartOf\":{\"@id\":\"https:\\\/\\\/proyeccionedomex.com.mx\\\/?p=10346\"},\"author\":{\"name\":\"Redacci\u00f3n Proyecci\u00f3n EDOM\u00c9X\",\"@id\":\"https:\\\/\\\/proyeccionedomex.com.mx\\\/#\\\/schema\\\/person\\\/2e66b5427bffed972a69e6b66b4e3a76\"},\"headline\":\"BARRA DE ABOGADOS Y PJEM FORTALECEN COORDINACI\u00d3N INSTITUCIONAL Y PROFESIONALIZACI\u00d3N JUR\u00cdDICA\",\"datePublished\":\"2025-12-16T15:13:59+00:00\",\"dateModified\":\"2025-12-16T15:14:05+00:00\",\"mainEntityOfPage\":{\"@id\":\"https:\\\/\\\/proyeccionedomex.com.mx\\\/?p=10346\"},\"wordCount\":685,\"commentCount\":0,\"publisher\":{\"@id\":\"https:\\\/\\\/proyeccionedomex.com.mx\\\/#organization\"},\"image\":{\"@id\":\"https:\\\/\\\/proyeccionedomex.com.mx\\\/?p=10346#primaryimage\"},\"thumbnailUrl\":\"https:\\\/\\\/proyeccionedomex.com.mx\\\/wp-content\\\/uploads\\\/2025\\\/12\\\/Imagen-de-WhatsApp-2025-12-16-a-las-08.08.55_642a0e11.jpg\",\"articleSection\":[\"Politica\"],\"inLanguage\":\"es\",\"potentialAction\":[{\"@type\":\"CommentAction\",\"name\":\"Comment\",\"target\":[\"https:\\\/\\\/proyeccionedomex.com.mx\\\/?p=10346#respond\"]}]},{\"@type\":\"WebPage\",\"@id\":\"https:\\\/\\\/proyeccionedomex.com.mx\\\/?p=10346\",\"url\":\"https:\\\/\\\/proyeccionedomex.com.mx\\\/?p=10346\",\"name\":\"BARRA DE ABOGADOS Y PJEM FORTALECEN COORDINACI\u00d3N INSTITUCIONAL Y PROFESIONALIZACI\u00d3N JUR\u00cdDICA - Proyecci\u00f3n Estado de M\u00e9xico\",\"isPartOf\":{\"@id\":\"https:\\\/\\\/proyeccionedomex.com.mx\\\/#website\"},\"primaryImageOfPage\":{\"@id\":\"https:\\\/\\\/proyeccionedomex.com.mx\\\/?p=10346#primaryimage\"},\"image\":{\"@id\":\"https:\\\/\\\/proyeccionedomex.com.mx\\\/?p=10346#primaryimage\"},\"thumbnailUrl\":\"https:\\\/\\\/proyeccionedomex.com.mx\\\/wp-content\\\/uploads\\\/2025\\\/12\\\/Imagen-de-WhatsApp-2025-12-16-a-las-08.08.55_642a0e11.jpg\",\"datePublished\":\"2025-12-16T15:13:59+00:00\",\"dateModified\":\"2025-12-16T15:14:05+00:00\",\"breadcrumb\":{\"@id\":\"https:\\\/\\\/proyeccionedomex.com.mx\\\/?p=10346#breadcrumb\"},\"inLanguage\":\"es\",\"potentialAction\":[{\"@type\":\"ReadAction\",\"target\":[\"https:\\\/\\\/proyeccionedomex.com.mx\\\/?p=10346\"]}]},{\"@type\":\"ImageObject\",\"inLanguage\":\"es\",\"@id\":\"https:\\\/\\\/proyeccionedomex.com.mx\\\/?p=10346#primaryimage\",\"url\":\"https:\\\/\\\/proyeccionedomex.com.mx\\\/wp-content\\\/uploads\\\/2025\\\/12\\\/Imagen-de-WhatsApp-2025-12-16-a-las-08.08.55_642a0e11.jpg\",\"contentUrl\":\"https:\\\/\\\/proyeccionedomex.com.mx\\\/wp-content\\\/uploads\\\/2025\\\/12\\\/Imagen-de-WhatsApp-2025-12-16-a-las-08.08.55_642a0e11.jpg\",\"width\":1599,\"height\":525},{\"@type\":\"BreadcrumbList\",\"@id\":\"https:\\\/\\\/proyeccionedomex.com.mx\\\/?p=10346#breadcrumb\",\"itemListElement\":[{\"@type\":\"ListItem\",\"position\":1,\"name\":\"Portada\",\"item\":\"https:\\\/\\\/proyeccionedomex.com.mx\\\/\"},{\"@type\":\"ListItem\",\"position\":2,\"name\":\"BARRA DE ABOGADOS Y PJEM FORTALECEN COORDINACI\u00d3N INSTITUCIONAL Y PROFESIONALIZACI\u00d3N JUR\u00cdDICA\"}]},{\"@type\":\"WebSite\",\"@id\":\"https:\\\/\\\/proyeccionedomex.com.mx\\\/#website\",\"url\":\"https:\\\/\\\/proyeccionedomex.com.mx\\\/\",\"name\":\"Proyecci\u00f3n Estado de M\u00e9xico\",\"description\":\"Proyecci\u00f3n Edo. Mex.\",\"publisher\":{\"@id\":\"https:\\\/\\\/proyeccionedomex.com.mx\\\/#organization\"},\"potentialAction\":[{\"@type\":\"SearchAction\",\"target\":{\"@type\":\"EntryPoint\",\"urlTemplate\":\"https:\\\/\\\/proyeccionedomex.com.mx\\\/?s={search_term_string}\"},\"query-input\":{\"@type\":\"PropertyValueSpecification\",\"valueRequired\":true,\"valueName\":\"search_term_string\"}}],\"inLanguage\":\"es\"},{\"@type\":\"Organization\",\"@id\":\"https:\\\/\\\/proyeccionedomex.com.mx\\\/#organization\",\"name\":\"Proyecci\u00f3n Estado de M\u00e9xico\",\"url\":\"https:\\\/\\\/proyeccionedomex.com.mx\\\/\",\"logo\":{\"@type\":\"ImageObject\",\"inLanguage\":\"es\",\"@id\":\"https:\\\/\\\/proyeccionedomex.com.mx\\\/#\\\/schema\\\/logo\\\/image\\\/\",\"url\":\"https:\\\/\\\/proyeccionedomex.com.mx\\\/wp-content\\\/uploads\\\/2024\\\/03\\\/proyeccion.jpg\",\"contentUrl\":\"https:\\\/\\\/proyeccionedomex.com.mx\\\/wp-content\\\/uploads\\\/2024\\\/03\\\/proyeccion.jpg\",\"width\":1143,\"height\":801,\"caption\":\"Proyecci\u00f3n Estado de M\u00e9xico\"},\"image\":{\"@id\":\"https:\\\/\\\/proyeccionedomex.com.mx\\\/#\\\/schema\\\/logo\\\/image\\\/\"},\"sameAs\":[\"https:\\\/\\\/www.facebook.com\\\/PortaldeNoticiasProyeccionEdomex\"]},{\"@type\":\"Person\",\"@id\":\"https:\\\/\\\/proyeccionedomex.com.mx\\\/#\\\/schema\\\/person\\\/2e66b5427bffed972a69e6b66b4e3a76\",\"name\":\"Redacci\u00f3n Proyecci\u00f3n EDOM\u00c9X\",\"image\":{\"@type\":\"ImageObject\",\"inLanguage\":\"es\",\"@id\":\"https:\\\/\\\/secure.gravatar.com\\\/avatar\\\/f43a2254d614198c44c96f86f1f078a06cac3d39a3250e9245aa331797519cab?s=96&d=mm&r=g\",\"url\":\"https:\\\/\\\/secure.gravatar.com\\\/avatar\\\/f43a2254d614198c44c96f86f1f078a06cac3d39a3250e9245aa331797519cab?s=96&d=mm&r=g\",\"contentUrl\":\"https:\\\/\\\/secure.gravatar.com\\\/avatar\\\/f43a2254d614198c44c96f86f1f078a06cac3d39a3250e9245aa331797519cab?s=96&d=mm&r=g\",\"caption\":\"Redacci\u00f3n Proyecci\u00f3n EDOM\u00c9X\"},\"sameAs\":[\"https:\\\/\\\/proyeccionedomex.com.mx\"],\"url\":\"https:\\\/\\\/proyeccionedomex.com.mx\\\/?author=1\"}]}<\/script>\n<!-- \/ Yoast SEO plugin. -->","yoast_head_json":{"title":"BARRA DE ABOGADOS Y PJEM FORTALECEN COORDINACI\u00d3N INSTITUCIONAL Y PROFESIONALIZACI\u00d3N JUR\u00cdDICA - Proyecci\u00f3n Estado de M\u00e9xico","robots":{"index":"index","follow":"follow","max-snippet":"max-snippet:-1","max-image-preview":"max-image-preview:large","max-video-preview":"max-video-preview:-1"},"canonical":"https:\/\/proyeccionedomex.com.mx\/?p=10346","og_locale":"es_ES","og_type":"article","og_title":"BARRA DE ABOGADOS Y PJEM FORTALECEN COORDINACI\u00d3N INSTITUCIONAL Y PROFESIONALIZACI\u00d3N JUR\u00cdDICA - Proyecci\u00f3n Estado de M\u00e9xico","og_description":"BARRA DE ABOGADOS Y PJEM FORTALECEN COORDINACI\u00d3N INSTITUCIONAL Y PROFESIONALIZACI\u00d3N JUR\u00cdDICA Toluca, EDOM\u00c9X.- Con el objetivo de consolidar la vinculaci\u00f3n institucional y elevar los est\u00e1ndares del ejercicio profesional del gremio jur\u00eddico, integrantes de la Barra de Abogados del Estado de M\u00e9xico sostuvieron un encuentro con el magistrado presidente del Poder Judicial del Estado de M\u00e9xico [&hellip;]","og_url":"https:\/\/proyeccionedomex.com.mx\/?p=10346","og_site_name":"Proyecci\u00f3n Estado de M\u00e9xico","article_publisher":"https:\/\/www.facebook.com\/PortaldeNoticiasProyeccionEdomex","article_published_time":"2025-12-16T15:13:59+00:00","article_modified_time":"2025-12-16T15:14:05+00:00","og_image":[{"width":1599,"height":525,"url":"https:\/\/proyeccionedomex.com.mx\/wp-content\/uploads\/2025\/12\/Imagen-de-WhatsApp-2025-12-16-a-las-08.08.55_642a0e11.jpg","type":"image\/jpeg"}],"author":"Redacci\u00f3n Proyecci\u00f3n EDOM\u00c9X","twitter_card":"summary_large_image","twitter_misc":{"Escrito por":"Redacci\u00f3n Proyecci\u00f3n EDOM\u00c9X","Tiempo de lectura":"3 minutos"},"schema":{"@context":"https:\/\/schema.org","@graph":[{"@type":"Article","@id":"https:\/\/proyeccionedomex.com.mx\/?p=10346#article","isPartOf":{"@id":"https:\/\/proyeccionedomex.com.mx\/?p=10346"},"author":{"name":"Redacci\u00f3n Proyecci\u00f3n EDOM\u00c9X","@id":"https:\/\/proyeccionedomex.com.mx\/#\/schema\/person\/2e66b5427bffed972a69e6b66b4e3a76"},"headline":"BARRA DE ABOGADOS Y PJEM FORTALECEN COORDINACI\u00d3N INSTITUCIONAL Y PROFESIONALIZACI\u00d3N JUR\u00cdDICA","datePublished":"2025-12-16T15:13:59+00:00","dateModified":"2025-12-16T15:14:05+00:00","mainEntityOfPage":{"@id":"https:\/\/proyeccionedomex.com.mx\/?p=10346"},"wordCount":685,"commentCount":0,"publisher":{"@id":"https:\/\/proyeccionedomex.com.mx\/#organization"},"image":{"@id":"https:\/\/proyeccionedomex.com.mx\/?p=10346#primaryimage"},"thumbnailUrl":"https:\/\/proyeccionedomex.com.mx\/wp-content\/uploads\/2025\/12\/Imagen-de-WhatsApp-2025-12-16-a-las-08.08.55_642a0e11.jpg","articleSection":["Politica"],"inLanguage":"es","potentialAction":[{"@type":"CommentAction","name":"Comment","target":["https:\/\/proyeccionedomex.com.mx\/?p=10346#respond"]}]},{"@type":"WebPage","@id":"https:\/\/proyeccionedomex.com.mx\/?p=10346","url":"https:\/\/proyeccionedomex.com.mx\/?p=10346","name":"BARRA DE ABOGADOS Y PJEM FORTALECEN COORDINACI\u00d3N INSTITUCIONAL Y PROFESIONALIZACI\u00d3N JUR\u00cdDICA - Proyecci\u00f3n Estado de M\u00e9xico","isPartOf":{"@id":"https:\/\/proyeccionedomex.com.mx\/#website"},"primaryImageOfPage":{"@id":"https:\/\/proyeccionedomex.com.mx\/?p=10346#primaryimage"},"image":{"@id":"https:\/\/proyeccionedomex.com.mx\/?p=10346#primaryimage"},"thumbnailUrl":"https:\/\/proyeccionedomex.com.mx\/wp-content\/uploads\/2025\/12\/Imagen-de-WhatsApp-2025-12-16-a-las-08.08.55_642a0e11.jpg","datePublished":"2025-12-16T15:13:59+00:00","dateModified":"2025-12-16T15:14:05+00:00","breadcrumb":{"@id":"https:\/\/proyeccionedomex.com.mx\/?p=10346#breadcrumb"},"inLanguage":"es","potentialAction":[{"@type":"ReadAction","target":["https:\/\/proyeccionedomex.com.mx\/?p=10346"]}]},{"@type":"ImageObject","inLanguage":"es","@id":"https:\/\/proyeccionedomex.com.mx\/?p=10346#primaryimage","url":"https:\/\/proyeccionedomex.com.mx\/wp-content\/uploads\/2025\/12\/Imagen-de-WhatsApp-2025-12-16-a-las-08.08.55_642a0e11.jpg","contentUrl":"https:\/\/proyeccionedomex.com.mx\/wp-content\/uploads\/2025\/12\/Imagen-de-WhatsApp-2025-12-16-a-las-08.08.55_642a0e11.jpg","width":1599,"height":525},{"@type":"BreadcrumbList","@id":"https:\/\/proyeccionedomex.com.mx\/?p=10346#breadcrumb","itemListElement":[{"@type":"ListItem","position":1,"name":"Portada","item":"https:\/\/proyeccionedomex.com.mx\/"},{"@type":"ListItem","position":2,"name":"BARRA DE ABOGADOS Y PJEM FORTALECEN COORDINACI\u00d3N INSTITUCIONAL Y PROFESIONALIZACI\u00d3N JUR\u00cdDICA"}]},{"@type":"WebSite","@id":"https:\/\/proyeccionedomex.com.mx\/#website","url":"https:\/\/proyeccionedomex.com.mx\/","name":"Proyecci\u00f3n Estado de M\u00e9xico","description":"Proyecci\u00f3n Edo. Mex.","publisher":{"@id":"https:\/\/proyeccionedomex.com.mx\/#organization"},"potentialAction":[{"@type":"SearchAction","target":{"@type":"EntryPoint","urlTemplate":"https:\/\/proyeccionedomex.com.mx\/?s={search_term_string}"},"query-input":{"@type":"PropertyValueSpecification","valueRequired":true,"valueName":"search_term_string"}}],"inLanguage":"es"},{"@type":"Organization","@id":"https:\/\/proyeccionedomex.com.mx\/#organization","name":"Proyecci\u00f3n Estado de M\u00e9xico","url":"https:\/\/proyeccionedomex.com.mx\/","logo":{"@type":"ImageObject","inLanguage":"es","@id":"https:\/\/proyeccionedomex.com.mx\/#\/schema\/logo\/image\/","url":"https:\/\/proyeccionedomex.com.mx\/wp-content\/uploads\/2024\/03\/proyeccion.jpg","contentUrl":"https:\/\/proyeccionedomex.com.mx\/wp-content\/uploads\/2024\/03\/proyeccion.jpg","width":1143,"height":801,"caption":"Proyecci\u00f3n Estado de M\u00e9xico"},"image":{"@id":"https:\/\/proyeccionedomex.com.mx\/#\/schema\/logo\/image\/"},"sameAs":["https:\/\/www.facebook.com\/PortaldeNoticiasProyeccionEdomex"]},{"@type":"Person","@id":"https:\/\/proyeccionedomex.com.mx\/#\/schema\/person\/2e66b5427bffed972a69e6b66b4e3a76","name":"Redacci\u00f3n Proyecci\u00f3n EDOM\u00c9X","image":{"@type":"ImageObject","inLanguage":"es","@id":"https:\/\/secure.gravatar.com\/avatar\/f43a2254d614198c44c96f86f1f078a06cac3d39a3250e9245aa331797519cab?s=96&d=mm&r=g","url":"https:\/\/secure.gravatar.com\/avatar\/f43a2254d614198c44c96f86f1f078a06cac3d39a3250e9245aa331797519cab?s=96&d=mm&r=g","contentUrl":"https:\/\/secure.gravatar.com\/avatar\/f43a2254d614198c44c96f86f1f078a06cac3d39a3250e9245aa331797519cab?s=96&d=mm&r=g","caption":"Redacci\u00f3n Proyecci\u00f3n EDOM\u00c9X"},"sameAs":["https:\/\/proyeccionedomex.com.mx"],"url":"https:\/\/proyeccionedomex.com.mx\/?author=1"}]}},"_links":{"self":[{"href":"https:\/\/proyeccionedomex.com.mx\/index.php?rest_route=\/wp\/v2\/posts\/10346","targetHints":{"allow":["GET"]}}],"collection":[{"href":"https:\/\/proyeccionedomex.com.mx\/index.php?rest_route=\/wp\/v2\/posts"}],"about":[{"href":"https:\/\/proyeccionedomex.com.mx\/index.php?rest_route=\/wp\/v2\/types\/post"}],"author":[{"embeddable":true,"href":"https:\/\/proyeccionedomex.com.mx\/index.php?rest_route=\/wp\/v2\/users\/1"}],"replies":[{"embeddable":true,"href":"https:\/\/proyeccionedomex.com.mx\/index.php?rest_route=%2Fwp%2Fv2%2Fcomments&post=10346"}],"version-history":[{"count":1,"href":"https:\/\/proyeccionedomex.com.mx\/index.php?rest_route=\/wp\/v2\/posts\/10346\/revisions"}],"predecessor-version":[{"id":10351,"href":"https:\/\/proyeccionedomex.com.mx\/index.php?rest_route=\/wp\/v2\/posts\/10346\/revisions\/10351"}],"wp:featuredmedia":[{"embeddable":true,"href":"https:\/\/proyeccionedomex.com.mx\/index.php?rest_route=\/wp\/v2\/media\/10348"}],"wp:attachment":[{"href":"https:\/\/proyeccionedomex.com.mx\/index.php?rest_route=%2Fwp%2Fv2%2Fmedia&parent=10346"}],"wp:term":[{"taxonomy":"category","embeddable":true,"href":"https:\/\/proyeccionedomex.com.mx\/index.php?rest_route=%2Fwp%2Fv2%2Fcategories&post=10346"},{"taxonomy":"post_tag","embeddable":true,"href":"https:\/\/proyeccionedomex.com.mx\/index.php?rest_route=%2Fwp%2Fv2%2Ftags&post=10346"}],"curies":[{"name":"wp","href":"https:\/\/api.w.org\/{rel}","templated":true}]}}