{"id":10352,"date":"2025-12-16T15:17:04","date_gmt":"2025-12-16T15:17:04","guid":{"rendered":"https:\/\/proyeccionedomex.com.mx\/?p=10352"},"modified":"2025-12-16T15:17:11","modified_gmt":"2025-12-16T15:17:11","slug":"invitan-al-xxxi-encuentro-fraternal-de-la-danza-de-arrieros-en-lerma","status":"publish","type":"post","link":"https:\/\/proyeccionedomex.com.mx\/?p=10352","title":{"rendered":"INVITAN AL XXXI ENCUENTRO FRATERNAL DE LA DANZA DE ARRIEROS EN LERMA"},"content":{"rendered":"\n<figure class=\"wp-block-gallery has-nested-images columns-default is-cropped wp-block-gallery-1 is-layout-flex wp-block-gallery-is-layout-flex\">\n<figure class=\"wp-block-image size-large\"><img loading=\"lazy\" decoding=\"async\" width=\"1024\" height=\"576\" data-id=\"10353\" src=\"https:\/\/proyeccionedomex.com.mx\/wp-content\/uploads\/2025\/12\/Imagen-de-WhatsApp-2025-12-16-a-las-08.09.04_6af47f06-1024x576.jpg\" alt=\"\" class=\"wp-image-10353\" srcset=\"https:\/\/proyeccionedomex.com.mx\/wp-content\/uploads\/2025\/12\/Imagen-de-WhatsApp-2025-12-16-a-las-08.09.04_6af47f06-1024x576.jpg 1024w, https:\/\/proyeccionedomex.com.mx\/wp-content\/uploads\/2025\/12\/Imagen-de-WhatsApp-2025-12-16-a-las-08.09.04_6af47f06-300x169.jpg 300w, https:\/\/proyeccionedomex.com.mx\/wp-content\/uploads\/2025\/12\/Imagen-de-WhatsApp-2025-12-16-a-las-08.09.04_6af47f06-768x432.jpg 768w, https:\/\/proyeccionedomex.com.mx\/wp-content\/uploads\/2025\/12\/Imagen-de-WhatsApp-2025-12-16-a-las-08.09.04_6af47f06-696x392.jpg 696w, https:\/\/proyeccionedomex.com.mx\/wp-content\/uploads\/2025\/12\/Imagen-de-WhatsApp-2025-12-16-a-las-08.09.04_6af47f06-1068x601.jpg 1068w, https:\/\/proyeccionedomex.com.mx\/wp-content\/uploads\/2025\/12\/Imagen-de-WhatsApp-2025-12-16-a-las-08.09.04_6af47f06-747x420.jpg 747w, https:\/\/proyeccionedomex.com.mx\/wp-content\/uploads\/2025\/12\/Imagen-de-WhatsApp-2025-12-16-a-las-08.09.04_6af47f06.jpg 1280w\" sizes=\"auto, (max-width: 1024px) 100vw, 1024px\" \/><\/figure>\n\n\n\n<figure class=\"wp-block-image size-large\"><img loading=\"lazy\" decoding=\"async\" width=\"1024\" height=\"609\" data-id=\"10356\" src=\"https:\/\/proyeccionedomex.com.mx\/wp-content\/uploads\/2025\/12\/Imagen-de-WhatsApp-2025-12-16-a-las-08.09.04_12220d6a-1024x609.jpg\" alt=\"\" class=\"wp-image-10356\" srcset=\"https:\/\/proyeccionedomex.com.mx\/wp-content\/uploads\/2025\/12\/Imagen-de-WhatsApp-2025-12-16-a-las-08.09.04_12220d6a-1024x609.jpg 1024w, https:\/\/proyeccionedomex.com.mx\/wp-content\/uploads\/2025\/12\/Imagen-de-WhatsApp-2025-12-16-a-las-08.09.04_12220d6a-300x178.jpg 300w, https:\/\/proyeccionedomex.com.mx\/wp-content\/uploads\/2025\/12\/Imagen-de-WhatsApp-2025-12-16-a-las-08.09.04_12220d6a-768x457.jpg 768w, https:\/\/proyeccionedomex.com.mx\/wp-content\/uploads\/2025\/12\/Imagen-de-WhatsApp-2025-12-16-a-las-08.09.04_12220d6a-696x414.jpg 696w, https:\/\/proyeccionedomex.com.mx\/wp-content\/uploads\/2025\/12\/Imagen-de-WhatsApp-2025-12-16-a-las-08.09.04_12220d6a-706x420.jpg 706w, https:\/\/proyeccionedomex.com.mx\/wp-content\/uploads\/2025\/12\/Imagen-de-WhatsApp-2025-12-16-a-las-08.09.04_12220d6a.jpg 1032w\" sizes=\"auto, (max-width: 1024px) 100vw, 1024px\" \/><\/figure>\n\n\n\n<figure class=\"wp-block-image size-large td-caption-align-https:\/\/proyeccionedomex.com.mx\/wp-content\/uploads\/2025\/12\/Imagen-de-WhatsApp-2025-12-16-a-las-08.09.04_1966adc0.jpg\"><img loading=\"lazy\" decoding=\"async\" width=\"1024\" height=\"577\" data-id=\"10354\" src=\"https:\/\/proyeccionedomex.com.mx\/wp-content\/uploads\/2025\/12\/Imagen-de-WhatsApp-2025-12-16-a-las-08.09.04_1966adc0-1024x577.jpg\" alt=\"\" class=\"wp-image-10354\" srcset=\"https:\/\/proyeccionedomex.com.mx\/wp-content\/uploads\/2025\/12\/Imagen-de-WhatsApp-2025-12-16-a-las-08.09.04_1966adc0-1024x577.jpg 1024w, https:\/\/proyeccionedomex.com.mx\/wp-content\/uploads\/2025\/12\/Imagen-de-WhatsApp-2025-12-16-a-las-08.09.04_1966adc0-300x169.jpg 300w, https:\/\/proyeccionedomex.com.mx\/wp-content\/uploads\/2025\/12\/Imagen-de-WhatsApp-2025-12-16-a-las-08.09.04_1966adc0-768x433.jpg 768w, https:\/\/proyeccionedomex.com.mx\/wp-content\/uploads\/2025\/12\/Imagen-de-WhatsApp-2025-12-16-a-las-08.09.04_1966adc0-696x392.jpg 696w, https:\/\/proyeccionedomex.com.mx\/wp-content\/uploads\/2025\/12\/Imagen-de-WhatsApp-2025-12-16-a-las-08.09.04_1966adc0-1068x602.jpg 1068w, https:\/\/proyeccionedomex.com.mx\/wp-content\/uploads\/2025\/12\/Imagen-de-WhatsApp-2025-12-16-a-las-08.09.04_1966adc0-746x420.jpg 746w, https:\/\/proyeccionedomex.com.mx\/wp-content\/uploads\/2025\/12\/Imagen-de-WhatsApp-2025-12-16-a-las-08.09.04_1966adc0.jpg 1170w\" sizes=\"auto, (max-width: 1024px) 100vw, 1024px\" \/><\/figure>\n\n\n\n<figure class=\"wp-block-image size-large td-caption-align-https:\/\/proyeccionedomex.com.mx\/wp-content\/uploads\/2025\/12\/Imagen-de-WhatsApp-2025-12-16-a-las-08.09.04_3486488b.jpg\"><img loading=\"lazy\" decoding=\"async\" width=\"1024\" height=\"576\" data-id=\"10355\" src=\"https:\/\/proyeccionedomex.com.mx\/wp-content\/uploads\/2025\/12\/Imagen-de-WhatsApp-2025-12-16-a-las-08.09.04_3486488b-1024x576.jpg\" alt=\"\" class=\"wp-image-10355\" srcset=\"https:\/\/proyeccionedomex.com.mx\/wp-content\/uploads\/2025\/12\/Imagen-de-WhatsApp-2025-12-16-a-las-08.09.04_3486488b-1024x576.jpg 1024w, https:\/\/proyeccionedomex.com.mx\/wp-content\/uploads\/2025\/12\/Imagen-de-WhatsApp-2025-12-16-a-las-08.09.04_3486488b-300x169.jpg 300w, https:\/\/proyeccionedomex.com.mx\/wp-content\/uploads\/2025\/12\/Imagen-de-WhatsApp-2025-12-16-a-las-08.09.04_3486488b-768x432.jpg 768w, https:\/\/proyeccionedomex.com.mx\/wp-content\/uploads\/2025\/12\/Imagen-de-WhatsApp-2025-12-16-a-las-08.09.04_3486488b-696x391.jpg 696w, https:\/\/proyeccionedomex.com.mx\/wp-content\/uploads\/2025\/12\/Imagen-de-WhatsApp-2025-12-16-a-las-08.09.04_3486488b-1068x601.jpg 1068w, https:\/\/proyeccionedomex.com.mx\/wp-content\/uploads\/2025\/12\/Imagen-de-WhatsApp-2025-12-16-a-las-08.09.04_3486488b-747x420.jpg 747w, https:\/\/proyeccionedomex.com.mx\/wp-content\/uploads\/2025\/12\/Imagen-de-WhatsApp-2025-12-16-a-las-08.09.04_3486488b.jpg 1170w\" sizes=\"auto, (max-width: 1024px) 100vw, 1024px\" \/><\/figure>\n<\/figure>\n\n\n\n<p>INVITAN AL XXXI ENCUENTRO FRATERNAL DE LA DANZA DE ARRIEROS EN LERMA<\/p>\n\n\n\n<ul class=\"wp-block-list\">\n<li>Santiago Analco ser\u00e1 sede de una de las expresiones culturales m\u00e1s emblem\u00e1ticas del Estado de M\u00e9xico<\/li>\n\n\n\n<li>Se espera la asistencia de m\u00e1s de 30 mil personas provenientes de distintas regiones<\/li>\n<\/ul>\n\n\n\n<p>La comunidad de Santiago Analco, en el municipio de Lerma, ser\u00e1 sede del XXXI Encuentro Fraternal de la Danza de Arrieros del Estado de M\u00e9xico y la Ciudad de M\u00e9xico, una de las manifestaciones culturales m\u00e1s representativas de la regi\u00f3n, que se llevar\u00e1 a cabo el 11 de enero de 2026.<\/p>\n\n\n\n<p>El evento es organizado por la Danza de Arrieros El Chamizal 1935, agrupaci\u00f3n anfitriona con una profunda tradici\u00f3n hist\u00f3rica, y tiene como prop\u00f3sito fortalecer la identidad cultural, preservar las costumbres ancestrales y promover el reconocimiento de las expresiones populares que dan vida a las comunidades lermenses.<\/p>\n\n\n\n<p>Las y los organizadores hicieron una invitaci\u00f3n abierta a la ciudadan\u00eda para que asista y conozca de cerca las tradiciones y costumbres propias del municipio de Lerma y de sus comunidades, en un encuentro que reunir\u00e1 a danzas provenientes de diversos puntos del Estado de M\u00e9xico y de la Ciudad de M\u00e9xico.<\/p>\n\n\n\n<p>Se prev\u00e9 la asistencia de m\u00e1s de 30 mil personas, lo que consolida a este encuentro como uno de los eventos culturales m\u00e1s importantes de la regi\u00f3n, tanto por su arraigo comunitario como por su impacto social y tur\u00edstico.<\/p>\n\n\n\n<p>Destaca la colaboraci\u00f3n conjunta de las y los vecinos de Santiago Analco, quienes participar\u00e1n activamente en la recepci\u00f3n y atenci\u00f3n de las danzas visitantes, reafirmando el esp\u00edritu solidario y fraterno que caracteriza a esta festividad.<\/p>\n\n\n\n<p>Asimismo, se reconoce el respaldo de la administraci\u00f3n municipal de Lerma, encabezada por el presidente Miguel \u00c1ngel Ram\u00edrez Ponce, cuyo apoyo ha sido fundamental para la realizaci\u00f3n y log\u00edstica de este encuentro, fortaleciendo as\u00ed la promoci\u00f3n y preservaci\u00f3n del patrimonio cultural del municipio.<\/p>\n\n\n\n<p>El XXXI Encuentro Fraternal de la Danza de Arrieros representa no solo una celebraci\u00f3n cultural, sino un espacio de convivencia, identidad y orgullo comunitario que mantiene vivas las ra\u00edces de Lerma y del Estado&nbsp;de&nbsp;M\u00e9xico.<\/p>\n","protected":false},"excerpt":{"rendered":"<p>INVITAN AL XXXI ENCUENTRO FRATERNAL DE LA DANZA DE ARRIEROS EN LERMA La comunidad de Santiago Analco, en el municipio de Lerma, ser\u00e1 sede del XXXI Encuentro Fraternal de la Danza de Arrieros del Estado de M\u00e9xico y la Ciudad de M\u00e9xico, una de las manifestaciones culturales m\u00e1s representativas de la regi\u00f3n, que se llevar\u00e1 [&hellip;]<\/p>\n","protected":false},"author":1,"featured_media":10356,"comment_status":"open","ping_status":"closed","sticky":false,"template":"","format":"standard","meta":{"footnotes":""},"categories":[1],"tags":[],"class_list":{"0":"post-10352","1":"post","2":"type-post","3":"status-publish","4":"format-standard","5":"has-post-thumbnail","7":"category-politica"},"yoast_head":"<!-- This site is optimized with the Yoast SEO plugin v27.5 - https:\/\/yoast.com\/product\/yoast-seo-wordpress\/ -->\n<title>INVITAN AL XXXI ENCUENTRO FRATERNAL DE LA DANZA DE ARRIEROS EN LERMA - Proyecci\u00f3n Estado de M\u00e9xico<\/title>\n<meta name=\"robots\" content=\"index, follow, max-snippet:-1, max-image-preview:large, max-video-preview:-1\" \/>\n<link rel=\"canonical\" href=\"https:\/\/proyeccionedomex.com.mx\/?p=10352\" \/>\n<meta property=\"og:locale\" content=\"es_ES\" \/>\n<meta property=\"og:type\" content=\"article\" \/>\n<meta property=\"og:title\" content=\"INVITAN AL XXXI ENCUENTRO FRATERNAL DE LA DANZA DE ARRIEROS EN LERMA - Proyecci\u00f3n Estado de M\u00e9xico\" \/>\n<meta property=\"og:description\" content=\"INVITAN AL XXXI ENCUENTRO FRATERNAL DE LA DANZA DE ARRIEROS EN LERMA La comunidad de Santiago Analco, en el municipio de Lerma, ser\u00e1 sede del XXXI Encuentro Fraternal de la Danza de Arrieros del Estado de M\u00e9xico y la Ciudad de M\u00e9xico, una de las manifestaciones culturales m\u00e1s representativas de la regi\u00f3n, que se llevar\u00e1 [&hellip;]\" \/>\n<meta property=\"og:url\" content=\"https:\/\/proyeccionedomex.com.mx\/?p=10352\" \/>\n<meta property=\"og:site_name\" content=\"Proyecci\u00f3n Estado de M\u00e9xico\" \/>\n<meta property=\"article:publisher\" content=\"https:\/\/www.facebook.com\/PortaldeNoticiasProyeccionEdomex\" \/>\n<meta property=\"article:published_time\" content=\"2025-12-16T15:17:04+00:00\" \/>\n<meta property=\"article:modified_time\" content=\"2025-12-16T15:17:11+00:00\" \/>\n<meta property=\"og:image\" content=\"https:\/\/proyeccionedomex.com.mx\/wp-content\/uploads\/2025\/12\/Imagen-de-WhatsApp-2025-12-16-a-las-08.09.04_12220d6a.jpg\" \/>\n\t<meta property=\"og:image:width\" content=\"1032\" \/>\n\t<meta property=\"og:image:height\" content=\"614\" \/>\n\t<meta property=\"og:image:type\" content=\"image\/jpeg\" \/>\n<meta name=\"author\" content=\"Redacci\u00f3n Proyecci\u00f3n EDOM\u00c9X\" \/>\n<meta name=\"twitter:card\" content=\"summary_large_image\" \/>\n<meta name=\"twitter:label1\" content=\"Escrito por\" \/>\n\t<meta name=\"twitter:data1\" content=\"Redacci\u00f3n Proyecci\u00f3n EDOM\u00c9X\" \/>\n\t<meta name=\"twitter:label2\" content=\"Tiempo de lectura\" \/>\n\t<meta name=\"twitter:data2\" content=\"2 minutos\" \/>\n<script type=\"application\/ld+json\" class=\"yoast-schema-graph\">{\"@context\":\"https:\\\/\\\/schema.org\",\"@graph\":[{\"@type\":\"Article\",\"@id\":\"https:\\\/\\\/proyeccionedomex.com.mx\\\/?p=10352#article\",\"isPartOf\":{\"@id\":\"https:\\\/\\\/proyeccionedomex.com.mx\\\/?p=10352\"},\"author\":{\"name\":\"Redacci\u00f3n Proyecci\u00f3n EDOM\u00c9X\",\"@id\":\"https:\\\/\\\/proyeccionedomex.com.mx\\\/#\\\/schema\\\/person\\\/2e66b5427bffed972a69e6b66b4e3a76\"},\"headline\":\"INVITAN AL XXXI ENCUENTRO FRATERNAL DE LA DANZA DE ARRIEROS EN LERMA\",\"datePublished\":\"2025-12-16T15:17:04+00:00\",\"dateModified\":\"2025-12-16T15:17:11+00:00\",\"mainEntityOfPage\":{\"@id\":\"https:\\\/\\\/proyeccionedomex.com.mx\\\/?p=10352\"},\"wordCount\":387,\"commentCount\":0,\"publisher\":{\"@id\":\"https:\\\/\\\/proyeccionedomex.com.mx\\\/#organization\"},\"image\":{\"@id\":\"https:\\\/\\\/proyeccionedomex.com.mx\\\/?p=10352#primaryimage\"},\"thumbnailUrl\":\"https:\\\/\\\/proyeccionedomex.com.mx\\\/wp-content\\\/uploads\\\/2025\\\/12\\\/Imagen-de-WhatsApp-2025-12-16-a-las-08.09.04_12220d6a.jpg\",\"articleSection\":[\"Politica\"],\"inLanguage\":\"es\",\"potentialAction\":[{\"@type\":\"CommentAction\",\"name\":\"Comment\",\"target\":[\"https:\\\/\\\/proyeccionedomex.com.mx\\\/?p=10352#respond\"]}]},{\"@type\":\"WebPage\",\"@id\":\"https:\\\/\\\/proyeccionedomex.com.mx\\\/?p=10352\",\"url\":\"https:\\\/\\\/proyeccionedomex.com.mx\\\/?p=10352\",\"name\":\"INVITAN AL XXXI ENCUENTRO FRATERNAL DE LA DANZA DE ARRIEROS EN LERMA - Proyecci\u00f3n Estado de M\u00e9xico\",\"isPartOf\":{\"@id\":\"https:\\\/\\\/proyeccionedomex.com.mx\\\/#website\"},\"primaryImageOfPage\":{\"@id\":\"https:\\\/\\\/proyeccionedomex.com.mx\\\/?p=10352#primaryimage\"},\"image\":{\"@id\":\"https:\\\/\\\/proyeccionedomex.com.mx\\\/?p=10352#primaryimage\"},\"thumbnailUrl\":\"https:\\\/\\\/proyeccionedomex.com.mx\\\/wp-content\\\/uploads\\\/2025\\\/12\\\/Imagen-de-WhatsApp-2025-12-16-a-las-08.09.04_12220d6a.jpg\",\"datePublished\":\"2025-12-16T15:17:04+00:00\",\"dateModified\":\"2025-12-16T15:17:11+00:00\",\"breadcrumb\":{\"@id\":\"https:\\\/\\\/proyeccionedomex.com.mx\\\/?p=10352#breadcrumb\"},\"inLanguage\":\"es\",\"potentialAction\":[{\"@type\":\"ReadAction\",\"target\":[\"https:\\\/\\\/proyeccionedomex.com.mx\\\/?p=10352\"]}]},{\"@type\":\"ImageObject\",\"inLanguage\":\"es\",\"@id\":\"https:\\\/\\\/proyeccionedomex.com.mx\\\/?p=10352#primaryimage\",\"url\":\"https:\\\/\\\/proyeccionedomex.com.mx\\\/wp-content\\\/uploads\\\/2025\\\/12\\\/Imagen-de-WhatsApp-2025-12-16-a-las-08.09.04_12220d6a.jpg\",\"contentUrl\":\"https:\\\/\\\/proyeccionedomex.com.mx\\\/wp-content\\\/uploads\\\/2025\\\/12\\\/Imagen-de-WhatsApp-2025-12-16-a-las-08.09.04_12220d6a.jpg\",\"width\":1032,\"height\":614},{\"@type\":\"BreadcrumbList\",\"@id\":\"https:\\\/\\\/proyeccionedomex.com.mx\\\/?p=10352#breadcrumb\",\"itemListElement\":[{\"@type\":\"ListItem\",\"position\":1,\"name\":\"Portada\",\"item\":\"https:\\\/\\\/proyeccionedomex.com.mx\\\/\"},{\"@type\":\"ListItem\",\"position\":2,\"name\":\"INVITAN AL XXXI ENCUENTRO FRATERNAL DE LA DANZA DE ARRIEROS EN LERMA\"}]},{\"@type\":\"WebSite\",\"@id\":\"https:\\\/\\\/proyeccionedomex.com.mx\\\/#website\",\"url\":\"https:\\\/\\\/proyeccionedomex.com.mx\\\/\",\"name\":\"Proyecci\u00f3n Estado de M\u00e9xico\",\"description\":\"Proyecci\u00f3n Edo. Mex.\",\"publisher\":{\"@id\":\"https:\\\/\\\/proyeccionedomex.com.mx\\\/#organization\"},\"potentialAction\":[{\"@type\":\"SearchAction\",\"target\":{\"@type\":\"EntryPoint\",\"urlTemplate\":\"https:\\\/\\\/proyeccionedomex.com.mx\\\/?s={search_term_string}\"},\"query-input\":{\"@type\":\"PropertyValueSpecification\",\"valueRequired\":true,\"valueName\":\"search_term_string\"}}],\"inLanguage\":\"es\"},{\"@type\":\"Organization\",\"@id\":\"https:\\\/\\\/proyeccionedomex.com.mx\\\/#organization\",\"name\":\"Proyecci\u00f3n Estado de M\u00e9xico\",\"url\":\"https:\\\/\\\/proyeccionedomex.com.mx\\\/\",\"logo\":{\"@type\":\"ImageObject\",\"inLanguage\":\"es\",\"@id\":\"https:\\\/\\\/proyeccionedomex.com.mx\\\/#\\\/schema\\\/logo\\\/image\\\/\",\"url\":\"https:\\\/\\\/proyeccionedomex.com.mx\\\/wp-content\\\/uploads\\\/2024\\\/03\\\/proyeccion.jpg\",\"contentUrl\":\"https:\\\/\\\/proyeccionedomex.com.mx\\\/wp-content\\\/uploads\\\/2024\\\/03\\\/proyeccion.jpg\",\"width\":1143,\"height\":801,\"caption\":\"Proyecci\u00f3n Estado de M\u00e9xico\"},\"image\":{\"@id\":\"https:\\\/\\\/proyeccionedomex.com.mx\\\/#\\\/schema\\\/logo\\\/image\\\/\"},\"sameAs\":[\"https:\\\/\\\/www.facebook.com\\\/PortaldeNoticiasProyeccionEdomex\"]},{\"@type\":\"Person\",\"@id\":\"https:\\\/\\\/proyeccionedomex.com.mx\\\/#\\\/schema\\\/person\\\/2e66b5427bffed972a69e6b66b4e3a76\",\"name\":\"Redacci\u00f3n Proyecci\u00f3n EDOM\u00c9X\",\"image\":{\"@type\":\"ImageObject\",\"inLanguage\":\"es\",\"@id\":\"https:\\\/\\\/secure.gravatar.com\\\/avatar\\\/f43a2254d614198c44c96f86f1f078a06cac3d39a3250e9245aa331797519cab?s=96&d=mm&r=g\",\"url\":\"https:\\\/\\\/secure.gravatar.com\\\/avatar\\\/f43a2254d614198c44c96f86f1f078a06cac3d39a3250e9245aa331797519cab?s=96&d=mm&r=g\",\"contentUrl\":\"https:\\\/\\\/secure.gravatar.com\\\/avatar\\\/f43a2254d614198c44c96f86f1f078a06cac3d39a3250e9245aa331797519cab?s=96&d=mm&r=g\",\"caption\":\"Redacci\u00f3n Proyecci\u00f3n EDOM\u00c9X\"},\"sameAs\":[\"https:\\\/\\\/proyeccionedomex.com.mx\"],\"url\":\"https:\\\/\\\/proyeccionedomex.com.mx\\\/?author=1\"}]}<\/script>\n<!-- \/ Yoast SEO plugin. -->","yoast_head_json":{"title":"INVITAN AL XXXI ENCUENTRO FRATERNAL DE LA DANZA DE ARRIEROS EN LERMA - Proyecci\u00f3n Estado de M\u00e9xico","robots":{"index":"index","follow":"follow","max-snippet":"max-snippet:-1","max-image-preview":"max-image-preview:large","max-video-preview":"max-video-preview:-1"},"canonical":"https:\/\/proyeccionedomex.com.mx\/?p=10352","og_locale":"es_ES","og_type":"article","og_title":"INVITAN AL XXXI ENCUENTRO FRATERNAL DE LA DANZA DE ARRIEROS EN LERMA - Proyecci\u00f3n Estado de M\u00e9xico","og_description":"INVITAN AL XXXI ENCUENTRO FRATERNAL DE LA DANZA DE ARRIEROS EN LERMA La comunidad de Santiago Analco, en el municipio de Lerma, ser\u00e1 sede del XXXI Encuentro Fraternal de la Danza de Arrieros del Estado de M\u00e9xico y la Ciudad de M\u00e9xico, una de las manifestaciones culturales m\u00e1s representativas de la regi\u00f3n, que se llevar\u00e1 [&hellip;]","og_url":"https:\/\/proyeccionedomex.com.mx\/?p=10352","og_site_name":"Proyecci\u00f3n Estado de M\u00e9xico","article_publisher":"https:\/\/www.facebook.com\/PortaldeNoticiasProyeccionEdomex","article_published_time":"2025-12-16T15:17:04+00:00","article_modified_time":"2025-12-16T15:17:11+00:00","og_image":[{"width":1032,"height":614,"url":"https:\/\/proyeccionedomex.com.mx\/wp-content\/uploads\/2025\/12\/Imagen-de-WhatsApp-2025-12-16-a-las-08.09.04_12220d6a.jpg","type":"image\/jpeg"}],"author":"Redacci\u00f3n Proyecci\u00f3n EDOM\u00c9X","twitter_card":"summary_large_image","twitter_misc":{"Escrito por":"Redacci\u00f3n Proyecci\u00f3n EDOM\u00c9X","Tiempo de lectura":"2 minutos"},"schema":{"@context":"https:\/\/schema.org","@graph":[{"@type":"Article","@id":"https:\/\/proyeccionedomex.com.mx\/?p=10352#article","isPartOf":{"@id":"https:\/\/proyeccionedomex.com.mx\/?p=10352"},"author":{"name":"Redacci\u00f3n Proyecci\u00f3n EDOM\u00c9X","@id":"https:\/\/proyeccionedomex.com.mx\/#\/schema\/person\/2e66b5427bffed972a69e6b66b4e3a76"},"headline":"INVITAN AL XXXI ENCUENTRO FRATERNAL DE LA DANZA DE ARRIEROS EN LERMA","datePublished":"2025-12-16T15:17:04+00:00","dateModified":"2025-12-16T15:17:11+00:00","mainEntityOfPage":{"@id":"https:\/\/proyeccionedomex.com.mx\/?p=10352"},"wordCount":387,"commentCount":0,"publisher":{"@id":"https:\/\/proyeccionedomex.com.mx\/#organization"},"image":{"@id":"https:\/\/proyeccionedomex.com.mx\/?p=10352#primaryimage"},"thumbnailUrl":"https:\/\/proyeccionedomex.com.mx\/wp-content\/uploads\/2025\/12\/Imagen-de-WhatsApp-2025-12-16-a-las-08.09.04_12220d6a.jpg","articleSection":["Politica"],"inLanguage":"es","potentialAction":[{"@type":"CommentAction","name":"Comment","target":["https:\/\/proyeccionedomex.com.mx\/?p=10352#respond"]}]},{"@type":"WebPage","@id":"https:\/\/proyeccionedomex.com.mx\/?p=10352","url":"https:\/\/proyeccionedomex.com.mx\/?p=10352","name":"INVITAN AL XXXI ENCUENTRO FRATERNAL DE LA DANZA DE ARRIEROS EN LERMA - Proyecci\u00f3n Estado de M\u00e9xico","isPartOf":{"@id":"https:\/\/proyeccionedomex.com.mx\/#website"},"primaryImageOfPage":{"@id":"https:\/\/proyeccionedomex.com.mx\/?p=10352#primaryimage"},"image":{"@id":"https:\/\/proyeccionedomex.com.mx\/?p=10352#primaryimage"},"thumbnailUrl":"https:\/\/proyeccionedomex.com.mx\/wp-content\/uploads\/2025\/12\/Imagen-de-WhatsApp-2025-12-16-a-las-08.09.04_12220d6a.jpg","datePublished":"2025-12-16T15:17:04+00:00","dateModified":"2025-12-16T15:17:11+00:00","breadcrumb":{"@id":"https:\/\/proyeccionedomex.com.mx\/?p=10352#breadcrumb"},"inLanguage":"es","potentialAction":[{"@type":"ReadAction","target":["https:\/\/proyeccionedomex.com.mx\/?p=10352"]}]},{"@type":"ImageObject","inLanguage":"es","@id":"https:\/\/proyeccionedomex.com.mx\/?p=10352#primaryimage","url":"https:\/\/proyeccionedomex.com.mx\/wp-content\/uploads\/2025\/12\/Imagen-de-WhatsApp-2025-12-16-a-las-08.09.04_12220d6a.jpg","contentUrl":"https:\/\/proyeccionedomex.com.mx\/wp-content\/uploads\/2025\/12\/Imagen-de-WhatsApp-2025-12-16-a-las-08.09.04_12220d6a.jpg","width":1032,"height":614},{"@type":"BreadcrumbList","@id":"https:\/\/proyeccionedomex.com.mx\/?p=10352#breadcrumb","itemListElement":[{"@type":"ListItem","position":1,"name":"Portada","item":"https:\/\/proyeccionedomex.com.mx\/"},{"@type":"ListItem","position":2,"name":"INVITAN AL XXXI ENCUENTRO FRATERNAL DE LA DANZA DE ARRIEROS EN LERMA"}]},{"@type":"WebSite","@id":"https:\/\/proyeccionedomex.com.mx\/#website","url":"https:\/\/proyeccionedomex.com.mx\/","name":"Proyecci\u00f3n Estado de M\u00e9xico","description":"Proyecci\u00f3n Edo. Mex.","publisher":{"@id":"https:\/\/proyeccionedomex.com.mx\/#organization"},"potentialAction":[{"@type":"SearchAction","target":{"@type":"EntryPoint","urlTemplate":"https:\/\/proyeccionedomex.com.mx\/?s={search_term_string}"},"query-input":{"@type":"PropertyValueSpecification","valueRequired":true,"valueName":"search_term_string"}}],"inLanguage":"es"},{"@type":"Organization","@id":"https:\/\/proyeccionedomex.com.mx\/#organization","name":"Proyecci\u00f3n Estado de M\u00e9xico","url":"https:\/\/proyeccionedomex.com.mx\/","logo":{"@type":"ImageObject","inLanguage":"es","@id":"https:\/\/proyeccionedomex.com.mx\/#\/schema\/logo\/image\/","url":"https:\/\/proyeccionedomex.com.mx\/wp-content\/uploads\/2024\/03\/proyeccion.jpg","contentUrl":"https:\/\/proyeccionedomex.com.mx\/wp-content\/uploads\/2024\/03\/proyeccion.jpg","width":1143,"height":801,"caption":"Proyecci\u00f3n Estado de M\u00e9xico"},"image":{"@id":"https:\/\/proyeccionedomex.com.mx\/#\/schema\/logo\/image\/"},"sameAs":["https:\/\/www.facebook.com\/PortaldeNoticiasProyeccionEdomex"]},{"@type":"Person","@id":"https:\/\/proyeccionedomex.com.mx\/#\/schema\/person\/2e66b5427bffed972a69e6b66b4e3a76","name":"Redacci\u00f3n Proyecci\u00f3n EDOM\u00c9X","image":{"@type":"ImageObject","inLanguage":"es","@id":"https:\/\/secure.gravatar.com\/avatar\/f43a2254d614198c44c96f86f1f078a06cac3d39a3250e9245aa331797519cab?s=96&d=mm&r=g","url":"https:\/\/secure.gravatar.com\/avatar\/f43a2254d614198c44c96f86f1f078a06cac3d39a3250e9245aa331797519cab?s=96&d=mm&r=g","contentUrl":"https:\/\/secure.gravatar.com\/avatar\/f43a2254d614198c44c96f86f1f078a06cac3d39a3250e9245aa331797519cab?s=96&d=mm&r=g","caption":"Redacci\u00f3n Proyecci\u00f3n EDOM\u00c9X"},"sameAs":["https:\/\/proyeccionedomex.com.mx"],"url":"https:\/\/proyeccionedomex.com.mx\/?author=1"}]}},"_links":{"self":[{"href":"https:\/\/proyeccionedomex.com.mx\/index.php?rest_route=\/wp\/v2\/posts\/10352","targetHints":{"allow":["GET"]}}],"collection":[{"href":"https:\/\/proyeccionedomex.com.mx\/index.php?rest_route=\/wp\/v2\/posts"}],"about":[{"href":"https:\/\/proyeccionedomex.com.mx\/index.php?rest_route=\/wp\/v2\/types\/post"}],"author":[{"embeddable":true,"href":"https:\/\/proyeccionedomex.com.mx\/index.php?rest_route=\/wp\/v2\/users\/1"}],"replies":[{"embeddable":true,"href":"https:\/\/proyeccionedomex.com.mx\/index.php?rest_route=%2Fwp%2Fv2%2Fcomments&post=10352"}],"version-history":[{"count":1,"href":"https:\/\/proyeccionedomex.com.mx\/index.php?rest_route=\/wp\/v2\/posts\/10352\/revisions"}],"predecessor-version":[{"id":10357,"href":"https:\/\/proyeccionedomex.com.mx\/index.php?rest_route=\/wp\/v2\/posts\/10352\/revisions\/10357"}],"wp:featuredmedia":[{"embeddable":true,"href":"https:\/\/proyeccionedomex.com.mx\/index.php?rest_route=\/wp\/v2\/media\/10356"}],"wp:attachment":[{"href":"https:\/\/proyeccionedomex.com.mx\/index.php?rest_route=%2Fwp%2Fv2%2Fmedia&parent=10352"}],"wp:term":[{"taxonomy":"category","embeddable":true,"href":"https:\/\/proyeccionedomex.com.mx\/index.php?rest_route=%2Fwp%2Fv2%2Fcategories&post=10352"},{"taxonomy":"post_tag","embeddable":true,"href":"https:\/\/proyeccionedomex.com.mx\/index.php?rest_route=%2Fwp%2Fv2%2Ftags&post=10352"}],"curies":[{"name":"wp","href":"https:\/\/api.w.org\/{rel}","templated":true}]}}