{"id":11350,"date":"2026-02-20T14:46:02","date_gmt":"2026-02-20T14:46:02","guid":{"rendered":"https:\/\/proyeccionedomex.com.mx\/?p=11350"},"modified":"2026-02-20T14:46:08","modified_gmt":"2026-02-20T14:46:08","slug":"cinco-paratletas-del-edomex-representaran-a-mexico-en-el-campeonato-panamericano-de-ciclismo-en-brasil","status":"publish","type":"post","link":"https:\/\/proyeccionedomex.com.mx\/?p=11350","title":{"rendered":"Cinco paratletas del EdoM\u00e9x representar\u00e1n a M\u00e9xico en el Campeonato Panamericano de Ciclismo en Brasil"},"content":{"rendered":"\n<figure class=\"wp-block-image size-large td-caption-align-https:\/\/proyeccionedomex.com.mx\/wp-content\/uploads\/2026\/02\/image-29.jpeg\"><img loading=\"lazy\" decoding=\"async\" width=\"1024\" height=\"682\" src=\"https:\/\/proyeccionedomex.com.mx\/wp-content\/uploads\/2026\/02\/image-29-1024x682.jpeg\" alt=\"\" class=\"wp-image-11351\" srcset=\"https:\/\/proyeccionedomex.com.mx\/wp-content\/uploads\/2026\/02\/image-29-1024x682.jpeg 1024w, https:\/\/proyeccionedomex.com.mx\/wp-content\/uploads\/2026\/02\/image-29-300x200.jpeg 300w, https:\/\/proyeccionedomex.com.mx\/wp-content\/uploads\/2026\/02\/image-29-768x512.jpeg 768w, https:\/\/proyeccionedomex.com.mx\/wp-content\/uploads\/2026\/02\/image-29-1536x1023.jpeg 1536w, https:\/\/proyeccionedomex.com.mx\/wp-content\/uploads\/2026\/02\/image-29-696x464.jpeg 696w, https:\/\/proyeccionedomex.com.mx\/wp-content\/uploads\/2026\/02\/image-29-1068x712.jpeg 1068w, https:\/\/proyeccionedomex.com.mx\/wp-content\/uploads\/2026\/02\/image-29-630x420.jpeg 630w, https:\/\/proyeccionedomex.com.mx\/wp-content\/uploads\/2026\/02\/image-29.jpeg 1600w\" sizes=\"auto, (max-width: 1024px) 100vw, 1024px\" \/><\/figure>\n\n\n\n<p>Cinco paratletas del EdoM\u00e9x representar\u00e1n a M\u00e9xico en el Campeonato Panamericano de Ciclismo en Brasil<\/p>\n\n\n\n<p>Cinco mexiquenses consiguieron su clasificaci\u00f3n para representar a M\u00e9xico en la disciplina de Paraciclismo en el Campeonato Panamericano de Pista y Ruta, que se realizar\u00e1 en Indaiatuba, S\u00e3o Paulo, Brasil, del 25 de febrero al 1 de marzo; as\u00ed lo inform\u00f3 el Instituto del Deporte del Estado de M\u00e9xico (IDEM\u00c9X), organismo descentralizado de la Secretar\u00eda de Educaci\u00f3n, Ciencia, Tecnolog\u00eda e Innovaci\u00f3n (SECTI), encabezada por Miguel \u00c1ngel Hern\u00e1ndez Espejel.<\/p>\n\n\n\n<p>Al respecto, Miguel \u00c1ngel S\u00e1nchez Gonz\u00e1lez, Director General del IDEMEX, se\u00f1al\u00f3 que las y los mexiquenses que forman parte de la Selecci\u00f3n Nacional de Paraciclismo son Mar\u00eda Jimena Navarro V\u00e1zquez, Mar\u00eda Isabel Le\u00f3n Moncada, Ernesto Olmos Mart\u00ednez, Luis Gustavo Hern\u00e1ndez Cabrera y Ricardo Rinc\u00f3n Gallardo Diep.<\/p>\n\n\n\n<p>Detall\u00f3 que el proceso selectivo inici\u00f3 en enero con el Campeonato Nacional de Pista y los resultados permitieron a los paratletas participar en el Selectivo Nacional realizado a inicios de febrero en el Parque Ecol\u00f3gico Lago de Texcoco.<\/p>\n\n\n\n<p>Para la modalidad de Pista y Ruta clasificaron Mar\u00eda Jimena Navarro V\u00e1zquez y Mar\u00eda Isabel Le\u00f3n Moncada, que consiguieron el 1-2 respectivamente de la clase deportiva WC4 femenil; mientras que Ernesto Olmos Mart\u00ednez qued\u00f3 en 1er. lugar de la clase deportiva MC4 Varonil y Luis Gustavo Hern\u00e1ndez Cabrera obtuvo el 1er. lugar de la clase deportiva MC5 varonil.<\/p>\n\n\n\n<p>Y para la modalidad de Ruta, el paratleta clasificado fue Ricardo Rinc\u00f3n Gallardo Diep, quien gan\u00f3 el 1er. lugar de la clase deportiva MH3 Varonil. Ellos se unen a cinco atletas m\u00e1s del pa\u00eds para integrar el selectivo nacional.<\/p>\n\n\n\n<p>El Gobierno del Estado de M\u00e9xico, encabezado por la Maestra Delfina G\u00f3mez \u00c1lvarez, refrenda su compromiso con las y los deportistas mexiquense que con orgullo y pasi\u00f3n representan a la entidad y al pa\u00eds<\/p>\n","protected":false},"excerpt":{"rendered":"<p>Cinco paratletas del EdoM\u00e9x representar\u00e1n a M\u00e9xico en el Campeonato Panamericano de Ciclismo en Brasil Cinco mexiquenses consiguieron su clasificaci\u00f3n para representar a M\u00e9xico en la disciplina de Paraciclismo en el Campeonato Panamericano de Pista y Ruta, que se realizar\u00e1 en Indaiatuba, S\u00e3o Paulo, Brasil, del 25 de febrero al 1 de marzo; as\u00ed lo [&hellip;]<\/p>\n","protected":false},"author":1,"featured_media":11351,"comment_status":"open","ping_status":"closed","sticky":false,"template":"","format":"standard","meta":{"footnotes":""},"categories":[124],"tags":[],"class_list":{"0":"post-11350","1":"post","2":"type-post","3":"status-publish","4":"format-standard","5":"has-post-thumbnail","7":"category-deporte"},"yoast_head":"<!-- This site is optimized with the Yoast SEO plugin v27.5 - https:\/\/yoast.com\/product\/yoast-seo-wordpress\/ -->\n<title>Cinco paratletas del EdoM\u00e9x representar\u00e1n a M\u00e9xico en el Campeonato Panamericano de Ciclismo en Brasil - Proyecci\u00f3n Estado de M\u00e9xico<\/title>\n<meta name=\"robots\" content=\"index, follow, max-snippet:-1, max-image-preview:large, max-video-preview:-1\" \/>\n<link rel=\"canonical\" href=\"https:\/\/proyeccionedomex.com.mx\/?p=11350\" \/>\n<meta property=\"og:locale\" content=\"es_ES\" \/>\n<meta property=\"og:type\" content=\"article\" \/>\n<meta property=\"og:title\" content=\"Cinco paratletas del EdoM\u00e9x representar\u00e1n a M\u00e9xico en el Campeonato Panamericano de Ciclismo en Brasil - Proyecci\u00f3n Estado de M\u00e9xico\" \/>\n<meta property=\"og:description\" content=\"Cinco paratletas del EdoM\u00e9x representar\u00e1n a M\u00e9xico en el Campeonato Panamericano de Ciclismo en Brasil Cinco mexiquenses consiguieron su clasificaci\u00f3n para representar a M\u00e9xico en la disciplina de Paraciclismo en el Campeonato Panamericano de Pista y Ruta, que se realizar\u00e1 en Indaiatuba, S\u00e3o Paulo, Brasil, del 25 de febrero al 1 de marzo; as\u00ed lo [&hellip;]\" \/>\n<meta property=\"og:url\" content=\"https:\/\/proyeccionedomex.com.mx\/?p=11350\" \/>\n<meta property=\"og:site_name\" content=\"Proyecci\u00f3n Estado de M\u00e9xico\" \/>\n<meta property=\"article:publisher\" content=\"https:\/\/www.facebook.com\/PortaldeNoticiasProyeccionEdomex\" \/>\n<meta property=\"article:published_time\" content=\"2026-02-20T14:46:02+00:00\" \/>\n<meta property=\"article:modified_time\" content=\"2026-02-20T14:46:08+00:00\" \/>\n<meta property=\"og:image\" content=\"https:\/\/proyeccionedomex.com.mx\/wp-content\/uploads\/2026\/02\/image-29.jpeg\" \/>\n\t<meta property=\"og:image:width\" content=\"1600\" \/>\n\t<meta property=\"og:image:height\" content=\"1066\" \/>\n\t<meta property=\"og:image:type\" content=\"image\/jpeg\" \/>\n<meta name=\"author\" content=\"Redacci\u00f3n Proyecci\u00f3n EDOM\u00c9X\" \/>\n<meta name=\"twitter:card\" content=\"summary_large_image\" \/>\n<meta name=\"twitter:label1\" content=\"Escrito por\" \/>\n\t<meta name=\"twitter:data1\" content=\"Redacci\u00f3n Proyecci\u00f3n EDOM\u00c9X\" \/>\n\t<meta name=\"twitter:label2\" content=\"Tiempo de lectura\" \/>\n\t<meta name=\"twitter:data2\" content=\"2 minutos\" \/>\n<script type=\"application\/ld+json\" class=\"yoast-schema-graph\">{\"@context\":\"https:\\\/\\\/schema.org\",\"@graph\":[{\"@type\":\"Article\",\"@id\":\"https:\\\/\\\/proyeccionedomex.com.mx\\\/?p=11350#article\",\"isPartOf\":{\"@id\":\"https:\\\/\\\/proyeccionedomex.com.mx\\\/?p=11350\"},\"author\":{\"name\":\"Redacci\u00f3n Proyecci\u00f3n EDOM\u00c9X\",\"@id\":\"https:\\\/\\\/proyeccionedomex.com.mx\\\/#\\\/schema\\\/person\\\/2e66b5427bffed972a69e6b66b4e3a76\"},\"headline\":\"Cinco paratletas del EdoM\u00e9x representar\u00e1n a M\u00e9xico en el Campeonato Panamericano de Ciclismo en Brasil\",\"datePublished\":\"2026-02-20T14:46:02+00:00\",\"dateModified\":\"2026-02-20T14:46:08+00:00\",\"mainEntityOfPage\":{\"@id\":\"https:\\\/\\\/proyeccionedomex.com.mx\\\/?p=11350\"},\"wordCount\":352,\"commentCount\":0,\"publisher\":{\"@id\":\"https:\\\/\\\/proyeccionedomex.com.mx\\\/#organization\"},\"image\":{\"@id\":\"https:\\\/\\\/proyeccionedomex.com.mx\\\/?p=11350#primaryimage\"},\"thumbnailUrl\":\"https:\\\/\\\/proyeccionedomex.com.mx\\\/wp-content\\\/uploads\\\/2026\\\/02\\\/image-29.jpeg\",\"articleSection\":[\"DEPORTES\"],\"inLanguage\":\"es\",\"potentialAction\":[{\"@type\":\"CommentAction\",\"name\":\"Comment\",\"target\":[\"https:\\\/\\\/proyeccionedomex.com.mx\\\/?p=11350#respond\"]}]},{\"@type\":\"WebPage\",\"@id\":\"https:\\\/\\\/proyeccionedomex.com.mx\\\/?p=11350\",\"url\":\"https:\\\/\\\/proyeccionedomex.com.mx\\\/?p=11350\",\"name\":\"Cinco paratletas del EdoM\u00e9x representar\u00e1n a M\u00e9xico en el Campeonato Panamericano de Ciclismo en Brasil - Proyecci\u00f3n Estado de M\u00e9xico\",\"isPartOf\":{\"@id\":\"https:\\\/\\\/proyeccionedomex.com.mx\\\/#website\"},\"primaryImageOfPage\":{\"@id\":\"https:\\\/\\\/proyeccionedomex.com.mx\\\/?p=11350#primaryimage\"},\"image\":{\"@id\":\"https:\\\/\\\/proyeccionedomex.com.mx\\\/?p=11350#primaryimage\"},\"thumbnailUrl\":\"https:\\\/\\\/proyeccionedomex.com.mx\\\/wp-content\\\/uploads\\\/2026\\\/02\\\/image-29.jpeg\",\"datePublished\":\"2026-02-20T14:46:02+00:00\",\"dateModified\":\"2026-02-20T14:46:08+00:00\",\"breadcrumb\":{\"@id\":\"https:\\\/\\\/proyeccionedomex.com.mx\\\/?p=11350#breadcrumb\"},\"inLanguage\":\"es\",\"potentialAction\":[{\"@type\":\"ReadAction\",\"target\":[\"https:\\\/\\\/proyeccionedomex.com.mx\\\/?p=11350\"]}]},{\"@type\":\"ImageObject\",\"inLanguage\":\"es\",\"@id\":\"https:\\\/\\\/proyeccionedomex.com.mx\\\/?p=11350#primaryimage\",\"url\":\"https:\\\/\\\/proyeccionedomex.com.mx\\\/wp-content\\\/uploads\\\/2026\\\/02\\\/image-29.jpeg\",\"contentUrl\":\"https:\\\/\\\/proyeccionedomex.com.mx\\\/wp-content\\\/uploads\\\/2026\\\/02\\\/image-29.jpeg\",\"width\":1600,\"height\":1066},{\"@type\":\"BreadcrumbList\",\"@id\":\"https:\\\/\\\/proyeccionedomex.com.mx\\\/?p=11350#breadcrumb\",\"itemListElement\":[{\"@type\":\"ListItem\",\"position\":1,\"name\":\"Portada\",\"item\":\"https:\\\/\\\/proyeccionedomex.com.mx\\\/\"},{\"@type\":\"ListItem\",\"position\":2,\"name\":\"Cinco paratletas del EdoM\u00e9x representar\u00e1n a M\u00e9xico en el Campeonato Panamericano de Ciclismo en Brasil\"}]},{\"@type\":\"WebSite\",\"@id\":\"https:\\\/\\\/proyeccionedomex.com.mx\\\/#website\",\"url\":\"https:\\\/\\\/proyeccionedomex.com.mx\\\/\",\"name\":\"Proyecci\u00f3n Estado de M\u00e9xico\",\"description\":\"Proyecci\u00f3n Edo. Mex.\",\"publisher\":{\"@id\":\"https:\\\/\\\/proyeccionedomex.com.mx\\\/#organization\"},\"potentialAction\":[{\"@type\":\"SearchAction\",\"target\":{\"@type\":\"EntryPoint\",\"urlTemplate\":\"https:\\\/\\\/proyeccionedomex.com.mx\\\/?s={search_term_string}\"},\"query-input\":{\"@type\":\"PropertyValueSpecification\",\"valueRequired\":true,\"valueName\":\"search_term_string\"}}],\"inLanguage\":\"es\"},{\"@type\":\"Organization\",\"@id\":\"https:\\\/\\\/proyeccionedomex.com.mx\\\/#organization\",\"name\":\"Proyecci\u00f3n Estado de M\u00e9xico\",\"url\":\"https:\\\/\\\/proyeccionedomex.com.mx\\\/\",\"logo\":{\"@type\":\"ImageObject\",\"inLanguage\":\"es\",\"@id\":\"https:\\\/\\\/proyeccionedomex.com.mx\\\/#\\\/schema\\\/logo\\\/image\\\/\",\"url\":\"https:\\\/\\\/proyeccionedomex.com.mx\\\/wp-content\\\/uploads\\\/2024\\\/03\\\/proyeccion.jpg\",\"contentUrl\":\"https:\\\/\\\/proyeccionedomex.com.mx\\\/wp-content\\\/uploads\\\/2024\\\/03\\\/proyeccion.jpg\",\"width\":1143,\"height\":801,\"caption\":\"Proyecci\u00f3n Estado de M\u00e9xico\"},\"image\":{\"@id\":\"https:\\\/\\\/proyeccionedomex.com.mx\\\/#\\\/schema\\\/logo\\\/image\\\/\"},\"sameAs\":[\"https:\\\/\\\/www.facebook.com\\\/PortaldeNoticiasProyeccionEdomex\"]},{\"@type\":\"Person\",\"@id\":\"https:\\\/\\\/proyeccionedomex.com.mx\\\/#\\\/schema\\\/person\\\/2e66b5427bffed972a69e6b66b4e3a76\",\"name\":\"Redacci\u00f3n Proyecci\u00f3n EDOM\u00c9X\",\"image\":{\"@type\":\"ImageObject\",\"inLanguage\":\"es\",\"@id\":\"https:\\\/\\\/secure.gravatar.com\\\/avatar\\\/f43a2254d614198c44c96f86f1f078a06cac3d39a3250e9245aa331797519cab?s=96&d=mm&r=g\",\"url\":\"https:\\\/\\\/secure.gravatar.com\\\/avatar\\\/f43a2254d614198c44c96f86f1f078a06cac3d39a3250e9245aa331797519cab?s=96&d=mm&r=g\",\"contentUrl\":\"https:\\\/\\\/secure.gravatar.com\\\/avatar\\\/f43a2254d614198c44c96f86f1f078a06cac3d39a3250e9245aa331797519cab?s=96&d=mm&r=g\",\"caption\":\"Redacci\u00f3n Proyecci\u00f3n EDOM\u00c9X\"},\"sameAs\":[\"https:\\\/\\\/proyeccionedomex.com.mx\"],\"url\":\"https:\\\/\\\/proyeccionedomex.com.mx\\\/?author=1\"}]}<\/script>\n<!-- \/ Yoast SEO plugin. -->","yoast_head_json":{"title":"Cinco paratletas del EdoM\u00e9x representar\u00e1n a M\u00e9xico en el Campeonato Panamericano de Ciclismo en Brasil - Proyecci\u00f3n Estado de M\u00e9xico","robots":{"index":"index","follow":"follow","max-snippet":"max-snippet:-1","max-image-preview":"max-image-preview:large","max-video-preview":"max-video-preview:-1"},"canonical":"https:\/\/proyeccionedomex.com.mx\/?p=11350","og_locale":"es_ES","og_type":"article","og_title":"Cinco paratletas del EdoM\u00e9x representar\u00e1n a M\u00e9xico en el Campeonato Panamericano de Ciclismo en Brasil - Proyecci\u00f3n Estado de M\u00e9xico","og_description":"Cinco paratletas del EdoM\u00e9x representar\u00e1n a M\u00e9xico en el Campeonato Panamericano de Ciclismo en Brasil Cinco mexiquenses consiguieron su clasificaci\u00f3n para representar a M\u00e9xico en la disciplina de Paraciclismo en el Campeonato Panamericano de Pista y Ruta, que se realizar\u00e1 en Indaiatuba, S\u00e3o Paulo, Brasil, del 25 de febrero al 1 de marzo; as\u00ed lo [&hellip;]","og_url":"https:\/\/proyeccionedomex.com.mx\/?p=11350","og_site_name":"Proyecci\u00f3n Estado de M\u00e9xico","article_publisher":"https:\/\/www.facebook.com\/PortaldeNoticiasProyeccionEdomex","article_published_time":"2026-02-20T14:46:02+00:00","article_modified_time":"2026-02-20T14:46:08+00:00","og_image":[{"width":1600,"height":1066,"url":"https:\/\/proyeccionedomex.com.mx\/wp-content\/uploads\/2026\/02\/image-29.jpeg","type":"image\/jpeg"}],"author":"Redacci\u00f3n Proyecci\u00f3n EDOM\u00c9X","twitter_card":"summary_large_image","twitter_misc":{"Escrito por":"Redacci\u00f3n Proyecci\u00f3n EDOM\u00c9X","Tiempo de lectura":"2 minutos"},"schema":{"@context":"https:\/\/schema.org","@graph":[{"@type":"Article","@id":"https:\/\/proyeccionedomex.com.mx\/?p=11350#article","isPartOf":{"@id":"https:\/\/proyeccionedomex.com.mx\/?p=11350"},"author":{"name":"Redacci\u00f3n Proyecci\u00f3n EDOM\u00c9X","@id":"https:\/\/proyeccionedomex.com.mx\/#\/schema\/person\/2e66b5427bffed972a69e6b66b4e3a76"},"headline":"Cinco paratletas del EdoM\u00e9x representar\u00e1n a M\u00e9xico en el Campeonato Panamericano de Ciclismo en Brasil","datePublished":"2026-02-20T14:46:02+00:00","dateModified":"2026-02-20T14:46:08+00:00","mainEntityOfPage":{"@id":"https:\/\/proyeccionedomex.com.mx\/?p=11350"},"wordCount":352,"commentCount":0,"publisher":{"@id":"https:\/\/proyeccionedomex.com.mx\/#organization"},"image":{"@id":"https:\/\/proyeccionedomex.com.mx\/?p=11350#primaryimage"},"thumbnailUrl":"https:\/\/proyeccionedomex.com.mx\/wp-content\/uploads\/2026\/02\/image-29.jpeg","articleSection":["DEPORTES"],"inLanguage":"es","potentialAction":[{"@type":"CommentAction","name":"Comment","target":["https:\/\/proyeccionedomex.com.mx\/?p=11350#respond"]}]},{"@type":"WebPage","@id":"https:\/\/proyeccionedomex.com.mx\/?p=11350","url":"https:\/\/proyeccionedomex.com.mx\/?p=11350","name":"Cinco paratletas del EdoM\u00e9x representar\u00e1n a M\u00e9xico en el Campeonato Panamericano de Ciclismo en Brasil - Proyecci\u00f3n Estado de M\u00e9xico","isPartOf":{"@id":"https:\/\/proyeccionedomex.com.mx\/#website"},"primaryImageOfPage":{"@id":"https:\/\/proyeccionedomex.com.mx\/?p=11350#primaryimage"},"image":{"@id":"https:\/\/proyeccionedomex.com.mx\/?p=11350#primaryimage"},"thumbnailUrl":"https:\/\/proyeccionedomex.com.mx\/wp-content\/uploads\/2026\/02\/image-29.jpeg","datePublished":"2026-02-20T14:46:02+00:00","dateModified":"2026-02-20T14:46:08+00:00","breadcrumb":{"@id":"https:\/\/proyeccionedomex.com.mx\/?p=11350#breadcrumb"},"inLanguage":"es","potentialAction":[{"@type":"ReadAction","target":["https:\/\/proyeccionedomex.com.mx\/?p=11350"]}]},{"@type":"ImageObject","inLanguage":"es","@id":"https:\/\/proyeccionedomex.com.mx\/?p=11350#primaryimage","url":"https:\/\/proyeccionedomex.com.mx\/wp-content\/uploads\/2026\/02\/image-29.jpeg","contentUrl":"https:\/\/proyeccionedomex.com.mx\/wp-content\/uploads\/2026\/02\/image-29.jpeg","width":1600,"height":1066},{"@type":"BreadcrumbList","@id":"https:\/\/proyeccionedomex.com.mx\/?p=11350#breadcrumb","itemListElement":[{"@type":"ListItem","position":1,"name":"Portada","item":"https:\/\/proyeccionedomex.com.mx\/"},{"@type":"ListItem","position":2,"name":"Cinco paratletas del EdoM\u00e9x representar\u00e1n a M\u00e9xico en el Campeonato Panamericano de Ciclismo en Brasil"}]},{"@type":"WebSite","@id":"https:\/\/proyeccionedomex.com.mx\/#website","url":"https:\/\/proyeccionedomex.com.mx\/","name":"Proyecci\u00f3n Estado de M\u00e9xico","description":"Proyecci\u00f3n Edo. Mex.","publisher":{"@id":"https:\/\/proyeccionedomex.com.mx\/#organization"},"potentialAction":[{"@type":"SearchAction","target":{"@type":"EntryPoint","urlTemplate":"https:\/\/proyeccionedomex.com.mx\/?s={search_term_string}"},"query-input":{"@type":"PropertyValueSpecification","valueRequired":true,"valueName":"search_term_string"}}],"inLanguage":"es"},{"@type":"Organization","@id":"https:\/\/proyeccionedomex.com.mx\/#organization","name":"Proyecci\u00f3n Estado de M\u00e9xico","url":"https:\/\/proyeccionedomex.com.mx\/","logo":{"@type":"ImageObject","inLanguage":"es","@id":"https:\/\/proyeccionedomex.com.mx\/#\/schema\/logo\/image\/","url":"https:\/\/proyeccionedomex.com.mx\/wp-content\/uploads\/2024\/03\/proyeccion.jpg","contentUrl":"https:\/\/proyeccionedomex.com.mx\/wp-content\/uploads\/2024\/03\/proyeccion.jpg","width":1143,"height":801,"caption":"Proyecci\u00f3n Estado de M\u00e9xico"},"image":{"@id":"https:\/\/proyeccionedomex.com.mx\/#\/schema\/logo\/image\/"},"sameAs":["https:\/\/www.facebook.com\/PortaldeNoticiasProyeccionEdomex"]},{"@type":"Person","@id":"https:\/\/proyeccionedomex.com.mx\/#\/schema\/person\/2e66b5427bffed972a69e6b66b4e3a76","name":"Redacci\u00f3n Proyecci\u00f3n EDOM\u00c9X","image":{"@type":"ImageObject","inLanguage":"es","@id":"https:\/\/secure.gravatar.com\/avatar\/f43a2254d614198c44c96f86f1f078a06cac3d39a3250e9245aa331797519cab?s=96&d=mm&r=g","url":"https:\/\/secure.gravatar.com\/avatar\/f43a2254d614198c44c96f86f1f078a06cac3d39a3250e9245aa331797519cab?s=96&d=mm&r=g","contentUrl":"https:\/\/secure.gravatar.com\/avatar\/f43a2254d614198c44c96f86f1f078a06cac3d39a3250e9245aa331797519cab?s=96&d=mm&r=g","caption":"Redacci\u00f3n Proyecci\u00f3n EDOM\u00c9X"},"sameAs":["https:\/\/proyeccionedomex.com.mx"],"url":"https:\/\/proyeccionedomex.com.mx\/?author=1"}]}},"_links":{"self":[{"href":"https:\/\/proyeccionedomex.com.mx\/index.php?rest_route=\/wp\/v2\/posts\/11350","targetHints":{"allow":["GET"]}}],"collection":[{"href":"https:\/\/proyeccionedomex.com.mx\/index.php?rest_route=\/wp\/v2\/posts"}],"about":[{"href":"https:\/\/proyeccionedomex.com.mx\/index.php?rest_route=\/wp\/v2\/types\/post"}],"author":[{"embeddable":true,"href":"https:\/\/proyeccionedomex.com.mx\/index.php?rest_route=\/wp\/v2\/users\/1"}],"replies":[{"embeddable":true,"href":"https:\/\/proyeccionedomex.com.mx\/index.php?rest_route=%2Fwp%2Fv2%2Fcomments&post=11350"}],"version-history":[{"count":1,"href":"https:\/\/proyeccionedomex.com.mx\/index.php?rest_route=\/wp\/v2\/posts\/11350\/revisions"}],"predecessor-version":[{"id":11352,"href":"https:\/\/proyeccionedomex.com.mx\/index.php?rest_route=\/wp\/v2\/posts\/11350\/revisions\/11352"}],"wp:featuredmedia":[{"embeddable":true,"href":"https:\/\/proyeccionedomex.com.mx\/index.php?rest_route=\/wp\/v2\/media\/11351"}],"wp:attachment":[{"href":"https:\/\/proyeccionedomex.com.mx\/index.php?rest_route=%2Fwp%2Fv2%2Fmedia&parent=11350"}],"wp:term":[{"taxonomy":"category","embeddable":true,"href":"https:\/\/proyeccionedomex.com.mx\/index.php?rest_route=%2Fwp%2Fv2%2Fcategories&post=11350"},{"taxonomy":"post_tag","embeddable":true,"href":"https:\/\/proyeccionedomex.com.mx\/index.php?rest_route=%2Fwp%2Fv2%2Ftags&post=11350"}],"curies":[{"name":"wp","href":"https:\/\/api.w.org\/{rel}","templated":true}]}}