{"id":12333,"date":"2026-04-23T16:42:40","date_gmt":"2026-04-23T16:42:40","guid":{"rendered":"https:\/\/proyeccionedomex.com.mx\/?p=12333"},"modified":"2026-04-23T16:42:47","modified_gmt":"2026-04-23T16:42:47","slug":"congreso-mexiquense-instituye-el-20-de-noviembre-como-dia-del-floricultor","status":"publish","type":"post","link":"https:\/\/proyeccionedomex.com.mx\/?p=12333","title":{"rendered":"CONGRESO MEXIQUENSE INSTITUYE EL 20 DE NOVIEMBRE COMO D\u00cdA DEL FLORICULTOR"},"content":{"rendered":"\n<figure class=\"wp-block-gallery has-nested-images columns-default is-cropped wp-block-gallery-1 is-layout-flex wp-block-gallery-is-layout-flex\">\n<figure class=\"wp-block-image size-large td-caption-align-https:\/\/proyeccionedomex.com.mx\/wp-content\/uploads\/2026\/04\/WhatsApp-Image-2026-04-23-at-9.51.56-AM.jpeg\"><img loading=\"lazy\" decoding=\"async\" width=\"1024\" height=\"668\" data-id=\"12334\" src=\"https:\/\/proyeccionedomex.com.mx\/wp-content\/uploads\/2026\/04\/WhatsApp-Image-2026-04-23-at-9.51.56-AM-1024x668.jpeg\" alt=\"\" class=\"wp-image-12334\" srcset=\"https:\/\/proyeccionedomex.com.mx\/wp-content\/uploads\/2026\/04\/WhatsApp-Image-2026-04-23-at-9.51.56-AM-1024x668.jpeg 1024w, https:\/\/proyeccionedomex.com.mx\/wp-content\/uploads\/2026\/04\/WhatsApp-Image-2026-04-23-at-9.51.56-AM-300x196.jpeg 300w, https:\/\/proyeccionedomex.com.mx\/wp-content\/uploads\/2026\/04\/WhatsApp-Image-2026-04-23-at-9.51.56-AM-768x501.jpeg 768w, https:\/\/proyeccionedomex.com.mx\/wp-content\/uploads\/2026\/04\/WhatsApp-Image-2026-04-23-at-9.51.56-AM-1536x1003.jpeg 1536w, https:\/\/proyeccionedomex.com.mx\/wp-content\/uploads\/2026\/04\/WhatsApp-Image-2026-04-23-at-9.51.56-AM-696x454.jpeg 696w, https:\/\/proyeccionedomex.com.mx\/wp-content\/uploads\/2026\/04\/WhatsApp-Image-2026-04-23-at-9.51.56-AM-1068x697.jpeg 1068w, https:\/\/proyeccionedomex.com.mx\/wp-content\/uploads\/2026\/04\/WhatsApp-Image-2026-04-23-at-9.51.56-AM-643x420.jpeg 643w, https:\/\/proyeccionedomex.com.mx\/wp-content\/uploads\/2026\/04\/WhatsApp-Image-2026-04-23-at-9.51.56-AM.jpeg 1552w\" sizes=\"auto, (max-width: 1024px) 100vw, 1024px\" \/><\/figure>\n\n\n\n<figure class=\"wp-block-image size-large td-caption-align-https:\/\/proyeccionedomex.com.mx\/wp-content\/uploads\/2026\/04\/WhatsApp-Image-2026-04-23-at-9.51.56-AM-1.jpeg\"><img loading=\"lazy\" decoding=\"async\" width=\"1024\" height=\"576\" data-id=\"12336\" src=\"https:\/\/proyeccionedomex.com.mx\/wp-content\/uploads\/2026\/04\/WhatsApp-Image-2026-04-23-at-9.51.56-AM-1-1024x576.jpeg\" alt=\"\" class=\"wp-image-12336\" srcset=\"https:\/\/proyeccionedomex.com.mx\/wp-content\/uploads\/2026\/04\/WhatsApp-Image-2026-04-23-at-9.51.56-AM-1-1024x576.jpeg 1024w, https:\/\/proyeccionedomex.com.mx\/wp-content\/uploads\/2026\/04\/WhatsApp-Image-2026-04-23-at-9.51.56-AM-1-300x169.jpeg 300w, https:\/\/proyeccionedomex.com.mx\/wp-content\/uploads\/2026\/04\/WhatsApp-Image-2026-04-23-at-9.51.56-AM-1-768x432.jpeg 768w, https:\/\/proyeccionedomex.com.mx\/wp-content\/uploads\/2026\/04\/WhatsApp-Image-2026-04-23-at-9.51.56-AM-1-1536x864.jpeg 1536w, https:\/\/proyeccionedomex.com.mx\/wp-content\/uploads\/2026\/04\/WhatsApp-Image-2026-04-23-at-9.51.56-AM-1-696x392.jpeg 696w, https:\/\/proyeccionedomex.com.mx\/wp-content\/uploads\/2026\/04\/WhatsApp-Image-2026-04-23-at-9.51.56-AM-1-1068x601.jpeg 1068w, https:\/\/proyeccionedomex.com.mx\/wp-content\/uploads\/2026\/04\/WhatsApp-Image-2026-04-23-at-9.51.56-AM-1-747x420.jpeg 747w, https:\/\/proyeccionedomex.com.mx\/wp-content\/uploads\/2026\/04\/WhatsApp-Image-2026-04-23-at-9.51.56-AM-1.jpeg 1600w\" sizes=\"auto, (max-width: 1024px) 100vw, 1024px\" \/><\/figure>\n\n\n\n<figure class=\"wp-block-image size-large td-caption-align-https:\/\/proyeccionedomex.com.mx\/wp-content\/uploads\/2026\/04\/WhatsApp-Image-2026-04-23-at-9.51.56-AM-2.jpeg\"><img loading=\"lazy\" decoding=\"async\" width=\"1024\" height=\"683\" data-id=\"12335\" src=\"https:\/\/proyeccionedomex.com.mx\/wp-content\/uploads\/2026\/04\/WhatsApp-Image-2026-04-23-at-9.51.56-AM-2-1024x683.jpeg\" alt=\"\" class=\"wp-image-12335\" srcset=\"https:\/\/proyeccionedomex.com.mx\/wp-content\/uploads\/2026\/04\/WhatsApp-Image-2026-04-23-at-9.51.56-AM-2-1024x683.jpeg 1024w, https:\/\/proyeccionedomex.com.mx\/wp-content\/uploads\/2026\/04\/WhatsApp-Image-2026-04-23-at-9.51.56-AM-2-300x200.jpeg 300w, https:\/\/proyeccionedomex.com.mx\/wp-content\/uploads\/2026\/04\/WhatsApp-Image-2026-04-23-at-9.51.56-AM-2-768x512.jpeg 768w, https:\/\/proyeccionedomex.com.mx\/wp-content\/uploads\/2026\/04\/WhatsApp-Image-2026-04-23-at-9.51.56-AM-2-1536x1024.jpeg 1536w, https:\/\/proyeccionedomex.com.mx\/wp-content\/uploads\/2026\/04\/WhatsApp-Image-2026-04-23-at-9.51.56-AM-2-696x464.jpeg 696w, https:\/\/proyeccionedomex.com.mx\/wp-content\/uploads\/2026\/04\/WhatsApp-Image-2026-04-23-at-9.51.56-AM-2-1068x712.jpeg 1068w, https:\/\/proyeccionedomex.com.mx\/wp-content\/uploads\/2026\/04\/WhatsApp-Image-2026-04-23-at-9.51.56-AM-2-630x420.jpeg 630w, https:\/\/proyeccionedomex.com.mx\/wp-content\/uploads\/2026\/04\/WhatsApp-Image-2026-04-23-at-9.51.56-AM-2.jpeg 1600w\" sizes=\"auto, (max-width: 1024px) 100vw, 1024px\" \/><\/figure>\n<\/figure>\n\n\n\n<p>CONGRESO MEXIQUENSE INSTITUYE EL 20 DE NOVIEMBRE COMO D\u00cdA DEL FLORICULTOR<\/p>\n\n\n\n<p>\u25cfEl Congreso del Estado de M\u00e9xico aprueba reconocer a uno de los sectores productivos m\u00e1s importantes de la entidad<\/p>\n\n\n\n<p>\u25cfM\u00e1s de 20 mil familias dependen de la floricultura, actividad clave en exportaciones y desarrollo regional<\/p>\n\n\n\n<p>Toluca, EDOM\u00c9X.- El Congreso mexiquense aval\u00f3 declarar el 20 de noviembre como el \u201cD\u00eda del Floricultor Mexiquense\u201d, iniciativa promovida por el Grupo Parlamentario del PVEM, encabezado por el diputado Jos\u00e9 Alberto Couttolenc Buentello, con el objetivo de dar visibilidad y reconocimiento a quienes sostienen una de las industrias m\u00e1s representativas del estado.<br>Con esta determinaci\u00f3n, dependencias p\u00fablicas, instituciones educativas, centros de investigaci\u00f3n, organismos empresariales y ayuntamientos deber\u00e1n impulsar acciones enfocadas en fortalecer la competitividad, capacitaci\u00f3n y preservaci\u00f3n cultural de la floricultura, considerada un pilar econ\u00f3mico y social en diversas regiones.<\/p>\n\n\n\n<p>Durante la sesi\u00f3n de la LXII Legislatura, el diputado H\u00e9ctor Garc\u00eda Gonz\u00e1lez (PVEM) destac\u00f3 que, pese a su relevancia, el sector ha enfrentado m\u00faltiples desaf\u00edos como el encarecimiento de insumos, cambios clim\u00e1ticos, plagas, falta de financiamiento y una creciente competencia internacional, sin que su labor haya sido plenamente reconocida a nivel institucional.<\/p>\n\n\n\n<p>Desde Morena, la diputada Mar\u00eda Jos\u00e9 P\u00e9rez Dom\u00ednguez subray\u00f3 que esta declaratoria beneficiar\u00e1 a productoras y productores de municipios como Texcoco, Chiconcuac, Chiautla y Papalotla, donde la producci\u00f3n de plantas de temporada \u2014como la nochebuena\u2014 y flores para festividades forma parte de la econom\u00eda local. Adem\u00e1s, reconoci\u00f3 el impulso de programas estatales dirigidos al campo.<\/p>\n\n\n\n<p>En tanto, la legisladora de Movimiento Ciudadano, Maricela Beltr\u00e1n S\u00e1nchez, record\u00f3 que la floricultura mexiquense tiene ra\u00edces que datan de la d\u00e9cada de 1940, con la introducci\u00f3n de especies ornamentales por inmigrantes japoneses, lo que permiti\u00f3 consolidar al estado como l\u00edder nacional en producci\u00f3n de flores, con municipios como Villa Guerrero, Tenancingo y Coatepec Harinas a la cabeza.<\/p>\n\n\n\n<p>Actualmente, el Estado de M\u00e9xico concentra gran parte de las exportaciones de ornamentales hacia Estados Unidos y Canad\u00e1, posicion\u00e1ndose como referente internacional, mientras que la elecci\u00f3n del 20 de noviembre responde a la inauguraci\u00f3n, en 2020, de la Central de Abastos de Villa Guerrero, considerada un punto estrat\u00e9gico para la comercializaci\u00f3n de flor en el pa\u00eds.<\/p>\n","protected":false},"excerpt":{"rendered":"<p>CONGRESO MEXIQUENSE INSTITUYE EL 20 DE NOVIEMBRE COMO D\u00cdA DEL FLORICULTOR \u25cfEl Congreso del Estado de M\u00e9xico aprueba reconocer a uno de los sectores productivos m\u00e1s importantes de la entidad \u25cfM\u00e1s de 20 mil familias dependen de la floricultura, actividad clave en exportaciones y desarrollo regional Toluca, EDOM\u00c9X.- El Congreso mexiquense aval\u00f3 declarar el 20 [&hellip;]<\/p>\n","protected":false},"author":1,"featured_media":12336,"comment_status":"open","ping_status":"closed","sticky":false,"template":"","format":"standard","meta":{"footnotes":""},"categories":[163,1],"tags":[],"class_list":{"0":"post-12333","1":"post","2":"type-post","3":"status-publish","4":"format-standard","5":"has-post-thumbnail","7":"category-estatal","8":"category-politica"},"yoast_head":"<!-- This site is optimized with the Yoast SEO plugin v27.5 - https:\/\/yoast.com\/product\/yoast-seo-wordpress\/ -->\n<title>CONGRESO MEXIQUENSE INSTITUYE EL 20 DE NOVIEMBRE COMO D\u00cdA DEL FLORICULTOR - Proyecci\u00f3n Estado de M\u00e9xico<\/title>\n<meta name=\"robots\" content=\"index, follow, max-snippet:-1, max-image-preview:large, max-video-preview:-1\" \/>\n<link rel=\"canonical\" href=\"https:\/\/proyeccionedomex.com.mx\/?p=12333\" \/>\n<meta property=\"og:locale\" content=\"es_ES\" \/>\n<meta property=\"og:type\" content=\"article\" \/>\n<meta property=\"og:title\" content=\"CONGRESO MEXIQUENSE INSTITUYE EL 20 DE NOVIEMBRE COMO D\u00cdA DEL FLORICULTOR - Proyecci\u00f3n Estado de M\u00e9xico\" \/>\n<meta property=\"og:description\" content=\"CONGRESO MEXIQUENSE INSTITUYE EL 20 DE NOVIEMBRE COMO D\u00cdA DEL FLORICULTOR \u25cfEl Congreso del Estado de M\u00e9xico aprueba reconocer a uno de los sectores productivos m\u00e1s importantes de la entidad \u25cfM\u00e1s de 20 mil familias dependen de la floricultura, actividad clave en exportaciones y desarrollo regional Toluca, EDOM\u00c9X.- El Congreso mexiquense aval\u00f3 declarar el 20 [&hellip;]\" \/>\n<meta property=\"og:url\" content=\"https:\/\/proyeccionedomex.com.mx\/?p=12333\" \/>\n<meta property=\"og:site_name\" content=\"Proyecci\u00f3n Estado de M\u00e9xico\" \/>\n<meta property=\"article:publisher\" content=\"https:\/\/www.facebook.com\/PortaldeNoticiasProyeccionEdomex\" \/>\n<meta property=\"article:published_time\" content=\"2026-04-23T16:42:40+00:00\" \/>\n<meta property=\"article:modified_time\" content=\"2026-04-23T16:42:47+00:00\" \/>\n<meta property=\"og:image\" content=\"https:\/\/proyeccionedomex.com.mx\/wp-content\/uploads\/2026\/04\/WhatsApp-Image-2026-04-23-at-9.51.56-AM-1.jpeg\" \/>\n\t<meta property=\"og:image:width\" content=\"1600\" \/>\n\t<meta property=\"og:image:height\" content=\"900\" \/>\n\t<meta property=\"og:image:type\" content=\"image\/jpeg\" \/>\n<meta name=\"author\" content=\"Redacci\u00f3n Proyecci\u00f3n EDOM\u00c9X\" \/>\n<meta name=\"twitter:card\" content=\"summary_large_image\" \/>\n<meta name=\"twitter:label1\" content=\"Escrito por\" \/>\n\t<meta name=\"twitter:data1\" content=\"Redacci\u00f3n Proyecci\u00f3n EDOM\u00c9X\" \/>\n\t<meta name=\"twitter:label2\" content=\"Tiempo de lectura\" \/>\n\t<meta name=\"twitter:data2\" content=\"2 minutos\" \/>\n<script type=\"application\/ld+json\" class=\"yoast-schema-graph\">{\"@context\":\"https:\\\/\\\/schema.org\",\"@graph\":[{\"@type\":\"Article\",\"@id\":\"https:\\\/\\\/proyeccionedomex.com.mx\\\/?p=12333#article\",\"isPartOf\":{\"@id\":\"https:\\\/\\\/proyeccionedomex.com.mx\\\/?p=12333\"},\"author\":{\"name\":\"Redacci\u00f3n Proyecci\u00f3n EDOM\u00c9X\",\"@id\":\"https:\\\/\\\/proyeccionedomex.com.mx\\\/#\\\/schema\\\/person\\\/2e66b5427bffed972a69e6b66b4e3a76\"},\"headline\":\"CONGRESO MEXIQUENSE INSTITUYE EL 20 DE NOVIEMBRE COMO D\u00cdA DEL FLORICULTOR\",\"datePublished\":\"2026-04-23T16:42:40+00:00\",\"dateModified\":\"2026-04-23T16:42:47+00:00\",\"mainEntityOfPage\":{\"@id\":\"https:\\\/\\\/proyeccionedomex.com.mx\\\/?p=12333\"},\"wordCount\":404,\"commentCount\":0,\"publisher\":{\"@id\":\"https:\\\/\\\/proyeccionedomex.com.mx\\\/#organization\"},\"image\":{\"@id\":\"https:\\\/\\\/proyeccionedomex.com.mx\\\/?p=12333#primaryimage\"},\"thumbnailUrl\":\"https:\\\/\\\/proyeccionedomex.com.mx\\\/wp-content\\\/uploads\\\/2026\\\/04\\\/WhatsApp-Image-2026-04-23-at-9.51.56-AM-1.jpeg\",\"articleSection\":[\"Estatal\",\"Politica\"],\"inLanguage\":\"es\",\"potentialAction\":[{\"@type\":\"CommentAction\",\"name\":\"Comment\",\"target\":[\"https:\\\/\\\/proyeccionedomex.com.mx\\\/?p=12333#respond\"]}]},{\"@type\":\"WebPage\",\"@id\":\"https:\\\/\\\/proyeccionedomex.com.mx\\\/?p=12333\",\"url\":\"https:\\\/\\\/proyeccionedomex.com.mx\\\/?p=12333\",\"name\":\"CONGRESO MEXIQUENSE INSTITUYE EL 20 DE NOVIEMBRE COMO D\u00cdA DEL FLORICULTOR - Proyecci\u00f3n Estado de M\u00e9xico\",\"isPartOf\":{\"@id\":\"https:\\\/\\\/proyeccionedomex.com.mx\\\/#website\"},\"primaryImageOfPage\":{\"@id\":\"https:\\\/\\\/proyeccionedomex.com.mx\\\/?p=12333#primaryimage\"},\"image\":{\"@id\":\"https:\\\/\\\/proyeccionedomex.com.mx\\\/?p=12333#primaryimage\"},\"thumbnailUrl\":\"https:\\\/\\\/proyeccionedomex.com.mx\\\/wp-content\\\/uploads\\\/2026\\\/04\\\/WhatsApp-Image-2026-04-23-at-9.51.56-AM-1.jpeg\",\"datePublished\":\"2026-04-23T16:42:40+00:00\",\"dateModified\":\"2026-04-23T16:42:47+00:00\",\"breadcrumb\":{\"@id\":\"https:\\\/\\\/proyeccionedomex.com.mx\\\/?p=12333#breadcrumb\"},\"inLanguage\":\"es\",\"potentialAction\":[{\"@type\":\"ReadAction\",\"target\":[\"https:\\\/\\\/proyeccionedomex.com.mx\\\/?p=12333\"]}]},{\"@type\":\"ImageObject\",\"inLanguage\":\"es\",\"@id\":\"https:\\\/\\\/proyeccionedomex.com.mx\\\/?p=12333#primaryimage\",\"url\":\"https:\\\/\\\/proyeccionedomex.com.mx\\\/wp-content\\\/uploads\\\/2026\\\/04\\\/WhatsApp-Image-2026-04-23-at-9.51.56-AM-1.jpeg\",\"contentUrl\":\"https:\\\/\\\/proyeccionedomex.com.mx\\\/wp-content\\\/uploads\\\/2026\\\/04\\\/WhatsApp-Image-2026-04-23-at-9.51.56-AM-1.jpeg\",\"width\":1600,\"height\":900},{\"@type\":\"BreadcrumbList\",\"@id\":\"https:\\\/\\\/proyeccionedomex.com.mx\\\/?p=12333#breadcrumb\",\"itemListElement\":[{\"@type\":\"ListItem\",\"position\":1,\"name\":\"Portada\",\"item\":\"https:\\\/\\\/proyeccionedomex.com.mx\\\/\"},{\"@type\":\"ListItem\",\"position\":2,\"name\":\"CONGRESO MEXIQUENSE INSTITUYE EL 20 DE NOVIEMBRE COMO D\u00cdA DEL FLORICULTOR\"}]},{\"@type\":\"WebSite\",\"@id\":\"https:\\\/\\\/proyeccionedomex.com.mx\\\/#website\",\"url\":\"https:\\\/\\\/proyeccionedomex.com.mx\\\/\",\"name\":\"Proyecci\u00f3n Estado de M\u00e9xico\",\"description\":\"Proyecci\u00f3n Edo. Mex.\",\"publisher\":{\"@id\":\"https:\\\/\\\/proyeccionedomex.com.mx\\\/#organization\"},\"potentialAction\":[{\"@type\":\"SearchAction\",\"target\":{\"@type\":\"EntryPoint\",\"urlTemplate\":\"https:\\\/\\\/proyeccionedomex.com.mx\\\/?s={search_term_string}\"},\"query-input\":{\"@type\":\"PropertyValueSpecification\",\"valueRequired\":true,\"valueName\":\"search_term_string\"}}],\"inLanguage\":\"es\"},{\"@type\":\"Organization\",\"@id\":\"https:\\\/\\\/proyeccionedomex.com.mx\\\/#organization\",\"name\":\"Proyecci\u00f3n Estado de M\u00e9xico\",\"url\":\"https:\\\/\\\/proyeccionedomex.com.mx\\\/\",\"logo\":{\"@type\":\"ImageObject\",\"inLanguage\":\"es\",\"@id\":\"https:\\\/\\\/proyeccionedomex.com.mx\\\/#\\\/schema\\\/logo\\\/image\\\/\",\"url\":\"https:\\\/\\\/proyeccionedomex.com.mx\\\/wp-content\\\/uploads\\\/2024\\\/03\\\/proyeccion.jpg\",\"contentUrl\":\"https:\\\/\\\/proyeccionedomex.com.mx\\\/wp-content\\\/uploads\\\/2024\\\/03\\\/proyeccion.jpg\",\"width\":1143,\"height\":801,\"caption\":\"Proyecci\u00f3n Estado de M\u00e9xico\"},\"image\":{\"@id\":\"https:\\\/\\\/proyeccionedomex.com.mx\\\/#\\\/schema\\\/logo\\\/image\\\/\"},\"sameAs\":[\"https:\\\/\\\/www.facebook.com\\\/PortaldeNoticiasProyeccionEdomex\"]},{\"@type\":\"Person\",\"@id\":\"https:\\\/\\\/proyeccionedomex.com.mx\\\/#\\\/schema\\\/person\\\/2e66b5427bffed972a69e6b66b4e3a76\",\"name\":\"Redacci\u00f3n Proyecci\u00f3n EDOM\u00c9X\",\"image\":{\"@type\":\"ImageObject\",\"inLanguage\":\"es\",\"@id\":\"https:\\\/\\\/secure.gravatar.com\\\/avatar\\\/f43a2254d614198c44c96f86f1f078a06cac3d39a3250e9245aa331797519cab?s=96&d=mm&r=g\",\"url\":\"https:\\\/\\\/secure.gravatar.com\\\/avatar\\\/f43a2254d614198c44c96f86f1f078a06cac3d39a3250e9245aa331797519cab?s=96&d=mm&r=g\",\"contentUrl\":\"https:\\\/\\\/secure.gravatar.com\\\/avatar\\\/f43a2254d614198c44c96f86f1f078a06cac3d39a3250e9245aa331797519cab?s=96&d=mm&r=g\",\"caption\":\"Redacci\u00f3n Proyecci\u00f3n EDOM\u00c9X\"},\"sameAs\":[\"https:\\\/\\\/proyeccionedomex.com.mx\"],\"url\":\"https:\\\/\\\/proyeccionedomex.com.mx\\\/?author=1\"}]}<\/script>\n<!-- \/ Yoast SEO plugin. -->","yoast_head_json":{"title":"CONGRESO MEXIQUENSE INSTITUYE EL 20 DE NOVIEMBRE COMO D\u00cdA DEL FLORICULTOR - Proyecci\u00f3n Estado de M\u00e9xico","robots":{"index":"index","follow":"follow","max-snippet":"max-snippet:-1","max-image-preview":"max-image-preview:large","max-video-preview":"max-video-preview:-1"},"canonical":"https:\/\/proyeccionedomex.com.mx\/?p=12333","og_locale":"es_ES","og_type":"article","og_title":"CONGRESO MEXIQUENSE INSTITUYE EL 20 DE NOVIEMBRE COMO D\u00cdA DEL FLORICULTOR - Proyecci\u00f3n Estado de M\u00e9xico","og_description":"CONGRESO MEXIQUENSE INSTITUYE EL 20 DE NOVIEMBRE COMO D\u00cdA DEL FLORICULTOR \u25cfEl Congreso del Estado de M\u00e9xico aprueba reconocer a uno de los sectores productivos m\u00e1s importantes de la entidad \u25cfM\u00e1s de 20 mil familias dependen de la floricultura, actividad clave en exportaciones y desarrollo regional Toluca, EDOM\u00c9X.- El Congreso mexiquense aval\u00f3 declarar el 20 [&hellip;]","og_url":"https:\/\/proyeccionedomex.com.mx\/?p=12333","og_site_name":"Proyecci\u00f3n Estado de M\u00e9xico","article_publisher":"https:\/\/www.facebook.com\/PortaldeNoticiasProyeccionEdomex","article_published_time":"2026-04-23T16:42:40+00:00","article_modified_time":"2026-04-23T16:42:47+00:00","og_image":[{"width":1600,"height":900,"url":"https:\/\/proyeccionedomex.com.mx\/wp-content\/uploads\/2026\/04\/WhatsApp-Image-2026-04-23-at-9.51.56-AM-1.jpeg","type":"image\/jpeg"}],"author":"Redacci\u00f3n Proyecci\u00f3n EDOM\u00c9X","twitter_card":"summary_large_image","twitter_misc":{"Escrito por":"Redacci\u00f3n Proyecci\u00f3n EDOM\u00c9X","Tiempo de lectura":"2 minutos"},"schema":{"@context":"https:\/\/schema.org","@graph":[{"@type":"Article","@id":"https:\/\/proyeccionedomex.com.mx\/?p=12333#article","isPartOf":{"@id":"https:\/\/proyeccionedomex.com.mx\/?p=12333"},"author":{"name":"Redacci\u00f3n Proyecci\u00f3n EDOM\u00c9X","@id":"https:\/\/proyeccionedomex.com.mx\/#\/schema\/person\/2e66b5427bffed972a69e6b66b4e3a76"},"headline":"CONGRESO MEXIQUENSE INSTITUYE EL 20 DE NOVIEMBRE COMO D\u00cdA DEL FLORICULTOR","datePublished":"2026-04-23T16:42:40+00:00","dateModified":"2026-04-23T16:42:47+00:00","mainEntityOfPage":{"@id":"https:\/\/proyeccionedomex.com.mx\/?p=12333"},"wordCount":404,"commentCount":0,"publisher":{"@id":"https:\/\/proyeccionedomex.com.mx\/#organization"},"image":{"@id":"https:\/\/proyeccionedomex.com.mx\/?p=12333#primaryimage"},"thumbnailUrl":"https:\/\/proyeccionedomex.com.mx\/wp-content\/uploads\/2026\/04\/WhatsApp-Image-2026-04-23-at-9.51.56-AM-1.jpeg","articleSection":["Estatal","Politica"],"inLanguage":"es","potentialAction":[{"@type":"CommentAction","name":"Comment","target":["https:\/\/proyeccionedomex.com.mx\/?p=12333#respond"]}]},{"@type":"WebPage","@id":"https:\/\/proyeccionedomex.com.mx\/?p=12333","url":"https:\/\/proyeccionedomex.com.mx\/?p=12333","name":"CONGRESO MEXIQUENSE INSTITUYE EL 20 DE NOVIEMBRE COMO D\u00cdA DEL FLORICULTOR - Proyecci\u00f3n Estado de M\u00e9xico","isPartOf":{"@id":"https:\/\/proyeccionedomex.com.mx\/#website"},"primaryImageOfPage":{"@id":"https:\/\/proyeccionedomex.com.mx\/?p=12333#primaryimage"},"image":{"@id":"https:\/\/proyeccionedomex.com.mx\/?p=12333#primaryimage"},"thumbnailUrl":"https:\/\/proyeccionedomex.com.mx\/wp-content\/uploads\/2026\/04\/WhatsApp-Image-2026-04-23-at-9.51.56-AM-1.jpeg","datePublished":"2026-04-23T16:42:40+00:00","dateModified":"2026-04-23T16:42:47+00:00","breadcrumb":{"@id":"https:\/\/proyeccionedomex.com.mx\/?p=12333#breadcrumb"},"inLanguage":"es","potentialAction":[{"@type":"ReadAction","target":["https:\/\/proyeccionedomex.com.mx\/?p=12333"]}]},{"@type":"ImageObject","inLanguage":"es","@id":"https:\/\/proyeccionedomex.com.mx\/?p=12333#primaryimage","url":"https:\/\/proyeccionedomex.com.mx\/wp-content\/uploads\/2026\/04\/WhatsApp-Image-2026-04-23-at-9.51.56-AM-1.jpeg","contentUrl":"https:\/\/proyeccionedomex.com.mx\/wp-content\/uploads\/2026\/04\/WhatsApp-Image-2026-04-23-at-9.51.56-AM-1.jpeg","width":1600,"height":900},{"@type":"BreadcrumbList","@id":"https:\/\/proyeccionedomex.com.mx\/?p=12333#breadcrumb","itemListElement":[{"@type":"ListItem","position":1,"name":"Portada","item":"https:\/\/proyeccionedomex.com.mx\/"},{"@type":"ListItem","position":2,"name":"CONGRESO MEXIQUENSE INSTITUYE EL 20 DE NOVIEMBRE COMO D\u00cdA DEL FLORICULTOR"}]},{"@type":"WebSite","@id":"https:\/\/proyeccionedomex.com.mx\/#website","url":"https:\/\/proyeccionedomex.com.mx\/","name":"Proyecci\u00f3n Estado de M\u00e9xico","description":"Proyecci\u00f3n Edo. Mex.","publisher":{"@id":"https:\/\/proyeccionedomex.com.mx\/#organization"},"potentialAction":[{"@type":"SearchAction","target":{"@type":"EntryPoint","urlTemplate":"https:\/\/proyeccionedomex.com.mx\/?s={search_term_string}"},"query-input":{"@type":"PropertyValueSpecification","valueRequired":true,"valueName":"search_term_string"}}],"inLanguage":"es"},{"@type":"Organization","@id":"https:\/\/proyeccionedomex.com.mx\/#organization","name":"Proyecci\u00f3n Estado de M\u00e9xico","url":"https:\/\/proyeccionedomex.com.mx\/","logo":{"@type":"ImageObject","inLanguage":"es","@id":"https:\/\/proyeccionedomex.com.mx\/#\/schema\/logo\/image\/","url":"https:\/\/proyeccionedomex.com.mx\/wp-content\/uploads\/2024\/03\/proyeccion.jpg","contentUrl":"https:\/\/proyeccionedomex.com.mx\/wp-content\/uploads\/2024\/03\/proyeccion.jpg","width":1143,"height":801,"caption":"Proyecci\u00f3n Estado de M\u00e9xico"},"image":{"@id":"https:\/\/proyeccionedomex.com.mx\/#\/schema\/logo\/image\/"},"sameAs":["https:\/\/www.facebook.com\/PortaldeNoticiasProyeccionEdomex"]},{"@type":"Person","@id":"https:\/\/proyeccionedomex.com.mx\/#\/schema\/person\/2e66b5427bffed972a69e6b66b4e3a76","name":"Redacci\u00f3n Proyecci\u00f3n EDOM\u00c9X","image":{"@type":"ImageObject","inLanguage":"es","@id":"https:\/\/secure.gravatar.com\/avatar\/f43a2254d614198c44c96f86f1f078a06cac3d39a3250e9245aa331797519cab?s=96&d=mm&r=g","url":"https:\/\/secure.gravatar.com\/avatar\/f43a2254d614198c44c96f86f1f078a06cac3d39a3250e9245aa331797519cab?s=96&d=mm&r=g","contentUrl":"https:\/\/secure.gravatar.com\/avatar\/f43a2254d614198c44c96f86f1f078a06cac3d39a3250e9245aa331797519cab?s=96&d=mm&r=g","caption":"Redacci\u00f3n Proyecci\u00f3n EDOM\u00c9X"},"sameAs":["https:\/\/proyeccionedomex.com.mx"],"url":"https:\/\/proyeccionedomex.com.mx\/?author=1"}]}},"_links":{"self":[{"href":"https:\/\/proyeccionedomex.com.mx\/index.php?rest_route=\/wp\/v2\/posts\/12333","targetHints":{"allow":["GET"]}}],"collection":[{"href":"https:\/\/proyeccionedomex.com.mx\/index.php?rest_route=\/wp\/v2\/posts"}],"about":[{"href":"https:\/\/proyeccionedomex.com.mx\/index.php?rest_route=\/wp\/v2\/types\/post"}],"author":[{"embeddable":true,"href":"https:\/\/proyeccionedomex.com.mx\/index.php?rest_route=\/wp\/v2\/users\/1"}],"replies":[{"embeddable":true,"href":"https:\/\/proyeccionedomex.com.mx\/index.php?rest_route=%2Fwp%2Fv2%2Fcomments&post=12333"}],"version-history":[{"count":1,"href":"https:\/\/proyeccionedomex.com.mx\/index.php?rest_route=\/wp\/v2\/posts\/12333\/revisions"}],"predecessor-version":[{"id":12337,"href":"https:\/\/proyeccionedomex.com.mx\/index.php?rest_route=\/wp\/v2\/posts\/12333\/revisions\/12337"}],"wp:featuredmedia":[{"embeddable":true,"href":"https:\/\/proyeccionedomex.com.mx\/index.php?rest_route=\/wp\/v2\/media\/12336"}],"wp:attachment":[{"href":"https:\/\/proyeccionedomex.com.mx\/index.php?rest_route=%2Fwp%2Fv2%2Fmedia&parent=12333"}],"wp:term":[{"taxonomy":"category","embeddable":true,"href":"https:\/\/proyeccionedomex.com.mx\/index.php?rest_route=%2Fwp%2Fv2%2Fcategories&post=12333"},{"taxonomy":"post_tag","embeddable":true,"href":"https:\/\/proyeccionedomex.com.mx\/index.php?rest_route=%2Fwp%2Fv2%2Ftags&post=12333"}],"curies":[{"name":"wp","href":"https:\/\/api.w.org\/{rel}","templated":true}]}}