{"id":12338,"date":"2026-04-24T15:08:14","date_gmt":"2026-04-24T15:08:14","guid":{"rendered":"https:\/\/proyeccionedomex.com.mx\/?p=12338"},"modified":"2026-04-24T15:08:23","modified_gmt":"2026-04-24T15:08:23","slug":"detiene-policia-municipal-de-toluca-a-presunto-responsable-de-homicidio","status":"publish","type":"post","link":"https:\/\/proyeccionedomex.com.mx\/?p=12338","title":{"rendered":"Detiene Polic\u00eda Municipal de Toluca a presunto responsable de homicidio"},"content":{"rendered":"\n<figure class=\"wp-block-image size-large td-caption-align-https:\/\/proyeccionedomex.com.mx\/wp-content\/uploads\/2026\/04\/image-45.jpeg\"><img loading=\"lazy\" decoding=\"async\" width=\"1024\" height=\"768\" src=\"https:\/\/proyeccionedomex.com.mx\/wp-content\/uploads\/2026\/04\/image-45-1024x768.jpeg\" alt=\"\" class=\"wp-image-12339\" srcset=\"https:\/\/proyeccionedomex.com.mx\/wp-content\/uploads\/2026\/04\/image-45-1024x768.jpeg 1024w, https:\/\/proyeccionedomex.com.mx\/wp-content\/uploads\/2026\/04\/image-45-300x225.jpeg 300w, https:\/\/proyeccionedomex.com.mx\/wp-content\/uploads\/2026\/04\/image-45-768x576.jpeg 768w, https:\/\/proyeccionedomex.com.mx\/wp-content\/uploads\/2026\/04\/image-45-1536x1152.jpeg 1536w, https:\/\/proyeccionedomex.com.mx\/wp-content\/uploads\/2026\/04\/image-45-696x522.jpeg 696w, https:\/\/proyeccionedomex.com.mx\/wp-content\/uploads\/2026\/04\/image-45-1068x801.jpeg 1068w, https:\/\/proyeccionedomex.com.mx\/wp-content\/uploads\/2026\/04\/image-45-560x420.jpeg 560w, https:\/\/proyeccionedomex.com.mx\/wp-content\/uploads\/2026\/04\/image-45-80x60.jpeg 80w, https:\/\/proyeccionedomex.com.mx\/wp-content\/uploads\/2026\/04\/image-45-265x198.jpeg 265w, https:\/\/proyeccionedomex.com.mx\/wp-content\/uploads\/2026\/04\/image-45.jpeg 1600w\" sizes=\"auto, (max-width: 1024px) 100vw, 1024px\" \/><\/figure>\n\n\n\n<p>Detiene Polic\u00eda Municipal de Toluca a presunto responsable de homicidio<\/p>\n\n\n\n<p>Elementos de la Direcci\u00f3n General de Seguridad y Protecci\u00f3n de Toluca detuvieron a Sergio \u201cN\u201d de 57 a\u00f1os, se\u00f1alado como probable responsable de un homicidio ocurrido en la zona sur del municipio.<\/p>\n\n\n\n<p>De acuerdo con el reporte, los hechos se registraron en la delegaci\u00f3n Santiago Tlacotepec donde un hombre de 49 a\u00f1os, result\u00f3 lesionado tras una ri\u00f1a y posteriormente perdi\u00f3 la vida.<\/p>\n\n\n\n<p>Derivado de un operativo de b\u00fasqueda, el presunto implicado fue localizado y detenido en la delegaci\u00f3n San Juan Tilapa, tras ser identificado por familiares del occiso.<\/p>\n\n\n\n<p>Durante su aseguramiento, el individuo ofreci\u00f3 dinero a los elementos policiales, por lo que podr\u00eda enfrentar cargos adicionales por cohecho.<\/p>\n\n\n\n<p>El detenido fue puesto a disposici\u00f3n de la Fiscal\u00eda General de Justicia del Estado de M\u00e9xico quien determinar\u00e1 su situaci\u00f3n jur\u00eddica.<\/p>\n","protected":false},"excerpt":{"rendered":"<p>Detiene Polic\u00eda Municipal de Toluca a presunto responsable de homicidio Elementos de la Direcci\u00f3n General de Seguridad y Protecci\u00f3n de Toluca detuvieron a Sergio \u201cN\u201d de 57 a\u00f1os, se\u00f1alado como probable responsable de un homicidio ocurrido en la zona sur del municipio. De acuerdo con el reporte, los hechos se registraron en la delegaci\u00f3n Santiago [&hellip;]<\/p>\n","protected":false},"author":1,"featured_media":12339,"comment_status":"open","ping_status":"closed","sticky":false,"template":"","format":"standard","meta":{"footnotes":""},"categories":[1,164],"tags":[],"class_list":{"0":"post-12338","1":"post","2":"type-post","3":"status-publish","4":"format-standard","5":"has-post-thumbnail","7":"category-politica","8":"category-regional"},"yoast_head":"<!-- This site is optimized with the Yoast SEO plugin v27.5 - https:\/\/yoast.com\/product\/yoast-seo-wordpress\/ -->\n<title>Detiene Polic\u00eda Municipal de Toluca a presunto responsable de homicidio - Proyecci\u00f3n Estado de M\u00e9xico<\/title>\n<meta name=\"robots\" content=\"index, follow, max-snippet:-1, max-image-preview:large, max-video-preview:-1\" \/>\n<link rel=\"canonical\" href=\"https:\/\/proyeccionedomex.com.mx\/?p=12338\" \/>\n<meta property=\"og:locale\" content=\"es_ES\" \/>\n<meta property=\"og:type\" content=\"article\" \/>\n<meta property=\"og:title\" content=\"Detiene Polic\u00eda Municipal de Toluca a presunto responsable de homicidio - Proyecci\u00f3n Estado de M\u00e9xico\" \/>\n<meta property=\"og:description\" content=\"Detiene Polic\u00eda Municipal de Toluca a presunto responsable de homicidio Elementos de la Direcci\u00f3n General de Seguridad y Protecci\u00f3n de Toluca detuvieron a Sergio \u201cN\u201d de 57 a\u00f1os, se\u00f1alado como probable responsable de un homicidio ocurrido en la zona sur del municipio. De acuerdo con el reporte, los hechos se registraron en la delegaci\u00f3n Santiago [&hellip;]\" \/>\n<meta property=\"og:url\" content=\"https:\/\/proyeccionedomex.com.mx\/?p=12338\" \/>\n<meta property=\"og:site_name\" content=\"Proyecci\u00f3n Estado de M\u00e9xico\" \/>\n<meta property=\"article:publisher\" content=\"https:\/\/www.facebook.com\/PortaldeNoticiasProyeccionEdomex\" \/>\n<meta property=\"article:published_time\" content=\"2026-04-24T15:08:14+00:00\" \/>\n<meta property=\"article:modified_time\" content=\"2026-04-24T15:08:23+00:00\" \/>\n<meta property=\"og:image\" content=\"https:\/\/proyeccionedomex.com.mx\/wp-content\/uploads\/2026\/04\/image-45.jpeg\" \/>\n\t<meta property=\"og:image:width\" content=\"1600\" \/>\n\t<meta property=\"og:image:height\" content=\"1200\" \/>\n\t<meta property=\"og:image:type\" content=\"image\/jpeg\" \/>\n<meta name=\"author\" content=\"Redacci\u00f3n Proyecci\u00f3n EDOM\u00c9X\" \/>\n<meta name=\"twitter:card\" content=\"summary_large_image\" \/>\n<meta name=\"twitter:label1\" content=\"Escrito por\" \/>\n\t<meta name=\"twitter:data1\" content=\"Redacci\u00f3n Proyecci\u00f3n EDOM\u00c9X\" \/>\n\t<meta name=\"twitter:label2\" content=\"Tiempo de lectura\" \/>\n\t<meta name=\"twitter:data2\" content=\"1 minuto\" \/>\n<script type=\"application\/ld+json\" class=\"yoast-schema-graph\">{\"@context\":\"https:\\\/\\\/schema.org\",\"@graph\":[{\"@type\":\"Article\",\"@id\":\"https:\\\/\\\/proyeccionedomex.com.mx\\\/?p=12338#article\",\"isPartOf\":{\"@id\":\"https:\\\/\\\/proyeccionedomex.com.mx\\\/?p=12338\"},\"author\":{\"name\":\"Redacci\u00f3n Proyecci\u00f3n EDOM\u00c9X\",\"@id\":\"https:\\\/\\\/proyeccionedomex.com.mx\\\/#\\\/schema\\\/person\\\/2e66b5427bffed972a69e6b66b4e3a76\"},\"headline\":\"Detiene Polic\u00eda Municipal de Toluca a presunto responsable de homicidio\",\"datePublished\":\"2026-04-24T15:08:14+00:00\",\"dateModified\":\"2026-04-24T15:08:23+00:00\",\"mainEntityOfPage\":{\"@id\":\"https:\\\/\\\/proyeccionedomex.com.mx\\\/?p=12338\"},\"wordCount\":164,\"commentCount\":0,\"publisher\":{\"@id\":\"https:\\\/\\\/proyeccionedomex.com.mx\\\/#organization\"},\"image\":{\"@id\":\"https:\\\/\\\/proyeccionedomex.com.mx\\\/?p=12338#primaryimage\"},\"thumbnailUrl\":\"https:\\\/\\\/proyeccionedomex.com.mx\\\/wp-content\\\/uploads\\\/2026\\\/04\\\/image-45.jpeg\",\"articleSection\":[\"Politica\",\"Regional\"],\"inLanguage\":\"es\",\"potentialAction\":[{\"@type\":\"CommentAction\",\"name\":\"Comment\",\"target\":[\"https:\\\/\\\/proyeccionedomex.com.mx\\\/?p=12338#respond\"]}]},{\"@type\":\"WebPage\",\"@id\":\"https:\\\/\\\/proyeccionedomex.com.mx\\\/?p=12338\",\"url\":\"https:\\\/\\\/proyeccionedomex.com.mx\\\/?p=12338\",\"name\":\"Detiene Polic\u00eda Municipal de Toluca a presunto responsable de homicidio - Proyecci\u00f3n Estado de M\u00e9xico\",\"isPartOf\":{\"@id\":\"https:\\\/\\\/proyeccionedomex.com.mx\\\/#website\"},\"primaryImageOfPage\":{\"@id\":\"https:\\\/\\\/proyeccionedomex.com.mx\\\/?p=12338#primaryimage\"},\"image\":{\"@id\":\"https:\\\/\\\/proyeccionedomex.com.mx\\\/?p=12338#primaryimage\"},\"thumbnailUrl\":\"https:\\\/\\\/proyeccionedomex.com.mx\\\/wp-content\\\/uploads\\\/2026\\\/04\\\/image-45.jpeg\",\"datePublished\":\"2026-04-24T15:08:14+00:00\",\"dateModified\":\"2026-04-24T15:08:23+00:00\",\"breadcrumb\":{\"@id\":\"https:\\\/\\\/proyeccionedomex.com.mx\\\/?p=12338#breadcrumb\"},\"inLanguage\":\"es\",\"potentialAction\":[{\"@type\":\"ReadAction\",\"target\":[\"https:\\\/\\\/proyeccionedomex.com.mx\\\/?p=12338\"]}]},{\"@type\":\"ImageObject\",\"inLanguage\":\"es\",\"@id\":\"https:\\\/\\\/proyeccionedomex.com.mx\\\/?p=12338#primaryimage\",\"url\":\"https:\\\/\\\/proyeccionedomex.com.mx\\\/wp-content\\\/uploads\\\/2026\\\/04\\\/image-45.jpeg\",\"contentUrl\":\"https:\\\/\\\/proyeccionedomex.com.mx\\\/wp-content\\\/uploads\\\/2026\\\/04\\\/image-45.jpeg\",\"width\":1600,\"height\":1200},{\"@type\":\"BreadcrumbList\",\"@id\":\"https:\\\/\\\/proyeccionedomex.com.mx\\\/?p=12338#breadcrumb\",\"itemListElement\":[{\"@type\":\"ListItem\",\"position\":1,\"name\":\"Portada\",\"item\":\"https:\\\/\\\/proyeccionedomex.com.mx\\\/\"},{\"@type\":\"ListItem\",\"position\":2,\"name\":\"Detiene Polic\u00eda Municipal de Toluca a presunto responsable de homicidio\"}]},{\"@type\":\"WebSite\",\"@id\":\"https:\\\/\\\/proyeccionedomex.com.mx\\\/#website\",\"url\":\"https:\\\/\\\/proyeccionedomex.com.mx\\\/\",\"name\":\"Proyecci\u00f3n Estado de M\u00e9xico\",\"description\":\"Proyecci\u00f3n Edo. Mex.\",\"publisher\":{\"@id\":\"https:\\\/\\\/proyeccionedomex.com.mx\\\/#organization\"},\"potentialAction\":[{\"@type\":\"SearchAction\",\"target\":{\"@type\":\"EntryPoint\",\"urlTemplate\":\"https:\\\/\\\/proyeccionedomex.com.mx\\\/?s={search_term_string}\"},\"query-input\":{\"@type\":\"PropertyValueSpecification\",\"valueRequired\":true,\"valueName\":\"search_term_string\"}}],\"inLanguage\":\"es\"},{\"@type\":\"Organization\",\"@id\":\"https:\\\/\\\/proyeccionedomex.com.mx\\\/#organization\",\"name\":\"Proyecci\u00f3n Estado de M\u00e9xico\",\"url\":\"https:\\\/\\\/proyeccionedomex.com.mx\\\/\",\"logo\":{\"@type\":\"ImageObject\",\"inLanguage\":\"es\",\"@id\":\"https:\\\/\\\/proyeccionedomex.com.mx\\\/#\\\/schema\\\/logo\\\/image\\\/\",\"url\":\"https:\\\/\\\/proyeccionedomex.com.mx\\\/wp-content\\\/uploads\\\/2024\\\/03\\\/proyeccion.jpg\",\"contentUrl\":\"https:\\\/\\\/proyeccionedomex.com.mx\\\/wp-content\\\/uploads\\\/2024\\\/03\\\/proyeccion.jpg\",\"width\":1143,\"height\":801,\"caption\":\"Proyecci\u00f3n Estado de M\u00e9xico\"},\"image\":{\"@id\":\"https:\\\/\\\/proyeccionedomex.com.mx\\\/#\\\/schema\\\/logo\\\/image\\\/\"},\"sameAs\":[\"https:\\\/\\\/www.facebook.com\\\/PortaldeNoticiasProyeccionEdomex\"]},{\"@type\":\"Person\",\"@id\":\"https:\\\/\\\/proyeccionedomex.com.mx\\\/#\\\/schema\\\/person\\\/2e66b5427bffed972a69e6b66b4e3a76\",\"name\":\"Redacci\u00f3n Proyecci\u00f3n EDOM\u00c9X\",\"image\":{\"@type\":\"ImageObject\",\"inLanguage\":\"es\",\"@id\":\"https:\\\/\\\/secure.gravatar.com\\\/avatar\\\/f43a2254d614198c44c96f86f1f078a06cac3d39a3250e9245aa331797519cab?s=96&d=mm&r=g\",\"url\":\"https:\\\/\\\/secure.gravatar.com\\\/avatar\\\/f43a2254d614198c44c96f86f1f078a06cac3d39a3250e9245aa331797519cab?s=96&d=mm&r=g\",\"contentUrl\":\"https:\\\/\\\/secure.gravatar.com\\\/avatar\\\/f43a2254d614198c44c96f86f1f078a06cac3d39a3250e9245aa331797519cab?s=96&d=mm&r=g\",\"caption\":\"Redacci\u00f3n Proyecci\u00f3n EDOM\u00c9X\"},\"sameAs\":[\"https:\\\/\\\/proyeccionedomex.com.mx\"],\"url\":\"https:\\\/\\\/proyeccionedomex.com.mx\\\/?author=1\"}]}<\/script>\n<!-- \/ Yoast SEO plugin. -->","yoast_head_json":{"title":"Detiene Polic\u00eda Municipal de Toluca a presunto responsable de homicidio - Proyecci\u00f3n Estado de M\u00e9xico","robots":{"index":"index","follow":"follow","max-snippet":"max-snippet:-1","max-image-preview":"max-image-preview:large","max-video-preview":"max-video-preview:-1"},"canonical":"https:\/\/proyeccionedomex.com.mx\/?p=12338","og_locale":"es_ES","og_type":"article","og_title":"Detiene Polic\u00eda Municipal de Toluca a presunto responsable de homicidio - Proyecci\u00f3n Estado de M\u00e9xico","og_description":"Detiene Polic\u00eda Municipal de Toluca a presunto responsable de homicidio Elementos de la Direcci\u00f3n General de Seguridad y Protecci\u00f3n de Toluca detuvieron a Sergio \u201cN\u201d de 57 a\u00f1os, se\u00f1alado como probable responsable de un homicidio ocurrido en la zona sur del municipio. De acuerdo con el reporte, los hechos se registraron en la delegaci\u00f3n Santiago [&hellip;]","og_url":"https:\/\/proyeccionedomex.com.mx\/?p=12338","og_site_name":"Proyecci\u00f3n Estado de M\u00e9xico","article_publisher":"https:\/\/www.facebook.com\/PortaldeNoticiasProyeccionEdomex","article_published_time":"2026-04-24T15:08:14+00:00","article_modified_time":"2026-04-24T15:08:23+00:00","og_image":[{"width":1600,"height":1200,"url":"https:\/\/proyeccionedomex.com.mx\/wp-content\/uploads\/2026\/04\/image-45.jpeg","type":"image\/jpeg"}],"author":"Redacci\u00f3n Proyecci\u00f3n EDOM\u00c9X","twitter_card":"summary_large_image","twitter_misc":{"Escrito por":"Redacci\u00f3n Proyecci\u00f3n EDOM\u00c9X","Tiempo de lectura":"1 minuto"},"schema":{"@context":"https:\/\/schema.org","@graph":[{"@type":"Article","@id":"https:\/\/proyeccionedomex.com.mx\/?p=12338#article","isPartOf":{"@id":"https:\/\/proyeccionedomex.com.mx\/?p=12338"},"author":{"name":"Redacci\u00f3n Proyecci\u00f3n EDOM\u00c9X","@id":"https:\/\/proyeccionedomex.com.mx\/#\/schema\/person\/2e66b5427bffed972a69e6b66b4e3a76"},"headline":"Detiene Polic\u00eda Municipal de Toluca a presunto responsable de homicidio","datePublished":"2026-04-24T15:08:14+00:00","dateModified":"2026-04-24T15:08:23+00:00","mainEntityOfPage":{"@id":"https:\/\/proyeccionedomex.com.mx\/?p=12338"},"wordCount":164,"commentCount":0,"publisher":{"@id":"https:\/\/proyeccionedomex.com.mx\/#organization"},"image":{"@id":"https:\/\/proyeccionedomex.com.mx\/?p=12338#primaryimage"},"thumbnailUrl":"https:\/\/proyeccionedomex.com.mx\/wp-content\/uploads\/2026\/04\/image-45.jpeg","articleSection":["Politica","Regional"],"inLanguage":"es","potentialAction":[{"@type":"CommentAction","name":"Comment","target":["https:\/\/proyeccionedomex.com.mx\/?p=12338#respond"]}]},{"@type":"WebPage","@id":"https:\/\/proyeccionedomex.com.mx\/?p=12338","url":"https:\/\/proyeccionedomex.com.mx\/?p=12338","name":"Detiene Polic\u00eda Municipal de Toluca a presunto responsable de homicidio - Proyecci\u00f3n Estado de M\u00e9xico","isPartOf":{"@id":"https:\/\/proyeccionedomex.com.mx\/#website"},"primaryImageOfPage":{"@id":"https:\/\/proyeccionedomex.com.mx\/?p=12338#primaryimage"},"image":{"@id":"https:\/\/proyeccionedomex.com.mx\/?p=12338#primaryimage"},"thumbnailUrl":"https:\/\/proyeccionedomex.com.mx\/wp-content\/uploads\/2026\/04\/image-45.jpeg","datePublished":"2026-04-24T15:08:14+00:00","dateModified":"2026-04-24T15:08:23+00:00","breadcrumb":{"@id":"https:\/\/proyeccionedomex.com.mx\/?p=12338#breadcrumb"},"inLanguage":"es","potentialAction":[{"@type":"ReadAction","target":["https:\/\/proyeccionedomex.com.mx\/?p=12338"]}]},{"@type":"ImageObject","inLanguage":"es","@id":"https:\/\/proyeccionedomex.com.mx\/?p=12338#primaryimage","url":"https:\/\/proyeccionedomex.com.mx\/wp-content\/uploads\/2026\/04\/image-45.jpeg","contentUrl":"https:\/\/proyeccionedomex.com.mx\/wp-content\/uploads\/2026\/04\/image-45.jpeg","width":1600,"height":1200},{"@type":"BreadcrumbList","@id":"https:\/\/proyeccionedomex.com.mx\/?p=12338#breadcrumb","itemListElement":[{"@type":"ListItem","position":1,"name":"Portada","item":"https:\/\/proyeccionedomex.com.mx\/"},{"@type":"ListItem","position":2,"name":"Detiene Polic\u00eda Municipal de Toluca a presunto responsable de homicidio"}]},{"@type":"WebSite","@id":"https:\/\/proyeccionedomex.com.mx\/#website","url":"https:\/\/proyeccionedomex.com.mx\/","name":"Proyecci\u00f3n Estado de M\u00e9xico","description":"Proyecci\u00f3n Edo. Mex.","publisher":{"@id":"https:\/\/proyeccionedomex.com.mx\/#organization"},"potentialAction":[{"@type":"SearchAction","target":{"@type":"EntryPoint","urlTemplate":"https:\/\/proyeccionedomex.com.mx\/?s={search_term_string}"},"query-input":{"@type":"PropertyValueSpecification","valueRequired":true,"valueName":"search_term_string"}}],"inLanguage":"es"},{"@type":"Organization","@id":"https:\/\/proyeccionedomex.com.mx\/#organization","name":"Proyecci\u00f3n Estado de M\u00e9xico","url":"https:\/\/proyeccionedomex.com.mx\/","logo":{"@type":"ImageObject","inLanguage":"es","@id":"https:\/\/proyeccionedomex.com.mx\/#\/schema\/logo\/image\/","url":"https:\/\/proyeccionedomex.com.mx\/wp-content\/uploads\/2024\/03\/proyeccion.jpg","contentUrl":"https:\/\/proyeccionedomex.com.mx\/wp-content\/uploads\/2024\/03\/proyeccion.jpg","width":1143,"height":801,"caption":"Proyecci\u00f3n Estado de M\u00e9xico"},"image":{"@id":"https:\/\/proyeccionedomex.com.mx\/#\/schema\/logo\/image\/"},"sameAs":["https:\/\/www.facebook.com\/PortaldeNoticiasProyeccionEdomex"]},{"@type":"Person","@id":"https:\/\/proyeccionedomex.com.mx\/#\/schema\/person\/2e66b5427bffed972a69e6b66b4e3a76","name":"Redacci\u00f3n Proyecci\u00f3n EDOM\u00c9X","image":{"@type":"ImageObject","inLanguage":"es","@id":"https:\/\/secure.gravatar.com\/avatar\/f43a2254d614198c44c96f86f1f078a06cac3d39a3250e9245aa331797519cab?s=96&d=mm&r=g","url":"https:\/\/secure.gravatar.com\/avatar\/f43a2254d614198c44c96f86f1f078a06cac3d39a3250e9245aa331797519cab?s=96&d=mm&r=g","contentUrl":"https:\/\/secure.gravatar.com\/avatar\/f43a2254d614198c44c96f86f1f078a06cac3d39a3250e9245aa331797519cab?s=96&d=mm&r=g","caption":"Redacci\u00f3n Proyecci\u00f3n EDOM\u00c9X"},"sameAs":["https:\/\/proyeccionedomex.com.mx"],"url":"https:\/\/proyeccionedomex.com.mx\/?author=1"}]}},"_links":{"self":[{"href":"https:\/\/proyeccionedomex.com.mx\/index.php?rest_route=\/wp\/v2\/posts\/12338","targetHints":{"allow":["GET"]}}],"collection":[{"href":"https:\/\/proyeccionedomex.com.mx\/index.php?rest_route=\/wp\/v2\/posts"}],"about":[{"href":"https:\/\/proyeccionedomex.com.mx\/index.php?rest_route=\/wp\/v2\/types\/post"}],"author":[{"embeddable":true,"href":"https:\/\/proyeccionedomex.com.mx\/index.php?rest_route=\/wp\/v2\/users\/1"}],"replies":[{"embeddable":true,"href":"https:\/\/proyeccionedomex.com.mx\/index.php?rest_route=%2Fwp%2Fv2%2Fcomments&post=12338"}],"version-history":[{"count":1,"href":"https:\/\/proyeccionedomex.com.mx\/index.php?rest_route=\/wp\/v2\/posts\/12338\/revisions"}],"predecessor-version":[{"id":12340,"href":"https:\/\/proyeccionedomex.com.mx\/index.php?rest_route=\/wp\/v2\/posts\/12338\/revisions\/12340"}],"wp:featuredmedia":[{"embeddable":true,"href":"https:\/\/proyeccionedomex.com.mx\/index.php?rest_route=\/wp\/v2\/media\/12339"}],"wp:attachment":[{"href":"https:\/\/proyeccionedomex.com.mx\/index.php?rest_route=%2Fwp%2Fv2%2Fmedia&parent=12338"}],"wp:term":[{"taxonomy":"category","embeddable":true,"href":"https:\/\/proyeccionedomex.com.mx\/index.php?rest_route=%2Fwp%2Fv2%2Fcategories&post=12338"},{"taxonomy":"post_tag","embeddable":true,"href":"https:\/\/proyeccionedomex.com.mx\/index.php?rest_route=%2Fwp%2Fv2%2Ftags&post=12338"}],"curies":[{"name":"wp","href":"https:\/\/api.w.org\/{rel}","templated":true}]}}