{"id":12341,"date":"2026-04-24T15:09:36","date_gmt":"2026-04-24T15:09:36","guid":{"rendered":"https:\/\/proyeccionedomex.com.mx\/?p=12341"},"modified":"2026-04-24T15:10:07","modified_gmt":"2026-04-24T15:10:07","slug":"lectura-eje-de-la-transformacion-universitaria-realiza-uaemex-primera-edicion-de-la-feria-universitaria-del-libro","status":"publish","type":"post","link":"https:\/\/proyeccionedomex.com.mx\/?p=12341","title":{"rendered":"Lectura, eje de la Transformaci\u00f3n Universitaria: realiza UAEM\u00e9x primera edici\u00f3n de la Feria Universitaria del Libro"},"content":{"rendered":"\n<figure class=\"wp-block-image size-full\"><img loading=\"lazy\" decoding=\"async\" width=\"1024\" height=\"682\" src=\"https:\/\/proyeccionedomex.com.mx\/wp-content\/uploads\/2026\/04\/image-46.jpeg\" alt=\"\" class=\"wp-image-12342\" srcset=\"https:\/\/proyeccionedomex.com.mx\/wp-content\/uploads\/2026\/04\/image-46.jpeg 1024w, https:\/\/proyeccionedomex.com.mx\/wp-content\/uploads\/2026\/04\/image-46-300x200.jpeg 300w, https:\/\/proyeccionedomex.com.mx\/wp-content\/uploads\/2026\/04\/image-46-768x512.jpeg 768w, https:\/\/proyeccionedomex.com.mx\/wp-content\/uploads\/2026\/04\/image-46-696x464.jpeg 696w, https:\/\/proyeccionedomex.com.mx\/wp-content\/uploads\/2026\/04\/image-46-631x420.jpeg 631w\" sizes=\"auto, (max-width: 1024px) 100vw, 1024px\" \/><\/figure>\n\n\n\n<p>Lectura, eje de la Transformaci\u00f3n Universitaria: realiza UAEM\u00e9x primera edici\u00f3n de la Feria Universitaria del Libro<\/p>\n\n\n\n<p>Con el objetivo de fomentar la lectura y fortalecer el bienestar integral de la comunidad universitaria y del p\u00fablico en general, la Universidad Aut\u00f3noma del Estado de M\u00e9xico (UAEM\u00e9x) inaugur\u00f3 la primera edici\u00f3n de la Feria Universitaria del Libro (FUL), un espacio que promueve el encuentro entre la palabra y el pensamiento, en el marco del Programa \u201cAbril, Mes de la Lectura\u201d.<\/p>\n\n\n\n<p>Esta iniciativa posiciona a la lectura como uno de los ejes de la Transformaci\u00f3n Universitaria impulsada por la rectora Martha Patricia Zarza Delgado, basada en los principios de cercan\u00eda, inclusi\u00f3n y progresismo.<\/p>\n\n\n\n<p>La Feria cuenta con la participaci\u00f3n de 31 editoriales \u2014incluida la propia UAEM\u00e9x\u2014 y ofrece 28 actividades acad\u00e9micas, entre ellas tres conferencias, tres conversatorios, 20 presentaciones de libros y revistas, una puesta en escena, una mesa de di\u00e1logo y la colaboraci\u00f3n de la Embajada de Cuba en M\u00e9xico.<\/p>\n\n\n\n<p>Durante la ceremonia inaugural, realizada en el Patio del Centenario del Edificio de Rector\u00eda, Zarza Delgado destac\u00f3 que la lectura es una herramienta fundamental para la formaci\u00f3n integral, al fortalecer la libertad acad\u00e9mica y el pensamiento humanista. Subray\u00f3 que esta pr\u00e1ctica contribuye a la formaci\u00f3n de profesionistas cr\u00edticos, creativos y conscientes de su entorno.<\/p>\n\n\n\n<p>Acompa\u00f1ada por integrantes de la comunidad universitaria, as\u00ed como por la consejera cultural de la Embajada de Cuba en M\u00e9xico, Norma Rodr\u00edguez Derivet; el secretario Acad\u00e9mico, Francisco Herrera Tapia, y la secretaria de Identidad y Cultura, Cynthia Ortega Salgado, la rectora inform\u00f3 que, en 2026, la UAEM\u00e9x ha ampliado su oferta a m\u00e1s de 400 actividades culturales y literarias distribuidas en 52 espacios acad\u00e9micos.<\/p>\n\n\n\n<p>Asimismo, resalt\u00f3 que la universidad reafirma su car\u00e1cter regional y estatal al promover la lectura como un elemento clave para la diversidad cultural y la inclusi\u00f3n, al contribuir a la preservaci\u00f3n de lenguas, tradiciones y narrativas colectivas.<\/p>\n\n\n\n<p>En su intervenci\u00f3n, el secretario Acad\u00e9mico, Francisco Herrera Tapia, se\u00f1al\u00f3 que la FUL consolida el compromiso institucional con la formaci\u00f3n integral, al reconocer a los libros como fuente de conocimiento y herramienta esencial para la transformaci\u00f3n social. A\u00f1adi\u00f3 que la lectura constituye un acto de resistencia que fomenta ciudadan\u00edas cr\u00edticas, informadas y sensibles ante su realidad.<\/p>\n\n\n\n<p>Finalmente, subray\u00f3 que, al impulsar el acceso equitativo y plural a la cultura y el conocimiento, la UAEM\u00e9x fortalece su vocaci\u00f3n como instituci\u00f3n p\u00fablica comprometida con la construcci\u00f3n de un futuro m\u00e1s justo, libre y solidario.<\/p>\n\n\n\n<p>La primera edici\u00f3n de la FUL UAEM\u00e9x se llevar\u00e1 a cabo hasta el viernes 24 de abril en el Edificio de Rector\u00eda, con acceso libre y gratuito para la comunidad universitaria y el p\u00fablico en general.<\/p>\n","protected":false},"excerpt":{"rendered":"<p>Lectura, eje de la Transformaci\u00f3n Universitaria: realiza UAEM\u00e9x primera edici\u00f3n de la Feria Universitaria del Libro Con el objetivo de fomentar la lectura y fortalecer el bienestar integral de la comunidad universitaria y del p\u00fablico en general, la Universidad Aut\u00f3noma del Estado de M\u00e9xico (UAEM\u00e9x) inaugur\u00f3 la primera edici\u00f3n de la Feria Universitaria del Libro [&hellip;]<\/p>\n","protected":false},"author":1,"featured_media":12342,"comment_status":"open","ping_status":"closed","sticky":false,"template":"","format":"standard","meta":{"footnotes":""},"categories":[163,1],"tags":[],"class_list":{"0":"post-12341","1":"post","2":"type-post","3":"status-publish","4":"format-standard","5":"has-post-thumbnail","7":"category-estatal","8":"category-politica"},"yoast_head":"<!-- This site is optimized with the Yoast SEO plugin v27.5 - https:\/\/yoast.com\/product\/yoast-seo-wordpress\/ -->\n<title>Lectura, eje de la Transformaci\u00f3n Universitaria: realiza UAEM\u00e9x primera edici\u00f3n de la Feria Universitaria del Libro - Proyecci\u00f3n Estado de M\u00e9xico<\/title>\n<meta name=\"robots\" content=\"index, follow, max-snippet:-1, max-image-preview:large, max-video-preview:-1\" \/>\n<link rel=\"canonical\" href=\"https:\/\/proyeccionedomex.com.mx\/?p=12341\" \/>\n<meta property=\"og:locale\" content=\"es_ES\" \/>\n<meta property=\"og:type\" content=\"article\" \/>\n<meta property=\"og:title\" content=\"Lectura, eje de la Transformaci\u00f3n Universitaria: realiza UAEM\u00e9x primera edici\u00f3n de la Feria Universitaria del Libro - Proyecci\u00f3n Estado de M\u00e9xico\" \/>\n<meta property=\"og:description\" content=\"Lectura, eje de la Transformaci\u00f3n Universitaria: realiza UAEM\u00e9x primera edici\u00f3n de la Feria Universitaria del Libro Con el objetivo de fomentar la lectura y fortalecer el bienestar integral de la comunidad universitaria y del p\u00fablico en general, la Universidad Aut\u00f3noma del Estado de M\u00e9xico (UAEM\u00e9x) inaugur\u00f3 la primera edici\u00f3n de la Feria Universitaria del Libro [&hellip;]\" \/>\n<meta property=\"og:url\" content=\"https:\/\/proyeccionedomex.com.mx\/?p=12341\" \/>\n<meta property=\"og:site_name\" content=\"Proyecci\u00f3n Estado de M\u00e9xico\" \/>\n<meta property=\"article:publisher\" content=\"https:\/\/www.facebook.com\/PortaldeNoticiasProyeccionEdomex\" \/>\n<meta property=\"article:published_time\" content=\"2026-04-24T15:09:36+00:00\" \/>\n<meta property=\"article:modified_time\" content=\"2026-04-24T15:10:07+00:00\" \/>\n<meta property=\"og:image\" content=\"https:\/\/proyeccionedomex.com.mx\/wp-content\/uploads\/2026\/04\/image-46.jpeg\" \/>\n\t<meta property=\"og:image:width\" content=\"1024\" \/>\n\t<meta property=\"og:image:height\" content=\"682\" \/>\n\t<meta property=\"og:image:type\" content=\"image\/jpeg\" \/>\n<meta name=\"author\" content=\"Redacci\u00f3n Proyecci\u00f3n EDOM\u00c9X\" \/>\n<meta name=\"twitter:card\" content=\"summary_large_image\" \/>\n<meta name=\"twitter:label1\" content=\"Escrito por\" \/>\n\t<meta name=\"twitter:data1\" content=\"Redacci\u00f3n Proyecci\u00f3n EDOM\u00c9X\" \/>\n\t<meta name=\"twitter:label2\" content=\"Tiempo de lectura\" \/>\n\t<meta name=\"twitter:data2\" content=\"3 minutos\" \/>\n<script type=\"application\/ld+json\" class=\"yoast-schema-graph\">{\"@context\":\"https:\\\/\\\/schema.org\",\"@graph\":[{\"@type\":\"Article\",\"@id\":\"https:\\\/\\\/proyeccionedomex.com.mx\\\/?p=12341#article\",\"isPartOf\":{\"@id\":\"https:\\\/\\\/proyeccionedomex.com.mx\\\/?p=12341\"},\"author\":{\"name\":\"Redacci\u00f3n Proyecci\u00f3n EDOM\u00c9X\",\"@id\":\"https:\\\/\\\/proyeccionedomex.com.mx\\\/#\\\/schema\\\/person\\\/2e66b5427bffed972a69e6b66b4e3a76\"},\"headline\":\"Lectura, eje de la Transformaci\u00f3n Universitaria: realiza UAEM\u00e9x primera edici\u00f3n de la Feria Universitaria del Libro\",\"datePublished\":\"2026-04-24T15:09:36+00:00\",\"dateModified\":\"2026-04-24T15:10:07+00:00\",\"mainEntityOfPage\":{\"@id\":\"https:\\\/\\\/proyeccionedomex.com.mx\\\/?p=12341\"},\"wordCount\":504,\"commentCount\":0,\"publisher\":{\"@id\":\"https:\\\/\\\/proyeccionedomex.com.mx\\\/#organization\"},\"image\":{\"@id\":\"https:\\\/\\\/proyeccionedomex.com.mx\\\/?p=12341#primaryimage\"},\"thumbnailUrl\":\"https:\\\/\\\/proyeccionedomex.com.mx\\\/wp-content\\\/uploads\\\/2026\\\/04\\\/image-46.jpeg\",\"articleSection\":[\"Estatal\",\"Politica\"],\"inLanguage\":\"es\",\"potentialAction\":[{\"@type\":\"CommentAction\",\"name\":\"Comment\",\"target\":[\"https:\\\/\\\/proyeccionedomex.com.mx\\\/?p=12341#respond\"]}]},{\"@type\":\"WebPage\",\"@id\":\"https:\\\/\\\/proyeccionedomex.com.mx\\\/?p=12341\",\"url\":\"https:\\\/\\\/proyeccionedomex.com.mx\\\/?p=12341\",\"name\":\"Lectura, eje de la Transformaci\u00f3n Universitaria: realiza UAEM\u00e9x primera edici\u00f3n de la Feria Universitaria del Libro - Proyecci\u00f3n Estado de M\u00e9xico\",\"isPartOf\":{\"@id\":\"https:\\\/\\\/proyeccionedomex.com.mx\\\/#website\"},\"primaryImageOfPage\":{\"@id\":\"https:\\\/\\\/proyeccionedomex.com.mx\\\/?p=12341#primaryimage\"},\"image\":{\"@id\":\"https:\\\/\\\/proyeccionedomex.com.mx\\\/?p=12341#primaryimage\"},\"thumbnailUrl\":\"https:\\\/\\\/proyeccionedomex.com.mx\\\/wp-content\\\/uploads\\\/2026\\\/04\\\/image-46.jpeg\",\"datePublished\":\"2026-04-24T15:09:36+00:00\",\"dateModified\":\"2026-04-24T15:10:07+00:00\",\"breadcrumb\":{\"@id\":\"https:\\\/\\\/proyeccionedomex.com.mx\\\/?p=12341#breadcrumb\"},\"inLanguage\":\"es\",\"potentialAction\":[{\"@type\":\"ReadAction\",\"target\":[\"https:\\\/\\\/proyeccionedomex.com.mx\\\/?p=12341\"]}]},{\"@type\":\"ImageObject\",\"inLanguage\":\"es\",\"@id\":\"https:\\\/\\\/proyeccionedomex.com.mx\\\/?p=12341#primaryimage\",\"url\":\"https:\\\/\\\/proyeccionedomex.com.mx\\\/wp-content\\\/uploads\\\/2026\\\/04\\\/image-46.jpeg\",\"contentUrl\":\"https:\\\/\\\/proyeccionedomex.com.mx\\\/wp-content\\\/uploads\\\/2026\\\/04\\\/image-46.jpeg\",\"width\":1024,\"height\":682},{\"@type\":\"BreadcrumbList\",\"@id\":\"https:\\\/\\\/proyeccionedomex.com.mx\\\/?p=12341#breadcrumb\",\"itemListElement\":[{\"@type\":\"ListItem\",\"position\":1,\"name\":\"Portada\",\"item\":\"https:\\\/\\\/proyeccionedomex.com.mx\\\/\"},{\"@type\":\"ListItem\",\"position\":2,\"name\":\"Lectura, eje de la Transformaci\u00f3n Universitaria: realiza UAEM\u00e9x primera edici\u00f3n de la Feria Universitaria del Libro\"}]},{\"@type\":\"WebSite\",\"@id\":\"https:\\\/\\\/proyeccionedomex.com.mx\\\/#website\",\"url\":\"https:\\\/\\\/proyeccionedomex.com.mx\\\/\",\"name\":\"Proyecci\u00f3n Estado de M\u00e9xico\",\"description\":\"Proyecci\u00f3n Edo. Mex.\",\"publisher\":{\"@id\":\"https:\\\/\\\/proyeccionedomex.com.mx\\\/#organization\"},\"potentialAction\":[{\"@type\":\"SearchAction\",\"target\":{\"@type\":\"EntryPoint\",\"urlTemplate\":\"https:\\\/\\\/proyeccionedomex.com.mx\\\/?s={search_term_string}\"},\"query-input\":{\"@type\":\"PropertyValueSpecification\",\"valueRequired\":true,\"valueName\":\"search_term_string\"}}],\"inLanguage\":\"es\"},{\"@type\":\"Organization\",\"@id\":\"https:\\\/\\\/proyeccionedomex.com.mx\\\/#organization\",\"name\":\"Proyecci\u00f3n Estado de M\u00e9xico\",\"url\":\"https:\\\/\\\/proyeccionedomex.com.mx\\\/\",\"logo\":{\"@type\":\"ImageObject\",\"inLanguage\":\"es\",\"@id\":\"https:\\\/\\\/proyeccionedomex.com.mx\\\/#\\\/schema\\\/logo\\\/image\\\/\",\"url\":\"https:\\\/\\\/proyeccionedomex.com.mx\\\/wp-content\\\/uploads\\\/2024\\\/03\\\/proyeccion.jpg\",\"contentUrl\":\"https:\\\/\\\/proyeccionedomex.com.mx\\\/wp-content\\\/uploads\\\/2024\\\/03\\\/proyeccion.jpg\",\"width\":1143,\"height\":801,\"caption\":\"Proyecci\u00f3n Estado de M\u00e9xico\"},\"image\":{\"@id\":\"https:\\\/\\\/proyeccionedomex.com.mx\\\/#\\\/schema\\\/logo\\\/image\\\/\"},\"sameAs\":[\"https:\\\/\\\/www.facebook.com\\\/PortaldeNoticiasProyeccionEdomex\"]},{\"@type\":\"Person\",\"@id\":\"https:\\\/\\\/proyeccionedomex.com.mx\\\/#\\\/schema\\\/person\\\/2e66b5427bffed972a69e6b66b4e3a76\",\"name\":\"Redacci\u00f3n Proyecci\u00f3n EDOM\u00c9X\",\"image\":{\"@type\":\"ImageObject\",\"inLanguage\":\"es\",\"@id\":\"https:\\\/\\\/secure.gravatar.com\\\/avatar\\\/f43a2254d614198c44c96f86f1f078a06cac3d39a3250e9245aa331797519cab?s=96&d=mm&r=g\",\"url\":\"https:\\\/\\\/secure.gravatar.com\\\/avatar\\\/f43a2254d614198c44c96f86f1f078a06cac3d39a3250e9245aa331797519cab?s=96&d=mm&r=g\",\"contentUrl\":\"https:\\\/\\\/secure.gravatar.com\\\/avatar\\\/f43a2254d614198c44c96f86f1f078a06cac3d39a3250e9245aa331797519cab?s=96&d=mm&r=g\",\"caption\":\"Redacci\u00f3n Proyecci\u00f3n EDOM\u00c9X\"},\"sameAs\":[\"https:\\\/\\\/proyeccionedomex.com.mx\"],\"url\":\"https:\\\/\\\/proyeccionedomex.com.mx\\\/?author=1\"}]}<\/script>\n<!-- \/ Yoast SEO plugin. -->","yoast_head_json":{"title":"Lectura, eje de la Transformaci\u00f3n Universitaria: realiza UAEM\u00e9x primera edici\u00f3n de la Feria Universitaria del Libro - Proyecci\u00f3n Estado de M\u00e9xico","robots":{"index":"index","follow":"follow","max-snippet":"max-snippet:-1","max-image-preview":"max-image-preview:large","max-video-preview":"max-video-preview:-1"},"canonical":"https:\/\/proyeccionedomex.com.mx\/?p=12341","og_locale":"es_ES","og_type":"article","og_title":"Lectura, eje de la Transformaci\u00f3n Universitaria: realiza UAEM\u00e9x primera edici\u00f3n de la Feria Universitaria del Libro - Proyecci\u00f3n Estado de M\u00e9xico","og_description":"Lectura, eje de la Transformaci\u00f3n Universitaria: realiza UAEM\u00e9x primera edici\u00f3n de la Feria Universitaria del Libro Con el objetivo de fomentar la lectura y fortalecer el bienestar integral de la comunidad universitaria y del p\u00fablico en general, la Universidad Aut\u00f3noma del Estado de M\u00e9xico (UAEM\u00e9x) inaugur\u00f3 la primera edici\u00f3n de la Feria Universitaria del Libro [&hellip;]","og_url":"https:\/\/proyeccionedomex.com.mx\/?p=12341","og_site_name":"Proyecci\u00f3n Estado de M\u00e9xico","article_publisher":"https:\/\/www.facebook.com\/PortaldeNoticiasProyeccionEdomex","article_published_time":"2026-04-24T15:09:36+00:00","article_modified_time":"2026-04-24T15:10:07+00:00","og_image":[{"width":1024,"height":682,"url":"https:\/\/proyeccionedomex.com.mx\/wp-content\/uploads\/2026\/04\/image-46.jpeg","type":"image\/jpeg"}],"author":"Redacci\u00f3n Proyecci\u00f3n EDOM\u00c9X","twitter_card":"summary_large_image","twitter_misc":{"Escrito por":"Redacci\u00f3n Proyecci\u00f3n EDOM\u00c9X","Tiempo de lectura":"3 minutos"},"schema":{"@context":"https:\/\/schema.org","@graph":[{"@type":"Article","@id":"https:\/\/proyeccionedomex.com.mx\/?p=12341#article","isPartOf":{"@id":"https:\/\/proyeccionedomex.com.mx\/?p=12341"},"author":{"name":"Redacci\u00f3n Proyecci\u00f3n EDOM\u00c9X","@id":"https:\/\/proyeccionedomex.com.mx\/#\/schema\/person\/2e66b5427bffed972a69e6b66b4e3a76"},"headline":"Lectura, eje de la Transformaci\u00f3n Universitaria: realiza UAEM\u00e9x primera edici\u00f3n de la Feria Universitaria del Libro","datePublished":"2026-04-24T15:09:36+00:00","dateModified":"2026-04-24T15:10:07+00:00","mainEntityOfPage":{"@id":"https:\/\/proyeccionedomex.com.mx\/?p=12341"},"wordCount":504,"commentCount":0,"publisher":{"@id":"https:\/\/proyeccionedomex.com.mx\/#organization"},"image":{"@id":"https:\/\/proyeccionedomex.com.mx\/?p=12341#primaryimage"},"thumbnailUrl":"https:\/\/proyeccionedomex.com.mx\/wp-content\/uploads\/2026\/04\/image-46.jpeg","articleSection":["Estatal","Politica"],"inLanguage":"es","potentialAction":[{"@type":"CommentAction","name":"Comment","target":["https:\/\/proyeccionedomex.com.mx\/?p=12341#respond"]}]},{"@type":"WebPage","@id":"https:\/\/proyeccionedomex.com.mx\/?p=12341","url":"https:\/\/proyeccionedomex.com.mx\/?p=12341","name":"Lectura, eje de la Transformaci\u00f3n Universitaria: realiza UAEM\u00e9x primera edici\u00f3n de la Feria Universitaria del Libro - Proyecci\u00f3n Estado de M\u00e9xico","isPartOf":{"@id":"https:\/\/proyeccionedomex.com.mx\/#website"},"primaryImageOfPage":{"@id":"https:\/\/proyeccionedomex.com.mx\/?p=12341#primaryimage"},"image":{"@id":"https:\/\/proyeccionedomex.com.mx\/?p=12341#primaryimage"},"thumbnailUrl":"https:\/\/proyeccionedomex.com.mx\/wp-content\/uploads\/2026\/04\/image-46.jpeg","datePublished":"2026-04-24T15:09:36+00:00","dateModified":"2026-04-24T15:10:07+00:00","breadcrumb":{"@id":"https:\/\/proyeccionedomex.com.mx\/?p=12341#breadcrumb"},"inLanguage":"es","potentialAction":[{"@type":"ReadAction","target":["https:\/\/proyeccionedomex.com.mx\/?p=12341"]}]},{"@type":"ImageObject","inLanguage":"es","@id":"https:\/\/proyeccionedomex.com.mx\/?p=12341#primaryimage","url":"https:\/\/proyeccionedomex.com.mx\/wp-content\/uploads\/2026\/04\/image-46.jpeg","contentUrl":"https:\/\/proyeccionedomex.com.mx\/wp-content\/uploads\/2026\/04\/image-46.jpeg","width":1024,"height":682},{"@type":"BreadcrumbList","@id":"https:\/\/proyeccionedomex.com.mx\/?p=12341#breadcrumb","itemListElement":[{"@type":"ListItem","position":1,"name":"Portada","item":"https:\/\/proyeccionedomex.com.mx\/"},{"@type":"ListItem","position":2,"name":"Lectura, eje de la Transformaci\u00f3n Universitaria: realiza UAEM\u00e9x primera edici\u00f3n de la Feria Universitaria del Libro"}]},{"@type":"WebSite","@id":"https:\/\/proyeccionedomex.com.mx\/#website","url":"https:\/\/proyeccionedomex.com.mx\/","name":"Proyecci\u00f3n Estado de M\u00e9xico","description":"Proyecci\u00f3n Edo. Mex.","publisher":{"@id":"https:\/\/proyeccionedomex.com.mx\/#organization"},"potentialAction":[{"@type":"SearchAction","target":{"@type":"EntryPoint","urlTemplate":"https:\/\/proyeccionedomex.com.mx\/?s={search_term_string}"},"query-input":{"@type":"PropertyValueSpecification","valueRequired":true,"valueName":"search_term_string"}}],"inLanguage":"es"},{"@type":"Organization","@id":"https:\/\/proyeccionedomex.com.mx\/#organization","name":"Proyecci\u00f3n Estado de M\u00e9xico","url":"https:\/\/proyeccionedomex.com.mx\/","logo":{"@type":"ImageObject","inLanguage":"es","@id":"https:\/\/proyeccionedomex.com.mx\/#\/schema\/logo\/image\/","url":"https:\/\/proyeccionedomex.com.mx\/wp-content\/uploads\/2024\/03\/proyeccion.jpg","contentUrl":"https:\/\/proyeccionedomex.com.mx\/wp-content\/uploads\/2024\/03\/proyeccion.jpg","width":1143,"height":801,"caption":"Proyecci\u00f3n Estado de M\u00e9xico"},"image":{"@id":"https:\/\/proyeccionedomex.com.mx\/#\/schema\/logo\/image\/"},"sameAs":["https:\/\/www.facebook.com\/PortaldeNoticiasProyeccionEdomex"]},{"@type":"Person","@id":"https:\/\/proyeccionedomex.com.mx\/#\/schema\/person\/2e66b5427bffed972a69e6b66b4e3a76","name":"Redacci\u00f3n Proyecci\u00f3n EDOM\u00c9X","image":{"@type":"ImageObject","inLanguage":"es","@id":"https:\/\/secure.gravatar.com\/avatar\/f43a2254d614198c44c96f86f1f078a06cac3d39a3250e9245aa331797519cab?s=96&d=mm&r=g","url":"https:\/\/secure.gravatar.com\/avatar\/f43a2254d614198c44c96f86f1f078a06cac3d39a3250e9245aa331797519cab?s=96&d=mm&r=g","contentUrl":"https:\/\/secure.gravatar.com\/avatar\/f43a2254d614198c44c96f86f1f078a06cac3d39a3250e9245aa331797519cab?s=96&d=mm&r=g","caption":"Redacci\u00f3n Proyecci\u00f3n EDOM\u00c9X"},"sameAs":["https:\/\/proyeccionedomex.com.mx"],"url":"https:\/\/proyeccionedomex.com.mx\/?author=1"}]}},"_links":{"self":[{"href":"https:\/\/proyeccionedomex.com.mx\/index.php?rest_route=\/wp\/v2\/posts\/12341","targetHints":{"allow":["GET"]}}],"collection":[{"href":"https:\/\/proyeccionedomex.com.mx\/index.php?rest_route=\/wp\/v2\/posts"}],"about":[{"href":"https:\/\/proyeccionedomex.com.mx\/index.php?rest_route=\/wp\/v2\/types\/post"}],"author":[{"embeddable":true,"href":"https:\/\/proyeccionedomex.com.mx\/index.php?rest_route=\/wp\/v2\/users\/1"}],"replies":[{"embeddable":true,"href":"https:\/\/proyeccionedomex.com.mx\/index.php?rest_route=%2Fwp%2Fv2%2Fcomments&post=12341"}],"version-history":[{"count":1,"href":"https:\/\/proyeccionedomex.com.mx\/index.php?rest_route=\/wp\/v2\/posts\/12341\/revisions"}],"predecessor-version":[{"id":12343,"href":"https:\/\/proyeccionedomex.com.mx\/index.php?rest_route=\/wp\/v2\/posts\/12341\/revisions\/12343"}],"wp:featuredmedia":[{"embeddable":true,"href":"https:\/\/proyeccionedomex.com.mx\/index.php?rest_route=\/wp\/v2\/media\/12342"}],"wp:attachment":[{"href":"https:\/\/proyeccionedomex.com.mx\/index.php?rest_route=%2Fwp%2Fv2%2Fmedia&parent=12341"}],"wp:term":[{"taxonomy":"category","embeddable":true,"href":"https:\/\/proyeccionedomex.com.mx\/index.php?rest_route=%2Fwp%2Fv2%2Fcategories&post=12341"},{"taxonomy":"post_tag","embeddable":true,"href":"https:\/\/proyeccionedomex.com.mx\/index.php?rest_route=%2Fwp%2Fv2%2Ftags&post=12341"}],"curies":[{"name":"wp","href":"https:\/\/api.w.org\/{rel}","templated":true}]}}