{"id":12358,"date":"2026-04-24T15:22:57","date_gmt":"2026-04-24T15:22:57","guid":{"rendered":"https:\/\/proyeccionedomex.com.mx\/?p=12358"},"modified":"2026-04-24T15:23:03","modified_gmt":"2026-04-24T15:23:03","slug":"el-verde-sigue-sumando-llega-luis-manuel-orihuela-para-fortalecer-tlalnepantla","status":"publish","type":"post","link":"https:\/\/proyeccionedomex.com.mx\/?p=12358","title":{"rendered":"EL VERDE SIGUE SUMANDO: LLEGA LUIS MANUEL ORIHUELA PARA FORTALECER #TLALNEPANTLA"},"content":{"rendered":"\n<figure class=\"wp-block-gallery has-nested-images columns-default is-cropped wp-block-gallery-1 is-layout-flex wp-block-gallery-is-layout-flex\">\n<figure class=\"wp-block-image size-large td-caption-align-https:\/\/proyeccionedomex.com.mx\/wp-content\/uploads\/2026\/04\/image-51.jpeg\"><img loading=\"lazy\" decoding=\"async\" width=\"1024\" height=\"682\" data-id=\"12359\" src=\"https:\/\/proyeccionedomex.com.mx\/wp-content\/uploads\/2026\/04\/image-51-1024x682.jpeg\" alt=\"\" class=\"wp-image-12359\" srcset=\"https:\/\/proyeccionedomex.com.mx\/wp-content\/uploads\/2026\/04\/image-51-1024x682.jpeg 1024w, https:\/\/proyeccionedomex.com.mx\/wp-content\/uploads\/2026\/04\/image-51-300x200.jpeg 300w, https:\/\/proyeccionedomex.com.mx\/wp-content\/uploads\/2026\/04\/image-51-768x512.jpeg 768w, https:\/\/proyeccionedomex.com.mx\/wp-content\/uploads\/2026\/04\/image-51-1536x1023.jpeg 1536w, https:\/\/proyeccionedomex.com.mx\/wp-content\/uploads\/2026\/04\/image-51-696x464.jpeg 696w, https:\/\/proyeccionedomex.com.mx\/wp-content\/uploads\/2026\/04\/image-51-1068x712.jpeg 1068w, https:\/\/proyeccionedomex.com.mx\/wp-content\/uploads\/2026\/04\/image-51-630x420.jpeg 630w, https:\/\/proyeccionedomex.com.mx\/wp-content\/uploads\/2026\/04\/image-51.jpeg 1600w\" sizes=\"auto, (max-width: 1024px) 100vw, 1024px\" \/><\/figure>\n\n\n\n<figure class=\"wp-block-image\"><img decoding=\"async\" src=\"https:\/\/scontent.flov1-1.fna.fbcdn.net\/v\/t39.30808-6\/674913008_938234429201778_5250453552272088601_n.jpg?_nc_cat=105&amp;ccb=1-7&amp;_nc_sid=7b2446&amp;_nc_eui2=AeEt20gG8BEQ4O7Fb3qnNxhBbhg4wNR7001uGDjA1HvTTZu2lTWg9iwkZc9nJV44XjINZco_fdHGF1fV7Dg06U9G&amp;_nc_ohc=UepMiAzDVUIQ7kNvwHYHQp7&amp;_nc_oc=AdrcTjwZYn2noh87SgL-gAP0RripoVLRb6X4juHRJh3JC4KqI7L6NzB6mCTKk7_5FPA&amp;_nc_zt=23&amp;_nc_ht=scontent.flov1-1.fna&amp;_nc_gid=rLI5Q1tE4fh1I9ZME2EZCA&amp;oh=00_Af0DxNj_20y_TWnncYHOZoUquT-q1ces3b8pC0VzwPLFvA&amp;oe=69F16F22\" alt=\"Puede ser una imagen de \u200etexto que dice &quot;\u200e\u062d\u0644 VERDE \u130b\u130b\u12cd\u12e8 \uff06 EX SIGUF F F Con Cou PEPE COUTTOLENC \u0641\u06cc VERDE VERDE\u200e&quot;\u200e\"\/><\/figure>\n<\/figure>\n\n\n\n<p>EL VERDE SIGUE SUMANDO: LLEGA LUIS MANUEL ORIHUELA PARA FORTALECER <a href=\"https:\/\/www.facebook.com\/hashtag\/tlalnepantla?__cft__[0]=AZb7DWVNr-8BS6pbQHvbO_0XBcEVoJZeWkVmRapgXi1Sf1lBlS7I95IFDPgpsGE4VxU1Qf6ZUpds3Iam5Roy6_S9PG_fw08LgRVKEvzOoPLIUjcEAgYaWWNkDcCapvW9rmBkGvc48Wr0rFFbBP_rtiJAynuBfv56axNayxnWr6q5rA&amp;__tn__=*NK-R\">#TLALNEPANTLA<\/a><\/p>\n\n\n\n<p>\u2022 Con m\u00e1s de 30 a\u00f1os de trayectoria, el exfuncionario se integra al PVEM para reforzar estructura territorial<\/p>\n\n\n\n<p>\u2022 Pepe Couttolenc destaca que su incorporaci\u00f3n impactar\u00e1 en toda la regi\u00f3n<\/p>\n\n\n\n<p>Tlalnepantla, EDOM\u00c9X.\u2014 El Partido Verde Ecologista de M\u00e9xico (PVEM) contin\u00faa consolidando su crecimiento en territorio mexiquense. Este mi\u00e9rcoles, la dirigencia estatal anunci\u00f3 la incorporaci\u00f3n de Luis Manuel Orihuela M\u00e1rquez, un perfil con m\u00e1s de tres d\u00e9cadas de experiencia en la vida pol\u00edtica y el servicio p\u00fablico.<\/p>\n\n\n\n<p>El anuncio fue encabezado por el dirigente estatal, Jos\u00e9 Alberto \u201cPepe\u201d Couttolenc Buentello, quien subray\u00f3 la relevancia del nuevo integrante no solo para Tlalnepantla, sino para toda la regi\u00f3n.<\/p>\n\n\n\n<p>\u201cEl d\u00eda de hoy se suma un extraordinario cuadro en el municipio de Tlalnepantla, que adem\u00e1s va a sumar en toda la regi\u00f3n\u201d, expres\u00f3.<\/p>\n\n\n\n<p>Orihuela M\u00e1rquez cuenta con una amplia trayectoria pol\u00edtica en uno de los municipios m\u00e1s importantes del Estado de M\u00e9xico. Ha sido candidato a presidente municipal y diputado local, adem\u00e1s de desempe\u00f1arse como presidente del comit\u00e9 municipal, regidor, director general de Desarrollo Social, secretario del Ayuntamiento, subsecretario de Gobierno y, actualmente, Procurador Social.<\/p>\n\n\n\n<p>Al formalizar su incorporaci\u00f3n al PVEM, el nuevo integrante se\u00f1al\u00f3 que su decisi\u00f3n responde a una convicci\u00f3n clara de sumarse a un proyecto pol\u00edtico en expansi\u00f3n.<\/p>\n\n\n\n<p>\u201cMe convenci\u00f3 definitivamente participar en este gran proyecto que va en crecimiento, que es el Partido Verde en el Estado de M\u00e9xico\u201d, afirm\u00f3.<\/p>\n\n\n\n<p>Asimismo, reconoci\u00f3 a Edgar Olvera Higuera como pieza clave en el acercamiento que permiti\u00f3 concretar su integraci\u00f3n al partido.<\/p>\n\n\n\n<p>Orihuela M\u00e1rquez adelant\u00f3 que su objetivo ser\u00e1 fortalecer la presencia del PVEM en Tlalnepantla y posicionarlo como una opci\u00f3n competitiva rumbo a los pr\u00f3ximos procesos electorales.<\/p>\n\n\n\n<p>\u201cNo la vamos a defraudar, vamos a trabajar muy duro para posicionar al partido como la alternativa m\u00e1s importante en Tlalnepantla\u201d, sostuvo.<\/p>\n\n\n\n<p>El nuevo integrante llega acompa\u00f1ado de un equipo con experiencia en campa\u00f1as y organizaci\u00f3n territorial, lo que apunta a reforzar la estructura operativa del partido en el municipio.<\/p>\n\n\n\n<p>En el acto tambi\u00e9n estuvieron presentes H\u00e9ctor Garc\u00eda Gonz\u00e1lez, Secretario de Organizaci\u00f3n del PVEM en el Estado de M\u00e9xico, as\u00ed como Tatiana Ortiz Galicia, medallista ol\u00edmpica mexicana en clavados, quien se suma a este proyecto pol\u00edtico.<\/p>\n\n\n\n<p>Con esta incorporaci\u00f3n, el Partido Verde en el Estado de M\u00e9xico contin\u00faa ampliando su base pol\u00edtica y consolidando su presencia como una fuerza en expansi\u00f3n dentro de la entidad.<\/p>\n","protected":false},"excerpt":{"rendered":"<p>EL VERDE SIGUE SUMANDO: LLEGA LUIS MANUEL ORIHUELA PARA FORTALECER #TLALNEPANTLA \u2022 Con m\u00e1s de 30 a\u00f1os de trayectoria, el exfuncionario se integra al PVEM para reforzar estructura territorial \u2022 Pepe Couttolenc destaca que su incorporaci\u00f3n impactar\u00e1 en toda la regi\u00f3n Tlalnepantla, EDOM\u00c9X.\u2014 El Partido Verde Ecologista de M\u00e9xico (PVEM) contin\u00faa consolidando su crecimiento en [&hellip;]<\/p>\n","protected":false},"author":1,"featured_media":12359,"comment_status":"open","ping_status":"closed","sticky":false,"template":"","format":"standard","meta":{"footnotes":""},"categories":[163,1],"tags":[],"class_list":{"0":"post-12358","1":"post","2":"type-post","3":"status-publish","4":"format-standard","5":"has-post-thumbnail","7":"category-estatal","8":"category-politica"},"yoast_head":"<!-- This site is optimized with the Yoast SEO plugin v27.5 - https:\/\/yoast.com\/product\/yoast-seo-wordpress\/ -->\n<title>EL VERDE SIGUE SUMANDO: LLEGA LUIS MANUEL ORIHUELA PARA FORTALECER #TLALNEPANTLA - Proyecci\u00f3n Estado de M\u00e9xico<\/title>\n<meta name=\"robots\" content=\"index, follow, max-snippet:-1, max-image-preview:large, max-video-preview:-1\" \/>\n<link rel=\"canonical\" href=\"https:\/\/proyeccionedomex.com.mx\/?p=12358\" \/>\n<meta property=\"og:locale\" content=\"es_ES\" \/>\n<meta property=\"og:type\" content=\"article\" \/>\n<meta property=\"og:title\" content=\"EL VERDE SIGUE SUMANDO: LLEGA LUIS MANUEL ORIHUELA PARA FORTALECER #TLALNEPANTLA - Proyecci\u00f3n Estado de M\u00e9xico\" \/>\n<meta property=\"og:description\" content=\"EL VERDE SIGUE SUMANDO: LLEGA LUIS MANUEL ORIHUELA PARA FORTALECER #TLALNEPANTLA \u2022 Con m\u00e1s de 30 a\u00f1os de trayectoria, el exfuncionario se integra al PVEM para reforzar estructura territorial \u2022 Pepe Couttolenc destaca que su incorporaci\u00f3n impactar\u00e1 en toda la regi\u00f3n Tlalnepantla, EDOM\u00c9X.\u2014 El Partido Verde Ecologista de M\u00e9xico (PVEM) contin\u00faa consolidando su crecimiento en [&hellip;]\" \/>\n<meta property=\"og:url\" content=\"https:\/\/proyeccionedomex.com.mx\/?p=12358\" \/>\n<meta property=\"og:site_name\" content=\"Proyecci\u00f3n Estado de M\u00e9xico\" \/>\n<meta property=\"article:publisher\" content=\"https:\/\/www.facebook.com\/PortaldeNoticiasProyeccionEdomex\" \/>\n<meta property=\"article:published_time\" content=\"2026-04-24T15:22:57+00:00\" \/>\n<meta property=\"article:modified_time\" content=\"2026-04-24T15:23:03+00:00\" \/>\n<meta property=\"og:image\" content=\"https:\/\/proyeccionedomex.com.mx\/wp-content\/uploads\/2026\/04\/image-51.jpeg\" \/>\n\t<meta property=\"og:image:width\" content=\"1600\" \/>\n\t<meta property=\"og:image:height\" content=\"1066\" \/>\n\t<meta property=\"og:image:type\" content=\"image\/jpeg\" \/>\n<meta name=\"author\" content=\"Redacci\u00f3n Proyecci\u00f3n EDOM\u00c9X\" \/>\n<meta name=\"twitter:card\" content=\"summary_large_image\" \/>\n<meta name=\"twitter:label1\" content=\"Escrito por\" \/>\n\t<meta name=\"twitter:data1\" content=\"Redacci\u00f3n Proyecci\u00f3n EDOM\u00c9X\" \/>\n\t<meta name=\"twitter:label2\" content=\"Tiempo de lectura\" \/>\n\t<meta name=\"twitter:data2\" content=\"3 minutos\" \/>\n<script type=\"application\/ld+json\" class=\"yoast-schema-graph\">{\"@context\":\"https:\\\/\\\/schema.org\",\"@graph\":[{\"@type\":\"Article\",\"@id\":\"https:\\\/\\\/proyeccionedomex.com.mx\\\/?p=12358#article\",\"isPartOf\":{\"@id\":\"https:\\\/\\\/proyeccionedomex.com.mx\\\/?p=12358\"},\"author\":{\"name\":\"Redacci\u00f3n Proyecci\u00f3n EDOM\u00c9X\",\"@id\":\"https:\\\/\\\/proyeccionedomex.com.mx\\\/#\\\/schema\\\/person\\\/2e66b5427bffed972a69e6b66b4e3a76\"},\"headline\":\"EL VERDE SIGUE SUMANDO: LLEGA LUIS MANUEL ORIHUELA PARA FORTALECER #TLALNEPANTLA\",\"datePublished\":\"2026-04-24T15:22:57+00:00\",\"dateModified\":\"2026-04-24T15:23:03+00:00\",\"mainEntityOfPage\":{\"@id\":\"https:\\\/\\\/proyeccionedomex.com.mx\\\/?p=12358\"},\"wordCount\":461,\"commentCount\":0,\"publisher\":{\"@id\":\"https:\\\/\\\/proyeccionedomex.com.mx\\\/#organization\"},\"image\":{\"@id\":\"https:\\\/\\\/proyeccionedomex.com.mx\\\/?p=12358#primaryimage\"},\"thumbnailUrl\":\"https:\\\/\\\/proyeccionedomex.com.mx\\\/wp-content\\\/uploads\\\/2026\\\/04\\\/image-51.jpeg\",\"articleSection\":[\"Estatal\",\"Politica\"],\"inLanguage\":\"es\",\"potentialAction\":[{\"@type\":\"CommentAction\",\"name\":\"Comment\",\"target\":[\"https:\\\/\\\/proyeccionedomex.com.mx\\\/?p=12358#respond\"]}]},{\"@type\":\"WebPage\",\"@id\":\"https:\\\/\\\/proyeccionedomex.com.mx\\\/?p=12358\",\"url\":\"https:\\\/\\\/proyeccionedomex.com.mx\\\/?p=12358\",\"name\":\"EL VERDE SIGUE SUMANDO: LLEGA LUIS MANUEL ORIHUELA PARA FORTALECER #TLALNEPANTLA - Proyecci\u00f3n Estado de M\u00e9xico\",\"isPartOf\":{\"@id\":\"https:\\\/\\\/proyeccionedomex.com.mx\\\/#website\"},\"primaryImageOfPage\":{\"@id\":\"https:\\\/\\\/proyeccionedomex.com.mx\\\/?p=12358#primaryimage\"},\"image\":{\"@id\":\"https:\\\/\\\/proyeccionedomex.com.mx\\\/?p=12358#primaryimage\"},\"thumbnailUrl\":\"https:\\\/\\\/proyeccionedomex.com.mx\\\/wp-content\\\/uploads\\\/2026\\\/04\\\/image-51.jpeg\",\"datePublished\":\"2026-04-24T15:22:57+00:00\",\"dateModified\":\"2026-04-24T15:23:03+00:00\",\"breadcrumb\":{\"@id\":\"https:\\\/\\\/proyeccionedomex.com.mx\\\/?p=12358#breadcrumb\"},\"inLanguage\":\"es\",\"potentialAction\":[{\"@type\":\"ReadAction\",\"target\":[\"https:\\\/\\\/proyeccionedomex.com.mx\\\/?p=12358\"]}]},{\"@type\":\"ImageObject\",\"inLanguage\":\"es\",\"@id\":\"https:\\\/\\\/proyeccionedomex.com.mx\\\/?p=12358#primaryimage\",\"url\":\"https:\\\/\\\/proyeccionedomex.com.mx\\\/wp-content\\\/uploads\\\/2026\\\/04\\\/image-51.jpeg\",\"contentUrl\":\"https:\\\/\\\/proyeccionedomex.com.mx\\\/wp-content\\\/uploads\\\/2026\\\/04\\\/image-51.jpeg\",\"width\":1600,\"height\":1066},{\"@type\":\"BreadcrumbList\",\"@id\":\"https:\\\/\\\/proyeccionedomex.com.mx\\\/?p=12358#breadcrumb\",\"itemListElement\":[{\"@type\":\"ListItem\",\"position\":1,\"name\":\"Portada\",\"item\":\"https:\\\/\\\/proyeccionedomex.com.mx\\\/\"},{\"@type\":\"ListItem\",\"position\":2,\"name\":\"EL VERDE SIGUE SUMANDO: LLEGA LUIS MANUEL ORIHUELA PARA FORTALECER #TLALNEPANTLA\"}]},{\"@type\":\"WebSite\",\"@id\":\"https:\\\/\\\/proyeccionedomex.com.mx\\\/#website\",\"url\":\"https:\\\/\\\/proyeccionedomex.com.mx\\\/\",\"name\":\"Proyecci\u00f3n Estado de M\u00e9xico\",\"description\":\"Proyecci\u00f3n Edo. Mex.\",\"publisher\":{\"@id\":\"https:\\\/\\\/proyeccionedomex.com.mx\\\/#organization\"},\"potentialAction\":[{\"@type\":\"SearchAction\",\"target\":{\"@type\":\"EntryPoint\",\"urlTemplate\":\"https:\\\/\\\/proyeccionedomex.com.mx\\\/?s={search_term_string}\"},\"query-input\":{\"@type\":\"PropertyValueSpecification\",\"valueRequired\":true,\"valueName\":\"search_term_string\"}}],\"inLanguage\":\"es\"},{\"@type\":\"Organization\",\"@id\":\"https:\\\/\\\/proyeccionedomex.com.mx\\\/#organization\",\"name\":\"Proyecci\u00f3n Estado de M\u00e9xico\",\"url\":\"https:\\\/\\\/proyeccionedomex.com.mx\\\/\",\"logo\":{\"@type\":\"ImageObject\",\"inLanguage\":\"es\",\"@id\":\"https:\\\/\\\/proyeccionedomex.com.mx\\\/#\\\/schema\\\/logo\\\/image\\\/\",\"url\":\"https:\\\/\\\/proyeccionedomex.com.mx\\\/wp-content\\\/uploads\\\/2024\\\/03\\\/proyeccion.jpg\",\"contentUrl\":\"https:\\\/\\\/proyeccionedomex.com.mx\\\/wp-content\\\/uploads\\\/2024\\\/03\\\/proyeccion.jpg\",\"width\":1143,\"height\":801,\"caption\":\"Proyecci\u00f3n Estado de M\u00e9xico\"},\"image\":{\"@id\":\"https:\\\/\\\/proyeccionedomex.com.mx\\\/#\\\/schema\\\/logo\\\/image\\\/\"},\"sameAs\":[\"https:\\\/\\\/www.facebook.com\\\/PortaldeNoticiasProyeccionEdomex\"]},{\"@type\":\"Person\",\"@id\":\"https:\\\/\\\/proyeccionedomex.com.mx\\\/#\\\/schema\\\/person\\\/2e66b5427bffed972a69e6b66b4e3a76\",\"name\":\"Redacci\u00f3n Proyecci\u00f3n EDOM\u00c9X\",\"image\":{\"@type\":\"ImageObject\",\"inLanguage\":\"es\",\"@id\":\"https:\\\/\\\/secure.gravatar.com\\\/avatar\\\/f43a2254d614198c44c96f86f1f078a06cac3d39a3250e9245aa331797519cab?s=96&d=mm&r=g\",\"url\":\"https:\\\/\\\/secure.gravatar.com\\\/avatar\\\/f43a2254d614198c44c96f86f1f078a06cac3d39a3250e9245aa331797519cab?s=96&d=mm&r=g\",\"contentUrl\":\"https:\\\/\\\/secure.gravatar.com\\\/avatar\\\/f43a2254d614198c44c96f86f1f078a06cac3d39a3250e9245aa331797519cab?s=96&d=mm&r=g\",\"caption\":\"Redacci\u00f3n Proyecci\u00f3n EDOM\u00c9X\"},\"sameAs\":[\"https:\\\/\\\/proyeccionedomex.com.mx\"],\"url\":\"https:\\\/\\\/proyeccionedomex.com.mx\\\/?author=1\"}]}<\/script>\n<!-- \/ Yoast SEO plugin. -->","yoast_head_json":{"title":"EL VERDE SIGUE SUMANDO: LLEGA LUIS MANUEL ORIHUELA PARA FORTALECER #TLALNEPANTLA - Proyecci\u00f3n Estado de M\u00e9xico","robots":{"index":"index","follow":"follow","max-snippet":"max-snippet:-1","max-image-preview":"max-image-preview:large","max-video-preview":"max-video-preview:-1"},"canonical":"https:\/\/proyeccionedomex.com.mx\/?p=12358","og_locale":"es_ES","og_type":"article","og_title":"EL VERDE SIGUE SUMANDO: LLEGA LUIS MANUEL ORIHUELA PARA FORTALECER #TLALNEPANTLA - Proyecci\u00f3n Estado de M\u00e9xico","og_description":"EL VERDE SIGUE SUMANDO: LLEGA LUIS MANUEL ORIHUELA PARA FORTALECER #TLALNEPANTLA \u2022 Con m\u00e1s de 30 a\u00f1os de trayectoria, el exfuncionario se integra al PVEM para reforzar estructura territorial \u2022 Pepe Couttolenc destaca que su incorporaci\u00f3n impactar\u00e1 en toda la regi\u00f3n Tlalnepantla, EDOM\u00c9X.\u2014 El Partido Verde Ecologista de M\u00e9xico (PVEM) contin\u00faa consolidando su crecimiento en [&hellip;]","og_url":"https:\/\/proyeccionedomex.com.mx\/?p=12358","og_site_name":"Proyecci\u00f3n Estado de M\u00e9xico","article_publisher":"https:\/\/www.facebook.com\/PortaldeNoticiasProyeccionEdomex","article_published_time":"2026-04-24T15:22:57+00:00","article_modified_time":"2026-04-24T15:23:03+00:00","og_image":[{"width":1600,"height":1066,"url":"https:\/\/proyeccionedomex.com.mx\/wp-content\/uploads\/2026\/04\/image-51.jpeg","type":"image\/jpeg"}],"author":"Redacci\u00f3n Proyecci\u00f3n EDOM\u00c9X","twitter_card":"summary_large_image","twitter_misc":{"Escrito por":"Redacci\u00f3n Proyecci\u00f3n EDOM\u00c9X","Tiempo de lectura":"3 minutos"},"schema":{"@context":"https:\/\/schema.org","@graph":[{"@type":"Article","@id":"https:\/\/proyeccionedomex.com.mx\/?p=12358#article","isPartOf":{"@id":"https:\/\/proyeccionedomex.com.mx\/?p=12358"},"author":{"name":"Redacci\u00f3n Proyecci\u00f3n EDOM\u00c9X","@id":"https:\/\/proyeccionedomex.com.mx\/#\/schema\/person\/2e66b5427bffed972a69e6b66b4e3a76"},"headline":"EL VERDE SIGUE SUMANDO: LLEGA LUIS MANUEL ORIHUELA PARA FORTALECER #TLALNEPANTLA","datePublished":"2026-04-24T15:22:57+00:00","dateModified":"2026-04-24T15:23:03+00:00","mainEntityOfPage":{"@id":"https:\/\/proyeccionedomex.com.mx\/?p=12358"},"wordCount":461,"commentCount":0,"publisher":{"@id":"https:\/\/proyeccionedomex.com.mx\/#organization"},"image":{"@id":"https:\/\/proyeccionedomex.com.mx\/?p=12358#primaryimage"},"thumbnailUrl":"https:\/\/proyeccionedomex.com.mx\/wp-content\/uploads\/2026\/04\/image-51.jpeg","articleSection":["Estatal","Politica"],"inLanguage":"es","potentialAction":[{"@type":"CommentAction","name":"Comment","target":["https:\/\/proyeccionedomex.com.mx\/?p=12358#respond"]}]},{"@type":"WebPage","@id":"https:\/\/proyeccionedomex.com.mx\/?p=12358","url":"https:\/\/proyeccionedomex.com.mx\/?p=12358","name":"EL VERDE SIGUE SUMANDO: LLEGA LUIS MANUEL ORIHUELA PARA FORTALECER #TLALNEPANTLA - Proyecci\u00f3n Estado de M\u00e9xico","isPartOf":{"@id":"https:\/\/proyeccionedomex.com.mx\/#website"},"primaryImageOfPage":{"@id":"https:\/\/proyeccionedomex.com.mx\/?p=12358#primaryimage"},"image":{"@id":"https:\/\/proyeccionedomex.com.mx\/?p=12358#primaryimage"},"thumbnailUrl":"https:\/\/proyeccionedomex.com.mx\/wp-content\/uploads\/2026\/04\/image-51.jpeg","datePublished":"2026-04-24T15:22:57+00:00","dateModified":"2026-04-24T15:23:03+00:00","breadcrumb":{"@id":"https:\/\/proyeccionedomex.com.mx\/?p=12358#breadcrumb"},"inLanguage":"es","potentialAction":[{"@type":"ReadAction","target":["https:\/\/proyeccionedomex.com.mx\/?p=12358"]}]},{"@type":"ImageObject","inLanguage":"es","@id":"https:\/\/proyeccionedomex.com.mx\/?p=12358#primaryimage","url":"https:\/\/proyeccionedomex.com.mx\/wp-content\/uploads\/2026\/04\/image-51.jpeg","contentUrl":"https:\/\/proyeccionedomex.com.mx\/wp-content\/uploads\/2026\/04\/image-51.jpeg","width":1600,"height":1066},{"@type":"BreadcrumbList","@id":"https:\/\/proyeccionedomex.com.mx\/?p=12358#breadcrumb","itemListElement":[{"@type":"ListItem","position":1,"name":"Portada","item":"https:\/\/proyeccionedomex.com.mx\/"},{"@type":"ListItem","position":2,"name":"EL VERDE SIGUE SUMANDO: LLEGA LUIS MANUEL ORIHUELA PARA FORTALECER #TLALNEPANTLA"}]},{"@type":"WebSite","@id":"https:\/\/proyeccionedomex.com.mx\/#website","url":"https:\/\/proyeccionedomex.com.mx\/","name":"Proyecci\u00f3n Estado de M\u00e9xico","description":"Proyecci\u00f3n Edo. Mex.","publisher":{"@id":"https:\/\/proyeccionedomex.com.mx\/#organization"},"potentialAction":[{"@type":"SearchAction","target":{"@type":"EntryPoint","urlTemplate":"https:\/\/proyeccionedomex.com.mx\/?s={search_term_string}"},"query-input":{"@type":"PropertyValueSpecification","valueRequired":true,"valueName":"search_term_string"}}],"inLanguage":"es"},{"@type":"Organization","@id":"https:\/\/proyeccionedomex.com.mx\/#organization","name":"Proyecci\u00f3n Estado de M\u00e9xico","url":"https:\/\/proyeccionedomex.com.mx\/","logo":{"@type":"ImageObject","inLanguage":"es","@id":"https:\/\/proyeccionedomex.com.mx\/#\/schema\/logo\/image\/","url":"https:\/\/proyeccionedomex.com.mx\/wp-content\/uploads\/2024\/03\/proyeccion.jpg","contentUrl":"https:\/\/proyeccionedomex.com.mx\/wp-content\/uploads\/2024\/03\/proyeccion.jpg","width":1143,"height":801,"caption":"Proyecci\u00f3n Estado de M\u00e9xico"},"image":{"@id":"https:\/\/proyeccionedomex.com.mx\/#\/schema\/logo\/image\/"},"sameAs":["https:\/\/www.facebook.com\/PortaldeNoticiasProyeccionEdomex"]},{"@type":"Person","@id":"https:\/\/proyeccionedomex.com.mx\/#\/schema\/person\/2e66b5427bffed972a69e6b66b4e3a76","name":"Redacci\u00f3n Proyecci\u00f3n EDOM\u00c9X","image":{"@type":"ImageObject","inLanguage":"es","@id":"https:\/\/secure.gravatar.com\/avatar\/f43a2254d614198c44c96f86f1f078a06cac3d39a3250e9245aa331797519cab?s=96&d=mm&r=g","url":"https:\/\/secure.gravatar.com\/avatar\/f43a2254d614198c44c96f86f1f078a06cac3d39a3250e9245aa331797519cab?s=96&d=mm&r=g","contentUrl":"https:\/\/secure.gravatar.com\/avatar\/f43a2254d614198c44c96f86f1f078a06cac3d39a3250e9245aa331797519cab?s=96&d=mm&r=g","caption":"Redacci\u00f3n Proyecci\u00f3n EDOM\u00c9X"},"sameAs":["https:\/\/proyeccionedomex.com.mx"],"url":"https:\/\/proyeccionedomex.com.mx\/?author=1"}]}},"_links":{"self":[{"href":"https:\/\/proyeccionedomex.com.mx\/index.php?rest_route=\/wp\/v2\/posts\/12358","targetHints":{"allow":["GET"]}}],"collection":[{"href":"https:\/\/proyeccionedomex.com.mx\/index.php?rest_route=\/wp\/v2\/posts"}],"about":[{"href":"https:\/\/proyeccionedomex.com.mx\/index.php?rest_route=\/wp\/v2\/types\/post"}],"author":[{"embeddable":true,"href":"https:\/\/proyeccionedomex.com.mx\/index.php?rest_route=\/wp\/v2\/users\/1"}],"replies":[{"embeddable":true,"href":"https:\/\/proyeccionedomex.com.mx\/index.php?rest_route=%2Fwp%2Fv2%2Fcomments&post=12358"}],"version-history":[{"count":1,"href":"https:\/\/proyeccionedomex.com.mx\/index.php?rest_route=\/wp\/v2\/posts\/12358\/revisions"}],"predecessor-version":[{"id":12360,"href":"https:\/\/proyeccionedomex.com.mx\/index.php?rest_route=\/wp\/v2\/posts\/12358\/revisions\/12360"}],"wp:featuredmedia":[{"embeddable":true,"href":"https:\/\/proyeccionedomex.com.mx\/index.php?rest_route=\/wp\/v2\/media\/12359"}],"wp:attachment":[{"href":"https:\/\/proyeccionedomex.com.mx\/index.php?rest_route=%2Fwp%2Fv2%2Fmedia&parent=12358"}],"wp:term":[{"taxonomy":"category","embeddable":true,"href":"https:\/\/proyeccionedomex.com.mx\/index.php?rest_route=%2Fwp%2Fv2%2Fcategories&post=12358"},{"taxonomy":"post_tag","embeddable":true,"href":"https:\/\/proyeccionedomex.com.mx\/index.php?rest_route=%2Fwp%2Fv2%2Ftags&post=12358"}],"curies":[{"name":"wp","href":"https:\/\/api.w.org\/{rel}","templated":true}]}}