{"id":12361,"date":"2026-04-24T15:24:29","date_gmt":"2026-04-24T15:24:29","guid":{"rendered":"https:\/\/proyeccionedomex.com.mx\/?p=12361"},"modified":"2026-04-24T15:24:33","modified_gmt":"2026-04-24T15:24:33","slug":"fortalece-alejandra-castro-seguridad-en-san-antonio-la-isla-con-entrega-de-equipo-tactico-y-patrulla-de-genero","status":"publish","type":"post","link":"https:\/\/proyeccionedomex.com.mx\/?p=12361","title":{"rendered":"Fortalece Alejandra Castro seguridad en San Antonio la Isla con entrega de equipo t\u00e1ctico y patrulla de g\u00e9nero"},"content":{"rendered":"\n<figure class=\"wp-block-image\"><img decoding=\"async\" src=\"https:\/\/scontent.flov1-1.fna.fbcdn.net\/v\/t39.30808-6\/674579434_938180829207138_4777851922372973509_n.jpg?_nc_cat=106&amp;ccb=1-7&amp;_nc_sid=7b2446&amp;_nc_eui2=AeG6asJ9UfdVacR78VibtEVno6BGyw18atWjoEbLDXxq1WBL0XVyzGK7eCuX-PwCPwsqWc-KTGiz3lVof3zVOYcj&amp;_nc_ohc=lsd3ZAN5mIAQ7kNvwFE5Pm3&amp;_nc_oc=AdoV-x0ZQTdFjgVN9JznD-gRSGE6ujua-A3E949_EMhy5mufcAerZFgW3y_ofp-qSv8&amp;_nc_zt=23&amp;_nc_ht=scontent.flov1-1.fna&amp;_nc_gid=DB9IRqdlMLbvCLy1kiV64A&amp;oh=00_Af3c2j3ahP4YBV2gvNjakO_iOC7ZrsHv65dzdCzMxuvtvQ&amp;oe=69F16D6D\" alt=\"Puede ser una imagen de botas, cuero y texto\"\/><\/figure>\n\n\n\n<figure class=\"wp-block-gallery has-nested-images columns-default is-cropped wp-block-gallery-1 is-layout-flex wp-block-gallery-is-layout-flex\">\n<figure class=\"wp-block-image\"><img decoding=\"async\" src=\"https:\/\/scontent.flov1-1.fna.fbcdn.net\/v\/t39.30808-6\/678747923_938180662540488_8630605439963098716_n.jpg?_nc_cat=101&amp;ccb=1-7&amp;_nc_sid=7b2446&amp;_nc_eui2=AeHJr_G3P1DszJ-xQETFqGMRz2IGHg5p_1_PYgYeDmn_X08jZQFKNbNAzkkOyE6-poK5xR54ZhJ-Y_DxCx8gS0g2&amp;_nc_ohc=SrH77v2SZo0Q7kNvwFI33WE&amp;_nc_oc=Adphfxpc0rIGVAytIZ0Owp0wRfS9NiutIDOEwSKtKgGup2AUs5u5bWaw6Q1fUqhVKdU&amp;_nc_zt=23&amp;_nc_ht=scontent.flov1-1.fna&amp;_nc_gid=iI1lVM_6Xx6b9EPwOZ1r7A&amp;oh=00_Af1OW9kYKHNQxr0bVaaAHyvzXhU3-hYV8nIv0sRFvjbHIw&amp;oe=69F178E5\" alt=\"Puede ser una imagen de autom\u00f3vil y texto\"\/><\/figure>\n\n\n\n<figure class=\"wp-block-image\"><img decoding=\"async\" src=\"https:\/\/scontent.flov1-1.fna.fbcdn.net\/v\/t39.30808-6\/677161560_938180729207148_6797920824469463175_n.jpg?_nc_cat=111&amp;ccb=1-7&amp;_nc_sid=7b2446&amp;_nc_eui2=AeHOEdLNUNuAKebUSuPH03L4YSHlOSdzjXBhIeU5J3ONcPKMJhiPmRzt6LofxkM0aVkliGYgdfwAlOdL3R_9m9mF&amp;_nc_ohc=B6MrLiz5YkYQ7kNvwEL8zTx&amp;_nc_oc=AdpUTejgopZC0EggbcDWTi461HGqsD-VcMymcRXmFT1KVGYoG0TYFxf_2lz2jrMWZWM&amp;_nc_zt=23&amp;_nc_ht=scontent.flov1-1.fna&amp;_nc_gid=rWgEtaMBbSDh7FJQ6nOreg&amp;oh=00_Af0xKlmEArngRUsXgF92tWEYm-Q-jrlQTO75vOcdVHXzgg&amp;oe=69F15721\" alt=\"Puede ser una imagen de \u200euna o varias personas y \u200etexto que dice &quot;\u200eC\u0418 DECOONCR \u06f0\u06f03 EGURIDAD RIDAD \u0e23\u0e34\u0e23 4 ENTREGADEPATRULLA DELAPOLIC\u00cdADEG\u00c9NERO DEI ENTREGA DE DEPATRULLA E POLICIA DE GENERO San nAntonio ntonio lalsla la 203.3007 \u3089\u3046 \u0639\u0627\u0634\u0632\u0646\u200e&quot;\u200e\u200e\"\/><\/figure>\n<\/figure>\n\n\n\n<figure class=\"wp-block-image size-large td-caption-align-https:\/\/proyeccionedomex.com.mx\/wp-content\/uploads\/2026\/04\/image-52.jpeg\"><img loading=\"lazy\" decoding=\"async\" width=\"1024\" height=\"576\" src=\"https:\/\/proyeccionedomex.com.mx\/wp-content\/uploads\/2026\/04\/image-52-1024x576.jpeg\" alt=\"\" class=\"wp-image-12362\" srcset=\"https:\/\/proyeccionedomex.com.mx\/wp-content\/uploads\/2026\/04\/image-52-1024x576.jpeg 1024w, https:\/\/proyeccionedomex.com.mx\/wp-content\/uploads\/2026\/04\/image-52-300x169.jpeg 300w, https:\/\/proyeccionedomex.com.mx\/wp-content\/uploads\/2026\/04\/image-52-768x432.jpeg 768w, https:\/\/proyeccionedomex.com.mx\/wp-content\/uploads\/2026\/04\/image-52-1536x864.jpeg 1536w, https:\/\/proyeccionedomex.com.mx\/wp-content\/uploads\/2026\/04\/image-52-696x392.jpeg 696w, https:\/\/proyeccionedomex.com.mx\/wp-content\/uploads\/2026\/04\/image-52-1068x601.jpeg 1068w, https:\/\/proyeccionedomex.com.mx\/wp-content\/uploads\/2026\/04\/image-52-747x420.jpeg 747w, https:\/\/proyeccionedomex.com.mx\/wp-content\/uploads\/2026\/04\/image-52.jpeg 2048w\" sizes=\"auto, (max-width: 1024px) 100vw, 1024px\" \/><\/figure>\n\n\n\n<p>Fortalece Alejandra Castro seguridad en San Antonio la Isla con entrega de equipo t\u00e1ctico y patrulla de g\u00e9nero<\/p>\n\n\n\n<p>Con la entrega de equipo t\u00e1ctico, uniformes a los elementos de la Polic\u00eda Municipal y una patrulla destinada a la Polic\u00eda de G\u00e9nero, se refuerzan las acciones en materia de seguridad encaminadas a la protecci\u00f3n de la ciudadan\u00eda y la construcci\u00f3n de entornos de paz, donde las familias islenses se sientan seguras y tranquilas, se\u00f1al\u00f3 Alejandra Castro Nava, Presidenta Municipal de San Antonio la Isla.<\/p>\n\n\n\n<p>\u201cEs por ello, que desde San Antonio la Isla seguiremos trabajando con determinaci\u00f3n para que cada mujer pueda vivir sin miedo, para que cada familia tenga tranquilidad y para que nuestro municipio, sea un ejemplo de justicia y equidad\u201d, destac\u00f3 Ale Castro.<\/p>\n\n\n\n<p>Al encabezar la Octava Sesi\u00f3n del Consejo de Seguridad Municipal, Alejandra Castro indic\u00f3 que la patrulla destinada para la Polic\u00eda de G\u00e9nero representa una herramienta de cercan\u00eda, protecci\u00f3n y respuesta inmediata ante situaciones de violencia de g\u00e9nero, con la finalidad de fortalecer las capacidades operativas de este cuerpo de seguridad que vela por la integridad de las mujeres islenses.<\/p>\n\n\n\n<p>\u201cHoy es un d\u00eda significativo, no se trata solamente de la entrega de una patrulla m\u00e1s, se trata de un paso firme hacia un municipio m\u00e1s justo, m\u00e1s seguro y m\u00e1s humano. La asignaci\u00f3n de esta unidad para la polic\u00eda de g\u00e9nero representa un compromiso claro: proteger, acompa\u00f1ar y atender de manera digna a quienes han sido v\u00edctimas de violencia, especialmente mujeres, ni\u00f1as, adolescentes y adultas mayores\u201d, subray\u00f3.<\/p>\n\n\n\n<p>La Presidenta Municipal reconoci\u00f3 tambi\u00e9n el trabajo realizado por los elementos de la Polic\u00eda Municipal, quienes con profesionalismo y vocaci\u00f3n de servicio cuidan el patrimonio, la seguridad y la vida de las familias de San Antonio la Isla. Asimismo, reiter\u00f3 su compromiso de brindarles mayores oportunidades de capacitaci\u00f3n.<\/p>\n\n\n\n<p>Castro Nava manifest\u00f3 que su administraci\u00f3n redoblar\u00e1 esfuerzos en materia de seguridad, para que las familias islenses vivan en entornos armoniosos y se fortalezca el tejido social, situaci\u00f3n que traer\u00e1 mayor desarrollo y crecimiento al municipio.<\/p>\n\n\n\n<p>Finalmente, invit\u00f3 a la ciudadan\u00eda a denunciar cualquier acto delictivo al 089 Denuncia An\u00f3nima, as\u00ed como al n\u00famero de la Polic\u00eda Municipal, 717 104 6337.<\/p>\n","protected":false},"excerpt":{"rendered":"<p>Fortalece Alejandra Castro seguridad en San Antonio la Isla con entrega de equipo t\u00e1ctico y patrulla de g\u00e9nero Con la entrega de equipo t\u00e1ctico, uniformes a los elementos de la Polic\u00eda Municipal y una patrulla destinada a la Polic\u00eda de G\u00e9nero, se refuerzan las acciones en materia de seguridad encaminadas a la protecci\u00f3n de la [&hellip;]<\/p>\n","protected":false},"author":1,"featured_media":12362,"comment_status":"open","ping_status":"closed","sticky":false,"template":"","format":"standard","meta":{"footnotes":""},"categories":[1,164],"tags":[],"class_list":{"0":"post-12361","1":"post","2":"type-post","3":"status-publish","4":"format-standard","5":"has-post-thumbnail","7":"category-politica","8":"category-regional"},"yoast_head":"<!-- This site is optimized with the Yoast SEO plugin v27.5 - https:\/\/yoast.com\/product\/yoast-seo-wordpress\/ -->\n<title>Fortalece Alejandra Castro seguridad en San Antonio la Isla con entrega de equipo t\u00e1ctico y patrulla de g\u00e9nero - Proyecci\u00f3n Estado de M\u00e9xico<\/title>\n<meta name=\"robots\" content=\"index, follow, max-snippet:-1, max-image-preview:large, max-video-preview:-1\" \/>\n<link rel=\"canonical\" href=\"https:\/\/proyeccionedomex.com.mx\/?p=12361\" \/>\n<meta property=\"og:locale\" content=\"es_ES\" \/>\n<meta property=\"og:type\" content=\"article\" \/>\n<meta property=\"og:title\" content=\"Fortalece Alejandra Castro seguridad en San Antonio la Isla con entrega de equipo t\u00e1ctico y patrulla de g\u00e9nero - Proyecci\u00f3n Estado de M\u00e9xico\" \/>\n<meta property=\"og:description\" content=\"Fortalece Alejandra Castro seguridad en San Antonio la Isla con entrega de equipo t\u00e1ctico y patrulla de g\u00e9nero Con la entrega de equipo t\u00e1ctico, uniformes a los elementos de la Polic\u00eda Municipal y una patrulla destinada a la Polic\u00eda de G\u00e9nero, se refuerzan las acciones en materia de seguridad encaminadas a la protecci\u00f3n de la [&hellip;]\" \/>\n<meta property=\"og:url\" content=\"https:\/\/proyeccionedomex.com.mx\/?p=12361\" \/>\n<meta property=\"og:site_name\" content=\"Proyecci\u00f3n Estado de M\u00e9xico\" \/>\n<meta property=\"article:publisher\" content=\"https:\/\/www.facebook.com\/PortaldeNoticiasProyeccionEdomex\" \/>\n<meta property=\"article:published_time\" content=\"2026-04-24T15:24:29+00:00\" \/>\n<meta property=\"article:modified_time\" content=\"2026-04-24T15:24:33+00:00\" \/>\n<meta property=\"og:image\" content=\"https:\/\/proyeccionedomex.com.mx\/wp-content\/uploads\/2026\/04\/image-52.jpeg\" \/>\n\t<meta property=\"og:image:width\" content=\"2048\" \/>\n\t<meta property=\"og:image:height\" content=\"1152\" \/>\n\t<meta property=\"og:image:type\" content=\"image\/jpeg\" \/>\n<meta name=\"author\" content=\"Redacci\u00f3n Proyecci\u00f3n EDOM\u00c9X\" \/>\n<meta name=\"twitter:card\" content=\"summary_large_image\" \/>\n<meta name=\"twitter:label1\" content=\"Escrito por\" \/>\n\t<meta name=\"twitter:data1\" content=\"Redacci\u00f3n Proyecci\u00f3n EDOM\u00c9X\" \/>\n\t<meta name=\"twitter:label2\" content=\"Tiempo de lectura\" \/>\n\t<meta name=\"twitter:data2\" content=\"2 minutos\" \/>\n<script type=\"application\/ld+json\" class=\"yoast-schema-graph\">{\"@context\":\"https:\\\/\\\/schema.org\",\"@graph\":[{\"@type\":\"Article\",\"@id\":\"https:\\\/\\\/proyeccionedomex.com.mx\\\/?p=12361#article\",\"isPartOf\":{\"@id\":\"https:\\\/\\\/proyeccionedomex.com.mx\\\/?p=12361\"},\"author\":{\"name\":\"Redacci\u00f3n Proyecci\u00f3n EDOM\u00c9X\",\"@id\":\"https:\\\/\\\/proyeccionedomex.com.mx\\\/#\\\/schema\\\/person\\\/2e66b5427bffed972a69e6b66b4e3a76\"},\"headline\":\"Fortalece Alejandra Castro seguridad en San Antonio la Isla con entrega de equipo t\u00e1ctico y patrulla de g\u00e9nero\",\"datePublished\":\"2026-04-24T15:24:29+00:00\",\"dateModified\":\"2026-04-24T15:24:33+00:00\",\"mainEntityOfPage\":{\"@id\":\"https:\\\/\\\/proyeccionedomex.com.mx\\\/?p=12361\"},\"wordCount\":415,\"commentCount\":0,\"publisher\":{\"@id\":\"https:\\\/\\\/proyeccionedomex.com.mx\\\/#organization\"},\"image\":{\"@id\":\"https:\\\/\\\/proyeccionedomex.com.mx\\\/?p=12361#primaryimage\"},\"thumbnailUrl\":\"https:\\\/\\\/proyeccionedomex.com.mx\\\/wp-content\\\/uploads\\\/2026\\\/04\\\/image-52.jpeg\",\"articleSection\":[\"Politica\",\"Regional\"],\"inLanguage\":\"es\",\"potentialAction\":[{\"@type\":\"CommentAction\",\"name\":\"Comment\",\"target\":[\"https:\\\/\\\/proyeccionedomex.com.mx\\\/?p=12361#respond\"]}]},{\"@type\":\"WebPage\",\"@id\":\"https:\\\/\\\/proyeccionedomex.com.mx\\\/?p=12361\",\"url\":\"https:\\\/\\\/proyeccionedomex.com.mx\\\/?p=12361\",\"name\":\"Fortalece Alejandra Castro seguridad en San Antonio la Isla con entrega de equipo t\u00e1ctico y patrulla de g\u00e9nero - Proyecci\u00f3n Estado de M\u00e9xico\",\"isPartOf\":{\"@id\":\"https:\\\/\\\/proyeccionedomex.com.mx\\\/#website\"},\"primaryImageOfPage\":{\"@id\":\"https:\\\/\\\/proyeccionedomex.com.mx\\\/?p=12361#primaryimage\"},\"image\":{\"@id\":\"https:\\\/\\\/proyeccionedomex.com.mx\\\/?p=12361#primaryimage\"},\"thumbnailUrl\":\"https:\\\/\\\/proyeccionedomex.com.mx\\\/wp-content\\\/uploads\\\/2026\\\/04\\\/image-52.jpeg\",\"datePublished\":\"2026-04-24T15:24:29+00:00\",\"dateModified\":\"2026-04-24T15:24:33+00:00\",\"breadcrumb\":{\"@id\":\"https:\\\/\\\/proyeccionedomex.com.mx\\\/?p=12361#breadcrumb\"},\"inLanguage\":\"es\",\"potentialAction\":[{\"@type\":\"ReadAction\",\"target\":[\"https:\\\/\\\/proyeccionedomex.com.mx\\\/?p=12361\"]}]},{\"@type\":\"ImageObject\",\"inLanguage\":\"es\",\"@id\":\"https:\\\/\\\/proyeccionedomex.com.mx\\\/?p=12361#primaryimage\",\"url\":\"https:\\\/\\\/proyeccionedomex.com.mx\\\/wp-content\\\/uploads\\\/2026\\\/04\\\/image-52.jpeg\",\"contentUrl\":\"https:\\\/\\\/proyeccionedomex.com.mx\\\/wp-content\\\/uploads\\\/2026\\\/04\\\/image-52.jpeg\",\"width\":2048,\"height\":1152},{\"@type\":\"BreadcrumbList\",\"@id\":\"https:\\\/\\\/proyeccionedomex.com.mx\\\/?p=12361#breadcrumb\",\"itemListElement\":[{\"@type\":\"ListItem\",\"position\":1,\"name\":\"Portada\",\"item\":\"https:\\\/\\\/proyeccionedomex.com.mx\\\/\"},{\"@type\":\"ListItem\",\"position\":2,\"name\":\"Fortalece Alejandra Castro seguridad en San Antonio la Isla con entrega de equipo t\u00e1ctico y patrulla de g\u00e9nero\"}]},{\"@type\":\"WebSite\",\"@id\":\"https:\\\/\\\/proyeccionedomex.com.mx\\\/#website\",\"url\":\"https:\\\/\\\/proyeccionedomex.com.mx\\\/\",\"name\":\"Proyecci\u00f3n Estado de M\u00e9xico\",\"description\":\"Proyecci\u00f3n Edo. Mex.\",\"publisher\":{\"@id\":\"https:\\\/\\\/proyeccionedomex.com.mx\\\/#organization\"},\"potentialAction\":[{\"@type\":\"SearchAction\",\"target\":{\"@type\":\"EntryPoint\",\"urlTemplate\":\"https:\\\/\\\/proyeccionedomex.com.mx\\\/?s={search_term_string}\"},\"query-input\":{\"@type\":\"PropertyValueSpecification\",\"valueRequired\":true,\"valueName\":\"search_term_string\"}}],\"inLanguage\":\"es\"},{\"@type\":\"Organization\",\"@id\":\"https:\\\/\\\/proyeccionedomex.com.mx\\\/#organization\",\"name\":\"Proyecci\u00f3n Estado de M\u00e9xico\",\"url\":\"https:\\\/\\\/proyeccionedomex.com.mx\\\/\",\"logo\":{\"@type\":\"ImageObject\",\"inLanguage\":\"es\",\"@id\":\"https:\\\/\\\/proyeccionedomex.com.mx\\\/#\\\/schema\\\/logo\\\/image\\\/\",\"url\":\"https:\\\/\\\/proyeccionedomex.com.mx\\\/wp-content\\\/uploads\\\/2024\\\/03\\\/proyeccion.jpg\",\"contentUrl\":\"https:\\\/\\\/proyeccionedomex.com.mx\\\/wp-content\\\/uploads\\\/2024\\\/03\\\/proyeccion.jpg\",\"width\":1143,\"height\":801,\"caption\":\"Proyecci\u00f3n Estado de M\u00e9xico\"},\"image\":{\"@id\":\"https:\\\/\\\/proyeccionedomex.com.mx\\\/#\\\/schema\\\/logo\\\/image\\\/\"},\"sameAs\":[\"https:\\\/\\\/www.facebook.com\\\/PortaldeNoticiasProyeccionEdomex\"]},{\"@type\":\"Person\",\"@id\":\"https:\\\/\\\/proyeccionedomex.com.mx\\\/#\\\/schema\\\/person\\\/2e66b5427bffed972a69e6b66b4e3a76\",\"name\":\"Redacci\u00f3n Proyecci\u00f3n EDOM\u00c9X\",\"image\":{\"@type\":\"ImageObject\",\"inLanguage\":\"es\",\"@id\":\"https:\\\/\\\/secure.gravatar.com\\\/avatar\\\/f43a2254d614198c44c96f86f1f078a06cac3d39a3250e9245aa331797519cab?s=96&d=mm&r=g\",\"url\":\"https:\\\/\\\/secure.gravatar.com\\\/avatar\\\/f43a2254d614198c44c96f86f1f078a06cac3d39a3250e9245aa331797519cab?s=96&d=mm&r=g\",\"contentUrl\":\"https:\\\/\\\/secure.gravatar.com\\\/avatar\\\/f43a2254d614198c44c96f86f1f078a06cac3d39a3250e9245aa331797519cab?s=96&d=mm&r=g\",\"caption\":\"Redacci\u00f3n Proyecci\u00f3n EDOM\u00c9X\"},\"sameAs\":[\"https:\\\/\\\/proyeccionedomex.com.mx\"],\"url\":\"https:\\\/\\\/proyeccionedomex.com.mx\\\/?author=1\"}]}<\/script>\n<!-- \/ Yoast SEO plugin. -->","yoast_head_json":{"title":"Fortalece Alejandra Castro seguridad en San Antonio la Isla con entrega de equipo t\u00e1ctico y patrulla de g\u00e9nero - Proyecci\u00f3n Estado de M\u00e9xico","robots":{"index":"index","follow":"follow","max-snippet":"max-snippet:-1","max-image-preview":"max-image-preview:large","max-video-preview":"max-video-preview:-1"},"canonical":"https:\/\/proyeccionedomex.com.mx\/?p=12361","og_locale":"es_ES","og_type":"article","og_title":"Fortalece Alejandra Castro seguridad en San Antonio la Isla con entrega de equipo t\u00e1ctico y patrulla de g\u00e9nero - Proyecci\u00f3n Estado de M\u00e9xico","og_description":"Fortalece Alejandra Castro seguridad en San Antonio la Isla con entrega de equipo t\u00e1ctico y patrulla de g\u00e9nero Con la entrega de equipo t\u00e1ctico, uniformes a los elementos de la Polic\u00eda Municipal y una patrulla destinada a la Polic\u00eda de G\u00e9nero, se refuerzan las acciones en materia de seguridad encaminadas a la protecci\u00f3n de la [&hellip;]","og_url":"https:\/\/proyeccionedomex.com.mx\/?p=12361","og_site_name":"Proyecci\u00f3n Estado de M\u00e9xico","article_publisher":"https:\/\/www.facebook.com\/PortaldeNoticiasProyeccionEdomex","article_published_time":"2026-04-24T15:24:29+00:00","article_modified_time":"2026-04-24T15:24:33+00:00","og_image":[{"width":2048,"height":1152,"url":"https:\/\/proyeccionedomex.com.mx\/wp-content\/uploads\/2026\/04\/image-52.jpeg","type":"image\/jpeg"}],"author":"Redacci\u00f3n Proyecci\u00f3n EDOM\u00c9X","twitter_card":"summary_large_image","twitter_misc":{"Escrito por":"Redacci\u00f3n Proyecci\u00f3n EDOM\u00c9X","Tiempo de lectura":"2 minutos"},"schema":{"@context":"https:\/\/schema.org","@graph":[{"@type":"Article","@id":"https:\/\/proyeccionedomex.com.mx\/?p=12361#article","isPartOf":{"@id":"https:\/\/proyeccionedomex.com.mx\/?p=12361"},"author":{"name":"Redacci\u00f3n Proyecci\u00f3n EDOM\u00c9X","@id":"https:\/\/proyeccionedomex.com.mx\/#\/schema\/person\/2e66b5427bffed972a69e6b66b4e3a76"},"headline":"Fortalece Alejandra Castro seguridad en San Antonio la Isla con entrega de equipo t\u00e1ctico y patrulla de g\u00e9nero","datePublished":"2026-04-24T15:24:29+00:00","dateModified":"2026-04-24T15:24:33+00:00","mainEntityOfPage":{"@id":"https:\/\/proyeccionedomex.com.mx\/?p=12361"},"wordCount":415,"commentCount":0,"publisher":{"@id":"https:\/\/proyeccionedomex.com.mx\/#organization"},"image":{"@id":"https:\/\/proyeccionedomex.com.mx\/?p=12361#primaryimage"},"thumbnailUrl":"https:\/\/proyeccionedomex.com.mx\/wp-content\/uploads\/2026\/04\/image-52.jpeg","articleSection":["Politica","Regional"],"inLanguage":"es","potentialAction":[{"@type":"CommentAction","name":"Comment","target":["https:\/\/proyeccionedomex.com.mx\/?p=12361#respond"]}]},{"@type":"WebPage","@id":"https:\/\/proyeccionedomex.com.mx\/?p=12361","url":"https:\/\/proyeccionedomex.com.mx\/?p=12361","name":"Fortalece Alejandra Castro seguridad en San Antonio la Isla con entrega de equipo t\u00e1ctico y patrulla de g\u00e9nero - Proyecci\u00f3n Estado de M\u00e9xico","isPartOf":{"@id":"https:\/\/proyeccionedomex.com.mx\/#website"},"primaryImageOfPage":{"@id":"https:\/\/proyeccionedomex.com.mx\/?p=12361#primaryimage"},"image":{"@id":"https:\/\/proyeccionedomex.com.mx\/?p=12361#primaryimage"},"thumbnailUrl":"https:\/\/proyeccionedomex.com.mx\/wp-content\/uploads\/2026\/04\/image-52.jpeg","datePublished":"2026-04-24T15:24:29+00:00","dateModified":"2026-04-24T15:24:33+00:00","breadcrumb":{"@id":"https:\/\/proyeccionedomex.com.mx\/?p=12361#breadcrumb"},"inLanguage":"es","potentialAction":[{"@type":"ReadAction","target":["https:\/\/proyeccionedomex.com.mx\/?p=12361"]}]},{"@type":"ImageObject","inLanguage":"es","@id":"https:\/\/proyeccionedomex.com.mx\/?p=12361#primaryimage","url":"https:\/\/proyeccionedomex.com.mx\/wp-content\/uploads\/2026\/04\/image-52.jpeg","contentUrl":"https:\/\/proyeccionedomex.com.mx\/wp-content\/uploads\/2026\/04\/image-52.jpeg","width":2048,"height":1152},{"@type":"BreadcrumbList","@id":"https:\/\/proyeccionedomex.com.mx\/?p=12361#breadcrumb","itemListElement":[{"@type":"ListItem","position":1,"name":"Portada","item":"https:\/\/proyeccionedomex.com.mx\/"},{"@type":"ListItem","position":2,"name":"Fortalece Alejandra Castro seguridad en San Antonio la Isla con entrega de equipo t\u00e1ctico y patrulla de g\u00e9nero"}]},{"@type":"WebSite","@id":"https:\/\/proyeccionedomex.com.mx\/#website","url":"https:\/\/proyeccionedomex.com.mx\/","name":"Proyecci\u00f3n Estado de M\u00e9xico","description":"Proyecci\u00f3n Edo. Mex.","publisher":{"@id":"https:\/\/proyeccionedomex.com.mx\/#organization"},"potentialAction":[{"@type":"SearchAction","target":{"@type":"EntryPoint","urlTemplate":"https:\/\/proyeccionedomex.com.mx\/?s={search_term_string}"},"query-input":{"@type":"PropertyValueSpecification","valueRequired":true,"valueName":"search_term_string"}}],"inLanguage":"es"},{"@type":"Organization","@id":"https:\/\/proyeccionedomex.com.mx\/#organization","name":"Proyecci\u00f3n Estado de M\u00e9xico","url":"https:\/\/proyeccionedomex.com.mx\/","logo":{"@type":"ImageObject","inLanguage":"es","@id":"https:\/\/proyeccionedomex.com.mx\/#\/schema\/logo\/image\/","url":"https:\/\/proyeccionedomex.com.mx\/wp-content\/uploads\/2024\/03\/proyeccion.jpg","contentUrl":"https:\/\/proyeccionedomex.com.mx\/wp-content\/uploads\/2024\/03\/proyeccion.jpg","width":1143,"height":801,"caption":"Proyecci\u00f3n Estado de M\u00e9xico"},"image":{"@id":"https:\/\/proyeccionedomex.com.mx\/#\/schema\/logo\/image\/"},"sameAs":["https:\/\/www.facebook.com\/PortaldeNoticiasProyeccionEdomex"]},{"@type":"Person","@id":"https:\/\/proyeccionedomex.com.mx\/#\/schema\/person\/2e66b5427bffed972a69e6b66b4e3a76","name":"Redacci\u00f3n Proyecci\u00f3n EDOM\u00c9X","image":{"@type":"ImageObject","inLanguage":"es","@id":"https:\/\/secure.gravatar.com\/avatar\/f43a2254d614198c44c96f86f1f078a06cac3d39a3250e9245aa331797519cab?s=96&d=mm&r=g","url":"https:\/\/secure.gravatar.com\/avatar\/f43a2254d614198c44c96f86f1f078a06cac3d39a3250e9245aa331797519cab?s=96&d=mm&r=g","contentUrl":"https:\/\/secure.gravatar.com\/avatar\/f43a2254d614198c44c96f86f1f078a06cac3d39a3250e9245aa331797519cab?s=96&d=mm&r=g","caption":"Redacci\u00f3n Proyecci\u00f3n EDOM\u00c9X"},"sameAs":["https:\/\/proyeccionedomex.com.mx"],"url":"https:\/\/proyeccionedomex.com.mx\/?author=1"}]}},"_links":{"self":[{"href":"https:\/\/proyeccionedomex.com.mx\/index.php?rest_route=\/wp\/v2\/posts\/12361","targetHints":{"allow":["GET"]}}],"collection":[{"href":"https:\/\/proyeccionedomex.com.mx\/index.php?rest_route=\/wp\/v2\/posts"}],"about":[{"href":"https:\/\/proyeccionedomex.com.mx\/index.php?rest_route=\/wp\/v2\/types\/post"}],"author":[{"embeddable":true,"href":"https:\/\/proyeccionedomex.com.mx\/index.php?rest_route=\/wp\/v2\/users\/1"}],"replies":[{"embeddable":true,"href":"https:\/\/proyeccionedomex.com.mx\/index.php?rest_route=%2Fwp%2Fv2%2Fcomments&post=12361"}],"version-history":[{"count":1,"href":"https:\/\/proyeccionedomex.com.mx\/index.php?rest_route=\/wp\/v2\/posts\/12361\/revisions"}],"predecessor-version":[{"id":12363,"href":"https:\/\/proyeccionedomex.com.mx\/index.php?rest_route=\/wp\/v2\/posts\/12361\/revisions\/12363"}],"wp:featuredmedia":[{"embeddable":true,"href":"https:\/\/proyeccionedomex.com.mx\/index.php?rest_route=\/wp\/v2\/media\/12362"}],"wp:attachment":[{"href":"https:\/\/proyeccionedomex.com.mx\/index.php?rest_route=%2Fwp%2Fv2%2Fmedia&parent=12361"}],"wp:term":[{"taxonomy":"category","embeddable":true,"href":"https:\/\/proyeccionedomex.com.mx\/index.php?rest_route=%2Fwp%2Fv2%2Fcategories&post=12361"},{"taxonomy":"post_tag","embeddable":true,"href":"https:\/\/proyeccionedomex.com.mx\/index.php?rest_route=%2Fwp%2Fv2%2Ftags&post=12361"}],"curies":[{"name":"wp","href":"https:\/\/api.w.org\/{rel}","templated":true}]}}