{"id":12378,"date":"2026-04-24T15:31:47","date_gmt":"2026-04-24T15:31:47","guid":{"rendered":"https:\/\/proyeccionedomex.com.mx\/?p=12378"},"modified":"2026-04-24T15:31:52","modified_gmt":"2026-04-24T15:31:52","slug":"libertad-de-expresion-131","status":"publish","type":"post","link":"https:\/\/proyeccionedomex.com.mx\/?p=12378","title":{"rendered":"LIBERTAD DE EXPRESI\u00d3N"},"content":{"rendered":"\n<p>LIBERTAD DE EXPRESI\u00d3N<br>SEMEFOS CONVERTIDOS EN MAFIAS<br>CHARLY CARRETO<br>Los Servicios M\u00e9dicos Forenses (SEMEFOS) se han convertido en una mafia sin control en todo el pa\u00eds, no hay control alguno y los operadores de este servicio hacen y deshacen a su antojo.<br>El cobro por regresar cuerpos a los dolientes y que hacen con ese dinero, quien se lo queda?<br>Hace algunos a\u00f1os conoc\u00ed a una persona que trabaj\u00f3 en un SEMEFO y las cosas que platico parecen de esas pel\u00edculas de terror.<br>Urge una legislaci\u00f3n para que el Servicio M\u00e9dico Forense cumpla a cabalidad con sus responsabilidades.<br>Hay que decir ellos son los que identifican el cuerpo cuentan con los generales del occiso en la mayor\u00eda de los casos, entonces porque no emitir un bolet\u00edn o publicar en estados los cuerpos que tienen, no lo ha en porque existe la presunci\u00f3n del tr\u00e1fico de \u00f3rganos, algo que si se hace de esa manera constituye un delito. Parece mentira trabajan en la Fiscal\u00eda General de Justicia de la entidad que digan y no conocen las leyes, m\u00e1s bien si las conocen y se las pasan por el arco del triunfo<br>.Aqu\u00ed en comentamos tres propuestas que los legisladores federales y locales deben tomar en cuenta con respecto al trabajo de los empleados del SEMEFO<br>La primera propuesta es una ampliaci\u00f3n a la ley de responsabilidades de los servidores p\u00fablicos, para dejar muy expresa las responsabilidades<br>En segundo lugar presentar una iniciativa en materia de la ley org\u00e1nica de la Fiscalia abundando y precisando en las obligaciones, no solo de los forenses, sino tambi\u00e9n, de los peritos qu\u00e9 tambi\u00e9n son negligentes y afectan a la gente.<br>Y la tercera que en el c\u00f3digo penal en las entidades federativas para tipificar como delito cometido por servidores p\u00fablicos los actos de error u omisi\u00f3n que causen da\u00f1o al debido proceso en una investigaci\u00f3n criminal.<br>Agradecer a nuestro amigo Horacio Jim\u00e9nez su colaboraci\u00f3n en este espacio.<br>DE SALIDA: En el caso de los agentes de la CIA (Agencia Central de Inteligencia) fallecidos en un accidente en Chihuahua, se ha desatado una serie de comentarios qu a mi gusto sin sustento.<br>En primer lugar los Senadores no tienen porque llamar a una Gobernadora a comparecer, en segundo lugar hay que decir que la estancia de agentes de la CIA es responsabilidad del Gobierno federal, en especial de la Secretaria de Gobernaci\u00f3n que desde el sexenio de MALO no existe.<br>La Secretaria de Gobernaci\u00f3n Rosa Isela Rodr\u00edguez est\u00e1 de adorno y solo est\u00e1 para agachar la cabeza cuando la inquilina de Palacio Nacional le habla, ella es la responsable de la pol\u00edtica materna del pa\u00eds, pero, como hemos dicho muchas veces, la ignorancia pol\u00edtica de los militantes y servidores p\u00fablicos de Morena no les permite actuar como debieran.<br>Desgraciadamente en la mayor\u00eda de las entidades federativas las secretarias Generales de Gobierno han pasado a segundo t\u00e9rmino, se les olvida que son responsables de las pol\u00edticas internas de una entidad, pero andan m\u00e1s ocupados siendo damos de compa\u00f1\u00eda de los Ejecutivos estatales que atender las necesidades que demanda su cargo.<br>PARA CERRAR: Hasta parecen nuevos a quien se le ocurre andar repartiendo vitaminas afuera de una escuela de preescolar en Toluca, como es el Jard\u00edn de Ni\u00f1os Laura Mendez de Cuenca.<br>Pues al que se le ocurri\u00f3 la grandiosa \u00abideota\u00bb fue al residente d l Comit\u00e9 municipal del PAN Mario Jorge \u00abN\u00bb.<br>Aseguran testigos que las cajas con pastillas efervescentes que repartos el dirigente panista en Toluca llevaban la imagen del ex regidor y ex diputado local Gerardo Lamas Pombo.<br>Una campa\u00f1a no se gana repartiendo pastillas efervescente de vitamina C para prevenir la gripa, se gana contrabajo real, no con promesas que no se pueden cumplir. Hoy en d\u00eda los candidatos deben ser m\u00e1s inteligentes para hacer actos de campa\u00f1a y conocer a fondo lo que est\u00e1 permitido y lo que no.<br>Desde hace mucho tiempo que dicho que todos los candidatos a ocupar un cargo de elecci\u00f3n popular deben o deber\u00edan incluir en su equipo de trabajo un asesor electoral.<br>Alguien lo ten\u00eda que decir!!!<br>carretocharly@yahoo.com.mx<\/p>\n","protected":false},"excerpt":{"rendered":"<p>LIBERTAD DE EXPRESI\u00d3NSEMEFOS CONVERTIDOS EN MAFIASCHARLY CARRETOLos Servicios M\u00e9dicos Forenses (SEMEFOS) se han convertido en una mafia sin control en todo el pa\u00eds, no hay control alguno y los operadores de este servicio hacen y deshacen a su antojo.El cobro por regresar cuerpos a los dolientes y que hacen con ese dinero, quien se lo [&hellip;]<\/p>\n","protected":false},"author":1,"featured_media":1530,"comment_status":"open","ping_status":"closed","sticky":false,"template":"","format":"standard","meta":{"footnotes":""},"categories":[157,137],"tags":[],"class_list":{"0":"post-12378","1":"post","2":"type-post","3":"status-publish","4":"format-standard","5":"has-post-thumbnail","7":"category-columnas","8":"category-libexp"},"yoast_head":"<!-- This site is optimized with the Yoast SEO plugin v27.5 - https:\/\/yoast.com\/product\/yoast-seo-wordpress\/ -->\n<title>LIBERTAD DE EXPRESI\u00d3N - Proyecci\u00f3n Estado de M\u00e9xico<\/title>\n<meta name=\"robots\" content=\"index, follow, max-snippet:-1, max-image-preview:large, max-video-preview:-1\" \/>\n<link rel=\"canonical\" href=\"https:\/\/proyeccionedomex.com.mx\/?p=12378\" \/>\n<meta property=\"og:locale\" content=\"es_ES\" \/>\n<meta property=\"og:type\" content=\"article\" \/>\n<meta property=\"og:title\" content=\"LIBERTAD DE EXPRESI\u00d3N - Proyecci\u00f3n Estado de M\u00e9xico\" \/>\n<meta property=\"og:description\" content=\"LIBERTAD DE EXPRESI\u00d3NSEMEFOS CONVERTIDOS EN MAFIASCHARLY CARRETOLos Servicios M\u00e9dicos Forenses (SEMEFOS) se han convertido en una mafia sin control en todo el pa\u00eds, no hay control alguno y los operadores de este servicio hacen y deshacen a su antojo.El cobro por regresar cuerpos a los dolientes y que hacen con ese dinero, quien se lo [&hellip;]\" \/>\n<meta property=\"og:url\" content=\"https:\/\/proyeccionedomex.com.mx\/?p=12378\" \/>\n<meta property=\"og:site_name\" content=\"Proyecci\u00f3n Estado de M\u00e9xico\" \/>\n<meta property=\"article:publisher\" content=\"https:\/\/www.facebook.com\/PortaldeNoticiasProyeccionEdomex\" \/>\n<meta property=\"article:published_time\" content=\"2026-04-24T15:31:47+00:00\" \/>\n<meta property=\"article:modified_time\" content=\"2026-04-24T15:31:52+00:00\" \/>\n<meta property=\"og:image\" content=\"https:\/\/proyeccionedomex.com.mx\/wp-content\/uploads\/2024\/04\/Imagen-de-WhatsApp-2024-04-22-a-las-07.21.07_88b8e660.jpg\" \/>\n\t<meta property=\"og:image:width\" content=\"1228\" \/>\n\t<meta property=\"og:image:height\" content=\"1237\" \/>\n\t<meta property=\"og:image:type\" content=\"image\/jpeg\" \/>\n<meta name=\"author\" content=\"Redacci\u00f3n Proyecci\u00f3n EDOM\u00c9X\" \/>\n<meta name=\"twitter:card\" content=\"summary_large_image\" \/>\n<meta name=\"twitter:label1\" content=\"Escrito por\" \/>\n\t<meta name=\"twitter:data1\" content=\"Redacci\u00f3n Proyecci\u00f3n EDOM\u00c9X\" \/>\n\t<meta name=\"twitter:label2\" content=\"Tiempo de lectura\" \/>\n\t<meta name=\"twitter:data2\" content=\"4 minutos\" \/>\n<script type=\"application\/ld+json\" class=\"yoast-schema-graph\">{\"@context\":\"https:\\\/\\\/schema.org\",\"@graph\":[{\"@type\":\"Article\",\"@id\":\"https:\\\/\\\/proyeccionedomex.com.mx\\\/?p=12378#article\",\"isPartOf\":{\"@id\":\"https:\\\/\\\/proyeccionedomex.com.mx\\\/?p=12378\"},\"author\":{\"name\":\"Redacci\u00f3n Proyecci\u00f3n EDOM\u00c9X\",\"@id\":\"https:\\\/\\\/proyeccionedomex.com.mx\\\/#\\\/schema\\\/person\\\/2e66b5427bffed972a69e6b66b4e3a76\"},\"headline\":\"LIBERTAD DE EXPRESI\u00d3N\",\"datePublished\":\"2026-04-24T15:31:47+00:00\",\"dateModified\":\"2026-04-24T15:31:52+00:00\",\"mainEntityOfPage\":{\"@id\":\"https:\\\/\\\/proyeccionedomex.com.mx\\\/?p=12378\"},\"wordCount\":729,\"commentCount\":0,\"publisher\":{\"@id\":\"https:\\\/\\\/proyeccionedomex.com.mx\\\/#organization\"},\"image\":{\"@id\":\"https:\\\/\\\/proyeccionedomex.com.mx\\\/?p=12378#primaryimage\"},\"thumbnailUrl\":\"https:\\\/\\\/proyeccionedomex.com.mx\\\/wp-content\\\/uploads\\\/2024\\\/04\\\/Imagen-de-WhatsApp-2024-04-22-a-las-07.21.07_88b8e660.jpg\",\"articleSection\":[\"Columnas\",\"Libertad de Expresi\u00f3n\"],\"inLanguage\":\"es\",\"potentialAction\":[{\"@type\":\"CommentAction\",\"name\":\"Comment\",\"target\":[\"https:\\\/\\\/proyeccionedomex.com.mx\\\/?p=12378#respond\"]}]},{\"@type\":\"WebPage\",\"@id\":\"https:\\\/\\\/proyeccionedomex.com.mx\\\/?p=12378\",\"url\":\"https:\\\/\\\/proyeccionedomex.com.mx\\\/?p=12378\",\"name\":\"LIBERTAD DE EXPRESI\u00d3N - Proyecci\u00f3n Estado de M\u00e9xico\",\"isPartOf\":{\"@id\":\"https:\\\/\\\/proyeccionedomex.com.mx\\\/#website\"},\"primaryImageOfPage\":{\"@id\":\"https:\\\/\\\/proyeccionedomex.com.mx\\\/?p=12378#primaryimage\"},\"image\":{\"@id\":\"https:\\\/\\\/proyeccionedomex.com.mx\\\/?p=12378#primaryimage\"},\"thumbnailUrl\":\"https:\\\/\\\/proyeccionedomex.com.mx\\\/wp-content\\\/uploads\\\/2024\\\/04\\\/Imagen-de-WhatsApp-2024-04-22-a-las-07.21.07_88b8e660.jpg\",\"datePublished\":\"2026-04-24T15:31:47+00:00\",\"dateModified\":\"2026-04-24T15:31:52+00:00\",\"breadcrumb\":{\"@id\":\"https:\\\/\\\/proyeccionedomex.com.mx\\\/?p=12378#breadcrumb\"},\"inLanguage\":\"es\",\"potentialAction\":[{\"@type\":\"ReadAction\",\"target\":[\"https:\\\/\\\/proyeccionedomex.com.mx\\\/?p=12378\"]}]},{\"@type\":\"ImageObject\",\"inLanguage\":\"es\",\"@id\":\"https:\\\/\\\/proyeccionedomex.com.mx\\\/?p=12378#primaryimage\",\"url\":\"https:\\\/\\\/proyeccionedomex.com.mx\\\/wp-content\\\/uploads\\\/2024\\\/04\\\/Imagen-de-WhatsApp-2024-04-22-a-las-07.21.07_88b8e660.jpg\",\"contentUrl\":\"https:\\\/\\\/proyeccionedomex.com.mx\\\/wp-content\\\/uploads\\\/2024\\\/04\\\/Imagen-de-WhatsApp-2024-04-22-a-las-07.21.07_88b8e660.jpg\",\"width\":1228,\"height\":1237},{\"@type\":\"BreadcrumbList\",\"@id\":\"https:\\\/\\\/proyeccionedomex.com.mx\\\/?p=12378#breadcrumb\",\"itemListElement\":[{\"@type\":\"ListItem\",\"position\":1,\"name\":\"Portada\",\"item\":\"https:\\\/\\\/proyeccionedomex.com.mx\\\/\"},{\"@type\":\"ListItem\",\"position\":2,\"name\":\"LIBERTAD DE EXPRESI\u00d3N\"}]},{\"@type\":\"WebSite\",\"@id\":\"https:\\\/\\\/proyeccionedomex.com.mx\\\/#website\",\"url\":\"https:\\\/\\\/proyeccionedomex.com.mx\\\/\",\"name\":\"Proyecci\u00f3n Estado de M\u00e9xico\",\"description\":\"Proyecci\u00f3n Edo. Mex.\",\"publisher\":{\"@id\":\"https:\\\/\\\/proyeccionedomex.com.mx\\\/#organization\"},\"potentialAction\":[{\"@type\":\"SearchAction\",\"target\":{\"@type\":\"EntryPoint\",\"urlTemplate\":\"https:\\\/\\\/proyeccionedomex.com.mx\\\/?s={search_term_string}\"},\"query-input\":{\"@type\":\"PropertyValueSpecification\",\"valueRequired\":true,\"valueName\":\"search_term_string\"}}],\"inLanguage\":\"es\"},{\"@type\":\"Organization\",\"@id\":\"https:\\\/\\\/proyeccionedomex.com.mx\\\/#organization\",\"name\":\"Proyecci\u00f3n Estado de M\u00e9xico\",\"url\":\"https:\\\/\\\/proyeccionedomex.com.mx\\\/\",\"logo\":{\"@type\":\"ImageObject\",\"inLanguage\":\"es\",\"@id\":\"https:\\\/\\\/proyeccionedomex.com.mx\\\/#\\\/schema\\\/logo\\\/image\\\/\",\"url\":\"https:\\\/\\\/proyeccionedomex.com.mx\\\/wp-content\\\/uploads\\\/2024\\\/03\\\/proyeccion.jpg\",\"contentUrl\":\"https:\\\/\\\/proyeccionedomex.com.mx\\\/wp-content\\\/uploads\\\/2024\\\/03\\\/proyeccion.jpg\",\"width\":1143,\"height\":801,\"caption\":\"Proyecci\u00f3n Estado de M\u00e9xico\"},\"image\":{\"@id\":\"https:\\\/\\\/proyeccionedomex.com.mx\\\/#\\\/schema\\\/logo\\\/image\\\/\"},\"sameAs\":[\"https:\\\/\\\/www.facebook.com\\\/PortaldeNoticiasProyeccionEdomex\"]},{\"@type\":\"Person\",\"@id\":\"https:\\\/\\\/proyeccionedomex.com.mx\\\/#\\\/schema\\\/person\\\/2e66b5427bffed972a69e6b66b4e3a76\",\"name\":\"Redacci\u00f3n Proyecci\u00f3n EDOM\u00c9X\",\"image\":{\"@type\":\"ImageObject\",\"inLanguage\":\"es\",\"@id\":\"https:\\\/\\\/secure.gravatar.com\\\/avatar\\\/f43a2254d614198c44c96f86f1f078a06cac3d39a3250e9245aa331797519cab?s=96&d=mm&r=g\",\"url\":\"https:\\\/\\\/secure.gravatar.com\\\/avatar\\\/f43a2254d614198c44c96f86f1f078a06cac3d39a3250e9245aa331797519cab?s=96&d=mm&r=g\",\"contentUrl\":\"https:\\\/\\\/secure.gravatar.com\\\/avatar\\\/f43a2254d614198c44c96f86f1f078a06cac3d39a3250e9245aa331797519cab?s=96&d=mm&r=g\",\"caption\":\"Redacci\u00f3n Proyecci\u00f3n EDOM\u00c9X\"},\"sameAs\":[\"https:\\\/\\\/proyeccionedomex.com.mx\"],\"url\":\"https:\\\/\\\/proyeccionedomex.com.mx\\\/?author=1\"}]}<\/script>\n<!-- \/ Yoast SEO plugin. -->","yoast_head_json":{"title":"LIBERTAD DE EXPRESI\u00d3N - Proyecci\u00f3n Estado de M\u00e9xico","robots":{"index":"index","follow":"follow","max-snippet":"max-snippet:-1","max-image-preview":"max-image-preview:large","max-video-preview":"max-video-preview:-1"},"canonical":"https:\/\/proyeccionedomex.com.mx\/?p=12378","og_locale":"es_ES","og_type":"article","og_title":"LIBERTAD DE EXPRESI\u00d3N - Proyecci\u00f3n Estado de M\u00e9xico","og_description":"LIBERTAD DE EXPRESI\u00d3NSEMEFOS CONVERTIDOS EN MAFIASCHARLY CARRETOLos Servicios M\u00e9dicos Forenses (SEMEFOS) se han convertido en una mafia sin control en todo el pa\u00eds, no hay control alguno y los operadores de este servicio hacen y deshacen a su antojo.El cobro por regresar cuerpos a los dolientes y que hacen con ese dinero, quien se lo [&hellip;]","og_url":"https:\/\/proyeccionedomex.com.mx\/?p=12378","og_site_name":"Proyecci\u00f3n Estado de M\u00e9xico","article_publisher":"https:\/\/www.facebook.com\/PortaldeNoticiasProyeccionEdomex","article_published_time":"2026-04-24T15:31:47+00:00","article_modified_time":"2026-04-24T15:31:52+00:00","og_image":[{"width":1228,"height":1237,"url":"https:\/\/proyeccionedomex.com.mx\/wp-content\/uploads\/2024\/04\/Imagen-de-WhatsApp-2024-04-22-a-las-07.21.07_88b8e660.jpg","type":"image\/jpeg"}],"author":"Redacci\u00f3n Proyecci\u00f3n EDOM\u00c9X","twitter_card":"summary_large_image","twitter_misc":{"Escrito por":"Redacci\u00f3n Proyecci\u00f3n EDOM\u00c9X","Tiempo de lectura":"4 minutos"},"schema":{"@context":"https:\/\/schema.org","@graph":[{"@type":"Article","@id":"https:\/\/proyeccionedomex.com.mx\/?p=12378#article","isPartOf":{"@id":"https:\/\/proyeccionedomex.com.mx\/?p=12378"},"author":{"name":"Redacci\u00f3n Proyecci\u00f3n EDOM\u00c9X","@id":"https:\/\/proyeccionedomex.com.mx\/#\/schema\/person\/2e66b5427bffed972a69e6b66b4e3a76"},"headline":"LIBERTAD DE EXPRESI\u00d3N","datePublished":"2026-04-24T15:31:47+00:00","dateModified":"2026-04-24T15:31:52+00:00","mainEntityOfPage":{"@id":"https:\/\/proyeccionedomex.com.mx\/?p=12378"},"wordCount":729,"commentCount":0,"publisher":{"@id":"https:\/\/proyeccionedomex.com.mx\/#organization"},"image":{"@id":"https:\/\/proyeccionedomex.com.mx\/?p=12378#primaryimage"},"thumbnailUrl":"https:\/\/proyeccionedomex.com.mx\/wp-content\/uploads\/2024\/04\/Imagen-de-WhatsApp-2024-04-22-a-las-07.21.07_88b8e660.jpg","articleSection":["Columnas","Libertad de Expresi\u00f3n"],"inLanguage":"es","potentialAction":[{"@type":"CommentAction","name":"Comment","target":["https:\/\/proyeccionedomex.com.mx\/?p=12378#respond"]}]},{"@type":"WebPage","@id":"https:\/\/proyeccionedomex.com.mx\/?p=12378","url":"https:\/\/proyeccionedomex.com.mx\/?p=12378","name":"LIBERTAD DE EXPRESI\u00d3N - Proyecci\u00f3n Estado de M\u00e9xico","isPartOf":{"@id":"https:\/\/proyeccionedomex.com.mx\/#website"},"primaryImageOfPage":{"@id":"https:\/\/proyeccionedomex.com.mx\/?p=12378#primaryimage"},"image":{"@id":"https:\/\/proyeccionedomex.com.mx\/?p=12378#primaryimage"},"thumbnailUrl":"https:\/\/proyeccionedomex.com.mx\/wp-content\/uploads\/2024\/04\/Imagen-de-WhatsApp-2024-04-22-a-las-07.21.07_88b8e660.jpg","datePublished":"2026-04-24T15:31:47+00:00","dateModified":"2026-04-24T15:31:52+00:00","breadcrumb":{"@id":"https:\/\/proyeccionedomex.com.mx\/?p=12378#breadcrumb"},"inLanguage":"es","potentialAction":[{"@type":"ReadAction","target":["https:\/\/proyeccionedomex.com.mx\/?p=12378"]}]},{"@type":"ImageObject","inLanguage":"es","@id":"https:\/\/proyeccionedomex.com.mx\/?p=12378#primaryimage","url":"https:\/\/proyeccionedomex.com.mx\/wp-content\/uploads\/2024\/04\/Imagen-de-WhatsApp-2024-04-22-a-las-07.21.07_88b8e660.jpg","contentUrl":"https:\/\/proyeccionedomex.com.mx\/wp-content\/uploads\/2024\/04\/Imagen-de-WhatsApp-2024-04-22-a-las-07.21.07_88b8e660.jpg","width":1228,"height":1237},{"@type":"BreadcrumbList","@id":"https:\/\/proyeccionedomex.com.mx\/?p=12378#breadcrumb","itemListElement":[{"@type":"ListItem","position":1,"name":"Portada","item":"https:\/\/proyeccionedomex.com.mx\/"},{"@type":"ListItem","position":2,"name":"LIBERTAD DE EXPRESI\u00d3N"}]},{"@type":"WebSite","@id":"https:\/\/proyeccionedomex.com.mx\/#website","url":"https:\/\/proyeccionedomex.com.mx\/","name":"Proyecci\u00f3n Estado de M\u00e9xico","description":"Proyecci\u00f3n Edo. Mex.","publisher":{"@id":"https:\/\/proyeccionedomex.com.mx\/#organization"},"potentialAction":[{"@type":"SearchAction","target":{"@type":"EntryPoint","urlTemplate":"https:\/\/proyeccionedomex.com.mx\/?s={search_term_string}"},"query-input":{"@type":"PropertyValueSpecification","valueRequired":true,"valueName":"search_term_string"}}],"inLanguage":"es"},{"@type":"Organization","@id":"https:\/\/proyeccionedomex.com.mx\/#organization","name":"Proyecci\u00f3n Estado de M\u00e9xico","url":"https:\/\/proyeccionedomex.com.mx\/","logo":{"@type":"ImageObject","inLanguage":"es","@id":"https:\/\/proyeccionedomex.com.mx\/#\/schema\/logo\/image\/","url":"https:\/\/proyeccionedomex.com.mx\/wp-content\/uploads\/2024\/03\/proyeccion.jpg","contentUrl":"https:\/\/proyeccionedomex.com.mx\/wp-content\/uploads\/2024\/03\/proyeccion.jpg","width":1143,"height":801,"caption":"Proyecci\u00f3n Estado de M\u00e9xico"},"image":{"@id":"https:\/\/proyeccionedomex.com.mx\/#\/schema\/logo\/image\/"},"sameAs":["https:\/\/www.facebook.com\/PortaldeNoticiasProyeccionEdomex"]},{"@type":"Person","@id":"https:\/\/proyeccionedomex.com.mx\/#\/schema\/person\/2e66b5427bffed972a69e6b66b4e3a76","name":"Redacci\u00f3n Proyecci\u00f3n EDOM\u00c9X","image":{"@type":"ImageObject","inLanguage":"es","@id":"https:\/\/secure.gravatar.com\/avatar\/f43a2254d614198c44c96f86f1f078a06cac3d39a3250e9245aa331797519cab?s=96&d=mm&r=g","url":"https:\/\/secure.gravatar.com\/avatar\/f43a2254d614198c44c96f86f1f078a06cac3d39a3250e9245aa331797519cab?s=96&d=mm&r=g","contentUrl":"https:\/\/secure.gravatar.com\/avatar\/f43a2254d614198c44c96f86f1f078a06cac3d39a3250e9245aa331797519cab?s=96&d=mm&r=g","caption":"Redacci\u00f3n Proyecci\u00f3n EDOM\u00c9X"},"sameAs":["https:\/\/proyeccionedomex.com.mx"],"url":"https:\/\/proyeccionedomex.com.mx\/?author=1"}]}},"_links":{"self":[{"href":"https:\/\/proyeccionedomex.com.mx\/index.php?rest_route=\/wp\/v2\/posts\/12378","targetHints":{"allow":["GET"]}}],"collection":[{"href":"https:\/\/proyeccionedomex.com.mx\/index.php?rest_route=\/wp\/v2\/posts"}],"about":[{"href":"https:\/\/proyeccionedomex.com.mx\/index.php?rest_route=\/wp\/v2\/types\/post"}],"author":[{"embeddable":true,"href":"https:\/\/proyeccionedomex.com.mx\/index.php?rest_route=\/wp\/v2\/users\/1"}],"replies":[{"embeddable":true,"href":"https:\/\/proyeccionedomex.com.mx\/index.php?rest_route=%2Fwp%2Fv2%2Fcomments&post=12378"}],"version-history":[{"count":1,"href":"https:\/\/proyeccionedomex.com.mx\/index.php?rest_route=\/wp\/v2\/posts\/12378\/revisions"}],"predecessor-version":[{"id":12379,"href":"https:\/\/proyeccionedomex.com.mx\/index.php?rest_route=\/wp\/v2\/posts\/12378\/revisions\/12379"}],"wp:featuredmedia":[{"embeddable":true,"href":"https:\/\/proyeccionedomex.com.mx\/index.php?rest_route=\/wp\/v2\/media\/1530"}],"wp:attachment":[{"href":"https:\/\/proyeccionedomex.com.mx\/index.php?rest_route=%2Fwp%2Fv2%2Fmedia&parent=12378"}],"wp:term":[{"taxonomy":"category","embeddable":true,"href":"https:\/\/proyeccionedomex.com.mx\/index.php?rest_route=%2Fwp%2Fv2%2Fcategories&post=12378"},{"taxonomy":"post_tag","embeddable":true,"href":"https:\/\/proyeccionedomex.com.mx\/index.php?rest_route=%2Fwp%2Fv2%2Ftags&post=12378"}],"curies":[{"name":"wp","href":"https:\/\/api.w.org\/{rel}","templated":true}]}}