{"id":12383,"date":"2026-04-25T00:01:19","date_gmt":"2026-04-25T00:01:19","guid":{"rendered":"https:\/\/proyeccionedomex.com.mx\/?p=12383"},"modified":"2026-04-25T00:01:24","modified_gmt":"2026-04-25T00:01:24","slug":"smsem-conmemora-100-anos-de-historia-sindical-con-actividades-que-refuerzan-su-identidad","status":"publish","type":"post","link":"https:\/\/proyeccionedomex.com.mx\/?p=12383","title":{"rendered":"SMSEM CONMEMORA 100 A\u00d1OS DE HISTORIA SINDICAL CON ACTIVIDADES QUE REFUERZAN SU IDENTIDAD"},"content":{"rendered":"\n<figure class=\"wp-block-gallery has-nested-images columns-default is-cropped wp-block-gallery-1 is-layout-flex wp-block-gallery-is-layout-flex\">\n<figure class=\"wp-block-image size-large td-caption-align-https:\/\/proyeccionedomex.com.mx\/wp-content\/uploads\/2026\/04\/WhatsApp-Image-2026-04-24-at-4.07.24-PM.jpeg\"><img loading=\"lazy\" decoding=\"async\" width=\"1024\" height=\"682\" data-id=\"12387\" src=\"https:\/\/proyeccionedomex.com.mx\/wp-content\/uploads\/2026\/04\/WhatsApp-Image-2026-04-24-at-4.07.24-PM-1024x682.jpeg\" alt=\"\" class=\"wp-image-12387\" srcset=\"https:\/\/proyeccionedomex.com.mx\/wp-content\/uploads\/2026\/04\/WhatsApp-Image-2026-04-24-at-4.07.24-PM-1024x682.jpeg 1024w, https:\/\/proyeccionedomex.com.mx\/wp-content\/uploads\/2026\/04\/WhatsApp-Image-2026-04-24-at-4.07.24-PM-300x200.jpeg 300w, https:\/\/proyeccionedomex.com.mx\/wp-content\/uploads\/2026\/04\/WhatsApp-Image-2026-04-24-at-4.07.24-PM-768x512.jpeg 768w, https:\/\/proyeccionedomex.com.mx\/wp-content\/uploads\/2026\/04\/WhatsApp-Image-2026-04-24-at-4.07.24-PM-1536x1023.jpeg 1536w, https:\/\/proyeccionedomex.com.mx\/wp-content\/uploads\/2026\/04\/WhatsApp-Image-2026-04-24-at-4.07.24-PM-696x464.jpeg 696w, https:\/\/proyeccionedomex.com.mx\/wp-content\/uploads\/2026\/04\/WhatsApp-Image-2026-04-24-at-4.07.24-PM-1068x712.jpeg 1068w, https:\/\/proyeccionedomex.com.mx\/wp-content\/uploads\/2026\/04\/WhatsApp-Image-2026-04-24-at-4.07.24-PM-630x420.jpeg 630w, https:\/\/proyeccionedomex.com.mx\/wp-content\/uploads\/2026\/04\/WhatsApp-Image-2026-04-24-at-4.07.24-PM.jpeg 1600w\" sizes=\"auto, (max-width: 1024px) 100vw, 1024px\" \/><\/figure>\n\n\n\n<figure class=\"wp-block-image size-large td-caption-align-https:\/\/proyeccionedomex.com.mx\/wp-content\/uploads\/2026\/04\/WhatsApp-Image-2026-04-24-at-4.07.24-PM-1.jpeg\"><img loading=\"lazy\" decoding=\"async\" width=\"1024\" height=\"682\" data-id=\"12385\" src=\"https:\/\/proyeccionedomex.com.mx\/wp-content\/uploads\/2026\/04\/WhatsApp-Image-2026-04-24-at-4.07.24-PM-1-1024x682.jpeg\" alt=\"\" class=\"wp-image-12385\" srcset=\"https:\/\/proyeccionedomex.com.mx\/wp-content\/uploads\/2026\/04\/WhatsApp-Image-2026-04-24-at-4.07.24-PM-1-1024x682.jpeg 1024w, https:\/\/proyeccionedomex.com.mx\/wp-content\/uploads\/2026\/04\/WhatsApp-Image-2026-04-24-at-4.07.24-PM-1-300x200.jpeg 300w, https:\/\/proyeccionedomex.com.mx\/wp-content\/uploads\/2026\/04\/WhatsApp-Image-2026-04-24-at-4.07.24-PM-1-768x512.jpeg 768w, https:\/\/proyeccionedomex.com.mx\/wp-content\/uploads\/2026\/04\/WhatsApp-Image-2026-04-24-at-4.07.24-PM-1-1536x1023.jpeg 1536w, https:\/\/proyeccionedomex.com.mx\/wp-content\/uploads\/2026\/04\/WhatsApp-Image-2026-04-24-at-4.07.24-PM-1-696x464.jpeg 696w, https:\/\/proyeccionedomex.com.mx\/wp-content\/uploads\/2026\/04\/WhatsApp-Image-2026-04-24-at-4.07.24-PM-1-1068x712.jpeg 1068w, https:\/\/proyeccionedomex.com.mx\/wp-content\/uploads\/2026\/04\/WhatsApp-Image-2026-04-24-at-4.07.24-PM-1-630x420.jpeg 630w, https:\/\/proyeccionedomex.com.mx\/wp-content\/uploads\/2026\/04\/WhatsApp-Image-2026-04-24-at-4.07.24-PM-1.jpeg 1600w\" sizes=\"auto, (max-width: 1024px) 100vw, 1024px\" \/><\/figure>\n\n\n\n<figure class=\"wp-block-image size-large td-caption-align-https:\/\/proyeccionedomex.com.mx\/wp-content\/uploads\/2026\/04\/WhatsApp-Image-2026-04-24-at-4.07.25-PM.jpeg\"><img loading=\"lazy\" decoding=\"async\" width=\"1024\" height=\"682\" data-id=\"12384\" src=\"https:\/\/proyeccionedomex.com.mx\/wp-content\/uploads\/2026\/04\/WhatsApp-Image-2026-04-24-at-4.07.25-PM-1024x682.jpeg\" alt=\"\" class=\"wp-image-12384\" srcset=\"https:\/\/proyeccionedomex.com.mx\/wp-content\/uploads\/2026\/04\/WhatsApp-Image-2026-04-24-at-4.07.25-PM-1024x682.jpeg 1024w, https:\/\/proyeccionedomex.com.mx\/wp-content\/uploads\/2026\/04\/WhatsApp-Image-2026-04-24-at-4.07.25-PM-300x200.jpeg 300w, https:\/\/proyeccionedomex.com.mx\/wp-content\/uploads\/2026\/04\/WhatsApp-Image-2026-04-24-at-4.07.25-PM-768x512.jpeg 768w, https:\/\/proyeccionedomex.com.mx\/wp-content\/uploads\/2026\/04\/WhatsApp-Image-2026-04-24-at-4.07.25-PM-1536x1023.jpeg 1536w, https:\/\/proyeccionedomex.com.mx\/wp-content\/uploads\/2026\/04\/WhatsApp-Image-2026-04-24-at-4.07.25-PM-696x464.jpeg 696w, https:\/\/proyeccionedomex.com.mx\/wp-content\/uploads\/2026\/04\/WhatsApp-Image-2026-04-24-at-4.07.25-PM-1068x712.jpeg 1068w, https:\/\/proyeccionedomex.com.mx\/wp-content\/uploads\/2026\/04\/WhatsApp-Image-2026-04-24-at-4.07.25-PM-630x420.jpeg 630w, https:\/\/proyeccionedomex.com.mx\/wp-content\/uploads\/2026\/04\/WhatsApp-Image-2026-04-24-at-4.07.25-PM.jpeg 1600w\" sizes=\"auto, (max-width: 1024px) 100vw, 1024px\" \/><\/figure>\n\n\n\n<figure class=\"wp-block-image size-large td-caption-align-https:\/\/proyeccionedomex.com.mx\/wp-content\/uploads\/2026\/04\/WhatsApp-Image-2026-04-24-at-4.07.25-PM-1.jpeg\"><img loading=\"lazy\" decoding=\"async\" width=\"1024\" height=\"525\" data-id=\"12386\" src=\"https:\/\/proyeccionedomex.com.mx\/wp-content\/uploads\/2026\/04\/WhatsApp-Image-2026-04-24-at-4.07.25-PM-1-1024x525.jpeg\" alt=\"\" class=\"wp-image-12386\" srcset=\"https:\/\/proyeccionedomex.com.mx\/wp-content\/uploads\/2026\/04\/WhatsApp-Image-2026-04-24-at-4.07.25-PM-1-1024x525.jpeg 1024w, https:\/\/proyeccionedomex.com.mx\/wp-content\/uploads\/2026\/04\/WhatsApp-Image-2026-04-24-at-4.07.25-PM-1-300x154.jpeg 300w, https:\/\/proyeccionedomex.com.mx\/wp-content\/uploads\/2026\/04\/WhatsApp-Image-2026-04-24-at-4.07.25-PM-1-768x394.jpeg 768w, https:\/\/proyeccionedomex.com.mx\/wp-content\/uploads\/2026\/04\/WhatsApp-Image-2026-04-24-at-4.07.25-PM-1-1536x787.jpeg 1536w, https:\/\/proyeccionedomex.com.mx\/wp-content\/uploads\/2026\/04\/WhatsApp-Image-2026-04-24-at-4.07.25-PM-1-696x357.jpeg 696w, https:\/\/proyeccionedomex.com.mx\/wp-content\/uploads\/2026\/04\/WhatsApp-Image-2026-04-24-at-4.07.25-PM-1-1068x547.jpeg 1068w, https:\/\/proyeccionedomex.com.mx\/wp-content\/uploads\/2026\/04\/WhatsApp-Image-2026-04-24-at-4.07.25-PM-1-820x420.jpeg 820w, https:\/\/proyeccionedomex.com.mx\/wp-content\/uploads\/2026\/04\/WhatsApp-Image-2026-04-24-at-4.07.25-PM-1.jpeg 1600w\" sizes=\"auto, (max-width: 1024px) 100vw, 1024px\" \/><\/figure>\n<\/figure>\n\n\n\n<p>SMSEM CONMEMORA 100 A\u00d1OS DE HISTORIA SINDICAL CON ACTIVIDADES QUE REFUERZAN SU IDENTIDAD<\/p>\n\n\n\n<ul class=\"wp-block-list\">\n<li>Docentes, exdirigentes y representantes sindicales participan en una agenda conmemorativa encabezada por Jenaro Mart\u00ednez.<\/li>\n\n\n\n<li>Exposici\u00f3n hist\u00f3rica, conversatorios y actos simb\u00f3licos marcan el arranque del centenario del origen del magisterio organizado en el EdoM\u00e9x.*<\/li>\n<\/ul>\n\n\n\n<p>Toluca, EDOM\u00c9X.\u2014 A un siglo de sus ra\u00edces, el Sindicato de Maestros al Servicio del Estado de M\u00e9xico (SMSEM) mantiene viva su memoria hist\u00f3rica con una serie de actividades conmemorativas que re\u00fanen a distintas generaciones del gremio magisterial en torno a su origen y evoluci\u00f3n.<\/p>\n\n\n\n<p>Encabezadas por el secretario general, Jenaro Mart\u00ednez Reyes, las actividades se desarrollan en las instalaciones de Santa Cruz Atzcapotzaltongo, donde docentes en activo, exdirigentes y representantes sindicales han sido convocados para recordar el nacimiento de la organizaci\u00f3n que dio forma al sindicalismo magisterial en la entidad.<\/p>\n\n\n\n<p>El eje central de esta conmemoraci\u00f3n es el centenario de la \u201cSociedad Mutualista de Maestros \u00c1nfora\u201d, fundada en 1926, considerada el antecedente directo del SMSEM, cuya consolidaci\u00f3n formal se concret\u00f3 en 1952 tras diversos movimientos impulsados por el magisterio mexiquense.<\/p>\n\n\n\n<p>Como parte del arranque, Mart\u00ednez Reyes encabez\u00f3 la siembra de un ahuehuete en las \u00e1reas verdes de las nuevas oficinas centrales, un acto simb\u00f3lico que busca representar la fortaleza, permanencia y crecimiento del sindicato a lo largo de los a\u00f1os.<\/p>\n\n\n\n<p>\u201cCon la siembra de este \u00e1rbol, cultivamos en el Centenario de Fraternidad y Unidad Sindical a un testigo de nuestra historia gremial\u201d, expres\u00f3.<\/p>\n\n\n\n<p>En el marco de esta jornada, tambi\u00e9n fue inaugurada la galer\u00eda documental Historia de la lucha por el bienestar del magisterio estatal, una exposici\u00f3n que integra fotograf\u00edas, documentos y piezas hist\u00f3ricas que narran el desarrollo del sindicato desde sus antecedentes hasta la actualidad. Entre los elementos m\u00e1s emblem\u00e1ticos destaca el primer estandarte del SMSEM, as\u00ed como materiales que datan de principios del siglo XX.<\/p>\n\n\n\n<p>A la par, se realiz\u00f3 el conversatorio \u201cUn Siglo de Fraternidad y Unidad\u201d, donde exsecretarios generales y docentes con amplia trayectoria compartieron experiencias y reflexiones sobre los momentos clave en la vida sindical. Durante este encuentro, el dirigente estatal reconoci\u00f3 a los participantes con un distintivo por su contribuci\u00f3n al fortalecimiento del gremio.<\/p>\n\n\n\n<p>Las actividades conmemorativas continuar\u00e1n en los pr\u00f3ximos d\u00edas con una caminata alusiva, la presentaci\u00f3n de una revista especial y la develaci\u00f3n de una placa por el centenario, en el marco de las celebraciones previas al D\u00eda del Trabajo, consolidando as\u00ed un ejercicio de memoria colectiva y proyecci\u00f3n institucional del sindicato<\/p>\n","protected":false},"excerpt":{"rendered":"<p>SMSEM CONMEMORA 100 A\u00d1OS DE HISTORIA SINDICAL CON ACTIVIDADES QUE REFUERZAN SU IDENTIDAD Toluca, EDOM\u00c9X.\u2014 A un siglo de sus ra\u00edces, el Sindicato de Maestros al Servicio del Estado de M\u00e9xico (SMSEM) mantiene viva su memoria hist\u00f3rica con una serie de actividades conmemorativas que re\u00fanen a distintas generaciones del gremio magisterial en torno a su [&hellip;]<\/p>\n","protected":false},"author":1,"featured_media":12386,"comment_status":"open","ping_status":"closed","sticky":false,"template":"","format":"standard","meta":{"footnotes":""},"categories":[163,1],"tags":[],"class_list":{"0":"post-12383","1":"post","2":"type-post","3":"status-publish","4":"format-standard","5":"has-post-thumbnail","7":"category-estatal","8":"category-politica"},"yoast_head":"<!-- This site is optimized with the Yoast SEO plugin v27.5 - https:\/\/yoast.com\/product\/yoast-seo-wordpress\/ -->\n<title>SMSEM CONMEMORA 100 A\u00d1OS DE HISTORIA SINDICAL CON ACTIVIDADES QUE REFUERZAN SU IDENTIDAD - Proyecci\u00f3n Estado de M\u00e9xico<\/title>\n<meta name=\"robots\" content=\"index, follow, max-snippet:-1, max-image-preview:large, max-video-preview:-1\" \/>\n<link rel=\"canonical\" href=\"https:\/\/proyeccionedomex.com.mx\/?p=12383\" \/>\n<meta property=\"og:locale\" content=\"es_ES\" \/>\n<meta property=\"og:type\" content=\"article\" \/>\n<meta property=\"og:title\" content=\"SMSEM CONMEMORA 100 A\u00d1OS DE HISTORIA SINDICAL CON ACTIVIDADES QUE REFUERZAN SU IDENTIDAD - Proyecci\u00f3n Estado de M\u00e9xico\" \/>\n<meta property=\"og:description\" content=\"SMSEM CONMEMORA 100 A\u00d1OS DE HISTORIA SINDICAL CON ACTIVIDADES QUE REFUERZAN SU IDENTIDAD Toluca, EDOM\u00c9X.\u2014 A un siglo de sus ra\u00edces, el Sindicato de Maestros al Servicio del Estado de M\u00e9xico (SMSEM) mantiene viva su memoria hist\u00f3rica con una serie de actividades conmemorativas que re\u00fanen a distintas generaciones del gremio magisterial en torno a su [&hellip;]\" \/>\n<meta property=\"og:url\" content=\"https:\/\/proyeccionedomex.com.mx\/?p=12383\" \/>\n<meta property=\"og:site_name\" content=\"Proyecci\u00f3n Estado de M\u00e9xico\" \/>\n<meta property=\"article:publisher\" content=\"https:\/\/www.facebook.com\/PortaldeNoticiasProyeccionEdomex\" \/>\n<meta property=\"article:published_time\" content=\"2026-04-25T00:01:19+00:00\" \/>\n<meta property=\"article:modified_time\" content=\"2026-04-25T00:01:24+00:00\" \/>\n<meta property=\"og:image\" content=\"https:\/\/proyeccionedomex.com.mx\/wp-content\/uploads\/2026\/04\/WhatsApp-Image-2026-04-24-at-4.07.25-PM-1.jpeg\" \/>\n\t<meta property=\"og:image:width\" content=\"1600\" \/>\n\t<meta property=\"og:image:height\" content=\"820\" \/>\n\t<meta property=\"og:image:type\" content=\"image\/jpeg\" \/>\n<meta name=\"author\" content=\"Redacci\u00f3n Proyecci\u00f3n EDOM\u00c9X\" \/>\n<meta name=\"twitter:card\" content=\"summary_large_image\" \/>\n<meta name=\"twitter:label1\" content=\"Escrito por\" \/>\n\t<meta name=\"twitter:data1\" content=\"Redacci\u00f3n Proyecci\u00f3n EDOM\u00c9X\" \/>\n\t<meta name=\"twitter:label2\" content=\"Tiempo de lectura\" \/>\n\t<meta name=\"twitter:data2\" content=\"3 minutos\" \/>\n<script type=\"application\/ld+json\" class=\"yoast-schema-graph\">{\"@context\":\"https:\\\/\\\/schema.org\",\"@graph\":[{\"@type\":\"Article\",\"@id\":\"https:\\\/\\\/proyeccionedomex.com.mx\\\/?p=12383#article\",\"isPartOf\":{\"@id\":\"https:\\\/\\\/proyeccionedomex.com.mx\\\/?p=12383\"},\"author\":{\"name\":\"Redacci\u00f3n Proyecci\u00f3n EDOM\u00c9X\",\"@id\":\"https:\\\/\\\/proyeccionedomex.com.mx\\\/#\\\/schema\\\/person\\\/2e66b5427bffed972a69e6b66b4e3a76\"},\"headline\":\"SMSEM CONMEMORA 100 A\u00d1OS DE HISTORIA SINDICAL CON ACTIVIDADES QUE REFUERZAN SU IDENTIDAD\",\"datePublished\":\"2026-04-25T00:01:19+00:00\",\"dateModified\":\"2026-04-25T00:01:24+00:00\",\"mainEntityOfPage\":{\"@id\":\"https:\\\/\\\/proyeccionedomex.com.mx\\\/?p=12383\"},\"wordCount\":451,\"commentCount\":0,\"publisher\":{\"@id\":\"https:\\\/\\\/proyeccionedomex.com.mx\\\/#organization\"},\"image\":{\"@id\":\"https:\\\/\\\/proyeccionedomex.com.mx\\\/?p=12383#primaryimage\"},\"thumbnailUrl\":\"https:\\\/\\\/proyeccionedomex.com.mx\\\/wp-content\\\/uploads\\\/2026\\\/04\\\/WhatsApp-Image-2026-04-24-at-4.07.25-PM-1.jpeg\",\"articleSection\":[\"Estatal\",\"Politica\"],\"inLanguage\":\"es\",\"potentialAction\":[{\"@type\":\"CommentAction\",\"name\":\"Comment\",\"target\":[\"https:\\\/\\\/proyeccionedomex.com.mx\\\/?p=12383#respond\"]}]},{\"@type\":\"WebPage\",\"@id\":\"https:\\\/\\\/proyeccionedomex.com.mx\\\/?p=12383\",\"url\":\"https:\\\/\\\/proyeccionedomex.com.mx\\\/?p=12383\",\"name\":\"SMSEM CONMEMORA 100 A\u00d1OS DE HISTORIA SINDICAL CON ACTIVIDADES QUE REFUERZAN SU IDENTIDAD - Proyecci\u00f3n Estado de M\u00e9xico\",\"isPartOf\":{\"@id\":\"https:\\\/\\\/proyeccionedomex.com.mx\\\/#website\"},\"primaryImageOfPage\":{\"@id\":\"https:\\\/\\\/proyeccionedomex.com.mx\\\/?p=12383#primaryimage\"},\"image\":{\"@id\":\"https:\\\/\\\/proyeccionedomex.com.mx\\\/?p=12383#primaryimage\"},\"thumbnailUrl\":\"https:\\\/\\\/proyeccionedomex.com.mx\\\/wp-content\\\/uploads\\\/2026\\\/04\\\/WhatsApp-Image-2026-04-24-at-4.07.25-PM-1.jpeg\",\"datePublished\":\"2026-04-25T00:01:19+00:00\",\"dateModified\":\"2026-04-25T00:01:24+00:00\",\"breadcrumb\":{\"@id\":\"https:\\\/\\\/proyeccionedomex.com.mx\\\/?p=12383#breadcrumb\"},\"inLanguage\":\"es\",\"potentialAction\":[{\"@type\":\"ReadAction\",\"target\":[\"https:\\\/\\\/proyeccionedomex.com.mx\\\/?p=12383\"]}]},{\"@type\":\"ImageObject\",\"inLanguage\":\"es\",\"@id\":\"https:\\\/\\\/proyeccionedomex.com.mx\\\/?p=12383#primaryimage\",\"url\":\"https:\\\/\\\/proyeccionedomex.com.mx\\\/wp-content\\\/uploads\\\/2026\\\/04\\\/WhatsApp-Image-2026-04-24-at-4.07.25-PM-1.jpeg\",\"contentUrl\":\"https:\\\/\\\/proyeccionedomex.com.mx\\\/wp-content\\\/uploads\\\/2026\\\/04\\\/WhatsApp-Image-2026-04-24-at-4.07.25-PM-1.jpeg\",\"width\":1600,\"height\":820},{\"@type\":\"BreadcrumbList\",\"@id\":\"https:\\\/\\\/proyeccionedomex.com.mx\\\/?p=12383#breadcrumb\",\"itemListElement\":[{\"@type\":\"ListItem\",\"position\":1,\"name\":\"Portada\",\"item\":\"https:\\\/\\\/proyeccionedomex.com.mx\\\/\"},{\"@type\":\"ListItem\",\"position\":2,\"name\":\"SMSEM CONMEMORA 100 A\u00d1OS DE HISTORIA SINDICAL CON ACTIVIDADES QUE REFUERZAN SU IDENTIDAD\"}]},{\"@type\":\"WebSite\",\"@id\":\"https:\\\/\\\/proyeccionedomex.com.mx\\\/#website\",\"url\":\"https:\\\/\\\/proyeccionedomex.com.mx\\\/\",\"name\":\"Proyecci\u00f3n Estado de M\u00e9xico\",\"description\":\"Proyecci\u00f3n Edo. Mex.\",\"publisher\":{\"@id\":\"https:\\\/\\\/proyeccionedomex.com.mx\\\/#organization\"},\"potentialAction\":[{\"@type\":\"SearchAction\",\"target\":{\"@type\":\"EntryPoint\",\"urlTemplate\":\"https:\\\/\\\/proyeccionedomex.com.mx\\\/?s={search_term_string}\"},\"query-input\":{\"@type\":\"PropertyValueSpecification\",\"valueRequired\":true,\"valueName\":\"search_term_string\"}}],\"inLanguage\":\"es\"},{\"@type\":\"Organization\",\"@id\":\"https:\\\/\\\/proyeccionedomex.com.mx\\\/#organization\",\"name\":\"Proyecci\u00f3n Estado de M\u00e9xico\",\"url\":\"https:\\\/\\\/proyeccionedomex.com.mx\\\/\",\"logo\":{\"@type\":\"ImageObject\",\"inLanguage\":\"es\",\"@id\":\"https:\\\/\\\/proyeccionedomex.com.mx\\\/#\\\/schema\\\/logo\\\/image\\\/\",\"url\":\"https:\\\/\\\/proyeccionedomex.com.mx\\\/wp-content\\\/uploads\\\/2024\\\/03\\\/proyeccion.jpg\",\"contentUrl\":\"https:\\\/\\\/proyeccionedomex.com.mx\\\/wp-content\\\/uploads\\\/2024\\\/03\\\/proyeccion.jpg\",\"width\":1143,\"height\":801,\"caption\":\"Proyecci\u00f3n Estado de M\u00e9xico\"},\"image\":{\"@id\":\"https:\\\/\\\/proyeccionedomex.com.mx\\\/#\\\/schema\\\/logo\\\/image\\\/\"},\"sameAs\":[\"https:\\\/\\\/www.facebook.com\\\/PortaldeNoticiasProyeccionEdomex\"]},{\"@type\":\"Person\",\"@id\":\"https:\\\/\\\/proyeccionedomex.com.mx\\\/#\\\/schema\\\/person\\\/2e66b5427bffed972a69e6b66b4e3a76\",\"name\":\"Redacci\u00f3n Proyecci\u00f3n EDOM\u00c9X\",\"image\":{\"@type\":\"ImageObject\",\"inLanguage\":\"es\",\"@id\":\"https:\\\/\\\/secure.gravatar.com\\\/avatar\\\/f43a2254d614198c44c96f86f1f078a06cac3d39a3250e9245aa331797519cab?s=96&d=mm&r=g\",\"url\":\"https:\\\/\\\/secure.gravatar.com\\\/avatar\\\/f43a2254d614198c44c96f86f1f078a06cac3d39a3250e9245aa331797519cab?s=96&d=mm&r=g\",\"contentUrl\":\"https:\\\/\\\/secure.gravatar.com\\\/avatar\\\/f43a2254d614198c44c96f86f1f078a06cac3d39a3250e9245aa331797519cab?s=96&d=mm&r=g\",\"caption\":\"Redacci\u00f3n Proyecci\u00f3n EDOM\u00c9X\"},\"sameAs\":[\"https:\\\/\\\/proyeccionedomex.com.mx\"],\"url\":\"https:\\\/\\\/proyeccionedomex.com.mx\\\/?author=1\"}]}<\/script>\n<!-- \/ Yoast SEO plugin. -->","yoast_head_json":{"title":"SMSEM CONMEMORA 100 A\u00d1OS DE HISTORIA SINDICAL CON ACTIVIDADES QUE REFUERZAN SU IDENTIDAD - Proyecci\u00f3n Estado de M\u00e9xico","robots":{"index":"index","follow":"follow","max-snippet":"max-snippet:-1","max-image-preview":"max-image-preview:large","max-video-preview":"max-video-preview:-1"},"canonical":"https:\/\/proyeccionedomex.com.mx\/?p=12383","og_locale":"es_ES","og_type":"article","og_title":"SMSEM CONMEMORA 100 A\u00d1OS DE HISTORIA SINDICAL CON ACTIVIDADES QUE REFUERZAN SU IDENTIDAD - Proyecci\u00f3n Estado de M\u00e9xico","og_description":"SMSEM CONMEMORA 100 A\u00d1OS DE HISTORIA SINDICAL CON ACTIVIDADES QUE REFUERZAN SU IDENTIDAD Toluca, EDOM\u00c9X.\u2014 A un siglo de sus ra\u00edces, el Sindicato de Maestros al Servicio del Estado de M\u00e9xico (SMSEM) mantiene viva su memoria hist\u00f3rica con una serie de actividades conmemorativas que re\u00fanen a distintas generaciones del gremio magisterial en torno a su [&hellip;]","og_url":"https:\/\/proyeccionedomex.com.mx\/?p=12383","og_site_name":"Proyecci\u00f3n Estado de M\u00e9xico","article_publisher":"https:\/\/www.facebook.com\/PortaldeNoticiasProyeccionEdomex","article_published_time":"2026-04-25T00:01:19+00:00","article_modified_time":"2026-04-25T00:01:24+00:00","og_image":[{"width":1600,"height":820,"url":"https:\/\/proyeccionedomex.com.mx\/wp-content\/uploads\/2026\/04\/WhatsApp-Image-2026-04-24-at-4.07.25-PM-1.jpeg","type":"image\/jpeg"}],"author":"Redacci\u00f3n Proyecci\u00f3n EDOM\u00c9X","twitter_card":"summary_large_image","twitter_misc":{"Escrito por":"Redacci\u00f3n Proyecci\u00f3n EDOM\u00c9X","Tiempo de lectura":"3 minutos"},"schema":{"@context":"https:\/\/schema.org","@graph":[{"@type":"Article","@id":"https:\/\/proyeccionedomex.com.mx\/?p=12383#article","isPartOf":{"@id":"https:\/\/proyeccionedomex.com.mx\/?p=12383"},"author":{"name":"Redacci\u00f3n Proyecci\u00f3n EDOM\u00c9X","@id":"https:\/\/proyeccionedomex.com.mx\/#\/schema\/person\/2e66b5427bffed972a69e6b66b4e3a76"},"headline":"SMSEM CONMEMORA 100 A\u00d1OS DE HISTORIA SINDICAL CON ACTIVIDADES QUE REFUERZAN SU IDENTIDAD","datePublished":"2026-04-25T00:01:19+00:00","dateModified":"2026-04-25T00:01:24+00:00","mainEntityOfPage":{"@id":"https:\/\/proyeccionedomex.com.mx\/?p=12383"},"wordCount":451,"commentCount":0,"publisher":{"@id":"https:\/\/proyeccionedomex.com.mx\/#organization"},"image":{"@id":"https:\/\/proyeccionedomex.com.mx\/?p=12383#primaryimage"},"thumbnailUrl":"https:\/\/proyeccionedomex.com.mx\/wp-content\/uploads\/2026\/04\/WhatsApp-Image-2026-04-24-at-4.07.25-PM-1.jpeg","articleSection":["Estatal","Politica"],"inLanguage":"es","potentialAction":[{"@type":"CommentAction","name":"Comment","target":["https:\/\/proyeccionedomex.com.mx\/?p=12383#respond"]}]},{"@type":"WebPage","@id":"https:\/\/proyeccionedomex.com.mx\/?p=12383","url":"https:\/\/proyeccionedomex.com.mx\/?p=12383","name":"SMSEM CONMEMORA 100 A\u00d1OS DE HISTORIA SINDICAL CON ACTIVIDADES QUE REFUERZAN SU IDENTIDAD - Proyecci\u00f3n Estado de M\u00e9xico","isPartOf":{"@id":"https:\/\/proyeccionedomex.com.mx\/#website"},"primaryImageOfPage":{"@id":"https:\/\/proyeccionedomex.com.mx\/?p=12383#primaryimage"},"image":{"@id":"https:\/\/proyeccionedomex.com.mx\/?p=12383#primaryimage"},"thumbnailUrl":"https:\/\/proyeccionedomex.com.mx\/wp-content\/uploads\/2026\/04\/WhatsApp-Image-2026-04-24-at-4.07.25-PM-1.jpeg","datePublished":"2026-04-25T00:01:19+00:00","dateModified":"2026-04-25T00:01:24+00:00","breadcrumb":{"@id":"https:\/\/proyeccionedomex.com.mx\/?p=12383#breadcrumb"},"inLanguage":"es","potentialAction":[{"@type":"ReadAction","target":["https:\/\/proyeccionedomex.com.mx\/?p=12383"]}]},{"@type":"ImageObject","inLanguage":"es","@id":"https:\/\/proyeccionedomex.com.mx\/?p=12383#primaryimage","url":"https:\/\/proyeccionedomex.com.mx\/wp-content\/uploads\/2026\/04\/WhatsApp-Image-2026-04-24-at-4.07.25-PM-1.jpeg","contentUrl":"https:\/\/proyeccionedomex.com.mx\/wp-content\/uploads\/2026\/04\/WhatsApp-Image-2026-04-24-at-4.07.25-PM-1.jpeg","width":1600,"height":820},{"@type":"BreadcrumbList","@id":"https:\/\/proyeccionedomex.com.mx\/?p=12383#breadcrumb","itemListElement":[{"@type":"ListItem","position":1,"name":"Portada","item":"https:\/\/proyeccionedomex.com.mx\/"},{"@type":"ListItem","position":2,"name":"SMSEM CONMEMORA 100 A\u00d1OS DE HISTORIA SINDICAL CON ACTIVIDADES QUE REFUERZAN SU IDENTIDAD"}]},{"@type":"WebSite","@id":"https:\/\/proyeccionedomex.com.mx\/#website","url":"https:\/\/proyeccionedomex.com.mx\/","name":"Proyecci\u00f3n Estado de M\u00e9xico","description":"Proyecci\u00f3n Edo. Mex.","publisher":{"@id":"https:\/\/proyeccionedomex.com.mx\/#organization"},"potentialAction":[{"@type":"SearchAction","target":{"@type":"EntryPoint","urlTemplate":"https:\/\/proyeccionedomex.com.mx\/?s={search_term_string}"},"query-input":{"@type":"PropertyValueSpecification","valueRequired":true,"valueName":"search_term_string"}}],"inLanguage":"es"},{"@type":"Organization","@id":"https:\/\/proyeccionedomex.com.mx\/#organization","name":"Proyecci\u00f3n Estado de M\u00e9xico","url":"https:\/\/proyeccionedomex.com.mx\/","logo":{"@type":"ImageObject","inLanguage":"es","@id":"https:\/\/proyeccionedomex.com.mx\/#\/schema\/logo\/image\/","url":"https:\/\/proyeccionedomex.com.mx\/wp-content\/uploads\/2024\/03\/proyeccion.jpg","contentUrl":"https:\/\/proyeccionedomex.com.mx\/wp-content\/uploads\/2024\/03\/proyeccion.jpg","width":1143,"height":801,"caption":"Proyecci\u00f3n Estado de M\u00e9xico"},"image":{"@id":"https:\/\/proyeccionedomex.com.mx\/#\/schema\/logo\/image\/"},"sameAs":["https:\/\/www.facebook.com\/PortaldeNoticiasProyeccionEdomex"]},{"@type":"Person","@id":"https:\/\/proyeccionedomex.com.mx\/#\/schema\/person\/2e66b5427bffed972a69e6b66b4e3a76","name":"Redacci\u00f3n Proyecci\u00f3n EDOM\u00c9X","image":{"@type":"ImageObject","inLanguage":"es","@id":"https:\/\/secure.gravatar.com\/avatar\/f43a2254d614198c44c96f86f1f078a06cac3d39a3250e9245aa331797519cab?s=96&d=mm&r=g","url":"https:\/\/secure.gravatar.com\/avatar\/f43a2254d614198c44c96f86f1f078a06cac3d39a3250e9245aa331797519cab?s=96&d=mm&r=g","contentUrl":"https:\/\/secure.gravatar.com\/avatar\/f43a2254d614198c44c96f86f1f078a06cac3d39a3250e9245aa331797519cab?s=96&d=mm&r=g","caption":"Redacci\u00f3n Proyecci\u00f3n EDOM\u00c9X"},"sameAs":["https:\/\/proyeccionedomex.com.mx"],"url":"https:\/\/proyeccionedomex.com.mx\/?author=1"}]}},"_links":{"self":[{"href":"https:\/\/proyeccionedomex.com.mx\/index.php?rest_route=\/wp\/v2\/posts\/12383","targetHints":{"allow":["GET"]}}],"collection":[{"href":"https:\/\/proyeccionedomex.com.mx\/index.php?rest_route=\/wp\/v2\/posts"}],"about":[{"href":"https:\/\/proyeccionedomex.com.mx\/index.php?rest_route=\/wp\/v2\/types\/post"}],"author":[{"embeddable":true,"href":"https:\/\/proyeccionedomex.com.mx\/index.php?rest_route=\/wp\/v2\/users\/1"}],"replies":[{"embeddable":true,"href":"https:\/\/proyeccionedomex.com.mx\/index.php?rest_route=%2Fwp%2Fv2%2Fcomments&post=12383"}],"version-history":[{"count":1,"href":"https:\/\/proyeccionedomex.com.mx\/index.php?rest_route=\/wp\/v2\/posts\/12383\/revisions"}],"predecessor-version":[{"id":12388,"href":"https:\/\/proyeccionedomex.com.mx\/index.php?rest_route=\/wp\/v2\/posts\/12383\/revisions\/12388"}],"wp:featuredmedia":[{"embeddable":true,"href":"https:\/\/proyeccionedomex.com.mx\/index.php?rest_route=\/wp\/v2\/media\/12386"}],"wp:attachment":[{"href":"https:\/\/proyeccionedomex.com.mx\/index.php?rest_route=%2Fwp%2Fv2%2Fmedia&parent=12383"}],"wp:term":[{"taxonomy":"category","embeddable":true,"href":"https:\/\/proyeccionedomex.com.mx\/index.php?rest_route=%2Fwp%2Fv2%2Fcategories&post=12383"},{"taxonomy":"post_tag","embeddable":true,"href":"https:\/\/proyeccionedomex.com.mx\/index.php?rest_route=%2Fwp%2Fv2%2Ftags&post=12383"}],"curies":[{"name":"wp","href":"https:\/\/api.w.org\/{rel}","templated":true}]}}