{"id":12391,"date":"2026-04-27T15:20:57","date_gmt":"2026-04-27T15:20:57","guid":{"rendered":"https:\/\/proyeccionedomex.com.mx\/?p=12391"},"modified":"2026-04-27T15:21:02","modified_gmt":"2026-04-27T15:21:02","slug":"libertad-de-expresion-132","status":"publish","type":"post","link":"https:\/\/proyeccionedomex.com.mx\/?p=12391","title":{"rendered":"LIBERTAD DE EXPRESION"},"content":{"rendered":"\n<p>LIBERTAD DE EXPRESION<br>SER\u00c1 QUE HIGINIO MART\u00cdNEZ HA PUESTO DE CABEZA A MORENA EN EL EDOMEX<br>CHARLY CARRETO<br>Despu\u00e9s de que hace unos d\u00edas el Senador morenistas Higinio Martinez Miranda realizar\u00e1 una Asamblea estatal de su organizaci\u00f3n denominada \u00abMexiquenses de coraz\u00f3n\u00bb en la ciudad de Toluca, y en d\u00f3nde advirti\u00f3 que seguir\u00e1 pelando por los espacios que tiene tanto en presidencias municipales como en diputaciones federales y locales.<br>Algunos actores pol\u00edticos pol\u00edticos le han hecho un llamado para que se conserve la unidad en morena sobre todo en la entidad mexiquense. Realmente no s\u00e9 a qu unidad se refieren porqu\u00e9, hay que recordar que Horacio Duarte Olivares y Francisco V\u00e1zquez le dieron la espalda a Higinio Mart\u00ednez, despu\u00e9s de que el ex para paracaidiata de Palacio Nacional impusiera a Horacio Duarte como secretario General de Gobierno.<br>La guerra al interior de morena en el Estado de M\u00e9xico es entre el llamado grupo Texcoco.<br>Militantes de morena han dicho que el actuar del Senador texcocanos es un desaf\u00edo para la inquilina de Palacio Nacional, pero no creo que sea as\u00ed, a la Ejecutivo Federal lo que menos le importa es morena, a ella la ocupa m\u00e1s que no destruyan sus laboratorios como sucedio en Chihuahua que el conservar los gobiernos morenistas que est\u00e1n en riesgo para la elecci\u00f3n del 2027.<br>DE SALIDA: Autoridades de los tres \u00f3rdenes de gobierno se preocupan m\u00e1s por cosas que no valen la pena, como estarse peleando entre ellos, que si me dijiste, pero t\u00fa me dijiste esto, en fina trivialidades.<br>Porqu\u00e9, no mejor poner atenci\u00f3n en promocionar m\u00e1s el arte, la cultura, el cine y el teatro, en todo el pa\u00eds, as\u00ed como en el Estado de M\u00e9xico, en d\u00f3nde existen muchos talentos en \u00e1reas como teatro y cine y que conforme pas el tiempo en la mayor\u00eda de los casos no encuentran impulso para su trabajo.<br>Ahora vamos a platicar de una actriz y directora de teatro como lo es Betsa Del Valle, quien tiene 25 a\u00f1os dedicada al Teatro y que a partir del 1 de mayo invitar\u00e1 una nueva a temporada con el monologo \u00abHijo de la\u2026 En el Centro Tolzu.<br>Un monologo que habla sobre la relaci\u00f3n entre madres hijos e hijas y en d\u00f3nde Betsa del Valle representa a 22 personajes.<br>Las funciones ser\u00e1n en el centro Tolzu viernes y s\u00e1bados a las 19:00 horas y domingos a las 17:00 horas.<br>Adem\u00e1s, habr\u00e1 una funci\u00f3n especial el 16 de mayo donde las mam\u00e1s que no tengan donde dejar a sus hijos los pueden llevar a esta funci\u00f3n de teatro.<br>Hay que apoyar al talento local, no solo en Toluca o el Estado de M\u00e9xico, sino en todo el pa\u00eds.<br>PARA CERRAR: Es normal que los \u00e1nimos con miras al 2027, se empiezan a calentar, y a decir verdad hay algunos actores pol\u00edticos que se dedican a la denostacion en contra de algunos Alcaldes en funciones, sin que presenten alg\u00fan documento que realmente avalen lo que se\u00f1alan.<br>Es normal que todo solo partidos pol\u00edticos empiezen a mover sus piezas y algunos ya hasta recorridos est\u00e1n haciendo.<br>Porqu\u00e9, los partidos pol\u00edticos solo en procesos electorales salen a las calles, esto lo deben hacer todo el a\u00f1o haya o no procesos electorales.<br>Los habita tes de todos los municipios y entidades federativas, siempre tienen demandas que en muchas ocasiones no los gobiernos estatales, ni municipales y menos el federal atiende.<br>Es necesario cambiar la mentalidad de los actores pol\u00edticos para que siempre est\u00e9n atentos a las demandas de la ciudadan\u00eda.<br>Cunado se acercan los procesos electorales muchos actores pol\u00edticos presumen de regalar tinacos, y muchas otras cosas m\u00e1s que beneficien a los ciudadanos, pero la verdad es que no los regalan le cobran a cada persona un determinada cantidad de dinero para darles el tinaco, calentadores solares o laminas para techos.<br>Pero bueno, cada quien hace su lucha como mejor le conviene, pero no se vale que enga\u00f1an a la gente diciendo que entregan tinacos, calentadores solares y en algunos casos l\u00e1minas para techo y que tengan un costo.<br>Alguien lo ten\u00eda que decir!!!<br>carretocharly@yahoo.com.mx<br>WATS APP 7293059658<\/p>\n","protected":false},"excerpt":{"rendered":"<p>LIBERTAD DE EXPRESIONSER\u00c1 QUE HIGINIO MART\u00cdNEZ HA PUESTO DE CABEZA A MORENA EN EL EDOMEXCHARLY CARRETODespu\u00e9s de que hace unos d\u00edas el Senador morenistas Higinio Martinez Miranda realizar\u00e1 una Asamblea estatal de su organizaci\u00f3n denominada \u00abMexiquenses de coraz\u00f3n\u00bb en la ciudad de Toluca, y en d\u00f3nde advirti\u00f3 que seguir\u00e1 pelando por los espacios que tiene [&hellip;]<\/p>\n","protected":false},"author":1,"featured_media":1530,"comment_status":"open","ping_status":"closed","sticky":false,"template":"","format":"standard","meta":{"footnotes":""},"categories":[157,137],"tags":[],"class_list":{"0":"post-12391","1":"post","2":"type-post","3":"status-publish","4":"format-standard","5":"has-post-thumbnail","7":"category-columnas","8":"category-libexp"},"yoast_head":"<!-- This site is optimized with the Yoast SEO plugin v27.5 - https:\/\/yoast.com\/product\/yoast-seo-wordpress\/ -->\n<title>LIBERTAD DE EXPRESION - Proyecci\u00f3n Estado de M\u00e9xico<\/title>\n<meta name=\"robots\" content=\"index, follow, max-snippet:-1, max-image-preview:large, max-video-preview:-1\" \/>\n<link rel=\"canonical\" href=\"https:\/\/proyeccionedomex.com.mx\/?p=12391\" \/>\n<meta property=\"og:locale\" content=\"es_ES\" \/>\n<meta property=\"og:type\" content=\"article\" \/>\n<meta property=\"og:title\" content=\"LIBERTAD DE EXPRESION - Proyecci\u00f3n Estado de M\u00e9xico\" \/>\n<meta property=\"og:description\" content=\"LIBERTAD DE EXPRESIONSER\u00c1 QUE HIGINIO MART\u00cdNEZ HA PUESTO DE CABEZA A MORENA EN EL EDOMEXCHARLY CARRETODespu\u00e9s de que hace unos d\u00edas el Senador morenistas Higinio Martinez Miranda realizar\u00e1 una Asamblea estatal de su organizaci\u00f3n denominada \u00abMexiquenses de coraz\u00f3n\u00bb en la ciudad de Toluca, y en d\u00f3nde advirti\u00f3 que seguir\u00e1 pelando por los espacios que tiene [&hellip;]\" \/>\n<meta property=\"og:url\" content=\"https:\/\/proyeccionedomex.com.mx\/?p=12391\" \/>\n<meta property=\"og:site_name\" content=\"Proyecci\u00f3n Estado de M\u00e9xico\" \/>\n<meta property=\"article:publisher\" content=\"https:\/\/www.facebook.com\/PortaldeNoticiasProyeccionEdomex\" \/>\n<meta property=\"article:published_time\" content=\"2026-04-27T15:20:57+00:00\" \/>\n<meta property=\"article:modified_time\" content=\"2026-04-27T15:21:02+00:00\" \/>\n<meta property=\"og:image\" content=\"https:\/\/proyeccionedomex.com.mx\/wp-content\/uploads\/2024\/04\/Imagen-de-WhatsApp-2024-04-22-a-las-07.21.07_88b8e660.jpg\" \/>\n\t<meta property=\"og:image:width\" content=\"1228\" \/>\n\t<meta property=\"og:image:height\" content=\"1237\" \/>\n\t<meta property=\"og:image:type\" content=\"image\/jpeg\" \/>\n<meta name=\"author\" content=\"Redacci\u00f3n Proyecci\u00f3n EDOM\u00c9X\" \/>\n<meta name=\"twitter:card\" content=\"summary_large_image\" \/>\n<meta name=\"twitter:label1\" content=\"Escrito por\" \/>\n\t<meta name=\"twitter:data1\" content=\"Redacci\u00f3n Proyecci\u00f3n EDOM\u00c9X\" \/>\n\t<meta name=\"twitter:label2\" content=\"Tiempo de lectura\" \/>\n\t<meta name=\"twitter:data2\" content=\"4 minutos\" \/>\n<script type=\"application\/ld+json\" class=\"yoast-schema-graph\">{\"@context\":\"https:\\\/\\\/schema.org\",\"@graph\":[{\"@type\":\"Article\",\"@id\":\"https:\\\/\\\/proyeccionedomex.com.mx\\\/?p=12391#article\",\"isPartOf\":{\"@id\":\"https:\\\/\\\/proyeccionedomex.com.mx\\\/?p=12391\"},\"author\":{\"name\":\"Redacci\u00f3n Proyecci\u00f3n EDOM\u00c9X\",\"@id\":\"https:\\\/\\\/proyeccionedomex.com.mx\\\/#\\\/schema\\\/person\\\/2e66b5427bffed972a69e6b66b4e3a76\"},\"headline\":\"LIBERTAD DE EXPRESION\",\"datePublished\":\"2026-04-27T15:20:57+00:00\",\"dateModified\":\"2026-04-27T15:21:02+00:00\",\"mainEntityOfPage\":{\"@id\":\"https:\\\/\\\/proyeccionedomex.com.mx\\\/?p=12391\"},\"wordCount\":727,\"commentCount\":0,\"publisher\":{\"@id\":\"https:\\\/\\\/proyeccionedomex.com.mx\\\/#organization\"},\"image\":{\"@id\":\"https:\\\/\\\/proyeccionedomex.com.mx\\\/?p=12391#primaryimage\"},\"thumbnailUrl\":\"https:\\\/\\\/proyeccionedomex.com.mx\\\/wp-content\\\/uploads\\\/2024\\\/04\\\/Imagen-de-WhatsApp-2024-04-22-a-las-07.21.07_88b8e660.jpg\",\"articleSection\":[\"Columnas\",\"Libertad de Expresi\u00f3n\"],\"inLanguage\":\"es\",\"potentialAction\":[{\"@type\":\"CommentAction\",\"name\":\"Comment\",\"target\":[\"https:\\\/\\\/proyeccionedomex.com.mx\\\/?p=12391#respond\"]}]},{\"@type\":\"WebPage\",\"@id\":\"https:\\\/\\\/proyeccionedomex.com.mx\\\/?p=12391\",\"url\":\"https:\\\/\\\/proyeccionedomex.com.mx\\\/?p=12391\",\"name\":\"LIBERTAD DE EXPRESION - Proyecci\u00f3n Estado de M\u00e9xico\",\"isPartOf\":{\"@id\":\"https:\\\/\\\/proyeccionedomex.com.mx\\\/#website\"},\"primaryImageOfPage\":{\"@id\":\"https:\\\/\\\/proyeccionedomex.com.mx\\\/?p=12391#primaryimage\"},\"image\":{\"@id\":\"https:\\\/\\\/proyeccionedomex.com.mx\\\/?p=12391#primaryimage\"},\"thumbnailUrl\":\"https:\\\/\\\/proyeccionedomex.com.mx\\\/wp-content\\\/uploads\\\/2024\\\/04\\\/Imagen-de-WhatsApp-2024-04-22-a-las-07.21.07_88b8e660.jpg\",\"datePublished\":\"2026-04-27T15:20:57+00:00\",\"dateModified\":\"2026-04-27T15:21:02+00:00\",\"breadcrumb\":{\"@id\":\"https:\\\/\\\/proyeccionedomex.com.mx\\\/?p=12391#breadcrumb\"},\"inLanguage\":\"es\",\"potentialAction\":[{\"@type\":\"ReadAction\",\"target\":[\"https:\\\/\\\/proyeccionedomex.com.mx\\\/?p=12391\"]}]},{\"@type\":\"ImageObject\",\"inLanguage\":\"es\",\"@id\":\"https:\\\/\\\/proyeccionedomex.com.mx\\\/?p=12391#primaryimage\",\"url\":\"https:\\\/\\\/proyeccionedomex.com.mx\\\/wp-content\\\/uploads\\\/2024\\\/04\\\/Imagen-de-WhatsApp-2024-04-22-a-las-07.21.07_88b8e660.jpg\",\"contentUrl\":\"https:\\\/\\\/proyeccionedomex.com.mx\\\/wp-content\\\/uploads\\\/2024\\\/04\\\/Imagen-de-WhatsApp-2024-04-22-a-las-07.21.07_88b8e660.jpg\",\"width\":1228,\"height\":1237},{\"@type\":\"BreadcrumbList\",\"@id\":\"https:\\\/\\\/proyeccionedomex.com.mx\\\/?p=12391#breadcrumb\",\"itemListElement\":[{\"@type\":\"ListItem\",\"position\":1,\"name\":\"Portada\",\"item\":\"https:\\\/\\\/proyeccionedomex.com.mx\\\/\"},{\"@type\":\"ListItem\",\"position\":2,\"name\":\"LIBERTAD DE EXPRESION\"}]},{\"@type\":\"WebSite\",\"@id\":\"https:\\\/\\\/proyeccionedomex.com.mx\\\/#website\",\"url\":\"https:\\\/\\\/proyeccionedomex.com.mx\\\/\",\"name\":\"Proyecci\u00f3n Estado de M\u00e9xico\",\"description\":\"Proyecci\u00f3n Edo. Mex.\",\"publisher\":{\"@id\":\"https:\\\/\\\/proyeccionedomex.com.mx\\\/#organization\"},\"potentialAction\":[{\"@type\":\"SearchAction\",\"target\":{\"@type\":\"EntryPoint\",\"urlTemplate\":\"https:\\\/\\\/proyeccionedomex.com.mx\\\/?s={search_term_string}\"},\"query-input\":{\"@type\":\"PropertyValueSpecification\",\"valueRequired\":true,\"valueName\":\"search_term_string\"}}],\"inLanguage\":\"es\"},{\"@type\":\"Organization\",\"@id\":\"https:\\\/\\\/proyeccionedomex.com.mx\\\/#organization\",\"name\":\"Proyecci\u00f3n Estado de M\u00e9xico\",\"url\":\"https:\\\/\\\/proyeccionedomex.com.mx\\\/\",\"logo\":{\"@type\":\"ImageObject\",\"inLanguage\":\"es\",\"@id\":\"https:\\\/\\\/proyeccionedomex.com.mx\\\/#\\\/schema\\\/logo\\\/image\\\/\",\"url\":\"https:\\\/\\\/proyeccionedomex.com.mx\\\/wp-content\\\/uploads\\\/2024\\\/03\\\/proyeccion.jpg\",\"contentUrl\":\"https:\\\/\\\/proyeccionedomex.com.mx\\\/wp-content\\\/uploads\\\/2024\\\/03\\\/proyeccion.jpg\",\"width\":1143,\"height\":801,\"caption\":\"Proyecci\u00f3n Estado de M\u00e9xico\"},\"image\":{\"@id\":\"https:\\\/\\\/proyeccionedomex.com.mx\\\/#\\\/schema\\\/logo\\\/image\\\/\"},\"sameAs\":[\"https:\\\/\\\/www.facebook.com\\\/PortaldeNoticiasProyeccionEdomex\"]},{\"@type\":\"Person\",\"@id\":\"https:\\\/\\\/proyeccionedomex.com.mx\\\/#\\\/schema\\\/person\\\/2e66b5427bffed972a69e6b66b4e3a76\",\"name\":\"Redacci\u00f3n Proyecci\u00f3n EDOM\u00c9X\",\"image\":{\"@type\":\"ImageObject\",\"inLanguage\":\"es\",\"@id\":\"https:\\\/\\\/secure.gravatar.com\\\/avatar\\\/f43a2254d614198c44c96f86f1f078a06cac3d39a3250e9245aa331797519cab?s=96&d=mm&r=g\",\"url\":\"https:\\\/\\\/secure.gravatar.com\\\/avatar\\\/f43a2254d614198c44c96f86f1f078a06cac3d39a3250e9245aa331797519cab?s=96&d=mm&r=g\",\"contentUrl\":\"https:\\\/\\\/secure.gravatar.com\\\/avatar\\\/f43a2254d614198c44c96f86f1f078a06cac3d39a3250e9245aa331797519cab?s=96&d=mm&r=g\",\"caption\":\"Redacci\u00f3n Proyecci\u00f3n EDOM\u00c9X\"},\"sameAs\":[\"https:\\\/\\\/proyeccionedomex.com.mx\"],\"url\":\"https:\\\/\\\/proyeccionedomex.com.mx\\\/?author=1\"}]}<\/script>\n<!-- \/ Yoast SEO plugin. -->","yoast_head_json":{"title":"LIBERTAD DE EXPRESION - Proyecci\u00f3n Estado de M\u00e9xico","robots":{"index":"index","follow":"follow","max-snippet":"max-snippet:-1","max-image-preview":"max-image-preview:large","max-video-preview":"max-video-preview:-1"},"canonical":"https:\/\/proyeccionedomex.com.mx\/?p=12391","og_locale":"es_ES","og_type":"article","og_title":"LIBERTAD DE EXPRESION - Proyecci\u00f3n Estado de M\u00e9xico","og_description":"LIBERTAD DE EXPRESIONSER\u00c1 QUE HIGINIO MART\u00cdNEZ HA PUESTO DE CABEZA A MORENA EN EL EDOMEXCHARLY CARRETODespu\u00e9s de que hace unos d\u00edas el Senador morenistas Higinio Martinez Miranda realizar\u00e1 una Asamblea estatal de su organizaci\u00f3n denominada \u00abMexiquenses de coraz\u00f3n\u00bb en la ciudad de Toluca, y en d\u00f3nde advirti\u00f3 que seguir\u00e1 pelando por los espacios que tiene [&hellip;]","og_url":"https:\/\/proyeccionedomex.com.mx\/?p=12391","og_site_name":"Proyecci\u00f3n Estado de M\u00e9xico","article_publisher":"https:\/\/www.facebook.com\/PortaldeNoticiasProyeccionEdomex","article_published_time":"2026-04-27T15:20:57+00:00","article_modified_time":"2026-04-27T15:21:02+00:00","og_image":[{"width":1228,"height":1237,"url":"https:\/\/proyeccionedomex.com.mx\/wp-content\/uploads\/2024\/04\/Imagen-de-WhatsApp-2024-04-22-a-las-07.21.07_88b8e660.jpg","type":"image\/jpeg"}],"author":"Redacci\u00f3n Proyecci\u00f3n EDOM\u00c9X","twitter_card":"summary_large_image","twitter_misc":{"Escrito por":"Redacci\u00f3n Proyecci\u00f3n EDOM\u00c9X","Tiempo de lectura":"4 minutos"},"schema":{"@context":"https:\/\/schema.org","@graph":[{"@type":"Article","@id":"https:\/\/proyeccionedomex.com.mx\/?p=12391#article","isPartOf":{"@id":"https:\/\/proyeccionedomex.com.mx\/?p=12391"},"author":{"name":"Redacci\u00f3n Proyecci\u00f3n EDOM\u00c9X","@id":"https:\/\/proyeccionedomex.com.mx\/#\/schema\/person\/2e66b5427bffed972a69e6b66b4e3a76"},"headline":"LIBERTAD DE EXPRESION","datePublished":"2026-04-27T15:20:57+00:00","dateModified":"2026-04-27T15:21:02+00:00","mainEntityOfPage":{"@id":"https:\/\/proyeccionedomex.com.mx\/?p=12391"},"wordCount":727,"commentCount":0,"publisher":{"@id":"https:\/\/proyeccionedomex.com.mx\/#organization"},"image":{"@id":"https:\/\/proyeccionedomex.com.mx\/?p=12391#primaryimage"},"thumbnailUrl":"https:\/\/proyeccionedomex.com.mx\/wp-content\/uploads\/2024\/04\/Imagen-de-WhatsApp-2024-04-22-a-las-07.21.07_88b8e660.jpg","articleSection":["Columnas","Libertad de Expresi\u00f3n"],"inLanguage":"es","potentialAction":[{"@type":"CommentAction","name":"Comment","target":["https:\/\/proyeccionedomex.com.mx\/?p=12391#respond"]}]},{"@type":"WebPage","@id":"https:\/\/proyeccionedomex.com.mx\/?p=12391","url":"https:\/\/proyeccionedomex.com.mx\/?p=12391","name":"LIBERTAD DE EXPRESION - Proyecci\u00f3n Estado de M\u00e9xico","isPartOf":{"@id":"https:\/\/proyeccionedomex.com.mx\/#website"},"primaryImageOfPage":{"@id":"https:\/\/proyeccionedomex.com.mx\/?p=12391#primaryimage"},"image":{"@id":"https:\/\/proyeccionedomex.com.mx\/?p=12391#primaryimage"},"thumbnailUrl":"https:\/\/proyeccionedomex.com.mx\/wp-content\/uploads\/2024\/04\/Imagen-de-WhatsApp-2024-04-22-a-las-07.21.07_88b8e660.jpg","datePublished":"2026-04-27T15:20:57+00:00","dateModified":"2026-04-27T15:21:02+00:00","breadcrumb":{"@id":"https:\/\/proyeccionedomex.com.mx\/?p=12391#breadcrumb"},"inLanguage":"es","potentialAction":[{"@type":"ReadAction","target":["https:\/\/proyeccionedomex.com.mx\/?p=12391"]}]},{"@type":"ImageObject","inLanguage":"es","@id":"https:\/\/proyeccionedomex.com.mx\/?p=12391#primaryimage","url":"https:\/\/proyeccionedomex.com.mx\/wp-content\/uploads\/2024\/04\/Imagen-de-WhatsApp-2024-04-22-a-las-07.21.07_88b8e660.jpg","contentUrl":"https:\/\/proyeccionedomex.com.mx\/wp-content\/uploads\/2024\/04\/Imagen-de-WhatsApp-2024-04-22-a-las-07.21.07_88b8e660.jpg","width":1228,"height":1237},{"@type":"BreadcrumbList","@id":"https:\/\/proyeccionedomex.com.mx\/?p=12391#breadcrumb","itemListElement":[{"@type":"ListItem","position":1,"name":"Portada","item":"https:\/\/proyeccionedomex.com.mx\/"},{"@type":"ListItem","position":2,"name":"LIBERTAD DE EXPRESION"}]},{"@type":"WebSite","@id":"https:\/\/proyeccionedomex.com.mx\/#website","url":"https:\/\/proyeccionedomex.com.mx\/","name":"Proyecci\u00f3n Estado de M\u00e9xico","description":"Proyecci\u00f3n Edo. Mex.","publisher":{"@id":"https:\/\/proyeccionedomex.com.mx\/#organization"},"potentialAction":[{"@type":"SearchAction","target":{"@type":"EntryPoint","urlTemplate":"https:\/\/proyeccionedomex.com.mx\/?s={search_term_string}"},"query-input":{"@type":"PropertyValueSpecification","valueRequired":true,"valueName":"search_term_string"}}],"inLanguage":"es"},{"@type":"Organization","@id":"https:\/\/proyeccionedomex.com.mx\/#organization","name":"Proyecci\u00f3n Estado de M\u00e9xico","url":"https:\/\/proyeccionedomex.com.mx\/","logo":{"@type":"ImageObject","inLanguage":"es","@id":"https:\/\/proyeccionedomex.com.mx\/#\/schema\/logo\/image\/","url":"https:\/\/proyeccionedomex.com.mx\/wp-content\/uploads\/2024\/03\/proyeccion.jpg","contentUrl":"https:\/\/proyeccionedomex.com.mx\/wp-content\/uploads\/2024\/03\/proyeccion.jpg","width":1143,"height":801,"caption":"Proyecci\u00f3n Estado de M\u00e9xico"},"image":{"@id":"https:\/\/proyeccionedomex.com.mx\/#\/schema\/logo\/image\/"},"sameAs":["https:\/\/www.facebook.com\/PortaldeNoticiasProyeccionEdomex"]},{"@type":"Person","@id":"https:\/\/proyeccionedomex.com.mx\/#\/schema\/person\/2e66b5427bffed972a69e6b66b4e3a76","name":"Redacci\u00f3n Proyecci\u00f3n EDOM\u00c9X","image":{"@type":"ImageObject","inLanguage":"es","@id":"https:\/\/secure.gravatar.com\/avatar\/f43a2254d614198c44c96f86f1f078a06cac3d39a3250e9245aa331797519cab?s=96&d=mm&r=g","url":"https:\/\/secure.gravatar.com\/avatar\/f43a2254d614198c44c96f86f1f078a06cac3d39a3250e9245aa331797519cab?s=96&d=mm&r=g","contentUrl":"https:\/\/secure.gravatar.com\/avatar\/f43a2254d614198c44c96f86f1f078a06cac3d39a3250e9245aa331797519cab?s=96&d=mm&r=g","caption":"Redacci\u00f3n Proyecci\u00f3n EDOM\u00c9X"},"sameAs":["https:\/\/proyeccionedomex.com.mx"],"url":"https:\/\/proyeccionedomex.com.mx\/?author=1"}]}},"_links":{"self":[{"href":"https:\/\/proyeccionedomex.com.mx\/index.php?rest_route=\/wp\/v2\/posts\/12391","targetHints":{"allow":["GET"]}}],"collection":[{"href":"https:\/\/proyeccionedomex.com.mx\/index.php?rest_route=\/wp\/v2\/posts"}],"about":[{"href":"https:\/\/proyeccionedomex.com.mx\/index.php?rest_route=\/wp\/v2\/types\/post"}],"author":[{"embeddable":true,"href":"https:\/\/proyeccionedomex.com.mx\/index.php?rest_route=\/wp\/v2\/users\/1"}],"replies":[{"embeddable":true,"href":"https:\/\/proyeccionedomex.com.mx\/index.php?rest_route=%2Fwp%2Fv2%2Fcomments&post=12391"}],"version-history":[{"count":1,"href":"https:\/\/proyeccionedomex.com.mx\/index.php?rest_route=\/wp\/v2\/posts\/12391\/revisions"}],"predecessor-version":[{"id":12392,"href":"https:\/\/proyeccionedomex.com.mx\/index.php?rest_route=\/wp\/v2\/posts\/12391\/revisions\/12392"}],"wp:featuredmedia":[{"embeddable":true,"href":"https:\/\/proyeccionedomex.com.mx\/index.php?rest_route=\/wp\/v2\/media\/1530"}],"wp:attachment":[{"href":"https:\/\/proyeccionedomex.com.mx\/index.php?rest_route=%2Fwp%2Fv2%2Fmedia&parent=12391"}],"wp:term":[{"taxonomy":"category","embeddable":true,"href":"https:\/\/proyeccionedomex.com.mx\/index.php?rest_route=%2Fwp%2Fv2%2Fcategories&post=12391"},{"taxonomy":"post_tag","embeddable":true,"href":"https:\/\/proyeccionedomex.com.mx\/index.php?rest_route=%2Fwp%2Fv2%2Ftags&post=12391"}],"curies":[{"name":"wp","href":"https:\/\/api.w.org\/{rel}","templated":true}]}}