{"id":12393,"date":"2026-04-27T15:21:54","date_gmt":"2026-04-27T15:21:54","guid":{"rendered":"https:\/\/proyeccionedomex.com.mx\/?p=12393"},"modified":"2026-04-27T15:22:00","modified_gmt":"2026-04-27T15:22:00","slug":"valeria-hernandez-la-unica-mujer-que-se-abre-paso-en-intermedia-de-potros-salvajes-de-la-uaemex","status":"publish","type":"post","link":"https:\/\/proyeccionedomex.com.mx\/?p=12393","title":{"rendered":"Valeria Hern\u00e1ndez, la \u00fanica mujer que se abre paso en Intermedia de Potros Salvajes de la UAEM\u00e9x"},"content":{"rendered":"\n<figure class=\"wp-block-image size-full\"><img loading=\"lazy\" decoding=\"async\" width=\"1024\" height=\"682\" src=\"https:\/\/proyeccionedomex.com.mx\/wp-content\/uploads\/2026\/04\/image-56.jpeg\" alt=\"\" class=\"wp-image-12394\" srcset=\"https:\/\/proyeccionedomex.com.mx\/wp-content\/uploads\/2026\/04\/image-56.jpeg 1024w, https:\/\/proyeccionedomex.com.mx\/wp-content\/uploads\/2026\/04\/image-56-300x200.jpeg 300w, https:\/\/proyeccionedomex.com.mx\/wp-content\/uploads\/2026\/04\/image-56-768x512.jpeg 768w, https:\/\/proyeccionedomex.com.mx\/wp-content\/uploads\/2026\/04\/image-56-696x464.jpeg 696w, https:\/\/proyeccionedomex.com.mx\/wp-content\/uploads\/2026\/04\/image-56-631x420.jpeg 631w\" sizes=\"auto, (max-width: 1024px) 100vw, 1024px\" \/><\/figure>\n\n\n\n<p>Valeria Hern\u00e1ndez, la \u00fanica mujer que se abre paso en Intermedia de Potros Salvajes de la UAEM\u00e9x<\/p>\n\n\n\n<p>La historia de Valeria Betsaydha Hern\u00e1ndez Arellano no comenz\u00f3 en el emparrillado, sino en un recorrido deportivo diverso que, con el tiempo, la llev\u00f3 a tomar una decisi\u00f3n poco com\u00fan: abrirse paso en el f\u00fatbol americano, un deporte donde hoy destaca como la \u00fanica mujer en la categor\u00eda Intermedia de Potros Salvajes de la Universidad Aut\u00f3noma del Estado de M\u00e9xico (UAEM\u00e9x).<\/p>\n\n\n\n<p>Estudiante de nivel medio superior, Valeria representa mucho m\u00e1s que a su equipo: encarna disciplina, car\u00e1cter y la capacidad de desafiar los l\u00edmites impuestos por los estereotipos.<\/p>\n\n\n\n<p>Su historia en el deporte inici\u00f3 desde temprana edad con disciplinas como nataci\u00f3n, patinaje, voleibol y front\u00f3n. Sin embargo, fue su etapa como porrista la que marc\u00f3 un punto de inflexi\u00f3n. Desde la banda, mientras animaba los partidos, descubri\u00f3 la intensidad y emoci\u00f3n del f\u00fatbol americano, lo que despert\u00f3 en ella el deseo de estar dentro del campo. \u201cYo quer\u00eda estar ah\u00ed\u201d, record\u00f3.<\/p>\n\n\n\n<p>Ese impulso la llev\u00f3 a realizar tryouts e integrarse al equipo, donde actualmente se desempe\u00f1a como strong safety, una posici\u00f3n clave que exige inteligencia, rapidez y valent\u00eda en cada jugada.<\/p>\n\n\n\n<p>El camino no ha sido sencillo. Ser la \u00fanica mujer en Intermedia ha implicado enfrentar no solo la exigencia f\u00edsica del deporte, sino tambi\u00e9n largos traslados, cuestionamientos externos y momentos de adversidad dentro del entorno competitivo. Aun as\u00ed, su constancia ha sido fundamental para consolidarse en el equipo.<\/p>\n\n\n\n<p>\u201cMe he tenido que esforzar demasiado para ganarme mi lugar\u201d, comparti\u00f3. Con el tiempo, su desempe\u00f1o le ha permitido ganar el respeto de compa\u00f1eros y entrenadores, demostrando que su presencia en el campo es resultado de trabajo, disciplina y pasi\u00f3n.<\/p>\n\n\n\n<p>Para Valeria, el f\u00fatbol americano es m\u00e1s que un deporte: es una forma de vida. En \u00e9l ha encontrado valores como la resiliencia, la constancia y la fortaleza mental, que hoy gu\u00edan tanto su desarrollo personal como acad\u00e9mico.<\/p>\n\n\n\n<p>Adem\u00e1s de su papel como jugadora, tambi\u00e9n se desempe\u00f1a como coach en categor\u00edas infantiles, donde comparte sus conocimientos y contribuye a la formaci\u00f3n de nuevas generaciones. Ense\u00f1ar, afirm\u00f3, es una forma de retribuir al deporte lo que le ha brindado.<\/p>\n\n\n\n<p>En su trayectoria destaca el respaldo de su madre y el acompa\u00f1amiento de sus entrenadores, quienes han sido clave para mantenerse firme en los momentos m\u00e1s complejos.<\/p>\n\n\n\n<p>En la actualidad, Valeria est\u00e1 por concluir sus estudios de bachillerato y tiene como objetivo continuar sus estudios en dise\u00f1o de modas, sin dejar de lado su crecimiento deportivo. Busca completar su proceso en Intermedia y, a futuro, alcanzar la Liga Mayor.<\/p>\n\n\n\n<p>\u201cVoy a seguir aqu\u00ed hasta donde la vida me alcance\u201d, afirm\u00f3 con determinaci\u00f3n. Para la comunidad universitaria, su historia representa un ejemplo de perseverancia y un mensaje claro: los espacios se conquistan con trabajo, y el talento no reconoce g\u00e9neros.<\/p>\n\n\n\n<p>Entre entrenamientos, estudios y retos constantes, Valeria Hern\u00e1ndez contin\u00faa construyendo una historia que trasciende el deporte: una historia de fuerza, identidad y transformaci\u00f3n.<\/p>\n","protected":false},"excerpt":{"rendered":"<p>Valeria Hern\u00e1ndez, la \u00fanica mujer que se abre paso en Intermedia de Potros Salvajes de la UAEM\u00e9x La historia de Valeria Betsaydha Hern\u00e1ndez Arellano no comenz\u00f3 en el emparrillado, sino en un recorrido deportivo diverso que, con el tiempo, la llev\u00f3 a tomar una decisi\u00f3n poco com\u00fan: abrirse paso en el f\u00fatbol americano, un deporte [&hellip;]<\/p>\n","protected":false},"author":1,"featured_media":12394,"comment_status":"open","ping_status":"closed","sticky":false,"template":"","format":"standard","meta":{"footnotes":""},"categories":[124],"tags":[],"class_list":{"0":"post-12393","1":"post","2":"type-post","3":"status-publish","4":"format-standard","5":"has-post-thumbnail","7":"category-deporte"},"yoast_head":"<!-- This site is optimized with the Yoast SEO plugin v27.5 - https:\/\/yoast.com\/product\/yoast-seo-wordpress\/ -->\n<title>Valeria Hern\u00e1ndez, la \u00fanica mujer que se abre paso en Intermedia de Potros Salvajes de la UAEM\u00e9x - Proyecci\u00f3n Estado de M\u00e9xico<\/title>\n<meta name=\"robots\" content=\"index, follow, max-snippet:-1, max-image-preview:large, max-video-preview:-1\" \/>\n<link rel=\"canonical\" href=\"https:\/\/proyeccionedomex.com.mx\/?p=12393\" \/>\n<meta property=\"og:locale\" content=\"es_ES\" \/>\n<meta property=\"og:type\" content=\"article\" \/>\n<meta property=\"og:title\" content=\"Valeria Hern\u00e1ndez, la \u00fanica mujer que se abre paso en Intermedia de Potros Salvajes de la UAEM\u00e9x - Proyecci\u00f3n Estado de M\u00e9xico\" \/>\n<meta property=\"og:description\" content=\"Valeria Hern\u00e1ndez, la \u00fanica mujer que se abre paso en Intermedia de Potros Salvajes de la UAEM\u00e9x La historia de Valeria Betsaydha Hern\u00e1ndez Arellano no comenz\u00f3 en el emparrillado, sino en un recorrido deportivo diverso que, con el tiempo, la llev\u00f3 a tomar una decisi\u00f3n poco com\u00fan: abrirse paso en el f\u00fatbol americano, un deporte [&hellip;]\" \/>\n<meta property=\"og:url\" content=\"https:\/\/proyeccionedomex.com.mx\/?p=12393\" \/>\n<meta property=\"og:site_name\" content=\"Proyecci\u00f3n Estado de M\u00e9xico\" \/>\n<meta property=\"article:publisher\" content=\"https:\/\/www.facebook.com\/PortaldeNoticiasProyeccionEdomex\" \/>\n<meta property=\"article:published_time\" content=\"2026-04-27T15:21:54+00:00\" \/>\n<meta property=\"article:modified_time\" content=\"2026-04-27T15:22:00+00:00\" \/>\n<meta property=\"og:image\" content=\"https:\/\/proyeccionedomex.com.mx\/wp-content\/uploads\/2026\/04\/image-56.jpeg\" \/>\n\t<meta property=\"og:image:width\" content=\"1024\" \/>\n\t<meta property=\"og:image:height\" content=\"682\" \/>\n\t<meta property=\"og:image:type\" content=\"image\/jpeg\" \/>\n<meta name=\"author\" content=\"Redacci\u00f3n Proyecci\u00f3n EDOM\u00c9X\" \/>\n<meta name=\"twitter:card\" content=\"summary_large_image\" \/>\n<meta name=\"twitter:label1\" content=\"Escrito por\" \/>\n\t<meta name=\"twitter:data1\" content=\"Redacci\u00f3n Proyecci\u00f3n EDOM\u00c9X\" \/>\n\t<meta name=\"twitter:label2\" content=\"Tiempo de lectura\" \/>\n\t<meta name=\"twitter:data2\" content=\"3 minutos\" \/>\n<script type=\"application\/ld+json\" class=\"yoast-schema-graph\">{\"@context\":\"https:\\\/\\\/schema.org\",\"@graph\":[{\"@type\":\"Article\",\"@id\":\"https:\\\/\\\/proyeccionedomex.com.mx\\\/?p=12393#article\",\"isPartOf\":{\"@id\":\"https:\\\/\\\/proyeccionedomex.com.mx\\\/?p=12393\"},\"author\":{\"name\":\"Redacci\u00f3n Proyecci\u00f3n EDOM\u00c9X\",\"@id\":\"https:\\\/\\\/proyeccionedomex.com.mx\\\/#\\\/schema\\\/person\\\/2e66b5427bffed972a69e6b66b4e3a76\"},\"headline\":\"Valeria Hern\u00e1ndez, la \u00fanica mujer que se abre paso en Intermedia de Potros Salvajes de la UAEM\u00e9x\",\"datePublished\":\"2026-04-27T15:21:54+00:00\",\"dateModified\":\"2026-04-27T15:22:00+00:00\",\"mainEntityOfPage\":{\"@id\":\"https:\\\/\\\/proyeccionedomex.com.mx\\\/?p=12393\"},\"wordCount\":560,\"commentCount\":0,\"publisher\":{\"@id\":\"https:\\\/\\\/proyeccionedomex.com.mx\\\/#organization\"},\"image\":{\"@id\":\"https:\\\/\\\/proyeccionedomex.com.mx\\\/?p=12393#primaryimage\"},\"thumbnailUrl\":\"https:\\\/\\\/proyeccionedomex.com.mx\\\/wp-content\\\/uploads\\\/2026\\\/04\\\/image-56.jpeg\",\"articleSection\":[\"DEPORTES\"],\"inLanguage\":\"es\",\"potentialAction\":[{\"@type\":\"CommentAction\",\"name\":\"Comment\",\"target\":[\"https:\\\/\\\/proyeccionedomex.com.mx\\\/?p=12393#respond\"]}]},{\"@type\":\"WebPage\",\"@id\":\"https:\\\/\\\/proyeccionedomex.com.mx\\\/?p=12393\",\"url\":\"https:\\\/\\\/proyeccionedomex.com.mx\\\/?p=12393\",\"name\":\"Valeria Hern\u00e1ndez, la \u00fanica mujer que se abre paso en Intermedia de Potros Salvajes de la UAEM\u00e9x - Proyecci\u00f3n Estado de M\u00e9xico\",\"isPartOf\":{\"@id\":\"https:\\\/\\\/proyeccionedomex.com.mx\\\/#website\"},\"primaryImageOfPage\":{\"@id\":\"https:\\\/\\\/proyeccionedomex.com.mx\\\/?p=12393#primaryimage\"},\"image\":{\"@id\":\"https:\\\/\\\/proyeccionedomex.com.mx\\\/?p=12393#primaryimage\"},\"thumbnailUrl\":\"https:\\\/\\\/proyeccionedomex.com.mx\\\/wp-content\\\/uploads\\\/2026\\\/04\\\/image-56.jpeg\",\"datePublished\":\"2026-04-27T15:21:54+00:00\",\"dateModified\":\"2026-04-27T15:22:00+00:00\",\"breadcrumb\":{\"@id\":\"https:\\\/\\\/proyeccionedomex.com.mx\\\/?p=12393#breadcrumb\"},\"inLanguage\":\"es\",\"potentialAction\":[{\"@type\":\"ReadAction\",\"target\":[\"https:\\\/\\\/proyeccionedomex.com.mx\\\/?p=12393\"]}]},{\"@type\":\"ImageObject\",\"inLanguage\":\"es\",\"@id\":\"https:\\\/\\\/proyeccionedomex.com.mx\\\/?p=12393#primaryimage\",\"url\":\"https:\\\/\\\/proyeccionedomex.com.mx\\\/wp-content\\\/uploads\\\/2026\\\/04\\\/image-56.jpeg\",\"contentUrl\":\"https:\\\/\\\/proyeccionedomex.com.mx\\\/wp-content\\\/uploads\\\/2026\\\/04\\\/image-56.jpeg\",\"width\":1024,\"height\":682},{\"@type\":\"BreadcrumbList\",\"@id\":\"https:\\\/\\\/proyeccionedomex.com.mx\\\/?p=12393#breadcrumb\",\"itemListElement\":[{\"@type\":\"ListItem\",\"position\":1,\"name\":\"Portada\",\"item\":\"https:\\\/\\\/proyeccionedomex.com.mx\\\/\"},{\"@type\":\"ListItem\",\"position\":2,\"name\":\"Valeria Hern\u00e1ndez, la \u00fanica mujer que se abre paso en Intermedia de Potros Salvajes de la UAEM\u00e9x\"}]},{\"@type\":\"WebSite\",\"@id\":\"https:\\\/\\\/proyeccionedomex.com.mx\\\/#website\",\"url\":\"https:\\\/\\\/proyeccionedomex.com.mx\\\/\",\"name\":\"Proyecci\u00f3n Estado de M\u00e9xico\",\"description\":\"Proyecci\u00f3n Edo. Mex.\",\"publisher\":{\"@id\":\"https:\\\/\\\/proyeccionedomex.com.mx\\\/#organization\"},\"potentialAction\":[{\"@type\":\"SearchAction\",\"target\":{\"@type\":\"EntryPoint\",\"urlTemplate\":\"https:\\\/\\\/proyeccionedomex.com.mx\\\/?s={search_term_string}\"},\"query-input\":{\"@type\":\"PropertyValueSpecification\",\"valueRequired\":true,\"valueName\":\"search_term_string\"}}],\"inLanguage\":\"es\"},{\"@type\":\"Organization\",\"@id\":\"https:\\\/\\\/proyeccionedomex.com.mx\\\/#organization\",\"name\":\"Proyecci\u00f3n Estado de M\u00e9xico\",\"url\":\"https:\\\/\\\/proyeccionedomex.com.mx\\\/\",\"logo\":{\"@type\":\"ImageObject\",\"inLanguage\":\"es\",\"@id\":\"https:\\\/\\\/proyeccionedomex.com.mx\\\/#\\\/schema\\\/logo\\\/image\\\/\",\"url\":\"https:\\\/\\\/proyeccionedomex.com.mx\\\/wp-content\\\/uploads\\\/2024\\\/03\\\/proyeccion.jpg\",\"contentUrl\":\"https:\\\/\\\/proyeccionedomex.com.mx\\\/wp-content\\\/uploads\\\/2024\\\/03\\\/proyeccion.jpg\",\"width\":1143,\"height\":801,\"caption\":\"Proyecci\u00f3n Estado de M\u00e9xico\"},\"image\":{\"@id\":\"https:\\\/\\\/proyeccionedomex.com.mx\\\/#\\\/schema\\\/logo\\\/image\\\/\"},\"sameAs\":[\"https:\\\/\\\/www.facebook.com\\\/PortaldeNoticiasProyeccionEdomex\"]},{\"@type\":\"Person\",\"@id\":\"https:\\\/\\\/proyeccionedomex.com.mx\\\/#\\\/schema\\\/person\\\/2e66b5427bffed972a69e6b66b4e3a76\",\"name\":\"Redacci\u00f3n Proyecci\u00f3n EDOM\u00c9X\",\"image\":{\"@type\":\"ImageObject\",\"inLanguage\":\"es\",\"@id\":\"https:\\\/\\\/secure.gravatar.com\\\/avatar\\\/f43a2254d614198c44c96f86f1f078a06cac3d39a3250e9245aa331797519cab?s=96&d=mm&r=g\",\"url\":\"https:\\\/\\\/secure.gravatar.com\\\/avatar\\\/f43a2254d614198c44c96f86f1f078a06cac3d39a3250e9245aa331797519cab?s=96&d=mm&r=g\",\"contentUrl\":\"https:\\\/\\\/secure.gravatar.com\\\/avatar\\\/f43a2254d614198c44c96f86f1f078a06cac3d39a3250e9245aa331797519cab?s=96&d=mm&r=g\",\"caption\":\"Redacci\u00f3n Proyecci\u00f3n EDOM\u00c9X\"},\"sameAs\":[\"https:\\\/\\\/proyeccionedomex.com.mx\"],\"url\":\"https:\\\/\\\/proyeccionedomex.com.mx\\\/?author=1\"}]}<\/script>\n<!-- \/ Yoast SEO plugin. -->","yoast_head_json":{"title":"Valeria Hern\u00e1ndez, la \u00fanica mujer que se abre paso en Intermedia de Potros Salvajes de la UAEM\u00e9x - Proyecci\u00f3n Estado de M\u00e9xico","robots":{"index":"index","follow":"follow","max-snippet":"max-snippet:-1","max-image-preview":"max-image-preview:large","max-video-preview":"max-video-preview:-1"},"canonical":"https:\/\/proyeccionedomex.com.mx\/?p=12393","og_locale":"es_ES","og_type":"article","og_title":"Valeria Hern\u00e1ndez, la \u00fanica mujer que se abre paso en Intermedia de Potros Salvajes de la UAEM\u00e9x - Proyecci\u00f3n Estado de M\u00e9xico","og_description":"Valeria Hern\u00e1ndez, la \u00fanica mujer que se abre paso en Intermedia de Potros Salvajes de la UAEM\u00e9x La historia de Valeria Betsaydha Hern\u00e1ndez Arellano no comenz\u00f3 en el emparrillado, sino en un recorrido deportivo diverso que, con el tiempo, la llev\u00f3 a tomar una decisi\u00f3n poco com\u00fan: abrirse paso en el f\u00fatbol americano, un deporte [&hellip;]","og_url":"https:\/\/proyeccionedomex.com.mx\/?p=12393","og_site_name":"Proyecci\u00f3n Estado de M\u00e9xico","article_publisher":"https:\/\/www.facebook.com\/PortaldeNoticiasProyeccionEdomex","article_published_time":"2026-04-27T15:21:54+00:00","article_modified_time":"2026-04-27T15:22:00+00:00","og_image":[{"width":1024,"height":682,"url":"https:\/\/proyeccionedomex.com.mx\/wp-content\/uploads\/2026\/04\/image-56.jpeg","type":"image\/jpeg"}],"author":"Redacci\u00f3n Proyecci\u00f3n EDOM\u00c9X","twitter_card":"summary_large_image","twitter_misc":{"Escrito por":"Redacci\u00f3n Proyecci\u00f3n EDOM\u00c9X","Tiempo de lectura":"3 minutos"},"schema":{"@context":"https:\/\/schema.org","@graph":[{"@type":"Article","@id":"https:\/\/proyeccionedomex.com.mx\/?p=12393#article","isPartOf":{"@id":"https:\/\/proyeccionedomex.com.mx\/?p=12393"},"author":{"name":"Redacci\u00f3n Proyecci\u00f3n EDOM\u00c9X","@id":"https:\/\/proyeccionedomex.com.mx\/#\/schema\/person\/2e66b5427bffed972a69e6b66b4e3a76"},"headline":"Valeria Hern\u00e1ndez, la \u00fanica mujer que se abre paso en Intermedia de Potros Salvajes de la UAEM\u00e9x","datePublished":"2026-04-27T15:21:54+00:00","dateModified":"2026-04-27T15:22:00+00:00","mainEntityOfPage":{"@id":"https:\/\/proyeccionedomex.com.mx\/?p=12393"},"wordCount":560,"commentCount":0,"publisher":{"@id":"https:\/\/proyeccionedomex.com.mx\/#organization"},"image":{"@id":"https:\/\/proyeccionedomex.com.mx\/?p=12393#primaryimage"},"thumbnailUrl":"https:\/\/proyeccionedomex.com.mx\/wp-content\/uploads\/2026\/04\/image-56.jpeg","articleSection":["DEPORTES"],"inLanguage":"es","potentialAction":[{"@type":"CommentAction","name":"Comment","target":["https:\/\/proyeccionedomex.com.mx\/?p=12393#respond"]}]},{"@type":"WebPage","@id":"https:\/\/proyeccionedomex.com.mx\/?p=12393","url":"https:\/\/proyeccionedomex.com.mx\/?p=12393","name":"Valeria Hern\u00e1ndez, la \u00fanica mujer que se abre paso en Intermedia de Potros Salvajes de la UAEM\u00e9x - Proyecci\u00f3n Estado de M\u00e9xico","isPartOf":{"@id":"https:\/\/proyeccionedomex.com.mx\/#website"},"primaryImageOfPage":{"@id":"https:\/\/proyeccionedomex.com.mx\/?p=12393#primaryimage"},"image":{"@id":"https:\/\/proyeccionedomex.com.mx\/?p=12393#primaryimage"},"thumbnailUrl":"https:\/\/proyeccionedomex.com.mx\/wp-content\/uploads\/2026\/04\/image-56.jpeg","datePublished":"2026-04-27T15:21:54+00:00","dateModified":"2026-04-27T15:22:00+00:00","breadcrumb":{"@id":"https:\/\/proyeccionedomex.com.mx\/?p=12393#breadcrumb"},"inLanguage":"es","potentialAction":[{"@type":"ReadAction","target":["https:\/\/proyeccionedomex.com.mx\/?p=12393"]}]},{"@type":"ImageObject","inLanguage":"es","@id":"https:\/\/proyeccionedomex.com.mx\/?p=12393#primaryimage","url":"https:\/\/proyeccionedomex.com.mx\/wp-content\/uploads\/2026\/04\/image-56.jpeg","contentUrl":"https:\/\/proyeccionedomex.com.mx\/wp-content\/uploads\/2026\/04\/image-56.jpeg","width":1024,"height":682},{"@type":"BreadcrumbList","@id":"https:\/\/proyeccionedomex.com.mx\/?p=12393#breadcrumb","itemListElement":[{"@type":"ListItem","position":1,"name":"Portada","item":"https:\/\/proyeccionedomex.com.mx\/"},{"@type":"ListItem","position":2,"name":"Valeria Hern\u00e1ndez, la \u00fanica mujer que se abre paso en Intermedia de Potros Salvajes de la UAEM\u00e9x"}]},{"@type":"WebSite","@id":"https:\/\/proyeccionedomex.com.mx\/#website","url":"https:\/\/proyeccionedomex.com.mx\/","name":"Proyecci\u00f3n Estado de M\u00e9xico","description":"Proyecci\u00f3n Edo. Mex.","publisher":{"@id":"https:\/\/proyeccionedomex.com.mx\/#organization"},"potentialAction":[{"@type":"SearchAction","target":{"@type":"EntryPoint","urlTemplate":"https:\/\/proyeccionedomex.com.mx\/?s={search_term_string}"},"query-input":{"@type":"PropertyValueSpecification","valueRequired":true,"valueName":"search_term_string"}}],"inLanguage":"es"},{"@type":"Organization","@id":"https:\/\/proyeccionedomex.com.mx\/#organization","name":"Proyecci\u00f3n Estado de M\u00e9xico","url":"https:\/\/proyeccionedomex.com.mx\/","logo":{"@type":"ImageObject","inLanguage":"es","@id":"https:\/\/proyeccionedomex.com.mx\/#\/schema\/logo\/image\/","url":"https:\/\/proyeccionedomex.com.mx\/wp-content\/uploads\/2024\/03\/proyeccion.jpg","contentUrl":"https:\/\/proyeccionedomex.com.mx\/wp-content\/uploads\/2024\/03\/proyeccion.jpg","width":1143,"height":801,"caption":"Proyecci\u00f3n Estado de M\u00e9xico"},"image":{"@id":"https:\/\/proyeccionedomex.com.mx\/#\/schema\/logo\/image\/"},"sameAs":["https:\/\/www.facebook.com\/PortaldeNoticiasProyeccionEdomex"]},{"@type":"Person","@id":"https:\/\/proyeccionedomex.com.mx\/#\/schema\/person\/2e66b5427bffed972a69e6b66b4e3a76","name":"Redacci\u00f3n Proyecci\u00f3n EDOM\u00c9X","image":{"@type":"ImageObject","inLanguage":"es","@id":"https:\/\/secure.gravatar.com\/avatar\/f43a2254d614198c44c96f86f1f078a06cac3d39a3250e9245aa331797519cab?s=96&d=mm&r=g","url":"https:\/\/secure.gravatar.com\/avatar\/f43a2254d614198c44c96f86f1f078a06cac3d39a3250e9245aa331797519cab?s=96&d=mm&r=g","contentUrl":"https:\/\/secure.gravatar.com\/avatar\/f43a2254d614198c44c96f86f1f078a06cac3d39a3250e9245aa331797519cab?s=96&d=mm&r=g","caption":"Redacci\u00f3n Proyecci\u00f3n EDOM\u00c9X"},"sameAs":["https:\/\/proyeccionedomex.com.mx"],"url":"https:\/\/proyeccionedomex.com.mx\/?author=1"}]}},"_links":{"self":[{"href":"https:\/\/proyeccionedomex.com.mx\/index.php?rest_route=\/wp\/v2\/posts\/12393","targetHints":{"allow":["GET"]}}],"collection":[{"href":"https:\/\/proyeccionedomex.com.mx\/index.php?rest_route=\/wp\/v2\/posts"}],"about":[{"href":"https:\/\/proyeccionedomex.com.mx\/index.php?rest_route=\/wp\/v2\/types\/post"}],"author":[{"embeddable":true,"href":"https:\/\/proyeccionedomex.com.mx\/index.php?rest_route=\/wp\/v2\/users\/1"}],"replies":[{"embeddable":true,"href":"https:\/\/proyeccionedomex.com.mx\/index.php?rest_route=%2Fwp%2Fv2%2Fcomments&post=12393"}],"version-history":[{"count":1,"href":"https:\/\/proyeccionedomex.com.mx\/index.php?rest_route=\/wp\/v2\/posts\/12393\/revisions"}],"predecessor-version":[{"id":12395,"href":"https:\/\/proyeccionedomex.com.mx\/index.php?rest_route=\/wp\/v2\/posts\/12393\/revisions\/12395"}],"wp:featuredmedia":[{"embeddable":true,"href":"https:\/\/proyeccionedomex.com.mx\/index.php?rest_route=\/wp\/v2\/media\/12394"}],"wp:attachment":[{"href":"https:\/\/proyeccionedomex.com.mx\/index.php?rest_route=%2Fwp%2Fv2%2Fmedia&parent=12393"}],"wp:term":[{"taxonomy":"category","embeddable":true,"href":"https:\/\/proyeccionedomex.com.mx\/index.php?rest_route=%2Fwp%2Fv2%2Fcategories&post=12393"},{"taxonomy":"post_tag","embeddable":true,"href":"https:\/\/proyeccionedomex.com.mx\/index.php?rest_route=%2Fwp%2Fv2%2Ftags&post=12393"}],"curies":[{"name":"wp","href":"https:\/\/api.w.org\/{rel}","templated":true}]}}