{"id":12405,"date":"2026-04-27T15:26:34","date_gmt":"2026-04-27T15:26:34","guid":{"rendered":"https:\/\/proyeccionedomex.com.mx\/?p=12405"},"modified":"2026-04-27T15:26:37","modified_gmt":"2026-04-27T15:26:37","slug":"presidenta-claudia-sheinbaum-y-gobernadora-delfina-gomez-inauguran-tren-suburbano-felipe-angeles-buenavista-aifa","status":"publish","type":"post","link":"https:\/\/proyeccionedomex.com.mx\/?p=12405","title":{"rendered":"Presidenta Claudia Sheinbaum y Gobernadora Delfina G\u00f3mez inauguran Tren Suburbano \u201cFelipe \u00c1ngeles\u201d Buenavista-AIFA"},"content":{"rendered":"\n<figure class=\"wp-block-image size-large td-caption-align-https:\/\/proyeccionedomex.com.mx\/wp-content\/uploads\/2026\/04\/image-60.jpeg\"><img loading=\"lazy\" decoding=\"async\" width=\"1024\" height=\"683\" src=\"https:\/\/proyeccionedomex.com.mx\/wp-content\/uploads\/2026\/04\/image-60-1024x683.jpeg\" alt=\"\" class=\"wp-image-12406\" srcset=\"https:\/\/proyeccionedomex.com.mx\/wp-content\/uploads\/2026\/04\/image-60-1024x683.jpeg 1024w, https:\/\/proyeccionedomex.com.mx\/wp-content\/uploads\/2026\/04\/image-60-300x200.jpeg 300w, https:\/\/proyeccionedomex.com.mx\/wp-content\/uploads\/2026\/04\/image-60-768x512.jpeg 768w, https:\/\/proyeccionedomex.com.mx\/wp-content\/uploads\/2026\/04\/image-60-1536x1025.jpeg 1536w, https:\/\/proyeccionedomex.com.mx\/wp-content\/uploads\/2026\/04\/image-60-696x464.jpeg 696w, https:\/\/proyeccionedomex.com.mx\/wp-content\/uploads\/2026\/04\/image-60-1068x712.jpeg 1068w, https:\/\/proyeccionedomex.com.mx\/wp-content\/uploads\/2026\/04\/image-60-630x420.jpeg 630w, https:\/\/proyeccionedomex.com.mx\/wp-content\/uploads\/2026\/04\/image-60.jpeg 2048w\" sizes=\"auto, (max-width: 1024px) 100vw, 1024px\" \/><\/figure>\n\n\n\n<figure class=\"wp-block-gallery has-nested-images columns-default is-cropped wp-block-gallery-1 is-layout-flex wp-block-gallery-is-layout-flex\">\n<figure class=\"wp-block-image\"><img decoding=\"async\" src=\"https:\/\/scontent.flov1-1.fna.fbcdn.net\/v\/t39.30808-6\/680134100_941540478871173_2291405697534606244_n.jpg?_nc_cat=110&amp;ccb=1-7&amp;_nc_sid=7b2446&amp;_nc_eui2=AeFXMGQbXIJnV43UZPuf8ZuRMaaWHnCEQz8xppYecIRDPw14rhef9h-30e6vVcfGpeNJz_h9yh6VKWZXmZtSPqFi&amp;_nc_ohc=QwjC6KVPWEMQ7kNvwF1FBjm&amp;_nc_oc=AdqSA54f1HQRAsVgylgTE5lJLxMmF4z-XT5y9pzP6lt7lxTOyZu6fK4ICYFPhZqfU2I&amp;_nc_zt=23&amp;_nc_ht=scontent.flov1-1.fna&amp;_nc_gid=HRr68rB7wQg38jaJvZlvwA&amp;_nc_ss=7b2a8&amp;oh=00_Af0hNsu91TNlbsyJ4-9h2BYgM5nLmh9WQFd8A4eoqlMSXA&amp;oe=69F536F5\" alt=\"Puede ser una imagen de una o varias personas\"\/><\/figure>\n\n\n\n<figure class=\"wp-block-image\"><img decoding=\"async\" src=\"https:\/\/scontent.flov1-1.fna.fbcdn.net\/v\/t39.30808-6\/679678058_941540392204515_7857953697586603721_n.jpg?_nc_cat=105&amp;ccb=1-7&amp;_nc_sid=7b2446&amp;_nc_eui2=AeEP3Gl5v29A0xEcCSP7035QpRd4xkw-exalF3jGTD57FngGEtAYKAVEgnSQ5yRlVyxxkOJIVD2BRvuuRH4Fue2m&amp;_nc_ohc=lX2-TKdW7zwQ7kNvwGzXjir&amp;_nc_oc=AdqCKmygVXNrJD2e8K4KwsmUs1gTk7hfFbYCOU_-PvaHtyezoMPajGJ1_wYnb3zNEmE&amp;_nc_zt=23&amp;_nc_ht=scontent.flov1-1.fna&amp;_nc_gid=3VTQu31Jr0vNnehe8MSN1w&amp;_nc_ss=7b2a8&amp;oh=00_Af2Oyz2IACyDWl4D7Ddg5_otLvES4E585JG_q3ne8f36Rw&amp;oe=69F558AE\" alt=\"Puede ser una imagen de una o varias personas\"\/><\/figure>\n<\/figure>\n\n\n\n<p>Presidenta Claudia Sheinbaum y Gobernadora Delfina G\u00f3mez inauguran Tren Suburbano \u201cFelipe \u00c1ngeles\u201d Buenavista-AIFA<\/p>\n\n\n\n<p>Con el objetivo de mejorar la movilidad de m\u00e1s de 82 mil pasajeros diariamente en la Zona Meteopolitana del Valle de M\u00e9xico, la Presidenta de M\u00e9xico, Claudia Sheinbaum Pardo y la Gobernadora del Estado de M\u00e9xico, Delfina G\u00f3mez \u00c1lvarez inauguraron el Tren Suburbano Felipe \u00c1ngeles en el tramo AIFA-Lecher\u00eda.<\/p>\n\n\n\n<p>\u201cLa puesta en marcha del Tren Felipe \u00c1ngeles Buenavista-AIFA es un impulso decisivo en la transformaci\u00f3n que vive el Estado de M\u00e9xico. Esta obra acercar\u00e1 oportunidades, reducir\u00e1 distancias, promover\u00e1 el desarrollo regional y mejorar\u00e1 la vida de miles de mexiquenses que todos los d\u00edas se esfuerzan por salir adelante\u201d, afirm\u00f3 la Gobernadora Delfina G\u00f3mez \u00c1lvarez.<\/p>\n\n\n\n<p>Asegur\u00f3 que gracias al trabajo coordinado con el Gobierno federal, este moderno sistema de transporte m\u00e1s que infraestructura representa bienestar, desarrollo y justicia social para las y los mexiquenses, principalmente de los municipios de Tultitl\u00e1n, Tultepec, Nextlalpan y Zumpango.<\/p>\n\n\n\n<p>\u00abLocalidades hist\u00f3ricamente olvidados como Jaltocan en Nextlalpan, una comunidad otom\u00ed, hoy tendr\u00e1 acceso a un sistema de transporte p\u00fablico digno que crear\u00e1 un impacto positivo en la econom\u00eda familiar. Este segundo piso de la Cuarta Transformaci\u00f3n se vive en todo el territorio \u00ab, puntualiz\u00f3 la Mandataria mexiquense.<\/p>\n\n\n\n<p>Este moderno sistema de transporte tiene una longitud de 41 km, es una misi\u00f3n cumplida en beneficio del pueblo, que de Lecher\u00eda al AIFA recorre 22.94 kil\u00f3metros.<\/p>\n\n\n\n<p>La obra estrat\u00e9gica de infraestructura y con alta tecnolog\u00eda, calidad y seguridad dispone de 24 conductoras y conductores capacitados para 10 trenes con capacidad para 719 pasajeros cada uno en las seis estaciones y terminal que componen el ramal AIFA-Lecher\u00eda, los cuales se podr\u00e1n acoplar con trenes adicionales para ampliar su capacidad a mil 400 pasajeros cuando haya alta demanda.<\/p>\n\n\n\n<p>El proyecto emblem\u00e1tico que se suma a las entregas del \u00ab2026, A\u00f1o de las Obras en EdoM\u00e9x\u00bb, tambi\u00e9n facilita la conexi\u00f3n con el Aeropuerto Felipe \u00c1ngeles (AIFA), que ser\u00e1 de gran ayuda para los pasajeros que arriben con motivo del desarrollo de la justa deportiva de futbol m\u00e1s importante del mundo.<\/p>\n\n\n\n<p>Los horarios de servicio del Tren Suburbano Felipe \u00c1ngeles son de lunes a viernes de 5:00 a 00:00 horas, s\u00e1bados de 6:00 a 00:00 horas y domingos y d\u00edas festivos de 7:00 a 00:00 horas. Durante el primer mes en funcionamiento se tiene un tarifa promocional de 45 pesos desde cualquier estaci\u00f3n hacia y desde el AIFA, y 11.50 pesos en estaciones intermedias.<\/p>\n\n\n\n<p>Asistieron al evento Clara Marina Brugada Molina, Jefa de Gobierno de la Ciudad de M\u00e9xico; Julio Menchaca Salazar, Gobernador del Estado de Hidalgo; Rosa Icela Rodr\u00edguez Vel\u00e1zquez, Secretaria de Gobernaci\u00f3n del Gobierno de M\u00e9xico; Ricardo Trevilla Trejo, Secretario de la Defensa Nacional; Jes\u00fas Antonio Esteva Medina, Secretario de Infraestructura, Comunicaciones y Transportes del Gobierno de M\u00e9xico; Raymundo Pedro Morales \u00c1ngeles, Secretario de Marina; Andr\u00e9s Lajous Loaeza, Director General de la Agencia de Trenes y Transporte P\u00fablico Integrado; Jorge Mendoza S\u00e1nchez, Director General del Banco Nacional de Obras y Servicios P\u00fablicos; e Ivan Hern\u00e1ndez Uribe, Ingeniero Residente de Obra.<\/p>\n","protected":false},"excerpt":{"rendered":"<p>Presidenta Claudia Sheinbaum y Gobernadora Delfina G\u00f3mez inauguran Tren Suburbano \u201cFelipe \u00c1ngeles\u201d Buenavista-AIFA Con el objetivo de mejorar la movilidad de m\u00e1s de 82 mil pasajeros diariamente en la Zona Meteopolitana del Valle de M\u00e9xico, la Presidenta de M\u00e9xico, Claudia Sheinbaum Pardo y la Gobernadora del Estado de M\u00e9xico, Delfina G\u00f3mez \u00c1lvarez inauguraron el Tren [&hellip;]<\/p>\n","protected":false},"author":1,"featured_media":12406,"comment_status":"open","ping_status":"closed","sticky":false,"template":"","format":"standard","meta":{"footnotes":""},"categories":[163,1],"tags":[],"class_list":{"0":"post-12405","1":"post","2":"type-post","3":"status-publish","4":"format-standard","5":"has-post-thumbnail","7":"category-estatal","8":"category-politica"},"yoast_head":"<!-- This site is optimized with the Yoast SEO plugin v27.5 - https:\/\/yoast.com\/product\/yoast-seo-wordpress\/ -->\n<title>Presidenta Claudia Sheinbaum y Gobernadora Delfina G\u00f3mez inauguran Tren Suburbano \u201cFelipe \u00c1ngeles\u201d Buenavista-AIFA - Proyecci\u00f3n Estado de M\u00e9xico<\/title>\n<meta name=\"robots\" content=\"index, follow, max-snippet:-1, max-image-preview:large, max-video-preview:-1\" \/>\n<link rel=\"canonical\" href=\"https:\/\/proyeccionedomex.com.mx\/?p=12405\" \/>\n<meta property=\"og:locale\" content=\"es_ES\" \/>\n<meta property=\"og:type\" content=\"article\" \/>\n<meta property=\"og:title\" content=\"Presidenta Claudia Sheinbaum y Gobernadora Delfina G\u00f3mez inauguran Tren Suburbano \u201cFelipe \u00c1ngeles\u201d Buenavista-AIFA - Proyecci\u00f3n Estado de M\u00e9xico\" \/>\n<meta property=\"og:description\" content=\"Presidenta Claudia Sheinbaum y Gobernadora Delfina G\u00f3mez inauguran Tren Suburbano \u201cFelipe \u00c1ngeles\u201d Buenavista-AIFA Con el objetivo de mejorar la movilidad de m\u00e1s de 82 mil pasajeros diariamente en la Zona Meteopolitana del Valle de M\u00e9xico, la Presidenta de M\u00e9xico, Claudia Sheinbaum Pardo y la Gobernadora del Estado de M\u00e9xico, Delfina G\u00f3mez \u00c1lvarez inauguraron el Tren [&hellip;]\" \/>\n<meta property=\"og:url\" content=\"https:\/\/proyeccionedomex.com.mx\/?p=12405\" \/>\n<meta property=\"og:site_name\" content=\"Proyecci\u00f3n Estado de M\u00e9xico\" \/>\n<meta property=\"article:publisher\" content=\"https:\/\/www.facebook.com\/PortaldeNoticiasProyeccionEdomex\" \/>\n<meta property=\"article:published_time\" content=\"2026-04-27T15:26:34+00:00\" \/>\n<meta property=\"article:modified_time\" content=\"2026-04-27T15:26:37+00:00\" \/>\n<meta property=\"og:image\" content=\"https:\/\/proyeccionedomex.com.mx\/wp-content\/uploads\/2026\/04\/image-60.jpeg\" \/>\n\t<meta property=\"og:image:width\" content=\"2048\" \/>\n\t<meta property=\"og:image:height\" content=\"1366\" \/>\n\t<meta property=\"og:image:type\" content=\"image\/jpeg\" \/>\n<meta name=\"author\" content=\"Redacci\u00f3n Proyecci\u00f3n EDOM\u00c9X\" \/>\n<meta name=\"twitter:card\" content=\"summary_large_image\" \/>\n<meta name=\"twitter:label1\" content=\"Escrito por\" \/>\n\t<meta name=\"twitter:data1\" content=\"Redacci\u00f3n Proyecci\u00f3n EDOM\u00c9X\" \/>\n\t<meta name=\"twitter:label2\" content=\"Tiempo de lectura\" \/>\n\t<meta name=\"twitter:data2\" content=\"3 minutos\" \/>\n<script type=\"application\/ld+json\" class=\"yoast-schema-graph\">{\"@context\":\"https:\\\/\\\/schema.org\",\"@graph\":[{\"@type\":\"Article\",\"@id\":\"https:\\\/\\\/proyeccionedomex.com.mx\\\/?p=12405#article\",\"isPartOf\":{\"@id\":\"https:\\\/\\\/proyeccionedomex.com.mx\\\/?p=12405\"},\"author\":{\"name\":\"Redacci\u00f3n Proyecci\u00f3n EDOM\u00c9X\",\"@id\":\"https:\\\/\\\/proyeccionedomex.com.mx\\\/#\\\/schema\\\/person\\\/2e66b5427bffed972a69e6b66b4e3a76\"},\"headline\":\"Presidenta Claudia Sheinbaum y Gobernadora Delfina G\u00f3mez inauguran Tren Suburbano \u201cFelipe \u00c1ngeles\u201d Buenavista-AIFA\",\"datePublished\":\"2026-04-27T15:26:34+00:00\",\"dateModified\":\"2026-04-27T15:26:37+00:00\",\"mainEntityOfPage\":{\"@id\":\"https:\\\/\\\/proyeccionedomex.com.mx\\\/?p=12405\"},\"wordCount\":544,\"commentCount\":0,\"publisher\":{\"@id\":\"https:\\\/\\\/proyeccionedomex.com.mx\\\/#organization\"},\"image\":{\"@id\":\"https:\\\/\\\/proyeccionedomex.com.mx\\\/?p=12405#primaryimage\"},\"thumbnailUrl\":\"https:\\\/\\\/proyeccionedomex.com.mx\\\/wp-content\\\/uploads\\\/2026\\\/04\\\/image-60.jpeg\",\"articleSection\":[\"Estatal\",\"Politica\"],\"inLanguage\":\"es\",\"potentialAction\":[{\"@type\":\"CommentAction\",\"name\":\"Comment\",\"target\":[\"https:\\\/\\\/proyeccionedomex.com.mx\\\/?p=12405#respond\"]}]},{\"@type\":\"WebPage\",\"@id\":\"https:\\\/\\\/proyeccionedomex.com.mx\\\/?p=12405\",\"url\":\"https:\\\/\\\/proyeccionedomex.com.mx\\\/?p=12405\",\"name\":\"Presidenta Claudia Sheinbaum y Gobernadora Delfina G\u00f3mez inauguran Tren Suburbano \u201cFelipe \u00c1ngeles\u201d Buenavista-AIFA - Proyecci\u00f3n Estado de M\u00e9xico\",\"isPartOf\":{\"@id\":\"https:\\\/\\\/proyeccionedomex.com.mx\\\/#website\"},\"primaryImageOfPage\":{\"@id\":\"https:\\\/\\\/proyeccionedomex.com.mx\\\/?p=12405#primaryimage\"},\"image\":{\"@id\":\"https:\\\/\\\/proyeccionedomex.com.mx\\\/?p=12405#primaryimage\"},\"thumbnailUrl\":\"https:\\\/\\\/proyeccionedomex.com.mx\\\/wp-content\\\/uploads\\\/2026\\\/04\\\/image-60.jpeg\",\"datePublished\":\"2026-04-27T15:26:34+00:00\",\"dateModified\":\"2026-04-27T15:26:37+00:00\",\"breadcrumb\":{\"@id\":\"https:\\\/\\\/proyeccionedomex.com.mx\\\/?p=12405#breadcrumb\"},\"inLanguage\":\"es\",\"potentialAction\":[{\"@type\":\"ReadAction\",\"target\":[\"https:\\\/\\\/proyeccionedomex.com.mx\\\/?p=12405\"]}]},{\"@type\":\"ImageObject\",\"inLanguage\":\"es\",\"@id\":\"https:\\\/\\\/proyeccionedomex.com.mx\\\/?p=12405#primaryimage\",\"url\":\"https:\\\/\\\/proyeccionedomex.com.mx\\\/wp-content\\\/uploads\\\/2026\\\/04\\\/image-60.jpeg\",\"contentUrl\":\"https:\\\/\\\/proyeccionedomex.com.mx\\\/wp-content\\\/uploads\\\/2026\\\/04\\\/image-60.jpeg\",\"width\":2048,\"height\":1366},{\"@type\":\"BreadcrumbList\",\"@id\":\"https:\\\/\\\/proyeccionedomex.com.mx\\\/?p=12405#breadcrumb\",\"itemListElement\":[{\"@type\":\"ListItem\",\"position\":1,\"name\":\"Portada\",\"item\":\"https:\\\/\\\/proyeccionedomex.com.mx\\\/\"},{\"@type\":\"ListItem\",\"position\":2,\"name\":\"Presidenta Claudia Sheinbaum y Gobernadora Delfina G\u00f3mez inauguran Tren Suburbano \u201cFelipe \u00c1ngeles\u201d Buenavista-AIFA\"}]},{\"@type\":\"WebSite\",\"@id\":\"https:\\\/\\\/proyeccionedomex.com.mx\\\/#website\",\"url\":\"https:\\\/\\\/proyeccionedomex.com.mx\\\/\",\"name\":\"Proyecci\u00f3n Estado de M\u00e9xico\",\"description\":\"Proyecci\u00f3n Edo. Mex.\",\"publisher\":{\"@id\":\"https:\\\/\\\/proyeccionedomex.com.mx\\\/#organization\"},\"potentialAction\":[{\"@type\":\"SearchAction\",\"target\":{\"@type\":\"EntryPoint\",\"urlTemplate\":\"https:\\\/\\\/proyeccionedomex.com.mx\\\/?s={search_term_string}\"},\"query-input\":{\"@type\":\"PropertyValueSpecification\",\"valueRequired\":true,\"valueName\":\"search_term_string\"}}],\"inLanguage\":\"es\"},{\"@type\":\"Organization\",\"@id\":\"https:\\\/\\\/proyeccionedomex.com.mx\\\/#organization\",\"name\":\"Proyecci\u00f3n Estado de M\u00e9xico\",\"url\":\"https:\\\/\\\/proyeccionedomex.com.mx\\\/\",\"logo\":{\"@type\":\"ImageObject\",\"inLanguage\":\"es\",\"@id\":\"https:\\\/\\\/proyeccionedomex.com.mx\\\/#\\\/schema\\\/logo\\\/image\\\/\",\"url\":\"https:\\\/\\\/proyeccionedomex.com.mx\\\/wp-content\\\/uploads\\\/2024\\\/03\\\/proyeccion.jpg\",\"contentUrl\":\"https:\\\/\\\/proyeccionedomex.com.mx\\\/wp-content\\\/uploads\\\/2024\\\/03\\\/proyeccion.jpg\",\"width\":1143,\"height\":801,\"caption\":\"Proyecci\u00f3n Estado de M\u00e9xico\"},\"image\":{\"@id\":\"https:\\\/\\\/proyeccionedomex.com.mx\\\/#\\\/schema\\\/logo\\\/image\\\/\"},\"sameAs\":[\"https:\\\/\\\/www.facebook.com\\\/PortaldeNoticiasProyeccionEdomex\"]},{\"@type\":\"Person\",\"@id\":\"https:\\\/\\\/proyeccionedomex.com.mx\\\/#\\\/schema\\\/person\\\/2e66b5427bffed972a69e6b66b4e3a76\",\"name\":\"Redacci\u00f3n Proyecci\u00f3n EDOM\u00c9X\",\"image\":{\"@type\":\"ImageObject\",\"inLanguage\":\"es\",\"@id\":\"https:\\\/\\\/secure.gravatar.com\\\/avatar\\\/f43a2254d614198c44c96f86f1f078a06cac3d39a3250e9245aa331797519cab?s=96&d=mm&r=g\",\"url\":\"https:\\\/\\\/secure.gravatar.com\\\/avatar\\\/f43a2254d614198c44c96f86f1f078a06cac3d39a3250e9245aa331797519cab?s=96&d=mm&r=g\",\"contentUrl\":\"https:\\\/\\\/secure.gravatar.com\\\/avatar\\\/f43a2254d614198c44c96f86f1f078a06cac3d39a3250e9245aa331797519cab?s=96&d=mm&r=g\",\"caption\":\"Redacci\u00f3n Proyecci\u00f3n EDOM\u00c9X\"},\"sameAs\":[\"https:\\\/\\\/proyeccionedomex.com.mx\"],\"url\":\"https:\\\/\\\/proyeccionedomex.com.mx\\\/?author=1\"}]}<\/script>\n<!-- \/ Yoast SEO plugin. -->","yoast_head_json":{"title":"Presidenta Claudia Sheinbaum y Gobernadora Delfina G\u00f3mez inauguran Tren Suburbano \u201cFelipe \u00c1ngeles\u201d Buenavista-AIFA - Proyecci\u00f3n Estado de M\u00e9xico","robots":{"index":"index","follow":"follow","max-snippet":"max-snippet:-1","max-image-preview":"max-image-preview:large","max-video-preview":"max-video-preview:-1"},"canonical":"https:\/\/proyeccionedomex.com.mx\/?p=12405","og_locale":"es_ES","og_type":"article","og_title":"Presidenta Claudia Sheinbaum y Gobernadora Delfina G\u00f3mez inauguran Tren Suburbano \u201cFelipe \u00c1ngeles\u201d Buenavista-AIFA - Proyecci\u00f3n Estado de M\u00e9xico","og_description":"Presidenta Claudia Sheinbaum y Gobernadora Delfina G\u00f3mez inauguran Tren Suburbano \u201cFelipe \u00c1ngeles\u201d Buenavista-AIFA Con el objetivo de mejorar la movilidad de m\u00e1s de 82 mil pasajeros diariamente en la Zona Meteopolitana del Valle de M\u00e9xico, la Presidenta de M\u00e9xico, Claudia Sheinbaum Pardo y la Gobernadora del Estado de M\u00e9xico, Delfina G\u00f3mez \u00c1lvarez inauguraron el Tren [&hellip;]","og_url":"https:\/\/proyeccionedomex.com.mx\/?p=12405","og_site_name":"Proyecci\u00f3n Estado de M\u00e9xico","article_publisher":"https:\/\/www.facebook.com\/PortaldeNoticiasProyeccionEdomex","article_published_time":"2026-04-27T15:26:34+00:00","article_modified_time":"2026-04-27T15:26:37+00:00","og_image":[{"width":2048,"height":1366,"url":"https:\/\/proyeccionedomex.com.mx\/wp-content\/uploads\/2026\/04\/image-60.jpeg","type":"image\/jpeg"}],"author":"Redacci\u00f3n Proyecci\u00f3n EDOM\u00c9X","twitter_card":"summary_large_image","twitter_misc":{"Escrito por":"Redacci\u00f3n Proyecci\u00f3n EDOM\u00c9X","Tiempo de lectura":"3 minutos"},"schema":{"@context":"https:\/\/schema.org","@graph":[{"@type":"Article","@id":"https:\/\/proyeccionedomex.com.mx\/?p=12405#article","isPartOf":{"@id":"https:\/\/proyeccionedomex.com.mx\/?p=12405"},"author":{"name":"Redacci\u00f3n Proyecci\u00f3n EDOM\u00c9X","@id":"https:\/\/proyeccionedomex.com.mx\/#\/schema\/person\/2e66b5427bffed972a69e6b66b4e3a76"},"headline":"Presidenta Claudia Sheinbaum y Gobernadora Delfina G\u00f3mez inauguran Tren Suburbano \u201cFelipe \u00c1ngeles\u201d Buenavista-AIFA","datePublished":"2026-04-27T15:26:34+00:00","dateModified":"2026-04-27T15:26:37+00:00","mainEntityOfPage":{"@id":"https:\/\/proyeccionedomex.com.mx\/?p=12405"},"wordCount":544,"commentCount":0,"publisher":{"@id":"https:\/\/proyeccionedomex.com.mx\/#organization"},"image":{"@id":"https:\/\/proyeccionedomex.com.mx\/?p=12405#primaryimage"},"thumbnailUrl":"https:\/\/proyeccionedomex.com.mx\/wp-content\/uploads\/2026\/04\/image-60.jpeg","articleSection":["Estatal","Politica"],"inLanguage":"es","potentialAction":[{"@type":"CommentAction","name":"Comment","target":["https:\/\/proyeccionedomex.com.mx\/?p=12405#respond"]}]},{"@type":"WebPage","@id":"https:\/\/proyeccionedomex.com.mx\/?p=12405","url":"https:\/\/proyeccionedomex.com.mx\/?p=12405","name":"Presidenta Claudia Sheinbaum y Gobernadora Delfina G\u00f3mez inauguran Tren Suburbano \u201cFelipe \u00c1ngeles\u201d Buenavista-AIFA - Proyecci\u00f3n Estado de M\u00e9xico","isPartOf":{"@id":"https:\/\/proyeccionedomex.com.mx\/#website"},"primaryImageOfPage":{"@id":"https:\/\/proyeccionedomex.com.mx\/?p=12405#primaryimage"},"image":{"@id":"https:\/\/proyeccionedomex.com.mx\/?p=12405#primaryimage"},"thumbnailUrl":"https:\/\/proyeccionedomex.com.mx\/wp-content\/uploads\/2026\/04\/image-60.jpeg","datePublished":"2026-04-27T15:26:34+00:00","dateModified":"2026-04-27T15:26:37+00:00","breadcrumb":{"@id":"https:\/\/proyeccionedomex.com.mx\/?p=12405#breadcrumb"},"inLanguage":"es","potentialAction":[{"@type":"ReadAction","target":["https:\/\/proyeccionedomex.com.mx\/?p=12405"]}]},{"@type":"ImageObject","inLanguage":"es","@id":"https:\/\/proyeccionedomex.com.mx\/?p=12405#primaryimage","url":"https:\/\/proyeccionedomex.com.mx\/wp-content\/uploads\/2026\/04\/image-60.jpeg","contentUrl":"https:\/\/proyeccionedomex.com.mx\/wp-content\/uploads\/2026\/04\/image-60.jpeg","width":2048,"height":1366},{"@type":"BreadcrumbList","@id":"https:\/\/proyeccionedomex.com.mx\/?p=12405#breadcrumb","itemListElement":[{"@type":"ListItem","position":1,"name":"Portada","item":"https:\/\/proyeccionedomex.com.mx\/"},{"@type":"ListItem","position":2,"name":"Presidenta Claudia Sheinbaum y Gobernadora Delfina G\u00f3mez inauguran Tren Suburbano \u201cFelipe \u00c1ngeles\u201d Buenavista-AIFA"}]},{"@type":"WebSite","@id":"https:\/\/proyeccionedomex.com.mx\/#website","url":"https:\/\/proyeccionedomex.com.mx\/","name":"Proyecci\u00f3n Estado de M\u00e9xico","description":"Proyecci\u00f3n Edo. Mex.","publisher":{"@id":"https:\/\/proyeccionedomex.com.mx\/#organization"},"potentialAction":[{"@type":"SearchAction","target":{"@type":"EntryPoint","urlTemplate":"https:\/\/proyeccionedomex.com.mx\/?s={search_term_string}"},"query-input":{"@type":"PropertyValueSpecification","valueRequired":true,"valueName":"search_term_string"}}],"inLanguage":"es"},{"@type":"Organization","@id":"https:\/\/proyeccionedomex.com.mx\/#organization","name":"Proyecci\u00f3n Estado de M\u00e9xico","url":"https:\/\/proyeccionedomex.com.mx\/","logo":{"@type":"ImageObject","inLanguage":"es","@id":"https:\/\/proyeccionedomex.com.mx\/#\/schema\/logo\/image\/","url":"https:\/\/proyeccionedomex.com.mx\/wp-content\/uploads\/2024\/03\/proyeccion.jpg","contentUrl":"https:\/\/proyeccionedomex.com.mx\/wp-content\/uploads\/2024\/03\/proyeccion.jpg","width":1143,"height":801,"caption":"Proyecci\u00f3n Estado de M\u00e9xico"},"image":{"@id":"https:\/\/proyeccionedomex.com.mx\/#\/schema\/logo\/image\/"},"sameAs":["https:\/\/www.facebook.com\/PortaldeNoticiasProyeccionEdomex"]},{"@type":"Person","@id":"https:\/\/proyeccionedomex.com.mx\/#\/schema\/person\/2e66b5427bffed972a69e6b66b4e3a76","name":"Redacci\u00f3n Proyecci\u00f3n EDOM\u00c9X","image":{"@type":"ImageObject","inLanguage":"es","@id":"https:\/\/secure.gravatar.com\/avatar\/f43a2254d614198c44c96f86f1f078a06cac3d39a3250e9245aa331797519cab?s=96&d=mm&r=g","url":"https:\/\/secure.gravatar.com\/avatar\/f43a2254d614198c44c96f86f1f078a06cac3d39a3250e9245aa331797519cab?s=96&d=mm&r=g","contentUrl":"https:\/\/secure.gravatar.com\/avatar\/f43a2254d614198c44c96f86f1f078a06cac3d39a3250e9245aa331797519cab?s=96&d=mm&r=g","caption":"Redacci\u00f3n Proyecci\u00f3n EDOM\u00c9X"},"sameAs":["https:\/\/proyeccionedomex.com.mx"],"url":"https:\/\/proyeccionedomex.com.mx\/?author=1"}]}},"_links":{"self":[{"href":"https:\/\/proyeccionedomex.com.mx\/index.php?rest_route=\/wp\/v2\/posts\/12405","targetHints":{"allow":["GET"]}}],"collection":[{"href":"https:\/\/proyeccionedomex.com.mx\/index.php?rest_route=\/wp\/v2\/posts"}],"about":[{"href":"https:\/\/proyeccionedomex.com.mx\/index.php?rest_route=\/wp\/v2\/types\/post"}],"author":[{"embeddable":true,"href":"https:\/\/proyeccionedomex.com.mx\/index.php?rest_route=\/wp\/v2\/users\/1"}],"replies":[{"embeddable":true,"href":"https:\/\/proyeccionedomex.com.mx\/index.php?rest_route=%2Fwp%2Fv2%2Fcomments&post=12405"}],"version-history":[{"count":1,"href":"https:\/\/proyeccionedomex.com.mx\/index.php?rest_route=\/wp\/v2\/posts\/12405\/revisions"}],"predecessor-version":[{"id":12407,"href":"https:\/\/proyeccionedomex.com.mx\/index.php?rest_route=\/wp\/v2\/posts\/12405\/revisions\/12407"}],"wp:featuredmedia":[{"embeddable":true,"href":"https:\/\/proyeccionedomex.com.mx\/index.php?rest_route=\/wp\/v2\/media\/12406"}],"wp:attachment":[{"href":"https:\/\/proyeccionedomex.com.mx\/index.php?rest_route=%2Fwp%2Fv2%2Fmedia&parent=12405"}],"wp:term":[{"taxonomy":"category","embeddable":true,"href":"https:\/\/proyeccionedomex.com.mx\/index.php?rest_route=%2Fwp%2Fv2%2Fcategories&post=12405"},{"taxonomy":"post_tag","embeddable":true,"href":"https:\/\/proyeccionedomex.com.mx\/index.php?rest_route=%2Fwp%2Fv2%2Ftags&post=12405"}],"curies":[{"name":"wp","href":"https:\/\/api.w.org\/{rel}","templated":true}]}}