{"id":12417,"date":"2026-04-27T15:31:18","date_gmt":"2026-04-27T15:31:18","guid":{"rendered":"https:\/\/proyeccionedomex.com.mx\/?p=12417"},"modified":"2026-04-27T15:31:22","modified_gmt":"2026-04-27T15:31:22","slug":"gobernadora-delfina-gomez-respalda-agenda-de-derechos-para-mujeres-con-el-colectivo-501-en-el-edomex","status":"publish","type":"post","link":"https:\/\/proyeccionedomex.com.mx\/?p=12417","title":{"rendered":"Gobernadora Delfina G\u00f3mez respalda agenda de derechos para mujeres con el Colectivo 50+1 en el EdoM\u00e9x"},"content":{"rendered":"\n<figure class=\"wp-block-image size-large td-caption-align-https:\/\/proyeccionedomex.com.mx\/wp-content\/uploads\/2026\/04\/image-64.jpeg\"><img loading=\"lazy\" decoding=\"async\" width=\"1024\" height=\"683\" src=\"https:\/\/proyeccionedomex.com.mx\/wp-content\/uploads\/2026\/04\/image-64-1024x683.jpeg\" alt=\"\" class=\"wp-image-12418\" srcset=\"https:\/\/proyeccionedomex.com.mx\/wp-content\/uploads\/2026\/04\/image-64-1024x683.jpeg 1024w, https:\/\/proyeccionedomex.com.mx\/wp-content\/uploads\/2026\/04\/image-64-300x200.jpeg 300w, https:\/\/proyeccionedomex.com.mx\/wp-content\/uploads\/2026\/04\/image-64-768x512.jpeg 768w, https:\/\/proyeccionedomex.com.mx\/wp-content\/uploads\/2026\/04\/image-64-1536x1025.jpeg 1536w, https:\/\/proyeccionedomex.com.mx\/wp-content\/uploads\/2026\/04\/image-64-696x464.jpeg 696w, https:\/\/proyeccionedomex.com.mx\/wp-content\/uploads\/2026\/04\/image-64-1068x712.jpeg 1068w, https:\/\/proyeccionedomex.com.mx\/wp-content\/uploads\/2026\/04\/image-64-630x420.jpeg 630w, https:\/\/proyeccionedomex.com.mx\/wp-content\/uploads\/2026\/04\/image-64.jpeg 2048w\" sizes=\"auto, (max-width: 1024px) 100vw, 1024px\" \/><\/figure>\n\n\n\n<p>Gobernadora Delfina G\u00f3mez respalda agenda de derechos para mujeres con el Colectivo 50+1 en el EdoM\u00e9x<\/p>\n\n\n\n<p>La Gobernadora Delfina G\u00f3mez \u00c1lvarez acudi\u00f3 como invitada de honor a la toma de protesta de las nuevas integrantes del Comit\u00e9 Directivo del Colectivo 50+1, cap\u00edtulo Estado de M\u00e9xico, conformado por mujeres destacadas en diversos \u00e1mbitos de la vida p\u00fablica: pol\u00edticas, empresarias, magistradas, juzgadoras, acad\u00e9micas, activistas y profesionistas, quienes con su experiencia y trayectoria abren camino para las siguientes generaciones en favor de la paridad de g\u00e9nero.<\/p>\n\n\n\n<p>\u201cGracias por tener presente que, para la transformaci\u00f3n social, los cambios deben ser colectivos y desde el territorio, generando alianzas y sumando voluntades, sin soslayar que puede haber diferencias, pero que estas son una fortaleza cuando se dirigen a un objetivo com\u00fan; el bienestar de las mujeres\u201d, expres\u00f3 la Gobernadora Delfina G\u00f3mez \u00c1lvarez.<\/p>\n\n\n\n<p>En el Congreso local, tras tomar protesta a las integrantes, felicit\u00f3 a la diputada federal por el Distrito 34 Toluca, M\u00f3nica \u00c1lvarez Nemer, nueva presidenta del Colectivo en la entidad, cargo que -asegur\u00f3- representa una oportunidad para continuar la construcci\u00f3n de una sociedad m\u00e1s justa e igualitaria, y fortalecer la transformaci\u00f3n que impulsan de forma coordinada los tres poderes de gobierno en favor de las mexiquenses.<\/p>\n\n\n\n<p>\u201cAqu\u00ed en el Estado estamos trabajando en programas, obras y acciones en educaci\u00f3n, movilidad, infraestructura urbana, seguridad, salud, bienestar y vivienda, entre otros. Adem\u00e1s de transformar el marco jur\u00eddico para garantizar los derechos de las mujeres mexiquenses\u201d, inform\u00f3 la mandataria estatal.<\/p>\n\n\n\n<p>En este sentido, destac\u00f3 las modificaciones a la Ley de Acceso de las Mujeres a una Vida Libre de Violencia y al C\u00f3digo Civil, que reconocen la violencia vicaria para proteger a las mujeres y a sus hijos, as\u00ed como la violencia digital, esta \u00faltima con base en la \u201cLey Olimpia\u201d.<\/p>\n\n\n\n<p>Adem\u00e1s, record\u00f3 la reforma a la Constituci\u00f3n estatal para impulsar el Juzgado LIBRE, en coordinaci\u00f3n con la Comisi\u00f3n de Derechos Humanos del Estado de M\u00e9xico (CODHEM), a fin de emitir medidas de protecci\u00f3n urgentes; as\u00ed como la firma del Compromiso por la Igualdad con los 125 municipios.<\/p>\n\n\n\n<p>\u00c1lvarez Nemer afirm\u00f3 que su trabajo se realizar\u00e1 con honorabilidad y dignidad por una vida igualitaria en el pa\u00eds y para salvaguardar los derechos sociales de todas y todos, acorde con la Agenda 2030, con la convicci\u00f3n de caminar juntas en tiempo de mujeres, con la primera Presidenta de M\u00e9xico, la Doctora Claudia Sheinbaum Pardo, y la primera Gobernadora mexiquense, Delfina G\u00f3mez \u00c1lvarez.<\/p>\n\n\n\n<p>Asistieron al evento Mar\u00eda Elena Orantes L\u00f3pez, presidenta de 50+1 Internacional; Martha Azucena Camacho Reynoso, presidenta de la Mesa Directiva de la Sexag\u00e9sima Segunda Legislatura estatal; Ana Lilia Herrera Anzaldo, presidenta saliente de 50+1 cap\u00edtulo Estado de M\u00e9xico; Gabriela Georgina Jim\u00e9nez Godoy, representante del Poder Legislativo federal y fundadora de 50+1; Diva Gast\u00e9lum Bajo, vicepresidenta de 50+1 M\u00e9xico; y Claudia Trujillo Rinc\u00f3n, secretaria t\u00e9cnica de 50+1 Internacional; as\u00ed como integrantes del gabinete estatal, del Congreso federal y estatal, e invitadas especiales.<\/p>\n","protected":false},"excerpt":{"rendered":"<p>Gobernadora Delfina G\u00f3mez respalda agenda de derechos para mujeres con el Colectivo 50+1 en el EdoM\u00e9x La Gobernadora Delfina G\u00f3mez \u00c1lvarez acudi\u00f3 como invitada de honor a la toma de protesta de las nuevas integrantes del Comit\u00e9 Directivo del Colectivo 50+1, cap\u00edtulo Estado de M\u00e9xico, conformado por mujeres destacadas en diversos \u00e1mbitos de la vida [&hellip;]<\/p>\n","protected":false},"author":1,"featured_media":12418,"comment_status":"open","ping_status":"closed","sticky":false,"template":"","format":"standard","meta":{"footnotes":""},"categories":[163,1],"tags":[],"class_list":{"0":"post-12417","1":"post","2":"type-post","3":"status-publish","4":"format-standard","5":"has-post-thumbnail","7":"category-estatal","8":"category-politica"},"yoast_head":"<!-- This site is optimized with the Yoast SEO plugin v27.5 - https:\/\/yoast.com\/product\/yoast-seo-wordpress\/ -->\n<title>Gobernadora Delfina G\u00f3mez respalda agenda de derechos para mujeres con el Colectivo 50+1 en el EdoM\u00e9x - Proyecci\u00f3n Estado de M\u00e9xico<\/title>\n<meta name=\"robots\" content=\"index, follow, max-snippet:-1, max-image-preview:large, max-video-preview:-1\" \/>\n<link rel=\"canonical\" href=\"https:\/\/proyeccionedomex.com.mx\/?p=12417\" \/>\n<meta property=\"og:locale\" content=\"es_ES\" \/>\n<meta property=\"og:type\" content=\"article\" \/>\n<meta property=\"og:title\" content=\"Gobernadora Delfina G\u00f3mez respalda agenda de derechos para mujeres con el Colectivo 50+1 en el EdoM\u00e9x - Proyecci\u00f3n Estado de M\u00e9xico\" \/>\n<meta property=\"og:description\" content=\"Gobernadora Delfina G\u00f3mez respalda agenda de derechos para mujeres con el Colectivo 50+1 en el EdoM\u00e9x La Gobernadora Delfina G\u00f3mez \u00c1lvarez acudi\u00f3 como invitada de honor a la toma de protesta de las nuevas integrantes del Comit\u00e9 Directivo del Colectivo 50+1, cap\u00edtulo Estado de M\u00e9xico, conformado por mujeres destacadas en diversos \u00e1mbitos de la vida [&hellip;]\" \/>\n<meta property=\"og:url\" content=\"https:\/\/proyeccionedomex.com.mx\/?p=12417\" \/>\n<meta property=\"og:site_name\" content=\"Proyecci\u00f3n Estado de M\u00e9xico\" \/>\n<meta property=\"article:publisher\" content=\"https:\/\/www.facebook.com\/PortaldeNoticiasProyeccionEdomex\" \/>\n<meta property=\"article:published_time\" content=\"2026-04-27T15:31:18+00:00\" \/>\n<meta property=\"article:modified_time\" content=\"2026-04-27T15:31:22+00:00\" \/>\n<meta property=\"og:image\" content=\"https:\/\/proyeccionedomex.com.mx\/wp-content\/uploads\/2026\/04\/image-64.jpeg\" \/>\n\t<meta property=\"og:image:width\" content=\"2048\" \/>\n\t<meta property=\"og:image:height\" content=\"1366\" \/>\n\t<meta property=\"og:image:type\" content=\"image\/jpeg\" \/>\n<meta name=\"author\" content=\"Redacci\u00f3n Proyecci\u00f3n EDOM\u00c9X\" \/>\n<meta name=\"twitter:card\" content=\"summary_large_image\" \/>\n<meta name=\"twitter:label1\" content=\"Escrito por\" \/>\n\t<meta name=\"twitter:data1\" content=\"Redacci\u00f3n Proyecci\u00f3n EDOM\u00c9X\" \/>\n\t<meta name=\"twitter:label2\" content=\"Tiempo de lectura\" \/>\n\t<meta name=\"twitter:data2\" content=\"3 minutos\" \/>\n<script type=\"application\/ld+json\" class=\"yoast-schema-graph\">{\"@context\":\"https:\\\/\\\/schema.org\",\"@graph\":[{\"@type\":\"Article\",\"@id\":\"https:\\\/\\\/proyeccionedomex.com.mx\\\/?p=12417#article\",\"isPartOf\":{\"@id\":\"https:\\\/\\\/proyeccionedomex.com.mx\\\/?p=12417\"},\"author\":{\"name\":\"Redacci\u00f3n Proyecci\u00f3n EDOM\u00c9X\",\"@id\":\"https:\\\/\\\/proyeccionedomex.com.mx\\\/#\\\/schema\\\/person\\\/2e66b5427bffed972a69e6b66b4e3a76\"},\"headline\":\"Gobernadora Delfina G\u00f3mez respalda agenda de derechos para mujeres con el Colectivo 50+1 en el EdoM\u00e9x\",\"datePublished\":\"2026-04-27T15:31:18+00:00\",\"dateModified\":\"2026-04-27T15:31:22+00:00\",\"mainEntityOfPage\":{\"@id\":\"https:\\\/\\\/proyeccionedomex.com.mx\\\/?p=12417\"},\"wordCount\":533,\"commentCount\":0,\"publisher\":{\"@id\":\"https:\\\/\\\/proyeccionedomex.com.mx\\\/#organization\"},\"image\":{\"@id\":\"https:\\\/\\\/proyeccionedomex.com.mx\\\/?p=12417#primaryimage\"},\"thumbnailUrl\":\"https:\\\/\\\/proyeccionedomex.com.mx\\\/wp-content\\\/uploads\\\/2026\\\/04\\\/image-64.jpeg\",\"articleSection\":[\"Estatal\",\"Politica\"],\"inLanguage\":\"es\",\"potentialAction\":[{\"@type\":\"CommentAction\",\"name\":\"Comment\",\"target\":[\"https:\\\/\\\/proyeccionedomex.com.mx\\\/?p=12417#respond\"]}]},{\"@type\":\"WebPage\",\"@id\":\"https:\\\/\\\/proyeccionedomex.com.mx\\\/?p=12417\",\"url\":\"https:\\\/\\\/proyeccionedomex.com.mx\\\/?p=12417\",\"name\":\"Gobernadora Delfina G\u00f3mez respalda agenda de derechos para mujeres con el Colectivo 50+1 en el EdoM\u00e9x - Proyecci\u00f3n Estado de M\u00e9xico\",\"isPartOf\":{\"@id\":\"https:\\\/\\\/proyeccionedomex.com.mx\\\/#website\"},\"primaryImageOfPage\":{\"@id\":\"https:\\\/\\\/proyeccionedomex.com.mx\\\/?p=12417#primaryimage\"},\"image\":{\"@id\":\"https:\\\/\\\/proyeccionedomex.com.mx\\\/?p=12417#primaryimage\"},\"thumbnailUrl\":\"https:\\\/\\\/proyeccionedomex.com.mx\\\/wp-content\\\/uploads\\\/2026\\\/04\\\/image-64.jpeg\",\"datePublished\":\"2026-04-27T15:31:18+00:00\",\"dateModified\":\"2026-04-27T15:31:22+00:00\",\"breadcrumb\":{\"@id\":\"https:\\\/\\\/proyeccionedomex.com.mx\\\/?p=12417#breadcrumb\"},\"inLanguage\":\"es\",\"potentialAction\":[{\"@type\":\"ReadAction\",\"target\":[\"https:\\\/\\\/proyeccionedomex.com.mx\\\/?p=12417\"]}]},{\"@type\":\"ImageObject\",\"inLanguage\":\"es\",\"@id\":\"https:\\\/\\\/proyeccionedomex.com.mx\\\/?p=12417#primaryimage\",\"url\":\"https:\\\/\\\/proyeccionedomex.com.mx\\\/wp-content\\\/uploads\\\/2026\\\/04\\\/image-64.jpeg\",\"contentUrl\":\"https:\\\/\\\/proyeccionedomex.com.mx\\\/wp-content\\\/uploads\\\/2026\\\/04\\\/image-64.jpeg\",\"width\":2048,\"height\":1366},{\"@type\":\"BreadcrumbList\",\"@id\":\"https:\\\/\\\/proyeccionedomex.com.mx\\\/?p=12417#breadcrumb\",\"itemListElement\":[{\"@type\":\"ListItem\",\"position\":1,\"name\":\"Portada\",\"item\":\"https:\\\/\\\/proyeccionedomex.com.mx\\\/\"},{\"@type\":\"ListItem\",\"position\":2,\"name\":\"Gobernadora Delfina G\u00f3mez respalda agenda de derechos para mujeres con el Colectivo 50+1 en el EdoM\u00e9x\"}]},{\"@type\":\"WebSite\",\"@id\":\"https:\\\/\\\/proyeccionedomex.com.mx\\\/#website\",\"url\":\"https:\\\/\\\/proyeccionedomex.com.mx\\\/\",\"name\":\"Proyecci\u00f3n Estado de M\u00e9xico\",\"description\":\"Proyecci\u00f3n Edo. Mex.\",\"publisher\":{\"@id\":\"https:\\\/\\\/proyeccionedomex.com.mx\\\/#organization\"},\"potentialAction\":[{\"@type\":\"SearchAction\",\"target\":{\"@type\":\"EntryPoint\",\"urlTemplate\":\"https:\\\/\\\/proyeccionedomex.com.mx\\\/?s={search_term_string}\"},\"query-input\":{\"@type\":\"PropertyValueSpecification\",\"valueRequired\":true,\"valueName\":\"search_term_string\"}}],\"inLanguage\":\"es\"},{\"@type\":\"Organization\",\"@id\":\"https:\\\/\\\/proyeccionedomex.com.mx\\\/#organization\",\"name\":\"Proyecci\u00f3n Estado de M\u00e9xico\",\"url\":\"https:\\\/\\\/proyeccionedomex.com.mx\\\/\",\"logo\":{\"@type\":\"ImageObject\",\"inLanguage\":\"es\",\"@id\":\"https:\\\/\\\/proyeccionedomex.com.mx\\\/#\\\/schema\\\/logo\\\/image\\\/\",\"url\":\"https:\\\/\\\/proyeccionedomex.com.mx\\\/wp-content\\\/uploads\\\/2024\\\/03\\\/proyeccion.jpg\",\"contentUrl\":\"https:\\\/\\\/proyeccionedomex.com.mx\\\/wp-content\\\/uploads\\\/2024\\\/03\\\/proyeccion.jpg\",\"width\":1143,\"height\":801,\"caption\":\"Proyecci\u00f3n Estado de M\u00e9xico\"},\"image\":{\"@id\":\"https:\\\/\\\/proyeccionedomex.com.mx\\\/#\\\/schema\\\/logo\\\/image\\\/\"},\"sameAs\":[\"https:\\\/\\\/www.facebook.com\\\/PortaldeNoticiasProyeccionEdomex\"]},{\"@type\":\"Person\",\"@id\":\"https:\\\/\\\/proyeccionedomex.com.mx\\\/#\\\/schema\\\/person\\\/2e66b5427bffed972a69e6b66b4e3a76\",\"name\":\"Redacci\u00f3n Proyecci\u00f3n EDOM\u00c9X\",\"image\":{\"@type\":\"ImageObject\",\"inLanguage\":\"es\",\"@id\":\"https:\\\/\\\/secure.gravatar.com\\\/avatar\\\/f43a2254d614198c44c96f86f1f078a06cac3d39a3250e9245aa331797519cab?s=96&d=mm&r=g\",\"url\":\"https:\\\/\\\/secure.gravatar.com\\\/avatar\\\/f43a2254d614198c44c96f86f1f078a06cac3d39a3250e9245aa331797519cab?s=96&d=mm&r=g\",\"contentUrl\":\"https:\\\/\\\/secure.gravatar.com\\\/avatar\\\/f43a2254d614198c44c96f86f1f078a06cac3d39a3250e9245aa331797519cab?s=96&d=mm&r=g\",\"caption\":\"Redacci\u00f3n Proyecci\u00f3n EDOM\u00c9X\"},\"sameAs\":[\"https:\\\/\\\/proyeccionedomex.com.mx\"],\"url\":\"https:\\\/\\\/proyeccionedomex.com.mx\\\/?author=1\"}]}<\/script>\n<!-- \/ Yoast SEO plugin. -->","yoast_head_json":{"title":"Gobernadora Delfina G\u00f3mez respalda agenda de derechos para mujeres con el Colectivo 50+1 en el EdoM\u00e9x - Proyecci\u00f3n Estado de M\u00e9xico","robots":{"index":"index","follow":"follow","max-snippet":"max-snippet:-1","max-image-preview":"max-image-preview:large","max-video-preview":"max-video-preview:-1"},"canonical":"https:\/\/proyeccionedomex.com.mx\/?p=12417","og_locale":"es_ES","og_type":"article","og_title":"Gobernadora Delfina G\u00f3mez respalda agenda de derechos para mujeres con el Colectivo 50+1 en el EdoM\u00e9x - Proyecci\u00f3n Estado de M\u00e9xico","og_description":"Gobernadora Delfina G\u00f3mez respalda agenda de derechos para mujeres con el Colectivo 50+1 en el EdoM\u00e9x La Gobernadora Delfina G\u00f3mez \u00c1lvarez acudi\u00f3 como invitada de honor a la toma de protesta de las nuevas integrantes del Comit\u00e9 Directivo del Colectivo 50+1, cap\u00edtulo Estado de M\u00e9xico, conformado por mujeres destacadas en diversos \u00e1mbitos de la vida [&hellip;]","og_url":"https:\/\/proyeccionedomex.com.mx\/?p=12417","og_site_name":"Proyecci\u00f3n Estado de M\u00e9xico","article_publisher":"https:\/\/www.facebook.com\/PortaldeNoticiasProyeccionEdomex","article_published_time":"2026-04-27T15:31:18+00:00","article_modified_time":"2026-04-27T15:31:22+00:00","og_image":[{"width":2048,"height":1366,"url":"https:\/\/proyeccionedomex.com.mx\/wp-content\/uploads\/2026\/04\/image-64.jpeg","type":"image\/jpeg"}],"author":"Redacci\u00f3n Proyecci\u00f3n EDOM\u00c9X","twitter_card":"summary_large_image","twitter_misc":{"Escrito por":"Redacci\u00f3n Proyecci\u00f3n EDOM\u00c9X","Tiempo de lectura":"3 minutos"},"schema":{"@context":"https:\/\/schema.org","@graph":[{"@type":"Article","@id":"https:\/\/proyeccionedomex.com.mx\/?p=12417#article","isPartOf":{"@id":"https:\/\/proyeccionedomex.com.mx\/?p=12417"},"author":{"name":"Redacci\u00f3n Proyecci\u00f3n EDOM\u00c9X","@id":"https:\/\/proyeccionedomex.com.mx\/#\/schema\/person\/2e66b5427bffed972a69e6b66b4e3a76"},"headline":"Gobernadora Delfina G\u00f3mez respalda agenda de derechos para mujeres con el Colectivo 50+1 en el EdoM\u00e9x","datePublished":"2026-04-27T15:31:18+00:00","dateModified":"2026-04-27T15:31:22+00:00","mainEntityOfPage":{"@id":"https:\/\/proyeccionedomex.com.mx\/?p=12417"},"wordCount":533,"commentCount":0,"publisher":{"@id":"https:\/\/proyeccionedomex.com.mx\/#organization"},"image":{"@id":"https:\/\/proyeccionedomex.com.mx\/?p=12417#primaryimage"},"thumbnailUrl":"https:\/\/proyeccionedomex.com.mx\/wp-content\/uploads\/2026\/04\/image-64.jpeg","articleSection":["Estatal","Politica"],"inLanguage":"es","potentialAction":[{"@type":"CommentAction","name":"Comment","target":["https:\/\/proyeccionedomex.com.mx\/?p=12417#respond"]}]},{"@type":"WebPage","@id":"https:\/\/proyeccionedomex.com.mx\/?p=12417","url":"https:\/\/proyeccionedomex.com.mx\/?p=12417","name":"Gobernadora Delfina G\u00f3mez respalda agenda de derechos para mujeres con el Colectivo 50+1 en el EdoM\u00e9x - Proyecci\u00f3n Estado de M\u00e9xico","isPartOf":{"@id":"https:\/\/proyeccionedomex.com.mx\/#website"},"primaryImageOfPage":{"@id":"https:\/\/proyeccionedomex.com.mx\/?p=12417#primaryimage"},"image":{"@id":"https:\/\/proyeccionedomex.com.mx\/?p=12417#primaryimage"},"thumbnailUrl":"https:\/\/proyeccionedomex.com.mx\/wp-content\/uploads\/2026\/04\/image-64.jpeg","datePublished":"2026-04-27T15:31:18+00:00","dateModified":"2026-04-27T15:31:22+00:00","breadcrumb":{"@id":"https:\/\/proyeccionedomex.com.mx\/?p=12417#breadcrumb"},"inLanguage":"es","potentialAction":[{"@type":"ReadAction","target":["https:\/\/proyeccionedomex.com.mx\/?p=12417"]}]},{"@type":"ImageObject","inLanguage":"es","@id":"https:\/\/proyeccionedomex.com.mx\/?p=12417#primaryimage","url":"https:\/\/proyeccionedomex.com.mx\/wp-content\/uploads\/2026\/04\/image-64.jpeg","contentUrl":"https:\/\/proyeccionedomex.com.mx\/wp-content\/uploads\/2026\/04\/image-64.jpeg","width":2048,"height":1366},{"@type":"BreadcrumbList","@id":"https:\/\/proyeccionedomex.com.mx\/?p=12417#breadcrumb","itemListElement":[{"@type":"ListItem","position":1,"name":"Portada","item":"https:\/\/proyeccionedomex.com.mx\/"},{"@type":"ListItem","position":2,"name":"Gobernadora Delfina G\u00f3mez respalda agenda de derechos para mujeres con el Colectivo 50+1 en el EdoM\u00e9x"}]},{"@type":"WebSite","@id":"https:\/\/proyeccionedomex.com.mx\/#website","url":"https:\/\/proyeccionedomex.com.mx\/","name":"Proyecci\u00f3n Estado de M\u00e9xico","description":"Proyecci\u00f3n Edo. Mex.","publisher":{"@id":"https:\/\/proyeccionedomex.com.mx\/#organization"},"potentialAction":[{"@type":"SearchAction","target":{"@type":"EntryPoint","urlTemplate":"https:\/\/proyeccionedomex.com.mx\/?s={search_term_string}"},"query-input":{"@type":"PropertyValueSpecification","valueRequired":true,"valueName":"search_term_string"}}],"inLanguage":"es"},{"@type":"Organization","@id":"https:\/\/proyeccionedomex.com.mx\/#organization","name":"Proyecci\u00f3n Estado de M\u00e9xico","url":"https:\/\/proyeccionedomex.com.mx\/","logo":{"@type":"ImageObject","inLanguage":"es","@id":"https:\/\/proyeccionedomex.com.mx\/#\/schema\/logo\/image\/","url":"https:\/\/proyeccionedomex.com.mx\/wp-content\/uploads\/2024\/03\/proyeccion.jpg","contentUrl":"https:\/\/proyeccionedomex.com.mx\/wp-content\/uploads\/2024\/03\/proyeccion.jpg","width":1143,"height":801,"caption":"Proyecci\u00f3n Estado de M\u00e9xico"},"image":{"@id":"https:\/\/proyeccionedomex.com.mx\/#\/schema\/logo\/image\/"},"sameAs":["https:\/\/www.facebook.com\/PortaldeNoticiasProyeccionEdomex"]},{"@type":"Person","@id":"https:\/\/proyeccionedomex.com.mx\/#\/schema\/person\/2e66b5427bffed972a69e6b66b4e3a76","name":"Redacci\u00f3n Proyecci\u00f3n EDOM\u00c9X","image":{"@type":"ImageObject","inLanguage":"es","@id":"https:\/\/secure.gravatar.com\/avatar\/f43a2254d614198c44c96f86f1f078a06cac3d39a3250e9245aa331797519cab?s=96&d=mm&r=g","url":"https:\/\/secure.gravatar.com\/avatar\/f43a2254d614198c44c96f86f1f078a06cac3d39a3250e9245aa331797519cab?s=96&d=mm&r=g","contentUrl":"https:\/\/secure.gravatar.com\/avatar\/f43a2254d614198c44c96f86f1f078a06cac3d39a3250e9245aa331797519cab?s=96&d=mm&r=g","caption":"Redacci\u00f3n Proyecci\u00f3n EDOM\u00c9X"},"sameAs":["https:\/\/proyeccionedomex.com.mx"],"url":"https:\/\/proyeccionedomex.com.mx\/?author=1"}]}},"_links":{"self":[{"href":"https:\/\/proyeccionedomex.com.mx\/index.php?rest_route=\/wp\/v2\/posts\/12417","targetHints":{"allow":["GET"]}}],"collection":[{"href":"https:\/\/proyeccionedomex.com.mx\/index.php?rest_route=\/wp\/v2\/posts"}],"about":[{"href":"https:\/\/proyeccionedomex.com.mx\/index.php?rest_route=\/wp\/v2\/types\/post"}],"author":[{"embeddable":true,"href":"https:\/\/proyeccionedomex.com.mx\/index.php?rest_route=\/wp\/v2\/users\/1"}],"replies":[{"embeddable":true,"href":"https:\/\/proyeccionedomex.com.mx\/index.php?rest_route=%2Fwp%2Fv2%2Fcomments&post=12417"}],"version-history":[{"count":1,"href":"https:\/\/proyeccionedomex.com.mx\/index.php?rest_route=\/wp\/v2\/posts\/12417\/revisions"}],"predecessor-version":[{"id":12419,"href":"https:\/\/proyeccionedomex.com.mx\/index.php?rest_route=\/wp\/v2\/posts\/12417\/revisions\/12419"}],"wp:featuredmedia":[{"embeddable":true,"href":"https:\/\/proyeccionedomex.com.mx\/index.php?rest_route=\/wp\/v2\/media\/12418"}],"wp:attachment":[{"href":"https:\/\/proyeccionedomex.com.mx\/index.php?rest_route=%2Fwp%2Fv2%2Fmedia&parent=12417"}],"wp:term":[{"taxonomy":"category","embeddable":true,"href":"https:\/\/proyeccionedomex.com.mx\/index.php?rest_route=%2Fwp%2Fv2%2Fcategories&post=12417"},{"taxonomy":"post_tag","embeddable":true,"href":"https:\/\/proyeccionedomex.com.mx\/index.php?rest_route=%2Fwp%2Fv2%2Ftags&post=12417"}],"curies":[{"name":"wp","href":"https:\/\/api.w.org\/{rel}","templated":true}]}}