{"id":12420,"date":"2026-04-27T15:32:47","date_gmt":"2026-04-27T15:32:47","guid":{"rendered":"https:\/\/proyeccionedomex.com.mx\/?p=12420"},"modified":"2026-04-27T15:32:51","modified_gmt":"2026-04-27T15:32:51","slug":"estado-de-mexico-fundamental-para-la-transformacion-profunda-de-la-4t-reginaldo-sandoval-flores","status":"publish","type":"post","link":"https:\/\/proyeccionedomex.com.mx\/?p=12420","title":{"rendered":"Estado de M\u00e9xico, fundamental para la transformaci\u00f3n profunda de la 4T: Reginaldo Sandoval Flores"},"content":{"rendered":"\n<figure class=\"wp-block-image\"><img decoding=\"async\" src=\"https:\/\/scontent.flov1-1.fna.fbcdn.net\/v\/t39.30808-6\/678883981_940826712275883_891305813281737483_n.jpg?_nc_cat=101&amp;ccb=1-7&amp;_nc_sid=7b2446&amp;_nc_eui2=AeFzIoF4YDgxtNItNY_U0Ry0b9K_ubWgimRv0r-5taCKZHX_TuCK1nXWPGmJdLkNT-E7_9EijrriNCqac1AIW8iu&amp;_nc_ohc=sZzm0BwanSAQ7kNvwGSVJhw&amp;_nc_oc=Adq-zyAJdfbryZFU05-k15UKfEbNgCKqp1OpI1-4MIH9mdcD1wkrxCqqRZPayYTpMkE&amp;_nc_zt=23&amp;_nc_ht=scontent.flov1-1.fna&amp;_nc_gid=JvyReZiHVcypaazQIKOC7g&amp;_nc_ss=7b2a8&amp;oh=00_Af1dCSzt70zHVRjHdYuV2l6kbQOzpz5T7LcNYU_nvUaFWQ&amp;oe=69F56EC3\" alt=\"Puede ser una imagen de una o varias personas y texto\"\/><\/figure>\n\n\n\n<figure class=\"wp-block-gallery has-nested-images columns-default is-cropped wp-block-gallery-1 is-layout-flex wp-block-gallery-is-layout-flex\">\n<figure class=\"wp-block-image\"><img decoding=\"async\" src=\"https:\/\/scontent.flov1-1.fna.fbcdn.net\/v\/t39.30808-6\/682531945_940826592275895_5770400700018614595_n.jpg?_nc_cat=105&amp;ccb=1-7&amp;_nc_sid=7b2446&amp;_nc_eui2=AeFhUg1XUBZtwTSIaLfrn7dOLzB1Bj0p7kcvMHUGPSnuR3szxWlUqAt8PLQYuHoiXP1JuB_BjaldN-le62-j8Qpj&amp;_nc_ohc=j-iBEBISP_oQ7kNvwEn19H_&amp;_nc_oc=AdouzNNgRqqyBIFTscEFrcrXn2_iUljXqBot6SvEH0W7dOS1CjZBzCMGzUpJkpxjw9E&amp;_nc_zt=23&amp;_nc_ht=scontent.flov1-1.fna&amp;_nc_gid=1T3Xfvvdfnk8kW66Ke-gIQ&amp;_nc_ss=7b2a8&amp;oh=00_Af0c3ovPnS7ZmyzgoCICbWc_VrLWpELdZ4zkwaR5ia3ofw&amp;oe=69F56CAA\" alt=\"Puede ser una imagen de texto que dice &quot;PT ESTADODE M\u00c9NICO * PT ESTADODE M\u00c9NICO PT ESTADODE M\u00c9NICO * PT ESTADODE MbUCO PT ESTADOD MEKICO PT EST PT \u672c\u56db \u5411\u91cc ESTADOD M\u00c9X Sttls 10DE ICo PT ADOOE EHico PT&quot;\"\/><\/figure>\n\n\n\n<figure class=\"wp-block-image\"><img decoding=\"async\" src=\"https:\/\/scontent.flov1-1.fna.fbcdn.net\/v\/t39.30808-6\/676779986_940826628942558_8783908417036162260_n.jpg?_nc_cat=106&amp;ccb=1-7&amp;_nc_sid=7b2446&amp;_nc_eui2=AeFTEPyYrTrYyIAyDCFtzWWkx7PZrE3HmmbHs9msTceaZkU4BUFtGS-aIIwZqVq2uGiazWqBDN239_cKRXs5L1dm&amp;_nc_ohc=6bcdX5UAou8Q7kNvwEJITyO&amp;_nc_oc=Adq9thznD-oVySOJD3YdwvI5Iny4LOcbBXdNVT7frZvGr_JOka-WL02t9rGLk_xDUYk&amp;_nc_zt=23&amp;_nc_ht=scontent.flov1-1.fna&amp;_nc_gid=2YtaFR--ndCkKkUdHQlCdg&amp;_nc_ss=7b2a8&amp;oh=00_Af1MhtC_ateAQBMs-MYOx9DBDYmcRzHfnuR9gBA40arzqw&amp;oe=69F567EB\" alt=\"No hay ninguna descripci\u00f3n de la foto disponible.\"\/><\/figure>\n<\/figure>\n\n\n\n<figure class=\"wp-block-image size-large td-caption-align-https:\/\/proyeccionedomex.com.mx\/wp-content\/uploads\/2026\/04\/image-65.jpeg\"><img loading=\"lazy\" decoding=\"async\" width=\"1024\" height=\"461\" src=\"https:\/\/proyeccionedomex.com.mx\/wp-content\/uploads\/2026\/04\/image-65-1024x461.jpeg\" alt=\"\" class=\"wp-image-12421\" srcset=\"https:\/\/proyeccionedomex.com.mx\/wp-content\/uploads\/2026\/04\/image-65-1024x461.jpeg 1024w, https:\/\/proyeccionedomex.com.mx\/wp-content\/uploads\/2026\/04\/image-65-300x135.jpeg 300w, https:\/\/proyeccionedomex.com.mx\/wp-content\/uploads\/2026\/04\/image-65-768x345.jpeg 768w, https:\/\/proyeccionedomex.com.mx\/wp-content\/uploads\/2026\/04\/image-65-1536x691.jpeg 1536w, https:\/\/proyeccionedomex.com.mx\/wp-content\/uploads\/2026\/04\/image-65-696x313.jpeg 696w, https:\/\/proyeccionedomex.com.mx\/wp-content\/uploads\/2026\/04\/image-65-1068x480.jpeg 1068w, https:\/\/proyeccionedomex.com.mx\/wp-content\/uploads\/2026\/04\/image-65-934x420.jpeg 934w, https:\/\/proyeccionedomex.com.mx\/wp-content\/uploads\/2026\/04\/image-65.jpeg 2048w\" sizes=\"auto, (max-width: 1024px) 100vw, 1024px\" \/><\/figure>\n\n\n\n<p>Estado de M\u00e9xico, fundamental para la transformaci\u00f3n profunda de la 4T: Reginaldo Sandoval Flores<\/p>\n\n\n\n<p>El Comisionado Pol\u00edtico Nacional del Partido del Trabajo en el Estado de M\u00e9xico, Diputado Reginaldo Sandoval Flores, sostuvo que con la inauguraci\u00f3n de la sede estatal, se da un paso importante \u201cporque a partir de ahora sabremos a donde ir, reflexionar y organizar al partido\u201d en la entidad m\u00e1s importante del pa\u00eds electoralmente hablando, es \u201cfundamental para demostrar que la 4T es una transformaci\u00f3n profunda del gobierno para ponerla al servicio de la gente\u201d.<\/p>\n\n\n\n<p>Estamos contentos, destac\u00f3, porque est\u00e1 el arranque del 2027 y debe haber un partido organizado con m\u00e1s afiliados, comit\u00e9s de base y perfiles para disputar el poder p\u00fablico en todos los niveles de gobierno, a\u00f1adi\u00f3 en el marco de la inauguraci\u00f3n de la Casa del Pueblo.<\/p>\n\n\n\n<p>Acompa\u00f1ado de la diputada federal Magdalena N\u00fa\u00f1ez Monreal, integrante de la Comisi\u00f3n Coordinadora Nacional, diputados federales, locales, autoridades municipales, liderazgos, representantes del gobierno mexiquense, comisionados pol\u00edticos de otros estados; la lideresa petista Ang\u00e9lica Rivadeneyra Villarreal y el Subsecretario de Gobierno estatal, Alejandro Viedma, manifest\u00f3 que el partido es de causas y principios y siempre estar\u00e1 al 200% con las y los mexiquenses.<\/p>\n\n\n\n<p>Por su parte, en su mensaje, el presidente de la Junta de Coordinaci\u00f3n Pol\u00edtica de la LXII Legislatura, Jos\u00e9 Francisco V\u00e1zquez Rodr\u00edguez reconoci\u00f3 todo lo que el PT ha trabajado con Morena y llam\u00f3 a seguir construyendo esta gran transformaci\u00f3n en el Estado de M\u00e9xico.<\/p>\n\n\n\n<p>Asimismo, durante una rueda de prensa que ofreci\u00f3 a medios de comunicaci\u00f3n, el tambi\u00e9n Coordinador de la fracci\u00f3n parlamentaria del PT en la Legislatura federal, sostuvo que hay estrategia y m\u00e9todo en el partido, como el crecimiento exponencial de afiliaci\u00f3n de 210% al pasar de 43 mil afiliados en 2024, a 138 mil a la fecha; es decir, 94 mil nuevos afiliados.<\/p>\n\n\n\n<p>Agreg\u00f3 que trabajan para tener al menos 4 mil comit\u00e9s de base y, adem\u00e1s, hacer un registro diario de 250 personas para llegar a los 390 mil, que son los que se necesitan el pr\u00f3ximo a\u00f1o.<\/p>\n\n\n\n<p>Dijo estar convencido que, con ese nivel de crecimiento, habr\u00e1 la misma ruta en la disputa de los cargos p\u00fablicos en el marco de correlaci\u00f3n de fuerzas, aunque todo depender\u00e1 de la mesa de negociaciones y de los perfiles que tenga cada municipio, distrito local y federal.<\/p>\n\n\n\n<p>A nivel nacional, sostuvo, ya camina la decisi\u00f3n de ir juntos con Morena y Verde para las elecciones de 2027 y mantener las dos terceras partes en C\u00e1mara de Diputados, pero, adem\u00e1s, ganar la elecci\u00f3n de gubernatura de los 17 estados en disputa, mil 299 municipios y los 699 diputados locales en 31 estados.<\/p>\n\n\n\n<p>En el caso del Estado de M\u00e9xico \u201cestamos listos y preparados\u201d porque en la pol\u00edtica hay trabajo en equipo\u201d lo que quiere decir que puede haber condiciones para prepararse y participar solos en la pr\u00f3xima elecci\u00f3n.<\/p>\n\n\n\n<p>Asimismo, afirm\u00f3 que el PT siempre ha hecho un llamado a la unidad a todos sus integrantes, pero, sobre todo \u201csiempre vamos a estar del lado de la gente\u201d y poner el poder p\u00fablico siempre a su servicio.<\/p>\n\n\n\n<p>Sobre el inmueble de la sede estatal, destac\u00f3 que el partido requiere de espacios dignos para atender al pueblo y resalt\u00f3 el trabajo que se hace a nivel nacional y estatal para construir el concepto de poder popular que, admiti\u00f3, no es sencillo porque se trata de su construcci\u00f3n a partir de la llegada de la 4T con la detecci\u00f3n de nuevas causas, como la cultura de la paz.<\/p>\n\n\n\n<p>Sandoval Flores aclar\u00f3 adem\u00e1s que la dirigencia nacional le envi\u00f3 al Estado de M\u00e9xico a atender una misi\u00f3n y la cumplir\u00e1. \u201cYo soy fundador del PT, nunca he militado en otro partido; amo y quiero al PT\u201d<\/p>\n\n\n\n<p>En este marco, la diputada federal Magdalena N\u00fa\u00f1ez Monreal, integrante de la Comisi\u00f3n Coordinadora Nacional, sostuvo que el PT en el Estado de M\u00e9xico est\u00e1 en el mejor momento de oportunidad de crecimiento hacia el 2027 y con toda la convicci\u00f3n, es la nueva esperanza de M\u00e9xico.<\/p>\n","protected":false},"excerpt":{"rendered":"<p>Estado de M\u00e9xico, fundamental para la transformaci\u00f3n profunda de la 4T: Reginaldo Sandoval Flores El Comisionado Pol\u00edtico Nacional del Partido del Trabajo en el Estado de M\u00e9xico, Diputado Reginaldo Sandoval Flores, sostuvo que con la inauguraci\u00f3n de la sede estatal, se da un paso importante \u201cporque a partir de ahora sabremos a donde ir, reflexionar [&hellip;]<\/p>\n","protected":false},"author":1,"featured_media":12421,"comment_status":"open","ping_status":"closed","sticky":false,"template":"","format":"standard","meta":{"footnotes":""},"categories":[163,1],"tags":[],"class_list":{"0":"post-12420","1":"post","2":"type-post","3":"status-publish","4":"format-standard","5":"has-post-thumbnail","7":"category-estatal","8":"category-politica"},"yoast_head":"<!-- This site is optimized with the Yoast SEO plugin v27.5 - https:\/\/yoast.com\/product\/yoast-seo-wordpress\/ -->\n<title>Estado de M\u00e9xico, fundamental para la transformaci\u00f3n profunda de la 4T: Reginaldo Sandoval Flores - Proyecci\u00f3n Estado de M\u00e9xico<\/title>\n<meta name=\"robots\" content=\"index, follow, max-snippet:-1, max-image-preview:large, max-video-preview:-1\" \/>\n<link rel=\"canonical\" href=\"https:\/\/proyeccionedomex.com.mx\/?p=12420\" \/>\n<meta property=\"og:locale\" content=\"es_ES\" \/>\n<meta property=\"og:type\" content=\"article\" \/>\n<meta property=\"og:title\" content=\"Estado de M\u00e9xico, fundamental para la transformaci\u00f3n profunda de la 4T: Reginaldo Sandoval Flores - Proyecci\u00f3n Estado de M\u00e9xico\" \/>\n<meta property=\"og:description\" content=\"Estado de M\u00e9xico, fundamental para la transformaci\u00f3n profunda de la 4T: Reginaldo Sandoval Flores El Comisionado Pol\u00edtico Nacional del Partido del Trabajo en el Estado de M\u00e9xico, Diputado Reginaldo Sandoval Flores, sostuvo que con la inauguraci\u00f3n de la sede estatal, se da un paso importante \u201cporque a partir de ahora sabremos a donde ir, reflexionar [&hellip;]\" \/>\n<meta property=\"og:url\" content=\"https:\/\/proyeccionedomex.com.mx\/?p=12420\" \/>\n<meta property=\"og:site_name\" content=\"Proyecci\u00f3n Estado de M\u00e9xico\" \/>\n<meta property=\"article:publisher\" content=\"https:\/\/www.facebook.com\/PortaldeNoticiasProyeccionEdomex\" \/>\n<meta property=\"article:published_time\" content=\"2026-04-27T15:32:47+00:00\" \/>\n<meta property=\"article:modified_time\" content=\"2026-04-27T15:32:51+00:00\" \/>\n<meta property=\"og:image\" content=\"https:\/\/proyeccionedomex.com.mx\/wp-content\/uploads\/2026\/04\/image-65.jpeg\" \/>\n\t<meta property=\"og:image:width\" content=\"2048\" \/>\n\t<meta property=\"og:image:height\" content=\"921\" \/>\n\t<meta property=\"og:image:type\" content=\"image\/jpeg\" \/>\n<meta name=\"author\" content=\"Redacci\u00f3n Proyecci\u00f3n EDOM\u00c9X\" \/>\n<meta name=\"twitter:card\" content=\"summary_large_image\" \/>\n<meta name=\"twitter:label1\" content=\"Escrito por\" \/>\n\t<meta name=\"twitter:data1\" content=\"Redacci\u00f3n Proyecci\u00f3n EDOM\u00c9X\" \/>\n\t<meta name=\"twitter:label2\" content=\"Tiempo de lectura\" \/>\n\t<meta name=\"twitter:data2\" content=\"4 minutos\" \/>\n<script type=\"application\/ld+json\" class=\"yoast-schema-graph\">{\"@context\":\"https:\\\/\\\/schema.org\",\"@graph\":[{\"@type\":\"Article\",\"@id\":\"https:\\\/\\\/proyeccionedomex.com.mx\\\/?p=12420#article\",\"isPartOf\":{\"@id\":\"https:\\\/\\\/proyeccionedomex.com.mx\\\/?p=12420\"},\"author\":{\"name\":\"Redacci\u00f3n Proyecci\u00f3n EDOM\u00c9X\",\"@id\":\"https:\\\/\\\/proyeccionedomex.com.mx\\\/#\\\/schema\\\/person\\\/2e66b5427bffed972a69e6b66b4e3a76\"},\"headline\":\"Estado de M\u00e9xico, fundamental para la transformaci\u00f3n profunda de la 4T: Reginaldo Sandoval Flores\",\"datePublished\":\"2026-04-27T15:32:47+00:00\",\"dateModified\":\"2026-04-27T15:32:51+00:00\",\"mainEntityOfPage\":{\"@id\":\"https:\\\/\\\/proyeccionedomex.com.mx\\\/?p=12420\"},\"wordCount\":721,\"commentCount\":0,\"publisher\":{\"@id\":\"https:\\\/\\\/proyeccionedomex.com.mx\\\/#organization\"},\"image\":{\"@id\":\"https:\\\/\\\/proyeccionedomex.com.mx\\\/?p=12420#primaryimage\"},\"thumbnailUrl\":\"https:\\\/\\\/proyeccionedomex.com.mx\\\/wp-content\\\/uploads\\\/2026\\\/04\\\/image-65.jpeg\",\"articleSection\":[\"Estatal\",\"Politica\"],\"inLanguage\":\"es\",\"potentialAction\":[{\"@type\":\"CommentAction\",\"name\":\"Comment\",\"target\":[\"https:\\\/\\\/proyeccionedomex.com.mx\\\/?p=12420#respond\"]}]},{\"@type\":\"WebPage\",\"@id\":\"https:\\\/\\\/proyeccionedomex.com.mx\\\/?p=12420\",\"url\":\"https:\\\/\\\/proyeccionedomex.com.mx\\\/?p=12420\",\"name\":\"Estado de M\u00e9xico, fundamental para la transformaci\u00f3n profunda de la 4T: Reginaldo Sandoval Flores - Proyecci\u00f3n Estado de M\u00e9xico\",\"isPartOf\":{\"@id\":\"https:\\\/\\\/proyeccionedomex.com.mx\\\/#website\"},\"primaryImageOfPage\":{\"@id\":\"https:\\\/\\\/proyeccionedomex.com.mx\\\/?p=12420#primaryimage\"},\"image\":{\"@id\":\"https:\\\/\\\/proyeccionedomex.com.mx\\\/?p=12420#primaryimage\"},\"thumbnailUrl\":\"https:\\\/\\\/proyeccionedomex.com.mx\\\/wp-content\\\/uploads\\\/2026\\\/04\\\/image-65.jpeg\",\"datePublished\":\"2026-04-27T15:32:47+00:00\",\"dateModified\":\"2026-04-27T15:32:51+00:00\",\"breadcrumb\":{\"@id\":\"https:\\\/\\\/proyeccionedomex.com.mx\\\/?p=12420#breadcrumb\"},\"inLanguage\":\"es\",\"potentialAction\":[{\"@type\":\"ReadAction\",\"target\":[\"https:\\\/\\\/proyeccionedomex.com.mx\\\/?p=12420\"]}]},{\"@type\":\"ImageObject\",\"inLanguage\":\"es\",\"@id\":\"https:\\\/\\\/proyeccionedomex.com.mx\\\/?p=12420#primaryimage\",\"url\":\"https:\\\/\\\/proyeccionedomex.com.mx\\\/wp-content\\\/uploads\\\/2026\\\/04\\\/image-65.jpeg\",\"contentUrl\":\"https:\\\/\\\/proyeccionedomex.com.mx\\\/wp-content\\\/uploads\\\/2026\\\/04\\\/image-65.jpeg\",\"width\":2048,\"height\":921},{\"@type\":\"BreadcrumbList\",\"@id\":\"https:\\\/\\\/proyeccionedomex.com.mx\\\/?p=12420#breadcrumb\",\"itemListElement\":[{\"@type\":\"ListItem\",\"position\":1,\"name\":\"Portada\",\"item\":\"https:\\\/\\\/proyeccionedomex.com.mx\\\/\"},{\"@type\":\"ListItem\",\"position\":2,\"name\":\"Estado de M\u00e9xico, fundamental para la transformaci\u00f3n profunda de la 4T: Reginaldo Sandoval Flores\"}]},{\"@type\":\"WebSite\",\"@id\":\"https:\\\/\\\/proyeccionedomex.com.mx\\\/#website\",\"url\":\"https:\\\/\\\/proyeccionedomex.com.mx\\\/\",\"name\":\"Proyecci\u00f3n Estado de M\u00e9xico\",\"description\":\"Proyecci\u00f3n Edo. Mex.\",\"publisher\":{\"@id\":\"https:\\\/\\\/proyeccionedomex.com.mx\\\/#organization\"},\"potentialAction\":[{\"@type\":\"SearchAction\",\"target\":{\"@type\":\"EntryPoint\",\"urlTemplate\":\"https:\\\/\\\/proyeccionedomex.com.mx\\\/?s={search_term_string}\"},\"query-input\":{\"@type\":\"PropertyValueSpecification\",\"valueRequired\":true,\"valueName\":\"search_term_string\"}}],\"inLanguage\":\"es\"},{\"@type\":\"Organization\",\"@id\":\"https:\\\/\\\/proyeccionedomex.com.mx\\\/#organization\",\"name\":\"Proyecci\u00f3n Estado de M\u00e9xico\",\"url\":\"https:\\\/\\\/proyeccionedomex.com.mx\\\/\",\"logo\":{\"@type\":\"ImageObject\",\"inLanguage\":\"es\",\"@id\":\"https:\\\/\\\/proyeccionedomex.com.mx\\\/#\\\/schema\\\/logo\\\/image\\\/\",\"url\":\"https:\\\/\\\/proyeccionedomex.com.mx\\\/wp-content\\\/uploads\\\/2024\\\/03\\\/proyeccion.jpg\",\"contentUrl\":\"https:\\\/\\\/proyeccionedomex.com.mx\\\/wp-content\\\/uploads\\\/2024\\\/03\\\/proyeccion.jpg\",\"width\":1143,\"height\":801,\"caption\":\"Proyecci\u00f3n Estado de M\u00e9xico\"},\"image\":{\"@id\":\"https:\\\/\\\/proyeccionedomex.com.mx\\\/#\\\/schema\\\/logo\\\/image\\\/\"},\"sameAs\":[\"https:\\\/\\\/www.facebook.com\\\/PortaldeNoticiasProyeccionEdomex\"]},{\"@type\":\"Person\",\"@id\":\"https:\\\/\\\/proyeccionedomex.com.mx\\\/#\\\/schema\\\/person\\\/2e66b5427bffed972a69e6b66b4e3a76\",\"name\":\"Redacci\u00f3n Proyecci\u00f3n EDOM\u00c9X\",\"image\":{\"@type\":\"ImageObject\",\"inLanguage\":\"es\",\"@id\":\"https:\\\/\\\/secure.gravatar.com\\\/avatar\\\/f43a2254d614198c44c96f86f1f078a06cac3d39a3250e9245aa331797519cab?s=96&d=mm&r=g\",\"url\":\"https:\\\/\\\/secure.gravatar.com\\\/avatar\\\/f43a2254d614198c44c96f86f1f078a06cac3d39a3250e9245aa331797519cab?s=96&d=mm&r=g\",\"contentUrl\":\"https:\\\/\\\/secure.gravatar.com\\\/avatar\\\/f43a2254d614198c44c96f86f1f078a06cac3d39a3250e9245aa331797519cab?s=96&d=mm&r=g\",\"caption\":\"Redacci\u00f3n Proyecci\u00f3n EDOM\u00c9X\"},\"sameAs\":[\"https:\\\/\\\/proyeccionedomex.com.mx\"],\"url\":\"https:\\\/\\\/proyeccionedomex.com.mx\\\/?author=1\"}]}<\/script>\n<!-- \/ Yoast SEO plugin. -->","yoast_head_json":{"title":"Estado de M\u00e9xico, fundamental para la transformaci\u00f3n profunda de la 4T: Reginaldo Sandoval Flores - Proyecci\u00f3n Estado de M\u00e9xico","robots":{"index":"index","follow":"follow","max-snippet":"max-snippet:-1","max-image-preview":"max-image-preview:large","max-video-preview":"max-video-preview:-1"},"canonical":"https:\/\/proyeccionedomex.com.mx\/?p=12420","og_locale":"es_ES","og_type":"article","og_title":"Estado de M\u00e9xico, fundamental para la transformaci\u00f3n profunda de la 4T: Reginaldo Sandoval Flores - Proyecci\u00f3n Estado de M\u00e9xico","og_description":"Estado de M\u00e9xico, fundamental para la transformaci\u00f3n profunda de la 4T: Reginaldo Sandoval Flores El Comisionado Pol\u00edtico Nacional del Partido del Trabajo en el Estado de M\u00e9xico, Diputado Reginaldo Sandoval Flores, sostuvo que con la inauguraci\u00f3n de la sede estatal, se da un paso importante \u201cporque a partir de ahora sabremos a donde ir, reflexionar [&hellip;]","og_url":"https:\/\/proyeccionedomex.com.mx\/?p=12420","og_site_name":"Proyecci\u00f3n Estado de M\u00e9xico","article_publisher":"https:\/\/www.facebook.com\/PortaldeNoticiasProyeccionEdomex","article_published_time":"2026-04-27T15:32:47+00:00","article_modified_time":"2026-04-27T15:32:51+00:00","og_image":[{"width":2048,"height":921,"url":"https:\/\/proyeccionedomex.com.mx\/wp-content\/uploads\/2026\/04\/image-65.jpeg","type":"image\/jpeg"}],"author":"Redacci\u00f3n Proyecci\u00f3n EDOM\u00c9X","twitter_card":"summary_large_image","twitter_misc":{"Escrito por":"Redacci\u00f3n Proyecci\u00f3n EDOM\u00c9X","Tiempo de lectura":"4 minutos"},"schema":{"@context":"https:\/\/schema.org","@graph":[{"@type":"Article","@id":"https:\/\/proyeccionedomex.com.mx\/?p=12420#article","isPartOf":{"@id":"https:\/\/proyeccionedomex.com.mx\/?p=12420"},"author":{"name":"Redacci\u00f3n Proyecci\u00f3n EDOM\u00c9X","@id":"https:\/\/proyeccionedomex.com.mx\/#\/schema\/person\/2e66b5427bffed972a69e6b66b4e3a76"},"headline":"Estado de M\u00e9xico, fundamental para la transformaci\u00f3n profunda de la 4T: Reginaldo Sandoval Flores","datePublished":"2026-04-27T15:32:47+00:00","dateModified":"2026-04-27T15:32:51+00:00","mainEntityOfPage":{"@id":"https:\/\/proyeccionedomex.com.mx\/?p=12420"},"wordCount":721,"commentCount":0,"publisher":{"@id":"https:\/\/proyeccionedomex.com.mx\/#organization"},"image":{"@id":"https:\/\/proyeccionedomex.com.mx\/?p=12420#primaryimage"},"thumbnailUrl":"https:\/\/proyeccionedomex.com.mx\/wp-content\/uploads\/2026\/04\/image-65.jpeg","articleSection":["Estatal","Politica"],"inLanguage":"es","potentialAction":[{"@type":"CommentAction","name":"Comment","target":["https:\/\/proyeccionedomex.com.mx\/?p=12420#respond"]}]},{"@type":"WebPage","@id":"https:\/\/proyeccionedomex.com.mx\/?p=12420","url":"https:\/\/proyeccionedomex.com.mx\/?p=12420","name":"Estado de M\u00e9xico, fundamental para la transformaci\u00f3n profunda de la 4T: Reginaldo Sandoval Flores - Proyecci\u00f3n Estado de M\u00e9xico","isPartOf":{"@id":"https:\/\/proyeccionedomex.com.mx\/#website"},"primaryImageOfPage":{"@id":"https:\/\/proyeccionedomex.com.mx\/?p=12420#primaryimage"},"image":{"@id":"https:\/\/proyeccionedomex.com.mx\/?p=12420#primaryimage"},"thumbnailUrl":"https:\/\/proyeccionedomex.com.mx\/wp-content\/uploads\/2026\/04\/image-65.jpeg","datePublished":"2026-04-27T15:32:47+00:00","dateModified":"2026-04-27T15:32:51+00:00","breadcrumb":{"@id":"https:\/\/proyeccionedomex.com.mx\/?p=12420#breadcrumb"},"inLanguage":"es","potentialAction":[{"@type":"ReadAction","target":["https:\/\/proyeccionedomex.com.mx\/?p=12420"]}]},{"@type":"ImageObject","inLanguage":"es","@id":"https:\/\/proyeccionedomex.com.mx\/?p=12420#primaryimage","url":"https:\/\/proyeccionedomex.com.mx\/wp-content\/uploads\/2026\/04\/image-65.jpeg","contentUrl":"https:\/\/proyeccionedomex.com.mx\/wp-content\/uploads\/2026\/04\/image-65.jpeg","width":2048,"height":921},{"@type":"BreadcrumbList","@id":"https:\/\/proyeccionedomex.com.mx\/?p=12420#breadcrumb","itemListElement":[{"@type":"ListItem","position":1,"name":"Portada","item":"https:\/\/proyeccionedomex.com.mx\/"},{"@type":"ListItem","position":2,"name":"Estado de M\u00e9xico, fundamental para la transformaci\u00f3n profunda de la 4T: Reginaldo Sandoval Flores"}]},{"@type":"WebSite","@id":"https:\/\/proyeccionedomex.com.mx\/#website","url":"https:\/\/proyeccionedomex.com.mx\/","name":"Proyecci\u00f3n Estado de M\u00e9xico","description":"Proyecci\u00f3n Edo. Mex.","publisher":{"@id":"https:\/\/proyeccionedomex.com.mx\/#organization"},"potentialAction":[{"@type":"SearchAction","target":{"@type":"EntryPoint","urlTemplate":"https:\/\/proyeccionedomex.com.mx\/?s={search_term_string}"},"query-input":{"@type":"PropertyValueSpecification","valueRequired":true,"valueName":"search_term_string"}}],"inLanguage":"es"},{"@type":"Organization","@id":"https:\/\/proyeccionedomex.com.mx\/#organization","name":"Proyecci\u00f3n Estado de M\u00e9xico","url":"https:\/\/proyeccionedomex.com.mx\/","logo":{"@type":"ImageObject","inLanguage":"es","@id":"https:\/\/proyeccionedomex.com.mx\/#\/schema\/logo\/image\/","url":"https:\/\/proyeccionedomex.com.mx\/wp-content\/uploads\/2024\/03\/proyeccion.jpg","contentUrl":"https:\/\/proyeccionedomex.com.mx\/wp-content\/uploads\/2024\/03\/proyeccion.jpg","width":1143,"height":801,"caption":"Proyecci\u00f3n Estado de M\u00e9xico"},"image":{"@id":"https:\/\/proyeccionedomex.com.mx\/#\/schema\/logo\/image\/"},"sameAs":["https:\/\/www.facebook.com\/PortaldeNoticiasProyeccionEdomex"]},{"@type":"Person","@id":"https:\/\/proyeccionedomex.com.mx\/#\/schema\/person\/2e66b5427bffed972a69e6b66b4e3a76","name":"Redacci\u00f3n Proyecci\u00f3n EDOM\u00c9X","image":{"@type":"ImageObject","inLanguage":"es","@id":"https:\/\/secure.gravatar.com\/avatar\/f43a2254d614198c44c96f86f1f078a06cac3d39a3250e9245aa331797519cab?s=96&d=mm&r=g","url":"https:\/\/secure.gravatar.com\/avatar\/f43a2254d614198c44c96f86f1f078a06cac3d39a3250e9245aa331797519cab?s=96&d=mm&r=g","contentUrl":"https:\/\/secure.gravatar.com\/avatar\/f43a2254d614198c44c96f86f1f078a06cac3d39a3250e9245aa331797519cab?s=96&d=mm&r=g","caption":"Redacci\u00f3n Proyecci\u00f3n EDOM\u00c9X"},"sameAs":["https:\/\/proyeccionedomex.com.mx"],"url":"https:\/\/proyeccionedomex.com.mx\/?author=1"}]}},"_links":{"self":[{"href":"https:\/\/proyeccionedomex.com.mx\/index.php?rest_route=\/wp\/v2\/posts\/12420","targetHints":{"allow":["GET"]}}],"collection":[{"href":"https:\/\/proyeccionedomex.com.mx\/index.php?rest_route=\/wp\/v2\/posts"}],"about":[{"href":"https:\/\/proyeccionedomex.com.mx\/index.php?rest_route=\/wp\/v2\/types\/post"}],"author":[{"embeddable":true,"href":"https:\/\/proyeccionedomex.com.mx\/index.php?rest_route=\/wp\/v2\/users\/1"}],"replies":[{"embeddable":true,"href":"https:\/\/proyeccionedomex.com.mx\/index.php?rest_route=%2Fwp%2Fv2%2Fcomments&post=12420"}],"version-history":[{"count":1,"href":"https:\/\/proyeccionedomex.com.mx\/index.php?rest_route=\/wp\/v2\/posts\/12420\/revisions"}],"predecessor-version":[{"id":12422,"href":"https:\/\/proyeccionedomex.com.mx\/index.php?rest_route=\/wp\/v2\/posts\/12420\/revisions\/12422"}],"wp:featuredmedia":[{"embeddable":true,"href":"https:\/\/proyeccionedomex.com.mx\/index.php?rest_route=\/wp\/v2\/media\/12421"}],"wp:attachment":[{"href":"https:\/\/proyeccionedomex.com.mx\/index.php?rest_route=%2Fwp%2Fv2%2Fmedia&parent=12420"}],"wp:term":[{"taxonomy":"category","embeddable":true,"href":"https:\/\/proyeccionedomex.com.mx\/index.php?rest_route=%2Fwp%2Fv2%2Fcategories&post=12420"},{"taxonomy":"post_tag","embeddable":true,"href":"https:\/\/proyeccionedomex.com.mx\/index.php?rest_route=%2Fwp%2Fv2%2Ftags&post=12420"}],"curies":[{"name":"wp","href":"https:\/\/api.w.org\/{rel}","templated":true}]}}