{"id":12423,"date":"2026-04-27T15:33:55","date_gmt":"2026-04-27T15:33:55","guid":{"rendered":"https:\/\/proyeccionedomex.com.mx\/?p=12423"},"modified":"2026-04-27T15:33:59","modified_gmt":"2026-04-27T15:33:59","slug":"hasta-15-anos-de-carcel-por-maltrato-animal-en-edomex","status":"publish","type":"post","link":"https:\/\/proyeccionedomex.com.mx\/?p=12423","title":{"rendered":"HASTA 15 A\u00d1OS DE C\u00c1RCEL POR MALTRATO ANIMAL EN EDOM\u00c9X"},"content":{"rendered":"\n<figure class=\"wp-block-image size-large td-caption-align-https:\/\/proyeccionedomex.com.mx\/wp-content\/uploads\/2026\/04\/image-66.jpeg\"><img loading=\"lazy\" decoding=\"async\" width=\"1024\" height=\"1024\" src=\"https:\/\/proyeccionedomex.com.mx\/wp-content\/uploads\/2026\/04\/image-66-1024x1024.jpeg\" alt=\"\" class=\"wp-image-12424\" srcset=\"https:\/\/proyeccionedomex.com.mx\/wp-content\/uploads\/2026\/04\/image-66-1024x1024.jpeg 1024w, https:\/\/proyeccionedomex.com.mx\/wp-content\/uploads\/2026\/04\/image-66-300x300.jpeg 300w, https:\/\/proyeccionedomex.com.mx\/wp-content\/uploads\/2026\/04\/image-66-150x150.jpeg 150w, https:\/\/proyeccionedomex.com.mx\/wp-content\/uploads\/2026\/04\/image-66-768x768.jpeg 768w, https:\/\/proyeccionedomex.com.mx\/wp-content\/uploads\/2026\/04\/image-66-1536x1536.jpeg 1536w, https:\/\/proyeccionedomex.com.mx\/wp-content\/uploads\/2026\/04\/image-66-696x696.jpeg 696w, https:\/\/proyeccionedomex.com.mx\/wp-content\/uploads\/2026\/04\/image-66-1068x1068.jpeg 1068w, https:\/\/proyeccionedomex.com.mx\/wp-content\/uploads\/2026\/04\/image-66-420x420.jpeg 420w, https:\/\/proyeccionedomex.com.mx\/wp-content\/uploads\/2026\/04\/image-66.jpeg 1600w\" sizes=\"auto, (max-width: 1024px) 100vw, 1024px\" \/><\/figure>\n\n\n\n<p>HASTA 15 A\u00d1OS DE C\u00c1RCEL POR MALTRATO ANIMAL EN EDOM\u00c9X<\/p>\n\n\n\n<p>Nueva ley endurece sanciones y reconoce a los animales como seres sintientes<\/p>\n\n\n\n<p>PVEM presume avances y coloca el bienestar animal en el centro de la agenda<\/p>\n\n\n\n<p>Toluca, EDOM\u00c9X.\u2014 El maltrato animal en el Estado de M\u00e9xico podr\u00eda dejar de ser un delito minimizado para convertirse en un asunto con consecuencias severas: hasta 15 a\u00f1os de prisi\u00f3n. As\u00ed lo establece la reci\u00e9n aprobada Ley de Protecci\u00f3n, Cuidado y Bienestar Animal, impulsada en parte por el Grupo Parlamentario del Partido Verde Ecologista de M\u00e9xico (PVEM).<\/p>\n\n\n\n<p>El coordinador de la bancada verde, Jos\u00e9 Alberto Couttolenc Buentello, calific\u00f3 la aprobaci\u00f3n como un paso decisivo para garantizar condiciones dignas a los seres sintientes, luego de a\u00f1os en los que el abandono y la violencia hacia animales permanecieron normalizados.<\/p>\n\n\n\n<p>La nueva legislaci\u00f3n integra 17 iniciativas, cinco de ellas promovidas por el PVEM, enfocadas en atender de ra\u00edz problemas como el maltrato, la sobrepoblaci\u00f3n y la falta de regulaci\u00f3n en la venta de animales.<\/p>\n\n\n\n<p>El contexto no es menor: M\u00e9xico figura entre los pa\u00edses con mayores \u00edndices de maltrato animal, mientras que en territorio mexiquense se estima la presencia de m\u00e1s de 6 millones de animales de compa\u00f1\u00eda, de los cuales alrededor de 2.5 millones viven en situaci\u00f3n de calle.<\/p>\n\n\n\n<p>Entre los puntos clave, la ley reconoce a los animales como sujetos de protecci\u00f3n, proh\u00edbe su venta en la v\u00eda p\u00fablica, establece un Registro \u00danico de Animales de Compa\u00f1\u00eda y endurece las sanciones contra quienes incurran en actos de crueldad.<\/p>\n\n\n\n<p>Couttolenc subray\u00f3 que esta reforma tambi\u00e9n busca homologar la actuaci\u00f3n de los municipios, establecer mecanismos de identificaci\u00f3n obligatoria y fortalecer la persecuci\u00f3n del delito, un rubro que hist\u00f3ricamente ha quedado en la impunidad.<\/p>\n\n\n\n<p>\u201cDurante a\u00f1os se normaliz\u00f3 el maltrato y el abandono. Hoy el Estado de M\u00e9xico da un paso firme para cambiar esa realidad\u201d, afirm\u00f3 el legislador, al destacar el respaldo de la gobernadora Delfina G\u00f3mez \u00c1lvarez.<\/p>\n\n\n\n<p>Con esta medida, el Estado de M\u00e9xico busca posicionarse como referente nacional en materia de bienestar animal, en un intento por responder a una demanda social que llevaba a\u00f1os acumul\u00e1ndose sin respuesta.<\/p>\n\n\n\n<p>El PVEM, por su parte, insiste en que continuar\u00e1 impulsando una agenda donde el medio ambiente y la protecci\u00f3n animal dejen de ser discurso y se traduzcan en acciones concretas.<\/p>\n","protected":false},"excerpt":{"rendered":"<p>HASTA 15 A\u00d1OS DE C\u00c1RCEL POR MALTRATO ANIMAL EN EDOM\u00c9X Nueva ley endurece sanciones y reconoce a los animales como seres sintientes PVEM presume avances y coloca el bienestar animal en el centro de la agenda Toluca, EDOM\u00c9X.\u2014 El maltrato animal en el Estado de M\u00e9xico podr\u00eda dejar de ser un delito minimizado para convertirse [&hellip;]<\/p>\n","protected":false},"author":1,"featured_media":12424,"comment_status":"open","ping_status":"closed","sticky":false,"template":"","format":"standard","meta":{"footnotes":""},"categories":[163,1],"tags":[],"class_list":{"0":"post-12423","1":"post","2":"type-post","3":"status-publish","4":"format-standard","5":"has-post-thumbnail","7":"category-estatal","8":"category-politica"},"yoast_head":"<!-- This site is optimized with the Yoast SEO plugin v27.5 - https:\/\/yoast.com\/product\/yoast-seo-wordpress\/ -->\n<title>HASTA 15 A\u00d1OS DE C\u00c1RCEL POR MALTRATO ANIMAL EN EDOM\u00c9X - Proyecci\u00f3n Estado de M\u00e9xico<\/title>\n<meta name=\"robots\" content=\"index, follow, max-snippet:-1, max-image-preview:large, max-video-preview:-1\" \/>\n<link rel=\"canonical\" href=\"https:\/\/proyeccionedomex.com.mx\/?p=12423\" \/>\n<meta property=\"og:locale\" content=\"es_ES\" \/>\n<meta property=\"og:type\" content=\"article\" \/>\n<meta property=\"og:title\" content=\"HASTA 15 A\u00d1OS DE C\u00c1RCEL POR MALTRATO ANIMAL EN EDOM\u00c9X - Proyecci\u00f3n Estado de M\u00e9xico\" \/>\n<meta property=\"og:description\" content=\"HASTA 15 A\u00d1OS DE C\u00c1RCEL POR MALTRATO ANIMAL EN EDOM\u00c9X Nueva ley endurece sanciones y reconoce a los animales como seres sintientes PVEM presume avances y coloca el bienestar animal en el centro de la agenda Toluca, EDOM\u00c9X.\u2014 El maltrato animal en el Estado de M\u00e9xico podr\u00eda dejar de ser un delito minimizado para convertirse [&hellip;]\" \/>\n<meta property=\"og:url\" content=\"https:\/\/proyeccionedomex.com.mx\/?p=12423\" \/>\n<meta property=\"og:site_name\" content=\"Proyecci\u00f3n Estado de M\u00e9xico\" \/>\n<meta property=\"article:publisher\" content=\"https:\/\/www.facebook.com\/PortaldeNoticiasProyeccionEdomex\" \/>\n<meta property=\"article:published_time\" content=\"2026-04-27T15:33:55+00:00\" \/>\n<meta property=\"article:modified_time\" content=\"2026-04-27T15:33:59+00:00\" \/>\n<meta property=\"og:image\" content=\"https:\/\/proyeccionedomex.com.mx\/wp-content\/uploads\/2026\/04\/image-66.jpeg\" \/>\n\t<meta property=\"og:image:width\" content=\"1600\" \/>\n\t<meta property=\"og:image:height\" content=\"1600\" \/>\n\t<meta property=\"og:image:type\" content=\"image\/jpeg\" \/>\n<meta name=\"author\" content=\"Redacci\u00f3n Proyecci\u00f3n EDOM\u00c9X\" \/>\n<meta name=\"twitter:card\" content=\"summary_large_image\" \/>\n<meta name=\"twitter:label1\" content=\"Escrito por\" \/>\n\t<meta name=\"twitter:data1\" content=\"Redacci\u00f3n Proyecci\u00f3n EDOM\u00c9X\" \/>\n\t<meta name=\"twitter:label2\" content=\"Tiempo de lectura\" \/>\n\t<meta name=\"twitter:data2\" content=\"3 minutos\" \/>\n<script type=\"application\/ld+json\" class=\"yoast-schema-graph\">{\"@context\":\"https:\\\/\\\/schema.org\",\"@graph\":[{\"@type\":\"Article\",\"@id\":\"https:\\\/\\\/proyeccionedomex.com.mx\\\/?p=12423#article\",\"isPartOf\":{\"@id\":\"https:\\\/\\\/proyeccionedomex.com.mx\\\/?p=12423\"},\"author\":{\"name\":\"Redacci\u00f3n Proyecci\u00f3n EDOM\u00c9X\",\"@id\":\"https:\\\/\\\/proyeccionedomex.com.mx\\\/#\\\/schema\\\/person\\\/2e66b5427bffed972a69e6b66b4e3a76\"},\"headline\":\"HASTA 15 A\u00d1OS DE C\u00c1RCEL POR MALTRATO ANIMAL EN EDOM\u00c9X\",\"datePublished\":\"2026-04-27T15:33:55+00:00\",\"dateModified\":\"2026-04-27T15:33:59+00:00\",\"mainEntityOfPage\":{\"@id\":\"https:\\\/\\\/proyeccionedomex.com.mx\\\/?p=12423\"},\"wordCount\":429,\"commentCount\":0,\"publisher\":{\"@id\":\"https:\\\/\\\/proyeccionedomex.com.mx\\\/#organization\"},\"image\":{\"@id\":\"https:\\\/\\\/proyeccionedomex.com.mx\\\/?p=12423#primaryimage\"},\"thumbnailUrl\":\"https:\\\/\\\/proyeccionedomex.com.mx\\\/wp-content\\\/uploads\\\/2026\\\/04\\\/image-66.jpeg\",\"articleSection\":[\"Estatal\",\"Politica\"],\"inLanguage\":\"es\",\"potentialAction\":[{\"@type\":\"CommentAction\",\"name\":\"Comment\",\"target\":[\"https:\\\/\\\/proyeccionedomex.com.mx\\\/?p=12423#respond\"]}]},{\"@type\":\"WebPage\",\"@id\":\"https:\\\/\\\/proyeccionedomex.com.mx\\\/?p=12423\",\"url\":\"https:\\\/\\\/proyeccionedomex.com.mx\\\/?p=12423\",\"name\":\"HASTA 15 A\u00d1OS DE C\u00c1RCEL POR MALTRATO ANIMAL EN EDOM\u00c9X - Proyecci\u00f3n Estado de M\u00e9xico\",\"isPartOf\":{\"@id\":\"https:\\\/\\\/proyeccionedomex.com.mx\\\/#website\"},\"primaryImageOfPage\":{\"@id\":\"https:\\\/\\\/proyeccionedomex.com.mx\\\/?p=12423#primaryimage\"},\"image\":{\"@id\":\"https:\\\/\\\/proyeccionedomex.com.mx\\\/?p=12423#primaryimage\"},\"thumbnailUrl\":\"https:\\\/\\\/proyeccionedomex.com.mx\\\/wp-content\\\/uploads\\\/2026\\\/04\\\/image-66.jpeg\",\"datePublished\":\"2026-04-27T15:33:55+00:00\",\"dateModified\":\"2026-04-27T15:33:59+00:00\",\"breadcrumb\":{\"@id\":\"https:\\\/\\\/proyeccionedomex.com.mx\\\/?p=12423#breadcrumb\"},\"inLanguage\":\"es\",\"potentialAction\":[{\"@type\":\"ReadAction\",\"target\":[\"https:\\\/\\\/proyeccionedomex.com.mx\\\/?p=12423\"]}]},{\"@type\":\"ImageObject\",\"inLanguage\":\"es\",\"@id\":\"https:\\\/\\\/proyeccionedomex.com.mx\\\/?p=12423#primaryimage\",\"url\":\"https:\\\/\\\/proyeccionedomex.com.mx\\\/wp-content\\\/uploads\\\/2026\\\/04\\\/image-66.jpeg\",\"contentUrl\":\"https:\\\/\\\/proyeccionedomex.com.mx\\\/wp-content\\\/uploads\\\/2026\\\/04\\\/image-66.jpeg\",\"width\":1600,\"height\":1600},{\"@type\":\"BreadcrumbList\",\"@id\":\"https:\\\/\\\/proyeccionedomex.com.mx\\\/?p=12423#breadcrumb\",\"itemListElement\":[{\"@type\":\"ListItem\",\"position\":1,\"name\":\"Portada\",\"item\":\"https:\\\/\\\/proyeccionedomex.com.mx\\\/\"},{\"@type\":\"ListItem\",\"position\":2,\"name\":\"HASTA 15 A\u00d1OS DE C\u00c1RCEL POR MALTRATO ANIMAL EN EDOM\u00c9X\"}]},{\"@type\":\"WebSite\",\"@id\":\"https:\\\/\\\/proyeccionedomex.com.mx\\\/#website\",\"url\":\"https:\\\/\\\/proyeccionedomex.com.mx\\\/\",\"name\":\"Proyecci\u00f3n Estado de M\u00e9xico\",\"description\":\"Proyecci\u00f3n Edo. Mex.\",\"publisher\":{\"@id\":\"https:\\\/\\\/proyeccionedomex.com.mx\\\/#organization\"},\"potentialAction\":[{\"@type\":\"SearchAction\",\"target\":{\"@type\":\"EntryPoint\",\"urlTemplate\":\"https:\\\/\\\/proyeccionedomex.com.mx\\\/?s={search_term_string}\"},\"query-input\":{\"@type\":\"PropertyValueSpecification\",\"valueRequired\":true,\"valueName\":\"search_term_string\"}}],\"inLanguage\":\"es\"},{\"@type\":\"Organization\",\"@id\":\"https:\\\/\\\/proyeccionedomex.com.mx\\\/#organization\",\"name\":\"Proyecci\u00f3n Estado de M\u00e9xico\",\"url\":\"https:\\\/\\\/proyeccionedomex.com.mx\\\/\",\"logo\":{\"@type\":\"ImageObject\",\"inLanguage\":\"es\",\"@id\":\"https:\\\/\\\/proyeccionedomex.com.mx\\\/#\\\/schema\\\/logo\\\/image\\\/\",\"url\":\"https:\\\/\\\/proyeccionedomex.com.mx\\\/wp-content\\\/uploads\\\/2024\\\/03\\\/proyeccion.jpg\",\"contentUrl\":\"https:\\\/\\\/proyeccionedomex.com.mx\\\/wp-content\\\/uploads\\\/2024\\\/03\\\/proyeccion.jpg\",\"width\":1143,\"height\":801,\"caption\":\"Proyecci\u00f3n Estado de M\u00e9xico\"},\"image\":{\"@id\":\"https:\\\/\\\/proyeccionedomex.com.mx\\\/#\\\/schema\\\/logo\\\/image\\\/\"},\"sameAs\":[\"https:\\\/\\\/www.facebook.com\\\/PortaldeNoticiasProyeccionEdomex\"]},{\"@type\":\"Person\",\"@id\":\"https:\\\/\\\/proyeccionedomex.com.mx\\\/#\\\/schema\\\/person\\\/2e66b5427bffed972a69e6b66b4e3a76\",\"name\":\"Redacci\u00f3n Proyecci\u00f3n EDOM\u00c9X\",\"image\":{\"@type\":\"ImageObject\",\"inLanguage\":\"es\",\"@id\":\"https:\\\/\\\/secure.gravatar.com\\\/avatar\\\/f43a2254d614198c44c96f86f1f078a06cac3d39a3250e9245aa331797519cab?s=96&d=mm&r=g\",\"url\":\"https:\\\/\\\/secure.gravatar.com\\\/avatar\\\/f43a2254d614198c44c96f86f1f078a06cac3d39a3250e9245aa331797519cab?s=96&d=mm&r=g\",\"contentUrl\":\"https:\\\/\\\/secure.gravatar.com\\\/avatar\\\/f43a2254d614198c44c96f86f1f078a06cac3d39a3250e9245aa331797519cab?s=96&d=mm&r=g\",\"caption\":\"Redacci\u00f3n Proyecci\u00f3n EDOM\u00c9X\"},\"sameAs\":[\"https:\\\/\\\/proyeccionedomex.com.mx\"],\"url\":\"https:\\\/\\\/proyeccionedomex.com.mx\\\/?author=1\"}]}<\/script>\n<!-- \/ Yoast SEO plugin. -->","yoast_head_json":{"title":"HASTA 15 A\u00d1OS DE C\u00c1RCEL POR MALTRATO ANIMAL EN EDOM\u00c9X - Proyecci\u00f3n Estado de M\u00e9xico","robots":{"index":"index","follow":"follow","max-snippet":"max-snippet:-1","max-image-preview":"max-image-preview:large","max-video-preview":"max-video-preview:-1"},"canonical":"https:\/\/proyeccionedomex.com.mx\/?p=12423","og_locale":"es_ES","og_type":"article","og_title":"HASTA 15 A\u00d1OS DE C\u00c1RCEL POR MALTRATO ANIMAL EN EDOM\u00c9X - Proyecci\u00f3n Estado de M\u00e9xico","og_description":"HASTA 15 A\u00d1OS DE C\u00c1RCEL POR MALTRATO ANIMAL EN EDOM\u00c9X Nueva ley endurece sanciones y reconoce a los animales como seres sintientes PVEM presume avances y coloca el bienestar animal en el centro de la agenda Toluca, EDOM\u00c9X.\u2014 El maltrato animal en el Estado de M\u00e9xico podr\u00eda dejar de ser un delito minimizado para convertirse [&hellip;]","og_url":"https:\/\/proyeccionedomex.com.mx\/?p=12423","og_site_name":"Proyecci\u00f3n Estado de M\u00e9xico","article_publisher":"https:\/\/www.facebook.com\/PortaldeNoticiasProyeccionEdomex","article_published_time":"2026-04-27T15:33:55+00:00","article_modified_time":"2026-04-27T15:33:59+00:00","og_image":[{"width":1600,"height":1600,"url":"https:\/\/proyeccionedomex.com.mx\/wp-content\/uploads\/2026\/04\/image-66.jpeg","type":"image\/jpeg"}],"author":"Redacci\u00f3n Proyecci\u00f3n EDOM\u00c9X","twitter_card":"summary_large_image","twitter_misc":{"Escrito por":"Redacci\u00f3n Proyecci\u00f3n EDOM\u00c9X","Tiempo de lectura":"3 minutos"},"schema":{"@context":"https:\/\/schema.org","@graph":[{"@type":"Article","@id":"https:\/\/proyeccionedomex.com.mx\/?p=12423#article","isPartOf":{"@id":"https:\/\/proyeccionedomex.com.mx\/?p=12423"},"author":{"name":"Redacci\u00f3n Proyecci\u00f3n EDOM\u00c9X","@id":"https:\/\/proyeccionedomex.com.mx\/#\/schema\/person\/2e66b5427bffed972a69e6b66b4e3a76"},"headline":"HASTA 15 A\u00d1OS DE C\u00c1RCEL POR MALTRATO ANIMAL EN EDOM\u00c9X","datePublished":"2026-04-27T15:33:55+00:00","dateModified":"2026-04-27T15:33:59+00:00","mainEntityOfPage":{"@id":"https:\/\/proyeccionedomex.com.mx\/?p=12423"},"wordCount":429,"commentCount":0,"publisher":{"@id":"https:\/\/proyeccionedomex.com.mx\/#organization"},"image":{"@id":"https:\/\/proyeccionedomex.com.mx\/?p=12423#primaryimage"},"thumbnailUrl":"https:\/\/proyeccionedomex.com.mx\/wp-content\/uploads\/2026\/04\/image-66.jpeg","articleSection":["Estatal","Politica"],"inLanguage":"es","potentialAction":[{"@type":"CommentAction","name":"Comment","target":["https:\/\/proyeccionedomex.com.mx\/?p=12423#respond"]}]},{"@type":"WebPage","@id":"https:\/\/proyeccionedomex.com.mx\/?p=12423","url":"https:\/\/proyeccionedomex.com.mx\/?p=12423","name":"HASTA 15 A\u00d1OS DE C\u00c1RCEL POR MALTRATO ANIMAL EN EDOM\u00c9X - Proyecci\u00f3n Estado de M\u00e9xico","isPartOf":{"@id":"https:\/\/proyeccionedomex.com.mx\/#website"},"primaryImageOfPage":{"@id":"https:\/\/proyeccionedomex.com.mx\/?p=12423#primaryimage"},"image":{"@id":"https:\/\/proyeccionedomex.com.mx\/?p=12423#primaryimage"},"thumbnailUrl":"https:\/\/proyeccionedomex.com.mx\/wp-content\/uploads\/2026\/04\/image-66.jpeg","datePublished":"2026-04-27T15:33:55+00:00","dateModified":"2026-04-27T15:33:59+00:00","breadcrumb":{"@id":"https:\/\/proyeccionedomex.com.mx\/?p=12423#breadcrumb"},"inLanguage":"es","potentialAction":[{"@type":"ReadAction","target":["https:\/\/proyeccionedomex.com.mx\/?p=12423"]}]},{"@type":"ImageObject","inLanguage":"es","@id":"https:\/\/proyeccionedomex.com.mx\/?p=12423#primaryimage","url":"https:\/\/proyeccionedomex.com.mx\/wp-content\/uploads\/2026\/04\/image-66.jpeg","contentUrl":"https:\/\/proyeccionedomex.com.mx\/wp-content\/uploads\/2026\/04\/image-66.jpeg","width":1600,"height":1600},{"@type":"BreadcrumbList","@id":"https:\/\/proyeccionedomex.com.mx\/?p=12423#breadcrumb","itemListElement":[{"@type":"ListItem","position":1,"name":"Portada","item":"https:\/\/proyeccionedomex.com.mx\/"},{"@type":"ListItem","position":2,"name":"HASTA 15 A\u00d1OS DE C\u00c1RCEL POR MALTRATO ANIMAL EN EDOM\u00c9X"}]},{"@type":"WebSite","@id":"https:\/\/proyeccionedomex.com.mx\/#website","url":"https:\/\/proyeccionedomex.com.mx\/","name":"Proyecci\u00f3n Estado de M\u00e9xico","description":"Proyecci\u00f3n Edo. Mex.","publisher":{"@id":"https:\/\/proyeccionedomex.com.mx\/#organization"},"potentialAction":[{"@type":"SearchAction","target":{"@type":"EntryPoint","urlTemplate":"https:\/\/proyeccionedomex.com.mx\/?s={search_term_string}"},"query-input":{"@type":"PropertyValueSpecification","valueRequired":true,"valueName":"search_term_string"}}],"inLanguage":"es"},{"@type":"Organization","@id":"https:\/\/proyeccionedomex.com.mx\/#organization","name":"Proyecci\u00f3n Estado de M\u00e9xico","url":"https:\/\/proyeccionedomex.com.mx\/","logo":{"@type":"ImageObject","inLanguage":"es","@id":"https:\/\/proyeccionedomex.com.mx\/#\/schema\/logo\/image\/","url":"https:\/\/proyeccionedomex.com.mx\/wp-content\/uploads\/2024\/03\/proyeccion.jpg","contentUrl":"https:\/\/proyeccionedomex.com.mx\/wp-content\/uploads\/2024\/03\/proyeccion.jpg","width":1143,"height":801,"caption":"Proyecci\u00f3n Estado de M\u00e9xico"},"image":{"@id":"https:\/\/proyeccionedomex.com.mx\/#\/schema\/logo\/image\/"},"sameAs":["https:\/\/www.facebook.com\/PortaldeNoticiasProyeccionEdomex"]},{"@type":"Person","@id":"https:\/\/proyeccionedomex.com.mx\/#\/schema\/person\/2e66b5427bffed972a69e6b66b4e3a76","name":"Redacci\u00f3n Proyecci\u00f3n EDOM\u00c9X","image":{"@type":"ImageObject","inLanguage":"es","@id":"https:\/\/secure.gravatar.com\/avatar\/f43a2254d614198c44c96f86f1f078a06cac3d39a3250e9245aa331797519cab?s=96&d=mm&r=g","url":"https:\/\/secure.gravatar.com\/avatar\/f43a2254d614198c44c96f86f1f078a06cac3d39a3250e9245aa331797519cab?s=96&d=mm&r=g","contentUrl":"https:\/\/secure.gravatar.com\/avatar\/f43a2254d614198c44c96f86f1f078a06cac3d39a3250e9245aa331797519cab?s=96&d=mm&r=g","caption":"Redacci\u00f3n Proyecci\u00f3n EDOM\u00c9X"},"sameAs":["https:\/\/proyeccionedomex.com.mx"],"url":"https:\/\/proyeccionedomex.com.mx\/?author=1"}]}},"_links":{"self":[{"href":"https:\/\/proyeccionedomex.com.mx\/index.php?rest_route=\/wp\/v2\/posts\/12423","targetHints":{"allow":["GET"]}}],"collection":[{"href":"https:\/\/proyeccionedomex.com.mx\/index.php?rest_route=\/wp\/v2\/posts"}],"about":[{"href":"https:\/\/proyeccionedomex.com.mx\/index.php?rest_route=\/wp\/v2\/types\/post"}],"author":[{"embeddable":true,"href":"https:\/\/proyeccionedomex.com.mx\/index.php?rest_route=\/wp\/v2\/users\/1"}],"replies":[{"embeddable":true,"href":"https:\/\/proyeccionedomex.com.mx\/index.php?rest_route=%2Fwp%2Fv2%2Fcomments&post=12423"}],"version-history":[{"count":1,"href":"https:\/\/proyeccionedomex.com.mx\/index.php?rest_route=\/wp\/v2\/posts\/12423\/revisions"}],"predecessor-version":[{"id":12425,"href":"https:\/\/proyeccionedomex.com.mx\/index.php?rest_route=\/wp\/v2\/posts\/12423\/revisions\/12425"}],"wp:featuredmedia":[{"embeddable":true,"href":"https:\/\/proyeccionedomex.com.mx\/index.php?rest_route=\/wp\/v2\/media\/12424"}],"wp:attachment":[{"href":"https:\/\/proyeccionedomex.com.mx\/index.php?rest_route=%2Fwp%2Fv2%2Fmedia&parent=12423"}],"wp:term":[{"taxonomy":"category","embeddable":true,"href":"https:\/\/proyeccionedomex.com.mx\/index.php?rest_route=%2Fwp%2Fv2%2Fcategories&post=12423"},{"taxonomy":"post_tag","embeddable":true,"href":"https:\/\/proyeccionedomex.com.mx\/index.php?rest_route=%2Fwp%2Fv2%2Ftags&post=12423"}],"curies":[{"name":"wp","href":"https:\/\/api.w.org\/{rel}","templated":true}]}}