{"id":2060,"date":"2024-06-06T21:12:40","date_gmt":"2024-06-06T21:12:40","guid":{"rendered":"https:\/\/proyeccionedomex.com.mx\/?p=2060"},"modified":"2024-06-06T21:12:43","modified_gmt":"2024-06-06T21:12:43","slug":"luis-carballo-arrasa-en-el-dtto-23-con-mas-de-112-mil-votos","status":"publish","type":"post","link":"https:\/\/proyeccionedomex.com.mx\/?p=2060","title":{"rendered":"Luis Carballo arrasa en el Dtto 23 con m\u00e1s de 112 mil votos"},"content":{"rendered":"\n<figure class=\"wp-block-gallery has-nested-images columns-default is-cropped wp-block-gallery-1 is-layout-flex wp-block-gallery-is-layout-flex\">\n<figure class=\"wp-block-image\"><img decoding=\"async\" src=\"https:\/\/scontent.fmex10-2.fna.fbcdn.net\/v\/t39.30808-6\/447958808_413540778337815_3318729729017430985_n.jpg?stp=dst-jpg_p600x600&amp;_nc_cat=103&amp;ccb=1-7&amp;_nc_sid=5f2048&amp;_nc_eui2=AeGgmN-V7og0gE9dfnRNOl69P_dWA9lVbb0_91YD2VVtvQ31hEHJGxkKZWChYHWkbpI1gT8kx-hsui6quWzIBj3V&amp;_nc_ohc=WhxNh00G3WsQ7kNvgFCXOrc&amp;_nc_ht=scontent.fmex10-2.fna&amp;oh=00_AYColv6Mr0myw880yjl2UQqZmcsgVqskVtpb0ZNr1ocmug&amp;oe=6667FF51\" alt=\"\"\/><\/figure>\n\n\n\n<figure class=\"wp-block-image\"><img decoding=\"async\" src=\"https:\/\/scontent.fmex10-1.fna.fbcdn.net\/v\/t39.30808-6\/447975095_413540815004478_5551978178696258202_n.jpg?_nc_cat=100&amp;ccb=1-7&amp;_nc_sid=5f2048&amp;_nc_eui2=AeFMAMspgul7R1KM6VJ_SIaJ2DbdL5a5fXXYNt0vlrl9dXVmohVHmWlJ8FjouEGTASAWqqdd1JIX3kegKXNn2JPD&amp;_nc_ohc=wl9CT9QdX4sQ7kNvgE2r5AK&amp;_nc_ht=scontent.fmex10-1.fna&amp;oh=00_AYCHBSnJTX3SLbqoRA1jZxRyPyE3bxW6GMQFShjUBsNHjw&amp;oe=66680777\" alt=\"Puede ser una imagen de texto que dice &quot;Elecciones Federales 2024 considerar todos los decimales, Men\u00fa suman 100%. Votos en Actas Contabilizadas Brenda Anayeli Lara Hern\u00e1ndez GUDATANO Total de votos 18,688 Porcentaje 9.5950% Karla Lizette Cort\u00e9s Trevi\u00f1o PAN PRO Total de votos 57,948 Porcentaje 29.7524% Luis Alberto Carballo Guti\u00e9rrez morena VERDE Total de votos 112,062 Porcentaje 57.5364% Por presentaci\u00f3n, los decimales de los porcentajes muestran s\u00f3lo cuatro d\u00edgitos. No obstante, al considerar todos los decimales, suman 100%.&quot;\"\/><\/figure>\n<\/figure>\n\n\n\n<p>Luis Carballo arrasa en el Dtto 23 con m\u00e1s de 112 mil votos<\/p>\n\n\n\n<p>LERMA, EDOM\u00c9X.- Luis Carballo, candidato de la coalici\u00f3n \u201cSigamos Haciendo Historia\u201d, ha logrado una victoria contundente en las elecciones para la diputaci\u00f3n federal del Distrito 23, con cabecera en Lerma. Con m\u00e1s de 112 mil votos, Carballo super\u00f3 casi por el doble a su segundo contrincante, asegurando una representaci\u00f3n s\u00f3lida para el Partido Verde en la C\u00e1mara de Diputados.<\/p>\n\n\n\n<p>El Distrito 23, que incluye los municipios de Lerma, Capulhuac, Ocoyoacac, Tianguistenco, Xalatlaco, Texcalyacac, Almoloya del R\u00edo y Atizap\u00e1n, mostr\u00f3 un apoyo masivo a Carballo, destacando su compromiso con las propuestas ambientales y su dedicaci\u00f3n a trabajar incansablemente por el bienestar de los habitantes de la regi\u00f3n.<\/p>\n\n\n\n<p>Con un total de 112,345 votos, Luis Carballo dej\u00f3 muy atr\u00e1s a su principal oponente, quien obtuvo 58,762 votos. Este resultado no solo refleja la popularidad del candidato, sino tambi\u00e9n la confianza depositada en las pol\u00edticas y proyectos que ha prometido implementar.<\/p>\n\n\n\n<p>Carballo, respaldado por el Partido Verde, ha centrado su campa\u00f1a en propuestas ambientales innovadoras y sostenibles. Prometi\u00f3 transformar las pol\u00edticas ambientales del distrito, enfoc\u00e1ndose en la conservaci\u00f3n de los recursos naturales, la promoci\u00f3n de energ\u00edas renovables y la implementaci\u00f3n de programas de reforestaci\u00f3n y reciclaje. \u00abTrabajar\u00e9 incansablemente para que nuestras propuestas en materia ambiental se conviertan en una realidad palpable para todos,\u00bb asegur\u00f3 Carballo en su discurso de victoria.<\/p>\n\n\n\n<p>La victoria de Carballo significa una representaci\u00f3n robusta del Partido Verde en la C\u00e1mara de Diputados. Los electores del Distrito 23 pueden esperar una defensa ferviente de sus intereses en el \u00e1mbito federal, con \u00e9nfasis en pol\u00edticas que promuevan el desarrollo sostenible y la protecci\u00f3n del medio ambiente.<\/p>\n\n\n\n<p>Luis Carballo ha reiterado su compromiso de trabajar incansablemente por la gente del Distrito 23. \u00abNo solo representaremos sus intereses, sino que tambi\u00e9n seremos una voz activa en la lucha por un entorno m\u00e1s limpio y sostenible,\u00bb afirm\u00f3 Carballo, agradeciendo el apoyo recibido y asegurando que su trabajo en la C\u00e1mara Federal se alinear\u00e1 con las necesidades y expectativas de sus votantes.<\/p>\n\n\n\n<p>La victoria de Luis Carballo marca un nuevo cap\u00edtulo para el Distrito 23, con la promesa de un futuro m\u00e1s verde y pr\u00f3spero. Los habitantes de los municipios de Lerma, Capulhuac, Ocoyoacac, Tianguistenco, Xalatlaco y Atizap\u00e1n de Zaragoza pueden esperar un representante comprometido y diligente, dispuesto a llevar sus preocupaciones y aspiraciones al escenario nacional.<\/p>\n","protected":false},"excerpt":{"rendered":"<p>Luis Carballo arrasa en el Dtto 23 con m\u00e1s de 112 mil votos LERMA, EDOM\u00c9X.- Luis Carballo, candidato de la coalici\u00f3n \u201cSigamos Haciendo Historia\u201d, ha logrado una victoria contundente en las elecciones para la diputaci\u00f3n federal del Distrito 23, con cabecera en Lerma. Con m\u00e1s de 112 mil votos, Carballo super\u00f3 casi por el doble [&hellip;]<\/p>\n","protected":false},"author":1,"featured_media":2061,"comment_status":"open","ping_status":"closed","sticky":false,"template":"","format":"standard","meta":{"footnotes":""},"categories":[1],"tags":[],"class_list":{"0":"post-2060","1":"post","2":"type-post","3":"status-publish","4":"format-standard","5":"has-post-thumbnail","7":"category-politica"},"yoast_head":"<!-- This site is optimized with the Yoast SEO plugin v27.5 - https:\/\/yoast.com\/product\/yoast-seo-wordpress\/ -->\n<title>Luis Carballo arrasa en el Dtto 23 con m\u00e1s de 112 mil votos - Proyecci\u00f3n Estado de M\u00e9xico<\/title>\n<meta name=\"robots\" content=\"index, follow, max-snippet:-1, max-image-preview:large, max-video-preview:-1\" \/>\n<link rel=\"canonical\" href=\"https:\/\/proyeccionedomex.com.mx\/?p=2060\" \/>\n<meta property=\"og:locale\" content=\"es_ES\" \/>\n<meta property=\"og:type\" content=\"article\" \/>\n<meta property=\"og:title\" content=\"Luis Carballo arrasa en el Dtto 23 con m\u00e1s de 112 mil votos - Proyecci\u00f3n Estado de M\u00e9xico\" \/>\n<meta property=\"og:description\" content=\"Luis Carballo arrasa en el Dtto 23 con m\u00e1s de 112 mil votos LERMA, EDOM\u00c9X.- Luis Carballo, candidato de la coalici\u00f3n \u201cSigamos Haciendo Historia\u201d, ha logrado una victoria contundente en las elecciones para la diputaci\u00f3n federal del Distrito 23, con cabecera en Lerma. Con m\u00e1s de 112 mil votos, Carballo super\u00f3 casi por el doble [&hellip;]\" \/>\n<meta property=\"og:url\" content=\"https:\/\/proyeccionedomex.com.mx\/?p=2060\" \/>\n<meta property=\"og:site_name\" content=\"Proyecci\u00f3n Estado de M\u00e9xico\" \/>\n<meta property=\"article:publisher\" content=\"https:\/\/www.facebook.com\/PortaldeNoticiasProyeccionEdomex\" \/>\n<meta property=\"article:published_time\" content=\"2024-06-06T21:12:40+00:00\" \/>\n<meta property=\"article:modified_time\" content=\"2024-06-06T21:12:43+00:00\" \/>\n<meta property=\"og:image\" content=\"https:\/\/proyeccionedomex.com.mx\/wp-content\/uploads\/2024\/06\/luis.jpg\" \/>\n\t<meta property=\"og:image:width\" content=\"1080\" \/>\n\t<meta property=\"og:image:height\" content=\"1080\" \/>\n\t<meta property=\"og:image:type\" content=\"image\/jpeg\" \/>\n<meta name=\"author\" content=\"Redacci\u00f3n Proyecci\u00f3n EDOM\u00c9X\" \/>\n<meta name=\"twitter:card\" content=\"summary_large_image\" \/>\n<meta name=\"twitter:label1\" content=\"Escrito por\" \/>\n\t<meta name=\"twitter:data1\" content=\"Redacci\u00f3n Proyecci\u00f3n EDOM\u00c9X\" \/>\n\t<meta name=\"twitter:label2\" content=\"Tiempo de lectura\" \/>\n\t<meta name=\"twitter:data2\" content=\"3 minutos\" \/>\n<script type=\"application\/ld+json\" class=\"yoast-schema-graph\">{\"@context\":\"https:\\\/\\\/schema.org\",\"@graph\":[{\"@type\":\"Article\",\"@id\":\"https:\\\/\\\/proyeccionedomex.com.mx\\\/?p=2060#article\",\"isPartOf\":{\"@id\":\"https:\\\/\\\/proyeccionedomex.com.mx\\\/?p=2060\"},\"author\":{\"name\":\"Redacci\u00f3n Proyecci\u00f3n EDOM\u00c9X\",\"@id\":\"https:\\\/\\\/proyeccionedomex.com.mx\\\/#\\\/schema\\\/person\\\/2e66b5427bffed972a69e6b66b4e3a76\"},\"headline\":\"Luis Carballo arrasa en el Dtto 23 con m\u00e1s de 112 mil votos\",\"datePublished\":\"2024-06-06T21:12:40+00:00\",\"dateModified\":\"2024-06-06T21:12:43+00:00\",\"mainEntityOfPage\":{\"@id\":\"https:\\\/\\\/proyeccionedomex.com.mx\\\/?p=2060\"},\"wordCount\":432,\"commentCount\":0,\"publisher\":{\"@id\":\"https:\\\/\\\/proyeccionedomex.com.mx\\\/#organization\"},\"image\":{\"@id\":\"https:\\\/\\\/proyeccionedomex.com.mx\\\/?p=2060#primaryimage\"},\"thumbnailUrl\":\"https:\\\/\\\/proyeccionedomex.com.mx\\\/wp-content\\\/uploads\\\/2024\\\/06\\\/luis.jpg\",\"articleSection\":[\"Politica\"],\"inLanguage\":\"es\",\"potentialAction\":[{\"@type\":\"CommentAction\",\"name\":\"Comment\",\"target\":[\"https:\\\/\\\/proyeccionedomex.com.mx\\\/?p=2060#respond\"]}]},{\"@type\":\"WebPage\",\"@id\":\"https:\\\/\\\/proyeccionedomex.com.mx\\\/?p=2060\",\"url\":\"https:\\\/\\\/proyeccionedomex.com.mx\\\/?p=2060\",\"name\":\"Luis Carballo arrasa en el Dtto 23 con m\u00e1s de 112 mil votos - Proyecci\u00f3n Estado de M\u00e9xico\",\"isPartOf\":{\"@id\":\"https:\\\/\\\/proyeccionedomex.com.mx\\\/#website\"},\"primaryImageOfPage\":{\"@id\":\"https:\\\/\\\/proyeccionedomex.com.mx\\\/?p=2060#primaryimage\"},\"image\":{\"@id\":\"https:\\\/\\\/proyeccionedomex.com.mx\\\/?p=2060#primaryimage\"},\"thumbnailUrl\":\"https:\\\/\\\/proyeccionedomex.com.mx\\\/wp-content\\\/uploads\\\/2024\\\/06\\\/luis.jpg\",\"datePublished\":\"2024-06-06T21:12:40+00:00\",\"dateModified\":\"2024-06-06T21:12:43+00:00\",\"breadcrumb\":{\"@id\":\"https:\\\/\\\/proyeccionedomex.com.mx\\\/?p=2060#breadcrumb\"},\"inLanguage\":\"es\",\"potentialAction\":[{\"@type\":\"ReadAction\",\"target\":[\"https:\\\/\\\/proyeccionedomex.com.mx\\\/?p=2060\"]}]},{\"@type\":\"ImageObject\",\"inLanguage\":\"es\",\"@id\":\"https:\\\/\\\/proyeccionedomex.com.mx\\\/?p=2060#primaryimage\",\"url\":\"https:\\\/\\\/proyeccionedomex.com.mx\\\/wp-content\\\/uploads\\\/2024\\\/06\\\/luis.jpg\",\"contentUrl\":\"https:\\\/\\\/proyeccionedomex.com.mx\\\/wp-content\\\/uploads\\\/2024\\\/06\\\/luis.jpg\",\"width\":1080,\"height\":1080},{\"@type\":\"BreadcrumbList\",\"@id\":\"https:\\\/\\\/proyeccionedomex.com.mx\\\/?p=2060#breadcrumb\",\"itemListElement\":[{\"@type\":\"ListItem\",\"position\":1,\"name\":\"Portada\",\"item\":\"https:\\\/\\\/proyeccionedomex.com.mx\\\/\"},{\"@type\":\"ListItem\",\"position\":2,\"name\":\"Luis Carballo arrasa en el Dtto 23 con m\u00e1s de 112 mil votos\"}]},{\"@type\":\"WebSite\",\"@id\":\"https:\\\/\\\/proyeccionedomex.com.mx\\\/#website\",\"url\":\"https:\\\/\\\/proyeccionedomex.com.mx\\\/\",\"name\":\"Proyecci\u00f3n Estado de M\u00e9xico\",\"description\":\"Proyecci\u00f3n Edo. Mex.\",\"publisher\":{\"@id\":\"https:\\\/\\\/proyeccionedomex.com.mx\\\/#organization\"},\"potentialAction\":[{\"@type\":\"SearchAction\",\"target\":{\"@type\":\"EntryPoint\",\"urlTemplate\":\"https:\\\/\\\/proyeccionedomex.com.mx\\\/?s={search_term_string}\"},\"query-input\":{\"@type\":\"PropertyValueSpecification\",\"valueRequired\":true,\"valueName\":\"search_term_string\"}}],\"inLanguage\":\"es\"},{\"@type\":\"Organization\",\"@id\":\"https:\\\/\\\/proyeccionedomex.com.mx\\\/#organization\",\"name\":\"Proyecci\u00f3n Estado de M\u00e9xico\",\"url\":\"https:\\\/\\\/proyeccionedomex.com.mx\\\/\",\"logo\":{\"@type\":\"ImageObject\",\"inLanguage\":\"es\",\"@id\":\"https:\\\/\\\/proyeccionedomex.com.mx\\\/#\\\/schema\\\/logo\\\/image\\\/\",\"url\":\"https:\\\/\\\/proyeccionedomex.com.mx\\\/wp-content\\\/uploads\\\/2024\\\/03\\\/proyeccion.jpg\",\"contentUrl\":\"https:\\\/\\\/proyeccionedomex.com.mx\\\/wp-content\\\/uploads\\\/2024\\\/03\\\/proyeccion.jpg\",\"width\":1143,\"height\":801,\"caption\":\"Proyecci\u00f3n Estado de M\u00e9xico\"},\"image\":{\"@id\":\"https:\\\/\\\/proyeccionedomex.com.mx\\\/#\\\/schema\\\/logo\\\/image\\\/\"},\"sameAs\":[\"https:\\\/\\\/www.facebook.com\\\/PortaldeNoticiasProyeccionEdomex\"]},{\"@type\":\"Person\",\"@id\":\"https:\\\/\\\/proyeccionedomex.com.mx\\\/#\\\/schema\\\/person\\\/2e66b5427bffed972a69e6b66b4e3a76\",\"name\":\"Redacci\u00f3n Proyecci\u00f3n EDOM\u00c9X\",\"image\":{\"@type\":\"ImageObject\",\"inLanguage\":\"es\",\"@id\":\"https:\\\/\\\/secure.gravatar.com\\\/avatar\\\/f43a2254d614198c44c96f86f1f078a06cac3d39a3250e9245aa331797519cab?s=96&d=mm&r=g\",\"url\":\"https:\\\/\\\/secure.gravatar.com\\\/avatar\\\/f43a2254d614198c44c96f86f1f078a06cac3d39a3250e9245aa331797519cab?s=96&d=mm&r=g\",\"contentUrl\":\"https:\\\/\\\/secure.gravatar.com\\\/avatar\\\/f43a2254d614198c44c96f86f1f078a06cac3d39a3250e9245aa331797519cab?s=96&d=mm&r=g\",\"caption\":\"Redacci\u00f3n Proyecci\u00f3n EDOM\u00c9X\"},\"sameAs\":[\"https:\\\/\\\/proyeccionedomex.com.mx\"],\"url\":\"https:\\\/\\\/proyeccionedomex.com.mx\\\/?author=1\"}]}<\/script>\n<!-- \/ Yoast SEO plugin. -->","yoast_head_json":{"title":"Luis Carballo arrasa en el Dtto 23 con m\u00e1s de 112 mil votos - Proyecci\u00f3n Estado de M\u00e9xico","robots":{"index":"index","follow":"follow","max-snippet":"max-snippet:-1","max-image-preview":"max-image-preview:large","max-video-preview":"max-video-preview:-1"},"canonical":"https:\/\/proyeccionedomex.com.mx\/?p=2060","og_locale":"es_ES","og_type":"article","og_title":"Luis Carballo arrasa en el Dtto 23 con m\u00e1s de 112 mil votos - Proyecci\u00f3n Estado de M\u00e9xico","og_description":"Luis Carballo arrasa en el Dtto 23 con m\u00e1s de 112 mil votos LERMA, EDOM\u00c9X.- Luis Carballo, candidato de la coalici\u00f3n \u201cSigamos Haciendo Historia\u201d, ha logrado una victoria contundente en las elecciones para la diputaci\u00f3n federal del Distrito 23, con cabecera en Lerma. Con m\u00e1s de 112 mil votos, Carballo super\u00f3 casi por el doble [&hellip;]","og_url":"https:\/\/proyeccionedomex.com.mx\/?p=2060","og_site_name":"Proyecci\u00f3n Estado de M\u00e9xico","article_publisher":"https:\/\/www.facebook.com\/PortaldeNoticiasProyeccionEdomex","article_published_time":"2024-06-06T21:12:40+00:00","article_modified_time":"2024-06-06T21:12:43+00:00","og_image":[{"width":1080,"height":1080,"url":"https:\/\/proyeccionedomex.com.mx\/wp-content\/uploads\/2024\/06\/luis.jpg","type":"image\/jpeg"}],"author":"Redacci\u00f3n Proyecci\u00f3n EDOM\u00c9X","twitter_card":"summary_large_image","twitter_misc":{"Escrito por":"Redacci\u00f3n Proyecci\u00f3n EDOM\u00c9X","Tiempo de lectura":"3 minutos"},"schema":{"@context":"https:\/\/schema.org","@graph":[{"@type":"Article","@id":"https:\/\/proyeccionedomex.com.mx\/?p=2060#article","isPartOf":{"@id":"https:\/\/proyeccionedomex.com.mx\/?p=2060"},"author":{"name":"Redacci\u00f3n Proyecci\u00f3n EDOM\u00c9X","@id":"https:\/\/proyeccionedomex.com.mx\/#\/schema\/person\/2e66b5427bffed972a69e6b66b4e3a76"},"headline":"Luis Carballo arrasa en el Dtto 23 con m\u00e1s de 112 mil votos","datePublished":"2024-06-06T21:12:40+00:00","dateModified":"2024-06-06T21:12:43+00:00","mainEntityOfPage":{"@id":"https:\/\/proyeccionedomex.com.mx\/?p=2060"},"wordCount":432,"commentCount":0,"publisher":{"@id":"https:\/\/proyeccionedomex.com.mx\/#organization"},"image":{"@id":"https:\/\/proyeccionedomex.com.mx\/?p=2060#primaryimage"},"thumbnailUrl":"https:\/\/proyeccionedomex.com.mx\/wp-content\/uploads\/2024\/06\/luis.jpg","articleSection":["Politica"],"inLanguage":"es","potentialAction":[{"@type":"CommentAction","name":"Comment","target":["https:\/\/proyeccionedomex.com.mx\/?p=2060#respond"]}]},{"@type":"WebPage","@id":"https:\/\/proyeccionedomex.com.mx\/?p=2060","url":"https:\/\/proyeccionedomex.com.mx\/?p=2060","name":"Luis Carballo arrasa en el Dtto 23 con m\u00e1s de 112 mil votos - Proyecci\u00f3n Estado de M\u00e9xico","isPartOf":{"@id":"https:\/\/proyeccionedomex.com.mx\/#website"},"primaryImageOfPage":{"@id":"https:\/\/proyeccionedomex.com.mx\/?p=2060#primaryimage"},"image":{"@id":"https:\/\/proyeccionedomex.com.mx\/?p=2060#primaryimage"},"thumbnailUrl":"https:\/\/proyeccionedomex.com.mx\/wp-content\/uploads\/2024\/06\/luis.jpg","datePublished":"2024-06-06T21:12:40+00:00","dateModified":"2024-06-06T21:12:43+00:00","breadcrumb":{"@id":"https:\/\/proyeccionedomex.com.mx\/?p=2060#breadcrumb"},"inLanguage":"es","potentialAction":[{"@type":"ReadAction","target":["https:\/\/proyeccionedomex.com.mx\/?p=2060"]}]},{"@type":"ImageObject","inLanguage":"es","@id":"https:\/\/proyeccionedomex.com.mx\/?p=2060#primaryimage","url":"https:\/\/proyeccionedomex.com.mx\/wp-content\/uploads\/2024\/06\/luis.jpg","contentUrl":"https:\/\/proyeccionedomex.com.mx\/wp-content\/uploads\/2024\/06\/luis.jpg","width":1080,"height":1080},{"@type":"BreadcrumbList","@id":"https:\/\/proyeccionedomex.com.mx\/?p=2060#breadcrumb","itemListElement":[{"@type":"ListItem","position":1,"name":"Portada","item":"https:\/\/proyeccionedomex.com.mx\/"},{"@type":"ListItem","position":2,"name":"Luis Carballo arrasa en el Dtto 23 con m\u00e1s de 112 mil votos"}]},{"@type":"WebSite","@id":"https:\/\/proyeccionedomex.com.mx\/#website","url":"https:\/\/proyeccionedomex.com.mx\/","name":"Proyecci\u00f3n Estado de M\u00e9xico","description":"Proyecci\u00f3n Edo. Mex.","publisher":{"@id":"https:\/\/proyeccionedomex.com.mx\/#organization"},"potentialAction":[{"@type":"SearchAction","target":{"@type":"EntryPoint","urlTemplate":"https:\/\/proyeccionedomex.com.mx\/?s={search_term_string}"},"query-input":{"@type":"PropertyValueSpecification","valueRequired":true,"valueName":"search_term_string"}}],"inLanguage":"es"},{"@type":"Organization","@id":"https:\/\/proyeccionedomex.com.mx\/#organization","name":"Proyecci\u00f3n Estado de M\u00e9xico","url":"https:\/\/proyeccionedomex.com.mx\/","logo":{"@type":"ImageObject","inLanguage":"es","@id":"https:\/\/proyeccionedomex.com.mx\/#\/schema\/logo\/image\/","url":"https:\/\/proyeccionedomex.com.mx\/wp-content\/uploads\/2024\/03\/proyeccion.jpg","contentUrl":"https:\/\/proyeccionedomex.com.mx\/wp-content\/uploads\/2024\/03\/proyeccion.jpg","width":1143,"height":801,"caption":"Proyecci\u00f3n Estado de M\u00e9xico"},"image":{"@id":"https:\/\/proyeccionedomex.com.mx\/#\/schema\/logo\/image\/"},"sameAs":["https:\/\/www.facebook.com\/PortaldeNoticiasProyeccionEdomex"]},{"@type":"Person","@id":"https:\/\/proyeccionedomex.com.mx\/#\/schema\/person\/2e66b5427bffed972a69e6b66b4e3a76","name":"Redacci\u00f3n Proyecci\u00f3n EDOM\u00c9X","image":{"@type":"ImageObject","inLanguage":"es","@id":"https:\/\/secure.gravatar.com\/avatar\/f43a2254d614198c44c96f86f1f078a06cac3d39a3250e9245aa331797519cab?s=96&d=mm&r=g","url":"https:\/\/secure.gravatar.com\/avatar\/f43a2254d614198c44c96f86f1f078a06cac3d39a3250e9245aa331797519cab?s=96&d=mm&r=g","contentUrl":"https:\/\/secure.gravatar.com\/avatar\/f43a2254d614198c44c96f86f1f078a06cac3d39a3250e9245aa331797519cab?s=96&d=mm&r=g","caption":"Redacci\u00f3n Proyecci\u00f3n EDOM\u00c9X"},"sameAs":["https:\/\/proyeccionedomex.com.mx"],"url":"https:\/\/proyeccionedomex.com.mx\/?author=1"}]}},"_links":{"self":[{"href":"https:\/\/proyeccionedomex.com.mx\/index.php?rest_route=\/wp\/v2\/posts\/2060","targetHints":{"allow":["GET"]}}],"collection":[{"href":"https:\/\/proyeccionedomex.com.mx\/index.php?rest_route=\/wp\/v2\/posts"}],"about":[{"href":"https:\/\/proyeccionedomex.com.mx\/index.php?rest_route=\/wp\/v2\/types\/post"}],"author":[{"embeddable":true,"href":"https:\/\/proyeccionedomex.com.mx\/index.php?rest_route=\/wp\/v2\/users\/1"}],"replies":[{"embeddable":true,"href":"https:\/\/proyeccionedomex.com.mx\/index.php?rest_route=%2Fwp%2Fv2%2Fcomments&post=2060"}],"version-history":[{"count":0,"href":"https:\/\/proyeccionedomex.com.mx\/index.php?rest_route=\/wp\/v2\/posts\/2060\/revisions"}],"wp:featuredmedia":[{"embeddable":true,"href":"https:\/\/proyeccionedomex.com.mx\/index.php?rest_route=\/wp\/v2\/media\/2061"}],"wp:attachment":[{"href":"https:\/\/proyeccionedomex.com.mx\/index.php?rest_route=%2Fwp%2Fv2%2Fmedia&parent=2060"}],"wp:term":[{"taxonomy":"category","embeddable":true,"href":"https:\/\/proyeccionedomex.com.mx\/index.php?rest_route=%2Fwp%2Fv2%2Fcategories&post=2060"},{"taxonomy":"post_tag","embeddable":true,"href":"https:\/\/proyeccionedomex.com.mx\/index.php?rest_route=%2Fwp%2Fv2%2Ftags&post=2060"}],"curies":[{"name":"wp","href":"https:\/\/api.w.org\/{rel}","templated":true}]}}