{"id":2066,"date":"2024-06-06T21:19:49","date_gmt":"2024-06-06T21:19:49","guid":{"rendered":"https:\/\/proyeccionedomex.com.mx\/?p=2066"},"modified":"2024-06-06T21:19:51","modified_gmt":"2024-06-06T21:19:51","slug":"recibe-adolfo-solis-constancia-de-alcalde-electo-de-almoloya-de-juarez-2025-2027","status":"publish","type":"post","link":"https:\/\/proyeccionedomex.com.mx\/?p=2066","title":{"rendered":"RECIBE ADOLFO SOLIS CONSTANCIA DE ALCALDE ELECTO DE ALMOLOYA DE JUAREZ 2025-2027"},"content":{"rendered":"\n<figure class=\"wp-block-image\"><img decoding=\"async\" src=\"https:\/\/scontent.fmex10-4.fna.fbcdn.net\/v\/t39.30808-6\/447671004_413711054987454_8250572479278455342_n.jpg?_nc_cat=105&amp;ccb=1-7&amp;_nc_sid=5f2048&amp;_nc_eui2=AeEGoch_2P8IC8nrBzXz-DdmsZ3Sif1lDV-xndKJ_WUNX3nJAz9TFtByIpDn-X-c0m5MEnvQdUXnexdg8i4uA4ur&amp;_nc_ohc=NWjrdPoC88QQ7kNvgFT0h5A&amp;_nc_ht=scontent.fmex10-4.fna&amp;oh=00_AYC_ydC1brgvHG8fC5jAhup2nngKOXe8ONVwvdJq26_55Q&amp;oe=6667FDC4\" alt=\"Puede ser una imagen de 2 personas, barba y texto\"\/><\/figure>\n\n\n\n<p><strong>RECIBE ADOLFO SOLIS CONSTANCIA DE ALCALDE ELECTO DE ALMOLOYA DE JUAREZ 2025-2027<\/strong><\/p>\n\n\n\n<p>Almoloya de Ju\u00e1rez, EDOM\u00c9X.- Adolfo Sol\u00eds ha sido electo como el pr\u00f3ximo presidente municipal de Almoloya de Ju\u00e1rez, representando a la coalici\u00f3n \u00abSigamos Haciendo Historia\u00bb, conformada por los partidos Morena, PT y Verde. Con este triunfo, Sol\u00eds se compromete a trabajar en unidad para impulsar el desarrollo y el bienestar de todos los almoloyojuarenses.<\/p>\n\n\n\n<p>Durante su campa\u00f1a, Sol\u00eds enfatiz\u00f3 la importancia de la colaboraci\u00f3n y la perseverancia, destacando que en la pol\u00edtica no existen derrotas eternas ni victorias que duren para siempre. Este enfoque optimista y de continuo esfuerzo ha sido central en su mensaje a los votantes.<\/p>\n\n\n\n<p>En su declaraci\u00f3n tras la victoria, Sol\u00eds expres\u00f3 su gratitud hacia quienes creyeron y participaron en su proyecto de transformaci\u00f3n. \u201cGracias por creer y ser parte de este proyecto de transformaci\u00f3n. Vamos a trabajar en unidad para traer desarrollo y bienestar para todos los almoloyojuarenses\u201d, afirm\u00f3 Sol\u00eds, subrayando su compromiso con la comunidad.<\/p>\n\n\n\n<p>Con el lema \u00abVamos a seguir ech\u00e1ndole ganas\u00bb, Adolfo Sol\u00eds se prepara para iniciar su gesti\u00f3n con un enfoque renovado en la colaboraci\u00f3n y el progreso, buscando construir un Almoloya de Ju\u00e1rez m\u00e1s pr\u00f3spero y unido.<\/p>\n\n\n\n<p><a href=\"https:\/\/www.facebook.com\/hashtag\/gracias?__eep__=6&amp;__cft__[0]=AZVogL4ea6dCuYYCX7vWlvuJnfQllWaULRbqBT72rGpr_V6oPBM4KdH6t86vMyueMSuRE7GgGnzoUlSCwi0Tn0Bwh93c97IgaZc4Zhys4jZNHzWd6LDAZiwiGh4ZXwraJN0ADGw6_AVu0QOF3HGS6UJXrz0z_1SDi3ERKe0KEtGnaWlLrgt09fFPHtPxO33HgD8&amp;__tn__=*NK-R\">#Gracias<\/a><a href=\"https:\/\/www.facebook.com\/hashtag\/chiquillo?__eep__=6&amp;__cft__[0]=AZVogL4ea6dCuYYCX7vWlvuJnfQllWaULRbqBT72rGpr_V6oPBM4KdH6t86vMyueMSuRE7GgGnzoUlSCwi0Tn0Bwh93c97IgaZc4Zhys4jZNHzWd6LDAZiwiGh4ZXwraJN0ADGw6_AVu0QOF3HGS6UJXrz0z_1SDi3ERKe0KEtGnaWlLrgt09fFPHtPxO33HgD8&amp;__tn__=*NK-R\">#Chiquillo<\/a><\/p>\n\n\n\n<figure class=\"wp-block-gallery has-nested-images columns-default is-cropped wp-block-gallery-1 is-layout-flex wp-block-gallery-is-layout-flex\">\n<figure class=\"wp-block-image\"><img decoding=\"async\" src=\"https:\/\/scontent.fmex10-5.fna.fbcdn.net\/v\/t39.30808-6\/447740315_413711084987451_2498176123979007541_n.jpg?_nc_cat=111&amp;ccb=1-7&amp;_nc_sid=5f2048&amp;_nc_eui2=AeH_pX7v-rrsLhbepi4xH4semj1Q5qr0eYmaPVDmqvR5idt9SMS9P7KLCG1PtFlzgyEia35LzAoEIjjtqT4CJ4cw&amp;_nc_ohc=RcVgtkvEwwcQ7kNvgE0VHm1&amp;_nc_ht=scontent.fmex10-5.fna&amp;oh=00_AYAGk6n3_ivXlb7ofryMx10C3b05A-0JocOVqqoNixyAbw&amp;oe=6667EC4A\" alt=\"Puede ser una imagen de 9 personas, personas estudiando y texto que dice &quot;SIFEM 201 Consejo ConsejoMunicipalEl Municipal Elect ALMO DE \u7f51\u91cf BI \u0939\u0948&quot;\"\/><\/figure>\n\n\n\n<figure class=\"wp-block-image\"><img decoding=\"async\" src=\"https:\/\/scontent.fmex10-4.fna.fbcdn.net\/v\/t39.30808-6\/447843378_413711111654115_7868072256965024925_n.jpg?_nc_cat=105&amp;ccb=1-7&amp;_nc_sid=5f2048&amp;_nc_eui2=AeFmQQGurwGqNtUWW5NbAIoULbqzXXxWKJ8turNdfFYon76oJHGAXVkEP4fm5au0WX-8HMFjJgdkLn5-Xk-8GjeR&amp;_nc_ohc=vFizJvYKR2UQ7kNvgH6xGF4&amp;_nc_ht=scontent.fmex10-4.fna&amp;oh=00_AYAFROCaW_GarsXwN--0TVj6awqaGgPm4CuHFNeZDl5ugA&amp;oe=6667EE29\" alt=\"Puede ser una imagen de 6 personas, personas estudiando y texto\"\/><\/figure>\n<\/figure>\n","protected":false},"excerpt":{"rendered":"<p>RECIBE ADOLFO SOLIS CONSTANCIA DE ALCALDE ELECTO DE ALMOLOYA DE JUAREZ 2025-2027 Almoloya de Ju\u00e1rez, EDOM\u00c9X.- Adolfo Sol\u00eds ha sido electo como el pr\u00f3ximo presidente municipal de Almoloya de Ju\u00e1rez, representando a la coalici\u00f3n \u00abSigamos Haciendo Historia\u00bb, conformada por los partidos Morena, PT y Verde. Con este triunfo, Sol\u00eds se compromete a trabajar en unidad [&hellip;]<\/p>\n","protected":false},"author":1,"featured_media":2067,"comment_status":"open","ping_status":"closed","sticky":false,"template":"","format":"standard","meta":{"footnotes":""},"categories":[1],"tags":[],"class_list":{"0":"post-2066","1":"post","2":"type-post","3":"status-publish","4":"format-standard","5":"has-post-thumbnail","7":"category-politica"},"yoast_head":"<!-- This site is optimized with the Yoast SEO plugin v27.5 - https:\/\/yoast.com\/product\/yoast-seo-wordpress\/ -->\n<title>RECIBE ADOLFO SOLIS CONSTANCIA DE ALCALDE ELECTO DE ALMOLOYA DE JUAREZ 2025-2027 - Proyecci\u00f3n Estado de M\u00e9xico<\/title>\n<meta name=\"robots\" content=\"index, follow, max-snippet:-1, max-image-preview:large, max-video-preview:-1\" \/>\n<link rel=\"canonical\" href=\"https:\/\/proyeccionedomex.com.mx\/?p=2066\" \/>\n<meta property=\"og:locale\" content=\"es_ES\" \/>\n<meta property=\"og:type\" content=\"article\" \/>\n<meta property=\"og:title\" content=\"RECIBE ADOLFO SOLIS CONSTANCIA DE ALCALDE ELECTO DE ALMOLOYA DE JUAREZ 2025-2027 - Proyecci\u00f3n Estado de M\u00e9xico\" \/>\n<meta property=\"og:description\" content=\"RECIBE ADOLFO SOLIS CONSTANCIA DE ALCALDE ELECTO DE ALMOLOYA DE JUAREZ 2025-2027 Almoloya de Ju\u00e1rez, EDOM\u00c9X.- Adolfo Sol\u00eds ha sido electo como el pr\u00f3ximo presidente municipal de Almoloya de Ju\u00e1rez, representando a la coalici\u00f3n \u00abSigamos Haciendo Historia\u00bb, conformada por los partidos Morena, PT y Verde. Con este triunfo, Sol\u00eds se compromete a trabajar en unidad [&hellip;]\" \/>\n<meta property=\"og:url\" content=\"https:\/\/proyeccionedomex.com.mx\/?p=2066\" \/>\n<meta property=\"og:site_name\" content=\"Proyecci\u00f3n Estado de M\u00e9xico\" \/>\n<meta property=\"article:publisher\" content=\"https:\/\/www.facebook.com\/PortaldeNoticiasProyeccionEdomex\" \/>\n<meta property=\"article:published_time\" content=\"2024-06-06T21:19:49+00:00\" \/>\n<meta property=\"article:modified_time\" content=\"2024-06-06T21:19:51+00:00\" \/>\n<meta property=\"og:image\" content=\"https:\/\/proyeccionedomex.com.mx\/wp-content\/uploads\/2024\/06\/almoloya.jpg\" \/>\n\t<meta property=\"og:image:width\" content=\"721\" \/>\n\t<meta property=\"og:image:height\" content=\"720\" \/>\n\t<meta property=\"og:image:type\" content=\"image\/jpeg\" \/>\n<meta name=\"author\" content=\"Redacci\u00f3n Proyecci\u00f3n EDOM\u00c9X\" \/>\n<meta name=\"twitter:card\" content=\"summary_large_image\" \/>\n<meta name=\"twitter:label1\" content=\"Escrito por\" \/>\n\t<meta name=\"twitter:data1\" content=\"Redacci\u00f3n Proyecci\u00f3n EDOM\u00c9X\" \/>\n\t<meta name=\"twitter:label2\" content=\"Tiempo de lectura\" \/>\n\t<meta name=\"twitter:data2\" content=\"2 minutos\" \/>\n<script type=\"application\/ld+json\" class=\"yoast-schema-graph\">{\"@context\":\"https:\\\/\\\/schema.org\",\"@graph\":[{\"@type\":\"Article\",\"@id\":\"https:\\\/\\\/proyeccionedomex.com.mx\\\/?p=2066#article\",\"isPartOf\":{\"@id\":\"https:\\\/\\\/proyeccionedomex.com.mx\\\/?p=2066\"},\"author\":{\"name\":\"Redacci\u00f3n Proyecci\u00f3n EDOM\u00c9X\",\"@id\":\"https:\\\/\\\/proyeccionedomex.com.mx\\\/#\\\/schema\\\/person\\\/2e66b5427bffed972a69e6b66b4e3a76\"},\"headline\":\"RECIBE ADOLFO SOLIS CONSTANCIA DE ALCALDE ELECTO DE ALMOLOYA DE JUAREZ 2025-2027\",\"datePublished\":\"2024-06-06T21:19:49+00:00\",\"dateModified\":\"2024-06-06T21:19:51+00:00\",\"mainEntityOfPage\":{\"@id\":\"https:\\\/\\\/proyeccionedomex.com.mx\\\/?p=2066\"},\"wordCount\":237,\"commentCount\":0,\"publisher\":{\"@id\":\"https:\\\/\\\/proyeccionedomex.com.mx\\\/#organization\"},\"image\":{\"@id\":\"https:\\\/\\\/proyeccionedomex.com.mx\\\/?p=2066#primaryimage\"},\"thumbnailUrl\":\"https:\\\/\\\/proyeccionedomex.com.mx\\\/wp-content\\\/uploads\\\/2024\\\/06\\\/almoloya.jpg\",\"articleSection\":[\"Politica\"],\"inLanguage\":\"es\",\"potentialAction\":[{\"@type\":\"CommentAction\",\"name\":\"Comment\",\"target\":[\"https:\\\/\\\/proyeccionedomex.com.mx\\\/?p=2066#respond\"]}]},{\"@type\":\"WebPage\",\"@id\":\"https:\\\/\\\/proyeccionedomex.com.mx\\\/?p=2066\",\"url\":\"https:\\\/\\\/proyeccionedomex.com.mx\\\/?p=2066\",\"name\":\"RECIBE ADOLFO SOLIS CONSTANCIA DE ALCALDE ELECTO DE ALMOLOYA DE JUAREZ 2025-2027 - Proyecci\u00f3n Estado de M\u00e9xico\",\"isPartOf\":{\"@id\":\"https:\\\/\\\/proyeccionedomex.com.mx\\\/#website\"},\"primaryImageOfPage\":{\"@id\":\"https:\\\/\\\/proyeccionedomex.com.mx\\\/?p=2066#primaryimage\"},\"image\":{\"@id\":\"https:\\\/\\\/proyeccionedomex.com.mx\\\/?p=2066#primaryimage\"},\"thumbnailUrl\":\"https:\\\/\\\/proyeccionedomex.com.mx\\\/wp-content\\\/uploads\\\/2024\\\/06\\\/almoloya.jpg\",\"datePublished\":\"2024-06-06T21:19:49+00:00\",\"dateModified\":\"2024-06-06T21:19:51+00:00\",\"breadcrumb\":{\"@id\":\"https:\\\/\\\/proyeccionedomex.com.mx\\\/?p=2066#breadcrumb\"},\"inLanguage\":\"es\",\"potentialAction\":[{\"@type\":\"ReadAction\",\"target\":[\"https:\\\/\\\/proyeccionedomex.com.mx\\\/?p=2066\"]}]},{\"@type\":\"ImageObject\",\"inLanguage\":\"es\",\"@id\":\"https:\\\/\\\/proyeccionedomex.com.mx\\\/?p=2066#primaryimage\",\"url\":\"https:\\\/\\\/proyeccionedomex.com.mx\\\/wp-content\\\/uploads\\\/2024\\\/06\\\/almoloya.jpg\",\"contentUrl\":\"https:\\\/\\\/proyeccionedomex.com.mx\\\/wp-content\\\/uploads\\\/2024\\\/06\\\/almoloya.jpg\",\"width\":721,\"height\":720},{\"@type\":\"BreadcrumbList\",\"@id\":\"https:\\\/\\\/proyeccionedomex.com.mx\\\/?p=2066#breadcrumb\",\"itemListElement\":[{\"@type\":\"ListItem\",\"position\":1,\"name\":\"Portada\",\"item\":\"https:\\\/\\\/proyeccionedomex.com.mx\\\/\"},{\"@type\":\"ListItem\",\"position\":2,\"name\":\"RECIBE ADOLFO SOLIS CONSTANCIA DE ALCALDE ELECTO DE ALMOLOYA DE JUAREZ 2025-2027\"}]},{\"@type\":\"WebSite\",\"@id\":\"https:\\\/\\\/proyeccionedomex.com.mx\\\/#website\",\"url\":\"https:\\\/\\\/proyeccionedomex.com.mx\\\/\",\"name\":\"Proyecci\u00f3n Estado de M\u00e9xico\",\"description\":\"Proyecci\u00f3n Edo. Mex.\",\"publisher\":{\"@id\":\"https:\\\/\\\/proyeccionedomex.com.mx\\\/#organization\"},\"potentialAction\":[{\"@type\":\"SearchAction\",\"target\":{\"@type\":\"EntryPoint\",\"urlTemplate\":\"https:\\\/\\\/proyeccionedomex.com.mx\\\/?s={search_term_string}\"},\"query-input\":{\"@type\":\"PropertyValueSpecification\",\"valueRequired\":true,\"valueName\":\"search_term_string\"}}],\"inLanguage\":\"es\"},{\"@type\":\"Organization\",\"@id\":\"https:\\\/\\\/proyeccionedomex.com.mx\\\/#organization\",\"name\":\"Proyecci\u00f3n Estado de M\u00e9xico\",\"url\":\"https:\\\/\\\/proyeccionedomex.com.mx\\\/\",\"logo\":{\"@type\":\"ImageObject\",\"inLanguage\":\"es\",\"@id\":\"https:\\\/\\\/proyeccionedomex.com.mx\\\/#\\\/schema\\\/logo\\\/image\\\/\",\"url\":\"https:\\\/\\\/proyeccionedomex.com.mx\\\/wp-content\\\/uploads\\\/2024\\\/03\\\/proyeccion.jpg\",\"contentUrl\":\"https:\\\/\\\/proyeccionedomex.com.mx\\\/wp-content\\\/uploads\\\/2024\\\/03\\\/proyeccion.jpg\",\"width\":1143,\"height\":801,\"caption\":\"Proyecci\u00f3n Estado de M\u00e9xico\"},\"image\":{\"@id\":\"https:\\\/\\\/proyeccionedomex.com.mx\\\/#\\\/schema\\\/logo\\\/image\\\/\"},\"sameAs\":[\"https:\\\/\\\/www.facebook.com\\\/PortaldeNoticiasProyeccionEdomex\"]},{\"@type\":\"Person\",\"@id\":\"https:\\\/\\\/proyeccionedomex.com.mx\\\/#\\\/schema\\\/person\\\/2e66b5427bffed972a69e6b66b4e3a76\",\"name\":\"Redacci\u00f3n Proyecci\u00f3n EDOM\u00c9X\",\"image\":{\"@type\":\"ImageObject\",\"inLanguage\":\"es\",\"@id\":\"https:\\\/\\\/secure.gravatar.com\\\/avatar\\\/f43a2254d614198c44c96f86f1f078a06cac3d39a3250e9245aa331797519cab?s=96&d=mm&r=g\",\"url\":\"https:\\\/\\\/secure.gravatar.com\\\/avatar\\\/f43a2254d614198c44c96f86f1f078a06cac3d39a3250e9245aa331797519cab?s=96&d=mm&r=g\",\"contentUrl\":\"https:\\\/\\\/secure.gravatar.com\\\/avatar\\\/f43a2254d614198c44c96f86f1f078a06cac3d39a3250e9245aa331797519cab?s=96&d=mm&r=g\",\"caption\":\"Redacci\u00f3n Proyecci\u00f3n EDOM\u00c9X\"},\"sameAs\":[\"https:\\\/\\\/proyeccionedomex.com.mx\"],\"url\":\"https:\\\/\\\/proyeccionedomex.com.mx\\\/?author=1\"}]}<\/script>\n<!-- \/ Yoast SEO plugin. -->","yoast_head_json":{"title":"RECIBE ADOLFO SOLIS CONSTANCIA DE ALCALDE ELECTO DE ALMOLOYA DE JUAREZ 2025-2027 - Proyecci\u00f3n Estado de M\u00e9xico","robots":{"index":"index","follow":"follow","max-snippet":"max-snippet:-1","max-image-preview":"max-image-preview:large","max-video-preview":"max-video-preview:-1"},"canonical":"https:\/\/proyeccionedomex.com.mx\/?p=2066","og_locale":"es_ES","og_type":"article","og_title":"RECIBE ADOLFO SOLIS CONSTANCIA DE ALCALDE ELECTO DE ALMOLOYA DE JUAREZ 2025-2027 - Proyecci\u00f3n Estado de M\u00e9xico","og_description":"RECIBE ADOLFO SOLIS CONSTANCIA DE ALCALDE ELECTO DE ALMOLOYA DE JUAREZ 2025-2027 Almoloya de Ju\u00e1rez, EDOM\u00c9X.- Adolfo Sol\u00eds ha sido electo como el pr\u00f3ximo presidente municipal de Almoloya de Ju\u00e1rez, representando a la coalici\u00f3n \u00abSigamos Haciendo Historia\u00bb, conformada por los partidos Morena, PT y Verde. Con este triunfo, Sol\u00eds se compromete a trabajar en unidad [&hellip;]","og_url":"https:\/\/proyeccionedomex.com.mx\/?p=2066","og_site_name":"Proyecci\u00f3n Estado de M\u00e9xico","article_publisher":"https:\/\/www.facebook.com\/PortaldeNoticiasProyeccionEdomex","article_published_time":"2024-06-06T21:19:49+00:00","article_modified_time":"2024-06-06T21:19:51+00:00","og_image":[{"width":721,"height":720,"url":"https:\/\/proyeccionedomex.com.mx\/wp-content\/uploads\/2024\/06\/almoloya.jpg","type":"image\/jpeg"}],"author":"Redacci\u00f3n Proyecci\u00f3n EDOM\u00c9X","twitter_card":"summary_large_image","twitter_misc":{"Escrito por":"Redacci\u00f3n Proyecci\u00f3n EDOM\u00c9X","Tiempo de lectura":"2 minutos"},"schema":{"@context":"https:\/\/schema.org","@graph":[{"@type":"Article","@id":"https:\/\/proyeccionedomex.com.mx\/?p=2066#article","isPartOf":{"@id":"https:\/\/proyeccionedomex.com.mx\/?p=2066"},"author":{"name":"Redacci\u00f3n Proyecci\u00f3n EDOM\u00c9X","@id":"https:\/\/proyeccionedomex.com.mx\/#\/schema\/person\/2e66b5427bffed972a69e6b66b4e3a76"},"headline":"RECIBE ADOLFO SOLIS CONSTANCIA DE ALCALDE ELECTO DE ALMOLOYA DE JUAREZ 2025-2027","datePublished":"2024-06-06T21:19:49+00:00","dateModified":"2024-06-06T21:19:51+00:00","mainEntityOfPage":{"@id":"https:\/\/proyeccionedomex.com.mx\/?p=2066"},"wordCount":237,"commentCount":0,"publisher":{"@id":"https:\/\/proyeccionedomex.com.mx\/#organization"},"image":{"@id":"https:\/\/proyeccionedomex.com.mx\/?p=2066#primaryimage"},"thumbnailUrl":"https:\/\/proyeccionedomex.com.mx\/wp-content\/uploads\/2024\/06\/almoloya.jpg","articleSection":["Politica"],"inLanguage":"es","potentialAction":[{"@type":"CommentAction","name":"Comment","target":["https:\/\/proyeccionedomex.com.mx\/?p=2066#respond"]}]},{"@type":"WebPage","@id":"https:\/\/proyeccionedomex.com.mx\/?p=2066","url":"https:\/\/proyeccionedomex.com.mx\/?p=2066","name":"RECIBE ADOLFO SOLIS CONSTANCIA DE ALCALDE ELECTO DE ALMOLOYA DE JUAREZ 2025-2027 - Proyecci\u00f3n Estado de M\u00e9xico","isPartOf":{"@id":"https:\/\/proyeccionedomex.com.mx\/#website"},"primaryImageOfPage":{"@id":"https:\/\/proyeccionedomex.com.mx\/?p=2066#primaryimage"},"image":{"@id":"https:\/\/proyeccionedomex.com.mx\/?p=2066#primaryimage"},"thumbnailUrl":"https:\/\/proyeccionedomex.com.mx\/wp-content\/uploads\/2024\/06\/almoloya.jpg","datePublished":"2024-06-06T21:19:49+00:00","dateModified":"2024-06-06T21:19:51+00:00","breadcrumb":{"@id":"https:\/\/proyeccionedomex.com.mx\/?p=2066#breadcrumb"},"inLanguage":"es","potentialAction":[{"@type":"ReadAction","target":["https:\/\/proyeccionedomex.com.mx\/?p=2066"]}]},{"@type":"ImageObject","inLanguage":"es","@id":"https:\/\/proyeccionedomex.com.mx\/?p=2066#primaryimage","url":"https:\/\/proyeccionedomex.com.mx\/wp-content\/uploads\/2024\/06\/almoloya.jpg","contentUrl":"https:\/\/proyeccionedomex.com.mx\/wp-content\/uploads\/2024\/06\/almoloya.jpg","width":721,"height":720},{"@type":"BreadcrumbList","@id":"https:\/\/proyeccionedomex.com.mx\/?p=2066#breadcrumb","itemListElement":[{"@type":"ListItem","position":1,"name":"Portada","item":"https:\/\/proyeccionedomex.com.mx\/"},{"@type":"ListItem","position":2,"name":"RECIBE ADOLFO SOLIS CONSTANCIA DE ALCALDE ELECTO DE ALMOLOYA DE JUAREZ 2025-2027"}]},{"@type":"WebSite","@id":"https:\/\/proyeccionedomex.com.mx\/#website","url":"https:\/\/proyeccionedomex.com.mx\/","name":"Proyecci\u00f3n Estado de M\u00e9xico","description":"Proyecci\u00f3n Edo. Mex.","publisher":{"@id":"https:\/\/proyeccionedomex.com.mx\/#organization"},"potentialAction":[{"@type":"SearchAction","target":{"@type":"EntryPoint","urlTemplate":"https:\/\/proyeccionedomex.com.mx\/?s={search_term_string}"},"query-input":{"@type":"PropertyValueSpecification","valueRequired":true,"valueName":"search_term_string"}}],"inLanguage":"es"},{"@type":"Organization","@id":"https:\/\/proyeccionedomex.com.mx\/#organization","name":"Proyecci\u00f3n Estado de M\u00e9xico","url":"https:\/\/proyeccionedomex.com.mx\/","logo":{"@type":"ImageObject","inLanguage":"es","@id":"https:\/\/proyeccionedomex.com.mx\/#\/schema\/logo\/image\/","url":"https:\/\/proyeccionedomex.com.mx\/wp-content\/uploads\/2024\/03\/proyeccion.jpg","contentUrl":"https:\/\/proyeccionedomex.com.mx\/wp-content\/uploads\/2024\/03\/proyeccion.jpg","width":1143,"height":801,"caption":"Proyecci\u00f3n Estado de M\u00e9xico"},"image":{"@id":"https:\/\/proyeccionedomex.com.mx\/#\/schema\/logo\/image\/"},"sameAs":["https:\/\/www.facebook.com\/PortaldeNoticiasProyeccionEdomex"]},{"@type":"Person","@id":"https:\/\/proyeccionedomex.com.mx\/#\/schema\/person\/2e66b5427bffed972a69e6b66b4e3a76","name":"Redacci\u00f3n Proyecci\u00f3n EDOM\u00c9X","image":{"@type":"ImageObject","inLanguage":"es","@id":"https:\/\/secure.gravatar.com\/avatar\/f43a2254d614198c44c96f86f1f078a06cac3d39a3250e9245aa331797519cab?s=96&d=mm&r=g","url":"https:\/\/secure.gravatar.com\/avatar\/f43a2254d614198c44c96f86f1f078a06cac3d39a3250e9245aa331797519cab?s=96&d=mm&r=g","contentUrl":"https:\/\/secure.gravatar.com\/avatar\/f43a2254d614198c44c96f86f1f078a06cac3d39a3250e9245aa331797519cab?s=96&d=mm&r=g","caption":"Redacci\u00f3n Proyecci\u00f3n EDOM\u00c9X"},"sameAs":["https:\/\/proyeccionedomex.com.mx"],"url":"https:\/\/proyeccionedomex.com.mx\/?author=1"}]}},"_links":{"self":[{"href":"https:\/\/proyeccionedomex.com.mx\/index.php?rest_route=\/wp\/v2\/posts\/2066","targetHints":{"allow":["GET"]}}],"collection":[{"href":"https:\/\/proyeccionedomex.com.mx\/index.php?rest_route=\/wp\/v2\/posts"}],"about":[{"href":"https:\/\/proyeccionedomex.com.mx\/index.php?rest_route=\/wp\/v2\/types\/post"}],"author":[{"embeddable":true,"href":"https:\/\/proyeccionedomex.com.mx\/index.php?rest_route=\/wp\/v2\/users\/1"}],"replies":[{"embeddable":true,"href":"https:\/\/proyeccionedomex.com.mx\/index.php?rest_route=%2Fwp%2Fv2%2Fcomments&post=2066"}],"version-history":[{"count":0,"href":"https:\/\/proyeccionedomex.com.mx\/index.php?rest_route=\/wp\/v2\/posts\/2066\/revisions"}],"wp:featuredmedia":[{"embeddable":true,"href":"https:\/\/proyeccionedomex.com.mx\/index.php?rest_route=\/wp\/v2\/media\/2067"}],"wp:attachment":[{"href":"https:\/\/proyeccionedomex.com.mx\/index.php?rest_route=%2Fwp%2Fv2%2Fmedia&parent=2066"}],"wp:term":[{"taxonomy":"category","embeddable":true,"href":"https:\/\/proyeccionedomex.com.mx\/index.php?rest_route=%2Fwp%2Fv2%2Fcategories&post=2066"},{"taxonomy":"post_tag","embeddable":true,"href":"https:\/\/proyeccionedomex.com.mx\/index.php?rest_route=%2Fwp%2Fv2%2Ftags&post=2066"}],"curies":[{"name":"wp","href":"https:\/\/api.w.org\/{rel}","templated":true}]}}