{"id":2839,"date":"2024-08-26T15:35:29","date_gmt":"2024-08-26T15:35:29","guid":{"rendered":"https:\/\/proyeccionedomex.com.mx\/?p=2839"},"modified":"2024-08-26T15:35:32","modified_gmt":"2024-08-26T15:35:32","slug":"gobernadora-delfina-gomez-recorre-calles-de-chalco-afectadas-por-lluvias","status":"publish","type":"post","link":"https:\/\/proyeccionedomex.com.mx\/?p=2839","title":{"rendered":"Gobernadora Delfina G\u00f3mez recorre calles de Chalco afectadas por lluvias"},"content":{"rendered":"\n<figure class=\"wp-block-image size-full\"><img loading=\"lazy\" decoding=\"async\" width=\"813\" height=\"540\" src=\"https:\/\/proyeccionedomex.com.mx\/wp-content\/uploads\/2024\/08\/image-9.jpeg\" alt=\"\" class=\"wp-image-2840\" srcset=\"https:\/\/proyeccionedomex.com.mx\/wp-content\/uploads\/2024\/08\/image-9.jpeg 813w, https:\/\/proyeccionedomex.com.mx\/wp-content\/uploads\/2024\/08\/image-9-300x199.jpeg 300w, https:\/\/proyeccionedomex.com.mx\/wp-content\/uploads\/2024\/08\/image-9-768x510.jpeg 768w, https:\/\/proyeccionedomex.com.mx\/wp-content\/uploads\/2024\/08\/image-9-696x462.jpeg 696w, https:\/\/proyeccionedomex.com.mx\/wp-content\/uploads\/2024\/08\/image-9-632x420.jpeg 632w\" sizes=\"auto, (max-width: 813px) 100vw, 813px\" \/><\/figure>\n\n\n\n<p>Gobernadora Delfina G\u00f3mez recorre calles de Chalco afectadas por lluvias<\/p>\n\n\n\n<p>La Gobernadora del Estado de M\u00e9xico, Delfina G\u00f3mez \u00c1lvarez, regres\u00f3 por cuarta ocasi\u00f3n al municipio de Chalco, recorri\u00f3 las calles afectadas junto con las y los vecinos de las colonias Culturas de M\u00e9xico, Jacalones, Tres Mar\u00edas y Nueva San Miguel, donde constat\u00f3 que los niveles de agua han disminuido considerablemente.<\/p>\n\n\n\n<p>Las acciones implementadas por el Gobierno del Estado de M\u00e9xico han permitido la limpieza profunda con el uso de las bombas de succi\u00f3n tipo Vactor, as\u00ed como retiro de taponamientos de residuos solidificados.<\/p>\n\n\n\n<p>La Gobernadora Delfina G\u00f3mez \u00c1lvarez reiter\u00f3 a las 600 familias afectadas, el apoyo y respaldo del Gobierno del Estado de M\u00e9xico.<\/p>\n\n\n\n<p>Asimismo, supervis\u00f3 los servicios gratuitos que se ofrecen a trav\u00e9s de la Caravana de Salud por el Bienestar de Chalco integrada por 13 unidades m\u00f3viles y un centenar de especialistas del ISEM y DIFEM, quienes otorgan servicio gratuito de consulta m\u00e9dica, toma de signos vitales, servicio dental, farmacia, laboratorio cl\u00ednico, Rayos X y Optometr\u00eda y han realizado 63 mil acciones para garantizar la salud de la poblaci\u00f3n.<\/p>\n\n\n\n<p>El despliegue de 5 mil 600 elementos y 500 veh\u00edculos para apoyar a la poblaci\u00f3n afectada en el municipio de Chalco se mantendr\u00e1 en la zona hasta concluir las labores de esta contingencia. <a href=\"https:\/\/www.facebook.com\/hashtag\/chalco?__eep__=6&amp;__cft__[0]=AZUtCyyYoAK39Y9fI4uWOnEhwQVRN9V0ITMLmm7AnLbivySZt1WZCow9n1aFkRzLksnrivDjt9k9D9t2hl7hPe6T0Vg_O0OOjHnkD1BgFr6cRbWbPJ8WY1fYb5VPg1itDyYNRMrHPO2CgW5GRipIINvOdGKvdHYImMhm6bgUNKYYNf1mMsFKtIstKwPuPPjam70&amp;__tn__=*NK-R\">#Chalco<\/a><\/p>\n","protected":false},"excerpt":{"rendered":"<p>Gobernadora Delfina G\u00f3mez recorre calles de Chalco afectadas por lluvias La Gobernadora del Estado de M\u00e9xico, Delfina G\u00f3mez \u00c1lvarez, regres\u00f3 por cuarta ocasi\u00f3n al municipio de Chalco, recorri\u00f3 las calles afectadas junto con las y los vecinos de las colonias Culturas de M\u00e9xico, Jacalones, Tres Mar\u00edas y Nueva San Miguel, donde constat\u00f3 que los niveles [&hellip;]<\/p>\n","protected":false},"author":1,"featured_media":2840,"comment_status":"open","ping_status":"closed","sticky":false,"template":"","format":"standard","meta":{"footnotes":""},"categories":[1],"tags":[],"class_list":{"0":"post-2839","1":"post","2":"type-post","3":"status-publish","4":"format-standard","5":"has-post-thumbnail","7":"category-politica"},"yoast_head":"<!-- This site is optimized with the Yoast SEO plugin v27.5 - https:\/\/yoast.com\/product\/yoast-seo-wordpress\/ -->\n<title>Gobernadora Delfina G\u00f3mez recorre calles de Chalco afectadas por lluvias - Proyecci\u00f3n Estado de M\u00e9xico<\/title>\n<meta name=\"robots\" content=\"index, follow, max-snippet:-1, max-image-preview:large, max-video-preview:-1\" \/>\n<link rel=\"canonical\" href=\"https:\/\/proyeccionedomex.com.mx\/?p=2839\" \/>\n<meta property=\"og:locale\" content=\"es_ES\" \/>\n<meta property=\"og:type\" content=\"article\" \/>\n<meta property=\"og:title\" content=\"Gobernadora Delfina G\u00f3mez recorre calles de Chalco afectadas por lluvias - Proyecci\u00f3n Estado de M\u00e9xico\" \/>\n<meta property=\"og:description\" content=\"Gobernadora Delfina G\u00f3mez recorre calles de Chalco afectadas por lluvias La Gobernadora del Estado de M\u00e9xico, Delfina G\u00f3mez \u00c1lvarez, regres\u00f3 por cuarta ocasi\u00f3n al municipio de Chalco, recorri\u00f3 las calles afectadas junto con las y los vecinos de las colonias Culturas de M\u00e9xico, Jacalones, Tres Mar\u00edas y Nueva San Miguel, donde constat\u00f3 que los niveles [&hellip;]\" \/>\n<meta property=\"og:url\" content=\"https:\/\/proyeccionedomex.com.mx\/?p=2839\" \/>\n<meta property=\"og:site_name\" content=\"Proyecci\u00f3n Estado de M\u00e9xico\" \/>\n<meta property=\"article:publisher\" content=\"https:\/\/www.facebook.com\/PortaldeNoticiasProyeccionEdomex\" \/>\n<meta property=\"article:published_time\" content=\"2024-08-26T15:35:29+00:00\" \/>\n<meta property=\"article:modified_time\" content=\"2024-08-26T15:35:32+00:00\" \/>\n<meta property=\"og:image\" content=\"https:\/\/proyeccionedomex.com.mx\/wp-content\/uploads\/2024\/08\/image-9.jpeg\" \/>\n\t<meta property=\"og:image:width\" content=\"813\" \/>\n\t<meta property=\"og:image:height\" content=\"540\" \/>\n\t<meta property=\"og:image:type\" content=\"image\/jpeg\" \/>\n<meta name=\"author\" content=\"Redacci\u00f3n Proyecci\u00f3n EDOM\u00c9X\" \/>\n<meta name=\"twitter:card\" content=\"summary_large_image\" \/>\n<meta name=\"twitter:label1\" content=\"Escrito por\" \/>\n\t<meta name=\"twitter:data1\" content=\"Redacci\u00f3n Proyecci\u00f3n EDOM\u00c9X\" \/>\n\t<meta name=\"twitter:label2\" content=\"Tiempo de lectura\" \/>\n\t<meta name=\"twitter:data2\" content=\"2 minutos\" \/>\n<script type=\"application\/ld+json\" class=\"yoast-schema-graph\">{\"@context\":\"https:\\\/\\\/schema.org\",\"@graph\":[{\"@type\":\"Article\",\"@id\":\"https:\\\/\\\/proyeccionedomex.com.mx\\\/?p=2839#article\",\"isPartOf\":{\"@id\":\"https:\\\/\\\/proyeccionedomex.com.mx\\\/?p=2839\"},\"author\":{\"name\":\"Redacci\u00f3n Proyecci\u00f3n EDOM\u00c9X\",\"@id\":\"https:\\\/\\\/proyeccionedomex.com.mx\\\/#\\\/schema\\\/person\\\/2e66b5427bffed972a69e6b66b4e3a76\"},\"headline\":\"Gobernadora Delfina G\u00f3mez recorre calles de Chalco afectadas por lluvias\",\"datePublished\":\"2024-08-26T15:35:29+00:00\",\"dateModified\":\"2024-08-26T15:35:32+00:00\",\"mainEntityOfPage\":{\"@id\":\"https:\\\/\\\/proyeccionedomex.com.mx\\\/?p=2839\"},\"wordCount\":238,\"commentCount\":0,\"publisher\":{\"@id\":\"https:\\\/\\\/proyeccionedomex.com.mx\\\/#organization\"},\"image\":{\"@id\":\"https:\\\/\\\/proyeccionedomex.com.mx\\\/?p=2839#primaryimage\"},\"thumbnailUrl\":\"https:\\\/\\\/proyeccionedomex.com.mx\\\/wp-content\\\/uploads\\\/2024\\\/08\\\/image-9.jpeg\",\"articleSection\":[\"Politica\"],\"inLanguage\":\"es\",\"potentialAction\":[{\"@type\":\"CommentAction\",\"name\":\"Comment\",\"target\":[\"https:\\\/\\\/proyeccionedomex.com.mx\\\/?p=2839#respond\"]}]},{\"@type\":\"WebPage\",\"@id\":\"https:\\\/\\\/proyeccionedomex.com.mx\\\/?p=2839\",\"url\":\"https:\\\/\\\/proyeccionedomex.com.mx\\\/?p=2839\",\"name\":\"Gobernadora Delfina G\u00f3mez recorre calles de Chalco afectadas por lluvias - Proyecci\u00f3n Estado de M\u00e9xico\",\"isPartOf\":{\"@id\":\"https:\\\/\\\/proyeccionedomex.com.mx\\\/#website\"},\"primaryImageOfPage\":{\"@id\":\"https:\\\/\\\/proyeccionedomex.com.mx\\\/?p=2839#primaryimage\"},\"image\":{\"@id\":\"https:\\\/\\\/proyeccionedomex.com.mx\\\/?p=2839#primaryimage\"},\"thumbnailUrl\":\"https:\\\/\\\/proyeccionedomex.com.mx\\\/wp-content\\\/uploads\\\/2024\\\/08\\\/image-9.jpeg\",\"datePublished\":\"2024-08-26T15:35:29+00:00\",\"dateModified\":\"2024-08-26T15:35:32+00:00\",\"breadcrumb\":{\"@id\":\"https:\\\/\\\/proyeccionedomex.com.mx\\\/?p=2839#breadcrumb\"},\"inLanguage\":\"es\",\"potentialAction\":[{\"@type\":\"ReadAction\",\"target\":[\"https:\\\/\\\/proyeccionedomex.com.mx\\\/?p=2839\"]}]},{\"@type\":\"ImageObject\",\"inLanguage\":\"es\",\"@id\":\"https:\\\/\\\/proyeccionedomex.com.mx\\\/?p=2839#primaryimage\",\"url\":\"https:\\\/\\\/proyeccionedomex.com.mx\\\/wp-content\\\/uploads\\\/2024\\\/08\\\/image-9.jpeg\",\"contentUrl\":\"https:\\\/\\\/proyeccionedomex.com.mx\\\/wp-content\\\/uploads\\\/2024\\\/08\\\/image-9.jpeg\",\"width\":813,\"height\":540},{\"@type\":\"BreadcrumbList\",\"@id\":\"https:\\\/\\\/proyeccionedomex.com.mx\\\/?p=2839#breadcrumb\",\"itemListElement\":[{\"@type\":\"ListItem\",\"position\":1,\"name\":\"Portada\",\"item\":\"https:\\\/\\\/proyeccionedomex.com.mx\\\/\"},{\"@type\":\"ListItem\",\"position\":2,\"name\":\"Gobernadora Delfina G\u00f3mez recorre calles de Chalco afectadas por lluvias\"}]},{\"@type\":\"WebSite\",\"@id\":\"https:\\\/\\\/proyeccionedomex.com.mx\\\/#website\",\"url\":\"https:\\\/\\\/proyeccionedomex.com.mx\\\/\",\"name\":\"Proyecci\u00f3n Estado de M\u00e9xico\",\"description\":\"Proyecci\u00f3n Edo. Mex.\",\"publisher\":{\"@id\":\"https:\\\/\\\/proyeccionedomex.com.mx\\\/#organization\"},\"potentialAction\":[{\"@type\":\"SearchAction\",\"target\":{\"@type\":\"EntryPoint\",\"urlTemplate\":\"https:\\\/\\\/proyeccionedomex.com.mx\\\/?s={search_term_string}\"},\"query-input\":{\"@type\":\"PropertyValueSpecification\",\"valueRequired\":true,\"valueName\":\"search_term_string\"}}],\"inLanguage\":\"es\"},{\"@type\":\"Organization\",\"@id\":\"https:\\\/\\\/proyeccionedomex.com.mx\\\/#organization\",\"name\":\"Proyecci\u00f3n Estado de M\u00e9xico\",\"url\":\"https:\\\/\\\/proyeccionedomex.com.mx\\\/\",\"logo\":{\"@type\":\"ImageObject\",\"inLanguage\":\"es\",\"@id\":\"https:\\\/\\\/proyeccionedomex.com.mx\\\/#\\\/schema\\\/logo\\\/image\\\/\",\"url\":\"https:\\\/\\\/proyeccionedomex.com.mx\\\/wp-content\\\/uploads\\\/2024\\\/03\\\/proyeccion.jpg\",\"contentUrl\":\"https:\\\/\\\/proyeccionedomex.com.mx\\\/wp-content\\\/uploads\\\/2024\\\/03\\\/proyeccion.jpg\",\"width\":1143,\"height\":801,\"caption\":\"Proyecci\u00f3n Estado de M\u00e9xico\"},\"image\":{\"@id\":\"https:\\\/\\\/proyeccionedomex.com.mx\\\/#\\\/schema\\\/logo\\\/image\\\/\"},\"sameAs\":[\"https:\\\/\\\/www.facebook.com\\\/PortaldeNoticiasProyeccionEdomex\"]},{\"@type\":\"Person\",\"@id\":\"https:\\\/\\\/proyeccionedomex.com.mx\\\/#\\\/schema\\\/person\\\/2e66b5427bffed972a69e6b66b4e3a76\",\"name\":\"Redacci\u00f3n Proyecci\u00f3n EDOM\u00c9X\",\"image\":{\"@type\":\"ImageObject\",\"inLanguage\":\"es\",\"@id\":\"https:\\\/\\\/secure.gravatar.com\\\/avatar\\\/f43a2254d614198c44c96f86f1f078a06cac3d39a3250e9245aa331797519cab?s=96&d=mm&r=g\",\"url\":\"https:\\\/\\\/secure.gravatar.com\\\/avatar\\\/f43a2254d614198c44c96f86f1f078a06cac3d39a3250e9245aa331797519cab?s=96&d=mm&r=g\",\"contentUrl\":\"https:\\\/\\\/secure.gravatar.com\\\/avatar\\\/f43a2254d614198c44c96f86f1f078a06cac3d39a3250e9245aa331797519cab?s=96&d=mm&r=g\",\"caption\":\"Redacci\u00f3n Proyecci\u00f3n EDOM\u00c9X\"},\"sameAs\":[\"https:\\\/\\\/proyeccionedomex.com.mx\"],\"url\":\"https:\\\/\\\/proyeccionedomex.com.mx\\\/?author=1\"}]}<\/script>\n<!-- \/ Yoast SEO plugin. -->","yoast_head_json":{"title":"Gobernadora Delfina G\u00f3mez recorre calles de Chalco afectadas por lluvias - Proyecci\u00f3n Estado de M\u00e9xico","robots":{"index":"index","follow":"follow","max-snippet":"max-snippet:-1","max-image-preview":"max-image-preview:large","max-video-preview":"max-video-preview:-1"},"canonical":"https:\/\/proyeccionedomex.com.mx\/?p=2839","og_locale":"es_ES","og_type":"article","og_title":"Gobernadora Delfina G\u00f3mez recorre calles de Chalco afectadas por lluvias - Proyecci\u00f3n Estado de M\u00e9xico","og_description":"Gobernadora Delfina G\u00f3mez recorre calles de Chalco afectadas por lluvias La Gobernadora del Estado de M\u00e9xico, Delfina G\u00f3mez \u00c1lvarez, regres\u00f3 por cuarta ocasi\u00f3n al municipio de Chalco, recorri\u00f3 las calles afectadas junto con las y los vecinos de las colonias Culturas de M\u00e9xico, Jacalones, Tres Mar\u00edas y Nueva San Miguel, donde constat\u00f3 que los niveles [&hellip;]","og_url":"https:\/\/proyeccionedomex.com.mx\/?p=2839","og_site_name":"Proyecci\u00f3n Estado de M\u00e9xico","article_publisher":"https:\/\/www.facebook.com\/PortaldeNoticiasProyeccionEdomex","article_published_time":"2024-08-26T15:35:29+00:00","article_modified_time":"2024-08-26T15:35:32+00:00","og_image":[{"width":813,"height":540,"url":"https:\/\/proyeccionedomex.com.mx\/wp-content\/uploads\/2024\/08\/image-9.jpeg","type":"image\/jpeg"}],"author":"Redacci\u00f3n Proyecci\u00f3n EDOM\u00c9X","twitter_card":"summary_large_image","twitter_misc":{"Escrito por":"Redacci\u00f3n Proyecci\u00f3n EDOM\u00c9X","Tiempo de lectura":"2 minutos"},"schema":{"@context":"https:\/\/schema.org","@graph":[{"@type":"Article","@id":"https:\/\/proyeccionedomex.com.mx\/?p=2839#article","isPartOf":{"@id":"https:\/\/proyeccionedomex.com.mx\/?p=2839"},"author":{"name":"Redacci\u00f3n Proyecci\u00f3n EDOM\u00c9X","@id":"https:\/\/proyeccionedomex.com.mx\/#\/schema\/person\/2e66b5427bffed972a69e6b66b4e3a76"},"headline":"Gobernadora Delfina G\u00f3mez recorre calles de Chalco afectadas por lluvias","datePublished":"2024-08-26T15:35:29+00:00","dateModified":"2024-08-26T15:35:32+00:00","mainEntityOfPage":{"@id":"https:\/\/proyeccionedomex.com.mx\/?p=2839"},"wordCount":238,"commentCount":0,"publisher":{"@id":"https:\/\/proyeccionedomex.com.mx\/#organization"},"image":{"@id":"https:\/\/proyeccionedomex.com.mx\/?p=2839#primaryimage"},"thumbnailUrl":"https:\/\/proyeccionedomex.com.mx\/wp-content\/uploads\/2024\/08\/image-9.jpeg","articleSection":["Politica"],"inLanguage":"es","potentialAction":[{"@type":"CommentAction","name":"Comment","target":["https:\/\/proyeccionedomex.com.mx\/?p=2839#respond"]}]},{"@type":"WebPage","@id":"https:\/\/proyeccionedomex.com.mx\/?p=2839","url":"https:\/\/proyeccionedomex.com.mx\/?p=2839","name":"Gobernadora Delfina G\u00f3mez recorre calles de Chalco afectadas por lluvias - Proyecci\u00f3n Estado de M\u00e9xico","isPartOf":{"@id":"https:\/\/proyeccionedomex.com.mx\/#website"},"primaryImageOfPage":{"@id":"https:\/\/proyeccionedomex.com.mx\/?p=2839#primaryimage"},"image":{"@id":"https:\/\/proyeccionedomex.com.mx\/?p=2839#primaryimage"},"thumbnailUrl":"https:\/\/proyeccionedomex.com.mx\/wp-content\/uploads\/2024\/08\/image-9.jpeg","datePublished":"2024-08-26T15:35:29+00:00","dateModified":"2024-08-26T15:35:32+00:00","breadcrumb":{"@id":"https:\/\/proyeccionedomex.com.mx\/?p=2839#breadcrumb"},"inLanguage":"es","potentialAction":[{"@type":"ReadAction","target":["https:\/\/proyeccionedomex.com.mx\/?p=2839"]}]},{"@type":"ImageObject","inLanguage":"es","@id":"https:\/\/proyeccionedomex.com.mx\/?p=2839#primaryimage","url":"https:\/\/proyeccionedomex.com.mx\/wp-content\/uploads\/2024\/08\/image-9.jpeg","contentUrl":"https:\/\/proyeccionedomex.com.mx\/wp-content\/uploads\/2024\/08\/image-9.jpeg","width":813,"height":540},{"@type":"BreadcrumbList","@id":"https:\/\/proyeccionedomex.com.mx\/?p=2839#breadcrumb","itemListElement":[{"@type":"ListItem","position":1,"name":"Portada","item":"https:\/\/proyeccionedomex.com.mx\/"},{"@type":"ListItem","position":2,"name":"Gobernadora Delfina G\u00f3mez recorre calles de Chalco afectadas por lluvias"}]},{"@type":"WebSite","@id":"https:\/\/proyeccionedomex.com.mx\/#website","url":"https:\/\/proyeccionedomex.com.mx\/","name":"Proyecci\u00f3n Estado de M\u00e9xico","description":"Proyecci\u00f3n Edo. Mex.","publisher":{"@id":"https:\/\/proyeccionedomex.com.mx\/#organization"},"potentialAction":[{"@type":"SearchAction","target":{"@type":"EntryPoint","urlTemplate":"https:\/\/proyeccionedomex.com.mx\/?s={search_term_string}"},"query-input":{"@type":"PropertyValueSpecification","valueRequired":true,"valueName":"search_term_string"}}],"inLanguage":"es"},{"@type":"Organization","@id":"https:\/\/proyeccionedomex.com.mx\/#organization","name":"Proyecci\u00f3n Estado de M\u00e9xico","url":"https:\/\/proyeccionedomex.com.mx\/","logo":{"@type":"ImageObject","inLanguage":"es","@id":"https:\/\/proyeccionedomex.com.mx\/#\/schema\/logo\/image\/","url":"https:\/\/proyeccionedomex.com.mx\/wp-content\/uploads\/2024\/03\/proyeccion.jpg","contentUrl":"https:\/\/proyeccionedomex.com.mx\/wp-content\/uploads\/2024\/03\/proyeccion.jpg","width":1143,"height":801,"caption":"Proyecci\u00f3n Estado de M\u00e9xico"},"image":{"@id":"https:\/\/proyeccionedomex.com.mx\/#\/schema\/logo\/image\/"},"sameAs":["https:\/\/www.facebook.com\/PortaldeNoticiasProyeccionEdomex"]},{"@type":"Person","@id":"https:\/\/proyeccionedomex.com.mx\/#\/schema\/person\/2e66b5427bffed972a69e6b66b4e3a76","name":"Redacci\u00f3n Proyecci\u00f3n EDOM\u00c9X","image":{"@type":"ImageObject","inLanguage":"es","@id":"https:\/\/secure.gravatar.com\/avatar\/f43a2254d614198c44c96f86f1f078a06cac3d39a3250e9245aa331797519cab?s=96&d=mm&r=g","url":"https:\/\/secure.gravatar.com\/avatar\/f43a2254d614198c44c96f86f1f078a06cac3d39a3250e9245aa331797519cab?s=96&d=mm&r=g","contentUrl":"https:\/\/secure.gravatar.com\/avatar\/f43a2254d614198c44c96f86f1f078a06cac3d39a3250e9245aa331797519cab?s=96&d=mm&r=g","caption":"Redacci\u00f3n Proyecci\u00f3n EDOM\u00c9X"},"sameAs":["https:\/\/proyeccionedomex.com.mx"],"url":"https:\/\/proyeccionedomex.com.mx\/?author=1"}]}},"_links":{"self":[{"href":"https:\/\/proyeccionedomex.com.mx\/index.php?rest_route=\/wp\/v2\/posts\/2839","targetHints":{"allow":["GET"]}}],"collection":[{"href":"https:\/\/proyeccionedomex.com.mx\/index.php?rest_route=\/wp\/v2\/posts"}],"about":[{"href":"https:\/\/proyeccionedomex.com.mx\/index.php?rest_route=\/wp\/v2\/types\/post"}],"author":[{"embeddable":true,"href":"https:\/\/proyeccionedomex.com.mx\/index.php?rest_route=\/wp\/v2\/users\/1"}],"replies":[{"embeddable":true,"href":"https:\/\/proyeccionedomex.com.mx\/index.php?rest_route=%2Fwp%2Fv2%2Fcomments&post=2839"}],"version-history":[{"count":0,"href":"https:\/\/proyeccionedomex.com.mx\/index.php?rest_route=\/wp\/v2\/posts\/2839\/revisions"}],"wp:featuredmedia":[{"embeddable":true,"href":"https:\/\/proyeccionedomex.com.mx\/index.php?rest_route=\/wp\/v2\/media\/2840"}],"wp:attachment":[{"href":"https:\/\/proyeccionedomex.com.mx\/index.php?rest_route=%2Fwp%2Fv2%2Fmedia&parent=2839"}],"wp:term":[{"taxonomy":"category","embeddable":true,"href":"https:\/\/proyeccionedomex.com.mx\/index.php?rest_route=%2Fwp%2Fv2%2Fcategories&post=2839"},{"taxonomy":"post_tag","embeddable":true,"href":"https:\/\/proyeccionedomex.com.mx\/index.php?rest_route=%2Fwp%2Fv2%2Ftags&post=2839"}],"curies":[{"name":"wp","href":"https:\/\/api.w.org\/{rel}","templated":true}]}}