{"id":3352,"date":"2024-10-07T04:38:00","date_gmt":"2024-10-07T04:38:00","guid":{"rendered":"https:\/\/proyeccionedomex.com.mx\/?p=3352"},"modified":"2024-10-07T04:38:03","modified_gmt":"2024-10-07T04:38:03","slug":"preparan-festival-del-molinillo-y-el-chocolate-tradicion-del-edomex-para-el-mundo","status":"publish","type":"post","link":"https:\/\/proyeccionedomex.com.mx\/?p=3352","title":{"rendered":"Preparan Festival del Molinillo y el Chocolate, tradici\u00f3n del EdoM\u00e9x para el mundo"},"content":{"rendered":"\n<figure class=\"wp-block-image size-full\"><img loading=\"lazy\" decoding=\"async\" width=\"810\" height=\"540\" src=\"https:\/\/proyeccionedomex.com.mx\/wp-content\/uploads\/2024\/10\/image-16.jpeg\" alt=\"\" class=\"wp-image-3353\" srcset=\"https:\/\/proyeccionedomex.com.mx\/wp-content\/uploads\/2024\/10\/image-16.jpeg 810w, https:\/\/proyeccionedomex.com.mx\/wp-content\/uploads\/2024\/10\/image-16-300x200.jpeg 300w, https:\/\/proyeccionedomex.com.mx\/wp-content\/uploads\/2024\/10\/image-16-768x512.jpeg 768w, https:\/\/proyeccionedomex.com.mx\/wp-content\/uploads\/2024\/10\/image-16-696x464.jpeg 696w, https:\/\/proyeccionedomex.com.mx\/wp-content\/uploads\/2024\/10\/image-16-630x420.jpeg 630w\" sizes=\"auto, (max-width: 810px) 100vw, 810px\" \/><\/figure>\n\n\n\n<p>Preparan Festival del Molinillo y el Chocolate, tradici\u00f3n del EdoM\u00e9x para el mundo<\/p>\n\n\n\n<p>Para promover el talento creativo de quienes dan vida a la madera, llega al EdoM\u00e9x la novena edici\u00f3n del Festival del Molinillo y el Chocolate, del 18 al 22 de octubre, por lo que, a trav\u00e9s de una conferencia de prensa, la Secretar\u00eda de Cultura y Turismo del EdoM\u00e9x y autoridades de Ray\u00f3n, municipio sede, dieron a conocer detalles de este evento.<\/p>\n\n\n\n<p>\u201cDesde la Secretar\u00eda de Cultura y Turismo y bajo el liderazgo de nuestra Gobernadora, nuestra querida Maestra Delfina G\u00f3mez \u00c1lvarez, trabajamos en coordinaci\u00f3n siempre con los 125 municipios mexiquenses con el objetivo de dar a conocer el esfuerzo y el gran trabajo que realiza cada Ayuntamiento, cada Presidente Municipal, junto con su equipo de colaboradores, sobre todo en lo que corresponde a nosotros, en materia tur\u00edstica y cultural\u201d, extern\u00f3 Nelly Carrasco God\u00ednez, Secretaria de Cultura y Turismo.<\/p>\n\n\n\n<p>Desde el Cosmovitral Jard\u00edn Bot\u00e1nico, en Toluca, la titular de la dependencia estatal indic\u00f3 que la Secretar\u00eda a su cargo participar\u00e1 con la presentaci\u00f3n de la Orquesta Sinf\u00f3nica del Estado de M\u00e9xico (OSEM), dirigida por Rodrigo Mac\u00edas Gonz\u00e1lez, para que las y los mexiquenses de aquella zona de la entidad disfruten el s\u00e1bado 19 a las 17:00 horas.<\/p>\n\n\n\n<p>Dentro de la entidad mexiquense, el Instituto de Investigaci\u00f3n y Fomento de las Artesan\u00edas del Estado de M\u00e9xico (IIFAEM), cuenta con un total de 4 mil 350 personas dedicadas a la rama artesanal de madera, de los cuales, en Ray\u00f3n se concentran 323; de \u00e9stas, 63 son mujeres y 260 hombres.<\/p>\n\n\n\n<p>Al recordar los inicios del Festival, Erick Cedillo Hinojosa, Presidente Municipal de Ray\u00f3n, destac\u00f3 varias actividades como corredor artesanal y gastron\u00f3mico, conciertos, talleres, la participaci\u00f3n de la Guelaguetza, exposiciones, ballet folcl\u00f3rico, as\u00ed como la presentaci\u00f3n oficial de la canci\u00f3n que conmemora los 150 a\u00f1os de Ray\u00f3n, escrita por el cubano Nelson Vald\u00e9s, y lecturas de poes\u00eda en zapoteco.<\/p>\n\n\n\n<p>\u201cEste Festival empezar\u00e1 el 18 de octubre con un concierto de m\u00fasica para los j\u00f3venes, con un concierto de reguet\u00f3n, con uno de los artistas del g\u00e9nero m\u00e1s importantes del pa\u00eds y es mexiquense aparte, de Chalco, Estado de M\u00e9xico y este concierto es un concierto con causa\u201d.<\/p>\n\n\n\n<p>En el evento estuvieron: Agust\u00edn Herrera P\u00e9rez, Director General de Instituto de Investigaci\u00f3n y Fomento de las Artesan\u00edas del Estado de M\u00e9xico (IIFAEM); Magda Nataly Ansaustegui S\u00e1nchez, Directora de Identidad, Cultura y Educaci\u00f3n; Reina Mar\u00eda Gonz\u00e1lez Gardu\u00f1o, Directora de Desarrollo Econ\u00f3mico y Artesanal; as\u00ed como el Maestro artesano Misael Alonso Campos.<\/p>\n\n\n\n<p>Las personas interesadas en conocer detalles del Festival del Molinillo y el Chocolate pueden consultar el sitio web del Ayuntamiento de Ray\u00f3n: <a href=\"https:\/\/l.facebook.com\/l.php?u=https%3A%2F%2Fwww.gobiernoderayon.gob.mx%2F%3Ffbclid%3DIwZXh0bgNhZW0CMTAAAR2nVW8jl-H_533pVAudxjWjM8FxwAYm6Nw7TJA07lJIhKA6rhjuR1pm_P0_aem_p-LbkRuIRKLbgH-9FEHRCg&amp;h=AT3bw87urya6lkkOzn6fuy15cRWbA87uXGPcZnXN4wFDGt6DOeulpQAMKc6gTHj66QL_YtIKkif-I8ukgIgTSZ68lOKW0p_21D_6gpS3qPj1hjz1thbS35rwDqmkEOpodWzYxCSFtkfk3KoNa_FG&amp;__tn__=-UK-R&amp;c[0]=AT1leX-5C4XM8LYtifTkjIfQSRScND56PEs9i6dy2Gj8sGFsKrlLuKvJHHkuK3Sba8B4mydywjVpwsd2CZgy-7842ZmVZwbJgEO7PYwPFrlGjbkFIn9J8TmG0_lbAa6j6ah6sR86jaQpv4xmqljCsx8FAiz1PrbeM_rHx7kTpVfp1JAQwxE9_gAl3bZCxQ0f\" rel=\"noreferrer noopener\" target=\"_blank\">https:\/\/www.gobiernoderayon.gob.mx\/<\/a>.<\/p>\n","protected":false},"excerpt":{"rendered":"<p>Preparan Festival del Molinillo y el Chocolate, tradici\u00f3n del EdoM\u00e9x para el mundo Para promover el talento creativo de quienes dan vida a la madera, llega al EdoM\u00e9x la novena edici\u00f3n del Festival del Molinillo y el Chocolate, del 18 al 22 de octubre, por lo que, a trav\u00e9s de una conferencia de prensa, la [&hellip;]<\/p>\n","protected":false},"author":1,"featured_media":3353,"comment_status":"open","ping_status":"closed","sticky":false,"template":"","format":"standard","meta":{"footnotes":""},"categories":[125],"tags":[],"class_list":{"0":"post-3352","1":"post","2":"type-post","3":"status-publish","4":"format-standard","5":"has-post-thumbnail","7":"category-cultura"},"yoast_head":"<!-- This site is optimized with the Yoast SEO plugin v27.5 - https:\/\/yoast.com\/product\/yoast-seo-wordpress\/ -->\n<title>Preparan Festival del Molinillo y el Chocolate, tradici\u00f3n del EdoM\u00e9x para el mundo - Proyecci\u00f3n Estado de M\u00e9xico<\/title>\n<meta name=\"robots\" content=\"index, follow, max-snippet:-1, max-image-preview:large, max-video-preview:-1\" \/>\n<link rel=\"canonical\" href=\"https:\/\/proyeccionedomex.com.mx\/?p=3352\" \/>\n<meta property=\"og:locale\" content=\"es_ES\" \/>\n<meta property=\"og:type\" content=\"article\" \/>\n<meta property=\"og:title\" content=\"Preparan Festival del Molinillo y el Chocolate, tradici\u00f3n del EdoM\u00e9x para el mundo - Proyecci\u00f3n Estado de M\u00e9xico\" \/>\n<meta property=\"og:description\" content=\"Preparan Festival del Molinillo y el Chocolate, tradici\u00f3n del EdoM\u00e9x para el mundo Para promover el talento creativo de quienes dan vida a la madera, llega al EdoM\u00e9x la novena edici\u00f3n del Festival del Molinillo y el Chocolate, del 18 al 22 de octubre, por lo que, a trav\u00e9s de una conferencia de prensa, la [&hellip;]\" \/>\n<meta property=\"og:url\" content=\"https:\/\/proyeccionedomex.com.mx\/?p=3352\" \/>\n<meta property=\"og:site_name\" content=\"Proyecci\u00f3n Estado de M\u00e9xico\" \/>\n<meta property=\"article:publisher\" content=\"https:\/\/www.facebook.com\/PortaldeNoticiasProyeccionEdomex\" \/>\n<meta property=\"article:published_time\" content=\"2024-10-07T04:38:00+00:00\" \/>\n<meta property=\"article:modified_time\" content=\"2024-10-07T04:38:03+00:00\" \/>\n<meta property=\"og:image\" content=\"https:\/\/proyeccionedomex.com.mx\/wp-content\/uploads\/2024\/10\/image-16.jpeg\" \/>\n\t<meta property=\"og:image:width\" content=\"810\" \/>\n\t<meta property=\"og:image:height\" content=\"540\" \/>\n\t<meta property=\"og:image:type\" content=\"image\/jpeg\" \/>\n<meta name=\"author\" content=\"Redacci\u00f3n Proyecci\u00f3n EDOM\u00c9X\" \/>\n<meta name=\"twitter:card\" content=\"summary_large_image\" \/>\n<meta name=\"twitter:label1\" content=\"Escrito por\" \/>\n\t<meta name=\"twitter:data1\" content=\"Redacci\u00f3n Proyecci\u00f3n EDOM\u00c9X\" \/>\n\t<meta name=\"twitter:label2\" content=\"Tiempo de lectura\" \/>\n\t<meta name=\"twitter:data2\" content=\"3 minutos\" \/>\n<script type=\"application\/ld+json\" class=\"yoast-schema-graph\">{\"@context\":\"https:\\\/\\\/schema.org\",\"@graph\":[{\"@type\":\"Article\",\"@id\":\"https:\\\/\\\/proyeccionedomex.com.mx\\\/?p=3352#article\",\"isPartOf\":{\"@id\":\"https:\\\/\\\/proyeccionedomex.com.mx\\\/?p=3352\"},\"author\":{\"name\":\"Redacci\u00f3n Proyecci\u00f3n EDOM\u00c9X\",\"@id\":\"https:\\\/\\\/proyeccionedomex.com.mx\\\/#\\\/schema\\\/person\\\/2e66b5427bffed972a69e6b66b4e3a76\"},\"headline\":\"Preparan Festival del Molinillo y el Chocolate, tradici\u00f3n del EdoM\u00e9x para el mundo\",\"datePublished\":\"2024-10-07T04:38:00+00:00\",\"dateModified\":\"2024-10-07T04:38:03+00:00\",\"mainEntityOfPage\":{\"@id\":\"https:\\\/\\\/proyeccionedomex.com.mx\\\/?p=3352\"},\"wordCount\":503,\"commentCount\":0,\"publisher\":{\"@id\":\"https:\\\/\\\/proyeccionedomex.com.mx\\\/#organization\"},\"image\":{\"@id\":\"https:\\\/\\\/proyeccionedomex.com.mx\\\/?p=3352#primaryimage\"},\"thumbnailUrl\":\"https:\\\/\\\/proyeccionedomex.com.mx\\\/wp-content\\\/uploads\\\/2024\\\/10\\\/image-16.jpeg\",\"articleSection\":[\"CULTURA\"],\"inLanguage\":\"es\",\"potentialAction\":[{\"@type\":\"CommentAction\",\"name\":\"Comment\",\"target\":[\"https:\\\/\\\/proyeccionedomex.com.mx\\\/?p=3352#respond\"]}]},{\"@type\":\"WebPage\",\"@id\":\"https:\\\/\\\/proyeccionedomex.com.mx\\\/?p=3352\",\"url\":\"https:\\\/\\\/proyeccionedomex.com.mx\\\/?p=3352\",\"name\":\"Preparan Festival del Molinillo y el Chocolate, tradici\u00f3n del EdoM\u00e9x para el mundo - Proyecci\u00f3n Estado de M\u00e9xico\",\"isPartOf\":{\"@id\":\"https:\\\/\\\/proyeccionedomex.com.mx\\\/#website\"},\"primaryImageOfPage\":{\"@id\":\"https:\\\/\\\/proyeccionedomex.com.mx\\\/?p=3352#primaryimage\"},\"image\":{\"@id\":\"https:\\\/\\\/proyeccionedomex.com.mx\\\/?p=3352#primaryimage\"},\"thumbnailUrl\":\"https:\\\/\\\/proyeccionedomex.com.mx\\\/wp-content\\\/uploads\\\/2024\\\/10\\\/image-16.jpeg\",\"datePublished\":\"2024-10-07T04:38:00+00:00\",\"dateModified\":\"2024-10-07T04:38:03+00:00\",\"breadcrumb\":{\"@id\":\"https:\\\/\\\/proyeccionedomex.com.mx\\\/?p=3352#breadcrumb\"},\"inLanguage\":\"es\",\"potentialAction\":[{\"@type\":\"ReadAction\",\"target\":[\"https:\\\/\\\/proyeccionedomex.com.mx\\\/?p=3352\"]}]},{\"@type\":\"ImageObject\",\"inLanguage\":\"es\",\"@id\":\"https:\\\/\\\/proyeccionedomex.com.mx\\\/?p=3352#primaryimage\",\"url\":\"https:\\\/\\\/proyeccionedomex.com.mx\\\/wp-content\\\/uploads\\\/2024\\\/10\\\/image-16.jpeg\",\"contentUrl\":\"https:\\\/\\\/proyeccionedomex.com.mx\\\/wp-content\\\/uploads\\\/2024\\\/10\\\/image-16.jpeg\",\"width\":810,\"height\":540},{\"@type\":\"BreadcrumbList\",\"@id\":\"https:\\\/\\\/proyeccionedomex.com.mx\\\/?p=3352#breadcrumb\",\"itemListElement\":[{\"@type\":\"ListItem\",\"position\":1,\"name\":\"Portada\",\"item\":\"https:\\\/\\\/proyeccionedomex.com.mx\\\/\"},{\"@type\":\"ListItem\",\"position\":2,\"name\":\"Preparan Festival del Molinillo y el Chocolate, tradici\u00f3n del EdoM\u00e9x para el mundo\"}]},{\"@type\":\"WebSite\",\"@id\":\"https:\\\/\\\/proyeccionedomex.com.mx\\\/#website\",\"url\":\"https:\\\/\\\/proyeccionedomex.com.mx\\\/\",\"name\":\"Proyecci\u00f3n Estado de M\u00e9xico\",\"description\":\"Proyecci\u00f3n Edo. Mex.\",\"publisher\":{\"@id\":\"https:\\\/\\\/proyeccionedomex.com.mx\\\/#organization\"},\"potentialAction\":[{\"@type\":\"SearchAction\",\"target\":{\"@type\":\"EntryPoint\",\"urlTemplate\":\"https:\\\/\\\/proyeccionedomex.com.mx\\\/?s={search_term_string}\"},\"query-input\":{\"@type\":\"PropertyValueSpecification\",\"valueRequired\":true,\"valueName\":\"search_term_string\"}}],\"inLanguage\":\"es\"},{\"@type\":\"Organization\",\"@id\":\"https:\\\/\\\/proyeccionedomex.com.mx\\\/#organization\",\"name\":\"Proyecci\u00f3n Estado de M\u00e9xico\",\"url\":\"https:\\\/\\\/proyeccionedomex.com.mx\\\/\",\"logo\":{\"@type\":\"ImageObject\",\"inLanguage\":\"es\",\"@id\":\"https:\\\/\\\/proyeccionedomex.com.mx\\\/#\\\/schema\\\/logo\\\/image\\\/\",\"url\":\"https:\\\/\\\/proyeccionedomex.com.mx\\\/wp-content\\\/uploads\\\/2024\\\/03\\\/proyeccion.jpg\",\"contentUrl\":\"https:\\\/\\\/proyeccionedomex.com.mx\\\/wp-content\\\/uploads\\\/2024\\\/03\\\/proyeccion.jpg\",\"width\":1143,\"height\":801,\"caption\":\"Proyecci\u00f3n Estado de M\u00e9xico\"},\"image\":{\"@id\":\"https:\\\/\\\/proyeccionedomex.com.mx\\\/#\\\/schema\\\/logo\\\/image\\\/\"},\"sameAs\":[\"https:\\\/\\\/www.facebook.com\\\/PortaldeNoticiasProyeccionEdomex\"]},{\"@type\":\"Person\",\"@id\":\"https:\\\/\\\/proyeccionedomex.com.mx\\\/#\\\/schema\\\/person\\\/2e66b5427bffed972a69e6b66b4e3a76\",\"name\":\"Redacci\u00f3n Proyecci\u00f3n EDOM\u00c9X\",\"image\":{\"@type\":\"ImageObject\",\"inLanguage\":\"es\",\"@id\":\"https:\\\/\\\/secure.gravatar.com\\\/avatar\\\/f43a2254d614198c44c96f86f1f078a06cac3d39a3250e9245aa331797519cab?s=96&d=mm&r=g\",\"url\":\"https:\\\/\\\/secure.gravatar.com\\\/avatar\\\/f43a2254d614198c44c96f86f1f078a06cac3d39a3250e9245aa331797519cab?s=96&d=mm&r=g\",\"contentUrl\":\"https:\\\/\\\/secure.gravatar.com\\\/avatar\\\/f43a2254d614198c44c96f86f1f078a06cac3d39a3250e9245aa331797519cab?s=96&d=mm&r=g\",\"caption\":\"Redacci\u00f3n Proyecci\u00f3n EDOM\u00c9X\"},\"sameAs\":[\"https:\\\/\\\/proyeccionedomex.com.mx\"],\"url\":\"https:\\\/\\\/proyeccionedomex.com.mx\\\/?author=1\"}]}<\/script>\n<!-- \/ Yoast SEO plugin. -->","yoast_head_json":{"title":"Preparan Festival del Molinillo y el Chocolate, tradici\u00f3n del EdoM\u00e9x para el mundo - Proyecci\u00f3n Estado de M\u00e9xico","robots":{"index":"index","follow":"follow","max-snippet":"max-snippet:-1","max-image-preview":"max-image-preview:large","max-video-preview":"max-video-preview:-1"},"canonical":"https:\/\/proyeccionedomex.com.mx\/?p=3352","og_locale":"es_ES","og_type":"article","og_title":"Preparan Festival del Molinillo y el Chocolate, tradici\u00f3n del EdoM\u00e9x para el mundo - Proyecci\u00f3n Estado de M\u00e9xico","og_description":"Preparan Festival del Molinillo y el Chocolate, tradici\u00f3n del EdoM\u00e9x para el mundo Para promover el talento creativo de quienes dan vida a la madera, llega al EdoM\u00e9x la novena edici\u00f3n del Festival del Molinillo y el Chocolate, del 18 al 22 de octubre, por lo que, a trav\u00e9s de una conferencia de prensa, la [&hellip;]","og_url":"https:\/\/proyeccionedomex.com.mx\/?p=3352","og_site_name":"Proyecci\u00f3n Estado de M\u00e9xico","article_publisher":"https:\/\/www.facebook.com\/PortaldeNoticiasProyeccionEdomex","article_published_time":"2024-10-07T04:38:00+00:00","article_modified_time":"2024-10-07T04:38:03+00:00","og_image":[{"width":810,"height":540,"url":"https:\/\/proyeccionedomex.com.mx\/wp-content\/uploads\/2024\/10\/image-16.jpeg","type":"image\/jpeg"}],"author":"Redacci\u00f3n Proyecci\u00f3n EDOM\u00c9X","twitter_card":"summary_large_image","twitter_misc":{"Escrito por":"Redacci\u00f3n Proyecci\u00f3n EDOM\u00c9X","Tiempo de lectura":"3 minutos"},"schema":{"@context":"https:\/\/schema.org","@graph":[{"@type":"Article","@id":"https:\/\/proyeccionedomex.com.mx\/?p=3352#article","isPartOf":{"@id":"https:\/\/proyeccionedomex.com.mx\/?p=3352"},"author":{"name":"Redacci\u00f3n Proyecci\u00f3n EDOM\u00c9X","@id":"https:\/\/proyeccionedomex.com.mx\/#\/schema\/person\/2e66b5427bffed972a69e6b66b4e3a76"},"headline":"Preparan Festival del Molinillo y el Chocolate, tradici\u00f3n del EdoM\u00e9x para el mundo","datePublished":"2024-10-07T04:38:00+00:00","dateModified":"2024-10-07T04:38:03+00:00","mainEntityOfPage":{"@id":"https:\/\/proyeccionedomex.com.mx\/?p=3352"},"wordCount":503,"commentCount":0,"publisher":{"@id":"https:\/\/proyeccionedomex.com.mx\/#organization"},"image":{"@id":"https:\/\/proyeccionedomex.com.mx\/?p=3352#primaryimage"},"thumbnailUrl":"https:\/\/proyeccionedomex.com.mx\/wp-content\/uploads\/2024\/10\/image-16.jpeg","articleSection":["CULTURA"],"inLanguage":"es","potentialAction":[{"@type":"CommentAction","name":"Comment","target":["https:\/\/proyeccionedomex.com.mx\/?p=3352#respond"]}]},{"@type":"WebPage","@id":"https:\/\/proyeccionedomex.com.mx\/?p=3352","url":"https:\/\/proyeccionedomex.com.mx\/?p=3352","name":"Preparan Festival del Molinillo y el Chocolate, tradici\u00f3n del EdoM\u00e9x para el mundo - Proyecci\u00f3n Estado de M\u00e9xico","isPartOf":{"@id":"https:\/\/proyeccionedomex.com.mx\/#website"},"primaryImageOfPage":{"@id":"https:\/\/proyeccionedomex.com.mx\/?p=3352#primaryimage"},"image":{"@id":"https:\/\/proyeccionedomex.com.mx\/?p=3352#primaryimage"},"thumbnailUrl":"https:\/\/proyeccionedomex.com.mx\/wp-content\/uploads\/2024\/10\/image-16.jpeg","datePublished":"2024-10-07T04:38:00+00:00","dateModified":"2024-10-07T04:38:03+00:00","breadcrumb":{"@id":"https:\/\/proyeccionedomex.com.mx\/?p=3352#breadcrumb"},"inLanguage":"es","potentialAction":[{"@type":"ReadAction","target":["https:\/\/proyeccionedomex.com.mx\/?p=3352"]}]},{"@type":"ImageObject","inLanguage":"es","@id":"https:\/\/proyeccionedomex.com.mx\/?p=3352#primaryimage","url":"https:\/\/proyeccionedomex.com.mx\/wp-content\/uploads\/2024\/10\/image-16.jpeg","contentUrl":"https:\/\/proyeccionedomex.com.mx\/wp-content\/uploads\/2024\/10\/image-16.jpeg","width":810,"height":540},{"@type":"BreadcrumbList","@id":"https:\/\/proyeccionedomex.com.mx\/?p=3352#breadcrumb","itemListElement":[{"@type":"ListItem","position":1,"name":"Portada","item":"https:\/\/proyeccionedomex.com.mx\/"},{"@type":"ListItem","position":2,"name":"Preparan Festival del Molinillo y el Chocolate, tradici\u00f3n del EdoM\u00e9x para el mundo"}]},{"@type":"WebSite","@id":"https:\/\/proyeccionedomex.com.mx\/#website","url":"https:\/\/proyeccionedomex.com.mx\/","name":"Proyecci\u00f3n Estado de M\u00e9xico","description":"Proyecci\u00f3n Edo. Mex.","publisher":{"@id":"https:\/\/proyeccionedomex.com.mx\/#organization"},"potentialAction":[{"@type":"SearchAction","target":{"@type":"EntryPoint","urlTemplate":"https:\/\/proyeccionedomex.com.mx\/?s={search_term_string}"},"query-input":{"@type":"PropertyValueSpecification","valueRequired":true,"valueName":"search_term_string"}}],"inLanguage":"es"},{"@type":"Organization","@id":"https:\/\/proyeccionedomex.com.mx\/#organization","name":"Proyecci\u00f3n Estado de M\u00e9xico","url":"https:\/\/proyeccionedomex.com.mx\/","logo":{"@type":"ImageObject","inLanguage":"es","@id":"https:\/\/proyeccionedomex.com.mx\/#\/schema\/logo\/image\/","url":"https:\/\/proyeccionedomex.com.mx\/wp-content\/uploads\/2024\/03\/proyeccion.jpg","contentUrl":"https:\/\/proyeccionedomex.com.mx\/wp-content\/uploads\/2024\/03\/proyeccion.jpg","width":1143,"height":801,"caption":"Proyecci\u00f3n Estado de M\u00e9xico"},"image":{"@id":"https:\/\/proyeccionedomex.com.mx\/#\/schema\/logo\/image\/"},"sameAs":["https:\/\/www.facebook.com\/PortaldeNoticiasProyeccionEdomex"]},{"@type":"Person","@id":"https:\/\/proyeccionedomex.com.mx\/#\/schema\/person\/2e66b5427bffed972a69e6b66b4e3a76","name":"Redacci\u00f3n Proyecci\u00f3n EDOM\u00c9X","image":{"@type":"ImageObject","inLanguage":"es","@id":"https:\/\/secure.gravatar.com\/avatar\/f43a2254d614198c44c96f86f1f078a06cac3d39a3250e9245aa331797519cab?s=96&d=mm&r=g","url":"https:\/\/secure.gravatar.com\/avatar\/f43a2254d614198c44c96f86f1f078a06cac3d39a3250e9245aa331797519cab?s=96&d=mm&r=g","contentUrl":"https:\/\/secure.gravatar.com\/avatar\/f43a2254d614198c44c96f86f1f078a06cac3d39a3250e9245aa331797519cab?s=96&d=mm&r=g","caption":"Redacci\u00f3n Proyecci\u00f3n EDOM\u00c9X"},"sameAs":["https:\/\/proyeccionedomex.com.mx"],"url":"https:\/\/proyeccionedomex.com.mx\/?author=1"}]}},"_links":{"self":[{"href":"https:\/\/proyeccionedomex.com.mx\/index.php?rest_route=\/wp\/v2\/posts\/3352","targetHints":{"allow":["GET"]}}],"collection":[{"href":"https:\/\/proyeccionedomex.com.mx\/index.php?rest_route=\/wp\/v2\/posts"}],"about":[{"href":"https:\/\/proyeccionedomex.com.mx\/index.php?rest_route=\/wp\/v2\/types\/post"}],"author":[{"embeddable":true,"href":"https:\/\/proyeccionedomex.com.mx\/index.php?rest_route=\/wp\/v2\/users\/1"}],"replies":[{"embeddable":true,"href":"https:\/\/proyeccionedomex.com.mx\/index.php?rest_route=%2Fwp%2Fv2%2Fcomments&post=3352"}],"version-history":[{"count":0,"href":"https:\/\/proyeccionedomex.com.mx\/index.php?rest_route=\/wp\/v2\/posts\/3352\/revisions"}],"wp:featuredmedia":[{"embeddable":true,"href":"https:\/\/proyeccionedomex.com.mx\/index.php?rest_route=\/wp\/v2\/media\/3353"}],"wp:attachment":[{"href":"https:\/\/proyeccionedomex.com.mx\/index.php?rest_route=%2Fwp%2Fv2%2Fmedia&parent=3352"}],"wp:term":[{"taxonomy":"category","embeddable":true,"href":"https:\/\/proyeccionedomex.com.mx\/index.php?rest_route=%2Fwp%2Fv2%2Fcategories&post=3352"},{"taxonomy":"post_tag","embeddable":true,"href":"https:\/\/proyeccionedomex.com.mx\/index.php?rest_route=%2Fwp%2Fv2%2Ftags&post=3352"}],"curies":[{"name":"wp","href":"https:\/\/api.w.org\/{rel}","templated":true}]}}