{"id":3392,"date":"2024-10-11T15:03:32","date_gmt":"2024-10-11T15:03:32","guid":{"rendered":"https:\/\/proyeccionedomex.com.mx\/?p=3392"},"modified":"2024-10-11T15:03:34","modified_gmt":"2024-10-11T15:03:34","slug":"todo-el-estado-de-mexico-apoya-a-jenaro-martinez-para-convertirse-en-el-proximo-secretario-general-del-smsem","status":"publish","type":"post","link":"https:\/\/proyeccionedomex.com.mx\/?p=3392","title":{"rendered":"Todo el Estado de M\u00e9xico apoya a Jenaro Mart\u00ednez para convertirse en el pr\u00f3ximo secretario general del #SMSEM"},"content":{"rendered":"\n<figure class=\"wp-block-image size-large td-caption-align-https:\/\/proyeccionedomex.com.mx\/wp-content\/uploads\/2024\/10\/image-24.jpeg\"><img loading=\"lazy\" decoding=\"async\" width=\"1024\" height=\"683\" src=\"https:\/\/proyeccionedomex.com.mx\/wp-content\/uploads\/2024\/10\/image-24-1024x683.jpeg\" alt=\"\" class=\"wp-image-3393\" srcset=\"https:\/\/proyeccionedomex.com.mx\/wp-content\/uploads\/2024\/10\/image-24-1024x683.jpeg 1024w, https:\/\/proyeccionedomex.com.mx\/wp-content\/uploads\/2024\/10\/image-24-300x200.jpeg 300w, https:\/\/proyeccionedomex.com.mx\/wp-content\/uploads\/2024\/10\/image-24-768x512.jpeg 768w, https:\/\/proyeccionedomex.com.mx\/wp-content\/uploads\/2024\/10\/image-24-1536x1024.jpeg 1536w, https:\/\/proyeccionedomex.com.mx\/wp-content\/uploads\/2024\/10\/image-24-696x464.jpeg 696w, https:\/\/proyeccionedomex.com.mx\/wp-content\/uploads\/2024\/10\/image-24-1068x712.jpeg 1068w, https:\/\/proyeccionedomex.com.mx\/wp-content\/uploads\/2024\/10\/image-24-630x420.jpeg 630w, https:\/\/proyeccionedomex.com.mx\/wp-content\/uploads\/2024\/10\/image-24.jpeg 1599w\" sizes=\"auto, (max-width: 1024px) 100vw, 1024px\" \/><\/figure>\n\n\n\n<p>Todo el Estado de M\u00e9xico apoya a Jenaro Mart\u00ednez para convertirse en el pr\u00f3ximo secretario general del <a href=\"https:\/\/www.facebook.com\/hashtag\/smsem?__eep__=6&amp;__cft__[0]=AZUyfe1G2oe-jGmVBwMEdQ5voi2vkgdxxeh__4i3C_ZOE1Ov9M3T8axCZgSLqWKbBWTpovzFh7lIBpTSKm9teicgnqKzDRF7re5FusqSMh_6O7bbY0ttFY9x5NuVpGDjRu8UjDlQtXFRJbqDd20MT4Q7VLua5azUiqa5hUkPG-wUMQ&amp;__tn__=*NK-R\">#SMSEM<\/a><\/p>\n\n\n\n<p>Con el respaldo de miles de maestros de todas las regiones del Estado de M\u00e9xico, Jenaro Mart\u00ednez Reyes, candidato por la planilla <a href=\"https:\/\/www.facebook.com\/cambiosindicalsmsem?__cft__[0]=AZUyfe1G2oe-jGmVBwMEdQ5voi2vkgdxxeh__4i3C_ZOE1Ov9M3T8axCZgSLqWKbBWTpovzFh7lIBpTSKm9teicgnqKzDRF7re5FusqSMh_6O7bbY0ttFY9x5NuVpGDjRu8UjDlQtXFRJbqDd20MT4Q7VLua5azUiqa5hUkPG-wUMQ&amp;__tn__=-]K-R\">Cambio Sindical<\/a> a la Secretar\u00eda General del Sindicato de Maestros al Servicio del Estado de M\u00e9xico (SMSEM), cerr\u00f3 su campa\u00f1a en el Sal\u00f3n Rojo del Club Toluca la tarde de este mi\u00e9rcoles. Acompa\u00f1ado de una multitud entusiasta, integrada por docentes de las regiones sindicales del Valle de Toluca, norte y sur del estado, Jenaro reafirm\u00f3 su compromiso con los maestros y llam\u00f3 a la participaci\u00f3n rumbo a la elecci\u00f3n del pr\u00f3ximo 13 de octubre.<\/p>\n\n\n\n<p>En el evento, que fue una aut\u00e9ntica fiesta, los maestros de las regiones 1 (Toluca), 2 (Santiago Tianguistenco), 3 (Naucalpan), 4 (Tultepec), 9 (Tejupilco), 10 (Atlacomulco), 11 (Ixtapan de la Sal), 12 (Valle de Bravo) y 13 (Jilotepec), se hicieron presentes con pancartas, porras, batucadas y m\u00fasica de banda, manifestando su total apoyo a Jenaro Mart\u00ednez. \u00abNo soy el mejor orador, pero s\u00e9 trabajar y lo voy a hacer por todos mis compa\u00f1eros y compa\u00f1eras\u00bb, asegur\u00f3 el candidato, generando una gran ovaci\u00f3n.<\/p>\n\n\n\n<p>Mart\u00ednez Reyes expres\u00f3 su gratitud por el c\u00e1lido recibimiento que le han dado a lo largo de su campa\u00f1a en las 14 regiones sindicales. Se\u00f1al\u00f3 que las inquietudes, peticiones y necesidades recogidas en cada una de ellas formar\u00e1n parte del proyecto de la dirigencia 2024-2027, en caso de ser favorecido con el voto de confianza del magisterio. \u00abRecorrer el estado ha sido una experiencia inolvidable. Gracias por su apoyo. Todo lo que me han compartido ser\u00e1 clave en nuestro trabajo\u00bb, afirm\u00f3.<\/p>\n\n\n\n<p>Adem\u00e1s, Jenaro agradeci\u00f3 a quienes lo formaron a lo largo de su trayectoria profesional, desde su paso por la Escuela Normal, hasta su desarrollo en diversas funciones sindicales y educativas, resaltando su cercan\u00eda y compromiso con el magisterio. Destac\u00f3 que, entre los m\u00e1s de 105 mil maestros afiliados al SMSEM, habr\u00e1 quienes piensan diferente, pero asegur\u00f3 que su dirigencia ofrecer\u00e1 un trato igualitario para todos, sin importar las diferencias.<\/p>\n\n\n\n<p>Finalmente, hizo un llamado a sus compa\u00f1eros maestros a participar en la jornada electoral del 13 de octubre, recordando la importancia de la unidad y la fuerza del magisterio mexiquense. \u00abEste es el momento de demostrar que juntos somos m\u00e1s fuertes. Vayan a las urnas, porque el cambio lo hacemos todos\u00bb, concluy\u00f3 entre aplausos.<\/p>\n\n\n\n<p>Previo al acto de cierre, Jenaro Mart\u00ednez tuvo un emotivo recibimiento por parte de maestros de la regi\u00f3n sindical n\u00famero uno, de donde es originario, quienes le reiteraron su apoyo y confianza para liderar al SMSEM en el pr\u00f3ximo trienio.<\/p>\n\n\n\n<p>_Juntos por el bienestar de las maestras y los maestros._<\/p>\n\n\n\n<p>*Planilla*<\/p>\n\n\n\n<p>Cambio Sindical<\/p>\n\n\n\n<figure class=\"wp-block-image\"><img decoding=\"async\" src=\"https:\/\/scontent-qro1-1.xx.fbcdn.net\/v\/t39.30808-6\/462623254_499950323030193_562415991487417175_n.jpg?_nc_cat=103&amp;ccb=1-7&amp;_nc_sid=833d8c&amp;_nc_eui2=AeFXsmJNA77yEU6W187R5cHib68PI-_zB3xvrw8j7_MHfEriHwF34p3D0g26uDln0l2A2nwnz0vY-baLVANyrDNb&amp;_nc_ohc=pX35TA0Rr9sQ7kNvgHYxec0&amp;_nc_ht=scontent-qro1-1.xx&amp;_nc_gid=AZuF2sfVURtUeQN61z2J13X&amp;oh=00_AYBSCC2rVv65GzQisYtIuHM65hbCSPShKiI4dkhjoa6nMQ&amp;oe=670EFFB4\" alt=\"Puede ser una imagen de 3 personas y texto\"\/><\/figure>\n\n\n\n<figure class=\"wp-block-gallery has-nested-images columns-default is-cropped wp-block-gallery-1 is-layout-flex wp-block-gallery-is-layout-flex\">\n<figure class=\"wp-block-image\"><img decoding=\"async\" src=\"https:\/\/scontent-qro1-1.xx.fbcdn.net\/v\/t39.30808-6\/462645153_499950443030181_2582376207454560630_n.jpg?_nc_cat=110&amp;ccb=1-7&amp;_nc_sid=833d8c&amp;_nc_eui2=AeF46b6SMKvPGziBo-P8HslxCUl-8hdTETIJSX7yF1MRMuTThVkwzN6dDH4VHHUKyFMtwv78Kkw3qvjsqy6MjiOR&amp;_nc_ohc=SeP3TsX-OukQ7kNvgEPzIjn&amp;_nc_ht=scontent-qro1-1.xx&amp;_nc_gid=AaTIIaD2x4AQKlUJKQ-vg7s&amp;oh=00_AYBMMdS_etVQUEY-8LtMoaNVIXS7cmUDLOl-bw2vIQh-8A&amp;oe=670F0281\" alt=\"Puede ser una imagen de 6 personas, personas sonriendo y texto\"\/><\/figure>\n\n\n\n<figure class=\"wp-block-image\"><img decoding=\"async\" src=\"https:\/\/scontent-qro1-1.xx.fbcdn.net\/v\/t39.30808-6\/462594311_499950486363510_677851884490054529_n.jpg?_nc_cat=105&amp;ccb=1-7&amp;_nc_sid=833d8c&amp;_nc_eui2=AeG3mWkURXYogzFY03_Wpu30bY2HXlL-0N1tjYdeUv7Q3RVTUzKDReD9d5zHZVzNRyeinRP_eLYbpYUOuPi5kD6c&amp;_nc_ohc=DhF48BpeC2YQ7kNvgFzAV2l&amp;_nc_ht=scontent-qro1-1.xx&amp;_nc_gid=A7nPccHCNHFUpr899lSuF8L&amp;oh=00_AYCdorjErsIo0VRLi8N1xkdcQJNdzlsbQ_eDVmZ8KXivOw&amp;oe=670F0272\" alt=\"Puede ser una imagen de una o varias personas, multitud y texto\"\/><\/figure>\n<\/figure>\n","protected":false},"excerpt":{"rendered":"<p>Todo el Estado de M\u00e9xico apoya a Jenaro Mart\u00ednez para convertirse en el pr\u00f3ximo secretario general del #SMSEM Con el respaldo de miles de maestros de todas las regiones del Estado de M\u00e9xico, Jenaro Mart\u00ednez Reyes, candidato por la planilla Cambio Sindical a la Secretar\u00eda General del Sindicato de Maestros al Servicio del Estado de [&hellip;]<\/p>\n","protected":false},"author":1,"featured_media":3393,"comment_status":"open","ping_status":"closed","sticky":false,"template":"","format":"standard","meta":{"footnotes":""},"categories":[1],"tags":[],"class_list":{"0":"post-3392","1":"post","2":"type-post","3":"status-publish","4":"format-standard","5":"has-post-thumbnail","7":"category-politica"},"yoast_head":"<!-- This site is optimized with the Yoast SEO plugin v27.5 - https:\/\/yoast.com\/product\/yoast-seo-wordpress\/ -->\n<title>Todo el Estado de M\u00e9xico apoya a Jenaro Mart\u00ednez para convertirse en el pr\u00f3ximo secretario general del #SMSEM - Proyecci\u00f3n Estado de M\u00e9xico<\/title>\n<meta name=\"robots\" content=\"index, follow, max-snippet:-1, max-image-preview:large, max-video-preview:-1\" \/>\n<link rel=\"canonical\" href=\"https:\/\/proyeccionedomex.com.mx\/?p=3392\" \/>\n<meta property=\"og:locale\" content=\"es_ES\" \/>\n<meta property=\"og:type\" content=\"article\" \/>\n<meta property=\"og:title\" content=\"Todo el Estado de M\u00e9xico apoya a Jenaro Mart\u00ednez para convertirse en el pr\u00f3ximo secretario general del #SMSEM - Proyecci\u00f3n Estado de M\u00e9xico\" \/>\n<meta property=\"og:description\" content=\"Todo el Estado de M\u00e9xico apoya a Jenaro Mart\u00ednez para convertirse en el pr\u00f3ximo secretario general del #SMSEM Con el respaldo de miles de maestros de todas las regiones del Estado de M\u00e9xico, Jenaro Mart\u00ednez Reyes, candidato por la planilla Cambio Sindical a la Secretar\u00eda General del Sindicato de Maestros al Servicio del Estado de [&hellip;]\" \/>\n<meta property=\"og:url\" content=\"https:\/\/proyeccionedomex.com.mx\/?p=3392\" \/>\n<meta property=\"og:site_name\" content=\"Proyecci\u00f3n Estado de M\u00e9xico\" \/>\n<meta property=\"article:publisher\" content=\"https:\/\/www.facebook.com\/PortaldeNoticiasProyeccionEdomex\" \/>\n<meta property=\"article:published_time\" content=\"2024-10-11T15:03:32+00:00\" \/>\n<meta property=\"article:modified_time\" content=\"2024-10-11T15:03:34+00:00\" \/>\n<meta property=\"og:image\" content=\"https:\/\/proyeccionedomex.com.mx\/wp-content\/uploads\/2024\/10\/image-24.jpeg\" \/>\n\t<meta property=\"og:image:width\" content=\"1599\" \/>\n\t<meta property=\"og:image:height\" content=\"1066\" \/>\n\t<meta property=\"og:image:type\" content=\"image\/jpeg\" \/>\n<meta name=\"author\" content=\"Redacci\u00f3n Proyecci\u00f3n EDOM\u00c9X\" \/>\n<meta name=\"twitter:card\" content=\"summary_large_image\" \/>\n<meta name=\"twitter:label1\" content=\"Escrito por\" \/>\n\t<meta name=\"twitter:data1\" content=\"Redacci\u00f3n Proyecci\u00f3n EDOM\u00c9X\" \/>\n\t<meta name=\"twitter:label2\" content=\"Tiempo de lectura\" \/>\n\t<meta name=\"twitter:data2\" content=\"3 minutos\" \/>\n<script type=\"application\/ld+json\" class=\"yoast-schema-graph\">{\"@context\":\"https:\\\/\\\/schema.org\",\"@graph\":[{\"@type\":\"Article\",\"@id\":\"https:\\\/\\\/proyeccionedomex.com.mx\\\/?p=3392#article\",\"isPartOf\":{\"@id\":\"https:\\\/\\\/proyeccionedomex.com.mx\\\/?p=3392\"},\"author\":{\"name\":\"Redacci\u00f3n Proyecci\u00f3n EDOM\u00c9X\",\"@id\":\"https:\\\/\\\/proyeccionedomex.com.mx\\\/#\\\/schema\\\/person\\\/2e66b5427bffed972a69e6b66b4e3a76\"},\"headline\":\"Todo el Estado de M\u00e9xico apoya a Jenaro Mart\u00ednez para convertirse en el pr\u00f3ximo secretario general del #SMSEM\",\"datePublished\":\"2024-10-11T15:03:32+00:00\",\"dateModified\":\"2024-10-11T15:03:34+00:00\",\"mainEntityOfPage\":{\"@id\":\"https:\\\/\\\/proyeccionedomex.com.mx\\\/?p=3392\"},\"wordCount\":495,\"commentCount\":0,\"publisher\":{\"@id\":\"https:\\\/\\\/proyeccionedomex.com.mx\\\/#organization\"},\"image\":{\"@id\":\"https:\\\/\\\/proyeccionedomex.com.mx\\\/?p=3392#primaryimage\"},\"thumbnailUrl\":\"https:\\\/\\\/proyeccionedomex.com.mx\\\/wp-content\\\/uploads\\\/2024\\\/10\\\/image-24.jpeg\",\"articleSection\":[\"Politica\"],\"inLanguage\":\"es\",\"potentialAction\":[{\"@type\":\"CommentAction\",\"name\":\"Comment\",\"target\":[\"https:\\\/\\\/proyeccionedomex.com.mx\\\/?p=3392#respond\"]}]},{\"@type\":\"WebPage\",\"@id\":\"https:\\\/\\\/proyeccionedomex.com.mx\\\/?p=3392\",\"url\":\"https:\\\/\\\/proyeccionedomex.com.mx\\\/?p=3392\",\"name\":\"Todo el Estado de M\u00e9xico apoya a Jenaro Mart\u00ednez para convertirse en el pr\u00f3ximo secretario general del #SMSEM - Proyecci\u00f3n Estado de M\u00e9xico\",\"isPartOf\":{\"@id\":\"https:\\\/\\\/proyeccionedomex.com.mx\\\/#website\"},\"primaryImageOfPage\":{\"@id\":\"https:\\\/\\\/proyeccionedomex.com.mx\\\/?p=3392#primaryimage\"},\"image\":{\"@id\":\"https:\\\/\\\/proyeccionedomex.com.mx\\\/?p=3392#primaryimage\"},\"thumbnailUrl\":\"https:\\\/\\\/proyeccionedomex.com.mx\\\/wp-content\\\/uploads\\\/2024\\\/10\\\/image-24.jpeg\",\"datePublished\":\"2024-10-11T15:03:32+00:00\",\"dateModified\":\"2024-10-11T15:03:34+00:00\",\"breadcrumb\":{\"@id\":\"https:\\\/\\\/proyeccionedomex.com.mx\\\/?p=3392#breadcrumb\"},\"inLanguage\":\"es\",\"potentialAction\":[{\"@type\":\"ReadAction\",\"target\":[\"https:\\\/\\\/proyeccionedomex.com.mx\\\/?p=3392\"]}]},{\"@type\":\"ImageObject\",\"inLanguage\":\"es\",\"@id\":\"https:\\\/\\\/proyeccionedomex.com.mx\\\/?p=3392#primaryimage\",\"url\":\"https:\\\/\\\/proyeccionedomex.com.mx\\\/wp-content\\\/uploads\\\/2024\\\/10\\\/image-24.jpeg\",\"contentUrl\":\"https:\\\/\\\/proyeccionedomex.com.mx\\\/wp-content\\\/uploads\\\/2024\\\/10\\\/image-24.jpeg\",\"width\":1599,\"height\":1066},{\"@type\":\"BreadcrumbList\",\"@id\":\"https:\\\/\\\/proyeccionedomex.com.mx\\\/?p=3392#breadcrumb\",\"itemListElement\":[{\"@type\":\"ListItem\",\"position\":1,\"name\":\"Portada\",\"item\":\"https:\\\/\\\/proyeccionedomex.com.mx\\\/\"},{\"@type\":\"ListItem\",\"position\":2,\"name\":\"Todo el Estado de M\u00e9xico apoya a Jenaro Mart\u00ednez para convertirse en el pr\u00f3ximo secretario general del #SMSEM\"}]},{\"@type\":\"WebSite\",\"@id\":\"https:\\\/\\\/proyeccionedomex.com.mx\\\/#website\",\"url\":\"https:\\\/\\\/proyeccionedomex.com.mx\\\/\",\"name\":\"Proyecci\u00f3n Estado de M\u00e9xico\",\"description\":\"Proyecci\u00f3n Edo. Mex.\",\"publisher\":{\"@id\":\"https:\\\/\\\/proyeccionedomex.com.mx\\\/#organization\"},\"potentialAction\":[{\"@type\":\"SearchAction\",\"target\":{\"@type\":\"EntryPoint\",\"urlTemplate\":\"https:\\\/\\\/proyeccionedomex.com.mx\\\/?s={search_term_string}\"},\"query-input\":{\"@type\":\"PropertyValueSpecification\",\"valueRequired\":true,\"valueName\":\"search_term_string\"}}],\"inLanguage\":\"es\"},{\"@type\":\"Organization\",\"@id\":\"https:\\\/\\\/proyeccionedomex.com.mx\\\/#organization\",\"name\":\"Proyecci\u00f3n Estado de M\u00e9xico\",\"url\":\"https:\\\/\\\/proyeccionedomex.com.mx\\\/\",\"logo\":{\"@type\":\"ImageObject\",\"inLanguage\":\"es\",\"@id\":\"https:\\\/\\\/proyeccionedomex.com.mx\\\/#\\\/schema\\\/logo\\\/image\\\/\",\"url\":\"https:\\\/\\\/proyeccionedomex.com.mx\\\/wp-content\\\/uploads\\\/2024\\\/03\\\/proyeccion.jpg\",\"contentUrl\":\"https:\\\/\\\/proyeccionedomex.com.mx\\\/wp-content\\\/uploads\\\/2024\\\/03\\\/proyeccion.jpg\",\"width\":1143,\"height\":801,\"caption\":\"Proyecci\u00f3n Estado de M\u00e9xico\"},\"image\":{\"@id\":\"https:\\\/\\\/proyeccionedomex.com.mx\\\/#\\\/schema\\\/logo\\\/image\\\/\"},\"sameAs\":[\"https:\\\/\\\/www.facebook.com\\\/PortaldeNoticiasProyeccionEdomex\"]},{\"@type\":\"Person\",\"@id\":\"https:\\\/\\\/proyeccionedomex.com.mx\\\/#\\\/schema\\\/person\\\/2e66b5427bffed972a69e6b66b4e3a76\",\"name\":\"Redacci\u00f3n Proyecci\u00f3n EDOM\u00c9X\",\"image\":{\"@type\":\"ImageObject\",\"inLanguage\":\"es\",\"@id\":\"https:\\\/\\\/secure.gravatar.com\\\/avatar\\\/f43a2254d614198c44c96f86f1f078a06cac3d39a3250e9245aa331797519cab?s=96&d=mm&r=g\",\"url\":\"https:\\\/\\\/secure.gravatar.com\\\/avatar\\\/f43a2254d614198c44c96f86f1f078a06cac3d39a3250e9245aa331797519cab?s=96&d=mm&r=g\",\"contentUrl\":\"https:\\\/\\\/secure.gravatar.com\\\/avatar\\\/f43a2254d614198c44c96f86f1f078a06cac3d39a3250e9245aa331797519cab?s=96&d=mm&r=g\",\"caption\":\"Redacci\u00f3n Proyecci\u00f3n EDOM\u00c9X\"},\"sameAs\":[\"https:\\\/\\\/proyeccionedomex.com.mx\"],\"url\":\"https:\\\/\\\/proyeccionedomex.com.mx\\\/?author=1\"}]}<\/script>\n<!-- \/ Yoast SEO plugin. -->","yoast_head_json":{"title":"Todo el Estado de M\u00e9xico apoya a Jenaro Mart\u00ednez para convertirse en el pr\u00f3ximo secretario general del #SMSEM - Proyecci\u00f3n Estado de M\u00e9xico","robots":{"index":"index","follow":"follow","max-snippet":"max-snippet:-1","max-image-preview":"max-image-preview:large","max-video-preview":"max-video-preview:-1"},"canonical":"https:\/\/proyeccionedomex.com.mx\/?p=3392","og_locale":"es_ES","og_type":"article","og_title":"Todo el Estado de M\u00e9xico apoya a Jenaro Mart\u00ednez para convertirse en el pr\u00f3ximo secretario general del #SMSEM - Proyecci\u00f3n Estado de M\u00e9xico","og_description":"Todo el Estado de M\u00e9xico apoya a Jenaro Mart\u00ednez para convertirse en el pr\u00f3ximo secretario general del #SMSEM Con el respaldo de miles de maestros de todas las regiones del Estado de M\u00e9xico, Jenaro Mart\u00ednez Reyes, candidato por la planilla Cambio Sindical a la Secretar\u00eda General del Sindicato de Maestros al Servicio del Estado de [&hellip;]","og_url":"https:\/\/proyeccionedomex.com.mx\/?p=3392","og_site_name":"Proyecci\u00f3n Estado de M\u00e9xico","article_publisher":"https:\/\/www.facebook.com\/PortaldeNoticiasProyeccionEdomex","article_published_time":"2024-10-11T15:03:32+00:00","article_modified_time":"2024-10-11T15:03:34+00:00","og_image":[{"width":1599,"height":1066,"url":"https:\/\/proyeccionedomex.com.mx\/wp-content\/uploads\/2024\/10\/image-24.jpeg","type":"image\/jpeg"}],"author":"Redacci\u00f3n Proyecci\u00f3n EDOM\u00c9X","twitter_card":"summary_large_image","twitter_misc":{"Escrito por":"Redacci\u00f3n Proyecci\u00f3n EDOM\u00c9X","Tiempo de lectura":"3 minutos"},"schema":{"@context":"https:\/\/schema.org","@graph":[{"@type":"Article","@id":"https:\/\/proyeccionedomex.com.mx\/?p=3392#article","isPartOf":{"@id":"https:\/\/proyeccionedomex.com.mx\/?p=3392"},"author":{"name":"Redacci\u00f3n Proyecci\u00f3n EDOM\u00c9X","@id":"https:\/\/proyeccionedomex.com.mx\/#\/schema\/person\/2e66b5427bffed972a69e6b66b4e3a76"},"headline":"Todo el Estado de M\u00e9xico apoya a Jenaro Mart\u00ednez para convertirse en el pr\u00f3ximo secretario general del #SMSEM","datePublished":"2024-10-11T15:03:32+00:00","dateModified":"2024-10-11T15:03:34+00:00","mainEntityOfPage":{"@id":"https:\/\/proyeccionedomex.com.mx\/?p=3392"},"wordCount":495,"commentCount":0,"publisher":{"@id":"https:\/\/proyeccionedomex.com.mx\/#organization"},"image":{"@id":"https:\/\/proyeccionedomex.com.mx\/?p=3392#primaryimage"},"thumbnailUrl":"https:\/\/proyeccionedomex.com.mx\/wp-content\/uploads\/2024\/10\/image-24.jpeg","articleSection":["Politica"],"inLanguage":"es","potentialAction":[{"@type":"CommentAction","name":"Comment","target":["https:\/\/proyeccionedomex.com.mx\/?p=3392#respond"]}]},{"@type":"WebPage","@id":"https:\/\/proyeccionedomex.com.mx\/?p=3392","url":"https:\/\/proyeccionedomex.com.mx\/?p=3392","name":"Todo el Estado de M\u00e9xico apoya a Jenaro Mart\u00ednez para convertirse en el pr\u00f3ximo secretario general del #SMSEM - Proyecci\u00f3n Estado de M\u00e9xico","isPartOf":{"@id":"https:\/\/proyeccionedomex.com.mx\/#website"},"primaryImageOfPage":{"@id":"https:\/\/proyeccionedomex.com.mx\/?p=3392#primaryimage"},"image":{"@id":"https:\/\/proyeccionedomex.com.mx\/?p=3392#primaryimage"},"thumbnailUrl":"https:\/\/proyeccionedomex.com.mx\/wp-content\/uploads\/2024\/10\/image-24.jpeg","datePublished":"2024-10-11T15:03:32+00:00","dateModified":"2024-10-11T15:03:34+00:00","breadcrumb":{"@id":"https:\/\/proyeccionedomex.com.mx\/?p=3392#breadcrumb"},"inLanguage":"es","potentialAction":[{"@type":"ReadAction","target":["https:\/\/proyeccionedomex.com.mx\/?p=3392"]}]},{"@type":"ImageObject","inLanguage":"es","@id":"https:\/\/proyeccionedomex.com.mx\/?p=3392#primaryimage","url":"https:\/\/proyeccionedomex.com.mx\/wp-content\/uploads\/2024\/10\/image-24.jpeg","contentUrl":"https:\/\/proyeccionedomex.com.mx\/wp-content\/uploads\/2024\/10\/image-24.jpeg","width":1599,"height":1066},{"@type":"BreadcrumbList","@id":"https:\/\/proyeccionedomex.com.mx\/?p=3392#breadcrumb","itemListElement":[{"@type":"ListItem","position":1,"name":"Portada","item":"https:\/\/proyeccionedomex.com.mx\/"},{"@type":"ListItem","position":2,"name":"Todo el Estado de M\u00e9xico apoya a Jenaro Mart\u00ednez para convertirse en el pr\u00f3ximo secretario general del #SMSEM"}]},{"@type":"WebSite","@id":"https:\/\/proyeccionedomex.com.mx\/#website","url":"https:\/\/proyeccionedomex.com.mx\/","name":"Proyecci\u00f3n Estado de M\u00e9xico","description":"Proyecci\u00f3n Edo. Mex.","publisher":{"@id":"https:\/\/proyeccionedomex.com.mx\/#organization"},"potentialAction":[{"@type":"SearchAction","target":{"@type":"EntryPoint","urlTemplate":"https:\/\/proyeccionedomex.com.mx\/?s={search_term_string}"},"query-input":{"@type":"PropertyValueSpecification","valueRequired":true,"valueName":"search_term_string"}}],"inLanguage":"es"},{"@type":"Organization","@id":"https:\/\/proyeccionedomex.com.mx\/#organization","name":"Proyecci\u00f3n Estado de M\u00e9xico","url":"https:\/\/proyeccionedomex.com.mx\/","logo":{"@type":"ImageObject","inLanguage":"es","@id":"https:\/\/proyeccionedomex.com.mx\/#\/schema\/logo\/image\/","url":"https:\/\/proyeccionedomex.com.mx\/wp-content\/uploads\/2024\/03\/proyeccion.jpg","contentUrl":"https:\/\/proyeccionedomex.com.mx\/wp-content\/uploads\/2024\/03\/proyeccion.jpg","width":1143,"height":801,"caption":"Proyecci\u00f3n Estado de M\u00e9xico"},"image":{"@id":"https:\/\/proyeccionedomex.com.mx\/#\/schema\/logo\/image\/"},"sameAs":["https:\/\/www.facebook.com\/PortaldeNoticiasProyeccionEdomex"]},{"@type":"Person","@id":"https:\/\/proyeccionedomex.com.mx\/#\/schema\/person\/2e66b5427bffed972a69e6b66b4e3a76","name":"Redacci\u00f3n Proyecci\u00f3n EDOM\u00c9X","image":{"@type":"ImageObject","inLanguage":"es","@id":"https:\/\/secure.gravatar.com\/avatar\/f43a2254d614198c44c96f86f1f078a06cac3d39a3250e9245aa331797519cab?s=96&d=mm&r=g","url":"https:\/\/secure.gravatar.com\/avatar\/f43a2254d614198c44c96f86f1f078a06cac3d39a3250e9245aa331797519cab?s=96&d=mm&r=g","contentUrl":"https:\/\/secure.gravatar.com\/avatar\/f43a2254d614198c44c96f86f1f078a06cac3d39a3250e9245aa331797519cab?s=96&d=mm&r=g","caption":"Redacci\u00f3n Proyecci\u00f3n EDOM\u00c9X"},"sameAs":["https:\/\/proyeccionedomex.com.mx"],"url":"https:\/\/proyeccionedomex.com.mx\/?author=1"}]}},"_links":{"self":[{"href":"https:\/\/proyeccionedomex.com.mx\/index.php?rest_route=\/wp\/v2\/posts\/3392","targetHints":{"allow":["GET"]}}],"collection":[{"href":"https:\/\/proyeccionedomex.com.mx\/index.php?rest_route=\/wp\/v2\/posts"}],"about":[{"href":"https:\/\/proyeccionedomex.com.mx\/index.php?rest_route=\/wp\/v2\/types\/post"}],"author":[{"embeddable":true,"href":"https:\/\/proyeccionedomex.com.mx\/index.php?rest_route=\/wp\/v2\/users\/1"}],"replies":[{"embeddable":true,"href":"https:\/\/proyeccionedomex.com.mx\/index.php?rest_route=%2Fwp%2Fv2%2Fcomments&post=3392"}],"version-history":[{"count":0,"href":"https:\/\/proyeccionedomex.com.mx\/index.php?rest_route=\/wp\/v2\/posts\/3392\/revisions"}],"wp:featuredmedia":[{"embeddable":true,"href":"https:\/\/proyeccionedomex.com.mx\/index.php?rest_route=\/wp\/v2\/media\/3393"}],"wp:attachment":[{"href":"https:\/\/proyeccionedomex.com.mx\/index.php?rest_route=%2Fwp%2Fv2%2Fmedia&parent=3392"}],"wp:term":[{"taxonomy":"category","embeddable":true,"href":"https:\/\/proyeccionedomex.com.mx\/index.php?rest_route=%2Fwp%2Fv2%2Fcategories&post=3392"},{"taxonomy":"post_tag","embeddable":true,"href":"https:\/\/proyeccionedomex.com.mx\/index.php?rest_route=%2Fwp%2Fv2%2Ftags&post=3392"}],"curies":[{"name":"wp","href":"https:\/\/api.w.org\/{rel}","templated":true}]}}