{"id":3395,"date":"2024-10-11T15:05:12","date_gmt":"2024-10-11T15:05:12","guid":{"rendered":"https:\/\/proyeccionedomex.com.mx\/?p=3395"},"modified":"2024-10-11T15:05:39","modified_gmt":"2024-10-11T15:05:39","slug":"presentan-libro-de-vicente-pereda-mier-el-diablo-mayor","status":"publish","type":"post","link":"https:\/\/proyeccionedomex.com.mx\/?p=3395","title":{"rendered":"Presentan libro de Vicente Pereda Mier, el \u201cDiablo Mayor\u201d"},"content":{"rendered":"\n<figure class=\"wp-block-image size-large td-caption-align-https:\/\/proyeccionedomex.com.mx\/wp-content\/uploads\/2024\/10\/image-25.jpeg\"><img loading=\"lazy\" decoding=\"async\" width=\"834\" height=\"1024\" src=\"https:\/\/proyeccionedomex.com.mx\/wp-content\/uploads\/2024\/10\/image-25-834x1024.jpeg\" alt=\"\" class=\"wp-image-3396\" srcset=\"https:\/\/proyeccionedomex.com.mx\/wp-content\/uploads\/2024\/10\/image-25-834x1024.jpeg 834w, https:\/\/proyeccionedomex.com.mx\/wp-content\/uploads\/2024\/10\/image-25-244x300.jpeg 244w, https:\/\/proyeccionedomex.com.mx\/wp-content\/uploads\/2024\/10\/image-25-768x943.jpeg 768w, https:\/\/proyeccionedomex.com.mx\/wp-content\/uploads\/2024\/10\/image-25-696x855.jpeg 696w, https:\/\/proyeccionedomex.com.mx\/wp-content\/uploads\/2024\/10\/image-25-342x420.jpeg 342w, https:\/\/proyeccionedomex.com.mx\/wp-content\/uploads\/2024\/10\/image-25.jpeg 900w\" sizes=\"auto, (max-width: 834px) 100vw, 834px\" \/><\/figure>\n\n\n\n<p>Presentan libro de Vicente Pereda Mier, el \u201cDiablo Mayor\u201d<\/p>\n\n\n\n<p>En 190 p\u00e1ginas fue presentado el libro del \u201cDiablo Mayor\u201d, Vicente Pereda Mier, m\u00e1ximo goleador mexicano con los Diablos Rojos del Toluca con sus 119 goles, dentro de la Feria Internacional del Libro Estado de M\u00e9xico (FILEM) escrito por el periodista Guillermo Gardu\u00f1o Ram\u00edrez.<\/p>\n\n\n\n<p>El pr\u00f3logo fue escrito por el tambi\u00e9n periodista, Jos\u00e9 El\u00edas Nader Mata, dicha edici\u00f3n tambi\u00e9n cuenta con 38 graficas del fot\u00f3grafo Juan Enr\u00edquez y comentando el libro el periodista Juan Carlos Cartagena Abaurre.<\/p>\n\n\n\n<p>En dichas p\u00e1ginas se detalla, lo que Pereda Mier un toluque\u00f1o de nacimiento pudo lograr y convertirse como un referente en el cuadro del Estado de M\u00e9xico.<\/p>\n\n\n\n<p>\u201cSoy parte de un pedacito de un gran equipo como lo es el Toluca, de una gran ciudad, de nuestro pueblito, porque as\u00ed nos dec\u00edan los chilangos, agradecido con toda la gente que me quiere, yo no fui grande, yo cumpl\u00ed con un trabajo que se me encomend\u00f3 y mis cualidades, las que recib\u00ed de \u201call\u00e1 arriba \u201c,es dif\u00edcil llegar, me cost\u00f3 mucho trabajo, me cost\u00f3 formar parte de un gran equipo, soy rojo a morir, cuando hablan mal del equipo Toluca me enojo, es importante para m\u00ed que hablen de m\u00ed, no fui tan grande, tuve mis errores pero tambi\u00e9n tuve mis aciertos y esos aciertos los acumul\u00e9 porque me apoyaron mis hijos, mis nietos, mis sobrinos, y est\u00e1n orgullosos de m\u00ed\u201d, se\u00f1al\u00f3 de manera nost\u00e1lgica, Vicente Pereda Mier.<\/p>\n\n\n\n<p>Sus grandes actuaciones con el conjunto choricero, tambi\u00e9n le sirvieron para portar la playera de la Selecci\u00f3n Nacional Mexicana y conseguir un Campeonato Panamericano y el t\u00edtulo de goleo en este torneo celebrado en Canad\u00e1.<\/p>\n\n\n\n<p>A lo largo de esos 20 a\u00f1os de militar en las filas de los Diablos Rojos, Vicente Pereda conquist\u00f3 tres t\u00edtulos de liga, el primero en la temporada 1966\/67, el segundo en la temporada 1967\/68 y el tercero en la temporada 1974\/75, as\u00ed como tambi\u00e9n logr\u00f3 el campeonato de goleo con 20 anotaciones.<\/p>\n\n\n\n<p>Al jugar por espacio de 20 a\u00f1os con los Diablos Rojos, nos dio muestra de lo que es un jugador todo entrega y altamente profesional para mantener siempre una buena condici\u00f3n f\u00edsica, requisito indispensable para poder sobresalir en el \u00e1mbito del futbol.<\/p>\n\n\n\n<p>En su historia como centro delantero, tambi\u00e9n obtuvo del Gobierno del Estado de M\u00e9xico la designaci\u00f3n de presea Estado de M\u00e9xico en el rubro deportivo y que el Sal\u00f3n de la Fama, con sede en la ciudad de Pachuca en el estado de Hidalgo, lo ingresara como uno de los mejores jugadores de todos los tiempos.<\/p>\n\n\n\n<figure class=\"wp-block-image\"><img decoding=\"async\" src=\"https:\/\/scontent-qro1-1.xx.fbcdn.net\/v\/t39.30808-6\/462297696_498930516465507_6058167665427844257_n.jpg?_nc_cat=105&amp;ccb=1-7&amp;_nc_sid=833d8c&amp;_nc_eui2=AeGsi3y7SLg4TFdCKxflbGp5X6oioh3zKx1fqiKiHfMrHThP7zB340_3Q9uJ0wBRsEiQjColEU2kIMaS-0D1Q0_E&amp;_nc_ohc=tIf1dPMgfR8Q7kNvgFnr-kl&amp;_nc_ht=scontent-qro1-1.xx&amp;_nc_gid=AP1d4YsdsOAFQ7XzFSV271W&amp;oh=00_AYCc0aSYQqbKhXHyR-nA0r45hpd2bXMutY2xlkvg0m1l7w&amp;oe=670EF7CF\" alt=\"Puede ser una imagen de 5 personas y texto que dice &quot;FORO Pro Prosp nales FEREMA&quot;\"\/><\/figure>\n\n\n\n<figure class=\"wp-block-gallery has-nested-images columns-default is-cropped wp-block-gallery-1 is-layout-flex wp-block-gallery-is-layout-flex\">\n<figure class=\"wp-block-image\"><img decoding=\"async\" src=\"https:\/\/scontent-qro1-1.xx.fbcdn.net\/v\/t39.30808-6\/462468576_498930413132184_4225767508434059639_n.jpg?_nc_cat=108&amp;ccb=1-7&amp;_nc_sid=833d8c&amp;_nc_eui2=AeG4f3OnQJdFZ3jI5cCqEgXJ8HFsKJ5UPwrwcWwonlQ_Cno5SU2YBdZ3XCBPwBNYupnJsXi_7rLooPYBGLZnzeWL&amp;_nc_ohc=5HIWLrilLM4Q7kNvgE1iLgW&amp;_nc_ht=scontent-qro1-1.xx&amp;_nc_gid=AzJcb4G_4GNlX4PYy_6sz0q&amp;oh=00_AYBeNBDXQDu4Lg5vwvqB9bzV84P7AMBJjI2en2hpHt55qQ&amp;oe=670EF936\" alt=\"Puede ser una imagen de 9 personas, acorde\u00f3n, altavoz, viol\u00edn, clarinete y texto\"\/><\/figure>\n\n\n\n<figure class=\"wp-block-image\"><img decoding=\"async\" src=\"https:\/\/scontent-qro1-2.xx.fbcdn.net\/v\/t39.30808-6\/462511432_498930463132179_3070797828828067797_n.jpg?_nc_cat=107&amp;ccb=1-7&amp;_nc_sid=833d8c&amp;_nc_eui2=AeGMQHkXi3gsLZjc6py1qZusUkIh1vy93ONSQiHW_L3c45yBIKEplu3y5WK7mbk7K14lS6Fta3JlbWUHKPCAXu-G&amp;_nc_ohc=Gtikf6aku-8Q7kNvgEnO3z_&amp;_nc_ht=scontent-qro1-2.xx&amp;_nc_gid=AyDYNeqLE4rm22erMHTXTbP&amp;oh=00_AYBWsfJ3I3z_VHzQZBIk5ho2nGfoOGkhfzkpdLq2bgEMBA&amp;oe=670EF8E5\" alt=\"Puede ser una imagen de 5 personas y texto\"\/><\/figure>\n<\/figure>\n","protected":false},"excerpt":{"rendered":"<p>Presentan libro de Vicente Pereda Mier, el \u201cDiablo Mayor\u201d En 190 p\u00e1ginas fue presentado el libro del \u201cDiablo Mayor\u201d, Vicente Pereda Mier, m\u00e1ximo goleador mexicano con los Diablos Rojos del Toluca con sus 119 goles, dentro de la Feria Internacional del Libro Estado de M\u00e9xico (FILEM) escrito por el periodista Guillermo Gardu\u00f1o Ram\u00edrez. El pr\u00f3logo [&hellip;]<\/p>\n","protected":false},"author":1,"featured_media":3396,"comment_status":"open","ping_status":"closed","sticky":false,"template":"","format":"standard","meta":{"footnotes":""},"categories":[124],"tags":[],"class_list":{"0":"post-3395","1":"post","2":"type-post","3":"status-publish","4":"format-standard","5":"has-post-thumbnail","7":"category-deporte"},"yoast_head":"<!-- This site is optimized with the Yoast SEO plugin v27.5 - https:\/\/yoast.com\/product\/yoast-seo-wordpress\/ -->\n<title>Presentan libro de Vicente Pereda Mier, el \u201cDiablo Mayor\u201d - Proyecci\u00f3n Estado de M\u00e9xico<\/title>\n<meta name=\"robots\" content=\"index, follow, max-snippet:-1, max-image-preview:large, max-video-preview:-1\" \/>\n<link rel=\"canonical\" href=\"https:\/\/proyeccionedomex.com.mx\/?p=3395\" \/>\n<meta property=\"og:locale\" content=\"es_ES\" \/>\n<meta property=\"og:type\" content=\"article\" \/>\n<meta property=\"og:title\" content=\"Presentan libro de Vicente Pereda Mier, el \u201cDiablo Mayor\u201d - Proyecci\u00f3n Estado de M\u00e9xico\" \/>\n<meta property=\"og:description\" content=\"Presentan libro de Vicente Pereda Mier, el \u201cDiablo Mayor\u201d En 190 p\u00e1ginas fue presentado el libro del \u201cDiablo Mayor\u201d, Vicente Pereda Mier, m\u00e1ximo goleador mexicano con los Diablos Rojos del Toluca con sus 119 goles, dentro de la Feria Internacional del Libro Estado de M\u00e9xico (FILEM) escrito por el periodista Guillermo Gardu\u00f1o Ram\u00edrez. El pr\u00f3logo [&hellip;]\" \/>\n<meta property=\"og:url\" content=\"https:\/\/proyeccionedomex.com.mx\/?p=3395\" \/>\n<meta property=\"og:site_name\" content=\"Proyecci\u00f3n Estado de M\u00e9xico\" \/>\n<meta property=\"article:publisher\" content=\"https:\/\/www.facebook.com\/PortaldeNoticiasProyeccionEdomex\" \/>\n<meta property=\"article:published_time\" content=\"2024-10-11T15:05:12+00:00\" \/>\n<meta property=\"article:modified_time\" content=\"2024-10-11T15:05:39+00:00\" \/>\n<meta property=\"og:image\" content=\"https:\/\/proyeccionedomex.com.mx\/wp-content\/uploads\/2024\/10\/image-25.jpeg\" \/>\n\t<meta property=\"og:image:width\" content=\"900\" \/>\n\t<meta property=\"og:image:height\" content=\"1105\" \/>\n\t<meta property=\"og:image:type\" content=\"image\/jpeg\" \/>\n<meta name=\"author\" content=\"Redacci\u00f3n Proyecci\u00f3n EDOM\u00c9X\" \/>\n<meta name=\"twitter:card\" content=\"summary_large_image\" \/>\n<meta name=\"twitter:label1\" content=\"Escrito por\" \/>\n\t<meta name=\"twitter:data1\" content=\"Redacci\u00f3n Proyecci\u00f3n EDOM\u00c9X\" \/>\n\t<meta name=\"twitter:label2\" content=\"Tiempo de lectura\" \/>\n\t<meta name=\"twitter:data2\" content=\"3 minutos\" \/>\n<script type=\"application\/ld+json\" class=\"yoast-schema-graph\">{\"@context\":\"https:\\\/\\\/schema.org\",\"@graph\":[{\"@type\":\"Article\",\"@id\":\"https:\\\/\\\/proyeccionedomex.com.mx\\\/?p=3395#article\",\"isPartOf\":{\"@id\":\"https:\\\/\\\/proyeccionedomex.com.mx\\\/?p=3395\"},\"author\":{\"name\":\"Redacci\u00f3n Proyecci\u00f3n EDOM\u00c9X\",\"@id\":\"https:\\\/\\\/proyeccionedomex.com.mx\\\/#\\\/schema\\\/person\\\/2e66b5427bffed972a69e6b66b4e3a76\"},\"headline\":\"Presentan libro de Vicente Pereda Mier, el \u201cDiablo Mayor\u201d\",\"datePublished\":\"2024-10-11T15:05:12+00:00\",\"dateModified\":\"2024-10-11T15:05:39+00:00\",\"mainEntityOfPage\":{\"@id\":\"https:\\\/\\\/proyeccionedomex.com.mx\\\/?p=3395\"},\"wordCount\":464,\"commentCount\":0,\"publisher\":{\"@id\":\"https:\\\/\\\/proyeccionedomex.com.mx\\\/#organization\"},\"image\":{\"@id\":\"https:\\\/\\\/proyeccionedomex.com.mx\\\/?p=3395#primaryimage\"},\"thumbnailUrl\":\"https:\\\/\\\/proyeccionedomex.com.mx\\\/wp-content\\\/uploads\\\/2024\\\/10\\\/image-25.jpeg\",\"articleSection\":[\"DEPORTES\"],\"inLanguage\":\"es\",\"potentialAction\":[{\"@type\":\"CommentAction\",\"name\":\"Comment\",\"target\":[\"https:\\\/\\\/proyeccionedomex.com.mx\\\/?p=3395#respond\"]}]},{\"@type\":\"WebPage\",\"@id\":\"https:\\\/\\\/proyeccionedomex.com.mx\\\/?p=3395\",\"url\":\"https:\\\/\\\/proyeccionedomex.com.mx\\\/?p=3395\",\"name\":\"Presentan libro de Vicente Pereda Mier, el \u201cDiablo Mayor\u201d - Proyecci\u00f3n Estado de M\u00e9xico\",\"isPartOf\":{\"@id\":\"https:\\\/\\\/proyeccionedomex.com.mx\\\/#website\"},\"primaryImageOfPage\":{\"@id\":\"https:\\\/\\\/proyeccionedomex.com.mx\\\/?p=3395#primaryimage\"},\"image\":{\"@id\":\"https:\\\/\\\/proyeccionedomex.com.mx\\\/?p=3395#primaryimage\"},\"thumbnailUrl\":\"https:\\\/\\\/proyeccionedomex.com.mx\\\/wp-content\\\/uploads\\\/2024\\\/10\\\/image-25.jpeg\",\"datePublished\":\"2024-10-11T15:05:12+00:00\",\"dateModified\":\"2024-10-11T15:05:39+00:00\",\"breadcrumb\":{\"@id\":\"https:\\\/\\\/proyeccionedomex.com.mx\\\/?p=3395#breadcrumb\"},\"inLanguage\":\"es\",\"potentialAction\":[{\"@type\":\"ReadAction\",\"target\":[\"https:\\\/\\\/proyeccionedomex.com.mx\\\/?p=3395\"]}]},{\"@type\":\"ImageObject\",\"inLanguage\":\"es\",\"@id\":\"https:\\\/\\\/proyeccionedomex.com.mx\\\/?p=3395#primaryimage\",\"url\":\"https:\\\/\\\/proyeccionedomex.com.mx\\\/wp-content\\\/uploads\\\/2024\\\/10\\\/image-25.jpeg\",\"contentUrl\":\"https:\\\/\\\/proyeccionedomex.com.mx\\\/wp-content\\\/uploads\\\/2024\\\/10\\\/image-25.jpeg\",\"width\":900,\"height\":1105},{\"@type\":\"BreadcrumbList\",\"@id\":\"https:\\\/\\\/proyeccionedomex.com.mx\\\/?p=3395#breadcrumb\",\"itemListElement\":[{\"@type\":\"ListItem\",\"position\":1,\"name\":\"Portada\",\"item\":\"https:\\\/\\\/proyeccionedomex.com.mx\\\/\"},{\"@type\":\"ListItem\",\"position\":2,\"name\":\"Presentan libro de Vicente Pereda Mier, el \u201cDiablo Mayor\u201d\"}]},{\"@type\":\"WebSite\",\"@id\":\"https:\\\/\\\/proyeccionedomex.com.mx\\\/#website\",\"url\":\"https:\\\/\\\/proyeccionedomex.com.mx\\\/\",\"name\":\"Proyecci\u00f3n Estado de M\u00e9xico\",\"description\":\"Proyecci\u00f3n Edo. Mex.\",\"publisher\":{\"@id\":\"https:\\\/\\\/proyeccionedomex.com.mx\\\/#organization\"},\"potentialAction\":[{\"@type\":\"SearchAction\",\"target\":{\"@type\":\"EntryPoint\",\"urlTemplate\":\"https:\\\/\\\/proyeccionedomex.com.mx\\\/?s={search_term_string}\"},\"query-input\":{\"@type\":\"PropertyValueSpecification\",\"valueRequired\":true,\"valueName\":\"search_term_string\"}}],\"inLanguage\":\"es\"},{\"@type\":\"Organization\",\"@id\":\"https:\\\/\\\/proyeccionedomex.com.mx\\\/#organization\",\"name\":\"Proyecci\u00f3n Estado de M\u00e9xico\",\"url\":\"https:\\\/\\\/proyeccionedomex.com.mx\\\/\",\"logo\":{\"@type\":\"ImageObject\",\"inLanguage\":\"es\",\"@id\":\"https:\\\/\\\/proyeccionedomex.com.mx\\\/#\\\/schema\\\/logo\\\/image\\\/\",\"url\":\"https:\\\/\\\/proyeccionedomex.com.mx\\\/wp-content\\\/uploads\\\/2024\\\/03\\\/proyeccion.jpg\",\"contentUrl\":\"https:\\\/\\\/proyeccionedomex.com.mx\\\/wp-content\\\/uploads\\\/2024\\\/03\\\/proyeccion.jpg\",\"width\":1143,\"height\":801,\"caption\":\"Proyecci\u00f3n Estado de M\u00e9xico\"},\"image\":{\"@id\":\"https:\\\/\\\/proyeccionedomex.com.mx\\\/#\\\/schema\\\/logo\\\/image\\\/\"},\"sameAs\":[\"https:\\\/\\\/www.facebook.com\\\/PortaldeNoticiasProyeccionEdomex\"]},{\"@type\":\"Person\",\"@id\":\"https:\\\/\\\/proyeccionedomex.com.mx\\\/#\\\/schema\\\/person\\\/2e66b5427bffed972a69e6b66b4e3a76\",\"name\":\"Redacci\u00f3n Proyecci\u00f3n EDOM\u00c9X\",\"image\":{\"@type\":\"ImageObject\",\"inLanguage\":\"es\",\"@id\":\"https:\\\/\\\/secure.gravatar.com\\\/avatar\\\/f43a2254d614198c44c96f86f1f078a06cac3d39a3250e9245aa331797519cab?s=96&d=mm&r=g\",\"url\":\"https:\\\/\\\/secure.gravatar.com\\\/avatar\\\/f43a2254d614198c44c96f86f1f078a06cac3d39a3250e9245aa331797519cab?s=96&d=mm&r=g\",\"contentUrl\":\"https:\\\/\\\/secure.gravatar.com\\\/avatar\\\/f43a2254d614198c44c96f86f1f078a06cac3d39a3250e9245aa331797519cab?s=96&d=mm&r=g\",\"caption\":\"Redacci\u00f3n Proyecci\u00f3n EDOM\u00c9X\"},\"sameAs\":[\"https:\\\/\\\/proyeccionedomex.com.mx\"],\"url\":\"https:\\\/\\\/proyeccionedomex.com.mx\\\/?author=1\"}]}<\/script>\n<!-- \/ Yoast SEO plugin. -->","yoast_head_json":{"title":"Presentan libro de Vicente Pereda Mier, el \u201cDiablo Mayor\u201d - Proyecci\u00f3n Estado de M\u00e9xico","robots":{"index":"index","follow":"follow","max-snippet":"max-snippet:-1","max-image-preview":"max-image-preview:large","max-video-preview":"max-video-preview:-1"},"canonical":"https:\/\/proyeccionedomex.com.mx\/?p=3395","og_locale":"es_ES","og_type":"article","og_title":"Presentan libro de Vicente Pereda Mier, el \u201cDiablo Mayor\u201d - Proyecci\u00f3n Estado de M\u00e9xico","og_description":"Presentan libro de Vicente Pereda Mier, el \u201cDiablo Mayor\u201d En 190 p\u00e1ginas fue presentado el libro del \u201cDiablo Mayor\u201d, Vicente Pereda Mier, m\u00e1ximo goleador mexicano con los Diablos Rojos del Toluca con sus 119 goles, dentro de la Feria Internacional del Libro Estado de M\u00e9xico (FILEM) escrito por el periodista Guillermo Gardu\u00f1o Ram\u00edrez. El pr\u00f3logo [&hellip;]","og_url":"https:\/\/proyeccionedomex.com.mx\/?p=3395","og_site_name":"Proyecci\u00f3n Estado de M\u00e9xico","article_publisher":"https:\/\/www.facebook.com\/PortaldeNoticiasProyeccionEdomex","article_published_time":"2024-10-11T15:05:12+00:00","article_modified_time":"2024-10-11T15:05:39+00:00","og_image":[{"width":900,"height":1105,"url":"https:\/\/proyeccionedomex.com.mx\/wp-content\/uploads\/2024\/10\/image-25.jpeg","type":"image\/jpeg"}],"author":"Redacci\u00f3n Proyecci\u00f3n EDOM\u00c9X","twitter_card":"summary_large_image","twitter_misc":{"Escrito por":"Redacci\u00f3n Proyecci\u00f3n EDOM\u00c9X","Tiempo de lectura":"3 minutos"},"schema":{"@context":"https:\/\/schema.org","@graph":[{"@type":"Article","@id":"https:\/\/proyeccionedomex.com.mx\/?p=3395#article","isPartOf":{"@id":"https:\/\/proyeccionedomex.com.mx\/?p=3395"},"author":{"name":"Redacci\u00f3n Proyecci\u00f3n EDOM\u00c9X","@id":"https:\/\/proyeccionedomex.com.mx\/#\/schema\/person\/2e66b5427bffed972a69e6b66b4e3a76"},"headline":"Presentan libro de Vicente Pereda Mier, el \u201cDiablo Mayor\u201d","datePublished":"2024-10-11T15:05:12+00:00","dateModified":"2024-10-11T15:05:39+00:00","mainEntityOfPage":{"@id":"https:\/\/proyeccionedomex.com.mx\/?p=3395"},"wordCount":464,"commentCount":0,"publisher":{"@id":"https:\/\/proyeccionedomex.com.mx\/#organization"},"image":{"@id":"https:\/\/proyeccionedomex.com.mx\/?p=3395#primaryimage"},"thumbnailUrl":"https:\/\/proyeccionedomex.com.mx\/wp-content\/uploads\/2024\/10\/image-25.jpeg","articleSection":["DEPORTES"],"inLanguage":"es","potentialAction":[{"@type":"CommentAction","name":"Comment","target":["https:\/\/proyeccionedomex.com.mx\/?p=3395#respond"]}]},{"@type":"WebPage","@id":"https:\/\/proyeccionedomex.com.mx\/?p=3395","url":"https:\/\/proyeccionedomex.com.mx\/?p=3395","name":"Presentan libro de Vicente Pereda Mier, el \u201cDiablo Mayor\u201d - Proyecci\u00f3n Estado de M\u00e9xico","isPartOf":{"@id":"https:\/\/proyeccionedomex.com.mx\/#website"},"primaryImageOfPage":{"@id":"https:\/\/proyeccionedomex.com.mx\/?p=3395#primaryimage"},"image":{"@id":"https:\/\/proyeccionedomex.com.mx\/?p=3395#primaryimage"},"thumbnailUrl":"https:\/\/proyeccionedomex.com.mx\/wp-content\/uploads\/2024\/10\/image-25.jpeg","datePublished":"2024-10-11T15:05:12+00:00","dateModified":"2024-10-11T15:05:39+00:00","breadcrumb":{"@id":"https:\/\/proyeccionedomex.com.mx\/?p=3395#breadcrumb"},"inLanguage":"es","potentialAction":[{"@type":"ReadAction","target":["https:\/\/proyeccionedomex.com.mx\/?p=3395"]}]},{"@type":"ImageObject","inLanguage":"es","@id":"https:\/\/proyeccionedomex.com.mx\/?p=3395#primaryimage","url":"https:\/\/proyeccionedomex.com.mx\/wp-content\/uploads\/2024\/10\/image-25.jpeg","contentUrl":"https:\/\/proyeccionedomex.com.mx\/wp-content\/uploads\/2024\/10\/image-25.jpeg","width":900,"height":1105},{"@type":"BreadcrumbList","@id":"https:\/\/proyeccionedomex.com.mx\/?p=3395#breadcrumb","itemListElement":[{"@type":"ListItem","position":1,"name":"Portada","item":"https:\/\/proyeccionedomex.com.mx\/"},{"@type":"ListItem","position":2,"name":"Presentan libro de Vicente Pereda Mier, el \u201cDiablo Mayor\u201d"}]},{"@type":"WebSite","@id":"https:\/\/proyeccionedomex.com.mx\/#website","url":"https:\/\/proyeccionedomex.com.mx\/","name":"Proyecci\u00f3n Estado de M\u00e9xico","description":"Proyecci\u00f3n Edo. Mex.","publisher":{"@id":"https:\/\/proyeccionedomex.com.mx\/#organization"},"potentialAction":[{"@type":"SearchAction","target":{"@type":"EntryPoint","urlTemplate":"https:\/\/proyeccionedomex.com.mx\/?s={search_term_string}"},"query-input":{"@type":"PropertyValueSpecification","valueRequired":true,"valueName":"search_term_string"}}],"inLanguage":"es"},{"@type":"Organization","@id":"https:\/\/proyeccionedomex.com.mx\/#organization","name":"Proyecci\u00f3n Estado de M\u00e9xico","url":"https:\/\/proyeccionedomex.com.mx\/","logo":{"@type":"ImageObject","inLanguage":"es","@id":"https:\/\/proyeccionedomex.com.mx\/#\/schema\/logo\/image\/","url":"https:\/\/proyeccionedomex.com.mx\/wp-content\/uploads\/2024\/03\/proyeccion.jpg","contentUrl":"https:\/\/proyeccionedomex.com.mx\/wp-content\/uploads\/2024\/03\/proyeccion.jpg","width":1143,"height":801,"caption":"Proyecci\u00f3n Estado de M\u00e9xico"},"image":{"@id":"https:\/\/proyeccionedomex.com.mx\/#\/schema\/logo\/image\/"},"sameAs":["https:\/\/www.facebook.com\/PortaldeNoticiasProyeccionEdomex"]},{"@type":"Person","@id":"https:\/\/proyeccionedomex.com.mx\/#\/schema\/person\/2e66b5427bffed972a69e6b66b4e3a76","name":"Redacci\u00f3n Proyecci\u00f3n EDOM\u00c9X","image":{"@type":"ImageObject","inLanguage":"es","@id":"https:\/\/secure.gravatar.com\/avatar\/f43a2254d614198c44c96f86f1f078a06cac3d39a3250e9245aa331797519cab?s=96&d=mm&r=g","url":"https:\/\/secure.gravatar.com\/avatar\/f43a2254d614198c44c96f86f1f078a06cac3d39a3250e9245aa331797519cab?s=96&d=mm&r=g","contentUrl":"https:\/\/secure.gravatar.com\/avatar\/f43a2254d614198c44c96f86f1f078a06cac3d39a3250e9245aa331797519cab?s=96&d=mm&r=g","caption":"Redacci\u00f3n Proyecci\u00f3n EDOM\u00c9X"},"sameAs":["https:\/\/proyeccionedomex.com.mx"],"url":"https:\/\/proyeccionedomex.com.mx\/?author=1"}]}},"_links":{"self":[{"href":"https:\/\/proyeccionedomex.com.mx\/index.php?rest_route=\/wp\/v2\/posts\/3395","targetHints":{"allow":["GET"]}}],"collection":[{"href":"https:\/\/proyeccionedomex.com.mx\/index.php?rest_route=\/wp\/v2\/posts"}],"about":[{"href":"https:\/\/proyeccionedomex.com.mx\/index.php?rest_route=\/wp\/v2\/types\/post"}],"author":[{"embeddable":true,"href":"https:\/\/proyeccionedomex.com.mx\/index.php?rest_route=\/wp\/v2\/users\/1"}],"replies":[{"embeddable":true,"href":"https:\/\/proyeccionedomex.com.mx\/index.php?rest_route=%2Fwp%2Fv2%2Fcomments&post=3395"}],"version-history":[{"count":0,"href":"https:\/\/proyeccionedomex.com.mx\/index.php?rest_route=\/wp\/v2\/posts\/3395\/revisions"}],"wp:featuredmedia":[{"embeddable":true,"href":"https:\/\/proyeccionedomex.com.mx\/index.php?rest_route=\/wp\/v2\/media\/3396"}],"wp:attachment":[{"href":"https:\/\/proyeccionedomex.com.mx\/index.php?rest_route=%2Fwp%2Fv2%2Fmedia&parent=3395"}],"wp:term":[{"taxonomy":"category","embeddable":true,"href":"https:\/\/proyeccionedomex.com.mx\/index.php?rest_route=%2Fwp%2Fv2%2Fcategories&post=3395"},{"taxonomy":"post_tag","embeddable":true,"href":"https:\/\/proyeccionedomex.com.mx\/index.php?rest_route=%2Fwp%2Fv2%2Ftags&post=3395"}],"curies":[{"name":"wp","href":"https:\/\/api.w.org\/{rel}","templated":true}]}}