{"id":3506,"date":"2024-10-18T15:43:21","date_gmt":"2024-10-18T15:43:21","guid":{"rendered":"https:\/\/proyeccionedomex.com.mx\/?p=3506"},"modified":"2024-10-18T15:43:23","modified_gmt":"2024-10-18T15:43:23","slug":"paratletas-de-metepec-recibieron-reconocimiento-por-sus-resultados-en-juegos-paranacionales-conade-2024","status":"publish","type":"post","link":"https:\/\/proyeccionedomex.com.mx\/?p=3506","title":{"rendered":"Paratletas de Metepec recibieron reconocimiento por sus resultados en Juegos Paranacionales CONADE 2024"},"content":{"rendered":"\n<figure class=\"wp-block-image size-large td-caption-align-https:\/\/proyeccionedomex.com.mx\/wp-content\/uploads\/2024\/10\/image-40.jpeg\"><img loading=\"lazy\" decoding=\"async\" width=\"1024\" height=\"785\" src=\"https:\/\/proyeccionedomex.com.mx\/wp-content\/uploads\/2024\/10\/image-40-1024x785.jpeg\" alt=\"\" class=\"wp-image-3507\" srcset=\"https:\/\/proyeccionedomex.com.mx\/wp-content\/uploads\/2024\/10\/image-40-1024x785.jpeg 1024w, https:\/\/proyeccionedomex.com.mx\/wp-content\/uploads\/2024\/10\/image-40-300x230.jpeg 300w, https:\/\/proyeccionedomex.com.mx\/wp-content\/uploads\/2024\/10\/image-40-768x588.jpeg 768w, https:\/\/proyeccionedomex.com.mx\/wp-content\/uploads\/2024\/10\/image-40-696x533.jpeg 696w, https:\/\/proyeccionedomex.com.mx\/wp-content\/uploads\/2024\/10\/image-40-1068x818.jpeg 1068w, https:\/\/proyeccionedomex.com.mx\/wp-content\/uploads\/2024\/10\/image-40-548x420.jpeg 548w, https:\/\/proyeccionedomex.com.mx\/wp-content\/uploads\/2024\/10\/image-40-80x60.jpeg 80w, https:\/\/proyeccionedomex.com.mx\/wp-content\/uploads\/2024\/10\/image-40.jpeg 1142w\" sizes=\"auto, (max-width: 1024px) 100vw, 1024px\" \/><\/figure>\n\n\n\n<p>Paratletas de Metepec recibieron reconocimiento por sus resultados en Juegos Paranacionales CONADE 2024<\/p>\n\n\n\n<p>Para reconocer su esfuerzo, dedicaci\u00f3n y empe\u00f1o, que los llev\u00f3 a subir al p\u00f3dium de los Juegos Paranacionales CONADE 2024, autoridades de Metepec cumplieron con el compromiso de otorgar est\u00edmulos econ\u00f3micos a los paratletas del municipio, \u00c1ngel Salas Aguilar, Sof\u00eda Ortega Ortiz, Mauricio Tapia Gonz\u00e1lez y Regina Rebollo P\u00e9rez.<\/p>\n\n\n\n<p>En el Sal\u00f3n de Cabildos \u00abDr. Ezequiel Capistr\u00e1n Rodr\u00edguez\u00bb del palacio municipal, el alcalde Fernando Flores Fern\u00e1ndez, destac\u00f3 el esfuerzo de cada uno de ellos, recordando que mejoraron su resultado del a\u00f1o anterior o teniendo un gran debut al conseguir medalla; la felicitaci\u00f3n lleg\u00f3 igualmente a los entrenadores, que los han acompa\u00f1ado a lo largo de los \u00faltimos a\u00f1os.<\/p>\n\n\n\n<p>\u201cTodos ellos son un gran ejemplo, para ustedes no existen imposibles, y eso es lo que queremos en Metepec, lo que estamos buscando es ser un gran ejemplo y en el deporte tambi\u00e9n lo estamos logrando\u201d, destac\u00f3 el edil.<\/p>\n\n\n\n<p>Los cuatro j\u00f3venes metepequenses recibieron un est\u00edmulo econ\u00f3mico y reconocimiento, adem\u00e1s, el director de la empresa Yakult Tolukasa, Hideki Teramoto Lida, se sum\u00f3 al premio con un recurso adicional para cada uno de ellos.<\/p>\n\n\n\n<p>En el evento tambi\u00e9n estuvo presente Emilio Yamin Faure, coordinador general del Instituto Municipal de Cultura F\u00edsica y Deporte de Metepec (IMCUFIDEM), quien se mostr\u00f3 emocionado de que los cuatro representantes locales y becarios del Instituto, hayan logrado una medalla, muestra del trabajo que se puede lograr en equipo.<\/p>\n\n\n\n<p>\u201cEn el instituto reconocemos el trabajo que realiza cada uno de nuestros atletas, ya sea en la pista o en la alberca de la mano de sus entrenadores, hoy nos llenan de orgullo y son un gran ejemplo para todos\u201d, precis\u00f3.<\/p>\n\n\n\n<p>Felicit\u00f3 a los entrenadores Juan Mart\u00ednez Corona, Israel Gonz\u00e1lez Garc\u00eda, David Romero Rivera, Yamilet Gonz\u00e1lez Mart\u00ednez y David Mireles Gonz\u00e1lez, quienes recibieron de igual forma su reconocimiento.<\/p>\n\n\n\n<p>Para finalizar el evento protocolario se realiz\u00f3 la toma de la fotograf\u00eda oficial con todos los ganadores y entrenadores, para despu\u00e9s dar paso a fotos con familiares y asistentes.<\/p>\n\n\n\n<p>\u00c1ngel Manuel Salas Aguilar: Plata. 50 m. pecho Paranataci\u00f3n,Sof\u00eda Elizabeth Ortega Ortiz: Plata, Relevos mixtos 4&#215;100 Paratletismo, Mauricio Fabian Tapia Gonz\u00e1lez. Plata, Impulso de bala Parateltismo y Regina Rebollo P\u00e9rez. Bronce. Relevos mistos 4&#215;100 Paratletismo <a href=\"https:\/\/www.facebook.com\/hashtag\/imcufidem?__eep__=6&amp;__cft__[0]=AZWUu-aSszQD7VldqRcPVRy3fzbPl6Z3bUoA5GNr-c0Ztf3w_x_0Ewtof-5coAmxLxbPz1g1huMyt91TrdgEQwcDU8igx7wtkMNvpCBta0VoCgt_vqem_S20wMX2eJwqGK7Ypgbr8BL7OMlLoiadjiBvLzNDtIJ8J4hwGgrNFMke5w&amp;__tn__=*NK-R\">#IMCUFIDEM<\/a><\/p>\n\n\n\n<figure class=\"wp-block-image\"><img decoding=\"async\" src=\"https:\/\/scontent.ftlc1-1.fna.fbcdn.net\/v\/t39.30808-6\/463843885_506296819062210_5438736087903042014_n.jpg?_nc_cat=105&amp;ccb=1-7&amp;_nc_sid=833d8c&amp;_nc_eui2=AeGFI_cmiUpGlWcrpl-HUodTYCcjnlEDPWlgJyOeUQM9aQpM3kEcUP6V6ZOHoxQE2m9phnRh8qoAQnG465QW1CVg&amp;_nc_ohc=zIW7MgxSz5oQ7kNvgEJ4qSe&amp;_nc_zt=23&amp;_nc_ht=scontent.ftlc1-1.fna&amp;_nc_gid=AplhDJt4y5_xfpiFohCzA_X&amp;oh=00_AYDydvYHtKDuZRWw1yRgqtDO1Iava6kFgs5xmENPNLRwZA&amp;oe=6718546C\" alt=\"Puede ser una imagen de 5 personas y personas estudiando\"\/><\/figure>\n\n\n\n<figure class=\"wp-block-gallery has-nested-images columns-default is-cropped wp-block-gallery-1 is-layout-flex wp-block-gallery-is-layout-flex\">\n<figure class=\"wp-block-image\"><img decoding=\"async\" src=\"https:\/\/scontent.ftlc1-1.fna.fbcdn.net\/v\/t39.30808-6\/463789225_506296549062237_6034110692857787981_n.jpg?_nc_cat=111&amp;ccb=1-7&amp;_nc_sid=833d8c&amp;_nc_eui2=AeHg4u9cXfszICoO-f63YI75ytqaf44s8MvK2pp_jizwy9C8bRWokRLcEasmkT4Psb___bTwZnYbh5GhAl251BZY&amp;_nc_ohc=EU8UcptY-pUQ7kNvgFkfPBN&amp;_nc_zt=23&amp;_nc_ht=scontent.ftlc1-1.fna&amp;_nc_gid=AmvMLJUInOJ4q_O_9abD2Pv&amp;oh=00_AYDz3vFaXSVfZVU0oPF0qjPbDI6ZntqKDDBIdAqehKZMgw&amp;oe=67186107\" alt=\"Puede ser una imagen de 8 personas\"\/><\/figure>\n\n\n\n<figure class=\"wp-block-image\"><img decoding=\"async\" src=\"https:\/\/scontent.ftlc1-1.fna.fbcdn.net\/v\/t39.30808-6\/463729738_506296765728882_1622995137233172618_n.jpg?_nc_cat=107&amp;ccb=1-7&amp;_nc_sid=833d8c&amp;_nc_eui2=AeGATDPAfPLNxKoJBm3VixoVfcwvp1nBxdx9zC-nWcHF3ETBLCU-xZSGivUm0uGxgfyeJ4LWQEG-NoelYGPneT0s&amp;_nc_ohc=WyiOXYEo6EQQ7kNvgGWaoAB&amp;_nc_zt=23&amp;_nc_ht=scontent.ftlc1-1.fna&amp;_nc_gid=A9Qdf_AP51O3V1zaT7Ir5P-&amp;oh=00_AYAt8BLRFU9-xwgRKdLsYiDQkHC5QjQkiYtiEswAk-sOFw&amp;oe=6718487C\" alt=\"Puede ser una imagen de 6 personas y traje\"\/><\/figure>\n<\/figure>\n","protected":false},"excerpt":{"rendered":"<p>Paratletas de Metepec recibieron reconocimiento por sus resultados en Juegos Paranacionales CONADE 2024 Para reconocer su esfuerzo, dedicaci\u00f3n y empe\u00f1o, que los llev\u00f3 a subir al p\u00f3dium de los Juegos Paranacionales CONADE 2024, autoridades de Metepec cumplieron con el compromiso de otorgar est\u00edmulos econ\u00f3micos a los paratletas del municipio, \u00c1ngel Salas Aguilar, Sof\u00eda Ortega Ortiz, [&hellip;]<\/p>\n","protected":false},"author":1,"featured_media":3507,"comment_status":"open","ping_status":"closed","sticky":false,"template":"","format":"standard","meta":{"footnotes":""},"categories":[1],"tags":[],"class_list":{"0":"post-3506","1":"post","2":"type-post","3":"status-publish","4":"format-standard","5":"has-post-thumbnail","7":"category-politica"},"yoast_head":"<!-- This site is optimized with the Yoast SEO plugin v27.5 - https:\/\/yoast.com\/product\/yoast-seo-wordpress\/ -->\n<title>Paratletas de Metepec recibieron reconocimiento por sus resultados en Juegos Paranacionales CONADE 2024 - Proyecci\u00f3n Estado de M\u00e9xico<\/title>\n<meta name=\"robots\" content=\"index, follow, max-snippet:-1, max-image-preview:large, max-video-preview:-1\" \/>\n<link rel=\"canonical\" href=\"https:\/\/proyeccionedomex.com.mx\/?p=3506\" \/>\n<meta property=\"og:locale\" content=\"es_ES\" \/>\n<meta property=\"og:type\" content=\"article\" \/>\n<meta property=\"og:title\" content=\"Paratletas de Metepec recibieron reconocimiento por sus resultados en Juegos Paranacionales CONADE 2024 - Proyecci\u00f3n Estado de M\u00e9xico\" \/>\n<meta property=\"og:description\" content=\"Paratletas de Metepec recibieron reconocimiento por sus resultados en Juegos Paranacionales CONADE 2024 Para reconocer su esfuerzo, dedicaci\u00f3n y empe\u00f1o, que los llev\u00f3 a subir al p\u00f3dium de los Juegos Paranacionales CONADE 2024, autoridades de Metepec cumplieron con el compromiso de otorgar est\u00edmulos econ\u00f3micos a los paratletas del municipio, \u00c1ngel Salas Aguilar, Sof\u00eda Ortega Ortiz, [&hellip;]\" \/>\n<meta property=\"og:url\" content=\"https:\/\/proyeccionedomex.com.mx\/?p=3506\" \/>\n<meta property=\"og:site_name\" content=\"Proyecci\u00f3n Estado de M\u00e9xico\" \/>\n<meta property=\"article:publisher\" content=\"https:\/\/www.facebook.com\/PortaldeNoticiasProyeccionEdomex\" \/>\n<meta property=\"article:published_time\" content=\"2024-10-18T15:43:21+00:00\" \/>\n<meta property=\"article:modified_time\" content=\"2024-10-18T15:43:23+00:00\" \/>\n<meta property=\"og:image\" content=\"https:\/\/proyeccionedomex.com.mx\/wp-content\/uploads\/2024\/10\/image-40.jpeg\" \/>\n\t<meta property=\"og:image:width\" content=\"1142\" \/>\n\t<meta property=\"og:image:height\" content=\"875\" \/>\n\t<meta property=\"og:image:type\" content=\"image\/jpeg\" \/>\n<meta name=\"author\" content=\"Redacci\u00f3n Proyecci\u00f3n EDOM\u00c9X\" \/>\n<meta name=\"twitter:card\" content=\"summary_large_image\" \/>\n<meta name=\"twitter:label1\" content=\"Escrito por\" \/>\n\t<meta name=\"twitter:data1\" content=\"Redacci\u00f3n Proyecci\u00f3n EDOM\u00c9X\" \/>\n\t<meta name=\"twitter:label2\" content=\"Tiempo de lectura\" \/>\n\t<meta name=\"twitter:data2\" content=\"2 minutos\" \/>\n<script type=\"application\/ld+json\" class=\"yoast-schema-graph\">{\"@context\":\"https:\\\/\\\/schema.org\",\"@graph\":[{\"@type\":\"Article\",\"@id\":\"https:\\\/\\\/proyeccionedomex.com.mx\\\/?p=3506#article\",\"isPartOf\":{\"@id\":\"https:\\\/\\\/proyeccionedomex.com.mx\\\/?p=3506\"},\"author\":{\"name\":\"Redacci\u00f3n Proyecci\u00f3n EDOM\u00c9X\",\"@id\":\"https:\\\/\\\/proyeccionedomex.com.mx\\\/#\\\/schema\\\/person\\\/2e66b5427bffed972a69e6b66b4e3a76\"},\"headline\":\"Paratletas de Metepec recibieron reconocimiento por sus resultados en Juegos Paranacionales CONADE 2024\",\"datePublished\":\"2024-10-18T15:43:21+00:00\",\"dateModified\":\"2024-10-18T15:43:23+00:00\",\"mainEntityOfPage\":{\"@id\":\"https:\\\/\\\/proyeccionedomex.com.mx\\\/?p=3506\"},\"wordCount\":421,\"commentCount\":0,\"publisher\":{\"@id\":\"https:\\\/\\\/proyeccionedomex.com.mx\\\/#organization\"},\"image\":{\"@id\":\"https:\\\/\\\/proyeccionedomex.com.mx\\\/?p=3506#primaryimage\"},\"thumbnailUrl\":\"https:\\\/\\\/proyeccionedomex.com.mx\\\/wp-content\\\/uploads\\\/2024\\\/10\\\/image-40.jpeg\",\"articleSection\":[\"Politica\"],\"inLanguage\":\"es\",\"potentialAction\":[{\"@type\":\"CommentAction\",\"name\":\"Comment\",\"target\":[\"https:\\\/\\\/proyeccionedomex.com.mx\\\/?p=3506#respond\"]}]},{\"@type\":\"WebPage\",\"@id\":\"https:\\\/\\\/proyeccionedomex.com.mx\\\/?p=3506\",\"url\":\"https:\\\/\\\/proyeccionedomex.com.mx\\\/?p=3506\",\"name\":\"Paratletas de Metepec recibieron reconocimiento por sus resultados en Juegos Paranacionales CONADE 2024 - Proyecci\u00f3n Estado de M\u00e9xico\",\"isPartOf\":{\"@id\":\"https:\\\/\\\/proyeccionedomex.com.mx\\\/#website\"},\"primaryImageOfPage\":{\"@id\":\"https:\\\/\\\/proyeccionedomex.com.mx\\\/?p=3506#primaryimage\"},\"image\":{\"@id\":\"https:\\\/\\\/proyeccionedomex.com.mx\\\/?p=3506#primaryimage\"},\"thumbnailUrl\":\"https:\\\/\\\/proyeccionedomex.com.mx\\\/wp-content\\\/uploads\\\/2024\\\/10\\\/image-40.jpeg\",\"datePublished\":\"2024-10-18T15:43:21+00:00\",\"dateModified\":\"2024-10-18T15:43:23+00:00\",\"breadcrumb\":{\"@id\":\"https:\\\/\\\/proyeccionedomex.com.mx\\\/?p=3506#breadcrumb\"},\"inLanguage\":\"es\",\"potentialAction\":[{\"@type\":\"ReadAction\",\"target\":[\"https:\\\/\\\/proyeccionedomex.com.mx\\\/?p=3506\"]}]},{\"@type\":\"ImageObject\",\"inLanguage\":\"es\",\"@id\":\"https:\\\/\\\/proyeccionedomex.com.mx\\\/?p=3506#primaryimage\",\"url\":\"https:\\\/\\\/proyeccionedomex.com.mx\\\/wp-content\\\/uploads\\\/2024\\\/10\\\/image-40.jpeg\",\"contentUrl\":\"https:\\\/\\\/proyeccionedomex.com.mx\\\/wp-content\\\/uploads\\\/2024\\\/10\\\/image-40.jpeg\",\"width\":1142,\"height\":875},{\"@type\":\"BreadcrumbList\",\"@id\":\"https:\\\/\\\/proyeccionedomex.com.mx\\\/?p=3506#breadcrumb\",\"itemListElement\":[{\"@type\":\"ListItem\",\"position\":1,\"name\":\"Portada\",\"item\":\"https:\\\/\\\/proyeccionedomex.com.mx\\\/\"},{\"@type\":\"ListItem\",\"position\":2,\"name\":\"Paratletas de Metepec recibieron reconocimiento por sus resultados en Juegos Paranacionales CONADE 2024\"}]},{\"@type\":\"WebSite\",\"@id\":\"https:\\\/\\\/proyeccionedomex.com.mx\\\/#website\",\"url\":\"https:\\\/\\\/proyeccionedomex.com.mx\\\/\",\"name\":\"Proyecci\u00f3n Estado de M\u00e9xico\",\"description\":\"Proyecci\u00f3n Edo. Mex.\",\"publisher\":{\"@id\":\"https:\\\/\\\/proyeccionedomex.com.mx\\\/#organization\"},\"potentialAction\":[{\"@type\":\"SearchAction\",\"target\":{\"@type\":\"EntryPoint\",\"urlTemplate\":\"https:\\\/\\\/proyeccionedomex.com.mx\\\/?s={search_term_string}\"},\"query-input\":{\"@type\":\"PropertyValueSpecification\",\"valueRequired\":true,\"valueName\":\"search_term_string\"}}],\"inLanguage\":\"es\"},{\"@type\":\"Organization\",\"@id\":\"https:\\\/\\\/proyeccionedomex.com.mx\\\/#organization\",\"name\":\"Proyecci\u00f3n Estado de M\u00e9xico\",\"url\":\"https:\\\/\\\/proyeccionedomex.com.mx\\\/\",\"logo\":{\"@type\":\"ImageObject\",\"inLanguage\":\"es\",\"@id\":\"https:\\\/\\\/proyeccionedomex.com.mx\\\/#\\\/schema\\\/logo\\\/image\\\/\",\"url\":\"https:\\\/\\\/proyeccionedomex.com.mx\\\/wp-content\\\/uploads\\\/2024\\\/03\\\/proyeccion.jpg\",\"contentUrl\":\"https:\\\/\\\/proyeccionedomex.com.mx\\\/wp-content\\\/uploads\\\/2024\\\/03\\\/proyeccion.jpg\",\"width\":1143,\"height\":801,\"caption\":\"Proyecci\u00f3n Estado de M\u00e9xico\"},\"image\":{\"@id\":\"https:\\\/\\\/proyeccionedomex.com.mx\\\/#\\\/schema\\\/logo\\\/image\\\/\"},\"sameAs\":[\"https:\\\/\\\/www.facebook.com\\\/PortaldeNoticiasProyeccionEdomex\"]},{\"@type\":\"Person\",\"@id\":\"https:\\\/\\\/proyeccionedomex.com.mx\\\/#\\\/schema\\\/person\\\/2e66b5427bffed972a69e6b66b4e3a76\",\"name\":\"Redacci\u00f3n Proyecci\u00f3n EDOM\u00c9X\",\"image\":{\"@type\":\"ImageObject\",\"inLanguage\":\"es\",\"@id\":\"https:\\\/\\\/secure.gravatar.com\\\/avatar\\\/f43a2254d614198c44c96f86f1f078a06cac3d39a3250e9245aa331797519cab?s=96&d=mm&r=g\",\"url\":\"https:\\\/\\\/secure.gravatar.com\\\/avatar\\\/f43a2254d614198c44c96f86f1f078a06cac3d39a3250e9245aa331797519cab?s=96&d=mm&r=g\",\"contentUrl\":\"https:\\\/\\\/secure.gravatar.com\\\/avatar\\\/f43a2254d614198c44c96f86f1f078a06cac3d39a3250e9245aa331797519cab?s=96&d=mm&r=g\",\"caption\":\"Redacci\u00f3n Proyecci\u00f3n EDOM\u00c9X\"},\"sameAs\":[\"https:\\\/\\\/proyeccionedomex.com.mx\"],\"url\":\"https:\\\/\\\/proyeccionedomex.com.mx\\\/?author=1\"}]}<\/script>\n<!-- \/ Yoast SEO plugin. -->","yoast_head_json":{"title":"Paratletas de Metepec recibieron reconocimiento por sus resultados en Juegos Paranacionales CONADE 2024 - Proyecci\u00f3n Estado de M\u00e9xico","robots":{"index":"index","follow":"follow","max-snippet":"max-snippet:-1","max-image-preview":"max-image-preview:large","max-video-preview":"max-video-preview:-1"},"canonical":"https:\/\/proyeccionedomex.com.mx\/?p=3506","og_locale":"es_ES","og_type":"article","og_title":"Paratletas de Metepec recibieron reconocimiento por sus resultados en Juegos Paranacionales CONADE 2024 - Proyecci\u00f3n Estado de M\u00e9xico","og_description":"Paratletas de Metepec recibieron reconocimiento por sus resultados en Juegos Paranacionales CONADE 2024 Para reconocer su esfuerzo, dedicaci\u00f3n y empe\u00f1o, que los llev\u00f3 a subir al p\u00f3dium de los Juegos Paranacionales CONADE 2024, autoridades de Metepec cumplieron con el compromiso de otorgar est\u00edmulos econ\u00f3micos a los paratletas del municipio, \u00c1ngel Salas Aguilar, Sof\u00eda Ortega Ortiz, [&hellip;]","og_url":"https:\/\/proyeccionedomex.com.mx\/?p=3506","og_site_name":"Proyecci\u00f3n Estado de M\u00e9xico","article_publisher":"https:\/\/www.facebook.com\/PortaldeNoticiasProyeccionEdomex","article_published_time":"2024-10-18T15:43:21+00:00","article_modified_time":"2024-10-18T15:43:23+00:00","og_image":[{"width":1142,"height":875,"url":"https:\/\/proyeccionedomex.com.mx\/wp-content\/uploads\/2024\/10\/image-40.jpeg","type":"image\/jpeg"}],"author":"Redacci\u00f3n Proyecci\u00f3n EDOM\u00c9X","twitter_card":"summary_large_image","twitter_misc":{"Escrito por":"Redacci\u00f3n Proyecci\u00f3n EDOM\u00c9X","Tiempo de lectura":"2 minutos"},"schema":{"@context":"https:\/\/schema.org","@graph":[{"@type":"Article","@id":"https:\/\/proyeccionedomex.com.mx\/?p=3506#article","isPartOf":{"@id":"https:\/\/proyeccionedomex.com.mx\/?p=3506"},"author":{"name":"Redacci\u00f3n Proyecci\u00f3n EDOM\u00c9X","@id":"https:\/\/proyeccionedomex.com.mx\/#\/schema\/person\/2e66b5427bffed972a69e6b66b4e3a76"},"headline":"Paratletas de Metepec recibieron reconocimiento por sus resultados en Juegos Paranacionales CONADE 2024","datePublished":"2024-10-18T15:43:21+00:00","dateModified":"2024-10-18T15:43:23+00:00","mainEntityOfPage":{"@id":"https:\/\/proyeccionedomex.com.mx\/?p=3506"},"wordCount":421,"commentCount":0,"publisher":{"@id":"https:\/\/proyeccionedomex.com.mx\/#organization"},"image":{"@id":"https:\/\/proyeccionedomex.com.mx\/?p=3506#primaryimage"},"thumbnailUrl":"https:\/\/proyeccionedomex.com.mx\/wp-content\/uploads\/2024\/10\/image-40.jpeg","articleSection":["Politica"],"inLanguage":"es","potentialAction":[{"@type":"CommentAction","name":"Comment","target":["https:\/\/proyeccionedomex.com.mx\/?p=3506#respond"]}]},{"@type":"WebPage","@id":"https:\/\/proyeccionedomex.com.mx\/?p=3506","url":"https:\/\/proyeccionedomex.com.mx\/?p=3506","name":"Paratletas de Metepec recibieron reconocimiento por sus resultados en Juegos Paranacionales CONADE 2024 - Proyecci\u00f3n Estado de M\u00e9xico","isPartOf":{"@id":"https:\/\/proyeccionedomex.com.mx\/#website"},"primaryImageOfPage":{"@id":"https:\/\/proyeccionedomex.com.mx\/?p=3506#primaryimage"},"image":{"@id":"https:\/\/proyeccionedomex.com.mx\/?p=3506#primaryimage"},"thumbnailUrl":"https:\/\/proyeccionedomex.com.mx\/wp-content\/uploads\/2024\/10\/image-40.jpeg","datePublished":"2024-10-18T15:43:21+00:00","dateModified":"2024-10-18T15:43:23+00:00","breadcrumb":{"@id":"https:\/\/proyeccionedomex.com.mx\/?p=3506#breadcrumb"},"inLanguage":"es","potentialAction":[{"@type":"ReadAction","target":["https:\/\/proyeccionedomex.com.mx\/?p=3506"]}]},{"@type":"ImageObject","inLanguage":"es","@id":"https:\/\/proyeccionedomex.com.mx\/?p=3506#primaryimage","url":"https:\/\/proyeccionedomex.com.mx\/wp-content\/uploads\/2024\/10\/image-40.jpeg","contentUrl":"https:\/\/proyeccionedomex.com.mx\/wp-content\/uploads\/2024\/10\/image-40.jpeg","width":1142,"height":875},{"@type":"BreadcrumbList","@id":"https:\/\/proyeccionedomex.com.mx\/?p=3506#breadcrumb","itemListElement":[{"@type":"ListItem","position":1,"name":"Portada","item":"https:\/\/proyeccionedomex.com.mx\/"},{"@type":"ListItem","position":2,"name":"Paratletas de Metepec recibieron reconocimiento por sus resultados en Juegos Paranacionales CONADE 2024"}]},{"@type":"WebSite","@id":"https:\/\/proyeccionedomex.com.mx\/#website","url":"https:\/\/proyeccionedomex.com.mx\/","name":"Proyecci\u00f3n Estado de M\u00e9xico","description":"Proyecci\u00f3n Edo. Mex.","publisher":{"@id":"https:\/\/proyeccionedomex.com.mx\/#organization"},"potentialAction":[{"@type":"SearchAction","target":{"@type":"EntryPoint","urlTemplate":"https:\/\/proyeccionedomex.com.mx\/?s={search_term_string}"},"query-input":{"@type":"PropertyValueSpecification","valueRequired":true,"valueName":"search_term_string"}}],"inLanguage":"es"},{"@type":"Organization","@id":"https:\/\/proyeccionedomex.com.mx\/#organization","name":"Proyecci\u00f3n Estado de M\u00e9xico","url":"https:\/\/proyeccionedomex.com.mx\/","logo":{"@type":"ImageObject","inLanguage":"es","@id":"https:\/\/proyeccionedomex.com.mx\/#\/schema\/logo\/image\/","url":"https:\/\/proyeccionedomex.com.mx\/wp-content\/uploads\/2024\/03\/proyeccion.jpg","contentUrl":"https:\/\/proyeccionedomex.com.mx\/wp-content\/uploads\/2024\/03\/proyeccion.jpg","width":1143,"height":801,"caption":"Proyecci\u00f3n Estado de M\u00e9xico"},"image":{"@id":"https:\/\/proyeccionedomex.com.mx\/#\/schema\/logo\/image\/"},"sameAs":["https:\/\/www.facebook.com\/PortaldeNoticiasProyeccionEdomex"]},{"@type":"Person","@id":"https:\/\/proyeccionedomex.com.mx\/#\/schema\/person\/2e66b5427bffed972a69e6b66b4e3a76","name":"Redacci\u00f3n Proyecci\u00f3n EDOM\u00c9X","image":{"@type":"ImageObject","inLanguage":"es","@id":"https:\/\/secure.gravatar.com\/avatar\/f43a2254d614198c44c96f86f1f078a06cac3d39a3250e9245aa331797519cab?s=96&d=mm&r=g","url":"https:\/\/secure.gravatar.com\/avatar\/f43a2254d614198c44c96f86f1f078a06cac3d39a3250e9245aa331797519cab?s=96&d=mm&r=g","contentUrl":"https:\/\/secure.gravatar.com\/avatar\/f43a2254d614198c44c96f86f1f078a06cac3d39a3250e9245aa331797519cab?s=96&d=mm&r=g","caption":"Redacci\u00f3n Proyecci\u00f3n EDOM\u00c9X"},"sameAs":["https:\/\/proyeccionedomex.com.mx"],"url":"https:\/\/proyeccionedomex.com.mx\/?author=1"}]}},"_links":{"self":[{"href":"https:\/\/proyeccionedomex.com.mx\/index.php?rest_route=\/wp\/v2\/posts\/3506","targetHints":{"allow":["GET"]}}],"collection":[{"href":"https:\/\/proyeccionedomex.com.mx\/index.php?rest_route=\/wp\/v2\/posts"}],"about":[{"href":"https:\/\/proyeccionedomex.com.mx\/index.php?rest_route=\/wp\/v2\/types\/post"}],"author":[{"embeddable":true,"href":"https:\/\/proyeccionedomex.com.mx\/index.php?rest_route=\/wp\/v2\/users\/1"}],"replies":[{"embeddable":true,"href":"https:\/\/proyeccionedomex.com.mx\/index.php?rest_route=%2Fwp%2Fv2%2Fcomments&post=3506"}],"version-history":[{"count":0,"href":"https:\/\/proyeccionedomex.com.mx\/index.php?rest_route=\/wp\/v2\/posts\/3506\/revisions"}],"wp:featuredmedia":[{"embeddable":true,"href":"https:\/\/proyeccionedomex.com.mx\/index.php?rest_route=\/wp\/v2\/media\/3507"}],"wp:attachment":[{"href":"https:\/\/proyeccionedomex.com.mx\/index.php?rest_route=%2Fwp%2Fv2%2Fmedia&parent=3506"}],"wp:term":[{"taxonomy":"category","embeddable":true,"href":"https:\/\/proyeccionedomex.com.mx\/index.php?rest_route=%2Fwp%2Fv2%2Fcategories&post=3506"},{"taxonomy":"post_tag","embeddable":true,"href":"https:\/\/proyeccionedomex.com.mx\/index.php?rest_route=%2Fwp%2Fv2%2Ftags&post=3506"}],"curies":[{"name":"wp","href":"https:\/\/api.w.org\/{rel}","templated":true}]}}