{"id":3892,"date":"2024-11-11T14:34:40","date_gmt":"2024-11-11T14:34:40","guid":{"rendered":"https:\/\/proyeccionedomex.com.mx\/?p=3892"},"modified":"2024-11-11T14:34:42","modified_gmt":"2024-11-11T14:34:42","slug":"reunio-a-mas-de-mil-personas-la-carrera-anual-de-cruz-roja-mexicana-ayudar-nos-mueve","status":"publish","type":"post","link":"https:\/\/proyeccionedomex.com.mx\/?p=3892","title":{"rendered":"Reuni\u00f3 a m\u00e1s de mil personas la carrera anual de Cruz Roja Mexicana \u201cAyudar nos Mueve\u201d"},"content":{"rendered":"\n<figure class=\"wp-block-image size-large td-caption-align-https:\/\/proyeccionedomex.com.mx\/wp-content\/uploads\/2024\/11\/image-38.jpeg\"><img loading=\"lazy\" decoding=\"async\" width=\"1024\" height=\"684\" src=\"https:\/\/proyeccionedomex.com.mx\/wp-content\/uploads\/2024\/11\/image-38-1024x684.jpeg\" alt=\"\" class=\"wp-image-3893\" srcset=\"https:\/\/proyeccionedomex.com.mx\/wp-content\/uploads\/2024\/11\/image-38-1024x684.jpeg 1024w, https:\/\/proyeccionedomex.com.mx\/wp-content\/uploads\/2024\/11\/image-38-300x200.jpeg 300w, https:\/\/proyeccionedomex.com.mx\/wp-content\/uploads\/2024\/11\/image-38-768x513.jpeg 768w, https:\/\/proyeccionedomex.com.mx\/wp-content\/uploads\/2024\/11\/image-38-1536x1025.jpeg 1536w, https:\/\/proyeccionedomex.com.mx\/wp-content\/uploads\/2024\/11\/image-38-696x465.jpeg 696w, https:\/\/proyeccionedomex.com.mx\/wp-content\/uploads\/2024\/11\/image-38-1068x713.jpeg 1068w, https:\/\/proyeccionedomex.com.mx\/wp-content\/uploads\/2024\/11\/image-38-629x420.jpeg 629w, https:\/\/proyeccionedomex.com.mx\/wp-content\/uploads\/2024\/11\/image-38.jpeg 1600w\" sizes=\"auto, (max-width: 1024px) 100vw, 1024px\" \/><\/figure>\n\n\n\n<p>Reuni\u00f3 a m\u00e1s de mil personas la carrera anual de Cruz Roja Mexicana \u201cAyudar nos Mueve\u201d<\/p>\n\n\n\n<p>En bicicletas, carriolas, patinetas, en sillas de ruedas y a pie, caminando, trotando y corriendo, m\u00e1s de mil personas, algunas acompa\u00f1adas de sus mascotas, tomaron la salida de la d\u00e9cimo primera edici\u00f3n de la carreta \u201cAyudar nos Mueve\u201d de Cruz Roja Mexicana, Delegaci\u00f3n Toluca, a la cual dieron el banderazo de salida el presidente municipal de la capital mexiquense, Juan Maccise, y el presidente del Consejo Local en Toluca y Metepec, Mario V\u00e1zquez de la Torre.<\/p>\n\n\n\n<p>El evento se convirti\u00f3 en toda una fiesta de sana convivencia familiar, en la que los participantes estuvieron en todo momento alentados por los voluntarios de Cruz Roja Mexicana de Toluca y Metepec, quienes hicieron gala de alegr\u00eda y entusiasmo para impulsar a todas y todos los participantes que respondieron al llamado de la instituci\u00f3n para impulsar juntos h\u00e1bitos saludables y la actividad f\u00edsica para prevenir y combatir enfermedades como la obesidad y la diabetes.<\/p>\n\n\n\n<p>El presidente municipal de Toluca, Juan Maccise, al inicio de la carrera, destac\u00f3 la importancia de la Cruz Roja Mexicana en la comunidad, y enfatiz\u00f3 que cada kil\u00f3metro recorrido representa una contribuci\u00f3n tangible a la invaluable labor que esta instituci\u00f3n realiza en momentos de emergencia y necesidad.<\/p>\n\n\n\n<p>La carrera \u2013dijo&#8211; es muestra de que las causas solidarias unen a la comunidad y fortalecen los lazos entre los ciudadanos, instituciones y autoridades.<\/p>\n\n\n\n<p>Record\u00f3 que todo los recaudado mediante el donativo de inscripci\u00f3n a la carrera \u201cAyudar Nos Mueve\u201d servir\u00e1 para apoyar el equipamiento de la unidad de hemodi\u00e1lisis y consultorios de especialidades del nuevo hospital que Cruz Roja Mexicana construye en la capital del Estado de M\u00e9xico.<\/p>\n\n\n\n<p>Por su parte, el presidente del Consejo Local de Cruz Roja Mexicana en Toluca y Metepec, Mario V\u00e1zquez de la Torre, al entregar reconocimientos a los mejores tiempos, agradeci\u00f3 a todos los participantes y se\u00f1al\u00f3 que es la suma de esfuerzos y de voluntades lo que hace grande a esta instituci\u00f3n que siempre est\u00e1 esforz\u00e1ndose por ser mejor y servir a la sociedad.<\/p>\n\n\n\n<p>Los primeros en tomar la l\u00ednea de salida fueron los m\u00e1s de 250 participantes en la ruta en bicicleta que por primera vez se incorpor\u00f3 a la carrera de Cruz Roja Mexicana, quienes demostraron fuerza y gran condici\u00f3n f\u00edsica para completar el circuito de 20 kil\u00f3metros que incluy\u00f3 bellos escenarios sobre los puentes del Paseo Tollocan y un recorrido por el centro hist\u00f3rico de Toluca.<\/p>\n\n\n\n<p>En bicicletas, en la rama femenil cruzaron la meta primero Alexia Guti\u00e9rrez Alp\u00edzar, Mar\u00eda de Lourdes Rosales Carmona y Arely Berenice Gonz\u00e1lez Vald\u00e9s, mientras que en la prueba varonil lo hicieron Jos\u00e9 Antonio Maldonado Estrada, Jos\u00e9 Isidro Archundia Mart\u00ednez y Jos\u00e9 Eduardo Mart\u00ednez Estrada.<\/p>\n\n\n\n<p>En la Categor\u00eda Libre Femenil de 5 kil\u00f3metros las primeras fueron Esther Reyes Landeros, Sandra Lizhet Mart\u00ednez Jim\u00e9nez y Karol Francisco Cedillo, mientras que en la rama varonil lo hicieron Santiago Cedillo, Rodrigo Ram\u00edrez Hern\u00e1ndez y Hugo Palma de la Mora.<\/p>\n\n\n\n<p>En 10 kil\u00f3metros, rama Varonil, en la categor\u00eda juvenil los primeros fueron Jos\u00e9 Antonio Salazar Dom\u00ednguez, Alejandro Z\u00fa\u00f1iga Cuenta y Bruno Garc\u00eda Mart\u00ednez; en Libre Varonil cruzaron primero la meta Sergio Diego G\u00f3mez Guti\u00e9rrez, Oth\u00f3n Ochoa Mej\u00eda y Jos\u00e9 Francisco Garc\u00eda Estrada; en la categor\u00eda Master los primeros fueron Gerardo Azotea L\u00f3pez, Virgilio Valle G\u00f3mez y Remigio de Jes\u00fas Bail\u00f3n; mientras que en la categor\u00eda de Veteranos fueron Flavio Salgado Salas, Jorge Francisco Flores, y Mauricio Gil Palma.<\/p>\n\n\n\n<p>En la rama Femenil, la triunfadora en la categor\u00eda Juvenil fue Tania Vanesa Mendoza Muci\u00f1o; en la categor\u00eda Libre la primera en llegar fue Andrea Am\u00e9rica Gonz\u00e1lez M\u00e9ndez, seguida de Elena Guadalupe Valenzuela Ortiz y Estefan\u00eda Astrid Gonz\u00e1lez Tapia; en Master las primeras fueron Alhel\u00ed Barrios Yerene, Sandra Mar\u00eda Mu\u00f1iz Gonz\u00e1lez y Saura Valladares Jackon; y en Veteranas llegaron al frente Alejandra Lara Morales, Arlen Mireles Gonz\u00e1lez y Mar\u00eda de los \u00c1ngeles Calder\u00f3n Alba. <a href=\"https:\/\/www.facebook.com\/H.AyuntamientoDeToluca?__cft__[0]=AZWdKVLbnBiyOUi22rdiJvUqPAVM20T26OiyfO51w7n6YUiRKocY9nHuPUZNaka6hS9pMzH879NXH8nu48Ig7rZikNUWvkvOQzY951O5UIQbHvTQs0aWBFvrtiX7wZnYGvaIe8wNXKcmaQlIyqHXTnOFC6OTbafLG77mHWYMyV81YA&amp;__tn__=-]K-R\">Ayuntamiento de Toluca<\/a><\/p>\n\n\n\n<figure class=\"wp-block-image\"><img decoding=\"async\" src=\"https:\/\/scontent-qro1-1.xx.fbcdn.net\/v\/t39.30808-6\/466097802_524151427276749_4114740570150973261_n.jpg?_nc_cat=100&amp;ccb=1-7&amp;_nc_sid=833d8c&amp;_nc_eui2=AeFR7NhZHCt9xhY9TNJW7NmQeC99JDMBS714L30kMwFLvaFjVmexGW1UiIwxBrI_AK1aK4-GCwMw1dUx5VlKyii1&amp;_nc_ohc=lYC_D4dWkC8Q7kNvgG8Orrb&amp;_nc_zt=23&amp;_nc_ht=scontent-qro1-1.xx&amp;_nc_gid=AXbwuvGQbmKWkbuV8OMUznn&amp;oh=00_AYCDBxXtrMB1MgMKmr0uTpvpOHSpuPnvamnzX8MYX796fg&amp;oe=6737D636\" alt=\"Puede ser una imagen de 8 personas, bicicleta, calle y texto\"\/><\/figure>\n\n\n\n<figure class=\"wp-block-gallery has-nested-images columns-default is-cropped wp-block-gallery-1 is-layout-flex wp-block-gallery-is-layout-flex\">\n<figure class=\"wp-block-image\"><img decoding=\"async\" src=\"https:\/\/scontent-qro1-1.xx.fbcdn.net\/v\/t39.30808-6\/466158344_524151340610091_7108112823076856308_n.jpg?_nc_cat=104&amp;ccb=1-7&amp;_nc_sid=833d8c&amp;_nc_eui2=AeH4WOcMB_16Ns9NMA7azCfzVrVFgmVCunFWtUWCZUK6caK250vfTdZttv2wvA2HszEdNZHuEjmMNyg7L8F88bLk&amp;_nc_ohc=iWBmqDPTJVQQ7kNvgGjwysP&amp;_nc_zt=23&amp;_nc_ht=scontent-qro1-1.xx&amp;_nc_gid=AT4SgKo5zpXluVkxFBklhDR&amp;oh=00_AYDlodd7KSctWP5-dVMiAEE8pXISkiBeEr5orJSb4qjB5w&amp;oe=6737CD17\" alt=\"Puede ser una imagen de 4 personas, ni\u00f1os y texto\"\/><\/figure>\n\n\n\n<figure class=\"wp-block-image\"><img decoding=\"async\" src=\"https:\/\/scontent-qro1-1.xx.fbcdn.net\/v\/t39.30808-6\/466128562_524151400610085_2630185844731212320_n.jpg?_nc_cat=103&amp;ccb=1-7&amp;_nc_sid=833d8c&amp;_nc_eui2=AeE5189UKqHh1sVgK1YoeZrQ4Msm7xHZyGfgyybvEdnIZ4Ua3fDC5Waq6QXC9dX5QeyKVlUCCQ5paAG6f1vXbYIT&amp;_nc_ohc=eK2c5nTonicQ7kNvgEZ-5z9&amp;_nc_zt=23&amp;_nc_ht=scontent-qro1-1.xx&amp;_nc_gid=AFhqaCfEpfr3RivMJdnNTtx&amp;oh=00_AYDHOhHD6VBo9hklACyaf9LvDez2-Smnbbtuh-8iHJLLCw&amp;oe=6737FD06\" alt=\"Puede ser una imagen de 10 personas, multitud y texto\"\/><\/figure>\n<\/figure>\n","protected":false},"excerpt":{"rendered":"<p>Reuni\u00f3 a m\u00e1s de mil personas la carrera anual de Cruz Roja Mexicana \u201cAyudar nos Mueve\u201d En bicicletas, carriolas, patinetas, en sillas de ruedas y a pie, caminando, trotando y corriendo, m\u00e1s de mil personas, algunas acompa\u00f1adas de sus mascotas, tomaron la salida de la d\u00e9cimo primera edici\u00f3n de la carreta \u201cAyudar nos Mueve\u201d de [&hellip;]<\/p>\n","protected":false},"author":1,"featured_media":3893,"comment_status":"open","ping_status":"closed","sticky":false,"template":"","format":"standard","meta":{"footnotes":""},"categories":[124],"tags":[],"class_list":{"0":"post-3892","1":"post","2":"type-post","3":"status-publish","4":"format-standard","5":"has-post-thumbnail","7":"category-deporte"},"yoast_head":"<!-- This site is optimized with the Yoast SEO plugin v27.5 - https:\/\/yoast.com\/product\/yoast-seo-wordpress\/ -->\n<title>Reuni\u00f3 a m\u00e1s de mil personas la carrera anual de Cruz Roja Mexicana \u201cAyudar nos Mueve\u201d - Proyecci\u00f3n Estado de M\u00e9xico<\/title>\n<meta name=\"robots\" content=\"index, follow, max-snippet:-1, max-image-preview:large, max-video-preview:-1\" \/>\n<link rel=\"canonical\" href=\"https:\/\/proyeccionedomex.com.mx\/?p=3892\" \/>\n<meta property=\"og:locale\" content=\"es_ES\" \/>\n<meta property=\"og:type\" content=\"article\" \/>\n<meta property=\"og:title\" content=\"Reuni\u00f3 a m\u00e1s de mil personas la carrera anual de Cruz Roja Mexicana \u201cAyudar nos Mueve\u201d - Proyecci\u00f3n Estado de M\u00e9xico\" \/>\n<meta property=\"og:description\" content=\"Reuni\u00f3 a m\u00e1s de mil personas la carrera anual de Cruz Roja Mexicana \u201cAyudar nos Mueve\u201d En bicicletas, carriolas, patinetas, en sillas de ruedas y a pie, caminando, trotando y corriendo, m\u00e1s de mil personas, algunas acompa\u00f1adas de sus mascotas, tomaron la salida de la d\u00e9cimo primera edici\u00f3n de la carreta \u201cAyudar nos Mueve\u201d de [&hellip;]\" \/>\n<meta property=\"og:url\" content=\"https:\/\/proyeccionedomex.com.mx\/?p=3892\" \/>\n<meta property=\"og:site_name\" content=\"Proyecci\u00f3n Estado de M\u00e9xico\" \/>\n<meta property=\"article:publisher\" content=\"https:\/\/www.facebook.com\/PortaldeNoticiasProyeccionEdomex\" \/>\n<meta property=\"article:published_time\" content=\"2024-11-11T14:34:40+00:00\" \/>\n<meta property=\"article:modified_time\" content=\"2024-11-11T14:34:42+00:00\" \/>\n<meta property=\"og:image\" content=\"https:\/\/proyeccionedomex.com.mx\/wp-content\/uploads\/2024\/11\/image-38.jpeg\" \/>\n\t<meta property=\"og:image:width\" content=\"1600\" \/>\n\t<meta property=\"og:image:height\" content=\"1068\" \/>\n\t<meta property=\"og:image:type\" content=\"image\/jpeg\" \/>\n<meta name=\"author\" content=\"Redacci\u00f3n Proyecci\u00f3n EDOM\u00c9X\" \/>\n<meta name=\"twitter:card\" content=\"summary_large_image\" \/>\n<meta name=\"twitter:label1\" content=\"Escrito por\" \/>\n\t<meta name=\"twitter:data1\" content=\"Redacci\u00f3n Proyecci\u00f3n EDOM\u00c9X\" \/>\n\t<meta name=\"twitter:label2\" content=\"Tiempo de lectura\" \/>\n\t<meta name=\"twitter:data2\" content=\"4 minutos\" \/>\n<script type=\"application\/ld+json\" class=\"yoast-schema-graph\">{\"@context\":\"https:\\\/\\\/schema.org\",\"@graph\":[{\"@type\":\"Article\",\"@id\":\"https:\\\/\\\/proyeccionedomex.com.mx\\\/?p=3892#article\",\"isPartOf\":{\"@id\":\"https:\\\/\\\/proyeccionedomex.com.mx\\\/?p=3892\"},\"author\":{\"name\":\"Redacci\u00f3n Proyecci\u00f3n EDOM\u00c9X\",\"@id\":\"https:\\\/\\\/proyeccionedomex.com.mx\\\/#\\\/schema\\\/person\\\/2e66b5427bffed972a69e6b66b4e3a76\"},\"headline\":\"Reuni\u00f3 a m\u00e1s de mil personas la carrera anual de Cruz Roja Mexicana \u201cAyudar nos Mueve\u201d\",\"datePublished\":\"2024-11-11T14:34:40+00:00\",\"dateModified\":\"2024-11-11T14:34:42+00:00\",\"mainEntityOfPage\":{\"@id\":\"https:\\\/\\\/proyeccionedomex.com.mx\\\/?p=3892\"},\"wordCount\":735,\"commentCount\":0,\"publisher\":{\"@id\":\"https:\\\/\\\/proyeccionedomex.com.mx\\\/#organization\"},\"image\":{\"@id\":\"https:\\\/\\\/proyeccionedomex.com.mx\\\/?p=3892#primaryimage\"},\"thumbnailUrl\":\"https:\\\/\\\/proyeccionedomex.com.mx\\\/wp-content\\\/uploads\\\/2024\\\/11\\\/image-38.jpeg\",\"articleSection\":[\"DEPORTES\"],\"inLanguage\":\"es\",\"potentialAction\":[{\"@type\":\"CommentAction\",\"name\":\"Comment\",\"target\":[\"https:\\\/\\\/proyeccionedomex.com.mx\\\/?p=3892#respond\"]}]},{\"@type\":\"WebPage\",\"@id\":\"https:\\\/\\\/proyeccionedomex.com.mx\\\/?p=3892\",\"url\":\"https:\\\/\\\/proyeccionedomex.com.mx\\\/?p=3892\",\"name\":\"Reuni\u00f3 a m\u00e1s de mil personas la carrera anual de Cruz Roja Mexicana \u201cAyudar nos Mueve\u201d - Proyecci\u00f3n Estado de M\u00e9xico\",\"isPartOf\":{\"@id\":\"https:\\\/\\\/proyeccionedomex.com.mx\\\/#website\"},\"primaryImageOfPage\":{\"@id\":\"https:\\\/\\\/proyeccionedomex.com.mx\\\/?p=3892#primaryimage\"},\"image\":{\"@id\":\"https:\\\/\\\/proyeccionedomex.com.mx\\\/?p=3892#primaryimage\"},\"thumbnailUrl\":\"https:\\\/\\\/proyeccionedomex.com.mx\\\/wp-content\\\/uploads\\\/2024\\\/11\\\/image-38.jpeg\",\"datePublished\":\"2024-11-11T14:34:40+00:00\",\"dateModified\":\"2024-11-11T14:34:42+00:00\",\"breadcrumb\":{\"@id\":\"https:\\\/\\\/proyeccionedomex.com.mx\\\/?p=3892#breadcrumb\"},\"inLanguage\":\"es\",\"potentialAction\":[{\"@type\":\"ReadAction\",\"target\":[\"https:\\\/\\\/proyeccionedomex.com.mx\\\/?p=3892\"]}]},{\"@type\":\"ImageObject\",\"inLanguage\":\"es\",\"@id\":\"https:\\\/\\\/proyeccionedomex.com.mx\\\/?p=3892#primaryimage\",\"url\":\"https:\\\/\\\/proyeccionedomex.com.mx\\\/wp-content\\\/uploads\\\/2024\\\/11\\\/image-38.jpeg\",\"contentUrl\":\"https:\\\/\\\/proyeccionedomex.com.mx\\\/wp-content\\\/uploads\\\/2024\\\/11\\\/image-38.jpeg\",\"width\":1600,\"height\":1068},{\"@type\":\"BreadcrumbList\",\"@id\":\"https:\\\/\\\/proyeccionedomex.com.mx\\\/?p=3892#breadcrumb\",\"itemListElement\":[{\"@type\":\"ListItem\",\"position\":1,\"name\":\"Portada\",\"item\":\"https:\\\/\\\/proyeccionedomex.com.mx\\\/\"},{\"@type\":\"ListItem\",\"position\":2,\"name\":\"Reuni\u00f3 a m\u00e1s de mil personas la carrera anual de Cruz Roja Mexicana \u201cAyudar nos Mueve\u201d\"}]},{\"@type\":\"WebSite\",\"@id\":\"https:\\\/\\\/proyeccionedomex.com.mx\\\/#website\",\"url\":\"https:\\\/\\\/proyeccionedomex.com.mx\\\/\",\"name\":\"Proyecci\u00f3n Estado de M\u00e9xico\",\"description\":\"Proyecci\u00f3n Edo. Mex.\",\"publisher\":{\"@id\":\"https:\\\/\\\/proyeccionedomex.com.mx\\\/#organization\"},\"potentialAction\":[{\"@type\":\"SearchAction\",\"target\":{\"@type\":\"EntryPoint\",\"urlTemplate\":\"https:\\\/\\\/proyeccionedomex.com.mx\\\/?s={search_term_string}\"},\"query-input\":{\"@type\":\"PropertyValueSpecification\",\"valueRequired\":true,\"valueName\":\"search_term_string\"}}],\"inLanguage\":\"es\"},{\"@type\":\"Organization\",\"@id\":\"https:\\\/\\\/proyeccionedomex.com.mx\\\/#organization\",\"name\":\"Proyecci\u00f3n Estado de M\u00e9xico\",\"url\":\"https:\\\/\\\/proyeccionedomex.com.mx\\\/\",\"logo\":{\"@type\":\"ImageObject\",\"inLanguage\":\"es\",\"@id\":\"https:\\\/\\\/proyeccionedomex.com.mx\\\/#\\\/schema\\\/logo\\\/image\\\/\",\"url\":\"https:\\\/\\\/proyeccionedomex.com.mx\\\/wp-content\\\/uploads\\\/2024\\\/03\\\/proyeccion.jpg\",\"contentUrl\":\"https:\\\/\\\/proyeccionedomex.com.mx\\\/wp-content\\\/uploads\\\/2024\\\/03\\\/proyeccion.jpg\",\"width\":1143,\"height\":801,\"caption\":\"Proyecci\u00f3n Estado de M\u00e9xico\"},\"image\":{\"@id\":\"https:\\\/\\\/proyeccionedomex.com.mx\\\/#\\\/schema\\\/logo\\\/image\\\/\"},\"sameAs\":[\"https:\\\/\\\/www.facebook.com\\\/PortaldeNoticiasProyeccionEdomex\"]},{\"@type\":\"Person\",\"@id\":\"https:\\\/\\\/proyeccionedomex.com.mx\\\/#\\\/schema\\\/person\\\/2e66b5427bffed972a69e6b66b4e3a76\",\"name\":\"Redacci\u00f3n Proyecci\u00f3n EDOM\u00c9X\",\"image\":{\"@type\":\"ImageObject\",\"inLanguage\":\"es\",\"@id\":\"https:\\\/\\\/secure.gravatar.com\\\/avatar\\\/f43a2254d614198c44c96f86f1f078a06cac3d39a3250e9245aa331797519cab?s=96&d=mm&r=g\",\"url\":\"https:\\\/\\\/secure.gravatar.com\\\/avatar\\\/f43a2254d614198c44c96f86f1f078a06cac3d39a3250e9245aa331797519cab?s=96&d=mm&r=g\",\"contentUrl\":\"https:\\\/\\\/secure.gravatar.com\\\/avatar\\\/f43a2254d614198c44c96f86f1f078a06cac3d39a3250e9245aa331797519cab?s=96&d=mm&r=g\",\"caption\":\"Redacci\u00f3n Proyecci\u00f3n EDOM\u00c9X\"},\"sameAs\":[\"https:\\\/\\\/proyeccionedomex.com.mx\"],\"url\":\"https:\\\/\\\/proyeccionedomex.com.mx\\\/?author=1\"}]}<\/script>\n<!-- \/ Yoast SEO plugin. -->","yoast_head_json":{"title":"Reuni\u00f3 a m\u00e1s de mil personas la carrera anual de Cruz Roja Mexicana \u201cAyudar nos Mueve\u201d - Proyecci\u00f3n Estado de M\u00e9xico","robots":{"index":"index","follow":"follow","max-snippet":"max-snippet:-1","max-image-preview":"max-image-preview:large","max-video-preview":"max-video-preview:-1"},"canonical":"https:\/\/proyeccionedomex.com.mx\/?p=3892","og_locale":"es_ES","og_type":"article","og_title":"Reuni\u00f3 a m\u00e1s de mil personas la carrera anual de Cruz Roja Mexicana \u201cAyudar nos Mueve\u201d - Proyecci\u00f3n Estado de M\u00e9xico","og_description":"Reuni\u00f3 a m\u00e1s de mil personas la carrera anual de Cruz Roja Mexicana \u201cAyudar nos Mueve\u201d En bicicletas, carriolas, patinetas, en sillas de ruedas y a pie, caminando, trotando y corriendo, m\u00e1s de mil personas, algunas acompa\u00f1adas de sus mascotas, tomaron la salida de la d\u00e9cimo primera edici\u00f3n de la carreta \u201cAyudar nos Mueve\u201d de [&hellip;]","og_url":"https:\/\/proyeccionedomex.com.mx\/?p=3892","og_site_name":"Proyecci\u00f3n Estado de M\u00e9xico","article_publisher":"https:\/\/www.facebook.com\/PortaldeNoticiasProyeccionEdomex","article_published_time":"2024-11-11T14:34:40+00:00","article_modified_time":"2024-11-11T14:34:42+00:00","og_image":[{"width":1600,"height":1068,"url":"https:\/\/proyeccionedomex.com.mx\/wp-content\/uploads\/2024\/11\/image-38.jpeg","type":"image\/jpeg"}],"author":"Redacci\u00f3n Proyecci\u00f3n EDOM\u00c9X","twitter_card":"summary_large_image","twitter_misc":{"Escrito por":"Redacci\u00f3n Proyecci\u00f3n EDOM\u00c9X","Tiempo de lectura":"4 minutos"},"schema":{"@context":"https:\/\/schema.org","@graph":[{"@type":"Article","@id":"https:\/\/proyeccionedomex.com.mx\/?p=3892#article","isPartOf":{"@id":"https:\/\/proyeccionedomex.com.mx\/?p=3892"},"author":{"name":"Redacci\u00f3n Proyecci\u00f3n EDOM\u00c9X","@id":"https:\/\/proyeccionedomex.com.mx\/#\/schema\/person\/2e66b5427bffed972a69e6b66b4e3a76"},"headline":"Reuni\u00f3 a m\u00e1s de mil personas la carrera anual de Cruz Roja Mexicana \u201cAyudar nos Mueve\u201d","datePublished":"2024-11-11T14:34:40+00:00","dateModified":"2024-11-11T14:34:42+00:00","mainEntityOfPage":{"@id":"https:\/\/proyeccionedomex.com.mx\/?p=3892"},"wordCount":735,"commentCount":0,"publisher":{"@id":"https:\/\/proyeccionedomex.com.mx\/#organization"},"image":{"@id":"https:\/\/proyeccionedomex.com.mx\/?p=3892#primaryimage"},"thumbnailUrl":"https:\/\/proyeccionedomex.com.mx\/wp-content\/uploads\/2024\/11\/image-38.jpeg","articleSection":["DEPORTES"],"inLanguage":"es","potentialAction":[{"@type":"CommentAction","name":"Comment","target":["https:\/\/proyeccionedomex.com.mx\/?p=3892#respond"]}]},{"@type":"WebPage","@id":"https:\/\/proyeccionedomex.com.mx\/?p=3892","url":"https:\/\/proyeccionedomex.com.mx\/?p=3892","name":"Reuni\u00f3 a m\u00e1s de mil personas la carrera anual de Cruz Roja Mexicana \u201cAyudar nos Mueve\u201d - Proyecci\u00f3n Estado de M\u00e9xico","isPartOf":{"@id":"https:\/\/proyeccionedomex.com.mx\/#website"},"primaryImageOfPage":{"@id":"https:\/\/proyeccionedomex.com.mx\/?p=3892#primaryimage"},"image":{"@id":"https:\/\/proyeccionedomex.com.mx\/?p=3892#primaryimage"},"thumbnailUrl":"https:\/\/proyeccionedomex.com.mx\/wp-content\/uploads\/2024\/11\/image-38.jpeg","datePublished":"2024-11-11T14:34:40+00:00","dateModified":"2024-11-11T14:34:42+00:00","breadcrumb":{"@id":"https:\/\/proyeccionedomex.com.mx\/?p=3892#breadcrumb"},"inLanguage":"es","potentialAction":[{"@type":"ReadAction","target":["https:\/\/proyeccionedomex.com.mx\/?p=3892"]}]},{"@type":"ImageObject","inLanguage":"es","@id":"https:\/\/proyeccionedomex.com.mx\/?p=3892#primaryimage","url":"https:\/\/proyeccionedomex.com.mx\/wp-content\/uploads\/2024\/11\/image-38.jpeg","contentUrl":"https:\/\/proyeccionedomex.com.mx\/wp-content\/uploads\/2024\/11\/image-38.jpeg","width":1600,"height":1068},{"@type":"BreadcrumbList","@id":"https:\/\/proyeccionedomex.com.mx\/?p=3892#breadcrumb","itemListElement":[{"@type":"ListItem","position":1,"name":"Portada","item":"https:\/\/proyeccionedomex.com.mx\/"},{"@type":"ListItem","position":2,"name":"Reuni\u00f3 a m\u00e1s de mil personas la carrera anual de Cruz Roja Mexicana \u201cAyudar nos Mueve\u201d"}]},{"@type":"WebSite","@id":"https:\/\/proyeccionedomex.com.mx\/#website","url":"https:\/\/proyeccionedomex.com.mx\/","name":"Proyecci\u00f3n Estado de M\u00e9xico","description":"Proyecci\u00f3n Edo. Mex.","publisher":{"@id":"https:\/\/proyeccionedomex.com.mx\/#organization"},"potentialAction":[{"@type":"SearchAction","target":{"@type":"EntryPoint","urlTemplate":"https:\/\/proyeccionedomex.com.mx\/?s={search_term_string}"},"query-input":{"@type":"PropertyValueSpecification","valueRequired":true,"valueName":"search_term_string"}}],"inLanguage":"es"},{"@type":"Organization","@id":"https:\/\/proyeccionedomex.com.mx\/#organization","name":"Proyecci\u00f3n Estado de M\u00e9xico","url":"https:\/\/proyeccionedomex.com.mx\/","logo":{"@type":"ImageObject","inLanguage":"es","@id":"https:\/\/proyeccionedomex.com.mx\/#\/schema\/logo\/image\/","url":"https:\/\/proyeccionedomex.com.mx\/wp-content\/uploads\/2024\/03\/proyeccion.jpg","contentUrl":"https:\/\/proyeccionedomex.com.mx\/wp-content\/uploads\/2024\/03\/proyeccion.jpg","width":1143,"height":801,"caption":"Proyecci\u00f3n Estado de M\u00e9xico"},"image":{"@id":"https:\/\/proyeccionedomex.com.mx\/#\/schema\/logo\/image\/"},"sameAs":["https:\/\/www.facebook.com\/PortaldeNoticiasProyeccionEdomex"]},{"@type":"Person","@id":"https:\/\/proyeccionedomex.com.mx\/#\/schema\/person\/2e66b5427bffed972a69e6b66b4e3a76","name":"Redacci\u00f3n Proyecci\u00f3n EDOM\u00c9X","image":{"@type":"ImageObject","inLanguage":"es","@id":"https:\/\/secure.gravatar.com\/avatar\/f43a2254d614198c44c96f86f1f078a06cac3d39a3250e9245aa331797519cab?s=96&d=mm&r=g","url":"https:\/\/secure.gravatar.com\/avatar\/f43a2254d614198c44c96f86f1f078a06cac3d39a3250e9245aa331797519cab?s=96&d=mm&r=g","contentUrl":"https:\/\/secure.gravatar.com\/avatar\/f43a2254d614198c44c96f86f1f078a06cac3d39a3250e9245aa331797519cab?s=96&d=mm&r=g","caption":"Redacci\u00f3n Proyecci\u00f3n EDOM\u00c9X"},"sameAs":["https:\/\/proyeccionedomex.com.mx"],"url":"https:\/\/proyeccionedomex.com.mx\/?author=1"}]}},"_links":{"self":[{"href":"https:\/\/proyeccionedomex.com.mx\/index.php?rest_route=\/wp\/v2\/posts\/3892","targetHints":{"allow":["GET"]}}],"collection":[{"href":"https:\/\/proyeccionedomex.com.mx\/index.php?rest_route=\/wp\/v2\/posts"}],"about":[{"href":"https:\/\/proyeccionedomex.com.mx\/index.php?rest_route=\/wp\/v2\/types\/post"}],"author":[{"embeddable":true,"href":"https:\/\/proyeccionedomex.com.mx\/index.php?rest_route=\/wp\/v2\/users\/1"}],"replies":[{"embeddable":true,"href":"https:\/\/proyeccionedomex.com.mx\/index.php?rest_route=%2Fwp%2Fv2%2Fcomments&post=3892"}],"version-history":[{"count":0,"href":"https:\/\/proyeccionedomex.com.mx\/index.php?rest_route=\/wp\/v2\/posts\/3892\/revisions"}],"wp:featuredmedia":[{"embeddable":true,"href":"https:\/\/proyeccionedomex.com.mx\/index.php?rest_route=\/wp\/v2\/media\/3893"}],"wp:attachment":[{"href":"https:\/\/proyeccionedomex.com.mx\/index.php?rest_route=%2Fwp%2Fv2%2Fmedia&parent=3892"}],"wp:term":[{"taxonomy":"category","embeddable":true,"href":"https:\/\/proyeccionedomex.com.mx\/index.php?rest_route=%2Fwp%2Fv2%2Fcategories&post=3892"},{"taxonomy":"post_tag","embeddable":true,"href":"https:\/\/proyeccionedomex.com.mx\/index.php?rest_route=%2Fwp%2Fv2%2Ftags&post=3892"}],"curies":[{"name":"wp","href":"https:\/\/api.w.org\/{rel}","templated":true}]}}