{"id":3904,"date":"2024-11-11T14:40:40","date_gmt":"2024-11-11T14:40:40","guid":{"rendered":"https:\/\/proyeccionedomex.com.mx\/?p=3904"},"modified":"2024-11-11T14:41:10","modified_gmt":"2024-11-11T14:41:10","slug":"convoca-gobernadora-delfina-gomez-alvarez-a-participar-en-la-presea-estado-de-mexico-2024","status":"publish","type":"post","link":"https:\/\/proyeccionedomex.com.mx\/?p=3904","title":{"rendered":"Convoca Gobernadora Delfina G\u00f3mez \u00c1lvarez a participar en la \u201cPresea Estado de M\u00e9xico 2024\u201d"},"content":{"rendered":"\n<figure class=\"wp-block-image size-full\"><img loading=\"lazy\" decoding=\"async\" width=\"811\" height=\"540\" src=\"https:\/\/proyeccionedomex.com.mx\/wp-content\/uploads\/2024\/11\/image-42.jpeg\" alt=\"\" class=\"wp-image-3905\" srcset=\"https:\/\/proyeccionedomex.com.mx\/wp-content\/uploads\/2024\/11\/image-42.jpeg 811w, https:\/\/proyeccionedomex.com.mx\/wp-content\/uploads\/2024\/11\/image-42-300x200.jpeg 300w, https:\/\/proyeccionedomex.com.mx\/wp-content\/uploads\/2024\/11\/image-42-768x511.jpeg 768w, https:\/\/proyeccionedomex.com.mx\/wp-content\/uploads\/2024\/11\/image-42-696x463.jpeg 696w, https:\/\/proyeccionedomex.com.mx\/wp-content\/uploads\/2024\/11\/image-42-631x420.jpeg 631w\" sizes=\"auto, (max-width: 811px) 100vw, 811px\" \/><\/figure>\n\n\n\n<p>Convoca Gobernadora Delfina G\u00f3mez \u00c1lvarez a participar en la \u201cPresea Estado de M\u00e9xico 2024\u201d<\/p>\n\n\n\n<p>La Gobernadora del Estado de M\u00e9xico, Delfina G\u00f3mez \u00c1lvarez convoc\u00f3 a las y los mexiquenses a proponer candidatas y candidatos a la Presea \u201cEstado de M\u00e9xico 2024\u201d, m\u00e1ximo reconocimiento p\u00fablico que la entidad otorga a quienes de manera individual o colectiva lo merezcan por su conducta, actos u obras.<\/p>\n\n\n\n<p>\u201cSi conoces a una persona, instituci\u00f3n o colectivo que destaque por su ejemplo o labor de transformaci\u00f3n, inscr\u00edbela en la Presea Estado de M\u00e9xico 2024, el m\u00e1ximo reconocimiento p\u00fablico que se otorga en la entidad. Consulta la convocatoria. Tienes hasta el 29 de noviembre de 2024\u201d, se\u00f1al\u00f3 la Gobernadora Delfina G\u00f3mez \u00c1lvarez a trav\u00e9s de sus redes sociales.<\/p>\n\n\n\n<p>La Presea ser\u00e1 entregada en ceremonia solemne el 02 de marzo de 2025, en 15 categor\u00edas: de Ciencia, Tecnolog\u00eda e Innovaci\u00f3n \u00abJos\u00e9 Antonio Alzate\u00bb; de Arte y Cultura \u00abSor Juana In\u00e9s de la Cruz\u00bb; de Pedagog\u00eda y Docencia \u00abLaura M\u00e9ndez de Cuenca\u00bb; de Periodismo e Informaci\u00f3n \u00abLeona Vicario\u00bb; al M\u00e9rito C\u00edvico y Servicios a la Comunidad \u201cIsidro Fabela Alfaro\u00bb; al Trabajo \u00abFidel Vel\u00e1zquez S\u00e1nchez\u00bb; a la Juventud \u201cFelipe S\u00e1nchez Sol\u00eds\u00bb.<\/p>\n\n\n\n<p>Asimismo, a la Contribuci\u00f3n al Servicio P\u00fablico \u201cAlfredo Del Mazo V\u00e9lez\u00bb; al Impulso Econ\u00f3mico \u201cAdolfo L\u00f3pez Mateos\u201d; de la Preservaci\u00f3n del Ambiente y la Sostenibilidad de los Recursos Naturales \u201cJos\u00e9 Mariano Moci\u00f1o Su\u00e1rez Lozada\u201d; a quienes sin ser mexiquenses tengan m\u00e9ritos eminentes o relevantes \u201cJos\u00e9 Mar\u00eda Luis Mora\u201d; a la Defensa de los Derechos Humanos \u201cJos\u00e9 Mar\u00eda Morelos y Pav\u00f3n\u201d; de la Seguridad, Protecci\u00f3n Ciudadana o Procuraci\u00f3n de justicia \u201cLe\u00f3n Guzm\u00e1n\u201d; al M\u00e9rito Agrario \u201cAndr\u00e9s Molina Enr\u00edquez\u201d; y de Medicina y Fomento a la Salud \u201cGustavo Baz Prada\u201d.<\/p>\n\n\n\n<p>Las candidatas y los candidatos a obtener la Presea \u201cEstado de M\u00e9xico 2024\u201d deber\u00e1n ser personas originarias o vecinas de la entidad, con excepci\u00f3n de las propuestas para la denominaci\u00f3n \u00abJos\u00e9 Mar\u00eda Luis Mora\u00bb, que se entregar\u00e1 a quienes no sean oriundos ni habitantes del Estado de M\u00e9xico.<\/p>\n\n\n\n<p>Se dispone hasta el 29 de noviembre de 2024 para proponer y registrar candidatos y hacer env\u00edo de la documentaci\u00f3n correspondiente. El registro de los mismos ser\u00e1 en l\u00ednea en el enlace <a href=\"https:\/\/l.facebook.com\/l.php?u=http%3A%2F%2Fedomex.gob.mx%2Fregistro_presea%3Ffbclid%3DIwZXh0bgNhZW0CMTAAAR0MnE0v7KQ-0a_VBzqwmfXkS5zRDZ8AGGh-dsT1b1yR54vBhp9p6PUcvhU_aem_TRk0CVwAuYm5t9-gH3KOqQ&amp;h=AT3IoDFJ5CUNStuIut9clWsJCdHFKwhBBVdFHmINBLG1Tj6hMScKhMF7DOxOIdj5LEK5DMy9OkItd5ou8eZ-k_7xhoZ2vjYSo3m4nEgMpIGWrmYsfWzMjplg7pbpbNu70udR&amp;__tn__=-UK-R&amp;c[0]=AT22xln48KH-hxpZKl-R8GC0CLEyr0wMratbdvhtmgMYCQmauN9RNTTQ8NrOJ1PgxWf__5IXvZT5SU348wagPM2X9JxeVdpfNyfZO2_P0WsdvSbk7HUV1l2wuqf4AF_kVQl9A8Oe3rXjjqInMvOC0Ri1joi8fYlKOvi1TcyPigwGxtN6qoryx1cZqzt8eCsa\" rel=\"noreferrer noopener\" target=\"_blank\">http:\/\/edomex.gob.mx\/registro_presea<\/a>, disponible las 24 horas del d\u00eda.<\/p>\n\n\n\n<p>En caso de requerir apoyo t\u00e9cnico para la realizaci\u00f3n del registro en l\u00ednea, podr\u00e1n comunicarse a los tel\u00e9fonos 722-226-4303 y 722-226-4304, en d\u00edas h\u00e1biles de 09:00 a 18:00 horas. <a href=\"https:\/\/www.facebook.com\/DelfinaGomezAlvarez?__cft__[0]=AZW8ZA0w3DJglfzGVXIbWjJJdNpu7t9m23ciKhxxrvjGhzl-wobMpf0ryElaKfI_9jPOPLA_4pLGay5wzfLoY2NqBOia-Jxl2eDxJtmtIiNUinOm9PurbQMJc6a9mZAVP9C-J24j-sjMHFLAm_WmsGhMUgYmpL5bYYB4e3If8Wx_cQ&amp;__tn__=-]K-R\">Delfina G\u00f3mez \u00c1lvarez<\/a><\/p>\n","protected":false},"excerpt":{"rendered":"<p>Convoca Gobernadora Delfina G\u00f3mez \u00c1lvarez a participar en la \u201cPresea Estado de M\u00e9xico 2024\u201d La Gobernadora del Estado de M\u00e9xico, Delfina G\u00f3mez \u00c1lvarez convoc\u00f3 a las y los mexiquenses a proponer candidatas y candidatos a la Presea \u201cEstado de M\u00e9xico 2024\u201d, m\u00e1ximo reconocimiento p\u00fablico que la entidad otorga a quienes de manera individual o colectiva [&hellip;]<\/p>\n","protected":false},"author":1,"featured_media":3905,"comment_status":"open","ping_status":"closed","sticky":false,"template":"","format":"standard","meta":{"footnotes":""},"categories":[1],"tags":[],"class_list":{"0":"post-3904","1":"post","2":"type-post","3":"status-publish","4":"format-standard","5":"has-post-thumbnail","7":"category-politica"},"yoast_head":"<!-- This site is optimized with the Yoast SEO plugin v27.5 - https:\/\/yoast.com\/product\/yoast-seo-wordpress\/ -->\n<title>Convoca Gobernadora Delfina G\u00f3mez \u00c1lvarez a participar en la \u201cPresea Estado de M\u00e9xico 2024\u201d - Proyecci\u00f3n Estado de M\u00e9xico<\/title>\n<meta name=\"robots\" content=\"index, follow, max-snippet:-1, max-image-preview:large, max-video-preview:-1\" \/>\n<link rel=\"canonical\" href=\"https:\/\/proyeccionedomex.com.mx\/?p=3904\" \/>\n<meta property=\"og:locale\" content=\"es_ES\" \/>\n<meta property=\"og:type\" content=\"article\" \/>\n<meta property=\"og:title\" content=\"Convoca Gobernadora Delfina G\u00f3mez \u00c1lvarez a participar en la \u201cPresea Estado de M\u00e9xico 2024\u201d - Proyecci\u00f3n Estado de M\u00e9xico\" \/>\n<meta property=\"og:description\" content=\"Convoca Gobernadora Delfina G\u00f3mez \u00c1lvarez a participar en la \u201cPresea Estado de M\u00e9xico 2024\u201d La Gobernadora del Estado de M\u00e9xico, Delfina G\u00f3mez \u00c1lvarez convoc\u00f3 a las y los mexiquenses a proponer candidatas y candidatos a la Presea \u201cEstado de M\u00e9xico 2024\u201d, m\u00e1ximo reconocimiento p\u00fablico que la entidad otorga a quienes de manera individual o colectiva [&hellip;]\" \/>\n<meta property=\"og:url\" content=\"https:\/\/proyeccionedomex.com.mx\/?p=3904\" \/>\n<meta property=\"og:site_name\" content=\"Proyecci\u00f3n Estado de M\u00e9xico\" \/>\n<meta property=\"article:publisher\" content=\"https:\/\/www.facebook.com\/PortaldeNoticiasProyeccionEdomex\" \/>\n<meta property=\"article:published_time\" content=\"2024-11-11T14:40:40+00:00\" \/>\n<meta property=\"article:modified_time\" content=\"2024-11-11T14:41:10+00:00\" \/>\n<meta property=\"og:image\" content=\"https:\/\/proyeccionedomex.com.mx\/wp-content\/uploads\/2024\/11\/image-42.jpeg\" \/>\n\t<meta property=\"og:image:width\" content=\"811\" \/>\n\t<meta property=\"og:image:height\" content=\"540\" \/>\n\t<meta property=\"og:image:type\" content=\"image\/jpeg\" \/>\n<meta name=\"author\" content=\"Redacci\u00f3n Proyecci\u00f3n EDOM\u00c9X\" \/>\n<meta name=\"twitter:card\" content=\"summary_large_image\" \/>\n<meta name=\"twitter:label1\" content=\"Escrito por\" \/>\n\t<meta name=\"twitter:data1\" content=\"Redacci\u00f3n Proyecci\u00f3n EDOM\u00c9X\" \/>\n\t<meta name=\"twitter:label2\" content=\"Tiempo de lectura\" \/>\n\t<meta name=\"twitter:data2\" content=\"3 minutos\" \/>\n<script type=\"application\/ld+json\" class=\"yoast-schema-graph\">{\"@context\":\"https:\\\/\\\/schema.org\",\"@graph\":[{\"@type\":\"Article\",\"@id\":\"https:\\\/\\\/proyeccionedomex.com.mx\\\/?p=3904#article\",\"isPartOf\":{\"@id\":\"https:\\\/\\\/proyeccionedomex.com.mx\\\/?p=3904\"},\"author\":{\"name\":\"Redacci\u00f3n Proyecci\u00f3n EDOM\u00c9X\",\"@id\":\"https:\\\/\\\/proyeccionedomex.com.mx\\\/#\\\/schema\\\/person\\\/2e66b5427bffed972a69e6b66b4e3a76\"},\"headline\":\"Convoca Gobernadora Delfina G\u00f3mez \u00c1lvarez a participar en la \u201cPresea Estado de M\u00e9xico 2024\u201d\",\"datePublished\":\"2024-11-11T14:40:40+00:00\",\"dateModified\":\"2024-11-11T14:41:10+00:00\",\"mainEntityOfPage\":{\"@id\":\"https:\\\/\\\/proyeccionedomex.com.mx\\\/?p=3904\"},\"wordCount\":472,\"commentCount\":0,\"publisher\":{\"@id\":\"https:\\\/\\\/proyeccionedomex.com.mx\\\/#organization\"},\"image\":{\"@id\":\"https:\\\/\\\/proyeccionedomex.com.mx\\\/?p=3904#primaryimage\"},\"thumbnailUrl\":\"https:\\\/\\\/proyeccionedomex.com.mx\\\/wp-content\\\/uploads\\\/2024\\\/11\\\/image-42.jpeg\",\"articleSection\":[\"Politica\"],\"inLanguage\":\"es\",\"potentialAction\":[{\"@type\":\"CommentAction\",\"name\":\"Comment\",\"target\":[\"https:\\\/\\\/proyeccionedomex.com.mx\\\/?p=3904#respond\"]}]},{\"@type\":\"WebPage\",\"@id\":\"https:\\\/\\\/proyeccionedomex.com.mx\\\/?p=3904\",\"url\":\"https:\\\/\\\/proyeccionedomex.com.mx\\\/?p=3904\",\"name\":\"Convoca Gobernadora Delfina G\u00f3mez \u00c1lvarez a participar en la \u201cPresea Estado de M\u00e9xico 2024\u201d - Proyecci\u00f3n Estado de M\u00e9xico\",\"isPartOf\":{\"@id\":\"https:\\\/\\\/proyeccionedomex.com.mx\\\/#website\"},\"primaryImageOfPage\":{\"@id\":\"https:\\\/\\\/proyeccionedomex.com.mx\\\/?p=3904#primaryimage\"},\"image\":{\"@id\":\"https:\\\/\\\/proyeccionedomex.com.mx\\\/?p=3904#primaryimage\"},\"thumbnailUrl\":\"https:\\\/\\\/proyeccionedomex.com.mx\\\/wp-content\\\/uploads\\\/2024\\\/11\\\/image-42.jpeg\",\"datePublished\":\"2024-11-11T14:40:40+00:00\",\"dateModified\":\"2024-11-11T14:41:10+00:00\",\"breadcrumb\":{\"@id\":\"https:\\\/\\\/proyeccionedomex.com.mx\\\/?p=3904#breadcrumb\"},\"inLanguage\":\"es\",\"potentialAction\":[{\"@type\":\"ReadAction\",\"target\":[\"https:\\\/\\\/proyeccionedomex.com.mx\\\/?p=3904\"]}]},{\"@type\":\"ImageObject\",\"inLanguage\":\"es\",\"@id\":\"https:\\\/\\\/proyeccionedomex.com.mx\\\/?p=3904#primaryimage\",\"url\":\"https:\\\/\\\/proyeccionedomex.com.mx\\\/wp-content\\\/uploads\\\/2024\\\/11\\\/image-42.jpeg\",\"contentUrl\":\"https:\\\/\\\/proyeccionedomex.com.mx\\\/wp-content\\\/uploads\\\/2024\\\/11\\\/image-42.jpeg\",\"width\":811,\"height\":540},{\"@type\":\"BreadcrumbList\",\"@id\":\"https:\\\/\\\/proyeccionedomex.com.mx\\\/?p=3904#breadcrumb\",\"itemListElement\":[{\"@type\":\"ListItem\",\"position\":1,\"name\":\"Portada\",\"item\":\"https:\\\/\\\/proyeccionedomex.com.mx\\\/\"},{\"@type\":\"ListItem\",\"position\":2,\"name\":\"Convoca Gobernadora Delfina G\u00f3mez \u00c1lvarez a participar en la \u201cPresea Estado de M\u00e9xico 2024\u201d\"}]},{\"@type\":\"WebSite\",\"@id\":\"https:\\\/\\\/proyeccionedomex.com.mx\\\/#website\",\"url\":\"https:\\\/\\\/proyeccionedomex.com.mx\\\/\",\"name\":\"Proyecci\u00f3n Estado de M\u00e9xico\",\"description\":\"Proyecci\u00f3n Edo. Mex.\",\"publisher\":{\"@id\":\"https:\\\/\\\/proyeccionedomex.com.mx\\\/#organization\"},\"potentialAction\":[{\"@type\":\"SearchAction\",\"target\":{\"@type\":\"EntryPoint\",\"urlTemplate\":\"https:\\\/\\\/proyeccionedomex.com.mx\\\/?s={search_term_string}\"},\"query-input\":{\"@type\":\"PropertyValueSpecification\",\"valueRequired\":true,\"valueName\":\"search_term_string\"}}],\"inLanguage\":\"es\"},{\"@type\":\"Organization\",\"@id\":\"https:\\\/\\\/proyeccionedomex.com.mx\\\/#organization\",\"name\":\"Proyecci\u00f3n Estado de M\u00e9xico\",\"url\":\"https:\\\/\\\/proyeccionedomex.com.mx\\\/\",\"logo\":{\"@type\":\"ImageObject\",\"inLanguage\":\"es\",\"@id\":\"https:\\\/\\\/proyeccionedomex.com.mx\\\/#\\\/schema\\\/logo\\\/image\\\/\",\"url\":\"https:\\\/\\\/proyeccionedomex.com.mx\\\/wp-content\\\/uploads\\\/2024\\\/03\\\/proyeccion.jpg\",\"contentUrl\":\"https:\\\/\\\/proyeccionedomex.com.mx\\\/wp-content\\\/uploads\\\/2024\\\/03\\\/proyeccion.jpg\",\"width\":1143,\"height\":801,\"caption\":\"Proyecci\u00f3n Estado de M\u00e9xico\"},\"image\":{\"@id\":\"https:\\\/\\\/proyeccionedomex.com.mx\\\/#\\\/schema\\\/logo\\\/image\\\/\"},\"sameAs\":[\"https:\\\/\\\/www.facebook.com\\\/PortaldeNoticiasProyeccionEdomex\"]},{\"@type\":\"Person\",\"@id\":\"https:\\\/\\\/proyeccionedomex.com.mx\\\/#\\\/schema\\\/person\\\/2e66b5427bffed972a69e6b66b4e3a76\",\"name\":\"Redacci\u00f3n Proyecci\u00f3n EDOM\u00c9X\",\"image\":{\"@type\":\"ImageObject\",\"inLanguage\":\"es\",\"@id\":\"https:\\\/\\\/secure.gravatar.com\\\/avatar\\\/f43a2254d614198c44c96f86f1f078a06cac3d39a3250e9245aa331797519cab?s=96&d=mm&r=g\",\"url\":\"https:\\\/\\\/secure.gravatar.com\\\/avatar\\\/f43a2254d614198c44c96f86f1f078a06cac3d39a3250e9245aa331797519cab?s=96&d=mm&r=g\",\"contentUrl\":\"https:\\\/\\\/secure.gravatar.com\\\/avatar\\\/f43a2254d614198c44c96f86f1f078a06cac3d39a3250e9245aa331797519cab?s=96&d=mm&r=g\",\"caption\":\"Redacci\u00f3n Proyecci\u00f3n EDOM\u00c9X\"},\"sameAs\":[\"https:\\\/\\\/proyeccionedomex.com.mx\"],\"url\":\"https:\\\/\\\/proyeccionedomex.com.mx\\\/?author=1\"}]}<\/script>\n<!-- \/ Yoast SEO plugin. -->","yoast_head_json":{"title":"Convoca Gobernadora Delfina G\u00f3mez \u00c1lvarez a participar en la \u201cPresea Estado de M\u00e9xico 2024\u201d - Proyecci\u00f3n Estado de M\u00e9xico","robots":{"index":"index","follow":"follow","max-snippet":"max-snippet:-1","max-image-preview":"max-image-preview:large","max-video-preview":"max-video-preview:-1"},"canonical":"https:\/\/proyeccionedomex.com.mx\/?p=3904","og_locale":"es_ES","og_type":"article","og_title":"Convoca Gobernadora Delfina G\u00f3mez \u00c1lvarez a participar en la \u201cPresea Estado de M\u00e9xico 2024\u201d - Proyecci\u00f3n Estado de M\u00e9xico","og_description":"Convoca Gobernadora Delfina G\u00f3mez \u00c1lvarez a participar en la \u201cPresea Estado de M\u00e9xico 2024\u201d La Gobernadora del Estado de M\u00e9xico, Delfina G\u00f3mez \u00c1lvarez convoc\u00f3 a las y los mexiquenses a proponer candidatas y candidatos a la Presea \u201cEstado de M\u00e9xico 2024\u201d, m\u00e1ximo reconocimiento p\u00fablico que la entidad otorga a quienes de manera individual o colectiva [&hellip;]","og_url":"https:\/\/proyeccionedomex.com.mx\/?p=3904","og_site_name":"Proyecci\u00f3n Estado de M\u00e9xico","article_publisher":"https:\/\/www.facebook.com\/PortaldeNoticiasProyeccionEdomex","article_published_time":"2024-11-11T14:40:40+00:00","article_modified_time":"2024-11-11T14:41:10+00:00","og_image":[{"width":811,"height":540,"url":"https:\/\/proyeccionedomex.com.mx\/wp-content\/uploads\/2024\/11\/image-42.jpeg","type":"image\/jpeg"}],"author":"Redacci\u00f3n Proyecci\u00f3n EDOM\u00c9X","twitter_card":"summary_large_image","twitter_misc":{"Escrito por":"Redacci\u00f3n Proyecci\u00f3n EDOM\u00c9X","Tiempo de lectura":"3 minutos"},"schema":{"@context":"https:\/\/schema.org","@graph":[{"@type":"Article","@id":"https:\/\/proyeccionedomex.com.mx\/?p=3904#article","isPartOf":{"@id":"https:\/\/proyeccionedomex.com.mx\/?p=3904"},"author":{"name":"Redacci\u00f3n Proyecci\u00f3n EDOM\u00c9X","@id":"https:\/\/proyeccionedomex.com.mx\/#\/schema\/person\/2e66b5427bffed972a69e6b66b4e3a76"},"headline":"Convoca Gobernadora Delfina G\u00f3mez \u00c1lvarez a participar en la \u201cPresea Estado de M\u00e9xico 2024\u201d","datePublished":"2024-11-11T14:40:40+00:00","dateModified":"2024-11-11T14:41:10+00:00","mainEntityOfPage":{"@id":"https:\/\/proyeccionedomex.com.mx\/?p=3904"},"wordCount":472,"commentCount":0,"publisher":{"@id":"https:\/\/proyeccionedomex.com.mx\/#organization"},"image":{"@id":"https:\/\/proyeccionedomex.com.mx\/?p=3904#primaryimage"},"thumbnailUrl":"https:\/\/proyeccionedomex.com.mx\/wp-content\/uploads\/2024\/11\/image-42.jpeg","articleSection":["Politica"],"inLanguage":"es","potentialAction":[{"@type":"CommentAction","name":"Comment","target":["https:\/\/proyeccionedomex.com.mx\/?p=3904#respond"]}]},{"@type":"WebPage","@id":"https:\/\/proyeccionedomex.com.mx\/?p=3904","url":"https:\/\/proyeccionedomex.com.mx\/?p=3904","name":"Convoca Gobernadora Delfina G\u00f3mez \u00c1lvarez a participar en la \u201cPresea Estado de M\u00e9xico 2024\u201d - Proyecci\u00f3n Estado de M\u00e9xico","isPartOf":{"@id":"https:\/\/proyeccionedomex.com.mx\/#website"},"primaryImageOfPage":{"@id":"https:\/\/proyeccionedomex.com.mx\/?p=3904#primaryimage"},"image":{"@id":"https:\/\/proyeccionedomex.com.mx\/?p=3904#primaryimage"},"thumbnailUrl":"https:\/\/proyeccionedomex.com.mx\/wp-content\/uploads\/2024\/11\/image-42.jpeg","datePublished":"2024-11-11T14:40:40+00:00","dateModified":"2024-11-11T14:41:10+00:00","breadcrumb":{"@id":"https:\/\/proyeccionedomex.com.mx\/?p=3904#breadcrumb"},"inLanguage":"es","potentialAction":[{"@type":"ReadAction","target":["https:\/\/proyeccionedomex.com.mx\/?p=3904"]}]},{"@type":"ImageObject","inLanguage":"es","@id":"https:\/\/proyeccionedomex.com.mx\/?p=3904#primaryimage","url":"https:\/\/proyeccionedomex.com.mx\/wp-content\/uploads\/2024\/11\/image-42.jpeg","contentUrl":"https:\/\/proyeccionedomex.com.mx\/wp-content\/uploads\/2024\/11\/image-42.jpeg","width":811,"height":540},{"@type":"BreadcrumbList","@id":"https:\/\/proyeccionedomex.com.mx\/?p=3904#breadcrumb","itemListElement":[{"@type":"ListItem","position":1,"name":"Portada","item":"https:\/\/proyeccionedomex.com.mx\/"},{"@type":"ListItem","position":2,"name":"Convoca Gobernadora Delfina G\u00f3mez \u00c1lvarez a participar en la \u201cPresea Estado de M\u00e9xico 2024\u201d"}]},{"@type":"WebSite","@id":"https:\/\/proyeccionedomex.com.mx\/#website","url":"https:\/\/proyeccionedomex.com.mx\/","name":"Proyecci\u00f3n Estado de M\u00e9xico","description":"Proyecci\u00f3n Edo. Mex.","publisher":{"@id":"https:\/\/proyeccionedomex.com.mx\/#organization"},"potentialAction":[{"@type":"SearchAction","target":{"@type":"EntryPoint","urlTemplate":"https:\/\/proyeccionedomex.com.mx\/?s={search_term_string}"},"query-input":{"@type":"PropertyValueSpecification","valueRequired":true,"valueName":"search_term_string"}}],"inLanguage":"es"},{"@type":"Organization","@id":"https:\/\/proyeccionedomex.com.mx\/#organization","name":"Proyecci\u00f3n Estado de M\u00e9xico","url":"https:\/\/proyeccionedomex.com.mx\/","logo":{"@type":"ImageObject","inLanguage":"es","@id":"https:\/\/proyeccionedomex.com.mx\/#\/schema\/logo\/image\/","url":"https:\/\/proyeccionedomex.com.mx\/wp-content\/uploads\/2024\/03\/proyeccion.jpg","contentUrl":"https:\/\/proyeccionedomex.com.mx\/wp-content\/uploads\/2024\/03\/proyeccion.jpg","width":1143,"height":801,"caption":"Proyecci\u00f3n Estado de M\u00e9xico"},"image":{"@id":"https:\/\/proyeccionedomex.com.mx\/#\/schema\/logo\/image\/"},"sameAs":["https:\/\/www.facebook.com\/PortaldeNoticiasProyeccionEdomex"]},{"@type":"Person","@id":"https:\/\/proyeccionedomex.com.mx\/#\/schema\/person\/2e66b5427bffed972a69e6b66b4e3a76","name":"Redacci\u00f3n Proyecci\u00f3n EDOM\u00c9X","image":{"@type":"ImageObject","inLanguage":"es","@id":"https:\/\/secure.gravatar.com\/avatar\/f43a2254d614198c44c96f86f1f078a06cac3d39a3250e9245aa331797519cab?s=96&d=mm&r=g","url":"https:\/\/secure.gravatar.com\/avatar\/f43a2254d614198c44c96f86f1f078a06cac3d39a3250e9245aa331797519cab?s=96&d=mm&r=g","contentUrl":"https:\/\/secure.gravatar.com\/avatar\/f43a2254d614198c44c96f86f1f078a06cac3d39a3250e9245aa331797519cab?s=96&d=mm&r=g","caption":"Redacci\u00f3n Proyecci\u00f3n EDOM\u00c9X"},"sameAs":["https:\/\/proyeccionedomex.com.mx"],"url":"https:\/\/proyeccionedomex.com.mx\/?author=1"}]}},"_links":{"self":[{"href":"https:\/\/proyeccionedomex.com.mx\/index.php?rest_route=\/wp\/v2\/posts\/3904","targetHints":{"allow":["GET"]}}],"collection":[{"href":"https:\/\/proyeccionedomex.com.mx\/index.php?rest_route=\/wp\/v2\/posts"}],"about":[{"href":"https:\/\/proyeccionedomex.com.mx\/index.php?rest_route=\/wp\/v2\/types\/post"}],"author":[{"embeddable":true,"href":"https:\/\/proyeccionedomex.com.mx\/index.php?rest_route=\/wp\/v2\/users\/1"}],"replies":[{"embeddable":true,"href":"https:\/\/proyeccionedomex.com.mx\/index.php?rest_route=%2Fwp%2Fv2%2Fcomments&post=3904"}],"version-history":[{"count":0,"href":"https:\/\/proyeccionedomex.com.mx\/index.php?rest_route=\/wp\/v2\/posts\/3904\/revisions"}],"wp:featuredmedia":[{"embeddable":true,"href":"https:\/\/proyeccionedomex.com.mx\/index.php?rest_route=\/wp\/v2\/media\/3905"}],"wp:attachment":[{"href":"https:\/\/proyeccionedomex.com.mx\/index.php?rest_route=%2Fwp%2Fv2%2Fmedia&parent=3904"}],"wp:term":[{"taxonomy":"category","embeddable":true,"href":"https:\/\/proyeccionedomex.com.mx\/index.php?rest_route=%2Fwp%2Fv2%2Fcategories&post=3904"},{"taxonomy":"post_tag","embeddable":true,"href":"https:\/\/proyeccionedomex.com.mx\/index.php?rest_route=%2Fwp%2Fv2%2Ftags&post=3904"}],"curies":[{"name":"wp","href":"https:\/\/api.w.org\/{rel}","templated":true}]}}