{"id":4003,"date":"2024-11-20T04:33:34","date_gmt":"2024-11-20T04:33:34","guid":{"rendered":"https:\/\/proyeccionedomex.com.mx\/?p=4003"},"modified":"2024-11-20T04:33:38","modified_gmt":"2024-11-20T04:33:38","slug":"cobija-difem-mas-de-29-mil-sonrisas-mexiquenses-con-la-entrega-de-cobertores-en-jornada-invernal","status":"publish","type":"post","link":"https:\/\/proyeccionedomex.com.mx\/?p=4003","title":{"rendered":"Cobija DIFEM m\u00e1s de 29 mil sonrisas mexiquenses con la entrega de cobertores en jornada invernal"},"content":{"rendered":"\n<figure class=\"wp-block-image size-large td-caption-align-https:\/\/proyeccionedomex.com.mx\/wp-content\/uploads\/2024\/11\/image-56.jpeg\"><img loading=\"lazy\" decoding=\"async\" width=\"1024\" height=\"646\" src=\"https:\/\/proyeccionedomex.com.mx\/wp-content\/uploads\/2024\/11\/image-56-1024x646.jpeg\" alt=\"\" class=\"wp-image-4004\" srcset=\"https:\/\/proyeccionedomex.com.mx\/wp-content\/uploads\/2024\/11\/image-56-1024x646.jpeg 1024w, https:\/\/proyeccionedomex.com.mx\/wp-content\/uploads\/2024\/11\/image-56-300x189.jpeg 300w, https:\/\/proyeccionedomex.com.mx\/wp-content\/uploads\/2024\/11\/image-56-768x484.jpeg 768w, https:\/\/proyeccionedomex.com.mx\/wp-content\/uploads\/2024\/11\/image-56-696x439.jpeg 696w, https:\/\/proyeccionedomex.com.mx\/wp-content\/uploads\/2024\/11\/image-56-1068x674.jpeg 1068w, https:\/\/proyeccionedomex.com.mx\/wp-content\/uploads\/2024\/11\/image-56-666x420.jpeg 666w, https:\/\/proyeccionedomex.com.mx\/wp-content\/uploads\/2024\/11\/image-56.jpeg 1500w\" sizes=\"auto, (max-width: 1024px) 100vw, 1024px\" \/><\/figure>\n\n\n\n<p>Cobija DIFEM m\u00e1s de 29 mil sonrisas mexiquenses con la entrega de cobertores en jornada invernal<\/p>\n\n\n\n<p>Fortalecer la protecci\u00f3n de la poblaci\u00f3n vulnerable contra las bajas temperaturas, representa un objetivo fundamental del Gobierno de la Maestra Delfina G\u00f3mez \u00c1lvarez; por ello, el Sistema para el Desarrollo Integral de la Familia del Estado de M\u00e9xico (DIFEM) realiz\u00f3 la Jornada Invernal \u201cCobijando Sonrisas\u201d, entregando m\u00e1s de 29 mil cobertores en la entidad mexiquense.<\/p>\n\n\n\n<p>En cumplimiento a este objetivo, Karina Labastida Sotelo, Directora General del DIFEM instruy\u00f3 la distribuci\u00f3n de estos apoyos a trav\u00e9s de la Direcci\u00f3n de Enlace y Vinculaci\u00f3n Regional del organismo que, con la compa\u00f1\u00eda de autoridades municipales, hizo entregas regionales con sede en los municipios de Jiquipilco, Huixquilucan, Malinalco y Texcoco.<\/p>\n\n\n\n<p>En apoyo a familias vulnerables de la zona centro-norte de la entidad, en Jiquipilco se entregaron 13 mil 171 cobertores; para la zona nororiente, en Huixquilucan, se otorgaron 4 mil 937; en la regi\u00f3n sur, las personas beneficiarias reunidas en Malinalco recibieron 3 mil 878 prendas de este tipo; en tanto que para parte oriente, en Texcoco se distribuyeron 7 mil 281 apoyos.<\/p>\n\n\n\n<p>Durante la \u00faltima entrega regional en Texcoco, se subray\u00f3 que este apoyo es el resultado de las gestiones que han realizado autoridades municipales ante el DIFEM y que responde la encomienda de la Gobernadora Delfina G\u00f3mez \u00c1lvarez de tener m\u00e1s territorio y menos escritorio, para atender las necesidades de los mexiquenses con la calidez y cercan\u00eda que merecen, haciendo de su hogar un lugar m\u00e1s c\u00e1lido con estas prendas que en mayor medida proteger\u00e1n a ni\u00f1as y ni\u00f1os, adultos mayores y personas en condici\u00f3n de discapacidad.<\/p>\n\n\n\n<p>Con El Poder de Servir, este programa es de suma importancia para el organismo asistencial y se suma a una serie de acciones que, a trav\u00e9s de todas sus \u00e1reas, est\u00e1n encaminadas a mejorar la calidad de vida de los grupos vulnerables.<\/p>\n","protected":false},"excerpt":{"rendered":"<p>Cobija DIFEM m\u00e1s de 29 mil sonrisas mexiquenses con la entrega de cobertores en jornada invernal Fortalecer la protecci\u00f3n de la poblaci\u00f3n vulnerable contra las bajas temperaturas, representa un objetivo fundamental del Gobierno de la Maestra Delfina G\u00f3mez \u00c1lvarez; por ello, el Sistema para el Desarrollo Integral de la Familia del Estado de M\u00e9xico (DIFEM) [&hellip;]<\/p>\n","protected":false},"author":1,"featured_media":4004,"comment_status":"open","ping_status":"closed","sticky":false,"template":"","format":"standard","meta":{"footnotes":""},"categories":[1],"tags":[],"class_list":{"0":"post-4003","1":"post","2":"type-post","3":"status-publish","4":"format-standard","5":"has-post-thumbnail","7":"category-politica"},"yoast_head":"<!-- This site is optimized with the Yoast SEO plugin v27.5 - https:\/\/yoast.com\/product\/yoast-seo-wordpress\/ -->\n<title>Cobija DIFEM m\u00e1s de 29 mil sonrisas mexiquenses con la entrega de cobertores en jornada invernal - Proyecci\u00f3n Estado de M\u00e9xico<\/title>\n<meta name=\"robots\" content=\"index, follow, max-snippet:-1, max-image-preview:large, max-video-preview:-1\" \/>\n<link rel=\"canonical\" href=\"https:\/\/proyeccionedomex.com.mx\/?p=4003\" \/>\n<meta property=\"og:locale\" content=\"es_ES\" \/>\n<meta property=\"og:type\" content=\"article\" \/>\n<meta property=\"og:title\" content=\"Cobija DIFEM m\u00e1s de 29 mil sonrisas mexiquenses con la entrega de cobertores en jornada invernal - Proyecci\u00f3n Estado de M\u00e9xico\" \/>\n<meta property=\"og:description\" content=\"Cobija DIFEM m\u00e1s de 29 mil sonrisas mexiquenses con la entrega de cobertores en jornada invernal Fortalecer la protecci\u00f3n de la poblaci\u00f3n vulnerable contra las bajas temperaturas, representa un objetivo fundamental del Gobierno de la Maestra Delfina G\u00f3mez \u00c1lvarez; por ello, el Sistema para el Desarrollo Integral de la Familia del Estado de M\u00e9xico (DIFEM) [&hellip;]\" \/>\n<meta property=\"og:url\" content=\"https:\/\/proyeccionedomex.com.mx\/?p=4003\" \/>\n<meta property=\"og:site_name\" content=\"Proyecci\u00f3n Estado de M\u00e9xico\" \/>\n<meta property=\"article:publisher\" content=\"https:\/\/www.facebook.com\/PortaldeNoticiasProyeccionEdomex\" \/>\n<meta property=\"article:published_time\" content=\"2024-11-20T04:33:34+00:00\" \/>\n<meta property=\"article:modified_time\" content=\"2024-11-20T04:33:38+00:00\" \/>\n<meta property=\"og:image\" content=\"https:\/\/proyeccionedomex.com.mx\/wp-content\/uploads\/2024\/11\/image-56.jpeg\" \/>\n\t<meta property=\"og:image:width\" content=\"1500\" \/>\n\t<meta property=\"og:image:height\" content=\"946\" \/>\n\t<meta property=\"og:image:type\" content=\"image\/jpeg\" \/>\n<meta name=\"author\" content=\"Redacci\u00f3n Proyecci\u00f3n EDOM\u00c9X\" \/>\n<meta name=\"twitter:card\" content=\"summary_large_image\" \/>\n<meta name=\"twitter:label1\" content=\"Escrito por\" \/>\n\t<meta name=\"twitter:data1\" content=\"Redacci\u00f3n Proyecci\u00f3n EDOM\u00c9X\" \/>\n\t<meta name=\"twitter:label2\" content=\"Tiempo de lectura\" \/>\n\t<meta name=\"twitter:data2\" content=\"2 minutos\" \/>\n<script type=\"application\/ld+json\" class=\"yoast-schema-graph\">{\"@context\":\"https:\\\/\\\/schema.org\",\"@graph\":[{\"@type\":\"Article\",\"@id\":\"https:\\\/\\\/proyeccionedomex.com.mx\\\/?p=4003#article\",\"isPartOf\":{\"@id\":\"https:\\\/\\\/proyeccionedomex.com.mx\\\/?p=4003\"},\"author\":{\"name\":\"Redacci\u00f3n Proyecci\u00f3n EDOM\u00c9X\",\"@id\":\"https:\\\/\\\/proyeccionedomex.com.mx\\\/#\\\/schema\\\/person\\\/2e66b5427bffed972a69e6b66b4e3a76\"},\"headline\":\"Cobija DIFEM m\u00e1s de 29 mil sonrisas mexiquenses con la entrega de cobertores en jornada invernal\",\"datePublished\":\"2024-11-20T04:33:34+00:00\",\"dateModified\":\"2024-11-20T04:33:38+00:00\",\"mainEntityOfPage\":{\"@id\":\"https:\\\/\\\/proyeccionedomex.com.mx\\\/?p=4003\"},\"wordCount\":342,\"commentCount\":0,\"publisher\":{\"@id\":\"https:\\\/\\\/proyeccionedomex.com.mx\\\/#organization\"},\"image\":{\"@id\":\"https:\\\/\\\/proyeccionedomex.com.mx\\\/?p=4003#primaryimage\"},\"thumbnailUrl\":\"https:\\\/\\\/proyeccionedomex.com.mx\\\/wp-content\\\/uploads\\\/2024\\\/11\\\/image-56.jpeg\",\"articleSection\":[\"Politica\"],\"inLanguage\":\"es\",\"potentialAction\":[{\"@type\":\"CommentAction\",\"name\":\"Comment\",\"target\":[\"https:\\\/\\\/proyeccionedomex.com.mx\\\/?p=4003#respond\"]}]},{\"@type\":\"WebPage\",\"@id\":\"https:\\\/\\\/proyeccionedomex.com.mx\\\/?p=4003\",\"url\":\"https:\\\/\\\/proyeccionedomex.com.mx\\\/?p=4003\",\"name\":\"Cobija DIFEM m\u00e1s de 29 mil sonrisas mexiquenses con la entrega de cobertores en jornada invernal - Proyecci\u00f3n Estado de M\u00e9xico\",\"isPartOf\":{\"@id\":\"https:\\\/\\\/proyeccionedomex.com.mx\\\/#website\"},\"primaryImageOfPage\":{\"@id\":\"https:\\\/\\\/proyeccionedomex.com.mx\\\/?p=4003#primaryimage\"},\"image\":{\"@id\":\"https:\\\/\\\/proyeccionedomex.com.mx\\\/?p=4003#primaryimage\"},\"thumbnailUrl\":\"https:\\\/\\\/proyeccionedomex.com.mx\\\/wp-content\\\/uploads\\\/2024\\\/11\\\/image-56.jpeg\",\"datePublished\":\"2024-11-20T04:33:34+00:00\",\"dateModified\":\"2024-11-20T04:33:38+00:00\",\"breadcrumb\":{\"@id\":\"https:\\\/\\\/proyeccionedomex.com.mx\\\/?p=4003#breadcrumb\"},\"inLanguage\":\"es\",\"potentialAction\":[{\"@type\":\"ReadAction\",\"target\":[\"https:\\\/\\\/proyeccionedomex.com.mx\\\/?p=4003\"]}]},{\"@type\":\"ImageObject\",\"inLanguage\":\"es\",\"@id\":\"https:\\\/\\\/proyeccionedomex.com.mx\\\/?p=4003#primaryimage\",\"url\":\"https:\\\/\\\/proyeccionedomex.com.mx\\\/wp-content\\\/uploads\\\/2024\\\/11\\\/image-56.jpeg\",\"contentUrl\":\"https:\\\/\\\/proyeccionedomex.com.mx\\\/wp-content\\\/uploads\\\/2024\\\/11\\\/image-56.jpeg\",\"width\":1500,\"height\":946},{\"@type\":\"BreadcrumbList\",\"@id\":\"https:\\\/\\\/proyeccionedomex.com.mx\\\/?p=4003#breadcrumb\",\"itemListElement\":[{\"@type\":\"ListItem\",\"position\":1,\"name\":\"Portada\",\"item\":\"https:\\\/\\\/proyeccionedomex.com.mx\\\/\"},{\"@type\":\"ListItem\",\"position\":2,\"name\":\"Cobija DIFEM m\u00e1s de 29 mil sonrisas mexiquenses con la entrega de cobertores en jornada invernal\"}]},{\"@type\":\"WebSite\",\"@id\":\"https:\\\/\\\/proyeccionedomex.com.mx\\\/#website\",\"url\":\"https:\\\/\\\/proyeccionedomex.com.mx\\\/\",\"name\":\"Proyecci\u00f3n Estado de M\u00e9xico\",\"description\":\"Proyecci\u00f3n Edo. Mex.\",\"publisher\":{\"@id\":\"https:\\\/\\\/proyeccionedomex.com.mx\\\/#organization\"},\"potentialAction\":[{\"@type\":\"SearchAction\",\"target\":{\"@type\":\"EntryPoint\",\"urlTemplate\":\"https:\\\/\\\/proyeccionedomex.com.mx\\\/?s={search_term_string}\"},\"query-input\":{\"@type\":\"PropertyValueSpecification\",\"valueRequired\":true,\"valueName\":\"search_term_string\"}}],\"inLanguage\":\"es\"},{\"@type\":\"Organization\",\"@id\":\"https:\\\/\\\/proyeccionedomex.com.mx\\\/#organization\",\"name\":\"Proyecci\u00f3n Estado de M\u00e9xico\",\"url\":\"https:\\\/\\\/proyeccionedomex.com.mx\\\/\",\"logo\":{\"@type\":\"ImageObject\",\"inLanguage\":\"es\",\"@id\":\"https:\\\/\\\/proyeccionedomex.com.mx\\\/#\\\/schema\\\/logo\\\/image\\\/\",\"url\":\"https:\\\/\\\/proyeccionedomex.com.mx\\\/wp-content\\\/uploads\\\/2024\\\/03\\\/proyeccion.jpg\",\"contentUrl\":\"https:\\\/\\\/proyeccionedomex.com.mx\\\/wp-content\\\/uploads\\\/2024\\\/03\\\/proyeccion.jpg\",\"width\":1143,\"height\":801,\"caption\":\"Proyecci\u00f3n Estado de M\u00e9xico\"},\"image\":{\"@id\":\"https:\\\/\\\/proyeccionedomex.com.mx\\\/#\\\/schema\\\/logo\\\/image\\\/\"},\"sameAs\":[\"https:\\\/\\\/www.facebook.com\\\/PortaldeNoticiasProyeccionEdomex\"]},{\"@type\":\"Person\",\"@id\":\"https:\\\/\\\/proyeccionedomex.com.mx\\\/#\\\/schema\\\/person\\\/2e66b5427bffed972a69e6b66b4e3a76\",\"name\":\"Redacci\u00f3n Proyecci\u00f3n EDOM\u00c9X\",\"image\":{\"@type\":\"ImageObject\",\"inLanguage\":\"es\",\"@id\":\"https:\\\/\\\/secure.gravatar.com\\\/avatar\\\/f43a2254d614198c44c96f86f1f078a06cac3d39a3250e9245aa331797519cab?s=96&d=mm&r=g\",\"url\":\"https:\\\/\\\/secure.gravatar.com\\\/avatar\\\/f43a2254d614198c44c96f86f1f078a06cac3d39a3250e9245aa331797519cab?s=96&d=mm&r=g\",\"contentUrl\":\"https:\\\/\\\/secure.gravatar.com\\\/avatar\\\/f43a2254d614198c44c96f86f1f078a06cac3d39a3250e9245aa331797519cab?s=96&d=mm&r=g\",\"caption\":\"Redacci\u00f3n Proyecci\u00f3n EDOM\u00c9X\"},\"sameAs\":[\"https:\\\/\\\/proyeccionedomex.com.mx\"],\"url\":\"https:\\\/\\\/proyeccionedomex.com.mx\\\/?author=1\"}]}<\/script>\n<!-- \/ Yoast SEO plugin. -->","yoast_head_json":{"title":"Cobija DIFEM m\u00e1s de 29 mil sonrisas mexiquenses con la entrega de cobertores en jornada invernal - Proyecci\u00f3n Estado de M\u00e9xico","robots":{"index":"index","follow":"follow","max-snippet":"max-snippet:-1","max-image-preview":"max-image-preview:large","max-video-preview":"max-video-preview:-1"},"canonical":"https:\/\/proyeccionedomex.com.mx\/?p=4003","og_locale":"es_ES","og_type":"article","og_title":"Cobija DIFEM m\u00e1s de 29 mil sonrisas mexiquenses con la entrega de cobertores en jornada invernal - Proyecci\u00f3n Estado de M\u00e9xico","og_description":"Cobija DIFEM m\u00e1s de 29 mil sonrisas mexiquenses con la entrega de cobertores en jornada invernal Fortalecer la protecci\u00f3n de la poblaci\u00f3n vulnerable contra las bajas temperaturas, representa un objetivo fundamental del Gobierno de la Maestra Delfina G\u00f3mez \u00c1lvarez; por ello, el Sistema para el Desarrollo Integral de la Familia del Estado de M\u00e9xico (DIFEM) [&hellip;]","og_url":"https:\/\/proyeccionedomex.com.mx\/?p=4003","og_site_name":"Proyecci\u00f3n Estado de M\u00e9xico","article_publisher":"https:\/\/www.facebook.com\/PortaldeNoticiasProyeccionEdomex","article_published_time":"2024-11-20T04:33:34+00:00","article_modified_time":"2024-11-20T04:33:38+00:00","og_image":[{"width":1500,"height":946,"url":"https:\/\/proyeccionedomex.com.mx\/wp-content\/uploads\/2024\/11\/image-56.jpeg","type":"image\/jpeg"}],"author":"Redacci\u00f3n Proyecci\u00f3n EDOM\u00c9X","twitter_card":"summary_large_image","twitter_misc":{"Escrito por":"Redacci\u00f3n Proyecci\u00f3n EDOM\u00c9X","Tiempo de lectura":"2 minutos"},"schema":{"@context":"https:\/\/schema.org","@graph":[{"@type":"Article","@id":"https:\/\/proyeccionedomex.com.mx\/?p=4003#article","isPartOf":{"@id":"https:\/\/proyeccionedomex.com.mx\/?p=4003"},"author":{"name":"Redacci\u00f3n Proyecci\u00f3n EDOM\u00c9X","@id":"https:\/\/proyeccionedomex.com.mx\/#\/schema\/person\/2e66b5427bffed972a69e6b66b4e3a76"},"headline":"Cobija DIFEM m\u00e1s de 29 mil sonrisas mexiquenses con la entrega de cobertores en jornada invernal","datePublished":"2024-11-20T04:33:34+00:00","dateModified":"2024-11-20T04:33:38+00:00","mainEntityOfPage":{"@id":"https:\/\/proyeccionedomex.com.mx\/?p=4003"},"wordCount":342,"commentCount":0,"publisher":{"@id":"https:\/\/proyeccionedomex.com.mx\/#organization"},"image":{"@id":"https:\/\/proyeccionedomex.com.mx\/?p=4003#primaryimage"},"thumbnailUrl":"https:\/\/proyeccionedomex.com.mx\/wp-content\/uploads\/2024\/11\/image-56.jpeg","articleSection":["Politica"],"inLanguage":"es","potentialAction":[{"@type":"CommentAction","name":"Comment","target":["https:\/\/proyeccionedomex.com.mx\/?p=4003#respond"]}]},{"@type":"WebPage","@id":"https:\/\/proyeccionedomex.com.mx\/?p=4003","url":"https:\/\/proyeccionedomex.com.mx\/?p=4003","name":"Cobija DIFEM m\u00e1s de 29 mil sonrisas mexiquenses con la entrega de cobertores en jornada invernal - Proyecci\u00f3n Estado de M\u00e9xico","isPartOf":{"@id":"https:\/\/proyeccionedomex.com.mx\/#website"},"primaryImageOfPage":{"@id":"https:\/\/proyeccionedomex.com.mx\/?p=4003#primaryimage"},"image":{"@id":"https:\/\/proyeccionedomex.com.mx\/?p=4003#primaryimage"},"thumbnailUrl":"https:\/\/proyeccionedomex.com.mx\/wp-content\/uploads\/2024\/11\/image-56.jpeg","datePublished":"2024-11-20T04:33:34+00:00","dateModified":"2024-11-20T04:33:38+00:00","breadcrumb":{"@id":"https:\/\/proyeccionedomex.com.mx\/?p=4003#breadcrumb"},"inLanguage":"es","potentialAction":[{"@type":"ReadAction","target":["https:\/\/proyeccionedomex.com.mx\/?p=4003"]}]},{"@type":"ImageObject","inLanguage":"es","@id":"https:\/\/proyeccionedomex.com.mx\/?p=4003#primaryimage","url":"https:\/\/proyeccionedomex.com.mx\/wp-content\/uploads\/2024\/11\/image-56.jpeg","contentUrl":"https:\/\/proyeccionedomex.com.mx\/wp-content\/uploads\/2024\/11\/image-56.jpeg","width":1500,"height":946},{"@type":"BreadcrumbList","@id":"https:\/\/proyeccionedomex.com.mx\/?p=4003#breadcrumb","itemListElement":[{"@type":"ListItem","position":1,"name":"Portada","item":"https:\/\/proyeccionedomex.com.mx\/"},{"@type":"ListItem","position":2,"name":"Cobija DIFEM m\u00e1s de 29 mil sonrisas mexiquenses con la entrega de cobertores en jornada invernal"}]},{"@type":"WebSite","@id":"https:\/\/proyeccionedomex.com.mx\/#website","url":"https:\/\/proyeccionedomex.com.mx\/","name":"Proyecci\u00f3n Estado de M\u00e9xico","description":"Proyecci\u00f3n Edo. Mex.","publisher":{"@id":"https:\/\/proyeccionedomex.com.mx\/#organization"},"potentialAction":[{"@type":"SearchAction","target":{"@type":"EntryPoint","urlTemplate":"https:\/\/proyeccionedomex.com.mx\/?s={search_term_string}"},"query-input":{"@type":"PropertyValueSpecification","valueRequired":true,"valueName":"search_term_string"}}],"inLanguage":"es"},{"@type":"Organization","@id":"https:\/\/proyeccionedomex.com.mx\/#organization","name":"Proyecci\u00f3n Estado de M\u00e9xico","url":"https:\/\/proyeccionedomex.com.mx\/","logo":{"@type":"ImageObject","inLanguage":"es","@id":"https:\/\/proyeccionedomex.com.mx\/#\/schema\/logo\/image\/","url":"https:\/\/proyeccionedomex.com.mx\/wp-content\/uploads\/2024\/03\/proyeccion.jpg","contentUrl":"https:\/\/proyeccionedomex.com.mx\/wp-content\/uploads\/2024\/03\/proyeccion.jpg","width":1143,"height":801,"caption":"Proyecci\u00f3n Estado de M\u00e9xico"},"image":{"@id":"https:\/\/proyeccionedomex.com.mx\/#\/schema\/logo\/image\/"},"sameAs":["https:\/\/www.facebook.com\/PortaldeNoticiasProyeccionEdomex"]},{"@type":"Person","@id":"https:\/\/proyeccionedomex.com.mx\/#\/schema\/person\/2e66b5427bffed972a69e6b66b4e3a76","name":"Redacci\u00f3n Proyecci\u00f3n EDOM\u00c9X","image":{"@type":"ImageObject","inLanguage":"es","@id":"https:\/\/secure.gravatar.com\/avatar\/f43a2254d614198c44c96f86f1f078a06cac3d39a3250e9245aa331797519cab?s=96&d=mm&r=g","url":"https:\/\/secure.gravatar.com\/avatar\/f43a2254d614198c44c96f86f1f078a06cac3d39a3250e9245aa331797519cab?s=96&d=mm&r=g","contentUrl":"https:\/\/secure.gravatar.com\/avatar\/f43a2254d614198c44c96f86f1f078a06cac3d39a3250e9245aa331797519cab?s=96&d=mm&r=g","caption":"Redacci\u00f3n Proyecci\u00f3n EDOM\u00c9X"},"sameAs":["https:\/\/proyeccionedomex.com.mx"],"url":"https:\/\/proyeccionedomex.com.mx\/?author=1"}]}},"_links":{"self":[{"href":"https:\/\/proyeccionedomex.com.mx\/index.php?rest_route=\/wp\/v2\/posts\/4003","targetHints":{"allow":["GET"]}}],"collection":[{"href":"https:\/\/proyeccionedomex.com.mx\/index.php?rest_route=\/wp\/v2\/posts"}],"about":[{"href":"https:\/\/proyeccionedomex.com.mx\/index.php?rest_route=\/wp\/v2\/types\/post"}],"author":[{"embeddable":true,"href":"https:\/\/proyeccionedomex.com.mx\/index.php?rest_route=\/wp\/v2\/users\/1"}],"replies":[{"embeddable":true,"href":"https:\/\/proyeccionedomex.com.mx\/index.php?rest_route=%2Fwp%2Fv2%2Fcomments&post=4003"}],"version-history":[{"count":0,"href":"https:\/\/proyeccionedomex.com.mx\/index.php?rest_route=\/wp\/v2\/posts\/4003\/revisions"}],"wp:featuredmedia":[{"embeddable":true,"href":"https:\/\/proyeccionedomex.com.mx\/index.php?rest_route=\/wp\/v2\/media\/4004"}],"wp:attachment":[{"href":"https:\/\/proyeccionedomex.com.mx\/index.php?rest_route=%2Fwp%2Fv2%2Fmedia&parent=4003"}],"wp:term":[{"taxonomy":"category","embeddable":true,"href":"https:\/\/proyeccionedomex.com.mx\/index.php?rest_route=%2Fwp%2Fv2%2Fcategories&post=4003"},{"taxonomy":"post_tag","embeddable":true,"href":"https:\/\/proyeccionedomex.com.mx\/index.php?rest_route=%2Fwp%2Fv2%2Ftags&post=4003"}],"curies":[{"name":"wp","href":"https:\/\/api.w.org\/{rel}","templated":true}]}}