{"id":4556,"date":"2024-12-23T15:20:08","date_gmt":"2024-12-23T15:20:08","guid":{"rendered":"https:\/\/proyeccionedomex.com.mx\/?p=4556"},"modified":"2024-12-23T15:20:13","modified_gmt":"2024-12-23T15:20:13","slug":"la-gobernadora-delfina-gomez-toma-protesta-a-michelle-nunez-ponce-como-presidenta-municipal-de-valle-de-bravo","status":"publish","type":"post","link":"https:\/\/proyeccionedomex.com.mx\/?p=4556","title":{"rendered":"La Gobernadora Delfina G\u00f3mez toma protesta a Michelle N\u00fa\u00f1ez Ponce, como Presidenta Municipal de Valle de Bravo"},"content":{"rendered":"\n<figure class=\"wp-block-image size-full\"><img loading=\"lazy\" decoding=\"async\" width=\"960\" height=\"640\" src=\"https:\/\/proyeccionedomex.com.mx\/wp-content\/uploads\/2024\/12\/image-47.jpeg\" alt=\"\" class=\"wp-image-4557\" srcset=\"https:\/\/proyeccionedomex.com.mx\/wp-content\/uploads\/2024\/12\/image-47.jpeg 960w, https:\/\/proyeccionedomex.com.mx\/wp-content\/uploads\/2024\/12\/image-47-300x200.jpeg 300w, https:\/\/proyeccionedomex.com.mx\/wp-content\/uploads\/2024\/12\/image-47-768x512.jpeg 768w, https:\/\/proyeccionedomex.com.mx\/wp-content\/uploads\/2024\/12\/image-47-696x464.jpeg 696w, https:\/\/proyeccionedomex.com.mx\/wp-content\/uploads\/2024\/12\/image-47-630x420.jpeg 630w\" sizes=\"auto, (max-width: 960px) 100vw, 960px\" \/><\/figure>\n\n\n\n<p>La Gobernadora Delfina G\u00f3mez toma protesta a Michelle N\u00fa\u00f1ez Ponce, como Presidenta Municipal de Valle de Bravo<\/p>\n\n\n\n<p>La Gobernadora del Estado de M\u00e9xico, Delfina G\u00f3mez \u00c1lvarez se\u00f1al\u00f3 que, por segundo a\u00f1o consecutivo el paquete fiscal no contrat\u00f3 deuda p\u00fablica, por ello, exhort\u00f3 a las y los nuevos presidentes municipales a guiarse con austeridad, transparencia y rendici\u00f3n de cuentas, principios caracter\u00edsticos de los gobiernos emanados de la Cuarta Transformaci\u00f3n.<\/p>\n\n\n\n<p>\u201cEs el segundo a\u00f1o que presentamos nuestro proyecto econ\u00f3mico ante la C\u00e1mara de Diputados, \u00bfy saben qu\u00e9? sin deuda, lo que vamos a dejar como Gobierno, yo espero que los seis a\u00f1os as\u00ed sean\u201d, afirm\u00f3 la Gobernadora Delfina G\u00f3mez \u00c1lvarez.<\/p>\n\n\n\n<p>Durante la toma de protesta de Michelle N\u00fa\u00f1ez Ponce, como Presidenta Municipal de Valle de Bravo, la Maestra Delfina G\u00f3mez \u00c1lvarez refiri\u00f3 que es un momento hist\u00f3rico, toda vez que a partir del 1\u00b0 de enero de 2025, ser\u00e1n mujeres quienes encabecen 53 presidencias municipales, sum\u00e1ndose a los proyectos estatales y a los liderados por la Presidenta Claudia Sheinbaum Pardo.<\/p>\n\n\n\n<p>Afirm\u00f3 que el Gobierno estatal trabaja en coordinaci\u00f3n con Valle de Bravo, destacando el incremento de consultas m\u00e9dicas de rehabilitaci\u00f3n para personas con discapacidad, con 11 mil terapias f\u00edsicas, ocupacionales y de lenguaje, y un padr\u00f3n de 902 beneficiarios de la Pensi\u00f3n de Bienestar para Personas con Discapacidad.<\/p>\n\n\n\n<p>M\u00e1s de 4 mil vallesanas cuentan con la tarjeta Mujeres con Bienestar, 2 mil han recibido canastas alimentarias; 180 personas pertenecen al programa de Ni\u00f1ez Ind\u00edgena con Bienestar; y 185 ni\u00f1as, ni\u00f1os y j\u00f3venes reciben becas educativas, sobre este \u00faltimo rubor la Mandataria estatal propuso a la alcaldesa atender a las y los ni\u00f1os en situaci\u00f3n de calle.<\/p>\n\n\n\n<p>\u201cMichelle no dudo tambi\u00e9n en decir vamos, si es que hay alg\u00fan caso. Llevarlos a la escuela, darles de comer y regresarlos a su casa, pero que el ni\u00f1o no pierda la oportunidad de estudiar, porque es algo muy importante que tenemos que cuidar, al tesoro m\u00e1s grande que tenemos que son nuestras ni\u00f1as, ni\u00f1os y j\u00f3venes,\u201d se\u00f1al\u00f3 la Gobernadora Delfina G\u00f3mez \u00c1lvarez.<\/p>\n\n\n\n<p>En atenci\u00f3n al campo, hizo \u00e9nfasis en los m\u00e1s de 6 millones de pesos entregados a los productores y la dotaci\u00f3n de materiales agr\u00edcolas y pecuarios. En obra p\u00fablica, refiri\u00f3 el mejoramiento urbano que conlleva la generaci\u00f3n de empleos e impulsa la econ\u00f3mica local, como la nueva Unidad Deportiva Cuadrilla de Dolores, que signific\u00f3 una inversi\u00f3n de 24 millones de pesos.<\/p>\n\n\n\n<p>La Maestra Delfina G\u00f3mez \u00c1lvarez hizo \u00e9nfasis en la importancia de realizar las Mesas para la Construcci\u00f3n de la Paz, donde se eval\u00faa la estrategia de seguridad, dando origen a operativos exitosos como \u201cEnjambre\u201d y \u201cAtarraya\u201d, a trav\u00e9s de los cuales las autoridades federales, estatales y municipales un hacen frente com\u00fan para combatir a la delincuencia. <a href=\"https:\/\/www.facebook.com\/DelfinaGomezAlvarez?__cft__[0]=AZXdXBHTcJKYRnaHJh-VJvIcE5ImSPE0qWU_niNZlpPQh95bHuzv9A-sVBuzg1N_UereQDgpSxlLgE7Sv84pTvgyniQ-33UYZjHqONvlXSaTU-tbtMwT0Rwqq9ncljqfa4Z-DvY94u3YrPmu6yXtozHiu_vpVwlKreP95FlhNRRFYw&amp;__tn__=-]K-R\">Delfina G\u00f3mez \u00c1lvarez<\/a><\/p>\n\n\n\n<figure class=\"wp-block-image\"><img decoding=\"async\" src=\"https:\/\/scontent.ftlc1-1.fna.fbcdn.net\/v\/t39.30808-6\/471170732_552508424441049_2769285773664171104_n.jpg?_nc_cat=110&amp;ccb=1-7&amp;_nc_sid=833d8c&amp;_nc_ohc=G4-7PqoTv6YQ7kNvgGWRdDI&amp;_nc_oc=AdhNbbcrXWyLP9bWGZ33Mv_AsYwjMmAP6SfUhTl08H-64x5EoMCJUYQG6uCllX-N5-PS7oBbbFH-DXxM_qmfVvnm&amp;_nc_zt=23&amp;_nc_ht=scontent.ftlc1-1.fna&amp;_nc_gid=AXF8iF-T3pEuWYo5ONUGAF2&amp;oh=00_AYAqlUslxigax25JkD9t9TeiIGD_A58AKQbj5U6KvyoTrg&amp;oe=676F490A\" alt=\"Puede ser una imagen de 5 personas, estrado, multitud y texto\"\/><\/figure>\n\n\n\n<figure class=\"wp-block-gallery has-nested-images columns-default is-cropped wp-block-gallery-1 is-layout-flex wp-block-gallery-is-layout-flex\">\n<figure class=\"wp-block-image\"><img decoding=\"async\" src=\"https:\/\/scontent.ftlc1-1.fna.fbcdn.net\/v\/t39.30808-6\/471312315_552508317774393_342133031950240775_n.jpg?_nc_cat=101&amp;ccb=1-7&amp;_nc_sid=833d8c&amp;_nc_ohc=seX3V8WCuPUQ7kNvgGZldp3&amp;_nc_oc=AdjrcYOQXKTWaQ7pYQiJ_5B07iczYaZCfV07S1OJdOTPfeHCum3sL_Q4ub2dnr2EXeejAoRNElNpKrr6D4SxVQBm&amp;_nc_zt=23&amp;_nc_ht=scontent.ftlc1-1.fna&amp;_nc_gid=AuwLKddjNGZHVIYZBXtcye3&amp;oh=00_AYBfMhQgD2pWwrtE1ukxoWto-0ZdliPhDR6hN4Xu3RD-5Q&amp;oe=676F4159\" alt=\"Puede ser una imagen de 8 personas y texto\"\/><\/figure>\n\n\n\n<figure class=\"wp-block-image\"><img decoding=\"async\" src=\"https:\/\/scontent.ftlc1-1.fna.fbcdn.net\/v\/t39.30808-6\/471262559_552508407774384_2641087685074158747_n.jpg?_nc_cat=108&amp;ccb=1-7&amp;_nc_sid=833d8c&amp;_nc_ohc=3bxBCR5SyuUQ7kNvgGiuy0_&amp;_nc_oc=AdjKogLC7dgqi0BRs5bbTR5NnSavbuGIsJ_TYpmQixNb3a3dcie0gZZU8UtiY9EY4JuiZEzHTqyJHz1nqM-ArsGP&amp;_nc_zt=23&amp;_nc_ht=scontent.ftlc1-1.fna&amp;_nc_gid=ABJrICiikuHJrTuQ-Q0nLmK&amp;oh=00_AYAnT7kyn7PmMH5QRxQ4AXBpEuYk0jU4d3xOwPmI9OOZBg&amp;oe=676F4DBF\" alt=\"Puede ser una imagen de 5 personas\"\/><\/figure>\n<\/figure>\n","protected":false},"excerpt":{"rendered":"<p>La Gobernadora Delfina G\u00f3mez toma protesta a Michelle N\u00fa\u00f1ez Ponce, como Presidenta Municipal de Valle de Bravo La Gobernadora del Estado de M\u00e9xico, Delfina G\u00f3mez \u00c1lvarez se\u00f1al\u00f3 que, por segundo a\u00f1o consecutivo el paquete fiscal no contrat\u00f3 deuda p\u00fablica, por ello, exhort\u00f3 a las y los nuevos presidentes municipales a guiarse con austeridad, transparencia y [&hellip;]<\/p>\n","protected":false},"author":1,"featured_media":4557,"comment_status":"open","ping_status":"closed","sticky":false,"template":"","format":"standard","meta":{"footnotes":""},"categories":[1],"tags":[],"class_list":{"0":"post-4556","1":"post","2":"type-post","3":"status-publish","4":"format-standard","5":"has-post-thumbnail","7":"category-politica"},"yoast_head":"<!-- This site is optimized with the Yoast SEO plugin v27.5 - https:\/\/yoast.com\/product\/yoast-seo-wordpress\/ -->\n<title>La Gobernadora Delfina G\u00f3mez toma protesta a Michelle N\u00fa\u00f1ez Ponce, como Presidenta Municipal de Valle de Bravo - Proyecci\u00f3n Estado de M\u00e9xico<\/title>\n<meta name=\"robots\" content=\"index, follow, max-snippet:-1, max-image-preview:large, max-video-preview:-1\" \/>\n<link rel=\"canonical\" href=\"https:\/\/proyeccionedomex.com.mx\/?p=4556\" \/>\n<meta property=\"og:locale\" content=\"es_ES\" \/>\n<meta property=\"og:type\" content=\"article\" \/>\n<meta property=\"og:title\" content=\"La Gobernadora Delfina G\u00f3mez toma protesta a Michelle N\u00fa\u00f1ez Ponce, como Presidenta Municipal de Valle de Bravo - Proyecci\u00f3n Estado de M\u00e9xico\" \/>\n<meta property=\"og:description\" content=\"La Gobernadora Delfina G\u00f3mez toma protesta a Michelle N\u00fa\u00f1ez Ponce, como Presidenta Municipal de Valle de Bravo La Gobernadora del Estado de M\u00e9xico, Delfina G\u00f3mez \u00c1lvarez se\u00f1al\u00f3 que, por segundo a\u00f1o consecutivo el paquete fiscal no contrat\u00f3 deuda p\u00fablica, por ello, exhort\u00f3 a las y los nuevos presidentes municipales a guiarse con austeridad, transparencia y [&hellip;]\" \/>\n<meta property=\"og:url\" content=\"https:\/\/proyeccionedomex.com.mx\/?p=4556\" \/>\n<meta property=\"og:site_name\" content=\"Proyecci\u00f3n Estado de M\u00e9xico\" \/>\n<meta property=\"article:publisher\" content=\"https:\/\/www.facebook.com\/PortaldeNoticiasProyeccionEdomex\" \/>\n<meta property=\"article:published_time\" content=\"2024-12-23T15:20:08+00:00\" \/>\n<meta property=\"article:modified_time\" content=\"2024-12-23T15:20:13+00:00\" \/>\n<meta property=\"og:image\" content=\"https:\/\/proyeccionedomex.com.mx\/wp-content\/uploads\/2024\/12\/image-47.jpeg\" \/>\n\t<meta property=\"og:image:width\" content=\"960\" \/>\n\t<meta property=\"og:image:height\" content=\"640\" \/>\n\t<meta property=\"og:image:type\" content=\"image\/jpeg\" \/>\n<meta name=\"author\" content=\"Redacci\u00f3n Proyecci\u00f3n EDOM\u00c9X\" \/>\n<meta name=\"twitter:card\" content=\"summary_large_image\" \/>\n<meta name=\"twitter:label1\" content=\"Escrito por\" \/>\n\t<meta name=\"twitter:data1\" content=\"Redacci\u00f3n Proyecci\u00f3n EDOM\u00c9X\" \/>\n\t<meta name=\"twitter:label2\" content=\"Tiempo de lectura\" \/>\n\t<meta name=\"twitter:data2\" content=\"3 minutos\" \/>\n<script type=\"application\/ld+json\" class=\"yoast-schema-graph\">{\"@context\":\"https:\\\/\\\/schema.org\",\"@graph\":[{\"@type\":\"Article\",\"@id\":\"https:\\\/\\\/proyeccionedomex.com.mx\\\/?p=4556#article\",\"isPartOf\":{\"@id\":\"https:\\\/\\\/proyeccionedomex.com.mx\\\/?p=4556\"},\"author\":{\"name\":\"Redacci\u00f3n Proyecci\u00f3n EDOM\u00c9X\",\"@id\":\"https:\\\/\\\/proyeccionedomex.com.mx\\\/#\\\/schema\\\/person\\\/2e66b5427bffed972a69e6b66b4e3a76\"},\"headline\":\"La Gobernadora Delfina G\u00f3mez toma protesta a Michelle N\u00fa\u00f1ez Ponce, como Presidenta Municipal de Valle de Bravo\",\"datePublished\":\"2024-12-23T15:20:08+00:00\",\"dateModified\":\"2024-12-23T15:20:13+00:00\",\"mainEntityOfPage\":{\"@id\":\"https:\\\/\\\/proyeccionedomex.com.mx\\\/?p=4556\"},\"wordCount\":522,\"commentCount\":0,\"publisher\":{\"@id\":\"https:\\\/\\\/proyeccionedomex.com.mx\\\/#organization\"},\"image\":{\"@id\":\"https:\\\/\\\/proyeccionedomex.com.mx\\\/?p=4556#primaryimage\"},\"thumbnailUrl\":\"https:\\\/\\\/proyeccionedomex.com.mx\\\/wp-content\\\/uploads\\\/2024\\\/12\\\/image-47.jpeg\",\"articleSection\":[\"Politica\"],\"inLanguage\":\"es\",\"potentialAction\":[{\"@type\":\"CommentAction\",\"name\":\"Comment\",\"target\":[\"https:\\\/\\\/proyeccionedomex.com.mx\\\/?p=4556#respond\"]}]},{\"@type\":\"WebPage\",\"@id\":\"https:\\\/\\\/proyeccionedomex.com.mx\\\/?p=4556\",\"url\":\"https:\\\/\\\/proyeccionedomex.com.mx\\\/?p=4556\",\"name\":\"La Gobernadora Delfina G\u00f3mez toma protesta a Michelle N\u00fa\u00f1ez Ponce, como Presidenta Municipal de Valle de Bravo - Proyecci\u00f3n Estado de M\u00e9xico\",\"isPartOf\":{\"@id\":\"https:\\\/\\\/proyeccionedomex.com.mx\\\/#website\"},\"primaryImageOfPage\":{\"@id\":\"https:\\\/\\\/proyeccionedomex.com.mx\\\/?p=4556#primaryimage\"},\"image\":{\"@id\":\"https:\\\/\\\/proyeccionedomex.com.mx\\\/?p=4556#primaryimage\"},\"thumbnailUrl\":\"https:\\\/\\\/proyeccionedomex.com.mx\\\/wp-content\\\/uploads\\\/2024\\\/12\\\/image-47.jpeg\",\"datePublished\":\"2024-12-23T15:20:08+00:00\",\"dateModified\":\"2024-12-23T15:20:13+00:00\",\"breadcrumb\":{\"@id\":\"https:\\\/\\\/proyeccionedomex.com.mx\\\/?p=4556#breadcrumb\"},\"inLanguage\":\"es\",\"potentialAction\":[{\"@type\":\"ReadAction\",\"target\":[\"https:\\\/\\\/proyeccionedomex.com.mx\\\/?p=4556\"]}]},{\"@type\":\"ImageObject\",\"inLanguage\":\"es\",\"@id\":\"https:\\\/\\\/proyeccionedomex.com.mx\\\/?p=4556#primaryimage\",\"url\":\"https:\\\/\\\/proyeccionedomex.com.mx\\\/wp-content\\\/uploads\\\/2024\\\/12\\\/image-47.jpeg\",\"contentUrl\":\"https:\\\/\\\/proyeccionedomex.com.mx\\\/wp-content\\\/uploads\\\/2024\\\/12\\\/image-47.jpeg\",\"width\":960,\"height\":640},{\"@type\":\"BreadcrumbList\",\"@id\":\"https:\\\/\\\/proyeccionedomex.com.mx\\\/?p=4556#breadcrumb\",\"itemListElement\":[{\"@type\":\"ListItem\",\"position\":1,\"name\":\"Portada\",\"item\":\"https:\\\/\\\/proyeccionedomex.com.mx\\\/\"},{\"@type\":\"ListItem\",\"position\":2,\"name\":\"La Gobernadora Delfina G\u00f3mez toma protesta a Michelle N\u00fa\u00f1ez Ponce, como Presidenta Municipal de Valle de Bravo\"}]},{\"@type\":\"WebSite\",\"@id\":\"https:\\\/\\\/proyeccionedomex.com.mx\\\/#website\",\"url\":\"https:\\\/\\\/proyeccionedomex.com.mx\\\/\",\"name\":\"Proyecci\u00f3n Estado de M\u00e9xico\",\"description\":\"Proyecci\u00f3n Edo. Mex.\",\"publisher\":{\"@id\":\"https:\\\/\\\/proyeccionedomex.com.mx\\\/#organization\"},\"potentialAction\":[{\"@type\":\"SearchAction\",\"target\":{\"@type\":\"EntryPoint\",\"urlTemplate\":\"https:\\\/\\\/proyeccionedomex.com.mx\\\/?s={search_term_string}\"},\"query-input\":{\"@type\":\"PropertyValueSpecification\",\"valueRequired\":true,\"valueName\":\"search_term_string\"}}],\"inLanguage\":\"es\"},{\"@type\":\"Organization\",\"@id\":\"https:\\\/\\\/proyeccionedomex.com.mx\\\/#organization\",\"name\":\"Proyecci\u00f3n Estado de M\u00e9xico\",\"url\":\"https:\\\/\\\/proyeccionedomex.com.mx\\\/\",\"logo\":{\"@type\":\"ImageObject\",\"inLanguage\":\"es\",\"@id\":\"https:\\\/\\\/proyeccionedomex.com.mx\\\/#\\\/schema\\\/logo\\\/image\\\/\",\"url\":\"https:\\\/\\\/proyeccionedomex.com.mx\\\/wp-content\\\/uploads\\\/2024\\\/03\\\/proyeccion.jpg\",\"contentUrl\":\"https:\\\/\\\/proyeccionedomex.com.mx\\\/wp-content\\\/uploads\\\/2024\\\/03\\\/proyeccion.jpg\",\"width\":1143,\"height\":801,\"caption\":\"Proyecci\u00f3n Estado de M\u00e9xico\"},\"image\":{\"@id\":\"https:\\\/\\\/proyeccionedomex.com.mx\\\/#\\\/schema\\\/logo\\\/image\\\/\"},\"sameAs\":[\"https:\\\/\\\/www.facebook.com\\\/PortaldeNoticiasProyeccionEdomex\"]},{\"@type\":\"Person\",\"@id\":\"https:\\\/\\\/proyeccionedomex.com.mx\\\/#\\\/schema\\\/person\\\/2e66b5427bffed972a69e6b66b4e3a76\",\"name\":\"Redacci\u00f3n Proyecci\u00f3n EDOM\u00c9X\",\"image\":{\"@type\":\"ImageObject\",\"inLanguage\":\"es\",\"@id\":\"https:\\\/\\\/secure.gravatar.com\\\/avatar\\\/f43a2254d614198c44c96f86f1f078a06cac3d39a3250e9245aa331797519cab?s=96&d=mm&r=g\",\"url\":\"https:\\\/\\\/secure.gravatar.com\\\/avatar\\\/f43a2254d614198c44c96f86f1f078a06cac3d39a3250e9245aa331797519cab?s=96&d=mm&r=g\",\"contentUrl\":\"https:\\\/\\\/secure.gravatar.com\\\/avatar\\\/f43a2254d614198c44c96f86f1f078a06cac3d39a3250e9245aa331797519cab?s=96&d=mm&r=g\",\"caption\":\"Redacci\u00f3n Proyecci\u00f3n EDOM\u00c9X\"},\"sameAs\":[\"https:\\\/\\\/proyeccionedomex.com.mx\"],\"url\":\"https:\\\/\\\/proyeccionedomex.com.mx\\\/?author=1\"}]}<\/script>\n<!-- \/ Yoast SEO plugin. -->","yoast_head_json":{"title":"La Gobernadora Delfina G\u00f3mez toma protesta a Michelle N\u00fa\u00f1ez Ponce, como Presidenta Municipal de Valle de Bravo - Proyecci\u00f3n Estado de M\u00e9xico","robots":{"index":"index","follow":"follow","max-snippet":"max-snippet:-1","max-image-preview":"max-image-preview:large","max-video-preview":"max-video-preview:-1"},"canonical":"https:\/\/proyeccionedomex.com.mx\/?p=4556","og_locale":"es_ES","og_type":"article","og_title":"La Gobernadora Delfina G\u00f3mez toma protesta a Michelle N\u00fa\u00f1ez Ponce, como Presidenta Municipal de Valle de Bravo - Proyecci\u00f3n Estado de M\u00e9xico","og_description":"La Gobernadora Delfina G\u00f3mez toma protesta a Michelle N\u00fa\u00f1ez Ponce, como Presidenta Municipal de Valle de Bravo La Gobernadora del Estado de M\u00e9xico, Delfina G\u00f3mez \u00c1lvarez se\u00f1al\u00f3 que, por segundo a\u00f1o consecutivo el paquete fiscal no contrat\u00f3 deuda p\u00fablica, por ello, exhort\u00f3 a las y los nuevos presidentes municipales a guiarse con austeridad, transparencia y [&hellip;]","og_url":"https:\/\/proyeccionedomex.com.mx\/?p=4556","og_site_name":"Proyecci\u00f3n Estado de M\u00e9xico","article_publisher":"https:\/\/www.facebook.com\/PortaldeNoticiasProyeccionEdomex","article_published_time":"2024-12-23T15:20:08+00:00","article_modified_time":"2024-12-23T15:20:13+00:00","og_image":[{"width":960,"height":640,"url":"https:\/\/proyeccionedomex.com.mx\/wp-content\/uploads\/2024\/12\/image-47.jpeg","type":"image\/jpeg"}],"author":"Redacci\u00f3n Proyecci\u00f3n EDOM\u00c9X","twitter_card":"summary_large_image","twitter_misc":{"Escrito por":"Redacci\u00f3n Proyecci\u00f3n EDOM\u00c9X","Tiempo de lectura":"3 minutos"},"schema":{"@context":"https:\/\/schema.org","@graph":[{"@type":"Article","@id":"https:\/\/proyeccionedomex.com.mx\/?p=4556#article","isPartOf":{"@id":"https:\/\/proyeccionedomex.com.mx\/?p=4556"},"author":{"name":"Redacci\u00f3n Proyecci\u00f3n EDOM\u00c9X","@id":"https:\/\/proyeccionedomex.com.mx\/#\/schema\/person\/2e66b5427bffed972a69e6b66b4e3a76"},"headline":"La Gobernadora Delfina G\u00f3mez toma protesta a Michelle N\u00fa\u00f1ez Ponce, como Presidenta Municipal de Valle de Bravo","datePublished":"2024-12-23T15:20:08+00:00","dateModified":"2024-12-23T15:20:13+00:00","mainEntityOfPage":{"@id":"https:\/\/proyeccionedomex.com.mx\/?p=4556"},"wordCount":522,"commentCount":0,"publisher":{"@id":"https:\/\/proyeccionedomex.com.mx\/#organization"},"image":{"@id":"https:\/\/proyeccionedomex.com.mx\/?p=4556#primaryimage"},"thumbnailUrl":"https:\/\/proyeccionedomex.com.mx\/wp-content\/uploads\/2024\/12\/image-47.jpeg","articleSection":["Politica"],"inLanguage":"es","potentialAction":[{"@type":"CommentAction","name":"Comment","target":["https:\/\/proyeccionedomex.com.mx\/?p=4556#respond"]}]},{"@type":"WebPage","@id":"https:\/\/proyeccionedomex.com.mx\/?p=4556","url":"https:\/\/proyeccionedomex.com.mx\/?p=4556","name":"La Gobernadora Delfina G\u00f3mez toma protesta a Michelle N\u00fa\u00f1ez Ponce, como Presidenta Municipal de Valle de Bravo - Proyecci\u00f3n Estado de M\u00e9xico","isPartOf":{"@id":"https:\/\/proyeccionedomex.com.mx\/#website"},"primaryImageOfPage":{"@id":"https:\/\/proyeccionedomex.com.mx\/?p=4556#primaryimage"},"image":{"@id":"https:\/\/proyeccionedomex.com.mx\/?p=4556#primaryimage"},"thumbnailUrl":"https:\/\/proyeccionedomex.com.mx\/wp-content\/uploads\/2024\/12\/image-47.jpeg","datePublished":"2024-12-23T15:20:08+00:00","dateModified":"2024-12-23T15:20:13+00:00","breadcrumb":{"@id":"https:\/\/proyeccionedomex.com.mx\/?p=4556#breadcrumb"},"inLanguage":"es","potentialAction":[{"@type":"ReadAction","target":["https:\/\/proyeccionedomex.com.mx\/?p=4556"]}]},{"@type":"ImageObject","inLanguage":"es","@id":"https:\/\/proyeccionedomex.com.mx\/?p=4556#primaryimage","url":"https:\/\/proyeccionedomex.com.mx\/wp-content\/uploads\/2024\/12\/image-47.jpeg","contentUrl":"https:\/\/proyeccionedomex.com.mx\/wp-content\/uploads\/2024\/12\/image-47.jpeg","width":960,"height":640},{"@type":"BreadcrumbList","@id":"https:\/\/proyeccionedomex.com.mx\/?p=4556#breadcrumb","itemListElement":[{"@type":"ListItem","position":1,"name":"Portada","item":"https:\/\/proyeccionedomex.com.mx\/"},{"@type":"ListItem","position":2,"name":"La Gobernadora Delfina G\u00f3mez toma protesta a Michelle N\u00fa\u00f1ez Ponce, como Presidenta Municipal de Valle de Bravo"}]},{"@type":"WebSite","@id":"https:\/\/proyeccionedomex.com.mx\/#website","url":"https:\/\/proyeccionedomex.com.mx\/","name":"Proyecci\u00f3n Estado de M\u00e9xico","description":"Proyecci\u00f3n Edo. Mex.","publisher":{"@id":"https:\/\/proyeccionedomex.com.mx\/#organization"},"potentialAction":[{"@type":"SearchAction","target":{"@type":"EntryPoint","urlTemplate":"https:\/\/proyeccionedomex.com.mx\/?s={search_term_string}"},"query-input":{"@type":"PropertyValueSpecification","valueRequired":true,"valueName":"search_term_string"}}],"inLanguage":"es"},{"@type":"Organization","@id":"https:\/\/proyeccionedomex.com.mx\/#organization","name":"Proyecci\u00f3n Estado de M\u00e9xico","url":"https:\/\/proyeccionedomex.com.mx\/","logo":{"@type":"ImageObject","inLanguage":"es","@id":"https:\/\/proyeccionedomex.com.mx\/#\/schema\/logo\/image\/","url":"https:\/\/proyeccionedomex.com.mx\/wp-content\/uploads\/2024\/03\/proyeccion.jpg","contentUrl":"https:\/\/proyeccionedomex.com.mx\/wp-content\/uploads\/2024\/03\/proyeccion.jpg","width":1143,"height":801,"caption":"Proyecci\u00f3n Estado de M\u00e9xico"},"image":{"@id":"https:\/\/proyeccionedomex.com.mx\/#\/schema\/logo\/image\/"},"sameAs":["https:\/\/www.facebook.com\/PortaldeNoticiasProyeccionEdomex"]},{"@type":"Person","@id":"https:\/\/proyeccionedomex.com.mx\/#\/schema\/person\/2e66b5427bffed972a69e6b66b4e3a76","name":"Redacci\u00f3n Proyecci\u00f3n EDOM\u00c9X","image":{"@type":"ImageObject","inLanguage":"es","@id":"https:\/\/secure.gravatar.com\/avatar\/f43a2254d614198c44c96f86f1f078a06cac3d39a3250e9245aa331797519cab?s=96&d=mm&r=g","url":"https:\/\/secure.gravatar.com\/avatar\/f43a2254d614198c44c96f86f1f078a06cac3d39a3250e9245aa331797519cab?s=96&d=mm&r=g","contentUrl":"https:\/\/secure.gravatar.com\/avatar\/f43a2254d614198c44c96f86f1f078a06cac3d39a3250e9245aa331797519cab?s=96&d=mm&r=g","caption":"Redacci\u00f3n Proyecci\u00f3n EDOM\u00c9X"},"sameAs":["https:\/\/proyeccionedomex.com.mx"],"url":"https:\/\/proyeccionedomex.com.mx\/?author=1"}]}},"_links":{"self":[{"href":"https:\/\/proyeccionedomex.com.mx\/index.php?rest_route=\/wp\/v2\/posts\/4556","targetHints":{"allow":["GET"]}}],"collection":[{"href":"https:\/\/proyeccionedomex.com.mx\/index.php?rest_route=\/wp\/v2\/posts"}],"about":[{"href":"https:\/\/proyeccionedomex.com.mx\/index.php?rest_route=\/wp\/v2\/types\/post"}],"author":[{"embeddable":true,"href":"https:\/\/proyeccionedomex.com.mx\/index.php?rest_route=\/wp\/v2\/users\/1"}],"replies":[{"embeddable":true,"href":"https:\/\/proyeccionedomex.com.mx\/index.php?rest_route=%2Fwp%2Fv2%2Fcomments&post=4556"}],"version-history":[{"count":0,"href":"https:\/\/proyeccionedomex.com.mx\/index.php?rest_route=\/wp\/v2\/posts\/4556\/revisions"}],"wp:featuredmedia":[{"embeddable":true,"href":"https:\/\/proyeccionedomex.com.mx\/index.php?rest_route=\/wp\/v2\/media\/4557"}],"wp:attachment":[{"href":"https:\/\/proyeccionedomex.com.mx\/index.php?rest_route=%2Fwp%2Fv2%2Fmedia&parent=4556"}],"wp:term":[{"taxonomy":"category","embeddable":true,"href":"https:\/\/proyeccionedomex.com.mx\/index.php?rest_route=%2Fwp%2Fv2%2Fcategories&post=4556"},{"taxonomy":"post_tag","embeddable":true,"href":"https:\/\/proyeccionedomex.com.mx\/index.php?rest_route=%2Fwp%2Fv2%2Ftags&post=4556"}],"curies":[{"name":"wp","href":"https:\/\/api.w.org\/{rel}","templated":true}]}}