{"id":5028,"date":"2025-02-04T04:55:37","date_gmt":"2025-02-04T04:55:37","guid":{"rendered":"https:\/\/proyeccionedomex.com.mx\/?p=5028"},"modified":"2025-02-04T04:55:41","modified_gmt":"2025-02-04T04:55:41","slug":"capacita-difem-a-todos-sistemas-municipales-dif-para-construir-un-edomex-mas-justo-y-solidario-en-beneficio-de-la-poblacion-vulnerable","status":"publish","type":"post","link":"https:\/\/proyeccionedomex.com.mx\/?p=5028","title":{"rendered":"Capacita DIFEM a todos Sistemas Municipales DIF para construir un EdoM\u00e9x m\u00e1s justo y solidario en beneficio de la poblaci\u00f3n vulnerable"},"content":{"rendered":"\n<figure class=\"wp-block-image size-large td-caption-align-https:\/\/proyeccionedomex.com.mx\/wp-content\/uploads\/2025\/02\/image.jpeg\"><img loading=\"lazy\" decoding=\"async\" width=\"1024\" height=\"682\" src=\"https:\/\/proyeccionedomex.com.mx\/wp-content\/uploads\/2025\/02\/image-1024x682.jpeg\" alt=\"\" class=\"wp-image-5029\" srcset=\"https:\/\/proyeccionedomex.com.mx\/wp-content\/uploads\/2025\/02\/image-1024x682.jpeg 1024w, https:\/\/proyeccionedomex.com.mx\/wp-content\/uploads\/2025\/02\/image-300x200.jpeg 300w, https:\/\/proyeccionedomex.com.mx\/wp-content\/uploads\/2025\/02\/image-768x512.jpeg 768w, https:\/\/proyeccionedomex.com.mx\/wp-content\/uploads\/2025\/02\/image-1536x1023.jpeg 1536w, https:\/\/proyeccionedomex.com.mx\/wp-content\/uploads\/2025\/02\/image-696x464.jpeg 696w, https:\/\/proyeccionedomex.com.mx\/wp-content\/uploads\/2025\/02\/image-1068x712.jpeg 1068w, https:\/\/proyeccionedomex.com.mx\/wp-content\/uploads\/2025\/02\/image-630x420.jpeg 630w, https:\/\/proyeccionedomex.com.mx\/wp-content\/uploads\/2025\/02\/image.jpeg 1600w\" sizes=\"auto, (max-width: 1024px) 100vw, 1024px\" \/><\/figure>\n\n\n\n<figure class=\"wp-block-gallery has-nested-images columns-default is-cropped wp-block-gallery-1 is-layout-flex wp-block-gallery-is-layout-flex\">\n<figure class=\"wp-block-image\"><img decoding=\"async\" src=\"https:\/\/scontent-qro1-1.xx.fbcdn.net\/v\/t39.30808-6\/475856277_584518354573389_4480759326408634873_n.jpg?_nc_cat=104&amp;ccb=1-7&amp;_nc_sid=833d8c&amp;_nc_ohc=VD3FAdrRZasQ7kNvgHZdm3O&amp;_nc_zt=23&amp;_nc_ht=scontent-qro1-1.xx&amp;_nc_gid=AH65umewsIpzRnbe6SoCoKk&amp;oh=00_AYCQdgE7FfyMml8Kti4tepnmwSk8iicxGNloTfxoD6uE_Q&amp;oe=67A777CD\" alt=\"Puede ser una imagen de 1 persona\"\/><\/figure>\n\n\n\n<figure class=\"wp-block-image\"><img decoding=\"async\" src=\"https:\/\/scontent-qro1-1.xx.fbcdn.net\/v\/t39.30808-6\/476232767_584518391240052_5157922405948074138_n.jpg?_nc_cat=104&amp;ccb=1-7&amp;_nc_sid=833d8c&amp;_nc_ohc=eGVo0xkOeHgQ7kNvgFPS1Du&amp;_nc_zt=23&amp;_nc_ht=scontent-qro1-1.xx&amp;_nc_gid=A8xhtqU1JGc0JU95-yhVG8r&amp;oh=00_AYDe12YsRdAq3zdVEG0Z65yDIX-afvuYFApQLd06WEuDCw&amp;oe=67A76B06\" alt=\"Puede ser una imagen de 4 personas, televisor, multitud y texto\"\/><\/figure>\n<\/figure>\n\n\n\n<figure class=\"wp-block-image\"><img decoding=\"async\" src=\"https:\/\/scontent-qro1-1.xx.fbcdn.net\/v\/t39.30808-6\/475793447_584518461240045_9183813019867428462_n.jpg?_nc_cat=103&amp;ccb=1-7&amp;_nc_sid=833d8c&amp;_nc_ohc=BktGPvRMklIQ7kNvgFzoXxz&amp;_nc_zt=23&amp;_nc_ht=scontent-qro1-1.xx&amp;_nc_gid=AauHeajPn1AHOIVNKmC6ldV&amp;oh=00_AYA-8yOj9tlhUoa_RZvBPE8l9G82TD5qD4Wa3A9yY87sRg&amp;oe=67A76CA7\" alt=\"Puede ser una imagen de 1 persona, estrado y texto que dice &quot;CAPACITACI\u00d3N DE SISTEMAS MASMUNICIPALESDIF MUNICIPALES DIF DIF&quot;\"\/><\/figure>\n\n\n\n<p>Capacita DIFEM a todos Sistemas Municipales DIF para construir un EdoM\u00e9x m\u00e1s justo y solidario en beneficio de la poblaci\u00f3n vulnerable<\/p>\n\n\n\n<p>Por instrucciones de la Gobernadora Delfina G\u00f3mez \u00c1lvarez, el Sistema Estatal DIF brind\u00f3 la primera capacitaci\u00f3n a los 125 Sistemas Municipales DIF (SMDIF), con el objetivo de trabajar como una gran red humana para lograr una entidad m\u00e1s justa y solidaria en beneficio de la poblaci\u00f3n vulnerable.<\/p>\n\n\n\n<p>En las instalaciones del Centro Cultural Mexiquense de Toluca, Karina Labastida Sotelo, Directora General del Sistema para el Desarrollo Integral de la Familia del Estado de M\u00e9xico (DIFEM), recibi\u00f3 a los Titulares y Directivos de los SMDIF, a quienes convoc\u00f3 a trabajar unidos y con el coraz\u00f3n en la mano para transformar positivamente la vida de quienes m\u00e1s lo necesitan y fortalecer las acciones, programas y pol\u00edticas p\u00fablicas que impacten en el bienestar de las familias mexiquenses.<\/p>\n\n\n\n<p>Refiri\u00f3 que, en cada rinc\u00f3n del Estado de M\u00e9xico hay ni\u00f1os, personas adultas mayores, personas con discapacidad, mujeres en situaci\u00f3n de vulnerabilidad y familias con diversas necesidades que requieren atenci\u00f3n digna, c\u00e1lida y oportuna; y resalt\u00f3 que esta capacitaci\u00f3n es una oportunidad de aprender juntos y llevar a cabo los programas de asistencia social en tiempo y forma.<\/p>\n\n\n\n<p>Precis\u00f3 que, independientemente de que el DIFEM trabaja conforme a los lineamientos del Sistema Nacional DIF para garantizar y elevar el bienestar y desarrollo de las familias, cada SMDIF tiene la oportunidad de implementar pol\u00edticas p\u00fablicas, con base en sus necesidades.<\/p>\n\n\n\n<p>Alejandro Viedma Vel\u00e1zquez, Subsecretario General de Gobierno, en representaci\u00f3n de Horacio Duarte Olivares, Secretario General de Gobierno, destac\u00f3 la importancia de la capacitaci\u00f3n a servidores p\u00fablicos del DIF, pues representa un espacio para refrendar el compromiso con el pueblo mexiquense, porque su labor es esencial para construir la transformaci\u00f3n bajo el liderazgo de la Presidenta Claudia Sheinbaum Pardo y de la Gobernadora Delfina G\u00f3mez \u00c1lvarez.<\/p>\n\n\n\n<p>Destac\u00f3 que, en este contexto de transformaci\u00f3n, el DIFEM ha demostrado que la pol\u00edtica social debe centrarse en la gente, en sus necesidades y en garantizar el acceso a una vida digna para todas y todos; y que esta instituci\u00f3n es un s\u00edmbolo de esperanza para miles de familias.<\/p>\n\n\n\n<p>Asimismo, dej\u00f3 en claro que la asistencia social no es un acto de caridad, sino un derecho y que quienes integran los SMDIF se convierten en los guardianes de ellos, por ser la primera l\u00ednea de atenci\u00f3n a la ciudadan\u00eda y generar cambios en la vida de quienes m\u00e1s lo requieren.<\/p>\n\n\n\n<p>Karina Labastida Sotelo agradeci\u00f3 la ponencia de los directores y coordinadores a cargo de los programas del DIFEM como son Alimentaci\u00f3n y Nutrici\u00f3n Familiar; Prevenci\u00f3n y Bienestar Familiar; Atenci\u00f3n a la Discapacidad y Centros Estatales de Rehabilitaci\u00f3n; Atenci\u00f3n a Adultos Mayores; Procuraci\u00f3n de Fondos; Enlace y Vinculaci\u00f3n Regional; Procuradur\u00eda de Protecci\u00f3n de Ni\u00f1as, Ni\u00f1os y Adolescentes; Servicios Jur\u00eddico Asistenciales y Equidad de G\u00e9nero; Sistema de Cuidados; tambi\u00e9n agradeci\u00f3 a servidores p\u00fablicos que participaron en el encuentro. <a href=\"https:\/\/www.facebook.com\/DelfinaGomezAlvarez?__cft__[0]=AZUFHdSK7501Zi9d9Vr4qssP7JF70YNgIUkvgSektulVLi-QzoVRD5jz009AqIZUFJW9hHPAmxmG5dFXLrboyo74LHTu0Q33chME0POgpFowkYxYO1YJTDzIyuuXBAcgRxUsa5qpEoCB6i2tgd-fR27oVCMHepKaBS84TIfU-uIZSg&amp;__tn__=-]K-R\">Delfina G\u00f3mez \u00c1lvarez<\/a><a href=\"https:\/\/www.facebook.com\/DIFedomex?__cft__[0]=AZUFHdSK7501Zi9d9Vr4qssP7JF70YNgIUkvgSektulVLi-QzoVRD5jz009AqIZUFJW9hHPAmxmG5dFXLrboyo74LHTu0Q33chME0POgpFowkYxYO1YJTDzIyuuXBAcgRxUsa5qpEoCB6i2tgd-fR27oVCMHepKaBS84TIfU-uIZSg&amp;__tn__=-]K-R\">DIF Estado de M\u00e9xico<\/a><\/p>\n","protected":false},"excerpt":{"rendered":"<p>Capacita DIFEM a todos Sistemas Municipales DIF para construir un EdoM\u00e9x m\u00e1s justo y solidario en beneficio de la poblaci\u00f3n vulnerable Por instrucciones de la Gobernadora Delfina G\u00f3mez \u00c1lvarez, el Sistema Estatal DIF brind\u00f3 la primera capacitaci\u00f3n a los 125 Sistemas Municipales DIF (SMDIF), con el objetivo de trabajar como una gran red humana para [&hellip;]<\/p>\n","protected":false},"author":1,"featured_media":5029,"comment_status":"open","ping_status":"closed","sticky":false,"template":"","format":"standard","meta":{"footnotes":""},"categories":[1],"tags":[],"class_list":{"0":"post-5028","1":"post","2":"type-post","3":"status-publish","4":"format-standard","5":"has-post-thumbnail","7":"category-politica"},"yoast_head":"<!-- This site is optimized with the Yoast SEO plugin v27.5 - https:\/\/yoast.com\/product\/yoast-seo-wordpress\/ -->\n<title>Capacita DIFEM a todos Sistemas Municipales DIF para construir un EdoM\u00e9x m\u00e1s justo y solidario en beneficio de la poblaci\u00f3n vulnerable - Proyecci\u00f3n Estado de M\u00e9xico<\/title>\n<meta name=\"robots\" content=\"index, follow, max-snippet:-1, max-image-preview:large, max-video-preview:-1\" \/>\n<link rel=\"canonical\" href=\"https:\/\/proyeccionedomex.com.mx\/?p=5028\" \/>\n<meta property=\"og:locale\" content=\"es_ES\" \/>\n<meta property=\"og:type\" content=\"article\" \/>\n<meta property=\"og:title\" content=\"Capacita DIFEM a todos Sistemas Municipales DIF para construir un EdoM\u00e9x m\u00e1s justo y solidario en beneficio de la poblaci\u00f3n vulnerable - Proyecci\u00f3n Estado de M\u00e9xico\" \/>\n<meta property=\"og:description\" content=\"Capacita DIFEM a todos Sistemas Municipales DIF para construir un EdoM\u00e9x m\u00e1s justo y solidario en beneficio de la poblaci\u00f3n vulnerable Por instrucciones de la Gobernadora Delfina G\u00f3mez \u00c1lvarez, el Sistema Estatal DIF brind\u00f3 la primera capacitaci\u00f3n a los 125 Sistemas Municipales DIF (SMDIF), con el objetivo de trabajar como una gran red humana para [&hellip;]\" \/>\n<meta property=\"og:url\" content=\"https:\/\/proyeccionedomex.com.mx\/?p=5028\" \/>\n<meta property=\"og:site_name\" content=\"Proyecci\u00f3n Estado de M\u00e9xico\" \/>\n<meta property=\"article:publisher\" content=\"https:\/\/www.facebook.com\/PortaldeNoticiasProyeccionEdomex\" \/>\n<meta property=\"article:published_time\" content=\"2025-02-04T04:55:37+00:00\" \/>\n<meta property=\"article:modified_time\" content=\"2025-02-04T04:55:41+00:00\" \/>\n<meta property=\"og:image\" content=\"https:\/\/proyeccionedomex.com.mx\/wp-content\/uploads\/2025\/02\/image.jpeg\" \/>\n\t<meta property=\"og:image:width\" content=\"1600\" \/>\n\t<meta property=\"og:image:height\" content=\"1066\" \/>\n\t<meta property=\"og:image:type\" content=\"image\/jpeg\" \/>\n<meta name=\"author\" content=\"Redacci\u00f3n Proyecci\u00f3n EDOM\u00c9X\" \/>\n<meta name=\"twitter:card\" content=\"summary_large_image\" \/>\n<meta name=\"twitter:label1\" content=\"Escrito por\" \/>\n\t<meta name=\"twitter:data1\" content=\"Redacci\u00f3n Proyecci\u00f3n EDOM\u00c9X\" \/>\n\t<meta name=\"twitter:label2\" content=\"Tiempo de lectura\" \/>\n\t<meta name=\"twitter:data2\" content=\"3 minutos\" \/>\n<script type=\"application\/ld+json\" class=\"yoast-schema-graph\">{\"@context\":\"https:\\\/\\\/schema.org\",\"@graph\":[{\"@type\":\"Article\",\"@id\":\"https:\\\/\\\/proyeccionedomex.com.mx\\\/?p=5028#article\",\"isPartOf\":{\"@id\":\"https:\\\/\\\/proyeccionedomex.com.mx\\\/?p=5028\"},\"author\":{\"name\":\"Redacci\u00f3n Proyecci\u00f3n EDOM\u00c9X\",\"@id\":\"https:\\\/\\\/proyeccionedomex.com.mx\\\/#\\\/schema\\\/person\\\/2e66b5427bffed972a69e6b66b4e3a76\"},\"headline\":\"Capacita DIFEM a todos Sistemas Municipales DIF para construir un EdoM\u00e9x m\u00e1s justo y solidario en beneficio de la poblaci\u00f3n vulnerable\",\"datePublished\":\"2025-02-04T04:55:37+00:00\",\"dateModified\":\"2025-02-04T04:55:41+00:00\",\"mainEntityOfPage\":{\"@id\":\"https:\\\/\\\/proyeccionedomex.com.mx\\\/?p=5028\"},\"wordCount\":568,\"commentCount\":0,\"publisher\":{\"@id\":\"https:\\\/\\\/proyeccionedomex.com.mx\\\/#organization\"},\"image\":{\"@id\":\"https:\\\/\\\/proyeccionedomex.com.mx\\\/?p=5028#primaryimage\"},\"thumbnailUrl\":\"https:\\\/\\\/proyeccionedomex.com.mx\\\/wp-content\\\/uploads\\\/2025\\\/02\\\/image.jpeg\",\"articleSection\":[\"Politica\"],\"inLanguage\":\"es\",\"potentialAction\":[{\"@type\":\"CommentAction\",\"name\":\"Comment\",\"target\":[\"https:\\\/\\\/proyeccionedomex.com.mx\\\/?p=5028#respond\"]}]},{\"@type\":\"WebPage\",\"@id\":\"https:\\\/\\\/proyeccionedomex.com.mx\\\/?p=5028\",\"url\":\"https:\\\/\\\/proyeccionedomex.com.mx\\\/?p=5028\",\"name\":\"Capacita DIFEM a todos Sistemas Municipales DIF para construir un EdoM\u00e9x m\u00e1s justo y solidario en beneficio de la poblaci\u00f3n vulnerable - Proyecci\u00f3n Estado de M\u00e9xico\",\"isPartOf\":{\"@id\":\"https:\\\/\\\/proyeccionedomex.com.mx\\\/#website\"},\"primaryImageOfPage\":{\"@id\":\"https:\\\/\\\/proyeccionedomex.com.mx\\\/?p=5028#primaryimage\"},\"image\":{\"@id\":\"https:\\\/\\\/proyeccionedomex.com.mx\\\/?p=5028#primaryimage\"},\"thumbnailUrl\":\"https:\\\/\\\/proyeccionedomex.com.mx\\\/wp-content\\\/uploads\\\/2025\\\/02\\\/image.jpeg\",\"datePublished\":\"2025-02-04T04:55:37+00:00\",\"dateModified\":\"2025-02-04T04:55:41+00:00\",\"breadcrumb\":{\"@id\":\"https:\\\/\\\/proyeccionedomex.com.mx\\\/?p=5028#breadcrumb\"},\"inLanguage\":\"es\",\"potentialAction\":[{\"@type\":\"ReadAction\",\"target\":[\"https:\\\/\\\/proyeccionedomex.com.mx\\\/?p=5028\"]}]},{\"@type\":\"ImageObject\",\"inLanguage\":\"es\",\"@id\":\"https:\\\/\\\/proyeccionedomex.com.mx\\\/?p=5028#primaryimage\",\"url\":\"https:\\\/\\\/proyeccionedomex.com.mx\\\/wp-content\\\/uploads\\\/2025\\\/02\\\/image.jpeg\",\"contentUrl\":\"https:\\\/\\\/proyeccionedomex.com.mx\\\/wp-content\\\/uploads\\\/2025\\\/02\\\/image.jpeg\",\"width\":1600,\"height\":1066},{\"@type\":\"BreadcrumbList\",\"@id\":\"https:\\\/\\\/proyeccionedomex.com.mx\\\/?p=5028#breadcrumb\",\"itemListElement\":[{\"@type\":\"ListItem\",\"position\":1,\"name\":\"Portada\",\"item\":\"https:\\\/\\\/proyeccionedomex.com.mx\\\/\"},{\"@type\":\"ListItem\",\"position\":2,\"name\":\"Capacita DIFEM a todos Sistemas Municipales DIF para construir un EdoM\u00e9x m\u00e1s justo y solidario en beneficio de la poblaci\u00f3n vulnerable\"}]},{\"@type\":\"WebSite\",\"@id\":\"https:\\\/\\\/proyeccionedomex.com.mx\\\/#website\",\"url\":\"https:\\\/\\\/proyeccionedomex.com.mx\\\/\",\"name\":\"Proyecci\u00f3n Estado de M\u00e9xico\",\"description\":\"Proyecci\u00f3n Edo. Mex.\",\"publisher\":{\"@id\":\"https:\\\/\\\/proyeccionedomex.com.mx\\\/#organization\"},\"potentialAction\":[{\"@type\":\"SearchAction\",\"target\":{\"@type\":\"EntryPoint\",\"urlTemplate\":\"https:\\\/\\\/proyeccionedomex.com.mx\\\/?s={search_term_string}\"},\"query-input\":{\"@type\":\"PropertyValueSpecification\",\"valueRequired\":true,\"valueName\":\"search_term_string\"}}],\"inLanguage\":\"es\"},{\"@type\":\"Organization\",\"@id\":\"https:\\\/\\\/proyeccionedomex.com.mx\\\/#organization\",\"name\":\"Proyecci\u00f3n Estado de M\u00e9xico\",\"url\":\"https:\\\/\\\/proyeccionedomex.com.mx\\\/\",\"logo\":{\"@type\":\"ImageObject\",\"inLanguage\":\"es\",\"@id\":\"https:\\\/\\\/proyeccionedomex.com.mx\\\/#\\\/schema\\\/logo\\\/image\\\/\",\"url\":\"https:\\\/\\\/proyeccionedomex.com.mx\\\/wp-content\\\/uploads\\\/2024\\\/03\\\/proyeccion.jpg\",\"contentUrl\":\"https:\\\/\\\/proyeccionedomex.com.mx\\\/wp-content\\\/uploads\\\/2024\\\/03\\\/proyeccion.jpg\",\"width\":1143,\"height\":801,\"caption\":\"Proyecci\u00f3n Estado de M\u00e9xico\"},\"image\":{\"@id\":\"https:\\\/\\\/proyeccionedomex.com.mx\\\/#\\\/schema\\\/logo\\\/image\\\/\"},\"sameAs\":[\"https:\\\/\\\/www.facebook.com\\\/PortaldeNoticiasProyeccionEdomex\"]},{\"@type\":\"Person\",\"@id\":\"https:\\\/\\\/proyeccionedomex.com.mx\\\/#\\\/schema\\\/person\\\/2e66b5427bffed972a69e6b66b4e3a76\",\"name\":\"Redacci\u00f3n Proyecci\u00f3n EDOM\u00c9X\",\"image\":{\"@type\":\"ImageObject\",\"inLanguage\":\"es\",\"@id\":\"https:\\\/\\\/secure.gravatar.com\\\/avatar\\\/f43a2254d614198c44c96f86f1f078a06cac3d39a3250e9245aa331797519cab?s=96&d=mm&r=g\",\"url\":\"https:\\\/\\\/secure.gravatar.com\\\/avatar\\\/f43a2254d614198c44c96f86f1f078a06cac3d39a3250e9245aa331797519cab?s=96&d=mm&r=g\",\"contentUrl\":\"https:\\\/\\\/secure.gravatar.com\\\/avatar\\\/f43a2254d614198c44c96f86f1f078a06cac3d39a3250e9245aa331797519cab?s=96&d=mm&r=g\",\"caption\":\"Redacci\u00f3n Proyecci\u00f3n EDOM\u00c9X\"},\"sameAs\":[\"https:\\\/\\\/proyeccionedomex.com.mx\"],\"url\":\"https:\\\/\\\/proyeccionedomex.com.mx\\\/?author=1\"}]}<\/script>\n<!-- \/ Yoast SEO plugin. -->","yoast_head_json":{"title":"Capacita DIFEM a todos Sistemas Municipales DIF para construir un EdoM\u00e9x m\u00e1s justo y solidario en beneficio de la poblaci\u00f3n vulnerable - Proyecci\u00f3n Estado de M\u00e9xico","robots":{"index":"index","follow":"follow","max-snippet":"max-snippet:-1","max-image-preview":"max-image-preview:large","max-video-preview":"max-video-preview:-1"},"canonical":"https:\/\/proyeccionedomex.com.mx\/?p=5028","og_locale":"es_ES","og_type":"article","og_title":"Capacita DIFEM a todos Sistemas Municipales DIF para construir un EdoM\u00e9x m\u00e1s justo y solidario en beneficio de la poblaci\u00f3n vulnerable - Proyecci\u00f3n Estado de M\u00e9xico","og_description":"Capacita DIFEM a todos Sistemas Municipales DIF para construir un EdoM\u00e9x m\u00e1s justo y solidario en beneficio de la poblaci\u00f3n vulnerable Por instrucciones de la Gobernadora Delfina G\u00f3mez \u00c1lvarez, el Sistema Estatal DIF brind\u00f3 la primera capacitaci\u00f3n a los 125 Sistemas Municipales DIF (SMDIF), con el objetivo de trabajar como una gran red humana para [&hellip;]","og_url":"https:\/\/proyeccionedomex.com.mx\/?p=5028","og_site_name":"Proyecci\u00f3n Estado de M\u00e9xico","article_publisher":"https:\/\/www.facebook.com\/PortaldeNoticiasProyeccionEdomex","article_published_time":"2025-02-04T04:55:37+00:00","article_modified_time":"2025-02-04T04:55:41+00:00","og_image":[{"width":1600,"height":1066,"url":"https:\/\/proyeccionedomex.com.mx\/wp-content\/uploads\/2025\/02\/image.jpeg","type":"image\/jpeg"}],"author":"Redacci\u00f3n Proyecci\u00f3n EDOM\u00c9X","twitter_card":"summary_large_image","twitter_misc":{"Escrito por":"Redacci\u00f3n Proyecci\u00f3n EDOM\u00c9X","Tiempo de lectura":"3 minutos"},"schema":{"@context":"https:\/\/schema.org","@graph":[{"@type":"Article","@id":"https:\/\/proyeccionedomex.com.mx\/?p=5028#article","isPartOf":{"@id":"https:\/\/proyeccionedomex.com.mx\/?p=5028"},"author":{"name":"Redacci\u00f3n Proyecci\u00f3n EDOM\u00c9X","@id":"https:\/\/proyeccionedomex.com.mx\/#\/schema\/person\/2e66b5427bffed972a69e6b66b4e3a76"},"headline":"Capacita DIFEM a todos Sistemas Municipales DIF para construir un EdoM\u00e9x m\u00e1s justo y solidario en beneficio de la poblaci\u00f3n vulnerable","datePublished":"2025-02-04T04:55:37+00:00","dateModified":"2025-02-04T04:55:41+00:00","mainEntityOfPage":{"@id":"https:\/\/proyeccionedomex.com.mx\/?p=5028"},"wordCount":568,"commentCount":0,"publisher":{"@id":"https:\/\/proyeccionedomex.com.mx\/#organization"},"image":{"@id":"https:\/\/proyeccionedomex.com.mx\/?p=5028#primaryimage"},"thumbnailUrl":"https:\/\/proyeccionedomex.com.mx\/wp-content\/uploads\/2025\/02\/image.jpeg","articleSection":["Politica"],"inLanguage":"es","potentialAction":[{"@type":"CommentAction","name":"Comment","target":["https:\/\/proyeccionedomex.com.mx\/?p=5028#respond"]}]},{"@type":"WebPage","@id":"https:\/\/proyeccionedomex.com.mx\/?p=5028","url":"https:\/\/proyeccionedomex.com.mx\/?p=5028","name":"Capacita DIFEM a todos Sistemas Municipales DIF para construir un EdoM\u00e9x m\u00e1s justo y solidario en beneficio de la poblaci\u00f3n vulnerable - Proyecci\u00f3n Estado de M\u00e9xico","isPartOf":{"@id":"https:\/\/proyeccionedomex.com.mx\/#website"},"primaryImageOfPage":{"@id":"https:\/\/proyeccionedomex.com.mx\/?p=5028#primaryimage"},"image":{"@id":"https:\/\/proyeccionedomex.com.mx\/?p=5028#primaryimage"},"thumbnailUrl":"https:\/\/proyeccionedomex.com.mx\/wp-content\/uploads\/2025\/02\/image.jpeg","datePublished":"2025-02-04T04:55:37+00:00","dateModified":"2025-02-04T04:55:41+00:00","breadcrumb":{"@id":"https:\/\/proyeccionedomex.com.mx\/?p=5028#breadcrumb"},"inLanguage":"es","potentialAction":[{"@type":"ReadAction","target":["https:\/\/proyeccionedomex.com.mx\/?p=5028"]}]},{"@type":"ImageObject","inLanguage":"es","@id":"https:\/\/proyeccionedomex.com.mx\/?p=5028#primaryimage","url":"https:\/\/proyeccionedomex.com.mx\/wp-content\/uploads\/2025\/02\/image.jpeg","contentUrl":"https:\/\/proyeccionedomex.com.mx\/wp-content\/uploads\/2025\/02\/image.jpeg","width":1600,"height":1066},{"@type":"BreadcrumbList","@id":"https:\/\/proyeccionedomex.com.mx\/?p=5028#breadcrumb","itemListElement":[{"@type":"ListItem","position":1,"name":"Portada","item":"https:\/\/proyeccionedomex.com.mx\/"},{"@type":"ListItem","position":2,"name":"Capacita DIFEM a todos Sistemas Municipales DIF para construir un EdoM\u00e9x m\u00e1s justo y solidario en beneficio de la poblaci\u00f3n vulnerable"}]},{"@type":"WebSite","@id":"https:\/\/proyeccionedomex.com.mx\/#website","url":"https:\/\/proyeccionedomex.com.mx\/","name":"Proyecci\u00f3n Estado de M\u00e9xico","description":"Proyecci\u00f3n Edo. Mex.","publisher":{"@id":"https:\/\/proyeccionedomex.com.mx\/#organization"},"potentialAction":[{"@type":"SearchAction","target":{"@type":"EntryPoint","urlTemplate":"https:\/\/proyeccionedomex.com.mx\/?s={search_term_string}"},"query-input":{"@type":"PropertyValueSpecification","valueRequired":true,"valueName":"search_term_string"}}],"inLanguage":"es"},{"@type":"Organization","@id":"https:\/\/proyeccionedomex.com.mx\/#organization","name":"Proyecci\u00f3n Estado de M\u00e9xico","url":"https:\/\/proyeccionedomex.com.mx\/","logo":{"@type":"ImageObject","inLanguage":"es","@id":"https:\/\/proyeccionedomex.com.mx\/#\/schema\/logo\/image\/","url":"https:\/\/proyeccionedomex.com.mx\/wp-content\/uploads\/2024\/03\/proyeccion.jpg","contentUrl":"https:\/\/proyeccionedomex.com.mx\/wp-content\/uploads\/2024\/03\/proyeccion.jpg","width":1143,"height":801,"caption":"Proyecci\u00f3n Estado de M\u00e9xico"},"image":{"@id":"https:\/\/proyeccionedomex.com.mx\/#\/schema\/logo\/image\/"},"sameAs":["https:\/\/www.facebook.com\/PortaldeNoticiasProyeccionEdomex"]},{"@type":"Person","@id":"https:\/\/proyeccionedomex.com.mx\/#\/schema\/person\/2e66b5427bffed972a69e6b66b4e3a76","name":"Redacci\u00f3n Proyecci\u00f3n EDOM\u00c9X","image":{"@type":"ImageObject","inLanguage":"es","@id":"https:\/\/secure.gravatar.com\/avatar\/f43a2254d614198c44c96f86f1f078a06cac3d39a3250e9245aa331797519cab?s=96&d=mm&r=g","url":"https:\/\/secure.gravatar.com\/avatar\/f43a2254d614198c44c96f86f1f078a06cac3d39a3250e9245aa331797519cab?s=96&d=mm&r=g","contentUrl":"https:\/\/secure.gravatar.com\/avatar\/f43a2254d614198c44c96f86f1f078a06cac3d39a3250e9245aa331797519cab?s=96&d=mm&r=g","caption":"Redacci\u00f3n Proyecci\u00f3n EDOM\u00c9X"},"sameAs":["https:\/\/proyeccionedomex.com.mx"],"url":"https:\/\/proyeccionedomex.com.mx\/?author=1"}]}},"_links":{"self":[{"href":"https:\/\/proyeccionedomex.com.mx\/index.php?rest_route=\/wp\/v2\/posts\/5028","targetHints":{"allow":["GET"]}}],"collection":[{"href":"https:\/\/proyeccionedomex.com.mx\/index.php?rest_route=\/wp\/v2\/posts"}],"about":[{"href":"https:\/\/proyeccionedomex.com.mx\/index.php?rest_route=\/wp\/v2\/types\/post"}],"author":[{"embeddable":true,"href":"https:\/\/proyeccionedomex.com.mx\/index.php?rest_route=\/wp\/v2\/users\/1"}],"replies":[{"embeddable":true,"href":"https:\/\/proyeccionedomex.com.mx\/index.php?rest_route=%2Fwp%2Fv2%2Fcomments&post=5028"}],"version-history":[{"count":0,"href":"https:\/\/proyeccionedomex.com.mx\/index.php?rest_route=\/wp\/v2\/posts\/5028\/revisions"}],"wp:featuredmedia":[{"embeddable":true,"href":"https:\/\/proyeccionedomex.com.mx\/index.php?rest_route=\/wp\/v2\/media\/5029"}],"wp:attachment":[{"href":"https:\/\/proyeccionedomex.com.mx\/index.php?rest_route=%2Fwp%2Fv2%2Fmedia&parent=5028"}],"wp:term":[{"taxonomy":"category","embeddable":true,"href":"https:\/\/proyeccionedomex.com.mx\/index.php?rest_route=%2Fwp%2Fv2%2Fcategories&post=5028"},{"taxonomy":"post_tag","embeddable":true,"href":"https:\/\/proyeccionedomex.com.mx\/index.php?rest_route=%2Fwp%2Fv2%2Ftags&post=5028"}],"curies":[{"name":"wp","href":"https:\/\/api.w.org\/{rel}","templated":true}]}}