{"id":6012,"date":"2025-04-11T14:53:47","date_gmt":"2025-04-11T14:53:47","guid":{"rendered":"https:\/\/proyeccionedomex.com.mx\/?p=6012"},"modified":"2025-04-11T14:53:49","modified_gmt":"2025-04-11T14:53:49","slug":"mario-santana-carbajal-refuerza-la-seguridad-en-villa-victoria-con-inversion-historica-durante-sus-primeros-100-dias-de-gobierno","status":"publish","type":"post","link":"https:\/\/proyeccionedomex.com.mx\/?p=6012","title":{"rendered":"Mario Santana Carbajal refuerza la seguridad en Villa Victoria con inversi\u00f3n hist\u00f3rica durante sus primeros 100 d\u00edas de gobierno"},"content":{"rendered":"\n<figure class=\"wp-block-gallery has-nested-images columns-default is-cropped wp-block-gallery-1 is-layout-flex wp-block-gallery-is-layout-flex\">\n<figure class=\"wp-block-image size-large td-caption-align-https:\/\/proyeccionedomex.com.mx\/wp-content\/uploads\/2025\/04\/Imagen-de-WhatsApp-2025-04-10-a-las-23.08.47_1a4639db.jpg\"><img loading=\"lazy\" decoding=\"async\" width=\"1024\" height=\"683\" data-id=\"6013\" src=\"https:\/\/proyeccionedomex.com.mx\/wp-content\/uploads\/2025\/04\/Imagen-de-WhatsApp-2025-04-10-a-las-23.08.47_1a4639db-1024x683.jpg\" alt=\"\" class=\"wp-image-6013\" srcset=\"https:\/\/proyeccionedomex.com.mx\/wp-content\/uploads\/2025\/04\/Imagen-de-WhatsApp-2025-04-10-a-las-23.08.47_1a4639db-1024x683.jpg 1024w, https:\/\/proyeccionedomex.com.mx\/wp-content\/uploads\/2025\/04\/Imagen-de-WhatsApp-2025-04-10-a-las-23.08.47_1a4639db-300x200.jpg 300w, https:\/\/proyeccionedomex.com.mx\/wp-content\/uploads\/2025\/04\/Imagen-de-WhatsApp-2025-04-10-a-las-23.08.47_1a4639db-768x512.jpg 768w, https:\/\/proyeccionedomex.com.mx\/wp-content\/uploads\/2025\/04\/Imagen-de-WhatsApp-2025-04-10-a-las-23.08.47_1a4639db-696x464.jpg 696w, https:\/\/proyeccionedomex.com.mx\/wp-content\/uploads\/2025\/04\/Imagen-de-WhatsApp-2025-04-10-a-las-23.08.47_1a4639db-1068x712.jpg 1068w, https:\/\/proyeccionedomex.com.mx\/wp-content\/uploads\/2025\/04\/Imagen-de-WhatsApp-2025-04-10-a-las-23.08.47_1a4639db-630x420.jpg 630w, https:\/\/proyeccionedomex.com.mx\/wp-content\/uploads\/2025\/04\/Imagen-de-WhatsApp-2025-04-10-a-las-23.08.47_1a4639db.jpg 1440w\" sizes=\"auto, (max-width: 1024px) 100vw, 1024px\" \/><\/figure>\n\n\n\n<figure class=\"wp-block-image size-large td-caption-align-https:\/\/proyeccionedomex.com.mx\/wp-content\/uploads\/2025\/04\/Imagen-de-WhatsApp-2025-04-10-a-las-23.08.47_5be3a70c.jpg\"><img loading=\"lazy\" decoding=\"async\" width=\"1024\" height=\"683\" data-id=\"6014\" src=\"https:\/\/proyeccionedomex.com.mx\/wp-content\/uploads\/2025\/04\/Imagen-de-WhatsApp-2025-04-10-a-las-23.08.47_5be3a70c-1024x683.jpg\" alt=\"\" class=\"wp-image-6014\" srcset=\"https:\/\/proyeccionedomex.com.mx\/wp-content\/uploads\/2025\/04\/Imagen-de-WhatsApp-2025-04-10-a-las-23.08.47_5be3a70c-1024x683.jpg 1024w, https:\/\/proyeccionedomex.com.mx\/wp-content\/uploads\/2025\/04\/Imagen-de-WhatsApp-2025-04-10-a-las-23.08.47_5be3a70c-300x200.jpg 300w, https:\/\/proyeccionedomex.com.mx\/wp-content\/uploads\/2025\/04\/Imagen-de-WhatsApp-2025-04-10-a-las-23.08.47_5be3a70c-768x512.jpg 768w, https:\/\/proyeccionedomex.com.mx\/wp-content\/uploads\/2025\/04\/Imagen-de-WhatsApp-2025-04-10-a-las-23.08.47_5be3a70c-696x464.jpg 696w, https:\/\/proyeccionedomex.com.mx\/wp-content\/uploads\/2025\/04\/Imagen-de-WhatsApp-2025-04-10-a-las-23.08.47_5be3a70c-1068x712.jpg 1068w, https:\/\/proyeccionedomex.com.mx\/wp-content\/uploads\/2025\/04\/Imagen-de-WhatsApp-2025-04-10-a-las-23.08.47_5be3a70c-630x420.jpg 630w, https:\/\/proyeccionedomex.com.mx\/wp-content\/uploads\/2025\/04\/Imagen-de-WhatsApp-2025-04-10-a-las-23.08.47_5be3a70c.jpg 1440w\" sizes=\"auto, (max-width: 1024px) 100vw, 1024px\" \/><\/figure>\n\n\n\n<figure class=\"wp-block-image size-large td-caption-align-https:\/\/proyeccionedomex.com.mx\/wp-content\/uploads\/2025\/04\/Imagen-de-WhatsApp-2025-04-10-a-las-23.08.47_47f09b9b.jpg\"><img loading=\"lazy\" decoding=\"async\" width=\"1024\" height=\"683\" data-id=\"6016\" src=\"https:\/\/proyeccionedomex.com.mx\/wp-content\/uploads\/2025\/04\/Imagen-de-WhatsApp-2025-04-10-a-las-23.08.47_47f09b9b-1024x683.jpg\" alt=\"\" class=\"wp-image-6016\" srcset=\"https:\/\/proyeccionedomex.com.mx\/wp-content\/uploads\/2025\/04\/Imagen-de-WhatsApp-2025-04-10-a-las-23.08.47_47f09b9b-1024x683.jpg 1024w, https:\/\/proyeccionedomex.com.mx\/wp-content\/uploads\/2025\/04\/Imagen-de-WhatsApp-2025-04-10-a-las-23.08.47_47f09b9b-300x200.jpg 300w, https:\/\/proyeccionedomex.com.mx\/wp-content\/uploads\/2025\/04\/Imagen-de-WhatsApp-2025-04-10-a-las-23.08.47_47f09b9b-768x512.jpg 768w, https:\/\/proyeccionedomex.com.mx\/wp-content\/uploads\/2025\/04\/Imagen-de-WhatsApp-2025-04-10-a-las-23.08.47_47f09b9b-696x464.jpg 696w, https:\/\/proyeccionedomex.com.mx\/wp-content\/uploads\/2025\/04\/Imagen-de-WhatsApp-2025-04-10-a-las-23.08.47_47f09b9b-1068x712.jpg 1068w, https:\/\/proyeccionedomex.com.mx\/wp-content\/uploads\/2025\/04\/Imagen-de-WhatsApp-2025-04-10-a-las-23.08.47_47f09b9b-630x420.jpg 630w, https:\/\/proyeccionedomex.com.mx\/wp-content\/uploads\/2025\/04\/Imagen-de-WhatsApp-2025-04-10-a-las-23.08.47_47f09b9b.jpg 1440w\" sizes=\"auto, (max-width: 1024px) 100vw, 1024px\" \/><\/figure>\n\n\n\n<figure class=\"wp-block-image size-large td-caption-align-https:\/\/proyeccionedomex.com.mx\/wp-content\/uploads\/2025\/04\/Imagen-de-WhatsApp-2025-04-10-a-las-23.08.47_87f8d71d.jpg\"><img loading=\"lazy\" decoding=\"async\" width=\"1024\" height=\"683\" data-id=\"6015\" src=\"https:\/\/proyeccionedomex.com.mx\/wp-content\/uploads\/2025\/04\/Imagen-de-WhatsApp-2025-04-10-a-las-23.08.47_87f8d71d-1024x683.jpg\" alt=\"\" class=\"wp-image-6015\" srcset=\"https:\/\/proyeccionedomex.com.mx\/wp-content\/uploads\/2025\/04\/Imagen-de-WhatsApp-2025-04-10-a-las-23.08.47_87f8d71d-1024x683.jpg 1024w, https:\/\/proyeccionedomex.com.mx\/wp-content\/uploads\/2025\/04\/Imagen-de-WhatsApp-2025-04-10-a-las-23.08.47_87f8d71d-300x200.jpg 300w, https:\/\/proyeccionedomex.com.mx\/wp-content\/uploads\/2025\/04\/Imagen-de-WhatsApp-2025-04-10-a-las-23.08.47_87f8d71d-768x512.jpg 768w, https:\/\/proyeccionedomex.com.mx\/wp-content\/uploads\/2025\/04\/Imagen-de-WhatsApp-2025-04-10-a-las-23.08.47_87f8d71d-696x464.jpg 696w, https:\/\/proyeccionedomex.com.mx\/wp-content\/uploads\/2025\/04\/Imagen-de-WhatsApp-2025-04-10-a-las-23.08.47_87f8d71d-1068x712.jpg 1068w, https:\/\/proyeccionedomex.com.mx\/wp-content\/uploads\/2025\/04\/Imagen-de-WhatsApp-2025-04-10-a-las-23.08.47_87f8d71d-630x420.jpg 630w, https:\/\/proyeccionedomex.com.mx\/wp-content\/uploads\/2025\/04\/Imagen-de-WhatsApp-2025-04-10-a-las-23.08.47_87f8d71d.jpg 1440w\" sizes=\"auto, (max-width: 1024px) 100vw, 1024px\" \/><\/figure>\n<\/figure>\n\n\n\n<p>Mario Santana Carbajal refuerza la seguridad en Villa Victoria con inversi\u00f3n hist\u00f3rica durante sus primeros 100 d\u00edas de gobierno<\/p>\n\n\n\n<p>Villa Victoria, EDOM\u00c9X.\u2014 Al rendir su Informe de los primeros 100 d\u00edas de gobierno, el presidente municipal Mario Santana Carbajal destac\u00f3 importantes avances en materia de seguridad p\u00fablica, uno de los ejes prioritarios de su administraci\u00f3n, al anunciar una inversi\u00f3n de 17 millones de pesos destinados a fortalecer las capacidades operativas del municipio.<\/p>\n\n\n\n<p>Acompa\u00f1ado por los integrantes del Cabildo, el alcalde tom\u00f3 protesta a las y los delegados municipales, as\u00ed como a los integrantes de los Consejos de Participaci\u00f3n Ciudadana (COPACI), quienes atestiguaron la entrega de siete nuevas patrullas, as\u00ed como el equipamiento correspondiente para elementos de la Direcci\u00f3n de Seguridad P\u00fablica, Protecci\u00f3n Civil y Bomberos.<\/p>\n\n\n\n<p>Durante su mensaje, Santana Carbajal subray\u00f3 que el compromiso con la seguridad de las y los victorenses se traduce en acciones concretas. \u201cLa entrega de estas unidades no es un acto simb\u00f3lico, sino una muestra clara de que estamos trabajando por un municipio m\u00e1s seguro, m\u00e1s ordenado y m\u00e1s cercano a su gente\u201d, expres\u00f3.<\/p>\n\n\n\n<p>Asimismo, reconoci\u00f3 la disposici\u00f3n y apoyo del Gobierno de M\u00e9xico, encabezado por la presidenta Claudia Sheinbaum, y del Gobierno del Estado de M\u00e9xico, liderado por la gobernadora Delfina G\u00f3mez \u00c1lvarez, por canalizar los recursos que constitucionalmente corresponden a los municipios. \u201cEsto demuestra que en M\u00e9xico se gobierna para todos, sin distinciones\u201d, afirm\u00f3.<\/p>\n\n\n\n<p>Santana Carbajal hizo un llamado a continuar sumando esfuerzos para atender las carencias hist\u00f3ricas del municipio, al tiempo que reiter\u00f3 su convicci\u00f3n de que la seguridad es la base para el desarrollo. \u201cHasta ahora, Villa Victoria se mantiene en calma, pero necesitamos m\u00e1s apoyo; somos un municipio \u00e1vido de recursos y no dejaremos de alzar la voz para traer m\u00e1s beneficios a nuestra gente\u201d, a\u00f1adi\u00f3.<\/p>\n\n\n\n<p>Con un enfoque de gobierno cercano y transparente, el alcalde refrend\u00f3 su compromiso de seguir trabajando de la mano con la ciudadan\u00eda y los distintos niveles de gobierno, con el objetivo de mejorar la calidad de vida de los habitantes y consolidar un municipio m\u00e1s fuerte&nbsp;y&nbsp;seguro.<\/p>\n","protected":false},"excerpt":{"rendered":"<p>Mario Santana Carbajal refuerza la seguridad en Villa Victoria con inversi\u00f3n hist\u00f3rica durante sus primeros 100 d\u00edas de gobierno Villa Victoria, EDOM\u00c9X.\u2014 Al rendir su Informe de los primeros 100 d\u00edas de gobierno, el presidente municipal Mario Santana Carbajal destac\u00f3 importantes avances en materia de seguridad p\u00fablica, uno de los ejes prioritarios de su administraci\u00f3n, [&hellip;]<\/p>\n","protected":false},"author":1,"featured_media":6015,"comment_status":"open","ping_status":"closed","sticky":false,"template":"","format":"standard","meta":{"footnotes":""},"categories":[1],"tags":[],"class_list":{"0":"post-6012","1":"post","2":"type-post","3":"status-publish","4":"format-standard","5":"has-post-thumbnail","7":"category-politica"},"yoast_head":"<!-- This site is optimized with the Yoast SEO plugin v27.5 - https:\/\/yoast.com\/product\/yoast-seo-wordpress\/ -->\n<title>Mario Santana Carbajal refuerza la seguridad en Villa Victoria con inversi\u00f3n hist\u00f3rica durante sus primeros 100 d\u00edas de gobierno - Proyecci\u00f3n Estado de M\u00e9xico<\/title>\n<meta name=\"robots\" content=\"index, follow, max-snippet:-1, max-image-preview:large, max-video-preview:-1\" \/>\n<link rel=\"canonical\" href=\"https:\/\/proyeccionedomex.com.mx\/?p=6012\" \/>\n<meta property=\"og:locale\" content=\"es_ES\" \/>\n<meta property=\"og:type\" content=\"article\" \/>\n<meta property=\"og:title\" content=\"Mario Santana Carbajal refuerza la seguridad en Villa Victoria con inversi\u00f3n hist\u00f3rica durante sus primeros 100 d\u00edas de gobierno - Proyecci\u00f3n Estado de M\u00e9xico\" \/>\n<meta property=\"og:description\" content=\"Mario Santana Carbajal refuerza la seguridad en Villa Victoria con inversi\u00f3n hist\u00f3rica durante sus primeros 100 d\u00edas de gobierno Villa Victoria, EDOM\u00c9X.\u2014 Al rendir su Informe de los primeros 100 d\u00edas de gobierno, el presidente municipal Mario Santana Carbajal destac\u00f3 importantes avances en materia de seguridad p\u00fablica, uno de los ejes prioritarios de su administraci\u00f3n, [&hellip;]\" \/>\n<meta property=\"og:url\" content=\"https:\/\/proyeccionedomex.com.mx\/?p=6012\" \/>\n<meta property=\"og:site_name\" content=\"Proyecci\u00f3n Estado de M\u00e9xico\" \/>\n<meta property=\"article:publisher\" content=\"https:\/\/www.facebook.com\/PortaldeNoticiasProyeccionEdomex\" \/>\n<meta property=\"article:published_time\" content=\"2025-04-11T14:53:47+00:00\" \/>\n<meta property=\"article:modified_time\" content=\"2025-04-11T14:53:49+00:00\" \/>\n<meta property=\"og:image\" content=\"https:\/\/proyeccionedomex.com.mx\/wp-content\/uploads\/2025\/04\/Imagen-de-WhatsApp-2025-04-10-a-las-23.08.47_87f8d71d.jpg\" \/>\n\t<meta property=\"og:image:width\" content=\"1440\" \/>\n\t<meta property=\"og:image:height\" content=\"960\" \/>\n\t<meta property=\"og:image:type\" content=\"image\/jpeg\" \/>\n<meta name=\"author\" content=\"Redacci\u00f3n Proyecci\u00f3n EDOM\u00c9X\" \/>\n<meta name=\"twitter:card\" content=\"summary_large_image\" \/>\n<meta name=\"twitter:label1\" content=\"Escrito por\" \/>\n\t<meta name=\"twitter:data1\" content=\"Redacci\u00f3n Proyecci\u00f3n EDOM\u00c9X\" \/>\n\t<meta name=\"twitter:label2\" content=\"Tiempo de lectura\" \/>\n\t<meta name=\"twitter:data2\" content=\"2 minutos\" \/>\n<script type=\"application\/ld+json\" class=\"yoast-schema-graph\">{\"@context\":\"https:\\\/\\\/schema.org\",\"@graph\":[{\"@type\":\"Article\",\"@id\":\"https:\\\/\\\/proyeccionedomex.com.mx\\\/?p=6012#article\",\"isPartOf\":{\"@id\":\"https:\\\/\\\/proyeccionedomex.com.mx\\\/?p=6012\"},\"author\":{\"name\":\"Redacci\u00f3n Proyecci\u00f3n EDOM\u00c9X\",\"@id\":\"https:\\\/\\\/proyeccionedomex.com.mx\\\/#\\\/schema\\\/person\\\/2e66b5427bffed972a69e6b66b4e3a76\"},\"headline\":\"Mario Santana Carbajal refuerza la seguridad en Villa Victoria con inversi\u00f3n hist\u00f3rica durante sus primeros 100 d\u00edas de gobierno\",\"datePublished\":\"2025-04-11T14:53:47+00:00\",\"dateModified\":\"2025-04-11T14:53:49+00:00\",\"mainEntityOfPage\":{\"@id\":\"https:\\\/\\\/proyeccionedomex.com.mx\\\/?p=6012\"},\"wordCount\":393,\"commentCount\":0,\"publisher\":{\"@id\":\"https:\\\/\\\/proyeccionedomex.com.mx\\\/#organization\"},\"image\":{\"@id\":\"https:\\\/\\\/proyeccionedomex.com.mx\\\/?p=6012#primaryimage\"},\"thumbnailUrl\":\"https:\\\/\\\/proyeccionedomex.com.mx\\\/wp-content\\\/uploads\\\/2025\\\/04\\\/Imagen-de-WhatsApp-2025-04-10-a-las-23.08.47_87f8d71d.jpg\",\"articleSection\":[\"Politica\"],\"inLanguage\":\"es\",\"potentialAction\":[{\"@type\":\"CommentAction\",\"name\":\"Comment\",\"target\":[\"https:\\\/\\\/proyeccionedomex.com.mx\\\/?p=6012#respond\"]}]},{\"@type\":\"WebPage\",\"@id\":\"https:\\\/\\\/proyeccionedomex.com.mx\\\/?p=6012\",\"url\":\"https:\\\/\\\/proyeccionedomex.com.mx\\\/?p=6012\",\"name\":\"Mario Santana Carbajal refuerza la seguridad en Villa Victoria con inversi\u00f3n hist\u00f3rica durante sus primeros 100 d\u00edas de gobierno - Proyecci\u00f3n Estado de M\u00e9xico\",\"isPartOf\":{\"@id\":\"https:\\\/\\\/proyeccionedomex.com.mx\\\/#website\"},\"primaryImageOfPage\":{\"@id\":\"https:\\\/\\\/proyeccionedomex.com.mx\\\/?p=6012#primaryimage\"},\"image\":{\"@id\":\"https:\\\/\\\/proyeccionedomex.com.mx\\\/?p=6012#primaryimage\"},\"thumbnailUrl\":\"https:\\\/\\\/proyeccionedomex.com.mx\\\/wp-content\\\/uploads\\\/2025\\\/04\\\/Imagen-de-WhatsApp-2025-04-10-a-las-23.08.47_87f8d71d.jpg\",\"datePublished\":\"2025-04-11T14:53:47+00:00\",\"dateModified\":\"2025-04-11T14:53:49+00:00\",\"breadcrumb\":{\"@id\":\"https:\\\/\\\/proyeccionedomex.com.mx\\\/?p=6012#breadcrumb\"},\"inLanguage\":\"es\",\"potentialAction\":[{\"@type\":\"ReadAction\",\"target\":[\"https:\\\/\\\/proyeccionedomex.com.mx\\\/?p=6012\"]}]},{\"@type\":\"ImageObject\",\"inLanguage\":\"es\",\"@id\":\"https:\\\/\\\/proyeccionedomex.com.mx\\\/?p=6012#primaryimage\",\"url\":\"https:\\\/\\\/proyeccionedomex.com.mx\\\/wp-content\\\/uploads\\\/2025\\\/04\\\/Imagen-de-WhatsApp-2025-04-10-a-las-23.08.47_87f8d71d.jpg\",\"contentUrl\":\"https:\\\/\\\/proyeccionedomex.com.mx\\\/wp-content\\\/uploads\\\/2025\\\/04\\\/Imagen-de-WhatsApp-2025-04-10-a-las-23.08.47_87f8d71d.jpg\",\"width\":1440,\"height\":960},{\"@type\":\"BreadcrumbList\",\"@id\":\"https:\\\/\\\/proyeccionedomex.com.mx\\\/?p=6012#breadcrumb\",\"itemListElement\":[{\"@type\":\"ListItem\",\"position\":1,\"name\":\"Portada\",\"item\":\"https:\\\/\\\/proyeccionedomex.com.mx\\\/\"},{\"@type\":\"ListItem\",\"position\":2,\"name\":\"Mario Santana Carbajal refuerza la seguridad en Villa Victoria con inversi\u00f3n hist\u00f3rica durante sus primeros 100 d\u00edas de gobierno\"}]},{\"@type\":\"WebSite\",\"@id\":\"https:\\\/\\\/proyeccionedomex.com.mx\\\/#website\",\"url\":\"https:\\\/\\\/proyeccionedomex.com.mx\\\/\",\"name\":\"Proyecci\u00f3n Estado de M\u00e9xico\",\"description\":\"Proyecci\u00f3n Edo. Mex.\",\"publisher\":{\"@id\":\"https:\\\/\\\/proyeccionedomex.com.mx\\\/#organization\"},\"potentialAction\":[{\"@type\":\"SearchAction\",\"target\":{\"@type\":\"EntryPoint\",\"urlTemplate\":\"https:\\\/\\\/proyeccionedomex.com.mx\\\/?s={search_term_string}\"},\"query-input\":{\"@type\":\"PropertyValueSpecification\",\"valueRequired\":true,\"valueName\":\"search_term_string\"}}],\"inLanguage\":\"es\"},{\"@type\":\"Organization\",\"@id\":\"https:\\\/\\\/proyeccionedomex.com.mx\\\/#organization\",\"name\":\"Proyecci\u00f3n Estado de M\u00e9xico\",\"url\":\"https:\\\/\\\/proyeccionedomex.com.mx\\\/\",\"logo\":{\"@type\":\"ImageObject\",\"inLanguage\":\"es\",\"@id\":\"https:\\\/\\\/proyeccionedomex.com.mx\\\/#\\\/schema\\\/logo\\\/image\\\/\",\"url\":\"https:\\\/\\\/proyeccionedomex.com.mx\\\/wp-content\\\/uploads\\\/2024\\\/03\\\/proyeccion.jpg\",\"contentUrl\":\"https:\\\/\\\/proyeccionedomex.com.mx\\\/wp-content\\\/uploads\\\/2024\\\/03\\\/proyeccion.jpg\",\"width\":1143,\"height\":801,\"caption\":\"Proyecci\u00f3n Estado de M\u00e9xico\"},\"image\":{\"@id\":\"https:\\\/\\\/proyeccionedomex.com.mx\\\/#\\\/schema\\\/logo\\\/image\\\/\"},\"sameAs\":[\"https:\\\/\\\/www.facebook.com\\\/PortaldeNoticiasProyeccionEdomex\"]},{\"@type\":\"Person\",\"@id\":\"https:\\\/\\\/proyeccionedomex.com.mx\\\/#\\\/schema\\\/person\\\/2e66b5427bffed972a69e6b66b4e3a76\",\"name\":\"Redacci\u00f3n Proyecci\u00f3n EDOM\u00c9X\",\"image\":{\"@type\":\"ImageObject\",\"inLanguage\":\"es\",\"@id\":\"https:\\\/\\\/secure.gravatar.com\\\/avatar\\\/f43a2254d614198c44c96f86f1f078a06cac3d39a3250e9245aa331797519cab?s=96&d=mm&r=g\",\"url\":\"https:\\\/\\\/secure.gravatar.com\\\/avatar\\\/f43a2254d614198c44c96f86f1f078a06cac3d39a3250e9245aa331797519cab?s=96&d=mm&r=g\",\"contentUrl\":\"https:\\\/\\\/secure.gravatar.com\\\/avatar\\\/f43a2254d614198c44c96f86f1f078a06cac3d39a3250e9245aa331797519cab?s=96&d=mm&r=g\",\"caption\":\"Redacci\u00f3n Proyecci\u00f3n EDOM\u00c9X\"},\"sameAs\":[\"https:\\\/\\\/proyeccionedomex.com.mx\"],\"url\":\"https:\\\/\\\/proyeccionedomex.com.mx\\\/?author=1\"}]}<\/script>\n<!-- \/ Yoast SEO plugin. -->","yoast_head_json":{"title":"Mario Santana Carbajal refuerza la seguridad en Villa Victoria con inversi\u00f3n hist\u00f3rica durante sus primeros 100 d\u00edas de gobierno - Proyecci\u00f3n Estado de M\u00e9xico","robots":{"index":"index","follow":"follow","max-snippet":"max-snippet:-1","max-image-preview":"max-image-preview:large","max-video-preview":"max-video-preview:-1"},"canonical":"https:\/\/proyeccionedomex.com.mx\/?p=6012","og_locale":"es_ES","og_type":"article","og_title":"Mario Santana Carbajal refuerza la seguridad en Villa Victoria con inversi\u00f3n hist\u00f3rica durante sus primeros 100 d\u00edas de gobierno - Proyecci\u00f3n Estado de M\u00e9xico","og_description":"Mario Santana Carbajal refuerza la seguridad en Villa Victoria con inversi\u00f3n hist\u00f3rica durante sus primeros 100 d\u00edas de gobierno Villa Victoria, EDOM\u00c9X.\u2014 Al rendir su Informe de los primeros 100 d\u00edas de gobierno, el presidente municipal Mario Santana Carbajal destac\u00f3 importantes avances en materia de seguridad p\u00fablica, uno de los ejes prioritarios de su administraci\u00f3n, [&hellip;]","og_url":"https:\/\/proyeccionedomex.com.mx\/?p=6012","og_site_name":"Proyecci\u00f3n Estado de M\u00e9xico","article_publisher":"https:\/\/www.facebook.com\/PortaldeNoticiasProyeccionEdomex","article_published_time":"2025-04-11T14:53:47+00:00","article_modified_time":"2025-04-11T14:53:49+00:00","og_image":[{"width":1440,"height":960,"url":"https:\/\/proyeccionedomex.com.mx\/wp-content\/uploads\/2025\/04\/Imagen-de-WhatsApp-2025-04-10-a-las-23.08.47_87f8d71d.jpg","type":"image\/jpeg"}],"author":"Redacci\u00f3n Proyecci\u00f3n EDOM\u00c9X","twitter_card":"summary_large_image","twitter_misc":{"Escrito por":"Redacci\u00f3n Proyecci\u00f3n EDOM\u00c9X","Tiempo de lectura":"2 minutos"},"schema":{"@context":"https:\/\/schema.org","@graph":[{"@type":"Article","@id":"https:\/\/proyeccionedomex.com.mx\/?p=6012#article","isPartOf":{"@id":"https:\/\/proyeccionedomex.com.mx\/?p=6012"},"author":{"name":"Redacci\u00f3n Proyecci\u00f3n EDOM\u00c9X","@id":"https:\/\/proyeccionedomex.com.mx\/#\/schema\/person\/2e66b5427bffed972a69e6b66b4e3a76"},"headline":"Mario Santana Carbajal refuerza la seguridad en Villa Victoria con inversi\u00f3n hist\u00f3rica durante sus primeros 100 d\u00edas de gobierno","datePublished":"2025-04-11T14:53:47+00:00","dateModified":"2025-04-11T14:53:49+00:00","mainEntityOfPage":{"@id":"https:\/\/proyeccionedomex.com.mx\/?p=6012"},"wordCount":393,"commentCount":0,"publisher":{"@id":"https:\/\/proyeccionedomex.com.mx\/#organization"},"image":{"@id":"https:\/\/proyeccionedomex.com.mx\/?p=6012#primaryimage"},"thumbnailUrl":"https:\/\/proyeccionedomex.com.mx\/wp-content\/uploads\/2025\/04\/Imagen-de-WhatsApp-2025-04-10-a-las-23.08.47_87f8d71d.jpg","articleSection":["Politica"],"inLanguage":"es","potentialAction":[{"@type":"CommentAction","name":"Comment","target":["https:\/\/proyeccionedomex.com.mx\/?p=6012#respond"]}]},{"@type":"WebPage","@id":"https:\/\/proyeccionedomex.com.mx\/?p=6012","url":"https:\/\/proyeccionedomex.com.mx\/?p=6012","name":"Mario Santana Carbajal refuerza la seguridad en Villa Victoria con inversi\u00f3n hist\u00f3rica durante sus primeros 100 d\u00edas de gobierno - Proyecci\u00f3n Estado de M\u00e9xico","isPartOf":{"@id":"https:\/\/proyeccionedomex.com.mx\/#website"},"primaryImageOfPage":{"@id":"https:\/\/proyeccionedomex.com.mx\/?p=6012#primaryimage"},"image":{"@id":"https:\/\/proyeccionedomex.com.mx\/?p=6012#primaryimage"},"thumbnailUrl":"https:\/\/proyeccionedomex.com.mx\/wp-content\/uploads\/2025\/04\/Imagen-de-WhatsApp-2025-04-10-a-las-23.08.47_87f8d71d.jpg","datePublished":"2025-04-11T14:53:47+00:00","dateModified":"2025-04-11T14:53:49+00:00","breadcrumb":{"@id":"https:\/\/proyeccionedomex.com.mx\/?p=6012#breadcrumb"},"inLanguage":"es","potentialAction":[{"@type":"ReadAction","target":["https:\/\/proyeccionedomex.com.mx\/?p=6012"]}]},{"@type":"ImageObject","inLanguage":"es","@id":"https:\/\/proyeccionedomex.com.mx\/?p=6012#primaryimage","url":"https:\/\/proyeccionedomex.com.mx\/wp-content\/uploads\/2025\/04\/Imagen-de-WhatsApp-2025-04-10-a-las-23.08.47_87f8d71d.jpg","contentUrl":"https:\/\/proyeccionedomex.com.mx\/wp-content\/uploads\/2025\/04\/Imagen-de-WhatsApp-2025-04-10-a-las-23.08.47_87f8d71d.jpg","width":1440,"height":960},{"@type":"BreadcrumbList","@id":"https:\/\/proyeccionedomex.com.mx\/?p=6012#breadcrumb","itemListElement":[{"@type":"ListItem","position":1,"name":"Portada","item":"https:\/\/proyeccionedomex.com.mx\/"},{"@type":"ListItem","position":2,"name":"Mario Santana Carbajal refuerza la seguridad en Villa Victoria con inversi\u00f3n hist\u00f3rica durante sus primeros 100 d\u00edas de gobierno"}]},{"@type":"WebSite","@id":"https:\/\/proyeccionedomex.com.mx\/#website","url":"https:\/\/proyeccionedomex.com.mx\/","name":"Proyecci\u00f3n Estado de M\u00e9xico","description":"Proyecci\u00f3n Edo. Mex.","publisher":{"@id":"https:\/\/proyeccionedomex.com.mx\/#organization"},"potentialAction":[{"@type":"SearchAction","target":{"@type":"EntryPoint","urlTemplate":"https:\/\/proyeccionedomex.com.mx\/?s={search_term_string}"},"query-input":{"@type":"PropertyValueSpecification","valueRequired":true,"valueName":"search_term_string"}}],"inLanguage":"es"},{"@type":"Organization","@id":"https:\/\/proyeccionedomex.com.mx\/#organization","name":"Proyecci\u00f3n Estado de M\u00e9xico","url":"https:\/\/proyeccionedomex.com.mx\/","logo":{"@type":"ImageObject","inLanguage":"es","@id":"https:\/\/proyeccionedomex.com.mx\/#\/schema\/logo\/image\/","url":"https:\/\/proyeccionedomex.com.mx\/wp-content\/uploads\/2024\/03\/proyeccion.jpg","contentUrl":"https:\/\/proyeccionedomex.com.mx\/wp-content\/uploads\/2024\/03\/proyeccion.jpg","width":1143,"height":801,"caption":"Proyecci\u00f3n Estado de M\u00e9xico"},"image":{"@id":"https:\/\/proyeccionedomex.com.mx\/#\/schema\/logo\/image\/"},"sameAs":["https:\/\/www.facebook.com\/PortaldeNoticiasProyeccionEdomex"]},{"@type":"Person","@id":"https:\/\/proyeccionedomex.com.mx\/#\/schema\/person\/2e66b5427bffed972a69e6b66b4e3a76","name":"Redacci\u00f3n Proyecci\u00f3n EDOM\u00c9X","image":{"@type":"ImageObject","inLanguage":"es","@id":"https:\/\/secure.gravatar.com\/avatar\/f43a2254d614198c44c96f86f1f078a06cac3d39a3250e9245aa331797519cab?s=96&d=mm&r=g","url":"https:\/\/secure.gravatar.com\/avatar\/f43a2254d614198c44c96f86f1f078a06cac3d39a3250e9245aa331797519cab?s=96&d=mm&r=g","contentUrl":"https:\/\/secure.gravatar.com\/avatar\/f43a2254d614198c44c96f86f1f078a06cac3d39a3250e9245aa331797519cab?s=96&d=mm&r=g","caption":"Redacci\u00f3n Proyecci\u00f3n EDOM\u00c9X"},"sameAs":["https:\/\/proyeccionedomex.com.mx"],"url":"https:\/\/proyeccionedomex.com.mx\/?author=1"}]}},"_links":{"self":[{"href":"https:\/\/proyeccionedomex.com.mx\/index.php?rest_route=\/wp\/v2\/posts\/6012","targetHints":{"allow":["GET"]}}],"collection":[{"href":"https:\/\/proyeccionedomex.com.mx\/index.php?rest_route=\/wp\/v2\/posts"}],"about":[{"href":"https:\/\/proyeccionedomex.com.mx\/index.php?rest_route=\/wp\/v2\/types\/post"}],"author":[{"embeddable":true,"href":"https:\/\/proyeccionedomex.com.mx\/index.php?rest_route=\/wp\/v2\/users\/1"}],"replies":[{"embeddable":true,"href":"https:\/\/proyeccionedomex.com.mx\/index.php?rest_route=%2Fwp%2Fv2%2Fcomments&post=6012"}],"version-history":[{"count":0,"href":"https:\/\/proyeccionedomex.com.mx\/index.php?rest_route=\/wp\/v2\/posts\/6012\/revisions"}],"wp:featuredmedia":[{"embeddable":true,"href":"https:\/\/proyeccionedomex.com.mx\/index.php?rest_route=\/wp\/v2\/media\/6015"}],"wp:attachment":[{"href":"https:\/\/proyeccionedomex.com.mx\/index.php?rest_route=%2Fwp%2Fv2%2Fmedia&parent=6012"}],"wp:term":[{"taxonomy":"category","embeddable":true,"href":"https:\/\/proyeccionedomex.com.mx\/index.php?rest_route=%2Fwp%2Fv2%2Fcategories&post=6012"},{"taxonomy":"post_tag","embeddable":true,"href":"https:\/\/proyeccionedomex.com.mx\/index.php?rest_route=%2Fwp%2Fv2%2Ftags&post=6012"}],"curies":[{"name":"wp","href":"https:\/\/api.w.org\/{rel}","templated":true}]}}