{"id":6106,"date":"2025-04-14T15:23:43","date_gmt":"2025-04-14T15:23:43","guid":{"rendered":"https:\/\/proyeccionedomex.com.mx\/?p=6106"},"modified":"2025-04-14T15:24:03","modified_gmt":"2025-04-14T15:24:03","slug":"pepe-couttolenc-recorre-los-125-municipios-del-edomex-para-consolidar-un-pvem-de-accion-y-cercania","status":"publish","type":"post","link":"https:\/\/proyeccionedomex.com.mx\/?p=6106","title":{"rendered":"Pepe Couttolenc recorre los 125 municipios del Edom\u00e9x para consolidar un PVEM de acci\u00f3n y cercan\u00eda"},"content":{"rendered":"\n<figure class=\"wp-block-image size-large td-caption-align-https:\/\/proyeccionedomex.com.mx\/wp-content\/uploads\/2025\/04\/Imagen-de-WhatsApp-2025-04-13-a-las-23.02.03_55d3680d-scaled.jpg\"><img loading=\"lazy\" decoding=\"async\" width=\"1024\" height=\"683\" src=\"https:\/\/proyeccionedomex.com.mx\/wp-content\/uploads\/2025\/04\/Imagen-de-WhatsApp-2025-04-13-a-las-23.02.03_55d3680d-1024x683.jpg\" alt=\"\" class=\"wp-image-6109\" srcset=\"https:\/\/proyeccionedomex.com.mx\/wp-content\/uploads\/2025\/04\/Imagen-de-WhatsApp-2025-04-13-a-las-23.02.03_55d3680d-1024x683.jpg 1024w, https:\/\/proyeccionedomex.com.mx\/wp-content\/uploads\/2025\/04\/Imagen-de-WhatsApp-2025-04-13-a-las-23.02.03_55d3680d-300x200.jpg 300w, https:\/\/proyeccionedomex.com.mx\/wp-content\/uploads\/2025\/04\/Imagen-de-WhatsApp-2025-04-13-a-las-23.02.03_55d3680d-768x512.jpg 768w, https:\/\/proyeccionedomex.com.mx\/wp-content\/uploads\/2025\/04\/Imagen-de-WhatsApp-2025-04-13-a-las-23.02.03_55d3680d-1536x1024.jpg 1536w, https:\/\/proyeccionedomex.com.mx\/wp-content\/uploads\/2025\/04\/Imagen-de-WhatsApp-2025-04-13-a-las-23.02.03_55d3680d-2048x1365.jpg 2048w, https:\/\/proyeccionedomex.com.mx\/wp-content\/uploads\/2025\/04\/Imagen-de-WhatsApp-2025-04-13-a-las-23.02.03_55d3680d-696x464.jpg 696w, https:\/\/proyeccionedomex.com.mx\/wp-content\/uploads\/2025\/04\/Imagen-de-WhatsApp-2025-04-13-a-las-23.02.03_55d3680d-1068x712.jpg 1068w, https:\/\/proyeccionedomex.com.mx\/wp-content\/uploads\/2025\/04\/Imagen-de-WhatsApp-2025-04-13-a-las-23.02.03_55d3680d-630x420.jpg 630w\" sizes=\"auto, (max-width: 1024px) 100vw, 1024px\" \/><\/figure>\n\n\n\n<figure class=\"wp-block-gallery has-nested-images columns-default is-cropped wp-block-gallery-1 is-layout-flex wp-block-gallery-is-layout-flex\">\n<figure class=\"wp-block-image size-large td-caption-align-https:\/\/proyeccionedomex.com.mx\/wp-content\/uploads\/2025\/04\/Imagen-de-WhatsApp-2025-04-13-a-las-23.02.03_007de2e3.jpg\"><img loading=\"lazy\" decoding=\"async\" width=\"1024\" height=\"683\" data-id=\"6107\" src=\"https:\/\/proyeccionedomex.com.mx\/wp-content\/uploads\/2025\/04\/Imagen-de-WhatsApp-2025-04-13-a-las-23.02.03_007de2e3-1024x683.jpg\" alt=\"\" class=\"wp-image-6107\" srcset=\"https:\/\/proyeccionedomex.com.mx\/wp-content\/uploads\/2025\/04\/Imagen-de-WhatsApp-2025-04-13-a-las-23.02.03_007de2e3-1024x683.jpg 1024w, https:\/\/proyeccionedomex.com.mx\/wp-content\/uploads\/2025\/04\/Imagen-de-WhatsApp-2025-04-13-a-las-23.02.03_007de2e3-300x200.jpg 300w, https:\/\/proyeccionedomex.com.mx\/wp-content\/uploads\/2025\/04\/Imagen-de-WhatsApp-2025-04-13-a-las-23.02.03_007de2e3-768x512.jpg 768w, https:\/\/proyeccionedomex.com.mx\/wp-content\/uploads\/2025\/04\/Imagen-de-WhatsApp-2025-04-13-a-las-23.02.03_007de2e3-696x464.jpg 696w, https:\/\/proyeccionedomex.com.mx\/wp-content\/uploads\/2025\/04\/Imagen-de-WhatsApp-2025-04-13-a-las-23.02.03_007de2e3-1068x712.jpg 1068w, https:\/\/proyeccionedomex.com.mx\/wp-content\/uploads\/2025\/04\/Imagen-de-WhatsApp-2025-04-13-a-las-23.02.03_007de2e3-630x420.jpg 630w, https:\/\/proyeccionedomex.com.mx\/wp-content\/uploads\/2025\/04\/Imagen-de-WhatsApp-2025-04-13-a-las-23.02.03_007de2e3.jpg 1080w\" sizes=\"auto, (max-width: 1024px) 100vw, 1024px\" \/><\/figure>\n\n\n\n<figure class=\"wp-block-image size-large td-caption-align-https:\/\/proyeccionedomex.com.mx\/wp-content\/uploads\/2025\/04\/Imagen-de-WhatsApp-2025-04-13-a-las-23.02.03_f7cd8627-scaled.jpg\"><img loading=\"lazy\" decoding=\"async\" width=\"1024\" height=\"683\" data-id=\"6108\" src=\"https:\/\/proyeccionedomex.com.mx\/wp-content\/uploads\/2025\/04\/Imagen-de-WhatsApp-2025-04-13-a-las-23.02.03_f7cd8627-1024x683.jpg\" alt=\"\" class=\"wp-image-6108\" srcset=\"https:\/\/proyeccionedomex.com.mx\/wp-content\/uploads\/2025\/04\/Imagen-de-WhatsApp-2025-04-13-a-las-23.02.03_f7cd8627-1024x683.jpg 1024w, https:\/\/proyeccionedomex.com.mx\/wp-content\/uploads\/2025\/04\/Imagen-de-WhatsApp-2025-04-13-a-las-23.02.03_f7cd8627-300x200.jpg 300w, https:\/\/proyeccionedomex.com.mx\/wp-content\/uploads\/2025\/04\/Imagen-de-WhatsApp-2025-04-13-a-las-23.02.03_f7cd8627-768x512.jpg 768w, https:\/\/proyeccionedomex.com.mx\/wp-content\/uploads\/2025\/04\/Imagen-de-WhatsApp-2025-04-13-a-las-23.02.03_f7cd8627-1536x1024.jpg 1536w, https:\/\/proyeccionedomex.com.mx\/wp-content\/uploads\/2025\/04\/Imagen-de-WhatsApp-2025-04-13-a-las-23.02.03_f7cd8627-2048x1365.jpg 2048w, https:\/\/proyeccionedomex.com.mx\/wp-content\/uploads\/2025\/04\/Imagen-de-WhatsApp-2025-04-13-a-las-23.02.03_f7cd8627-696x464.jpg 696w, https:\/\/proyeccionedomex.com.mx\/wp-content\/uploads\/2025\/04\/Imagen-de-WhatsApp-2025-04-13-a-las-23.02.03_f7cd8627-1068x712.jpg 1068w, https:\/\/proyeccionedomex.com.mx\/wp-content\/uploads\/2025\/04\/Imagen-de-WhatsApp-2025-04-13-a-las-23.02.03_f7cd8627-630x420.jpg 630w\" sizes=\"auto, (max-width: 1024px) 100vw, 1024px\" \/><\/figure>\n<\/figure>\n\n\n\n<p>Pepe Couttolenc recorre los 125 municipios del Edom\u00e9x para consolidar un PVEM de acci\u00f3n y cercan\u00eda<\/p>\n\n\n\n<p>Toluca, EDOM\u00c9X.- Jos\u00e9 Alberto Couttolenc Buentello, l\u00edder estatal del Partido Verde Ecologista de M\u00e9xico en el Estado de M\u00e9xico, ha iniciado un ambicioso recorrido por los 125 municipios de la entidad, con el prop\u00f3sito de afianzar el v\u00ednculo con la ciudadan\u00eda y fortalecer las estructuras territoriales del partido. Este proceso de afiliaci\u00f3n y validaci\u00f3n de dirigentes busca consolidar una organizaci\u00f3n pol\u00edtica activa, cercana y genuinamente representativa.<\/p>\n\n\n\n<p>\u201cHoy m\u00e1s que nunca, los ciudadanos claman por una pol\u00edtica que cumpla sus promesas. No basta con hablar, es esencial bajar a cada comunidad, escuchar sus necesidades y actuar en consecuencia\u201d, coment\u00f3 Couttolenc durante los encuentros realizados en localidades como Texcoco, Nezahualc\u00f3yotl, Villa Victoria, Coacalco, Toluca, Jilotepec, Jocotitl\u00e1n y Otumba.<\/p>\n\n\n\n<p>El recorrido no solo se centra en sumar nuevos afiliados, sino tambi\u00e9n en garantizar que las estructuras municipales est\u00e9n compuestas por l\u00edderes comprometidos y capaces de responder a las demandas del territorio. En este sentido, se est\u00e1 realizando una exhaustiva revisi\u00f3n de los comit\u00e9s y dirigencias para comprobar que cuentan con liderazgo real, capacidad organizativa y una genuina disposici\u00f3n a trabajar por el bienestar de la comunidad.<\/p>\n\n\n\n<p>El dirigente enfatiz\u00f3 que el proceso de afiliaci\u00f3n trasciende lo meramente simb\u00f3lico, consider\u00e1ndolo una declaraci\u00f3n de principios de aquellos que desean contribuir activamente al cambio a trav\u00e9s de la plataforma del Partido Verde. \u201cCada vez m\u00e1s j\u00f3venes, mujeres, campesinos, profesionistas y activistas se suman al partido, convencidos de que los temas del medio ambiente, la protecci\u00f3n animal y la justicia social requieren una acci\u00f3n inmediata\u201d, afirm\u00f3.<\/p>\n\n\n\n<p>Couttolenc destac\u00f3 adem\u00e1s que el fortalecimiento del partido tiene un doble impacto: por un lado, refuerza la organizaci\u00f3n interna del PVEM y, por otro, contribuye al fortalecimiento de la democracia. Un partido con estructuras s\u00f3lidas y una afiliaci\u00f3n transparente est\u00e1 mejor equipado para rendir cuentas, abrir espacios de participaci\u00f3n y responder a la confianza depositada por la ciudadan\u00eda.<\/p>\n\n\n\n<p>Finalmente, el dirigente hizo un llamado a la integraci\u00f3n, invitando a quienes a\u00fan no lo han hecho a sumarse al Partido Verde. Seg\u00fan Couttolenc, la pol\u00edtica debe servir a causas urgentes, como la defensa del agua, la protecci\u00f3n de \u00e1reas naturales, la lucha contra el cambio clim\u00e1tico, la promoci\u00f3n de la movilidad sustentable y la garant\u00eda de una vida digna para todas y todos. Con este recorrido, el PVEM en el Estado de M\u00e9xico reafirma su compromiso de transformar la pol\u00edtica en acci\u00f3n real y comprometida&nbsp;con&nbsp;el&nbsp;pueblo.<\/p>\n","protected":false},"excerpt":{"rendered":"<p>Pepe Couttolenc recorre los 125 municipios del Edom\u00e9x para consolidar un PVEM de acci\u00f3n y cercan\u00eda Toluca, EDOM\u00c9X.- Jos\u00e9 Alberto Couttolenc Buentello, l\u00edder estatal del Partido Verde Ecologista de M\u00e9xico en el Estado de M\u00e9xico, ha iniciado un ambicioso recorrido por los 125 municipios de la entidad, con el prop\u00f3sito de afianzar el v\u00ednculo con [&hellip;]<\/p>\n","protected":false},"author":1,"featured_media":6109,"comment_status":"open","ping_status":"closed","sticky":false,"template":"","format":"standard","meta":{"footnotes":""},"categories":[1],"tags":[],"class_list":{"0":"post-6106","1":"post","2":"type-post","3":"status-publish","4":"format-standard","5":"has-post-thumbnail","7":"category-politica"},"yoast_head":"<!-- This site is optimized with the Yoast SEO plugin v27.5 - https:\/\/yoast.com\/product\/yoast-seo-wordpress\/ -->\n<title>Pepe Couttolenc recorre los 125 municipios del Edom\u00e9x para consolidar un PVEM de acci\u00f3n y cercan\u00eda - Proyecci\u00f3n Estado de M\u00e9xico<\/title>\n<meta name=\"robots\" content=\"index, follow, max-snippet:-1, max-image-preview:large, max-video-preview:-1\" \/>\n<link rel=\"canonical\" href=\"https:\/\/proyeccionedomex.com.mx\/?p=6106\" \/>\n<meta property=\"og:locale\" content=\"es_ES\" \/>\n<meta property=\"og:type\" content=\"article\" \/>\n<meta property=\"og:title\" content=\"Pepe Couttolenc recorre los 125 municipios del Edom\u00e9x para consolidar un PVEM de acci\u00f3n y cercan\u00eda - Proyecci\u00f3n Estado de M\u00e9xico\" \/>\n<meta property=\"og:description\" content=\"Pepe Couttolenc recorre los 125 municipios del Edom\u00e9x para consolidar un PVEM de acci\u00f3n y cercan\u00eda Toluca, EDOM\u00c9X.- Jos\u00e9 Alberto Couttolenc Buentello, l\u00edder estatal del Partido Verde Ecologista de M\u00e9xico en el Estado de M\u00e9xico, ha iniciado un ambicioso recorrido por los 125 municipios de la entidad, con el prop\u00f3sito de afianzar el v\u00ednculo con [&hellip;]\" \/>\n<meta property=\"og:url\" content=\"https:\/\/proyeccionedomex.com.mx\/?p=6106\" \/>\n<meta property=\"og:site_name\" content=\"Proyecci\u00f3n Estado de M\u00e9xico\" \/>\n<meta property=\"article:publisher\" content=\"https:\/\/www.facebook.com\/PortaldeNoticiasProyeccionEdomex\" \/>\n<meta property=\"article:published_time\" content=\"2025-04-14T15:23:43+00:00\" \/>\n<meta property=\"article:modified_time\" content=\"2025-04-14T15:24:03+00:00\" \/>\n<meta property=\"og:image\" content=\"https:\/\/proyeccionedomex.com.mx\/wp-content\/uploads\/2025\/04\/Imagen-de-WhatsApp-2025-04-13-a-las-23.02.03_55d3680d-scaled.jpg\" \/>\n\t<meta property=\"og:image:width\" content=\"2560\" \/>\n\t<meta property=\"og:image:height\" content=\"1706\" \/>\n\t<meta property=\"og:image:type\" content=\"image\/jpeg\" \/>\n<meta name=\"author\" content=\"Redacci\u00f3n Proyecci\u00f3n EDOM\u00c9X\" \/>\n<meta name=\"twitter:card\" content=\"summary_large_image\" \/>\n<meta name=\"twitter:label1\" content=\"Escrito por\" \/>\n\t<meta name=\"twitter:data1\" content=\"Redacci\u00f3n Proyecci\u00f3n EDOM\u00c9X\" \/>\n\t<meta name=\"twitter:label2\" content=\"Tiempo de lectura\" \/>\n\t<meta name=\"twitter:data2\" content=\"3 minutos\" \/>\n<script type=\"application\/ld+json\" class=\"yoast-schema-graph\">{\"@context\":\"https:\\\/\\\/schema.org\",\"@graph\":[{\"@type\":\"Article\",\"@id\":\"https:\\\/\\\/proyeccionedomex.com.mx\\\/?p=6106#article\",\"isPartOf\":{\"@id\":\"https:\\\/\\\/proyeccionedomex.com.mx\\\/?p=6106\"},\"author\":{\"name\":\"Redacci\u00f3n Proyecci\u00f3n EDOM\u00c9X\",\"@id\":\"https:\\\/\\\/proyeccionedomex.com.mx\\\/#\\\/schema\\\/person\\\/2e66b5427bffed972a69e6b66b4e3a76\"},\"headline\":\"Pepe Couttolenc recorre los 125 municipios del Edom\u00e9x para consolidar un PVEM de acci\u00f3n y cercan\u00eda\",\"datePublished\":\"2025-04-14T15:23:43+00:00\",\"dateModified\":\"2025-04-14T15:24:03+00:00\",\"mainEntityOfPage\":{\"@id\":\"https:\\\/\\\/proyeccionedomex.com.mx\\\/?p=6106\"},\"wordCount\":482,\"commentCount\":0,\"publisher\":{\"@id\":\"https:\\\/\\\/proyeccionedomex.com.mx\\\/#organization\"},\"image\":{\"@id\":\"https:\\\/\\\/proyeccionedomex.com.mx\\\/?p=6106#primaryimage\"},\"thumbnailUrl\":\"https:\\\/\\\/proyeccionedomex.com.mx\\\/wp-content\\\/uploads\\\/2025\\\/04\\\/Imagen-de-WhatsApp-2025-04-13-a-las-23.02.03_55d3680d-scaled.jpg\",\"articleSection\":[\"Politica\"],\"inLanguage\":\"es\",\"potentialAction\":[{\"@type\":\"CommentAction\",\"name\":\"Comment\",\"target\":[\"https:\\\/\\\/proyeccionedomex.com.mx\\\/?p=6106#respond\"]}]},{\"@type\":\"WebPage\",\"@id\":\"https:\\\/\\\/proyeccionedomex.com.mx\\\/?p=6106\",\"url\":\"https:\\\/\\\/proyeccionedomex.com.mx\\\/?p=6106\",\"name\":\"Pepe Couttolenc recorre los 125 municipios del Edom\u00e9x para consolidar un PVEM de acci\u00f3n y cercan\u00eda - Proyecci\u00f3n Estado de M\u00e9xico\",\"isPartOf\":{\"@id\":\"https:\\\/\\\/proyeccionedomex.com.mx\\\/#website\"},\"primaryImageOfPage\":{\"@id\":\"https:\\\/\\\/proyeccionedomex.com.mx\\\/?p=6106#primaryimage\"},\"image\":{\"@id\":\"https:\\\/\\\/proyeccionedomex.com.mx\\\/?p=6106#primaryimage\"},\"thumbnailUrl\":\"https:\\\/\\\/proyeccionedomex.com.mx\\\/wp-content\\\/uploads\\\/2025\\\/04\\\/Imagen-de-WhatsApp-2025-04-13-a-las-23.02.03_55d3680d-scaled.jpg\",\"datePublished\":\"2025-04-14T15:23:43+00:00\",\"dateModified\":\"2025-04-14T15:24:03+00:00\",\"breadcrumb\":{\"@id\":\"https:\\\/\\\/proyeccionedomex.com.mx\\\/?p=6106#breadcrumb\"},\"inLanguage\":\"es\",\"potentialAction\":[{\"@type\":\"ReadAction\",\"target\":[\"https:\\\/\\\/proyeccionedomex.com.mx\\\/?p=6106\"]}]},{\"@type\":\"ImageObject\",\"inLanguage\":\"es\",\"@id\":\"https:\\\/\\\/proyeccionedomex.com.mx\\\/?p=6106#primaryimage\",\"url\":\"https:\\\/\\\/proyeccionedomex.com.mx\\\/wp-content\\\/uploads\\\/2025\\\/04\\\/Imagen-de-WhatsApp-2025-04-13-a-las-23.02.03_55d3680d-scaled.jpg\",\"contentUrl\":\"https:\\\/\\\/proyeccionedomex.com.mx\\\/wp-content\\\/uploads\\\/2025\\\/04\\\/Imagen-de-WhatsApp-2025-04-13-a-las-23.02.03_55d3680d-scaled.jpg\",\"width\":2560,\"height\":1706},{\"@type\":\"BreadcrumbList\",\"@id\":\"https:\\\/\\\/proyeccionedomex.com.mx\\\/?p=6106#breadcrumb\",\"itemListElement\":[{\"@type\":\"ListItem\",\"position\":1,\"name\":\"Portada\",\"item\":\"https:\\\/\\\/proyeccionedomex.com.mx\\\/\"},{\"@type\":\"ListItem\",\"position\":2,\"name\":\"Pepe Couttolenc recorre los 125 municipios del Edom\u00e9x para consolidar un PVEM de acci\u00f3n y cercan\u00eda\"}]},{\"@type\":\"WebSite\",\"@id\":\"https:\\\/\\\/proyeccionedomex.com.mx\\\/#website\",\"url\":\"https:\\\/\\\/proyeccionedomex.com.mx\\\/\",\"name\":\"Proyecci\u00f3n Estado de M\u00e9xico\",\"description\":\"Proyecci\u00f3n Edo. Mex.\",\"publisher\":{\"@id\":\"https:\\\/\\\/proyeccionedomex.com.mx\\\/#organization\"},\"potentialAction\":[{\"@type\":\"SearchAction\",\"target\":{\"@type\":\"EntryPoint\",\"urlTemplate\":\"https:\\\/\\\/proyeccionedomex.com.mx\\\/?s={search_term_string}\"},\"query-input\":{\"@type\":\"PropertyValueSpecification\",\"valueRequired\":true,\"valueName\":\"search_term_string\"}}],\"inLanguage\":\"es\"},{\"@type\":\"Organization\",\"@id\":\"https:\\\/\\\/proyeccionedomex.com.mx\\\/#organization\",\"name\":\"Proyecci\u00f3n Estado de M\u00e9xico\",\"url\":\"https:\\\/\\\/proyeccionedomex.com.mx\\\/\",\"logo\":{\"@type\":\"ImageObject\",\"inLanguage\":\"es\",\"@id\":\"https:\\\/\\\/proyeccionedomex.com.mx\\\/#\\\/schema\\\/logo\\\/image\\\/\",\"url\":\"https:\\\/\\\/proyeccionedomex.com.mx\\\/wp-content\\\/uploads\\\/2024\\\/03\\\/proyeccion.jpg\",\"contentUrl\":\"https:\\\/\\\/proyeccionedomex.com.mx\\\/wp-content\\\/uploads\\\/2024\\\/03\\\/proyeccion.jpg\",\"width\":1143,\"height\":801,\"caption\":\"Proyecci\u00f3n Estado de M\u00e9xico\"},\"image\":{\"@id\":\"https:\\\/\\\/proyeccionedomex.com.mx\\\/#\\\/schema\\\/logo\\\/image\\\/\"},\"sameAs\":[\"https:\\\/\\\/www.facebook.com\\\/PortaldeNoticiasProyeccionEdomex\"]},{\"@type\":\"Person\",\"@id\":\"https:\\\/\\\/proyeccionedomex.com.mx\\\/#\\\/schema\\\/person\\\/2e66b5427bffed972a69e6b66b4e3a76\",\"name\":\"Redacci\u00f3n Proyecci\u00f3n EDOM\u00c9X\",\"image\":{\"@type\":\"ImageObject\",\"inLanguage\":\"es\",\"@id\":\"https:\\\/\\\/secure.gravatar.com\\\/avatar\\\/f43a2254d614198c44c96f86f1f078a06cac3d39a3250e9245aa331797519cab?s=96&d=mm&r=g\",\"url\":\"https:\\\/\\\/secure.gravatar.com\\\/avatar\\\/f43a2254d614198c44c96f86f1f078a06cac3d39a3250e9245aa331797519cab?s=96&d=mm&r=g\",\"contentUrl\":\"https:\\\/\\\/secure.gravatar.com\\\/avatar\\\/f43a2254d614198c44c96f86f1f078a06cac3d39a3250e9245aa331797519cab?s=96&d=mm&r=g\",\"caption\":\"Redacci\u00f3n Proyecci\u00f3n EDOM\u00c9X\"},\"sameAs\":[\"https:\\\/\\\/proyeccionedomex.com.mx\"],\"url\":\"https:\\\/\\\/proyeccionedomex.com.mx\\\/?author=1\"}]}<\/script>\n<!-- \/ Yoast SEO plugin. -->","yoast_head_json":{"title":"Pepe Couttolenc recorre los 125 municipios del Edom\u00e9x para consolidar un PVEM de acci\u00f3n y cercan\u00eda - Proyecci\u00f3n Estado de M\u00e9xico","robots":{"index":"index","follow":"follow","max-snippet":"max-snippet:-1","max-image-preview":"max-image-preview:large","max-video-preview":"max-video-preview:-1"},"canonical":"https:\/\/proyeccionedomex.com.mx\/?p=6106","og_locale":"es_ES","og_type":"article","og_title":"Pepe Couttolenc recorre los 125 municipios del Edom\u00e9x para consolidar un PVEM de acci\u00f3n y cercan\u00eda - Proyecci\u00f3n Estado de M\u00e9xico","og_description":"Pepe Couttolenc recorre los 125 municipios del Edom\u00e9x para consolidar un PVEM de acci\u00f3n y cercan\u00eda Toluca, EDOM\u00c9X.- Jos\u00e9 Alberto Couttolenc Buentello, l\u00edder estatal del Partido Verde Ecologista de M\u00e9xico en el Estado de M\u00e9xico, ha iniciado un ambicioso recorrido por los 125 municipios de la entidad, con el prop\u00f3sito de afianzar el v\u00ednculo con [&hellip;]","og_url":"https:\/\/proyeccionedomex.com.mx\/?p=6106","og_site_name":"Proyecci\u00f3n Estado de M\u00e9xico","article_publisher":"https:\/\/www.facebook.com\/PortaldeNoticiasProyeccionEdomex","article_published_time":"2025-04-14T15:23:43+00:00","article_modified_time":"2025-04-14T15:24:03+00:00","og_image":[{"width":2560,"height":1706,"url":"https:\/\/proyeccionedomex.com.mx\/wp-content\/uploads\/2025\/04\/Imagen-de-WhatsApp-2025-04-13-a-las-23.02.03_55d3680d-scaled.jpg","type":"image\/jpeg"}],"author":"Redacci\u00f3n Proyecci\u00f3n EDOM\u00c9X","twitter_card":"summary_large_image","twitter_misc":{"Escrito por":"Redacci\u00f3n Proyecci\u00f3n EDOM\u00c9X","Tiempo de lectura":"3 minutos"},"schema":{"@context":"https:\/\/schema.org","@graph":[{"@type":"Article","@id":"https:\/\/proyeccionedomex.com.mx\/?p=6106#article","isPartOf":{"@id":"https:\/\/proyeccionedomex.com.mx\/?p=6106"},"author":{"name":"Redacci\u00f3n Proyecci\u00f3n EDOM\u00c9X","@id":"https:\/\/proyeccionedomex.com.mx\/#\/schema\/person\/2e66b5427bffed972a69e6b66b4e3a76"},"headline":"Pepe Couttolenc recorre los 125 municipios del Edom\u00e9x para consolidar un PVEM de acci\u00f3n y cercan\u00eda","datePublished":"2025-04-14T15:23:43+00:00","dateModified":"2025-04-14T15:24:03+00:00","mainEntityOfPage":{"@id":"https:\/\/proyeccionedomex.com.mx\/?p=6106"},"wordCount":482,"commentCount":0,"publisher":{"@id":"https:\/\/proyeccionedomex.com.mx\/#organization"},"image":{"@id":"https:\/\/proyeccionedomex.com.mx\/?p=6106#primaryimage"},"thumbnailUrl":"https:\/\/proyeccionedomex.com.mx\/wp-content\/uploads\/2025\/04\/Imagen-de-WhatsApp-2025-04-13-a-las-23.02.03_55d3680d-scaled.jpg","articleSection":["Politica"],"inLanguage":"es","potentialAction":[{"@type":"CommentAction","name":"Comment","target":["https:\/\/proyeccionedomex.com.mx\/?p=6106#respond"]}]},{"@type":"WebPage","@id":"https:\/\/proyeccionedomex.com.mx\/?p=6106","url":"https:\/\/proyeccionedomex.com.mx\/?p=6106","name":"Pepe Couttolenc recorre los 125 municipios del Edom\u00e9x para consolidar un PVEM de acci\u00f3n y cercan\u00eda - Proyecci\u00f3n Estado de M\u00e9xico","isPartOf":{"@id":"https:\/\/proyeccionedomex.com.mx\/#website"},"primaryImageOfPage":{"@id":"https:\/\/proyeccionedomex.com.mx\/?p=6106#primaryimage"},"image":{"@id":"https:\/\/proyeccionedomex.com.mx\/?p=6106#primaryimage"},"thumbnailUrl":"https:\/\/proyeccionedomex.com.mx\/wp-content\/uploads\/2025\/04\/Imagen-de-WhatsApp-2025-04-13-a-las-23.02.03_55d3680d-scaled.jpg","datePublished":"2025-04-14T15:23:43+00:00","dateModified":"2025-04-14T15:24:03+00:00","breadcrumb":{"@id":"https:\/\/proyeccionedomex.com.mx\/?p=6106#breadcrumb"},"inLanguage":"es","potentialAction":[{"@type":"ReadAction","target":["https:\/\/proyeccionedomex.com.mx\/?p=6106"]}]},{"@type":"ImageObject","inLanguage":"es","@id":"https:\/\/proyeccionedomex.com.mx\/?p=6106#primaryimage","url":"https:\/\/proyeccionedomex.com.mx\/wp-content\/uploads\/2025\/04\/Imagen-de-WhatsApp-2025-04-13-a-las-23.02.03_55d3680d-scaled.jpg","contentUrl":"https:\/\/proyeccionedomex.com.mx\/wp-content\/uploads\/2025\/04\/Imagen-de-WhatsApp-2025-04-13-a-las-23.02.03_55d3680d-scaled.jpg","width":2560,"height":1706},{"@type":"BreadcrumbList","@id":"https:\/\/proyeccionedomex.com.mx\/?p=6106#breadcrumb","itemListElement":[{"@type":"ListItem","position":1,"name":"Portada","item":"https:\/\/proyeccionedomex.com.mx\/"},{"@type":"ListItem","position":2,"name":"Pepe Couttolenc recorre los 125 municipios del Edom\u00e9x para consolidar un PVEM de acci\u00f3n y cercan\u00eda"}]},{"@type":"WebSite","@id":"https:\/\/proyeccionedomex.com.mx\/#website","url":"https:\/\/proyeccionedomex.com.mx\/","name":"Proyecci\u00f3n Estado de M\u00e9xico","description":"Proyecci\u00f3n Edo. Mex.","publisher":{"@id":"https:\/\/proyeccionedomex.com.mx\/#organization"},"potentialAction":[{"@type":"SearchAction","target":{"@type":"EntryPoint","urlTemplate":"https:\/\/proyeccionedomex.com.mx\/?s={search_term_string}"},"query-input":{"@type":"PropertyValueSpecification","valueRequired":true,"valueName":"search_term_string"}}],"inLanguage":"es"},{"@type":"Organization","@id":"https:\/\/proyeccionedomex.com.mx\/#organization","name":"Proyecci\u00f3n Estado de M\u00e9xico","url":"https:\/\/proyeccionedomex.com.mx\/","logo":{"@type":"ImageObject","inLanguage":"es","@id":"https:\/\/proyeccionedomex.com.mx\/#\/schema\/logo\/image\/","url":"https:\/\/proyeccionedomex.com.mx\/wp-content\/uploads\/2024\/03\/proyeccion.jpg","contentUrl":"https:\/\/proyeccionedomex.com.mx\/wp-content\/uploads\/2024\/03\/proyeccion.jpg","width":1143,"height":801,"caption":"Proyecci\u00f3n Estado de M\u00e9xico"},"image":{"@id":"https:\/\/proyeccionedomex.com.mx\/#\/schema\/logo\/image\/"},"sameAs":["https:\/\/www.facebook.com\/PortaldeNoticiasProyeccionEdomex"]},{"@type":"Person","@id":"https:\/\/proyeccionedomex.com.mx\/#\/schema\/person\/2e66b5427bffed972a69e6b66b4e3a76","name":"Redacci\u00f3n Proyecci\u00f3n EDOM\u00c9X","image":{"@type":"ImageObject","inLanguage":"es","@id":"https:\/\/secure.gravatar.com\/avatar\/f43a2254d614198c44c96f86f1f078a06cac3d39a3250e9245aa331797519cab?s=96&d=mm&r=g","url":"https:\/\/secure.gravatar.com\/avatar\/f43a2254d614198c44c96f86f1f078a06cac3d39a3250e9245aa331797519cab?s=96&d=mm&r=g","contentUrl":"https:\/\/secure.gravatar.com\/avatar\/f43a2254d614198c44c96f86f1f078a06cac3d39a3250e9245aa331797519cab?s=96&d=mm&r=g","caption":"Redacci\u00f3n Proyecci\u00f3n EDOM\u00c9X"},"sameAs":["https:\/\/proyeccionedomex.com.mx"],"url":"https:\/\/proyeccionedomex.com.mx\/?author=1"}]}},"_links":{"self":[{"href":"https:\/\/proyeccionedomex.com.mx\/index.php?rest_route=\/wp\/v2\/posts\/6106","targetHints":{"allow":["GET"]}}],"collection":[{"href":"https:\/\/proyeccionedomex.com.mx\/index.php?rest_route=\/wp\/v2\/posts"}],"about":[{"href":"https:\/\/proyeccionedomex.com.mx\/index.php?rest_route=\/wp\/v2\/types\/post"}],"author":[{"embeddable":true,"href":"https:\/\/proyeccionedomex.com.mx\/index.php?rest_route=\/wp\/v2\/users\/1"}],"replies":[{"embeddable":true,"href":"https:\/\/proyeccionedomex.com.mx\/index.php?rest_route=%2Fwp%2Fv2%2Fcomments&post=6106"}],"version-history":[{"count":0,"href":"https:\/\/proyeccionedomex.com.mx\/index.php?rest_route=\/wp\/v2\/posts\/6106\/revisions"}],"wp:featuredmedia":[{"embeddable":true,"href":"https:\/\/proyeccionedomex.com.mx\/index.php?rest_route=\/wp\/v2\/media\/6109"}],"wp:attachment":[{"href":"https:\/\/proyeccionedomex.com.mx\/index.php?rest_route=%2Fwp%2Fv2%2Fmedia&parent=6106"}],"wp:term":[{"taxonomy":"category","embeddable":true,"href":"https:\/\/proyeccionedomex.com.mx\/index.php?rest_route=%2Fwp%2Fv2%2Fcategories&post=6106"},{"taxonomy":"post_tag","embeddable":true,"href":"https:\/\/proyeccionedomex.com.mx\/index.php?rest_route=%2Fwp%2Fv2%2Ftags&post=6106"}],"curies":[{"name":"wp","href":"https:\/\/api.w.org\/{rel}","templated":true}]}}