{"id":6295,"date":"2025-04-30T01:48:01","date_gmt":"2025-04-30T01:48:01","guid":{"rendered":"https:\/\/proyeccionedomex.com.mx\/?p=6295"},"modified":"2025-04-30T02:39:04","modified_gmt":"2025-04-30T02:39:04","slug":"ricardo-moreno-asume-la-coordinacion-estatal-de-aalmac-con-una-vision-de-ciudad-moderna-y-centrada-en-las-y-los-ciudadanos","status":"publish","type":"post","link":"https:\/\/proyeccionedomex.com.mx\/?p=6295","title":{"rendered":"Ricardo Moreno asume la Coordinaci\u00f3n Estatal de AALMAC con una visi\u00f3n de ciudad moderna y centrada en las y los ciudadanos"},"content":{"rendered":"\n<figure class=\"wp-block-gallery has-nested-images columns-default is-cropped wp-block-gallery-1 is-layout-flex wp-block-gallery-is-layout-flex\">\n<figure class=\"wp-block-image size-large td-caption-align-https:\/\/proyeccionedomex.com.mx\/wp-content\/uploads\/2025\/04\/Imagen-de-WhatsApp-2025-04-29-a-las-19.34.51_1dc8a0d8.jpg\"><img loading=\"lazy\" decoding=\"async\" width=\"1024\" height=\"629\" data-id=\"6296\" src=\"https:\/\/proyeccionedomex.com.mx\/wp-content\/uploads\/2025\/04\/Imagen-de-WhatsApp-2025-04-29-a-las-19.34.51_1dc8a0d8-1024x629.jpg\" alt=\"\" class=\"wp-image-6296\" srcset=\"https:\/\/proyeccionedomex.com.mx\/wp-content\/uploads\/2025\/04\/Imagen-de-WhatsApp-2025-04-29-a-las-19.34.51_1dc8a0d8-1024x629.jpg 1024w, https:\/\/proyeccionedomex.com.mx\/wp-content\/uploads\/2025\/04\/Imagen-de-WhatsApp-2025-04-29-a-las-19.34.51_1dc8a0d8-300x184.jpg 300w, https:\/\/proyeccionedomex.com.mx\/wp-content\/uploads\/2025\/04\/Imagen-de-WhatsApp-2025-04-29-a-las-19.34.51_1dc8a0d8-768x472.jpg 768w, https:\/\/proyeccionedomex.com.mx\/wp-content\/uploads\/2025\/04\/Imagen-de-WhatsApp-2025-04-29-a-las-19.34.51_1dc8a0d8-696x427.jpg 696w, https:\/\/proyeccionedomex.com.mx\/wp-content\/uploads\/2025\/04\/Imagen-de-WhatsApp-2025-04-29-a-las-19.34.51_1dc8a0d8-1068x656.jpg 1068w, https:\/\/proyeccionedomex.com.mx\/wp-content\/uploads\/2025\/04\/Imagen-de-WhatsApp-2025-04-29-a-las-19.34.51_1dc8a0d8-684x420.jpg 684w, https:\/\/proyeccionedomex.com.mx\/wp-content\/uploads\/2025\/04\/Imagen-de-WhatsApp-2025-04-29-a-las-19.34.51_1dc8a0d8-356x220.jpg 356w, https:\/\/proyeccionedomex.com.mx\/wp-content\/uploads\/2025\/04\/Imagen-de-WhatsApp-2025-04-29-a-las-19.34.51_1dc8a0d8.jpg 1280w\" sizes=\"auto, (max-width: 1024px) 100vw, 1024px\" \/><\/figure>\n\n\n\n<figure class=\"wp-block-image size-large td-caption-align-https:\/\/proyeccionedomex.com.mx\/wp-content\/uploads\/2025\/04\/Imagen-de-WhatsApp-2025-04-29-a-las-19.34.51_82c02705.jpg\"><img loading=\"lazy\" decoding=\"async\" width=\"1024\" height=\"682\" data-id=\"6298\" src=\"https:\/\/proyeccionedomex.com.mx\/wp-content\/uploads\/2025\/04\/Imagen-de-WhatsApp-2025-04-29-a-las-19.34.51_82c02705-1024x682.jpg\" alt=\"\" class=\"wp-image-6298\" srcset=\"https:\/\/proyeccionedomex.com.mx\/wp-content\/uploads\/2025\/04\/Imagen-de-WhatsApp-2025-04-29-a-las-19.34.51_82c02705-1024x682.jpg 1024w, https:\/\/proyeccionedomex.com.mx\/wp-content\/uploads\/2025\/04\/Imagen-de-WhatsApp-2025-04-29-a-las-19.34.51_82c02705-300x200.jpg 300w, https:\/\/proyeccionedomex.com.mx\/wp-content\/uploads\/2025\/04\/Imagen-de-WhatsApp-2025-04-29-a-las-19.34.51_82c02705-768x512.jpg 768w, https:\/\/proyeccionedomex.com.mx\/wp-content\/uploads\/2025\/04\/Imagen-de-WhatsApp-2025-04-29-a-las-19.34.51_82c02705-696x464.jpg 696w, https:\/\/proyeccionedomex.com.mx\/wp-content\/uploads\/2025\/04\/Imagen-de-WhatsApp-2025-04-29-a-las-19.34.51_82c02705-1068x712.jpg 1068w, https:\/\/proyeccionedomex.com.mx\/wp-content\/uploads\/2025\/04\/Imagen-de-WhatsApp-2025-04-29-a-las-19.34.51_82c02705-630x420.jpg 630w, https:\/\/proyeccionedomex.com.mx\/wp-content\/uploads\/2025\/04\/Imagen-de-WhatsApp-2025-04-29-a-las-19.34.51_82c02705.jpg 1280w\" sizes=\"auto, (max-width: 1024px) 100vw, 1024px\" \/><\/figure>\n\n\n\n<figure class=\"wp-block-image size-large td-caption-align-https:\/\/proyeccionedomex.com.mx\/wp-content\/uploads\/2025\/04\/Imagen-de-WhatsApp-2025-04-29-a-las-19.34.51_a04e1b27.jpg\"><img loading=\"lazy\" decoding=\"async\" width=\"1024\" height=\"682\" data-id=\"6297\" src=\"https:\/\/proyeccionedomex.com.mx\/wp-content\/uploads\/2025\/04\/Imagen-de-WhatsApp-2025-04-29-a-las-19.34.51_a04e1b27-1024x682.jpg\" alt=\"\" class=\"wp-image-6297\" srcset=\"https:\/\/proyeccionedomex.com.mx\/wp-content\/uploads\/2025\/04\/Imagen-de-WhatsApp-2025-04-29-a-las-19.34.51_a04e1b27-1024x682.jpg 1024w, https:\/\/proyeccionedomex.com.mx\/wp-content\/uploads\/2025\/04\/Imagen-de-WhatsApp-2025-04-29-a-las-19.34.51_a04e1b27-300x200.jpg 300w, https:\/\/proyeccionedomex.com.mx\/wp-content\/uploads\/2025\/04\/Imagen-de-WhatsApp-2025-04-29-a-las-19.34.51_a04e1b27-768x512.jpg 768w, https:\/\/proyeccionedomex.com.mx\/wp-content\/uploads\/2025\/04\/Imagen-de-WhatsApp-2025-04-29-a-las-19.34.51_a04e1b27-696x464.jpg 696w, https:\/\/proyeccionedomex.com.mx\/wp-content\/uploads\/2025\/04\/Imagen-de-WhatsApp-2025-04-29-a-las-19.34.51_a04e1b27-1068x712.jpg 1068w, https:\/\/proyeccionedomex.com.mx\/wp-content\/uploads\/2025\/04\/Imagen-de-WhatsApp-2025-04-29-a-las-19.34.51_a04e1b27-630x420.jpg 630w, https:\/\/proyeccionedomex.com.mx\/wp-content\/uploads\/2025\/04\/Imagen-de-WhatsApp-2025-04-29-a-las-19.34.51_a04e1b27.jpg 1280w\" sizes=\"auto, (max-width: 1024px) 100vw, 1024px\" \/><\/figure>\n\n\n\n<figure class=\"wp-block-image size-large td-caption-align-https:\/\/proyeccionedomex.com.mx\/wp-content\/uploads\/2025\/04\/Imagen-de-WhatsApp-2025-04-29-a-las-19.34.52_c0dbaeb0.jpg\"><img loading=\"lazy\" decoding=\"async\" width=\"1024\" height=\"686\" data-id=\"6299\" src=\"https:\/\/proyeccionedomex.com.mx\/wp-content\/uploads\/2025\/04\/Imagen-de-WhatsApp-2025-04-29-a-las-19.34.52_c0dbaeb0-1024x686.jpg\" alt=\"\" class=\"wp-image-6299\" srcset=\"https:\/\/proyeccionedomex.com.mx\/wp-content\/uploads\/2025\/04\/Imagen-de-WhatsApp-2025-04-29-a-las-19.34.52_c0dbaeb0-1024x686.jpg 1024w, https:\/\/proyeccionedomex.com.mx\/wp-content\/uploads\/2025\/04\/Imagen-de-WhatsApp-2025-04-29-a-las-19.34.52_c0dbaeb0-300x201.jpg 300w, https:\/\/proyeccionedomex.com.mx\/wp-content\/uploads\/2025\/04\/Imagen-de-WhatsApp-2025-04-29-a-las-19.34.52_c0dbaeb0-768x515.jpg 768w, https:\/\/proyeccionedomex.com.mx\/wp-content\/uploads\/2025\/04\/Imagen-de-WhatsApp-2025-04-29-a-las-19.34.52_c0dbaeb0-696x467.jpg 696w, https:\/\/proyeccionedomex.com.mx\/wp-content\/uploads\/2025\/04\/Imagen-de-WhatsApp-2025-04-29-a-las-19.34.52_c0dbaeb0-1068x716.jpg 1068w, https:\/\/proyeccionedomex.com.mx\/wp-content\/uploads\/2025\/04\/Imagen-de-WhatsApp-2025-04-29-a-las-19.34.52_c0dbaeb0-627x420.jpg 627w, https:\/\/proyeccionedomex.com.mx\/wp-content\/uploads\/2025\/04\/Imagen-de-WhatsApp-2025-04-29-a-las-19.34.52_c0dbaeb0.jpg 1280w\" sizes=\"auto, (max-width: 1024px) 100vw, 1024px\" \/><\/figure>\n<\/figure>\n\n\n\n<p>Ricardo Moreno asume la Coordinaci\u00f3n Estatal de AALMAC con una visi\u00f3n de ciudad moderna y centrada en las y los ciudadanos<\/p>\n\n\n\n<p>Toluca, EDOM\u00c9X.\u2013 En un acto que marca un nuevo cap\u00edtulo para el municipalismo en el Estado de M\u00e9xico, el Presidente Municipal de Toluca, Ricardo Moreno Bastida, asumi\u00f3 formalmente el cargo de Coordinador Estatal de la Asociaci\u00f3n de Autoridades Locales de M\u00e9xico, A.C. (AALMAC). Desde esta nueva responsabilidad, encabezar\u00e1 la articulaci\u00f3n de gobiernos locales con miras a fortalecer las instituciones, fomentar el desarrollo sostenible y promover ciudades inteligentes orientadas al bienestar ciudadano.<\/p>\n\n\n\n<p>Durante la ceremonia, acompa\u00f1ado por la Presidenta del Sistema Municipal DIF, Roc\u00edo Pegueros Vel\u00e1zquez, as\u00ed como por 39 alcaldes y representantes municipales de la regi\u00f3n, se refrend\u00f3 el compromiso de avanzar hacia pol\u00edticas p\u00fablicas de alcance metropolitano que generen condiciones de equidad, progreso e innovaci\u00f3n.<\/p>\n\n\n\n<p>En su mensaje, Moreno Bastida destac\u00f3 que el Plan de Desarrollo Municipal 2025\u20132027 establece una gu\u00eda clara para transformar a Toluca en una ciudad moderna, inclusiva y alineada con los objetivos de la Agenda 2030, as\u00ed como con las estrategias de desarrollo a nivel estatal y nacional. Subray\u00f3 tambi\u00e9n los avances en la digitalizaci\u00f3n de servicios p\u00fablicos, que han dado lugar a ventanillas \u00fanicas y soluciones tecnol\u00f3gicas que facilitan la vida diaria de la poblaci\u00f3n.<\/p>\n\n\n\n<p>Asimismo, enfatiz\u00f3 la importancia de impulsar una agenda com\u00fan de ciudades inteligentes con enfoque metropolitano, basada en principios de colaboraci\u00f3n, participaci\u00f3n social y tecnolog\u00eda con prop\u00f3sito. Se\u00f1al\u00f3 que esto implica adoptar marcos \u00e9ticos para la inteligencia artificial, fomentar la alfabetizaci\u00f3n digital, construir ecosistemas de innovaci\u00f3n local y generar alianzas estrat\u00e9gicas p\u00fablico-privadas.<\/p>\n\n\n\n<p>Moreno Bastida convoc\u00f3 a sus colegas alcaldes a trabajar en conjunto para garantizar que la innovaci\u00f3n tecnol\u00f3gica contribuya realmente a mejorar la calidad de vida de las comunidades. \u201cLa tecnolog\u00eda solo tiene sentido cuando est\u00e1 al servicio de las personas\u201d, afirm\u00f3.<\/p>\n\n\n\n<p>Reiter\u00f3 que los municipios que integran la AALMAC comparten una visi\u00f3n progresista y transformadora, caracterizada por la inclusi\u00f3n, la austeridad, la transparencia y el respeto a la autonom\u00eda municipal. Estos gobiernos impulsan el desarrollo sustentable y la participaci\u00f3n activa de la ciudadan\u00eda, adoptando mecanismos como los presupuestos participativos y pol\u00edticas orientadas a enfrentar el cambio clim\u00e1tico.<\/p>\n\n\n\n<p>Por su parte, la Presidenta Nacional de la AALMAC y alcaldesa de Morole\u00f3n, Alma Denisse S\u00e1nchez Barrag\u00e1n, expres\u00f3 que uno de los principales objetivos de la asociaci\u00f3n es cambiar el rumbo del pa\u00eds mediante una acci\u00f3n p\u00fablica honesta, humana y efectiva, centrada en mejorar las condiciones de vida de las futuras generaciones.<\/p>\n\n\n\n<p>Tras tomarle protesta al alcalde toluque\u00f1o, el director general del Instituto Nacional para el Federalismo y el Municipalismo, Ra\u00fal Armando Quintero Mart\u00ednez, reconoci\u00f3 la visi\u00f3n estrat\u00e9gica y el compromiso de Ricardo Moreno, instando a otros municipios a replicar sus buenas pr\u00e1cticas, con el fin de recuperar lo que m\u00e1s valoran las personas: la paz y la seguridad.<\/p>\n\n\n\n<p>El evento concluy\u00f3 con una ponencia del presidente de PRONUS, Manuel Redondo, quien abord\u00f3 el tema de las ciudades inteligentes y reconoci\u00f3 en Ricardo Moreno a un l\u00edder con una perspectiva innovadora y de largo plazo para la transformaci\u00f3n de Toluca y su entorno&nbsp;metropolitano.<\/p>\n","protected":false},"excerpt":{"rendered":"<p>Ricardo Moreno asume la Coordinaci\u00f3n Estatal de AALMAC con una visi\u00f3n de ciudad moderna y centrada en las y los ciudadanos Toluca, EDOM\u00c9X.\u2013 En un acto que marca un nuevo cap\u00edtulo para el municipalismo en el Estado de M\u00e9xico, el Presidente Municipal de Toluca, Ricardo Moreno Bastida, asumi\u00f3 formalmente el cargo de Coordinador Estatal de [&hellip;]<\/p>\n","protected":false},"author":1,"featured_media":6297,"comment_status":"open","ping_status":"closed","sticky":false,"template":"","format":"standard","meta":{"footnotes":""},"categories":[1],"tags":[],"class_list":{"0":"post-6295","1":"post","2":"type-post","3":"status-publish","4":"format-standard","5":"has-post-thumbnail","7":"category-politica"},"yoast_head":"<!-- This site is optimized with the Yoast SEO plugin v27.5 - https:\/\/yoast.com\/product\/yoast-seo-wordpress\/ -->\n<title>Ricardo Moreno asume la Coordinaci\u00f3n Estatal de AALMAC con una visi\u00f3n de ciudad moderna y centrada en las y los ciudadanos - Proyecci\u00f3n Estado de M\u00e9xico<\/title>\n<meta name=\"robots\" content=\"index, follow, max-snippet:-1, max-image-preview:large, max-video-preview:-1\" \/>\n<link rel=\"canonical\" href=\"https:\/\/proyeccionedomex.com.mx\/?p=6295\" \/>\n<meta property=\"og:locale\" content=\"es_ES\" \/>\n<meta property=\"og:type\" content=\"article\" \/>\n<meta property=\"og:title\" content=\"Ricardo Moreno asume la Coordinaci\u00f3n Estatal de AALMAC con una visi\u00f3n de ciudad moderna y centrada en las y los ciudadanos - Proyecci\u00f3n Estado de M\u00e9xico\" \/>\n<meta property=\"og:description\" content=\"Ricardo Moreno asume la Coordinaci\u00f3n Estatal de AALMAC con una visi\u00f3n de ciudad moderna y centrada en las y los ciudadanos Toluca, EDOM\u00c9X.\u2013 En un acto que marca un nuevo cap\u00edtulo para el municipalismo en el Estado de M\u00e9xico, el Presidente Municipal de Toluca, Ricardo Moreno Bastida, asumi\u00f3 formalmente el cargo de Coordinador Estatal de [&hellip;]\" \/>\n<meta property=\"og:url\" content=\"https:\/\/proyeccionedomex.com.mx\/?p=6295\" \/>\n<meta property=\"og:site_name\" content=\"Proyecci\u00f3n Estado de M\u00e9xico\" \/>\n<meta property=\"article:publisher\" content=\"https:\/\/www.facebook.com\/PortaldeNoticiasProyeccionEdomex\" \/>\n<meta property=\"article:published_time\" content=\"2025-04-30T01:48:01+00:00\" \/>\n<meta property=\"article:modified_time\" content=\"2025-04-30T02:39:04+00:00\" \/>\n<meta property=\"og:image\" content=\"https:\/\/proyeccionedomex.com.mx\/wp-content\/uploads\/2025\/04\/Imagen-de-WhatsApp-2025-04-29-a-las-19.34.51_a04e1b27.jpg\" \/>\n\t<meta property=\"og:image:width\" content=\"1280\" \/>\n\t<meta property=\"og:image:height\" content=\"853\" \/>\n\t<meta property=\"og:image:type\" content=\"image\/jpeg\" \/>\n<meta name=\"author\" content=\"Redacci\u00f3n Proyecci\u00f3n EDOM\u00c9X\" \/>\n<meta name=\"twitter:card\" content=\"summary_large_image\" \/>\n<meta name=\"twitter:label1\" content=\"Escrito por\" \/>\n\t<meta name=\"twitter:data1\" content=\"Redacci\u00f3n Proyecci\u00f3n EDOM\u00c9X\" \/>\n\t<meta name=\"twitter:label2\" content=\"Tiempo de lectura\" \/>\n\t<meta name=\"twitter:data2\" content=\"3 minutos\" \/>\n<script type=\"application\/ld+json\" class=\"yoast-schema-graph\">{\"@context\":\"https:\\\/\\\/schema.org\",\"@graph\":[{\"@type\":\"Article\",\"@id\":\"https:\\\/\\\/proyeccionedomex.com.mx\\\/?p=6295#article\",\"isPartOf\":{\"@id\":\"https:\\\/\\\/proyeccionedomex.com.mx\\\/?p=6295\"},\"author\":{\"name\":\"Redacci\u00f3n Proyecci\u00f3n EDOM\u00c9X\",\"@id\":\"https:\\\/\\\/proyeccionedomex.com.mx\\\/#\\\/schema\\\/person\\\/2e66b5427bffed972a69e6b66b4e3a76\"},\"headline\":\"Ricardo Moreno asume la Coordinaci\u00f3n Estatal de AALMAC con una visi\u00f3n de ciudad moderna y centrada en las y los ciudadanos\",\"datePublished\":\"2025-04-30T01:48:01+00:00\",\"dateModified\":\"2025-04-30T02:39:04+00:00\",\"mainEntityOfPage\":{\"@id\":\"https:\\\/\\\/proyeccionedomex.com.mx\\\/?p=6295\"},\"wordCount\":593,\"commentCount\":0,\"publisher\":{\"@id\":\"https:\\\/\\\/proyeccionedomex.com.mx\\\/#organization\"},\"image\":{\"@id\":\"https:\\\/\\\/proyeccionedomex.com.mx\\\/?p=6295#primaryimage\"},\"thumbnailUrl\":\"https:\\\/\\\/proyeccionedomex.com.mx\\\/wp-content\\\/uploads\\\/2025\\\/04\\\/Imagen-de-WhatsApp-2025-04-29-a-las-19.34.51_a04e1b27.jpg\",\"articleSection\":[\"Politica\"],\"inLanguage\":\"es\",\"potentialAction\":[{\"@type\":\"CommentAction\",\"name\":\"Comment\",\"target\":[\"https:\\\/\\\/proyeccionedomex.com.mx\\\/?p=6295#respond\"]}]},{\"@type\":\"WebPage\",\"@id\":\"https:\\\/\\\/proyeccionedomex.com.mx\\\/?p=6295\",\"url\":\"https:\\\/\\\/proyeccionedomex.com.mx\\\/?p=6295\",\"name\":\"Ricardo Moreno asume la Coordinaci\u00f3n Estatal de AALMAC con una visi\u00f3n de ciudad moderna y centrada en las y los ciudadanos - Proyecci\u00f3n Estado de M\u00e9xico\",\"isPartOf\":{\"@id\":\"https:\\\/\\\/proyeccionedomex.com.mx\\\/#website\"},\"primaryImageOfPage\":{\"@id\":\"https:\\\/\\\/proyeccionedomex.com.mx\\\/?p=6295#primaryimage\"},\"image\":{\"@id\":\"https:\\\/\\\/proyeccionedomex.com.mx\\\/?p=6295#primaryimage\"},\"thumbnailUrl\":\"https:\\\/\\\/proyeccionedomex.com.mx\\\/wp-content\\\/uploads\\\/2025\\\/04\\\/Imagen-de-WhatsApp-2025-04-29-a-las-19.34.51_a04e1b27.jpg\",\"datePublished\":\"2025-04-30T01:48:01+00:00\",\"dateModified\":\"2025-04-30T02:39:04+00:00\",\"breadcrumb\":{\"@id\":\"https:\\\/\\\/proyeccionedomex.com.mx\\\/?p=6295#breadcrumb\"},\"inLanguage\":\"es\",\"potentialAction\":[{\"@type\":\"ReadAction\",\"target\":[\"https:\\\/\\\/proyeccionedomex.com.mx\\\/?p=6295\"]}]},{\"@type\":\"ImageObject\",\"inLanguage\":\"es\",\"@id\":\"https:\\\/\\\/proyeccionedomex.com.mx\\\/?p=6295#primaryimage\",\"url\":\"https:\\\/\\\/proyeccionedomex.com.mx\\\/wp-content\\\/uploads\\\/2025\\\/04\\\/Imagen-de-WhatsApp-2025-04-29-a-las-19.34.51_a04e1b27.jpg\",\"contentUrl\":\"https:\\\/\\\/proyeccionedomex.com.mx\\\/wp-content\\\/uploads\\\/2025\\\/04\\\/Imagen-de-WhatsApp-2025-04-29-a-las-19.34.51_a04e1b27.jpg\",\"width\":1280,\"height\":853},{\"@type\":\"BreadcrumbList\",\"@id\":\"https:\\\/\\\/proyeccionedomex.com.mx\\\/?p=6295#breadcrumb\",\"itemListElement\":[{\"@type\":\"ListItem\",\"position\":1,\"name\":\"Portada\",\"item\":\"https:\\\/\\\/proyeccionedomex.com.mx\\\/\"},{\"@type\":\"ListItem\",\"position\":2,\"name\":\"Ricardo Moreno asume la Coordinaci\u00f3n Estatal de AALMAC con una visi\u00f3n de ciudad moderna y centrada en las y los ciudadanos\"}]},{\"@type\":\"WebSite\",\"@id\":\"https:\\\/\\\/proyeccionedomex.com.mx\\\/#website\",\"url\":\"https:\\\/\\\/proyeccionedomex.com.mx\\\/\",\"name\":\"Proyecci\u00f3n Estado de M\u00e9xico\",\"description\":\"Proyecci\u00f3n Edo. Mex.\",\"publisher\":{\"@id\":\"https:\\\/\\\/proyeccionedomex.com.mx\\\/#organization\"},\"potentialAction\":[{\"@type\":\"SearchAction\",\"target\":{\"@type\":\"EntryPoint\",\"urlTemplate\":\"https:\\\/\\\/proyeccionedomex.com.mx\\\/?s={search_term_string}\"},\"query-input\":{\"@type\":\"PropertyValueSpecification\",\"valueRequired\":true,\"valueName\":\"search_term_string\"}}],\"inLanguage\":\"es\"},{\"@type\":\"Organization\",\"@id\":\"https:\\\/\\\/proyeccionedomex.com.mx\\\/#organization\",\"name\":\"Proyecci\u00f3n Estado de M\u00e9xico\",\"url\":\"https:\\\/\\\/proyeccionedomex.com.mx\\\/\",\"logo\":{\"@type\":\"ImageObject\",\"inLanguage\":\"es\",\"@id\":\"https:\\\/\\\/proyeccionedomex.com.mx\\\/#\\\/schema\\\/logo\\\/image\\\/\",\"url\":\"https:\\\/\\\/proyeccionedomex.com.mx\\\/wp-content\\\/uploads\\\/2024\\\/03\\\/proyeccion.jpg\",\"contentUrl\":\"https:\\\/\\\/proyeccionedomex.com.mx\\\/wp-content\\\/uploads\\\/2024\\\/03\\\/proyeccion.jpg\",\"width\":1143,\"height\":801,\"caption\":\"Proyecci\u00f3n Estado de M\u00e9xico\"},\"image\":{\"@id\":\"https:\\\/\\\/proyeccionedomex.com.mx\\\/#\\\/schema\\\/logo\\\/image\\\/\"},\"sameAs\":[\"https:\\\/\\\/www.facebook.com\\\/PortaldeNoticiasProyeccionEdomex\"]},{\"@type\":\"Person\",\"@id\":\"https:\\\/\\\/proyeccionedomex.com.mx\\\/#\\\/schema\\\/person\\\/2e66b5427bffed972a69e6b66b4e3a76\",\"name\":\"Redacci\u00f3n Proyecci\u00f3n EDOM\u00c9X\",\"image\":{\"@type\":\"ImageObject\",\"inLanguage\":\"es\",\"@id\":\"https:\\\/\\\/secure.gravatar.com\\\/avatar\\\/f43a2254d614198c44c96f86f1f078a06cac3d39a3250e9245aa331797519cab?s=96&d=mm&r=g\",\"url\":\"https:\\\/\\\/secure.gravatar.com\\\/avatar\\\/f43a2254d614198c44c96f86f1f078a06cac3d39a3250e9245aa331797519cab?s=96&d=mm&r=g\",\"contentUrl\":\"https:\\\/\\\/secure.gravatar.com\\\/avatar\\\/f43a2254d614198c44c96f86f1f078a06cac3d39a3250e9245aa331797519cab?s=96&d=mm&r=g\",\"caption\":\"Redacci\u00f3n Proyecci\u00f3n EDOM\u00c9X\"},\"sameAs\":[\"https:\\\/\\\/proyeccionedomex.com.mx\"],\"url\":\"https:\\\/\\\/proyeccionedomex.com.mx\\\/?author=1\"}]}<\/script>\n<!-- \/ Yoast SEO plugin. -->","yoast_head_json":{"title":"Ricardo Moreno asume la Coordinaci\u00f3n Estatal de AALMAC con una visi\u00f3n de ciudad moderna y centrada en las y los ciudadanos - Proyecci\u00f3n Estado de M\u00e9xico","robots":{"index":"index","follow":"follow","max-snippet":"max-snippet:-1","max-image-preview":"max-image-preview:large","max-video-preview":"max-video-preview:-1"},"canonical":"https:\/\/proyeccionedomex.com.mx\/?p=6295","og_locale":"es_ES","og_type":"article","og_title":"Ricardo Moreno asume la Coordinaci\u00f3n Estatal de AALMAC con una visi\u00f3n de ciudad moderna y centrada en las y los ciudadanos - Proyecci\u00f3n Estado de M\u00e9xico","og_description":"Ricardo Moreno asume la Coordinaci\u00f3n Estatal de AALMAC con una visi\u00f3n de ciudad moderna y centrada en las y los ciudadanos Toluca, EDOM\u00c9X.\u2013 En un acto que marca un nuevo cap\u00edtulo para el municipalismo en el Estado de M\u00e9xico, el Presidente Municipal de Toluca, Ricardo Moreno Bastida, asumi\u00f3 formalmente el cargo de Coordinador Estatal de [&hellip;]","og_url":"https:\/\/proyeccionedomex.com.mx\/?p=6295","og_site_name":"Proyecci\u00f3n Estado de M\u00e9xico","article_publisher":"https:\/\/www.facebook.com\/PortaldeNoticiasProyeccionEdomex","article_published_time":"2025-04-30T01:48:01+00:00","article_modified_time":"2025-04-30T02:39:04+00:00","og_image":[{"width":1280,"height":853,"url":"https:\/\/proyeccionedomex.com.mx\/wp-content\/uploads\/2025\/04\/Imagen-de-WhatsApp-2025-04-29-a-las-19.34.51_a04e1b27.jpg","type":"image\/jpeg"}],"author":"Redacci\u00f3n Proyecci\u00f3n EDOM\u00c9X","twitter_card":"summary_large_image","twitter_misc":{"Escrito por":"Redacci\u00f3n Proyecci\u00f3n EDOM\u00c9X","Tiempo de lectura":"3 minutos"},"schema":{"@context":"https:\/\/schema.org","@graph":[{"@type":"Article","@id":"https:\/\/proyeccionedomex.com.mx\/?p=6295#article","isPartOf":{"@id":"https:\/\/proyeccionedomex.com.mx\/?p=6295"},"author":{"name":"Redacci\u00f3n Proyecci\u00f3n EDOM\u00c9X","@id":"https:\/\/proyeccionedomex.com.mx\/#\/schema\/person\/2e66b5427bffed972a69e6b66b4e3a76"},"headline":"Ricardo Moreno asume la Coordinaci\u00f3n Estatal de AALMAC con una visi\u00f3n de ciudad moderna y centrada en las y los ciudadanos","datePublished":"2025-04-30T01:48:01+00:00","dateModified":"2025-04-30T02:39:04+00:00","mainEntityOfPage":{"@id":"https:\/\/proyeccionedomex.com.mx\/?p=6295"},"wordCount":593,"commentCount":0,"publisher":{"@id":"https:\/\/proyeccionedomex.com.mx\/#organization"},"image":{"@id":"https:\/\/proyeccionedomex.com.mx\/?p=6295#primaryimage"},"thumbnailUrl":"https:\/\/proyeccionedomex.com.mx\/wp-content\/uploads\/2025\/04\/Imagen-de-WhatsApp-2025-04-29-a-las-19.34.51_a04e1b27.jpg","articleSection":["Politica"],"inLanguage":"es","potentialAction":[{"@type":"CommentAction","name":"Comment","target":["https:\/\/proyeccionedomex.com.mx\/?p=6295#respond"]}]},{"@type":"WebPage","@id":"https:\/\/proyeccionedomex.com.mx\/?p=6295","url":"https:\/\/proyeccionedomex.com.mx\/?p=6295","name":"Ricardo Moreno asume la Coordinaci\u00f3n Estatal de AALMAC con una visi\u00f3n de ciudad moderna y centrada en las y los ciudadanos - Proyecci\u00f3n Estado de M\u00e9xico","isPartOf":{"@id":"https:\/\/proyeccionedomex.com.mx\/#website"},"primaryImageOfPage":{"@id":"https:\/\/proyeccionedomex.com.mx\/?p=6295#primaryimage"},"image":{"@id":"https:\/\/proyeccionedomex.com.mx\/?p=6295#primaryimage"},"thumbnailUrl":"https:\/\/proyeccionedomex.com.mx\/wp-content\/uploads\/2025\/04\/Imagen-de-WhatsApp-2025-04-29-a-las-19.34.51_a04e1b27.jpg","datePublished":"2025-04-30T01:48:01+00:00","dateModified":"2025-04-30T02:39:04+00:00","breadcrumb":{"@id":"https:\/\/proyeccionedomex.com.mx\/?p=6295#breadcrumb"},"inLanguage":"es","potentialAction":[{"@type":"ReadAction","target":["https:\/\/proyeccionedomex.com.mx\/?p=6295"]}]},{"@type":"ImageObject","inLanguage":"es","@id":"https:\/\/proyeccionedomex.com.mx\/?p=6295#primaryimage","url":"https:\/\/proyeccionedomex.com.mx\/wp-content\/uploads\/2025\/04\/Imagen-de-WhatsApp-2025-04-29-a-las-19.34.51_a04e1b27.jpg","contentUrl":"https:\/\/proyeccionedomex.com.mx\/wp-content\/uploads\/2025\/04\/Imagen-de-WhatsApp-2025-04-29-a-las-19.34.51_a04e1b27.jpg","width":1280,"height":853},{"@type":"BreadcrumbList","@id":"https:\/\/proyeccionedomex.com.mx\/?p=6295#breadcrumb","itemListElement":[{"@type":"ListItem","position":1,"name":"Portada","item":"https:\/\/proyeccionedomex.com.mx\/"},{"@type":"ListItem","position":2,"name":"Ricardo Moreno asume la Coordinaci\u00f3n Estatal de AALMAC con una visi\u00f3n de ciudad moderna y centrada en las y los ciudadanos"}]},{"@type":"WebSite","@id":"https:\/\/proyeccionedomex.com.mx\/#website","url":"https:\/\/proyeccionedomex.com.mx\/","name":"Proyecci\u00f3n Estado de M\u00e9xico","description":"Proyecci\u00f3n Edo. Mex.","publisher":{"@id":"https:\/\/proyeccionedomex.com.mx\/#organization"},"potentialAction":[{"@type":"SearchAction","target":{"@type":"EntryPoint","urlTemplate":"https:\/\/proyeccionedomex.com.mx\/?s={search_term_string}"},"query-input":{"@type":"PropertyValueSpecification","valueRequired":true,"valueName":"search_term_string"}}],"inLanguage":"es"},{"@type":"Organization","@id":"https:\/\/proyeccionedomex.com.mx\/#organization","name":"Proyecci\u00f3n Estado de M\u00e9xico","url":"https:\/\/proyeccionedomex.com.mx\/","logo":{"@type":"ImageObject","inLanguage":"es","@id":"https:\/\/proyeccionedomex.com.mx\/#\/schema\/logo\/image\/","url":"https:\/\/proyeccionedomex.com.mx\/wp-content\/uploads\/2024\/03\/proyeccion.jpg","contentUrl":"https:\/\/proyeccionedomex.com.mx\/wp-content\/uploads\/2024\/03\/proyeccion.jpg","width":1143,"height":801,"caption":"Proyecci\u00f3n Estado de M\u00e9xico"},"image":{"@id":"https:\/\/proyeccionedomex.com.mx\/#\/schema\/logo\/image\/"},"sameAs":["https:\/\/www.facebook.com\/PortaldeNoticiasProyeccionEdomex"]},{"@type":"Person","@id":"https:\/\/proyeccionedomex.com.mx\/#\/schema\/person\/2e66b5427bffed972a69e6b66b4e3a76","name":"Redacci\u00f3n Proyecci\u00f3n EDOM\u00c9X","image":{"@type":"ImageObject","inLanguage":"es","@id":"https:\/\/secure.gravatar.com\/avatar\/f43a2254d614198c44c96f86f1f078a06cac3d39a3250e9245aa331797519cab?s=96&d=mm&r=g","url":"https:\/\/secure.gravatar.com\/avatar\/f43a2254d614198c44c96f86f1f078a06cac3d39a3250e9245aa331797519cab?s=96&d=mm&r=g","contentUrl":"https:\/\/secure.gravatar.com\/avatar\/f43a2254d614198c44c96f86f1f078a06cac3d39a3250e9245aa331797519cab?s=96&d=mm&r=g","caption":"Redacci\u00f3n Proyecci\u00f3n EDOM\u00c9X"},"sameAs":["https:\/\/proyeccionedomex.com.mx"],"url":"https:\/\/proyeccionedomex.com.mx\/?author=1"}]}},"_links":{"self":[{"href":"https:\/\/proyeccionedomex.com.mx\/index.php?rest_route=\/wp\/v2\/posts\/6295","targetHints":{"allow":["GET"]}}],"collection":[{"href":"https:\/\/proyeccionedomex.com.mx\/index.php?rest_route=\/wp\/v2\/posts"}],"about":[{"href":"https:\/\/proyeccionedomex.com.mx\/index.php?rest_route=\/wp\/v2\/types\/post"}],"author":[{"embeddable":true,"href":"https:\/\/proyeccionedomex.com.mx\/index.php?rest_route=\/wp\/v2\/users\/1"}],"replies":[{"embeddable":true,"href":"https:\/\/proyeccionedomex.com.mx\/index.php?rest_route=%2Fwp%2Fv2%2Fcomments&post=6295"}],"version-history":[{"count":0,"href":"https:\/\/proyeccionedomex.com.mx\/index.php?rest_route=\/wp\/v2\/posts\/6295\/revisions"}],"wp:featuredmedia":[{"embeddable":true,"href":"https:\/\/proyeccionedomex.com.mx\/index.php?rest_route=\/wp\/v2\/media\/6297"}],"wp:attachment":[{"href":"https:\/\/proyeccionedomex.com.mx\/index.php?rest_route=%2Fwp%2Fv2%2Fmedia&parent=6295"}],"wp:term":[{"taxonomy":"category","embeddable":true,"href":"https:\/\/proyeccionedomex.com.mx\/index.php?rest_route=%2Fwp%2Fv2%2Fcategories&post=6295"},{"taxonomy":"post_tag","embeddable":true,"href":"https:\/\/proyeccionedomex.com.mx\/index.php?rest_route=%2Fwp%2Fv2%2Ftags&post=6295"}],"curies":[{"name":"wp","href":"https:\/\/api.w.org\/{rel}","templated":true}]}}