{"id":6301,"date":"2025-04-30T15:33:19","date_gmt":"2025-04-30T15:33:19","guid":{"rendered":"https:\/\/proyeccionedomex.com.mx\/?p=6301"},"modified":"2025-04-30T15:33:21","modified_gmt":"2025-04-30T15:33:21","slug":"refuerza-ayuntamiento-de-almoloya-de-juarez-dialogo-ciudadano-en-segunda-sesion-de-cabildo-abierto","status":"publish","type":"post","link":"https:\/\/proyeccionedomex.com.mx\/?p=6301","title":{"rendered":"Refuerza Ayuntamiento de Almoloya de Ju\u00e1rez di\u00e1logo ciudadano en segunda sesi\u00f3n de Cabildo abierto"},"content":{"rendered":"\n<figure class=\"wp-block-image size-large td-caption-align-https:\/\/proyeccionedomex.com.mx\/wp-content\/uploads\/2025\/04\/Imagen-de-WhatsApp-2025-04-30-a-las-08.33.16_8240c9b6-scaled.jpg\"><img loading=\"lazy\" decoding=\"async\" width=\"1024\" height=\"678\" src=\"https:\/\/proyeccionedomex.com.mx\/wp-content\/uploads\/2025\/04\/Imagen-de-WhatsApp-2025-04-30-a-las-08.33.16_8240c9b6-1024x678.jpg\" alt=\"\" class=\"wp-image-6305\" srcset=\"https:\/\/proyeccionedomex.com.mx\/wp-content\/uploads\/2025\/04\/Imagen-de-WhatsApp-2025-04-30-a-las-08.33.16_8240c9b6-1024x678.jpg 1024w, https:\/\/proyeccionedomex.com.mx\/wp-content\/uploads\/2025\/04\/Imagen-de-WhatsApp-2025-04-30-a-las-08.33.16_8240c9b6-300x199.jpg 300w, https:\/\/proyeccionedomex.com.mx\/wp-content\/uploads\/2025\/04\/Imagen-de-WhatsApp-2025-04-30-a-las-08.33.16_8240c9b6-768x509.jpg 768w, https:\/\/proyeccionedomex.com.mx\/wp-content\/uploads\/2025\/04\/Imagen-de-WhatsApp-2025-04-30-a-las-08.33.16_8240c9b6-1536x1017.jpg 1536w, https:\/\/proyeccionedomex.com.mx\/wp-content\/uploads\/2025\/04\/Imagen-de-WhatsApp-2025-04-30-a-las-08.33.16_8240c9b6-2048x1356.jpg 2048w, https:\/\/proyeccionedomex.com.mx\/wp-content\/uploads\/2025\/04\/Imagen-de-WhatsApp-2025-04-30-a-las-08.33.16_8240c9b6-696x461.jpg 696w, https:\/\/proyeccionedomex.com.mx\/wp-content\/uploads\/2025\/04\/Imagen-de-WhatsApp-2025-04-30-a-las-08.33.16_8240c9b6-1068x707.jpg 1068w, https:\/\/proyeccionedomex.com.mx\/wp-content\/uploads\/2025\/04\/Imagen-de-WhatsApp-2025-04-30-a-las-08.33.16_8240c9b6-634x420.jpg 634w\" sizes=\"auto, (max-width: 1024px) 100vw, 1024px\" \/><\/figure>\n\n\n\n<figure class=\"wp-block-gallery has-nested-images columns-default is-cropped wp-block-gallery-1 is-layout-flex wp-block-gallery-is-layout-flex\">\n<figure class=\"wp-block-image size-large td-caption-align-https:\/\/proyeccionedomex.com.mx\/wp-content\/uploads\/2025\/04\/Imagen-de-WhatsApp-2025-04-30-a-las-08.33.15_94ba8a5c-scaled.jpg\"><img loading=\"lazy\" decoding=\"async\" width=\"1024\" height=\"678\" data-id=\"6304\" src=\"https:\/\/proyeccionedomex.com.mx\/wp-content\/uploads\/2025\/04\/Imagen-de-WhatsApp-2025-04-30-a-las-08.33.15_94ba8a5c-1024x678.jpg\" alt=\"\" class=\"wp-image-6304\" srcset=\"https:\/\/proyeccionedomex.com.mx\/wp-content\/uploads\/2025\/04\/Imagen-de-WhatsApp-2025-04-30-a-las-08.33.15_94ba8a5c-1024x678.jpg 1024w, https:\/\/proyeccionedomex.com.mx\/wp-content\/uploads\/2025\/04\/Imagen-de-WhatsApp-2025-04-30-a-las-08.33.15_94ba8a5c-300x199.jpg 300w, https:\/\/proyeccionedomex.com.mx\/wp-content\/uploads\/2025\/04\/Imagen-de-WhatsApp-2025-04-30-a-las-08.33.15_94ba8a5c-768x509.jpg 768w, https:\/\/proyeccionedomex.com.mx\/wp-content\/uploads\/2025\/04\/Imagen-de-WhatsApp-2025-04-30-a-las-08.33.15_94ba8a5c-1536x1017.jpg 1536w, https:\/\/proyeccionedomex.com.mx\/wp-content\/uploads\/2025\/04\/Imagen-de-WhatsApp-2025-04-30-a-las-08.33.15_94ba8a5c-2048x1356.jpg 2048w, https:\/\/proyeccionedomex.com.mx\/wp-content\/uploads\/2025\/04\/Imagen-de-WhatsApp-2025-04-30-a-las-08.33.15_94ba8a5c-696x461.jpg 696w, https:\/\/proyeccionedomex.com.mx\/wp-content\/uploads\/2025\/04\/Imagen-de-WhatsApp-2025-04-30-a-las-08.33.15_94ba8a5c-1068x707.jpg 1068w, https:\/\/proyeccionedomex.com.mx\/wp-content\/uploads\/2025\/04\/Imagen-de-WhatsApp-2025-04-30-a-las-08.33.15_94ba8a5c-634x420.jpg 634w\" sizes=\"auto, (max-width: 1024px) 100vw, 1024px\" \/><\/figure>\n\n\n\n<figure class=\"wp-block-image size-large\"><img decoding=\"async\" data-id=\"6302\" src=\"https:\/\/proyeccionedomex.com.mx\/wp-content\/uploads\/2025\/04\/Imagen-de-WhatsApp-2025-04-30-a-las-08.33.16_2b7e6da7.jpg\" alt=\"\" class=\"wp-image-6302\"\/><\/figure>\n\n\n\n<figure class=\"wp-block-image size-large\"><img loading=\"lazy\" decoding=\"async\" width=\"2560\" height=\"1695\" data-id=\"6303\" src=\"https:\/\/proyeccionedomex.com.mx\/wp-content\/uploads\/2025\/04\/Imagen-de-WhatsApp-2025-04-30-a-las-08.33.16_2518bd1b-scaled.jpg\" alt=\"\" class=\"wp-image-6303\" srcset=\"https:\/\/proyeccionedomex.com.mx\/wp-content\/uploads\/2025\/04\/Imagen-de-WhatsApp-2025-04-30-a-las-08.33.16_2518bd1b-scaled.jpg 2560w, https:\/\/proyeccionedomex.com.mx\/wp-content\/uploads\/2025\/04\/Imagen-de-WhatsApp-2025-04-30-a-las-08.33.16_2518bd1b-300x199.jpg 300w\" sizes=\"auto, (max-width: 2560px) 100vw, 2560px\" \/><\/figure>\n<\/figure>\n\n\n\n<p>Refuerza Ayuntamiento de Almoloya de Ju\u00e1rez di\u00e1logo ciudadano en segunda sesi\u00f3n de Cabildo abierto<\/p>\n\n\n\n<p>Encabeza el alcalde almoloyojuarense Adolfo Solis G\u00f3mez la Segunda Sesi\u00f3n de Cabildo Abierto, que se realiz\u00f3 en la comunidad de Cieneguillas.<\/p>\n\n\n\n<p>Almoloya de Ju\u00e1rez, EDOM\u00c9X.- Para fortalecer el di\u00e1logo directo entre autoridades y la comunidad, el Ayuntamiento de Almoloya de Ju\u00e1rez realiz\u00f3 su Segunda Sesi\u00f3n de Cabildo Abierto, esta vez en la comunidad de Cieneguillas de Guadalupe.<\/p>\n\n\n\n<p>Durante el encuentro, vecinas y vecinos de la zona, as\u00ed como delegados de comunidades aleda\u00f1as como La Tinaja o La Uni\u00f3n, expusieron de manera libre sus necesidades y propuestas al Presidente Municipal, Adolfo Solis, integrantes del Cabildo y directores de \u00e1rea, quienes escucharon de primera mano las problem\u00e1ticas que afectan a estas localidades.<\/p>\n\n\n\n<p>Entre las principales demandas destacaron la mejora de infraestructura educativa, la renovaci\u00f3n del alumbrado p\u00fablico, as\u00ed como el fortalecimiento de talleres culturales, entre otros temas.<\/p>\n\n\n\n<p>Ante la comunidad, el alcalde reiter\u00f3 su compromiso de mantener las puertas abiertas a todos los ciudadanos y se\u00f1al\u00f3 que estas sesiones permiten construir un gobierno m\u00e1s cercano a la gente, y asegur\u00f3 que la administraci\u00f3n municipal tiene la convicci\u00f3n de gobernar en territorio, fuera de las oficinas.<\/p>\n\n\n\n<p>\u201cQueremos que la ciudadan\u00eda nos diga directamente cu\u00e1les son sus preocupaciones, para poder trabajar juntos en las soluciones\u201d, subray\u00f3.<\/p>\n\n\n\n<p>Al concluir esta sesi\u00f3n, las personas se acercaron al alcalde almoloyojuarense para exponer temas relacionados con servicios p\u00fablicos, seguridad y mejoras en infraestructura b\u00e1sica, lo que el edil atendi\u00f3 de forma puntual.<\/p>\n\n\n\n<p>Ademas, se tom\u00f3 protesta a las y los integrantes del Consejo Consultivo Municipal de Pirotecnia, que tendr\u00e1 como objetivo regular el uso y almacenamiento de fuegos artificiales para evitar accidentes y proteger la integridad de la poblaci\u00f3n.<\/p>\n\n\n\n<p>El gobierno municipal continuar\u00e1 realizando Cabildos abiertos en diversas comunidades, reafirmando su convicci\u00f3n de gobernar de la mano de&nbsp;la&nbsp;ciudadan\u00eda.<\/p>\n","protected":false},"excerpt":{"rendered":"<p>Refuerza Ayuntamiento de Almoloya de Ju\u00e1rez di\u00e1logo ciudadano en segunda sesi\u00f3n de Cabildo abierto Encabeza el alcalde almoloyojuarense Adolfo Solis G\u00f3mez la Segunda Sesi\u00f3n de Cabildo Abierto, que se realiz\u00f3 en la comunidad de Cieneguillas. Almoloya de Ju\u00e1rez, EDOM\u00c9X.- Para fortalecer el di\u00e1logo directo entre autoridades y la comunidad, el Ayuntamiento de Almoloya de Ju\u00e1rez [&hellip;]<\/p>\n","protected":false},"author":1,"featured_media":6303,"comment_status":"open","ping_status":"closed","sticky":false,"template":"","format":"standard","meta":{"footnotes":""},"categories":[1],"tags":[],"class_list":{"0":"post-6301","1":"post","2":"type-post","3":"status-publish","4":"format-standard","5":"has-post-thumbnail","7":"category-politica"},"yoast_head":"<!-- This site is optimized with the Yoast SEO plugin v27.5 - https:\/\/yoast.com\/product\/yoast-seo-wordpress\/ -->\n<title>Refuerza Ayuntamiento de Almoloya de Ju\u00e1rez di\u00e1logo ciudadano en segunda sesi\u00f3n de Cabildo abierto - Proyecci\u00f3n Estado de M\u00e9xico<\/title>\n<meta name=\"robots\" content=\"index, follow, max-snippet:-1, max-image-preview:large, max-video-preview:-1\" \/>\n<link rel=\"canonical\" href=\"https:\/\/proyeccionedomex.com.mx\/?p=6301\" \/>\n<meta property=\"og:locale\" content=\"es_ES\" \/>\n<meta property=\"og:type\" content=\"article\" \/>\n<meta property=\"og:title\" content=\"Refuerza Ayuntamiento de Almoloya de Ju\u00e1rez di\u00e1logo ciudadano en segunda sesi\u00f3n de Cabildo abierto - Proyecci\u00f3n Estado de M\u00e9xico\" \/>\n<meta property=\"og:description\" content=\"Refuerza Ayuntamiento de Almoloya de Ju\u00e1rez di\u00e1logo ciudadano en segunda sesi\u00f3n de Cabildo abierto Encabeza el alcalde almoloyojuarense Adolfo Solis G\u00f3mez la Segunda Sesi\u00f3n de Cabildo Abierto, que se realiz\u00f3 en la comunidad de Cieneguillas. Almoloya de Ju\u00e1rez, EDOM\u00c9X.- Para fortalecer el di\u00e1logo directo entre autoridades y la comunidad, el Ayuntamiento de Almoloya de Ju\u00e1rez [&hellip;]\" \/>\n<meta property=\"og:url\" content=\"https:\/\/proyeccionedomex.com.mx\/?p=6301\" \/>\n<meta property=\"og:site_name\" content=\"Proyecci\u00f3n Estado de M\u00e9xico\" \/>\n<meta property=\"article:publisher\" content=\"https:\/\/www.facebook.com\/PortaldeNoticiasProyeccionEdomex\" \/>\n<meta property=\"article:published_time\" content=\"2025-04-30T15:33:19+00:00\" \/>\n<meta property=\"article:modified_time\" content=\"2025-04-30T15:33:21+00:00\" \/>\n<meta property=\"og:image\" content=\"https:\/\/proyeccionedomex.com.mx\/wp-content\/uploads\/2025\/04\/Imagen-de-WhatsApp-2025-04-30-a-las-08.33.16_2518bd1b-scaled.jpg\" \/>\n\t<meta property=\"og:image:width\" content=\"2560\" \/>\n\t<meta property=\"og:image:height\" content=\"1695\" \/>\n\t<meta property=\"og:image:type\" content=\"image\/jpeg\" \/>\n<meta name=\"author\" content=\"Redacci\u00f3n Proyecci\u00f3n EDOM\u00c9X\" \/>\n<meta name=\"twitter:card\" content=\"summary_large_image\" \/>\n<meta name=\"twitter:label1\" content=\"Escrito por\" \/>\n\t<meta name=\"twitter:data1\" content=\"Redacci\u00f3n Proyecci\u00f3n EDOM\u00c9X\" \/>\n\t<meta name=\"twitter:label2\" content=\"Tiempo de lectura\" \/>\n\t<meta name=\"twitter:data2\" content=\"2 minutos\" \/>\n<script type=\"application\/ld+json\" class=\"yoast-schema-graph\">{\"@context\":\"https:\\\/\\\/schema.org\",\"@graph\":[{\"@type\":\"Article\",\"@id\":\"https:\\\/\\\/proyeccionedomex.com.mx\\\/?p=6301#article\",\"isPartOf\":{\"@id\":\"https:\\\/\\\/proyeccionedomex.com.mx\\\/?p=6301\"},\"author\":{\"name\":\"Redacci\u00f3n Proyecci\u00f3n EDOM\u00c9X\",\"@id\":\"https:\\\/\\\/proyeccionedomex.com.mx\\\/#\\\/schema\\\/person\\\/2e66b5427bffed972a69e6b66b4e3a76\"},\"headline\":\"Refuerza Ayuntamiento de Almoloya de Ju\u00e1rez di\u00e1logo ciudadano en segunda sesi\u00f3n de Cabildo abierto\",\"datePublished\":\"2025-04-30T15:33:19+00:00\",\"dateModified\":\"2025-04-30T15:33:21+00:00\",\"mainEntityOfPage\":{\"@id\":\"https:\\\/\\\/proyeccionedomex.com.mx\\\/?p=6301\"},\"wordCount\":353,\"commentCount\":0,\"publisher\":{\"@id\":\"https:\\\/\\\/proyeccionedomex.com.mx\\\/#organization\"},\"image\":{\"@id\":\"https:\\\/\\\/proyeccionedomex.com.mx\\\/?p=6301#primaryimage\"},\"thumbnailUrl\":\"https:\\\/\\\/proyeccionedomex.com.mx\\\/wp-content\\\/uploads\\\/2025\\\/04\\\/Imagen-de-WhatsApp-2025-04-30-a-las-08.33.16_2518bd1b-scaled.jpg\",\"articleSection\":[\"Politica\"],\"inLanguage\":\"es\",\"potentialAction\":[{\"@type\":\"CommentAction\",\"name\":\"Comment\",\"target\":[\"https:\\\/\\\/proyeccionedomex.com.mx\\\/?p=6301#respond\"]}]},{\"@type\":\"WebPage\",\"@id\":\"https:\\\/\\\/proyeccionedomex.com.mx\\\/?p=6301\",\"url\":\"https:\\\/\\\/proyeccionedomex.com.mx\\\/?p=6301\",\"name\":\"Refuerza Ayuntamiento de Almoloya de Ju\u00e1rez di\u00e1logo ciudadano en segunda sesi\u00f3n de Cabildo abierto - Proyecci\u00f3n Estado de M\u00e9xico\",\"isPartOf\":{\"@id\":\"https:\\\/\\\/proyeccionedomex.com.mx\\\/#website\"},\"primaryImageOfPage\":{\"@id\":\"https:\\\/\\\/proyeccionedomex.com.mx\\\/?p=6301#primaryimage\"},\"image\":{\"@id\":\"https:\\\/\\\/proyeccionedomex.com.mx\\\/?p=6301#primaryimage\"},\"thumbnailUrl\":\"https:\\\/\\\/proyeccionedomex.com.mx\\\/wp-content\\\/uploads\\\/2025\\\/04\\\/Imagen-de-WhatsApp-2025-04-30-a-las-08.33.16_2518bd1b-scaled.jpg\",\"datePublished\":\"2025-04-30T15:33:19+00:00\",\"dateModified\":\"2025-04-30T15:33:21+00:00\",\"breadcrumb\":{\"@id\":\"https:\\\/\\\/proyeccionedomex.com.mx\\\/?p=6301#breadcrumb\"},\"inLanguage\":\"es\",\"potentialAction\":[{\"@type\":\"ReadAction\",\"target\":[\"https:\\\/\\\/proyeccionedomex.com.mx\\\/?p=6301\"]}]},{\"@type\":\"ImageObject\",\"inLanguage\":\"es\",\"@id\":\"https:\\\/\\\/proyeccionedomex.com.mx\\\/?p=6301#primaryimage\",\"url\":\"https:\\\/\\\/proyeccionedomex.com.mx\\\/wp-content\\\/uploads\\\/2025\\\/04\\\/Imagen-de-WhatsApp-2025-04-30-a-las-08.33.16_2518bd1b-scaled.jpg\",\"contentUrl\":\"https:\\\/\\\/proyeccionedomex.com.mx\\\/wp-content\\\/uploads\\\/2025\\\/04\\\/Imagen-de-WhatsApp-2025-04-30-a-las-08.33.16_2518bd1b-scaled.jpg\",\"width\":2560,\"height\":1695},{\"@type\":\"BreadcrumbList\",\"@id\":\"https:\\\/\\\/proyeccionedomex.com.mx\\\/?p=6301#breadcrumb\",\"itemListElement\":[{\"@type\":\"ListItem\",\"position\":1,\"name\":\"Portada\",\"item\":\"https:\\\/\\\/proyeccionedomex.com.mx\\\/\"},{\"@type\":\"ListItem\",\"position\":2,\"name\":\"Refuerza Ayuntamiento de Almoloya de Ju\u00e1rez di\u00e1logo ciudadano en segunda sesi\u00f3n de Cabildo abierto\"}]},{\"@type\":\"WebSite\",\"@id\":\"https:\\\/\\\/proyeccionedomex.com.mx\\\/#website\",\"url\":\"https:\\\/\\\/proyeccionedomex.com.mx\\\/\",\"name\":\"Proyecci\u00f3n Estado de M\u00e9xico\",\"description\":\"Proyecci\u00f3n Edo. Mex.\",\"publisher\":{\"@id\":\"https:\\\/\\\/proyeccionedomex.com.mx\\\/#organization\"},\"potentialAction\":[{\"@type\":\"SearchAction\",\"target\":{\"@type\":\"EntryPoint\",\"urlTemplate\":\"https:\\\/\\\/proyeccionedomex.com.mx\\\/?s={search_term_string}\"},\"query-input\":{\"@type\":\"PropertyValueSpecification\",\"valueRequired\":true,\"valueName\":\"search_term_string\"}}],\"inLanguage\":\"es\"},{\"@type\":\"Organization\",\"@id\":\"https:\\\/\\\/proyeccionedomex.com.mx\\\/#organization\",\"name\":\"Proyecci\u00f3n Estado de M\u00e9xico\",\"url\":\"https:\\\/\\\/proyeccionedomex.com.mx\\\/\",\"logo\":{\"@type\":\"ImageObject\",\"inLanguage\":\"es\",\"@id\":\"https:\\\/\\\/proyeccionedomex.com.mx\\\/#\\\/schema\\\/logo\\\/image\\\/\",\"url\":\"https:\\\/\\\/proyeccionedomex.com.mx\\\/wp-content\\\/uploads\\\/2024\\\/03\\\/proyeccion.jpg\",\"contentUrl\":\"https:\\\/\\\/proyeccionedomex.com.mx\\\/wp-content\\\/uploads\\\/2024\\\/03\\\/proyeccion.jpg\",\"width\":1143,\"height\":801,\"caption\":\"Proyecci\u00f3n Estado de M\u00e9xico\"},\"image\":{\"@id\":\"https:\\\/\\\/proyeccionedomex.com.mx\\\/#\\\/schema\\\/logo\\\/image\\\/\"},\"sameAs\":[\"https:\\\/\\\/www.facebook.com\\\/PortaldeNoticiasProyeccionEdomex\"]},{\"@type\":\"Person\",\"@id\":\"https:\\\/\\\/proyeccionedomex.com.mx\\\/#\\\/schema\\\/person\\\/2e66b5427bffed972a69e6b66b4e3a76\",\"name\":\"Redacci\u00f3n Proyecci\u00f3n EDOM\u00c9X\",\"image\":{\"@type\":\"ImageObject\",\"inLanguage\":\"es\",\"@id\":\"https:\\\/\\\/secure.gravatar.com\\\/avatar\\\/f43a2254d614198c44c96f86f1f078a06cac3d39a3250e9245aa331797519cab?s=96&d=mm&r=g\",\"url\":\"https:\\\/\\\/secure.gravatar.com\\\/avatar\\\/f43a2254d614198c44c96f86f1f078a06cac3d39a3250e9245aa331797519cab?s=96&d=mm&r=g\",\"contentUrl\":\"https:\\\/\\\/secure.gravatar.com\\\/avatar\\\/f43a2254d614198c44c96f86f1f078a06cac3d39a3250e9245aa331797519cab?s=96&d=mm&r=g\",\"caption\":\"Redacci\u00f3n Proyecci\u00f3n EDOM\u00c9X\"},\"sameAs\":[\"https:\\\/\\\/proyeccionedomex.com.mx\"],\"url\":\"https:\\\/\\\/proyeccionedomex.com.mx\\\/?author=1\"}]}<\/script>\n<!-- \/ Yoast SEO plugin. -->","yoast_head_json":{"title":"Refuerza Ayuntamiento de Almoloya de Ju\u00e1rez di\u00e1logo ciudadano en segunda sesi\u00f3n de Cabildo abierto - Proyecci\u00f3n Estado de M\u00e9xico","robots":{"index":"index","follow":"follow","max-snippet":"max-snippet:-1","max-image-preview":"max-image-preview:large","max-video-preview":"max-video-preview:-1"},"canonical":"https:\/\/proyeccionedomex.com.mx\/?p=6301","og_locale":"es_ES","og_type":"article","og_title":"Refuerza Ayuntamiento de Almoloya de Ju\u00e1rez di\u00e1logo ciudadano en segunda sesi\u00f3n de Cabildo abierto - Proyecci\u00f3n Estado de M\u00e9xico","og_description":"Refuerza Ayuntamiento de Almoloya de Ju\u00e1rez di\u00e1logo ciudadano en segunda sesi\u00f3n de Cabildo abierto Encabeza el alcalde almoloyojuarense Adolfo Solis G\u00f3mez la Segunda Sesi\u00f3n de Cabildo Abierto, que se realiz\u00f3 en la comunidad de Cieneguillas. Almoloya de Ju\u00e1rez, EDOM\u00c9X.- Para fortalecer el di\u00e1logo directo entre autoridades y la comunidad, el Ayuntamiento de Almoloya de Ju\u00e1rez [&hellip;]","og_url":"https:\/\/proyeccionedomex.com.mx\/?p=6301","og_site_name":"Proyecci\u00f3n Estado de M\u00e9xico","article_publisher":"https:\/\/www.facebook.com\/PortaldeNoticiasProyeccionEdomex","article_published_time":"2025-04-30T15:33:19+00:00","article_modified_time":"2025-04-30T15:33:21+00:00","og_image":[{"width":2560,"height":1695,"url":"https:\/\/proyeccionedomex.com.mx\/wp-content\/uploads\/2025\/04\/Imagen-de-WhatsApp-2025-04-30-a-las-08.33.16_2518bd1b-scaled.jpg","type":"image\/jpeg"}],"author":"Redacci\u00f3n Proyecci\u00f3n EDOM\u00c9X","twitter_card":"summary_large_image","twitter_misc":{"Escrito por":"Redacci\u00f3n Proyecci\u00f3n EDOM\u00c9X","Tiempo de lectura":"2 minutos"},"schema":{"@context":"https:\/\/schema.org","@graph":[{"@type":"Article","@id":"https:\/\/proyeccionedomex.com.mx\/?p=6301#article","isPartOf":{"@id":"https:\/\/proyeccionedomex.com.mx\/?p=6301"},"author":{"name":"Redacci\u00f3n Proyecci\u00f3n EDOM\u00c9X","@id":"https:\/\/proyeccionedomex.com.mx\/#\/schema\/person\/2e66b5427bffed972a69e6b66b4e3a76"},"headline":"Refuerza Ayuntamiento de Almoloya de Ju\u00e1rez di\u00e1logo ciudadano en segunda sesi\u00f3n de Cabildo abierto","datePublished":"2025-04-30T15:33:19+00:00","dateModified":"2025-04-30T15:33:21+00:00","mainEntityOfPage":{"@id":"https:\/\/proyeccionedomex.com.mx\/?p=6301"},"wordCount":353,"commentCount":0,"publisher":{"@id":"https:\/\/proyeccionedomex.com.mx\/#organization"},"image":{"@id":"https:\/\/proyeccionedomex.com.mx\/?p=6301#primaryimage"},"thumbnailUrl":"https:\/\/proyeccionedomex.com.mx\/wp-content\/uploads\/2025\/04\/Imagen-de-WhatsApp-2025-04-30-a-las-08.33.16_2518bd1b-scaled.jpg","articleSection":["Politica"],"inLanguage":"es","potentialAction":[{"@type":"CommentAction","name":"Comment","target":["https:\/\/proyeccionedomex.com.mx\/?p=6301#respond"]}]},{"@type":"WebPage","@id":"https:\/\/proyeccionedomex.com.mx\/?p=6301","url":"https:\/\/proyeccionedomex.com.mx\/?p=6301","name":"Refuerza Ayuntamiento de Almoloya de Ju\u00e1rez di\u00e1logo ciudadano en segunda sesi\u00f3n de Cabildo abierto - Proyecci\u00f3n Estado de M\u00e9xico","isPartOf":{"@id":"https:\/\/proyeccionedomex.com.mx\/#website"},"primaryImageOfPage":{"@id":"https:\/\/proyeccionedomex.com.mx\/?p=6301#primaryimage"},"image":{"@id":"https:\/\/proyeccionedomex.com.mx\/?p=6301#primaryimage"},"thumbnailUrl":"https:\/\/proyeccionedomex.com.mx\/wp-content\/uploads\/2025\/04\/Imagen-de-WhatsApp-2025-04-30-a-las-08.33.16_2518bd1b-scaled.jpg","datePublished":"2025-04-30T15:33:19+00:00","dateModified":"2025-04-30T15:33:21+00:00","breadcrumb":{"@id":"https:\/\/proyeccionedomex.com.mx\/?p=6301#breadcrumb"},"inLanguage":"es","potentialAction":[{"@type":"ReadAction","target":["https:\/\/proyeccionedomex.com.mx\/?p=6301"]}]},{"@type":"ImageObject","inLanguage":"es","@id":"https:\/\/proyeccionedomex.com.mx\/?p=6301#primaryimage","url":"https:\/\/proyeccionedomex.com.mx\/wp-content\/uploads\/2025\/04\/Imagen-de-WhatsApp-2025-04-30-a-las-08.33.16_2518bd1b-scaled.jpg","contentUrl":"https:\/\/proyeccionedomex.com.mx\/wp-content\/uploads\/2025\/04\/Imagen-de-WhatsApp-2025-04-30-a-las-08.33.16_2518bd1b-scaled.jpg","width":2560,"height":1695},{"@type":"BreadcrumbList","@id":"https:\/\/proyeccionedomex.com.mx\/?p=6301#breadcrumb","itemListElement":[{"@type":"ListItem","position":1,"name":"Portada","item":"https:\/\/proyeccionedomex.com.mx\/"},{"@type":"ListItem","position":2,"name":"Refuerza Ayuntamiento de Almoloya de Ju\u00e1rez di\u00e1logo ciudadano en segunda sesi\u00f3n de Cabildo abierto"}]},{"@type":"WebSite","@id":"https:\/\/proyeccionedomex.com.mx\/#website","url":"https:\/\/proyeccionedomex.com.mx\/","name":"Proyecci\u00f3n Estado de M\u00e9xico","description":"Proyecci\u00f3n Edo. Mex.","publisher":{"@id":"https:\/\/proyeccionedomex.com.mx\/#organization"},"potentialAction":[{"@type":"SearchAction","target":{"@type":"EntryPoint","urlTemplate":"https:\/\/proyeccionedomex.com.mx\/?s={search_term_string}"},"query-input":{"@type":"PropertyValueSpecification","valueRequired":true,"valueName":"search_term_string"}}],"inLanguage":"es"},{"@type":"Organization","@id":"https:\/\/proyeccionedomex.com.mx\/#organization","name":"Proyecci\u00f3n Estado de M\u00e9xico","url":"https:\/\/proyeccionedomex.com.mx\/","logo":{"@type":"ImageObject","inLanguage":"es","@id":"https:\/\/proyeccionedomex.com.mx\/#\/schema\/logo\/image\/","url":"https:\/\/proyeccionedomex.com.mx\/wp-content\/uploads\/2024\/03\/proyeccion.jpg","contentUrl":"https:\/\/proyeccionedomex.com.mx\/wp-content\/uploads\/2024\/03\/proyeccion.jpg","width":1143,"height":801,"caption":"Proyecci\u00f3n Estado de M\u00e9xico"},"image":{"@id":"https:\/\/proyeccionedomex.com.mx\/#\/schema\/logo\/image\/"},"sameAs":["https:\/\/www.facebook.com\/PortaldeNoticiasProyeccionEdomex"]},{"@type":"Person","@id":"https:\/\/proyeccionedomex.com.mx\/#\/schema\/person\/2e66b5427bffed972a69e6b66b4e3a76","name":"Redacci\u00f3n Proyecci\u00f3n EDOM\u00c9X","image":{"@type":"ImageObject","inLanguage":"es","@id":"https:\/\/secure.gravatar.com\/avatar\/f43a2254d614198c44c96f86f1f078a06cac3d39a3250e9245aa331797519cab?s=96&d=mm&r=g","url":"https:\/\/secure.gravatar.com\/avatar\/f43a2254d614198c44c96f86f1f078a06cac3d39a3250e9245aa331797519cab?s=96&d=mm&r=g","contentUrl":"https:\/\/secure.gravatar.com\/avatar\/f43a2254d614198c44c96f86f1f078a06cac3d39a3250e9245aa331797519cab?s=96&d=mm&r=g","caption":"Redacci\u00f3n Proyecci\u00f3n EDOM\u00c9X"},"sameAs":["https:\/\/proyeccionedomex.com.mx"],"url":"https:\/\/proyeccionedomex.com.mx\/?author=1"}]}},"_links":{"self":[{"href":"https:\/\/proyeccionedomex.com.mx\/index.php?rest_route=\/wp\/v2\/posts\/6301","targetHints":{"allow":["GET"]}}],"collection":[{"href":"https:\/\/proyeccionedomex.com.mx\/index.php?rest_route=\/wp\/v2\/posts"}],"about":[{"href":"https:\/\/proyeccionedomex.com.mx\/index.php?rest_route=\/wp\/v2\/types\/post"}],"author":[{"embeddable":true,"href":"https:\/\/proyeccionedomex.com.mx\/index.php?rest_route=\/wp\/v2\/users\/1"}],"replies":[{"embeddable":true,"href":"https:\/\/proyeccionedomex.com.mx\/index.php?rest_route=%2Fwp%2Fv2%2Fcomments&post=6301"}],"version-history":[{"count":0,"href":"https:\/\/proyeccionedomex.com.mx\/index.php?rest_route=\/wp\/v2\/posts\/6301\/revisions"}],"wp:featuredmedia":[{"embeddable":true,"href":"https:\/\/proyeccionedomex.com.mx\/index.php?rest_route=\/wp\/v2\/media\/6303"}],"wp:attachment":[{"href":"https:\/\/proyeccionedomex.com.mx\/index.php?rest_route=%2Fwp%2Fv2%2Fmedia&parent=6301"}],"wp:term":[{"taxonomy":"category","embeddable":true,"href":"https:\/\/proyeccionedomex.com.mx\/index.php?rest_route=%2Fwp%2Fv2%2Fcategories&post=6301"},{"taxonomy":"post_tag","embeddable":true,"href":"https:\/\/proyeccionedomex.com.mx\/index.php?rest_route=%2Fwp%2Fv2%2Ftags&post=6301"}],"curies":[{"name":"wp","href":"https:\/\/api.w.org\/{rel}","templated":true}]}}