{"id":6428,"date":"2025-04-30T14:21:00","date_gmt":"2025-04-30T14:21:00","guid":{"rendered":"https:\/\/proyeccionedomex.com.mx\/?p=6428"},"modified":"2025-05-07T14:22:55","modified_gmt":"2025-05-07T14:22:55","slug":"dan-banderazo-a-obra-de-terraceria-en-camino-viejo-a-mexicaltzingo-en-san-andres-ocotlan","status":"publish","type":"post","link":"https:\/\/proyeccionedomex.com.mx\/?p=6428","title":{"rendered":"Dan banderazo a obra de terracer\u00eda en Camino Viejo a Mexicaltzingo en San Andr\u00e9s Ocotl\u00e1n"},"content":{"rendered":"\n<figure class=\"wp-block-gallery has-nested-images columns-default is-cropped wp-block-gallery-1 is-layout-flex wp-block-gallery-is-layout-flex\">\n<figure class=\"wp-block-image size-large td-caption-align-https:\/\/proyeccionedomex.com.mx\/wp-content\/uploads\/2025\/05\/Imagen-de-WhatsApp-2025-05-06-a-las-15.02.23_ae27afee.jpg\"><img loading=\"lazy\" decoding=\"async\" width=\"1024\" height=\"768\" data-id=\"6432\" src=\"https:\/\/proyeccionedomex.com.mx\/wp-content\/uploads\/2025\/05\/Imagen-de-WhatsApp-2025-05-06-a-las-15.02.23_ae27afee-1024x768.jpg\" alt=\"\" class=\"wp-image-6432\" srcset=\"https:\/\/proyeccionedomex.com.mx\/wp-content\/uploads\/2025\/05\/Imagen-de-WhatsApp-2025-05-06-a-las-15.02.23_ae27afee-1024x768.jpg 1024w, https:\/\/proyeccionedomex.com.mx\/wp-content\/uploads\/2025\/05\/Imagen-de-WhatsApp-2025-05-06-a-las-15.02.23_ae27afee-300x225.jpg 300w, https:\/\/proyeccionedomex.com.mx\/wp-content\/uploads\/2025\/05\/Imagen-de-WhatsApp-2025-05-06-a-las-15.02.23_ae27afee-768x576.jpg 768w, https:\/\/proyeccionedomex.com.mx\/wp-content\/uploads\/2025\/05\/Imagen-de-WhatsApp-2025-05-06-a-las-15.02.23_ae27afee-1536x1152.jpg 1536w, https:\/\/proyeccionedomex.com.mx\/wp-content\/uploads\/2025\/05\/Imagen-de-WhatsApp-2025-05-06-a-las-15.02.23_ae27afee-696x522.jpg 696w, https:\/\/proyeccionedomex.com.mx\/wp-content\/uploads\/2025\/05\/Imagen-de-WhatsApp-2025-05-06-a-las-15.02.23_ae27afee-1068x801.jpg 1068w, https:\/\/proyeccionedomex.com.mx\/wp-content\/uploads\/2025\/05\/Imagen-de-WhatsApp-2025-05-06-a-las-15.02.23_ae27afee-560x420.jpg 560w, https:\/\/proyeccionedomex.com.mx\/wp-content\/uploads\/2025\/05\/Imagen-de-WhatsApp-2025-05-06-a-las-15.02.23_ae27afee-80x60.jpg 80w, https:\/\/proyeccionedomex.com.mx\/wp-content\/uploads\/2025\/05\/Imagen-de-WhatsApp-2025-05-06-a-las-15.02.23_ae27afee-265x198.jpg 265w, https:\/\/proyeccionedomex.com.mx\/wp-content\/uploads\/2025\/05\/Imagen-de-WhatsApp-2025-05-06-a-las-15.02.23_ae27afee.jpg 1600w\" sizes=\"auto, (max-width: 1024px) 100vw, 1024px\" \/><\/figure>\n\n\n\n<figure class=\"wp-block-image size-large td-caption-align-https:\/\/proyeccionedomex.com.mx\/wp-content\/uploads\/2025\/05\/Imagen-de-WhatsApp-2025-05-06-a-las-15.02.24_243d0be1.jpg\"><img loading=\"lazy\" decoding=\"async\" width=\"1024\" height=\"768\" data-id=\"6431\" src=\"https:\/\/proyeccionedomex.com.mx\/wp-content\/uploads\/2025\/05\/Imagen-de-WhatsApp-2025-05-06-a-las-15.02.24_243d0be1-1024x768.jpg\" alt=\"\" class=\"wp-image-6431\" srcset=\"https:\/\/proyeccionedomex.com.mx\/wp-content\/uploads\/2025\/05\/Imagen-de-WhatsApp-2025-05-06-a-las-15.02.24_243d0be1-1024x768.jpg 1024w, https:\/\/proyeccionedomex.com.mx\/wp-content\/uploads\/2025\/05\/Imagen-de-WhatsApp-2025-05-06-a-las-15.02.24_243d0be1-300x225.jpg 300w, https:\/\/proyeccionedomex.com.mx\/wp-content\/uploads\/2025\/05\/Imagen-de-WhatsApp-2025-05-06-a-las-15.02.24_243d0be1-768x576.jpg 768w, https:\/\/proyeccionedomex.com.mx\/wp-content\/uploads\/2025\/05\/Imagen-de-WhatsApp-2025-05-06-a-las-15.02.24_243d0be1-1536x1152.jpg 1536w, https:\/\/proyeccionedomex.com.mx\/wp-content\/uploads\/2025\/05\/Imagen-de-WhatsApp-2025-05-06-a-las-15.02.24_243d0be1-696x522.jpg 696w, https:\/\/proyeccionedomex.com.mx\/wp-content\/uploads\/2025\/05\/Imagen-de-WhatsApp-2025-05-06-a-las-15.02.24_243d0be1-1068x801.jpg 1068w, https:\/\/proyeccionedomex.com.mx\/wp-content\/uploads\/2025\/05\/Imagen-de-WhatsApp-2025-05-06-a-las-15.02.24_243d0be1-560x420.jpg 560w, https:\/\/proyeccionedomex.com.mx\/wp-content\/uploads\/2025\/05\/Imagen-de-WhatsApp-2025-05-06-a-las-15.02.24_243d0be1-80x60.jpg 80w, https:\/\/proyeccionedomex.com.mx\/wp-content\/uploads\/2025\/05\/Imagen-de-WhatsApp-2025-05-06-a-las-15.02.24_243d0be1-265x198.jpg 265w, https:\/\/proyeccionedomex.com.mx\/wp-content\/uploads\/2025\/05\/Imagen-de-WhatsApp-2025-05-06-a-las-15.02.24_243d0be1.jpg 1600w\" sizes=\"auto, (max-width: 1024px) 100vw, 1024px\" \/><\/figure>\n\n\n\n<figure class=\"wp-block-image size-large td-caption-align-https:\/\/proyeccionedomex.com.mx\/wp-content\/uploads\/2025\/05\/Imagen-de-WhatsApp-2025-05-06-a-las-15.02.24_08fe606c.jpg\"><img loading=\"lazy\" decoding=\"async\" width=\"1024\" height=\"576\" data-id=\"6429\" src=\"https:\/\/proyeccionedomex.com.mx\/wp-content\/uploads\/2025\/05\/Imagen-de-WhatsApp-2025-05-06-a-las-15.02.24_08fe606c-1024x576.jpg\" alt=\"\" class=\"wp-image-6429\" srcset=\"https:\/\/proyeccionedomex.com.mx\/wp-content\/uploads\/2025\/05\/Imagen-de-WhatsApp-2025-05-06-a-las-15.02.24_08fe606c-1024x576.jpg 1024w, https:\/\/proyeccionedomex.com.mx\/wp-content\/uploads\/2025\/05\/Imagen-de-WhatsApp-2025-05-06-a-las-15.02.24_08fe606c-300x169.jpg 300w, https:\/\/proyeccionedomex.com.mx\/wp-content\/uploads\/2025\/05\/Imagen-de-WhatsApp-2025-05-06-a-las-15.02.24_08fe606c-768x432.jpg 768w, https:\/\/proyeccionedomex.com.mx\/wp-content\/uploads\/2025\/05\/Imagen-de-WhatsApp-2025-05-06-a-las-15.02.24_08fe606c-1536x864.jpg 1536w, https:\/\/proyeccionedomex.com.mx\/wp-content\/uploads\/2025\/05\/Imagen-de-WhatsApp-2025-05-06-a-las-15.02.24_08fe606c-696x391.jpg 696w, https:\/\/proyeccionedomex.com.mx\/wp-content\/uploads\/2025\/05\/Imagen-de-WhatsApp-2025-05-06-a-las-15.02.24_08fe606c-1068x600.jpg 1068w, https:\/\/proyeccionedomex.com.mx\/wp-content\/uploads\/2025\/05\/Imagen-de-WhatsApp-2025-05-06-a-las-15.02.24_08fe606c-747x420.jpg 747w, https:\/\/proyeccionedomex.com.mx\/wp-content\/uploads\/2025\/05\/Imagen-de-WhatsApp-2025-05-06-a-las-15.02.24_08fe606c.jpg 1599w\" sizes=\"auto, (max-width: 1024px) 100vw, 1024px\" \/><\/figure>\n\n\n\n<figure class=\"wp-block-image size-large td-caption-align-https:\/\/proyeccionedomex.com.mx\/wp-content\/uploads\/2025\/05\/Imagen-de-WhatsApp-2025-05-06-a-las-15.02.23_e2358512.jpg\"><img loading=\"lazy\" decoding=\"async\" width=\"1024\" height=\"768\" data-id=\"6430\" src=\"https:\/\/proyeccionedomex.com.mx\/wp-content\/uploads\/2025\/05\/Imagen-de-WhatsApp-2025-05-06-a-las-15.02.23_e2358512-1024x768.jpg\" alt=\"\" class=\"wp-image-6430\" srcset=\"https:\/\/proyeccionedomex.com.mx\/wp-content\/uploads\/2025\/05\/Imagen-de-WhatsApp-2025-05-06-a-las-15.02.23_e2358512-1024x768.jpg 1024w, https:\/\/proyeccionedomex.com.mx\/wp-content\/uploads\/2025\/05\/Imagen-de-WhatsApp-2025-05-06-a-las-15.02.23_e2358512-300x225.jpg 300w, https:\/\/proyeccionedomex.com.mx\/wp-content\/uploads\/2025\/05\/Imagen-de-WhatsApp-2025-05-06-a-las-15.02.23_e2358512-768x576.jpg 768w, https:\/\/proyeccionedomex.com.mx\/wp-content\/uploads\/2025\/05\/Imagen-de-WhatsApp-2025-05-06-a-las-15.02.23_e2358512-696x522.jpg 696w, https:\/\/proyeccionedomex.com.mx\/wp-content\/uploads\/2025\/05\/Imagen-de-WhatsApp-2025-05-06-a-las-15.02.23_e2358512-1068x801.jpg 1068w, https:\/\/proyeccionedomex.com.mx\/wp-content\/uploads\/2025\/05\/Imagen-de-WhatsApp-2025-05-06-a-las-15.02.23_e2358512-560x420.jpg 560w, https:\/\/proyeccionedomex.com.mx\/wp-content\/uploads\/2025\/05\/Imagen-de-WhatsApp-2025-05-06-a-las-15.02.23_e2358512-80x60.jpg 80w, https:\/\/proyeccionedomex.com.mx\/wp-content\/uploads\/2025\/05\/Imagen-de-WhatsApp-2025-05-06-a-las-15.02.23_e2358512-265x198.jpg 265w, https:\/\/proyeccionedomex.com.mx\/wp-content\/uploads\/2025\/05\/Imagen-de-WhatsApp-2025-05-06-a-las-15.02.23_e2358512.jpg 1280w\" sizes=\"auto, (max-width: 1024px) 100vw, 1024px\" \/><\/figure>\n<\/figure>\n\n\n\n<p>Dan banderazo a obra de terracer\u00eda en Camino Viejo a Mexicaltzingo en San Andr\u00e9s Ocotl\u00e1n<\/p>\n\n\n\n<p>San Andr\u00e9s Ocotl\u00e1n, EDOM\u00c9X, 29 de abril de 2025.\u2014Con una inversi\u00f3n superior al mill\u00f3n de pesos, autoridades municipales encabezadas por el presidente Omar Guillermo S\u00e1nchez dieron el banderazo de inicio a la construcci\u00f3n de la terracer\u00eda en el Camino Viejo a Mexicaltzingo, obra que forma parte del Programa FORTAMUN 2025 y que beneficiar\u00e1 directamente a los habitantes de esta localidad al mejorar la movilidad y los traslados.<\/p>\n\n\n\n<p>En el evento estuvieron presentes la presidenta del DIF municipal, Cecilia Hern\u00e1ndez, as\u00ed como la s\u00edndica, regidoras y regidores, quienes junto con vecinos y representantes de la constructora celebraron el inicio de los trabajos, considerados como un s\u00edmbolo de esperanza y unidad en torno al trabajo en equipo.<\/p>\n\n\n\n<p>Durante su intervenci\u00f3n, el alcalde Omar Guillermo S\u00e1nchez record\u00f3 que esta obra responde a una necesidad prioritaria expresada por la ciudadan\u00eda en una reuni\u00f3n reciente, donde se plante\u00f3 el problema del drenaje durante la temporada de lluvias.<\/p>\n\n\n\n<p>\u201cEste conflicto tiene a\u00f1os afectando a la comunidad. Por eso, con responsabilidad y compromiso, logramos establecer un convenio entre el gobierno municipal, los desarrolladores y la propia poblaci\u00f3n para construir un colector y, adem\u00e1s, habilitar un camino en condiciones \u00f3ptimas para posteriormente colocar asfalto\u201d, explic\u00f3.<\/p>\n\n\n\n<p>El presidente municipal asegur\u00f3 que su administraci\u00f3n continuar\u00e1 resolviendo los temas m\u00e1s urgentes del municipio de forma responsable. \u201cEstamos poniendo todo nuestro esfuerzo para dar soluciones reales. Agradezco a la constructora y a toda la sociedad que se ha sumado a este proyecto. Es un compromiso con la gente para ofrecer servicios p\u00fablicos de calidad\u201d,&nbsp;concluy\u00f3.<\/p>\n","protected":false},"excerpt":{"rendered":"<p>Dan banderazo a obra de terracer\u00eda en Camino Viejo a Mexicaltzingo en San Andr\u00e9s Ocotl\u00e1n San Andr\u00e9s Ocotl\u00e1n, EDOM\u00c9X, 29 de abril de 2025.\u2014Con una inversi\u00f3n superior al mill\u00f3n de pesos, autoridades municipales encabezadas por el presidente Omar Guillermo S\u00e1nchez dieron el banderazo de inicio a la construcci\u00f3n de la terracer\u00eda en el Camino Viejo [&hellip;]<\/p>\n","protected":false},"author":1,"featured_media":6432,"comment_status":"open","ping_status":"closed","sticky":false,"template":"","format":"standard","meta":{"footnotes":""},"categories":[1],"tags":[],"class_list":{"0":"post-6428","1":"post","2":"type-post","3":"status-publish","4":"format-standard","5":"has-post-thumbnail","7":"category-politica"},"yoast_head":"<!-- This site is optimized with the Yoast SEO plugin v27.5 - https:\/\/yoast.com\/product\/yoast-seo-wordpress\/ -->\n<title>Dan banderazo a obra de terracer\u00eda en Camino Viejo a Mexicaltzingo en San Andr\u00e9s Ocotl\u00e1n - Proyecci\u00f3n Estado de M\u00e9xico<\/title>\n<meta name=\"robots\" content=\"index, follow, max-snippet:-1, max-image-preview:large, max-video-preview:-1\" \/>\n<link rel=\"canonical\" href=\"https:\/\/proyeccionedomex.com.mx\/?p=6428\" \/>\n<meta property=\"og:locale\" content=\"es_ES\" \/>\n<meta property=\"og:type\" content=\"article\" \/>\n<meta property=\"og:title\" content=\"Dan banderazo a obra de terracer\u00eda en Camino Viejo a Mexicaltzingo en San Andr\u00e9s Ocotl\u00e1n - Proyecci\u00f3n Estado de M\u00e9xico\" \/>\n<meta property=\"og:description\" content=\"Dan banderazo a obra de terracer\u00eda en Camino Viejo a Mexicaltzingo en San Andr\u00e9s Ocotl\u00e1n San Andr\u00e9s Ocotl\u00e1n, EDOM\u00c9X, 29 de abril de 2025.\u2014Con una inversi\u00f3n superior al mill\u00f3n de pesos, autoridades municipales encabezadas por el presidente Omar Guillermo S\u00e1nchez dieron el banderazo de inicio a la construcci\u00f3n de la terracer\u00eda en el Camino Viejo [&hellip;]\" \/>\n<meta property=\"og:url\" content=\"https:\/\/proyeccionedomex.com.mx\/?p=6428\" \/>\n<meta property=\"og:site_name\" content=\"Proyecci\u00f3n Estado de M\u00e9xico\" \/>\n<meta property=\"article:publisher\" content=\"https:\/\/www.facebook.com\/PortaldeNoticiasProyeccionEdomex\" \/>\n<meta property=\"article:published_time\" content=\"2025-04-30T14:21:00+00:00\" \/>\n<meta property=\"article:modified_time\" content=\"2025-05-07T14:22:55+00:00\" \/>\n<meta property=\"og:image\" content=\"https:\/\/proyeccionedomex.com.mx\/wp-content\/uploads\/2025\/05\/Imagen-de-WhatsApp-2025-05-06-a-las-15.02.23_ae27afee.jpg\" \/>\n\t<meta property=\"og:image:width\" content=\"1600\" \/>\n\t<meta property=\"og:image:height\" content=\"1200\" \/>\n\t<meta property=\"og:image:type\" content=\"image\/jpeg\" \/>\n<meta name=\"author\" content=\"Redacci\u00f3n Proyecci\u00f3n EDOM\u00c9X\" \/>\n<meta name=\"twitter:card\" content=\"summary_large_image\" \/>\n<meta name=\"twitter:label1\" content=\"Escrito por\" \/>\n\t<meta name=\"twitter:data1\" content=\"Redacci\u00f3n Proyecci\u00f3n EDOM\u00c9X\" \/>\n\t<meta name=\"twitter:label2\" content=\"Tiempo de lectura\" \/>\n\t<meta name=\"twitter:data2\" content=\"2 minutos\" \/>\n<script type=\"application\/ld+json\" class=\"yoast-schema-graph\">{\"@context\":\"https:\\\/\\\/schema.org\",\"@graph\":[{\"@type\":\"Article\",\"@id\":\"https:\\\/\\\/proyeccionedomex.com.mx\\\/?p=6428#article\",\"isPartOf\":{\"@id\":\"https:\\\/\\\/proyeccionedomex.com.mx\\\/?p=6428\"},\"author\":{\"name\":\"Redacci\u00f3n Proyecci\u00f3n EDOM\u00c9X\",\"@id\":\"https:\\\/\\\/proyeccionedomex.com.mx\\\/#\\\/schema\\\/person\\\/2e66b5427bffed972a69e6b66b4e3a76\"},\"headline\":\"Dan banderazo a obra de terracer\u00eda en Camino Viejo a Mexicaltzingo en San Andr\u00e9s Ocotl\u00e1n\",\"datePublished\":\"2025-04-30T14:21:00+00:00\",\"dateModified\":\"2025-05-07T14:22:55+00:00\",\"mainEntityOfPage\":{\"@id\":\"https:\\\/\\\/proyeccionedomex.com.mx\\\/?p=6428\"},\"wordCount\":309,\"commentCount\":0,\"publisher\":{\"@id\":\"https:\\\/\\\/proyeccionedomex.com.mx\\\/#organization\"},\"image\":{\"@id\":\"https:\\\/\\\/proyeccionedomex.com.mx\\\/?p=6428#primaryimage\"},\"thumbnailUrl\":\"https:\\\/\\\/proyeccionedomex.com.mx\\\/wp-content\\\/uploads\\\/2025\\\/05\\\/Imagen-de-WhatsApp-2025-05-06-a-las-15.02.23_ae27afee.jpg\",\"articleSection\":[\"Politica\"],\"inLanguage\":\"es\",\"potentialAction\":[{\"@type\":\"CommentAction\",\"name\":\"Comment\",\"target\":[\"https:\\\/\\\/proyeccionedomex.com.mx\\\/?p=6428#respond\"]}]},{\"@type\":\"WebPage\",\"@id\":\"https:\\\/\\\/proyeccionedomex.com.mx\\\/?p=6428\",\"url\":\"https:\\\/\\\/proyeccionedomex.com.mx\\\/?p=6428\",\"name\":\"Dan banderazo a obra de terracer\u00eda en Camino Viejo a Mexicaltzingo en San Andr\u00e9s Ocotl\u00e1n - Proyecci\u00f3n Estado de M\u00e9xico\",\"isPartOf\":{\"@id\":\"https:\\\/\\\/proyeccionedomex.com.mx\\\/#website\"},\"primaryImageOfPage\":{\"@id\":\"https:\\\/\\\/proyeccionedomex.com.mx\\\/?p=6428#primaryimage\"},\"image\":{\"@id\":\"https:\\\/\\\/proyeccionedomex.com.mx\\\/?p=6428#primaryimage\"},\"thumbnailUrl\":\"https:\\\/\\\/proyeccionedomex.com.mx\\\/wp-content\\\/uploads\\\/2025\\\/05\\\/Imagen-de-WhatsApp-2025-05-06-a-las-15.02.23_ae27afee.jpg\",\"datePublished\":\"2025-04-30T14:21:00+00:00\",\"dateModified\":\"2025-05-07T14:22:55+00:00\",\"breadcrumb\":{\"@id\":\"https:\\\/\\\/proyeccionedomex.com.mx\\\/?p=6428#breadcrumb\"},\"inLanguage\":\"es\",\"potentialAction\":[{\"@type\":\"ReadAction\",\"target\":[\"https:\\\/\\\/proyeccionedomex.com.mx\\\/?p=6428\"]}]},{\"@type\":\"ImageObject\",\"inLanguage\":\"es\",\"@id\":\"https:\\\/\\\/proyeccionedomex.com.mx\\\/?p=6428#primaryimage\",\"url\":\"https:\\\/\\\/proyeccionedomex.com.mx\\\/wp-content\\\/uploads\\\/2025\\\/05\\\/Imagen-de-WhatsApp-2025-05-06-a-las-15.02.23_ae27afee.jpg\",\"contentUrl\":\"https:\\\/\\\/proyeccionedomex.com.mx\\\/wp-content\\\/uploads\\\/2025\\\/05\\\/Imagen-de-WhatsApp-2025-05-06-a-las-15.02.23_ae27afee.jpg\",\"width\":1600,\"height\":1200},{\"@type\":\"BreadcrumbList\",\"@id\":\"https:\\\/\\\/proyeccionedomex.com.mx\\\/?p=6428#breadcrumb\",\"itemListElement\":[{\"@type\":\"ListItem\",\"position\":1,\"name\":\"Portada\",\"item\":\"https:\\\/\\\/proyeccionedomex.com.mx\\\/\"},{\"@type\":\"ListItem\",\"position\":2,\"name\":\"Dan banderazo a obra de terracer\u00eda en Camino Viejo a Mexicaltzingo en San Andr\u00e9s Ocotl\u00e1n\"}]},{\"@type\":\"WebSite\",\"@id\":\"https:\\\/\\\/proyeccionedomex.com.mx\\\/#website\",\"url\":\"https:\\\/\\\/proyeccionedomex.com.mx\\\/\",\"name\":\"Proyecci\u00f3n Estado de M\u00e9xico\",\"description\":\"Proyecci\u00f3n Edo. Mex.\",\"publisher\":{\"@id\":\"https:\\\/\\\/proyeccionedomex.com.mx\\\/#organization\"},\"potentialAction\":[{\"@type\":\"SearchAction\",\"target\":{\"@type\":\"EntryPoint\",\"urlTemplate\":\"https:\\\/\\\/proyeccionedomex.com.mx\\\/?s={search_term_string}\"},\"query-input\":{\"@type\":\"PropertyValueSpecification\",\"valueRequired\":true,\"valueName\":\"search_term_string\"}}],\"inLanguage\":\"es\"},{\"@type\":\"Organization\",\"@id\":\"https:\\\/\\\/proyeccionedomex.com.mx\\\/#organization\",\"name\":\"Proyecci\u00f3n Estado de M\u00e9xico\",\"url\":\"https:\\\/\\\/proyeccionedomex.com.mx\\\/\",\"logo\":{\"@type\":\"ImageObject\",\"inLanguage\":\"es\",\"@id\":\"https:\\\/\\\/proyeccionedomex.com.mx\\\/#\\\/schema\\\/logo\\\/image\\\/\",\"url\":\"https:\\\/\\\/proyeccionedomex.com.mx\\\/wp-content\\\/uploads\\\/2024\\\/03\\\/proyeccion.jpg\",\"contentUrl\":\"https:\\\/\\\/proyeccionedomex.com.mx\\\/wp-content\\\/uploads\\\/2024\\\/03\\\/proyeccion.jpg\",\"width\":1143,\"height\":801,\"caption\":\"Proyecci\u00f3n Estado de M\u00e9xico\"},\"image\":{\"@id\":\"https:\\\/\\\/proyeccionedomex.com.mx\\\/#\\\/schema\\\/logo\\\/image\\\/\"},\"sameAs\":[\"https:\\\/\\\/www.facebook.com\\\/PortaldeNoticiasProyeccionEdomex\"]},{\"@type\":\"Person\",\"@id\":\"https:\\\/\\\/proyeccionedomex.com.mx\\\/#\\\/schema\\\/person\\\/2e66b5427bffed972a69e6b66b4e3a76\",\"name\":\"Redacci\u00f3n Proyecci\u00f3n EDOM\u00c9X\",\"image\":{\"@type\":\"ImageObject\",\"inLanguage\":\"es\",\"@id\":\"https:\\\/\\\/secure.gravatar.com\\\/avatar\\\/f43a2254d614198c44c96f86f1f078a06cac3d39a3250e9245aa331797519cab?s=96&d=mm&r=g\",\"url\":\"https:\\\/\\\/secure.gravatar.com\\\/avatar\\\/f43a2254d614198c44c96f86f1f078a06cac3d39a3250e9245aa331797519cab?s=96&d=mm&r=g\",\"contentUrl\":\"https:\\\/\\\/secure.gravatar.com\\\/avatar\\\/f43a2254d614198c44c96f86f1f078a06cac3d39a3250e9245aa331797519cab?s=96&d=mm&r=g\",\"caption\":\"Redacci\u00f3n Proyecci\u00f3n EDOM\u00c9X\"},\"sameAs\":[\"https:\\\/\\\/proyeccionedomex.com.mx\"],\"url\":\"https:\\\/\\\/proyeccionedomex.com.mx\\\/?author=1\"}]}<\/script>\n<!-- \/ Yoast SEO plugin. -->","yoast_head_json":{"title":"Dan banderazo a obra de terracer\u00eda en Camino Viejo a Mexicaltzingo en San Andr\u00e9s Ocotl\u00e1n - Proyecci\u00f3n Estado de M\u00e9xico","robots":{"index":"index","follow":"follow","max-snippet":"max-snippet:-1","max-image-preview":"max-image-preview:large","max-video-preview":"max-video-preview:-1"},"canonical":"https:\/\/proyeccionedomex.com.mx\/?p=6428","og_locale":"es_ES","og_type":"article","og_title":"Dan banderazo a obra de terracer\u00eda en Camino Viejo a Mexicaltzingo en San Andr\u00e9s Ocotl\u00e1n - Proyecci\u00f3n Estado de M\u00e9xico","og_description":"Dan banderazo a obra de terracer\u00eda en Camino Viejo a Mexicaltzingo en San Andr\u00e9s Ocotl\u00e1n San Andr\u00e9s Ocotl\u00e1n, EDOM\u00c9X, 29 de abril de 2025.\u2014Con una inversi\u00f3n superior al mill\u00f3n de pesos, autoridades municipales encabezadas por el presidente Omar Guillermo S\u00e1nchez dieron el banderazo de inicio a la construcci\u00f3n de la terracer\u00eda en el Camino Viejo [&hellip;]","og_url":"https:\/\/proyeccionedomex.com.mx\/?p=6428","og_site_name":"Proyecci\u00f3n Estado de M\u00e9xico","article_publisher":"https:\/\/www.facebook.com\/PortaldeNoticiasProyeccionEdomex","article_published_time":"2025-04-30T14:21:00+00:00","article_modified_time":"2025-05-07T14:22:55+00:00","og_image":[{"width":1600,"height":1200,"url":"https:\/\/proyeccionedomex.com.mx\/wp-content\/uploads\/2025\/05\/Imagen-de-WhatsApp-2025-05-06-a-las-15.02.23_ae27afee.jpg","type":"image\/jpeg"}],"author":"Redacci\u00f3n Proyecci\u00f3n EDOM\u00c9X","twitter_card":"summary_large_image","twitter_misc":{"Escrito por":"Redacci\u00f3n Proyecci\u00f3n EDOM\u00c9X","Tiempo de lectura":"2 minutos"},"schema":{"@context":"https:\/\/schema.org","@graph":[{"@type":"Article","@id":"https:\/\/proyeccionedomex.com.mx\/?p=6428#article","isPartOf":{"@id":"https:\/\/proyeccionedomex.com.mx\/?p=6428"},"author":{"name":"Redacci\u00f3n Proyecci\u00f3n EDOM\u00c9X","@id":"https:\/\/proyeccionedomex.com.mx\/#\/schema\/person\/2e66b5427bffed972a69e6b66b4e3a76"},"headline":"Dan banderazo a obra de terracer\u00eda en Camino Viejo a Mexicaltzingo en San Andr\u00e9s Ocotl\u00e1n","datePublished":"2025-04-30T14:21:00+00:00","dateModified":"2025-05-07T14:22:55+00:00","mainEntityOfPage":{"@id":"https:\/\/proyeccionedomex.com.mx\/?p=6428"},"wordCount":309,"commentCount":0,"publisher":{"@id":"https:\/\/proyeccionedomex.com.mx\/#organization"},"image":{"@id":"https:\/\/proyeccionedomex.com.mx\/?p=6428#primaryimage"},"thumbnailUrl":"https:\/\/proyeccionedomex.com.mx\/wp-content\/uploads\/2025\/05\/Imagen-de-WhatsApp-2025-05-06-a-las-15.02.23_ae27afee.jpg","articleSection":["Politica"],"inLanguage":"es","potentialAction":[{"@type":"CommentAction","name":"Comment","target":["https:\/\/proyeccionedomex.com.mx\/?p=6428#respond"]}]},{"@type":"WebPage","@id":"https:\/\/proyeccionedomex.com.mx\/?p=6428","url":"https:\/\/proyeccionedomex.com.mx\/?p=6428","name":"Dan banderazo a obra de terracer\u00eda en Camino Viejo a Mexicaltzingo en San Andr\u00e9s Ocotl\u00e1n - Proyecci\u00f3n Estado de M\u00e9xico","isPartOf":{"@id":"https:\/\/proyeccionedomex.com.mx\/#website"},"primaryImageOfPage":{"@id":"https:\/\/proyeccionedomex.com.mx\/?p=6428#primaryimage"},"image":{"@id":"https:\/\/proyeccionedomex.com.mx\/?p=6428#primaryimage"},"thumbnailUrl":"https:\/\/proyeccionedomex.com.mx\/wp-content\/uploads\/2025\/05\/Imagen-de-WhatsApp-2025-05-06-a-las-15.02.23_ae27afee.jpg","datePublished":"2025-04-30T14:21:00+00:00","dateModified":"2025-05-07T14:22:55+00:00","breadcrumb":{"@id":"https:\/\/proyeccionedomex.com.mx\/?p=6428#breadcrumb"},"inLanguage":"es","potentialAction":[{"@type":"ReadAction","target":["https:\/\/proyeccionedomex.com.mx\/?p=6428"]}]},{"@type":"ImageObject","inLanguage":"es","@id":"https:\/\/proyeccionedomex.com.mx\/?p=6428#primaryimage","url":"https:\/\/proyeccionedomex.com.mx\/wp-content\/uploads\/2025\/05\/Imagen-de-WhatsApp-2025-05-06-a-las-15.02.23_ae27afee.jpg","contentUrl":"https:\/\/proyeccionedomex.com.mx\/wp-content\/uploads\/2025\/05\/Imagen-de-WhatsApp-2025-05-06-a-las-15.02.23_ae27afee.jpg","width":1600,"height":1200},{"@type":"BreadcrumbList","@id":"https:\/\/proyeccionedomex.com.mx\/?p=6428#breadcrumb","itemListElement":[{"@type":"ListItem","position":1,"name":"Portada","item":"https:\/\/proyeccionedomex.com.mx\/"},{"@type":"ListItem","position":2,"name":"Dan banderazo a obra de terracer\u00eda en Camino Viejo a Mexicaltzingo en San Andr\u00e9s Ocotl\u00e1n"}]},{"@type":"WebSite","@id":"https:\/\/proyeccionedomex.com.mx\/#website","url":"https:\/\/proyeccionedomex.com.mx\/","name":"Proyecci\u00f3n Estado de M\u00e9xico","description":"Proyecci\u00f3n Edo. Mex.","publisher":{"@id":"https:\/\/proyeccionedomex.com.mx\/#organization"},"potentialAction":[{"@type":"SearchAction","target":{"@type":"EntryPoint","urlTemplate":"https:\/\/proyeccionedomex.com.mx\/?s={search_term_string}"},"query-input":{"@type":"PropertyValueSpecification","valueRequired":true,"valueName":"search_term_string"}}],"inLanguage":"es"},{"@type":"Organization","@id":"https:\/\/proyeccionedomex.com.mx\/#organization","name":"Proyecci\u00f3n Estado de M\u00e9xico","url":"https:\/\/proyeccionedomex.com.mx\/","logo":{"@type":"ImageObject","inLanguage":"es","@id":"https:\/\/proyeccionedomex.com.mx\/#\/schema\/logo\/image\/","url":"https:\/\/proyeccionedomex.com.mx\/wp-content\/uploads\/2024\/03\/proyeccion.jpg","contentUrl":"https:\/\/proyeccionedomex.com.mx\/wp-content\/uploads\/2024\/03\/proyeccion.jpg","width":1143,"height":801,"caption":"Proyecci\u00f3n Estado de M\u00e9xico"},"image":{"@id":"https:\/\/proyeccionedomex.com.mx\/#\/schema\/logo\/image\/"},"sameAs":["https:\/\/www.facebook.com\/PortaldeNoticiasProyeccionEdomex"]},{"@type":"Person","@id":"https:\/\/proyeccionedomex.com.mx\/#\/schema\/person\/2e66b5427bffed972a69e6b66b4e3a76","name":"Redacci\u00f3n Proyecci\u00f3n EDOM\u00c9X","image":{"@type":"ImageObject","inLanguage":"es","@id":"https:\/\/secure.gravatar.com\/avatar\/f43a2254d614198c44c96f86f1f078a06cac3d39a3250e9245aa331797519cab?s=96&d=mm&r=g","url":"https:\/\/secure.gravatar.com\/avatar\/f43a2254d614198c44c96f86f1f078a06cac3d39a3250e9245aa331797519cab?s=96&d=mm&r=g","contentUrl":"https:\/\/secure.gravatar.com\/avatar\/f43a2254d614198c44c96f86f1f078a06cac3d39a3250e9245aa331797519cab?s=96&d=mm&r=g","caption":"Redacci\u00f3n Proyecci\u00f3n EDOM\u00c9X"},"sameAs":["https:\/\/proyeccionedomex.com.mx"],"url":"https:\/\/proyeccionedomex.com.mx\/?author=1"}]}},"_links":{"self":[{"href":"https:\/\/proyeccionedomex.com.mx\/index.php?rest_route=\/wp\/v2\/posts\/6428","targetHints":{"allow":["GET"]}}],"collection":[{"href":"https:\/\/proyeccionedomex.com.mx\/index.php?rest_route=\/wp\/v2\/posts"}],"about":[{"href":"https:\/\/proyeccionedomex.com.mx\/index.php?rest_route=\/wp\/v2\/types\/post"}],"author":[{"embeddable":true,"href":"https:\/\/proyeccionedomex.com.mx\/index.php?rest_route=\/wp\/v2\/users\/1"}],"replies":[{"embeddable":true,"href":"https:\/\/proyeccionedomex.com.mx\/index.php?rest_route=%2Fwp%2Fv2%2Fcomments&post=6428"}],"version-history":[{"count":0,"href":"https:\/\/proyeccionedomex.com.mx\/index.php?rest_route=\/wp\/v2\/posts\/6428\/revisions"}],"wp:featuredmedia":[{"embeddable":true,"href":"https:\/\/proyeccionedomex.com.mx\/index.php?rest_route=\/wp\/v2\/media\/6432"}],"wp:attachment":[{"href":"https:\/\/proyeccionedomex.com.mx\/index.php?rest_route=%2Fwp%2Fv2%2Fmedia&parent=6428"}],"wp:term":[{"taxonomy":"category","embeddable":true,"href":"https:\/\/proyeccionedomex.com.mx\/index.php?rest_route=%2Fwp%2Fv2%2Fcategories&post=6428"},{"taxonomy":"post_tag","embeddable":true,"href":"https:\/\/proyeccionedomex.com.mx\/index.php?rest_route=%2Fwp%2Fv2%2Ftags&post=6428"}],"curies":[{"name":"wp","href":"https:\/\/api.w.org\/{rel}","templated":true}]}}