{"id":6487,"date":"2025-05-12T14:50:46","date_gmt":"2025-05-12T14:50:46","guid":{"rendered":"https:\/\/proyeccionedomex.com.mx\/?p=6487"},"modified":"2025-05-12T14:50:49","modified_gmt":"2025-05-12T14:50:49","slug":"miguel-ponce-encabeza-la-entrega-del-centro-cultural-y-deportivo-atarasquillo-lerma","status":"publish","type":"post","link":"https:\/\/proyeccionedomex.com.mx\/?p=6487","title":{"rendered":"Miguel Ponce encabeza la entrega del Centro Cultural y Deportivo Atarasquillo, LERMA"},"content":{"rendered":"\n<figure class=\"wp-block-gallery has-nested-images columns-default is-cropped wp-block-gallery-1 is-layout-flex wp-block-gallery-is-layout-flex\">\n<figure class=\"wp-block-image size-large td-caption-align-https:\/\/proyeccionedomex.com.mx\/wp-content\/uploads\/2025\/05\/Imagen-de-WhatsApp-2025-05-12-a-las-01.13.08_f1a1f6bd.jpg\"><img loading=\"lazy\" decoding=\"async\" width=\"1024\" height=\"768\" data-id=\"6492\" src=\"https:\/\/proyeccionedomex.com.mx\/wp-content\/uploads\/2025\/05\/Imagen-de-WhatsApp-2025-05-12-a-las-01.13.08_f1a1f6bd-1024x768.jpg\" alt=\"\" class=\"wp-image-6492\" srcset=\"https:\/\/proyeccionedomex.com.mx\/wp-content\/uploads\/2025\/05\/Imagen-de-WhatsApp-2025-05-12-a-las-01.13.08_f1a1f6bd-1024x768.jpg 1024w, https:\/\/proyeccionedomex.com.mx\/wp-content\/uploads\/2025\/05\/Imagen-de-WhatsApp-2025-05-12-a-las-01.13.08_f1a1f6bd-300x225.jpg 300w, https:\/\/proyeccionedomex.com.mx\/wp-content\/uploads\/2025\/05\/Imagen-de-WhatsApp-2025-05-12-a-las-01.13.08_f1a1f6bd-768x576.jpg 768w, https:\/\/proyeccionedomex.com.mx\/wp-content\/uploads\/2025\/05\/Imagen-de-WhatsApp-2025-05-12-a-las-01.13.08_f1a1f6bd-696x522.jpg 696w, https:\/\/proyeccionedomex.com.mx\/wp-content\/uploads\/2025\/05\/Imagen-de-WhatsApp-2025-05-12-a-las-01.13.08_f1a1f6bd-1068x801.jpg 1068w, https:\/\/proyeccionedomex.com.mx\/wp-content\/uploads\/2025\/05\/Imagen-de-WhatsApp-2025-05-12-a-las-01.13.08_f1a1f6bd-560x420.jpg 560w, https:\/\/proyeccionedomex.com.mx\/wp-content\/uploads\/2025\/05\/Imagen-de-WhatsApp-2025-05-12-a-las-01.13.08_f1a1f6bd-80x60.jpg 80w, https:\/\/proyeccionedomex.com.mx\/wp-content\/uploads\/2025\/05\/Imagen-de-WhatsApp-2025-05-12-a-las-01.13.08_f1a1f6bd-265x198.jpg 265w, https:\/\/proyeccionedomex.com.mx\/wp-content\/uploads\/2025\/05\/Imagen-de-WhatsApp-2025-05-12-a-las-01.13.08_f1a1f6bd.jpg 1280w\" sizes=\"auto, (max-width: 1024px) 100vw, 1024px\" \/><\/figure>\n\n\n\n<figure class=\"wp-block-image size-large td-caption-align-https:\/\/proyeccionedomex.com.mx\/wp-content\/uploads\/2025\/05\/Imagen-de-WhatsApp-2025-05-12-a-las-01.12.56_a07569c8.jpg\"><img loading=\"lazy\" decoding=\"async\" width=\"1024\" height=\"671\" data-id=\"6490\" src=\"https:\/\/proyeccionedomex.com.mx\/wp-content\/uploads\/2025\/05\/Imagen-de-WhatsApp-2025-05-12-a-las-01.12.56_a07569c8-1024x671.jpg\" alt=\"\" class=\"wp-image-6490\" srcset=\"https:\/\/proyeccionedomex.com.mx\/wp-content\/uploads\/2025\/05\/Imagen-de-WhatsApp-2025-05-12-a-las-01.12.56_a07569c8-1024x671.jpg 1024w, https:\/\/proyeccionedomex.com.mx\/wp-content\/uploads\/2025\/05\/Imagen-de-WhatsApp-2025-05-12-a-las-01.12.56_a07569c8-300x197.jpg 300w, https:\/\/proyeccionedomex.com.mx\/wp-content\/uploads\/2025\/05\/Imagen-de-WhatsApp-2025-05-12-a-las-01.12.56_a07569c8-768x503.jpg 768w, https:\/\/proyeccionedomex.com.mx\/wp-content\/uploads\/2025\/05\/Imagen-de-WhatsApp-2025-05-12-a-las-01.12.56_a07569c8-696x456.jpg 696w, https:\/\/proyeccionedomex.com.mx\/wp-content\/uploads\/2025\/05\/Imagen-de-WhatsApp-2025-05-12-a-las-01.12.56_a07569c8-1068x700.jpg 1068w, https:\/\/proyeccionedomex.com.mx\/wp-content\/uploads\/2025\/05\/Imagen-de-WhatsApp-2025-05-12-a-las-01.12.56_a07569c8-641x420.jpg 641w, https:\/\/proyeccionedomex.com.mx\/wp-content\/uploads\/2025\/05\/Imagen-de-WhatsApp-2025-05-12-a-las-01.12.56_a07569c8-741x486.jpg 741w, https:\/\/proyeccionedomex.com.mx\/wp-content\/uploads\/2025\/05\/Imagen-de-WhatsApp-2025-05-12-a-las-01.12.56_a07569c8.jpg 1280w\" sizes=\"auto, (max-width: 1024px) 100vw, 1024px\" \/><\/figure>\n\n\n\n<figure class=\"wp-block-image size-large td-caption-align-https:\/\/proyeccionedomex.com.mx\/wp-content\/uploads\/2025\/05\/Imagen-de-WhatsApp-2025-05-12-a-las-01.12.56_beac402a.jpg\"><img loading=\"lazy\" decoding=\"async\" width=\"1024\" height=\"768\" data-id=\"6491\" src=\"https:\/\/proyeccionedomex.com.mx\/wp-content\/uploads\/2025\/05\/Imagen-de-WhatsApp-2025-05-12-a-las-01.12.56_beac402a-1024x768.jpg\" alt=\"\" class=\"wp-image-6491\" srcset=\"https:\/\/proyeccionedomex.com.mx\/wp-content\/uploads\/2025\/05\/Imagen-de-WhatsApp-2025-05-12-a-las-01.12.56_beac402a-1024x768.jpg 1024w, https:\/\/proyeccionedomex.com.mx\/wp-content\/uploads\/2025\/05\/Imagen-de-WhatsApp-2025-05-12-a-las-01.12.56_beac402a-300x225.jpg 300w, https:\/\/proyeccionedomex.com.mx\/wp-content\/uploads\/2025\/05\/Imagen-de-WhatsApp-2025-05-12-a-las-01.12.56_beac402a-768x576.jpg 768w, https:\/\/proyeccionedomex.com.mx\/wp-content\/uploads\/2025\/05\/Imagen-de-WhatsApp-2025-05-12-a-las-01.12.56_beac402a-696x522.jpg 696w, https:\/\/proyeccionedomex.com.mx\/wp-content\/uploads\/2025\/05\/Imagen-de-WhatsApp-2025-05-12-a-las-01.12.56_beac402a-1068x801.jpg 1068w, https:\/\/proyeccionedomex.com.mx\/wp-content\/uploads\/2025\/05\/Imagen-de-WhatsApp-2025-05-12-a-las-01.12.56_beac402a-560x420.jpg 560w, https:\/\/proyeccionedomex.com.mx\/wp-content\/uploads\/2025\/05\/Imagen-de-WhatsApp-2025-05-12-a-las-01.12.56_beac402a-80x60.jpg 80w, https:\/\/proyeccionedomex.com.mx\/wp-content\/uploads\/2025\/05\/Imagen-de-WhatsApp-2025-05-12-a-las-01.12.56_beac402a-265x198.jpg 265w, https:\/\/proyeccionedomex.com.mx\/wp-content\/uploads\/2025\/05\/Imagen-de-WhatsApp-2025-05-12-a-las-01.12.56_beac402a.jpg 1280w\" sizes=\"auto, (max-width: 1024px) 100vw, 1024px\" \/><\/figure>\n\n\n\n\n\n<figure class=\"wp-block-image size-large td-caption-align-https:\/\/proyeccionedomex.com.mx\/wp-content\/uploads\/2025\/05\/Imagen-de-WhatsApp-2025-05-12-a-las-01.12.56_ebcfddf5.jpg\"><img loading=\"lazy\" decoding=\"async\" width=\"1024\" height=\"576\" data-id=\"6488\" src=\"https:\/\/proyeccionedomex.com.mx\/wp-content\/uploads\/2025\/05\/Imagen-de-WhatsApp-2025-05-12-a-las-01.12.56_ebcfddf5-1024x576.jpg\" alt=\"\" class=\"wp-image-6488\" srcset=\"https:\/\/proyeccionedomex.com.mx\/wp-content\/uploads\/2025\/05\/Imagen-de-WhatsApp-2025-05-12-a-las-01.12.56_ebcfddf5-1024x576.jpg 1024w, https:\/\/proyeccionedomex.com.mx\/wp-content\/uploads\/2025\/05\/Imagen-de-WhatsApp-2025-05-12-a-las-01.12.56_ebcfddf5-300x169.jpg 300w, https:\/\/proyeccionedomex.com.mx\/wp-content\/uploads\/2025\/05\/Imagen-de-WhatsApp-2025-05-12-a-las-01.12.56_ebcfddf5-768x432.jpg 768w, https:\/\/proyeccionedomex.com.mx\/wp-content\/uploads\/2025\/05\/Imagen-de-WhatsApp-2025-05-12-a-las-01.12.56_ebcfddf5-696x392.jpg 696w, https:\/\/proyeccionedomex.com.mx\/wp-content\/uploads\/2025\/05\/Imagen-de-WhatsApp-2025-05-12-a-las-01.12.56_ebcfddf5-1068x601.jpg 1068w, https:\/\/proyeccionedomex.com.mx\/wp-content\/uploads\/2025\/05\/Imagen-de-WhatsApp-2025-05-12-a-las-01.12.56_ebcfddf5-747x420.jpg 747w, https:\/\/proyeccionedomex.com.mx\/wp-content\/uploads\/2025\/05\/Imagen-de-WhatsApp-2025-05-12-a-las-01.12.56_ebcfddf5.jpg 1280w\" sizes=\"auto, (max-width: 1024px) 100vw, 1024px\" \/><\/figure>\n<\/figure>\n\n\n\n<p>Miguel Ponce encabeza la entrega del Centro Cultural y Deportivo Atarasquillo, LERMA<\/p>\n\n\n\n<p>Lerma, M\u00e9x.\u2014 En un acto que reafirma el compromiso del gobierno municipal 2025\u20132027 con el desarrollo de infraestructura y el impulso al deporte y la cultura, el presidente municipal de Lerma, Miguel \u00c1ngel Ram\u00edrez Ponce, encabez\u00f3 la entrega del nuevo Centro Cultural y Deportivo Atarasquillo, un espacio dise\u00f1ado para fortalecer la integraci\u00f3n social y el desarrollo integral de la comunidad.<\/p>\n\n\n\n<p>El objetivo de este centro es claro: fomentar y continuar promoviendo la pr\u00e1ctica de actividades culturales, art\u00edsticas, deportivas y sociales entre los habitantes de Lerma, especialmente entre ni\u00f1os, j\u00f3venes y familias de la zona.<\/p>\n\n\n\n<p>Las instalaciones, modernas y funcionales, cuentan con un escenario cultural, escenario deportivo, vestidores, bodegas y sanitarios, y ofrecer\u00e1n clases de boxeo, taekwondo y ballet, convirti\u00e9ndose en un referente regional para el desarrollo del talento local.<\/p>\n\n\n\n<p>Durante el evento inaugural, se realiz\u00f3 el tradicional corte de list\u00f3n y un recorrido por las instalaciones. Posteriormente, se llevaron a cabo diversas exhibiciones: ballet a cargo de Irma Julie Mart\u00ednez Zarco, box dirigido por el entrenador Edgar Barrera Villegas, y taekwondo a cargo del profesor V\u00edctor Manuel Soriano Rodr\u00edguez.<\/p>\n\n\n\n<p>En un gesto que demuestra el respaldo al deporte de alto rendimiento, el alcalde Miguel Ram\u00edrez Ponce realiz\u00f3 la entrega simb\u00f3lica de un apoyo al equipo del Instituto Nacional de Taekwondo Atarasquillo, dirigido por el profesor Soriano Rodr\u00edguez, para su participaci\u00f3n en el torneo \u00abOpen Taekwondo Championship Acapulco\u00bb.<\/p>\n\n\n\n<p>El evento cont\u00f3 con la presencia de autoridades municipales y representantes de la comunidad, entre ellos el diputado federal Jos\u00e9 Luis Hern\u00e1ndez P\u00e9rez, la presidenta del DIF Lerma Marisol Mote Mart\u00ednez, miembros del Cabildo, autoridades auxiliares y vecinos de Atarasquillo.<\/p>\n\n\n\n<p>Con esta acci\u00f3n, el Gobierno de Lerma 2025\u20132027 reitera su firme compromiso con la infraestructura social y el impulso a actividades que fortalezcan el tejido&nbsp;comunitario.<\/p>\n","protected":false},"excerpt":{"rendered":"<p>Miguel Ponce encabeza la entrega del Centro Cultural y Deportivo Atarasquillo, LERMA Lerma, M\u00e9x.\u2014 En un acto que reafirma el compromiso del gobierno municipal 2025\u20132027 con el desarrollo de infraestructura y el impulso al deporte y la cultura, el presidente municipal de Lerma, Miguel \u00c1ngel Ram\u00edrez Ponce, encabez\u00f3 la entrega del nuevo Centro Cultural y [&hellip;]<\/p>\n","protected":false},"author":1,"featured_media":6488,"comment_status":"open","ping_status":"closed","sticky":false,"template":"","format":"standard","meta":{"footnotes":""},"categories":[1],"tags":[],"class_list":{"0":"post-6487","1":"post","2":"type-post","3":"status-publish","4":"format-standard","5":"has-post-thumbnail","7":"category-politica"},"yoast_head":"<!-- This site is optimized with the Yoast SEO plugin v27.5 - https:\/\/yoast.com\/product\/yoast-seo-wordpress\/ -->\n<title>Miguel Ponce encabeza la entrega del Centro Cultural y Deportivo Atarasquillo, LERMA - Proyecci\u00f3n Estado de M\u00e9xico<\/title>\n<meta name=\"robots\" content=\"index, follow, max-snippet:-1, max-image-preview:large, max-video-preview:-1\" \/>\n<link rel=\"canonical\" href=\"https:\/\/proyeccionedomex.com.mx\/?p=6487\" \/>\n<meta property=\"og:locale\" content=\"es_ES\" \/>\n<meta property=\"og:type\" content=\"article\" \/>\n<meta property=\"og:title\" content=\"Miguel Ponce encabeza la entrega del Centro Cultural y Deportivo Atarasquillo, LERMA - Proyecci\u00f3n Estado de M\u00e9xico\" \/>\n<meta property=\"og:description\" content=\"Miguel Ponce encabeza la entrega del Centro Cultural y Deportivo Atarasquillo, LERMA Lerma, M\u00e9x.\u2014 En un acto que reafirma el compromiso del gobierno municipal 2025\u20132027 con el desarrollo de infraestructura y el impulso al deporte y la cultura, el presidente municipal de Lerma, Miguel \u00c1ngel Ram\u00edrez Ponce, encabez\u00f3 la entrega del nuevo Centro Cultural y [&hellip;]\" \/>\n<meta property=\"og:url\" content=\"https:\/\/proyeccionedomex.com.mx\/?p=6487\" \/>\n<meta property=\"og:site_name\" content=\"Proyecci\u00f3n Estado de M\u00e9xico\" \/>\n<meta property=\"article:publisher\" content=\"https:\/\/www.facebook.com\/PortaldeNoticiasProyeccionEdomex\" \/>\n<meta property=\"article:published_time\" content=\"2025-05-12T14:50:46+00:00\" \/>\n<meta property=\"article:modified_time\" content=\"2025-05-12T14:50:49+00:00\" \/>\n<meta property=\"og:image\" content=\"https:\/\/proyeccionedomex.com.mx\/wp-content\/uploads\/2025\/05\/Imagen-de-WhatsApp-2025-05-12-a-las-01.12.56_ebcfddf5.jpg\" \/>\n\t<meta property=\"og:image:width\" content=\"1280\" \/>\n\t<meta property=\"og:image:height\" content=\"720\" \/>\n\t<meta property=\"og:image:type\" content=\"image\/jpeg\" \/>\n<meta name=\"author\" content=\"Redacci\u00f3n Proyecci\u00f3n EDOM\u00c9X\" \/>\n<meta name=\"twitter:card\" content=\"summary_large_image\" \/>\n<meta name=\"twitter:label1\" content=\"Escrito por\" \/>\n\t<meta name=\"twitter:data1\" content=\"Redacci\u00f3n Proyecci\u00f3n EDOM\u00c9X\" \/>\n\t<meta name=\"twitter:label2\" content=\"Tiempo de lectura\" \/>\n\t<meta name=\"twitter:data2\" content=\"2 minutos\" \/>\n<script type=\"application\/ld+json\" class=\"yoast-schema-graph\">{\"@context\":\"https:\\\/\\\/schema.org\",\"@graph\":[{\"@type\":\"Article\",\"@id\":\"https:\\\/\\\/proyeccionedomex.com.mx\\\/?p=6487#article\",\"isPartOf\":{\"@id\":\"https:\\\/\\\/proyeccionedomex.com.mx\\\/?p=6487\"},\"author\":{\"name\":\"Redacci\u00f3n Proyecci\u00f3n EDOM\u00c9X\",\"@id\":\"https:\\\/\\\/proyeccionedomex.com.mx\\\/#\\\/schema\\\/person\\\/2e66b5427bffed972a69e6b66b4e3a76\"},\"headline\":\"Miguel Ponce encabeza la entrega del Centro Cultural y Deportivo Atarasquillo, LERMA\",\"datePublished\":\"2025-05-12T14:50:46+00:00\",\"dateModified\":\"2025-05-12T14:50:49+00:00\",\"mainEntityOfPage\":{\"@id\":\"https:\\\/\\\/proyeccionedomex.com.mx\\\/?p=6487\"},\"wordCount\":338,\"commentCount\":0,\"publisher\":{\"@id\":\"https:\\\/\\\/proyeccionedomex.com.mx\\\/#organization\"},\"image\":{\"@id\":\"https:\\\/\\\/proyeccionedomex.com.mx\\\/?p=6487#primaryimage\"},\"thumbnailUrl\":\"https:\\\/\\\/proyeccionedomex.com.mx\\\/wp-content\\\/uploads\\\/2025\\\/05\\\/Imagen-de-WhatsApp-2025-05-12-a-las-01.12.56_ebcfddf5.jpg\",\"articleSection\":[\"Politica\"],\"inLanguage\":\"es\",\"potentialAction\":[{\"@type\":\"CommentAction\",\"name\":\"Comment\",\"target\":[\"https:\\\/\\\/proyeccionedomex.com.mx\\\/?p=6487#respond\"]}]},{\"@type\":\"WebPage\",\"@id\":\"https:\\\/\\\/proyeccionedomex.com.mx\\\/?p=6487\",\"url\":\"https:\\\/\\\/proyeccionedomex.com.mx\\\/?p=6487\",\"name\":\"Miguel Ponce encabeza la entrega del Centro Cultural y Deportivo Atarasquillo, LERMA - Proyecci\u00f3n Estado de M\u00e9xico\",\"isPartOf\":{\"@id\":\"https:\\\/\\\/proyeccionedomex.com.mx\\\/#website\"},\"primaryImageOfPage\":{\"@id\":\"https:\\\/\\\/proyeccionedomex.com.mx\\\/?p=6487#primaryimage\"},\"image\":{\"@id\":\"https:\\\/\\\/proyeccionedomex.com.mx\\\/?p=6487#primaryimage\"},\"thumbnailUrl\":\"https:\\\/\\\/proyeccionedomex.com.mx\\\/wp-content\\\/uploads\\\/2025\\\/05\\\/Imagen-de-WhatsApp-2025-05-12-a-las-01.12.56_ebcfddf5.jpg\",\"datePublished\":\"2025-05-12T14:50:46+00:00\",\"dateModified\":\"2025-05-12T14:50:49+00:00\",\"breadcrumb\":{\"@id\":\"https:\\\/\\\/proyeccionedomex.com.mx\\\/?p=6487#breadcrumb\"},\"inLanguage\":\"es\",\"potentialAction\":[{\"@type\":\"ReadAction\",\"target\":[\"https:\\\/\\\/proyeccionedomex.com.mx\\\/?p=6487\"]}]},{\"@type\":\"ImageObject\",\"inLanguage\":\"es\",\"@id\":\"https:\\\/\\\/proyeccionedomex.com.mx\\\/?p=6487#primaryimage\",\"url\":\"https:\\\/\\\/proyeccionedomex.com.mx\\\/wp-content\\\/uploads\\\/2025\\\/05\\\/Imagen-de-WhatsApp-2025-05-12-a-las-01.12.56_ebcfddf5.jpg\",\"contentUrl\":\"https:\\\/\\\/proyeccionedomex.com.mx\\\/wp-content\\\/uploads\\\/2025\\\/05\\\/Imagen-de-WhatsApp-2025-05-12-a-las-01.12.56_ebcfddf5.jpg\",\"width\":1280,\"height\":720},{\"@type\":\"BreadcrumbList\",\"@id\":\"https:\\\/\\\/proyeccionedomex.com.mx\\\/?p=6487#breadcrumb\",\"itemListElement\":[{\"@type\":\"ListItem\",\"position\":1,\"name\":\"Portada\",\"item\":\"https:\\\/\\\/proyeccionedomex.com.mx\\\/\"},{\"@type\":\"ListItem\",\"position\":2,\"name\":\"Miguel Ponce encabeza la entrega del Centro Cultural y Deportivo Atarasquillo, LERMA\"}]},{\"@type\":\"WebSite\",\"@id\":\"https:\\\/\\\/proyeccionedomex.com.mx\\\/#website\",\"url\":\"https:\\\/\\\/proyeccionedomex.com.mx\\\/\",\"name\":\"Proyecci\u00f3n Estado de M\u00e9xico\",\"description\":\"Proyecci\u00f3n Edo. Mex.\",\"publisher\":{\"@id\":\"https:\\\/\\\/proyeccionedomex.com.mx\\\/#organization\"},\"potentialAction\":[{\"@type\":\"SearchAction\",\"target\":{\"@type\":\"EntryPoint\",\"urlTemplate\":\"https:\\\/\\\/proyeccionedomex.com.mx\\\/?s={search_term_string}\"},\"query-input\":{\"@type\":\"PropertyValueSpecification\",\"valueRequired\":true,\"valueName\":\"search_term_string\"}}],\"inLanguage\":\"es\"},{\"@type\":\"Organization\",\"@id\":\"https:\\\/\\\/proyeccionedomex.com.mx\\\/#organization\",\"name\":\"Proyecci\u00f3n Estado de M\u00e9xico\",\"url\":\"https:\\\/\\\/proyeccionedomex.com.mx\\\/\",\"logo\":{\"@type\":\"ImageObject\",\"inLanguage\":\"es\",\"@id\":\"https:\\\/\\\/proyeccionedomex.com.mx\\\/#\\\/schema\\\/logo\\\/image\\\/\",\"url\":\"https:\\\/\\\/proyeccionedomex.com.mx\\\/wp-content\\\/uploads\\\/2024\\\/03\\\/proyeccion.jpg\",\"contentUrl\":\"https:\\\/\\\/proyeccionedomex.com.mx\\\/wp-content\\\/uploads\\\/2024\\\/03\\\/proyeccion.jpg\",\"width\":1143,\"height\":801,\"caption\":\"Proyecci\u00f3n Estado de M\u00e9xico\"},\"image\":{\"@id\":\"https:\\\/\\\/proyeccionedomex.com.mx\\\/#\\\/schema\\\/logo\\\/image\\\/\"},\"sameAs\":[\"https:\\\/\\\/www.facebook.com\\\/PortaldeNoticiasProyeccionEdomex\"]},{\"@type\":\"Person\",\"@id\":\"https:\\\/\\\/proyeccionedomex.com.mx\\\/#\\\/schema\\\/person\\\/2e66b5427bffed972a69e6b66b4e3a76\",\"name\":\"Redacci\u00f3n Proyecci\u00f3n EDOM\u00c9X\",\"image\":{\"@type\":\"ImageObject\",\"inLanguage\":\"es\",\"@id\":\"https:\\\/\\\/secure.gravatar.com\\\/avatar\\\/f43a2254d614198c44c96f86f1f078a06cac3d39a3250e9245aa331797519cab?s=96&d=mm&r=g\",\"url\":\"https:\\\/\\\/secure.gravatar.com\\\/avatar\\\/f43a2254d614198c44c96f86f1f078a06cac3d39a3250e9245aa331797519cab?s=96&d=mm&r=g\",\"contentUrl\":\"https:\\\/\\\/secure.gravatar.com\\\/avatar\\\/f43a2254d614198c44c96f86f1f078a06cac3d39a3250e9245aa331797519cab?s=96&d=mm&r=g\",\"caption\":\"Redacci\u00f3n Proyecci\u00f3n EDOM\u00c9X\"},\"sameAs\":[\"https:\\\/\\\/proyeccionedomex.com.mx\"],\"url\":\"https:\\\/\\\/proyeccionedomex.com.mx\\\/?author=1\"}]}<\/script>\n<!-- \/ Yoast SEO plugin. -->","yoast_head_json":{"title":"Miguel Ponce encabeza la entrega del Centro Cultural y Deportivo Atarasquillo, LERMA - Proyecci\u00f3n Estado de M\u00e9xico","robots":{"index":"index","follow":"follow","max-snippet":"max-snippet:-1","max-image-preview":"max-image-preview:large","max-video-preview":"max-video-preview:-1"},"canonical":"https:\/\/proyeccionedomex.com.mx\/?p=6487","og_locale":"es_ES","og_type":"article","og_title":"Miguel Ponce encabeza la entrega del Centro Cultural y Deportivo Atarasquillo, LERMA - Proyecci\u00f3n Estado de M\u00e9xico","og_description":"Miguel Ponce encabeza la entrega del Centro Cultural y Deportivo Atarasquillo, LERMA Lerma, M\u00e9x.\u2014 En un acto que reafirma el compromiso del gobierno municipal 2025\u20132027 con el desarrollo de infraestructura y el impulso al deporte y la cultura, el presidente municipal de Lerma, Miguel \u00c1ngel Ram\u00edrez Ponce, encabez\u00f3 la entrega del nuevo Centro Cultural y [&hellip;]","og_url":"https:\/\/proyeccionedomex.com.mx\/?p=6487","og_site_name":"Proyecci\u00f3n Estado de M\u00e9xico","article_publisher":"https:\/\/www.facebook.com\/PortaldeNoticiasProyeccionEdomex","article_published_time":"2025-05-12T14:50:46+00:00","article_modified_time":"2025-05-12T14:50:49+00:00","og_image":[{"width":1280,"height":720,"url":"https:\/\/proyeccionedomex.com.mx\/wp-content\/uploads\/2025\/05\/Imagen-de-WhatsApp-2025-05-12-a-las-01.12.56_ebcfddf5.jpg","type":"image\/jpeg"}],"author":"Redacci\u00f3n Proyecci\u00f3n EDOM\u00c9X","twitter_card":"summary_large_image","twitter_misc":{"Escrito por":"Redacci\u00f3n Proyecci\u00f3n EDOM\u00c9X","Tiempo de lectura":"2 minutos"},"schema":{"@context":"https:\/\/schema.org","@graph":[{"@type":"Article","@id":"https:\/\/proyeccionedomex.com.mx\/?p=6487#article","isPartOf":{"@id":"https:\/\/proyeccionedomex.com.mx\/?p=6487"},"author":{"name":"Redacci\u00f3n Proyecci\u00f3n EDOM\u00c9X","@id":"https:\/\/proyeccionedomex.com.mx\/#\/schema\/person\/2e66b5427bffed972a69e6b66b4e3a76"},"headline":"Miguel Ponce encabeza la entrega del Centro Cultural y Deportivo Atarasquillo, LERMA","datePublished":"2025-05-12T14:50:46+00:00","dateModified":"2025-05-12T14:50:49+00:00","mainEntityOfPage":{"@id":"https:\/\/proyeccionedomex.com.mx\/?p=6487"},"wordCount":338,"commentCount":0,"publisher":{"@id":"https:\/\/proyeccionedomex.com.mx\/#organization"},"image":{"@id":"https:\/\/proyeccionedomex.com.mx\/?p=6487#primaryimage"},"thumbnailUrl":"https:\/\/proyeccionedomex.com.mx\/wp-content\/uploads\/2025\/05\/Imagen-de-WhatsApp-2025-05-12-a-las-01.12.56_ebcfddf5.jpg","articleSection":["Politica"],"inLanguage":"es","potentialAction":[{"@type":"CommentAction","name":"Comment","target":["https:\/\/proyeccionedomex.com.mx\/?p=6487#respond"]}]},{"@type":"WebPage","@id":"https:\/\/proyeccionedomex.com.mx\/?p=6487","url":"https:\/\/proyeccionedomex.com.mx\/?p=6487","name":"Miguel Ponce encabeza la entrega del Centro Cultural y Deportivo Atarasquillo, LERMA - Proyecci\u00f3n Estado de M\u00e9xico","isPartOf":{"@id":"https:\/\/proyeccionedomex.com.mx\/#website"},"primaryImageOfPage":{"@id":"https:\/\/proyeccionedomex.com.mx\/?p=6487#primaryimage"},"image":{"@id":"https:\/\/proyeccionedomex.com.mx\/?p=6487#primaryimage"},"thumbnailUrl":"https:\/\/proyeccionedomex.com.mx\/wp-content\/uploads\/2025\/05\/Imagen-de-WhatsApp-2025-05-12-a-las-01.12.56_ebcfddf5.jpg","datePublished":"2025-05-12T14:50:46+00:00","dateModified":"2025-05-12T14:50:49+00:00","breadcrumb":{"@id":"https:\/\/proyeccionedomex.com.mx\/?p=6487#breadcrumb"},"inLanguage":"es","potentialAction":[{"@type":"ReadAction","target":["https:\/\/proyeccionedomex.com.mx\/?p=6487"]}]},{"@type":"ImageObject","inLanguage":"es","@id":"https:\/\/proyeccionedomex.com.mx\/?p=6487#primaryimage","url":"https:\/\/proyeccionedomex.com.mx\/wp-content\/uploads\/2025\/05\/Imagen-de-WhatsApp-2025-05-12-a-las-01.12.56_ebcfddf5.jpg","contentUrl":"https:\/\/proyeccionedomex.com.mx\/wp-content\/uploads\/2025\/05\/Imagen-de-WhatsApp-2025-05-12-a-las-01.12.56_ebcfddf5.jpg","width":1280,"height":720},{"@type":"BreadcrumbList","@id":"https:\/\/proyeccionedomex.com.mx\/?p=6487#breadcrumb","itemListElement":[{"@type":"ListItem","position":1,"name":"Portada","item":"https:\/\/proyeccionedomex.com.mx\/"},{"@type":"ListItem","position":2,"name":"Miguel Ponce encabeza la entrega del Centro Cultural y Deportivo Atarasquillo, LERMA"}]},{"@type":"WebSite","@id":"https:\/\/proyeccionedomex.com.mx\/#website","url":"https:\/\/proyeccionedomex.com.mx\/","name":"Proyecci\u00f3n Estado de M\u00e9xico","description":"Proyecci\u00f3n Edo. Mex.","publisher":{"@id":"https:\/\/proyeccionedomex.com.mx\/#organization"},"potentialAction":[{"@type":"SearchAction","target":{"@type":"EntryPoint","urlTemplate":"https:\/\/proyeccionedomex.com.mx\/?s={search_term_string}"},"query-input":{"@type":"PropertyValueSpecification","valueRequired":true,"valueName":"search_term_string"}}],"inLanguage":"es"},{"@type":"Organization","@id":"https:\/\/proyeccionedomex.com.mx\/#organization","name":"Proyecci\u00f3n Estado de M\u00e9xico","url":"https:\/\/proyeccionedomex.com.mx\/","logo":{"@type":"ImageObject","inLanguage":"es","@id":"https:\/\/proyeccionedomex.com.mx\/#\/schema\/logo\/image\/","url":"https:\/\/proyeccionedomex.com.mx\/wp-content\/uploads\/2024\/03\/proyeccion.jpg","contentUrl":"https:\/\/proyeccionedomex.com.mx\/wp-content\/uploads\/2024\/03\/proyeccion.jpg","width":1143,"height":801,"caption":"Proyecci\u00f3n Estado de M\u00e9xico"},"image":{"@id":"https:\/\/proyeccionedomex.com.mx\/#\/schema\/logo\/image\/"},"sameAs":["https:\/\/www.facebook.com\/PortaldeNoticiasProyeccionEdomex"]},{"@type":"Person","@id":"https:\/\/proyeccionedomex.com.mx\/#\/schema\/person\/2e66b5427bffed972a69e6b66b4e3a76","name":"Redacci\u00f3n Proyecci\u00f3n EDOM\u00c9X","image":{"@type":"ImageObject","inLanguage":"es","@id":"https:\/\/secure.gravatar.com\/avatar\/f43a2254d614198c44c96f86f1f078a06cac3d39a3250e9245aa331797519cab?s=96&d=mm&r=g","url":"https:\/\/secure.gravatar.com\/avatar\/f43a2254d614198c44c96f86f1f078a06cac3d39a3250e9245aa331797519cab?s=96&d=mm&r=g","contentUrl":"https:\/\/secure.gravatar.com\/avatar\/f43a2254d614198c44c96f86f1f078a06cac3d39a3250e9245aa331797519cab?s=96&d=mm&r=g","caption":"Redacci\u00f3n Proyecci\u00f3n EDOM\u00c9X"},"sameAs":["https:\/\/proyeccionedomex.com.mx"],"url":"https:\/\/proyeccionedomex.com.mx\/?author=1"}]}},"_links":{"self":[{"href":"https:\/\/proyeccionedomex.com.mx\/index.php?rest_route=\/wp\/v2\/posts\/6487","targetHints":{"allow":["GET"]}}],"collection":[{"href":"https:\/\/proyeccionedomex.com.mx\/index.php?rest_route=\/wp\/v2\/posts"}],"about":[{"href":"https:\/\/proyeccionedomex.com.mx\/index.php?rest_route=\/wp\/v2\/types\/post"}],"author":[{"embeddable":true,"href":"https:\/\/proyeccionedomex.com.mx\/index.php?rest_route=\/wp\/v2\/users\/1"}],"replies":[{"embeddable":true,"href":"https:\/\/proyeccionedomex.com.mx\/index.php?rest_route=%2Fwp%2Fv2%2Fcomments&post=6487"}],"version-history":[{"count":0,"href":"https:\/\/proyeccionedomex.com.mx\/index.php?rest_route=\/wp\/v2\/posts\/6487\/revisions"}],"wp:featuredmedia":[{"embeddable":true,"href":"https:\/\/proyeccionedomex.com.mx\/index.php?rest_route=\/wp\/v2\/media\/6488"}],"wp:attachment":[{"href":"https:\/\/proyeccionedomex.com.mx\/index.php?rest_route=%2Fwp%2Fv2%2Fmedia&parent=6487"}],"wp:term":[{"taxonomy":"category","embeddable":true,"href":"https:\/\/proyeccionedomex.com.mx\/index.php?rest_route=%2Fwp%2Fv2%2Fcategories&post=6487"},{"taxonomy":"post_tag","embeddable":true,"href":"https:\/\/proyeccionedomex.com.mx\/index.php?rest_route=%2Fwp%2Fv2%2Ftags&post=6487"}],"curies":[{"name":"wp","href":"https:\/\/api.w.org\/{rel}","templated":true}]}}