{"id":6494,"date":"2025-05-12T14:52:08","date_gmt":"2025-05-12T14:52:08","guid":{"rendered":"https:\/\/proyeccionedomex.com.mx\/?p=6494"},"modified":"2025-05-12T14:52:10","modified_gmt":"2025-05-12T14:52:10","slug":"omar-sanchez-celebra-con-sonrisas-y-union-familiar-a-mamas-y-ninos-en-gran-gira-de-festejos-en-calimaya","status":"publish","type":"post","link":"https:\/\/proyeccionedomex.com.mx\/?p=6494","title":{"rendered":"Omar S\u00e1nchez celebra con sonrisas y uni\u00f3n familiar a mam\u00e1s y ni\u00f1os en gran gira de festejos en CALIMAYA"},"content":{"rendered":"\n<figure class=\"wp-block-gallery has-nested-images columns-default is-cropped wp-block-gallery-1 is-layout-flex wp-block-gallery-is-layout-flex\">\n<figure class=\"wp-block-image size-large\"><img loading=\"lazy\" decoding=\"async\" width=\"853\" height=\"568\" data-id=\"6496\" src=\"https:\/\/proyeccionedomex.com.mx\/wp-content\/uploads\/2025\/05\/Imagen-de-WhatsApp-2025-05-12-a-las-01.13.57_7a037265.jpg\" alt=\"\" class=\"wp-image-6496\" srcset=\"https:\/\/proyeccionedomex.com.mx\/wp-content\/uploads\/2025\/05\/Imagen-de-WhatsApp-2025-05-12-a-las-01.13.57_7a037265.jpg 853w, https:\/\/proyeccionedomex.com.mx\/wp-content\/uploads\/2025\/05\/Imagen-de-WhatsApp-2025-05-12-a-las-01.13.57_7a037265-300x200.jpg 300w, https:\/\/proyeccionedomex.com.mx\/wp-content\/uploads\/2025\/05\/Imagen-de-WhatsApp-2025-05-12-a-las-01.13.57_7a037265-768x511.jpg 768w, https:\/\/proyeccionedomex.com.mx\/wp-content\/uploads\/2025\/05\/Imagen-de-WhatsApp-2025-05-12-a-las-01.13.57_7a037265-696x463.jpg 696w, https:\/\/proyeccionedomex.com.mx\/wp-content\/uploads\/2025\/05\/Imagen-de-WhatsApp-2025-05-12-a-las-01.13.57_7a037265-631x420.jpg 631w\" sizes=\"auto, (max-width: 853px) 100vw, 853px\" \/><\/figure>\n\n\n\n<figure class=\"wp-block-image size-large\"><img loading=\"lazy\" decoding=\"async\" width=\"853\" height=\"568\" data-id=\"6495\" src=\"https:\/\/proyeccionedomex.com.mx\/wp-content\/uploads\/2025\/05\/Imagen-de-WhatsApp-2025-05-12-a-las-01.13.56_7624de61.jpg\" alt=\"\" class=\"wp-image-6495\" srcset=\"https:\/\/proyeccionedomex.com.mx\/wp-content\/uploads\/2025\/05\/Imagen-de-WhatsApp-2025-05-12-a-las-01.13.56_7624de61.jpg 853w, https:\/\/proyeccionedomex.com.mx\/wp-content\/uploads\/2025\/05\/Imagen-de-WhatsApp-2025-05-12-a-las-01.13.56_7624de61-300x200.jpg 300w, https:\/\/proyeccionedomex.com.mx\/wp-content\/uploads\/2025\/05\/Imagen-de-WhatsApp-2025-05-12-a-las-01.13.56_7624de61-768x511.jpg 768w, https:\/\/proyeccionedomex.com.mx\/wp-content\/uploads\/2025\/05\/Imagen-de-WhatsApp-2025-05-12-a-las-01.13.56_7624de61-696x463.jpg 696w, https:\/\/proyeccionedomex.com.mx\/wp-content\/uploads\/2025\/05\/Imagen-de-WhatsApp-2025-05-12-a-las-01.13.56_7624de61-631x420.jpg 631w\" sizes=\"auto, (max-width: 853px) 100vw, 853px\" \/><\/figure>\n\n\n\n<figure class=\"wp-block-image size-large\"><img loading=\"lazy\" decoding=\"async\" width=\"853\" height=\"568\" data-id=\"6498\" src=\"https:\/\/proyeccionedomex.com.mx\/wp-content\/uploads\/2025\/05\/Imagen-de-WhatsApp-2025-05-12-a-las-01.13.56_70112ad6.jpg\" alt=\"\" class=\"wp-image-6498\" srcset=\"https:\/\/proyeccionedomex.com.mx\/wp-content\/uploads\/2025\/05\/Imagen-de-WhatsApp-2025-05-12-a-las-01.13.56_70112ad6.jpg 853w, https:\/\/proyeccionedomex.com.mx\/wp-content\/uploads\/2025\/05\/Imagen-de-WhatsApp-2025-05-12-a-las-01.13.56_70112ad6-300x200.jpg 300w, https:\/\/proyeccionedomex.com.mx\/wp-content\/uploads\/2025\/05\/Imagen-de-WhatsApp-2025-05-12-a-las-01.13.56_70112ad6-768x511.jpg 768w, https:\/\/proyeccionedomex.com.mx\/wp-content\/uploads\/2025\/05\/Imagen-de-WhatsApp-2025-05-12-a-las-01.13.56_70112ad6-696x463.jpg 696w, https:\/\/proyeccionedomex.com.mx\/wp-content\/uploads\/2025\/05\/Imagen-de-WhatsApp-2025-05-12-a-las-01.13.56_70112ad6-631x420.jpg 631w\" sizes=\"auto, (max-width: 853px) 100vw, 853px\" \/><\/figure>\n\n\n\n<figure class=\"wp-block-image size-large\"><img loading=\"lazy\" decoding=\"async\" width=\"853\" height=\"568\" data-id=\"6497\" src=\"https:\/\/proyeccionedomex.com.mx\/wp-content\/uploads\/2025\/05\/Imagen-de-WhatsApp-2025-05-12-a-las-01.13.56_bff63e20.jpg\" alt=\"\" class=\"wp-image-6497\" srcset=\"https:\/\/proyeccionedomex.com.mx\/wp-content\/uploads\/2025\/05\/Imagen-de-WhatsApp-2025-05-12-a-las-01.13.56_bff63e20.jpg 853w, https:\/\/proyeccionedomex.com.mx\/wp-content\/uploads\/2025\/05\/Imagen-de-WhatsApp-2025-05-12-a-las-01.13.56_bff63e20-300x200.jpg 300w, https:\/\/proyeccionedomex.com.mx\/wp-content\/uploads\/2025\/05\/Imagen-de-WhatsApp-2025-05-12-a-las-01.13.56_bff63e20-768x511.jpg 768w, https:\/\/proyeccionedomex.com.mx\/wp-content\/uploads\/2025\/05\/Imagen-de-WhatsApp-2025-05-12-a-las-01.13.56_bff63e20-696x463.jpg 696w, https:\/\/proyeccionedomex.com.mx\/wp-content\/uploads\/2025\/05\/Imagen-de-WhatsApp-2025-05-12-a-las-01.13.56_bff63e20-631x420.jpg 631w\" sizes=\"auto, (max-width: 853px) 100vw, 853px\" \/><\/figure>\n<\/figure>\n\n\n\n<p>Omar S\u00e1nchez celebra con sonrisas y uni\u00f3n familiar a mam\u00e1s y ni\u00f1os en gran gira de festejos en CALIMAYA<\/p>\n\n\n\n<p>Calimaya, EDOM\u00c9X. \u2014 M\u00fasica, risas, regalos y un derroche de cari\u00f1o envolvieron a las comunidades de Calimaya en una jornada llena de color y emoci\u00f3n, donde ni\u00f1as, ni\u00f1os y madres fueron los grandes protagonistas de una fiesta que recorri\u00f3 cada rinc\u00f3n del municipio.<\/p>\n\n\n\n<p>El presidente municipal Omar S\u00e1nchez, acompa\u00f1ado por la presidenta del DIF Calimaya, Cecilia G\u00f3mez, miembros del Cabildo y personal del Ayuntamiento, encabez\u00f3 los festejos conjuntos del D\u00eda de la Ni\u00f1ez y el D\u00eda de las Madres, en una gira que incluy\u00f3 visitas a delegaciones como San Marcos, San Bartolo Tlaltelolco, Nativitas, La Concepci\u00f3n Coatipac, Zaragoza, San Diego la Huerta, San Andr\u00e9s Ocotl\u00e1n y que cerr\u00f3 con broche de oro en la Plaza del Mariachi.<\/p>\n\n\n\n<p>Desde los primeros acordes de la m\u00fasica hasta el \u00faltimo regalo rifado, el ambiente fue de fiesta total. Payasos, concursos, bailes, shows interactivos, rifas de electrodom\u00e9sticos y obsequios para los m\u00e1s peque\u00f1os marcaron cada parada del recorrido. Las sonrisas de los ni\u00f1os y el brillo en los ojos de las mam\u00e1s fueron la mejor recompensa para un evento que, m\u00e1s que celebraci\u00f3n, fue un abrazo comunitario lleno de amor y reconocimiento.<\/p>\n\n\n\n<p>\u201cQueremos que nuestras familias se sientan cercanas, unidas, valoradas. Estas celebraciones no son solo para divertirnos, sino para fortalecer el tejido que hace grande a Calimaya\u201d, expres\u00f3 el alcalde entre aplausos y muestras de agradecimiento.<\/p>\n\n\n\n<p>El gobierno municipal 2025-2027 reafirm\u00f3 con este gesto su compromiso con una gesti\u00f3n incluyente, c\u00e1lida y cercana a la gente, donde cada ni\u00f1a, ni\u00f1o y madre tiene un lugar especial. Con el lema \u201cCalimaya celebra con el coraz\u00f3n\u201d, la administraci\u00f3n sigue construyendo puentes de afecto y participaci\u00f3n en cada comunidad.<\/p>\n\n\n\n<p>Las actividades contin\u00faan en otras delegaciones. \u00a1Consulta tu sede y \u00fanete a esta gran fiesta&nbsp;familiar!<\/p>\n","protected":false},"excerpt":{"rendered":"<p>Omar S\u00e1nchez celebra con sonrisas y uni\u00f3n familiar a mam\u00e1s y ni\u00f1os en gran gira de festejos en CALIMAYA Calimaya, EDOM\u00c9X. \u2014 M\u00fasica, risas, regalos y un derroche de cari\u00f1o envolvieron a las comunidades de Calimaya en una jornada llena de color y emoci\u00f3n, donde ni\u00f1as, ni\u00f1os y madres fueron los grandes protagonistas de una [&hellip;]<\/p>\n","protected":false},"author":1,"featured_media":6496,"comment_status":"open","ping_status":"closed","sticky":false,"template":"","format":"standard","meta":{"footnotes":""},"categories":[1],"tags":[],"class_list":{"0":"post-6494","1":"post","2":"type-post","3":"status-publish","4":"format-standard","5":"has-post-thumbnail","7":"category-politica"},"yoast_head":"<!-- This site is optimized with the Yoast SEO plugin v27.5 - https:\/\/yoast.com\/product\/yoast-seo-wordpress\/ -->\n<title>Omar S\u00e1nchez celebra con sonrisas y uni\u00f3n familiar a mam\u00e1s y ni\u00f1os en gran gira de festejos en CALIMAYA - Proyecci\u00f3n Estado de M\u00e9xico<\/title>\n<meta name=\"robots\" content=\"index, follow, max-snippet:-1, max-image-preview:large, max-video-preview:-1\" \/>\n<link rel=\"canonical\" href=\"https:\/\/proyeccionedomex.com.mx\/?p=6494\" \/>\n<meta property=\"og:locale\" content=\"es_ES\" \/>\n<meta property=\"og:type\" content=\"article\" \/>\n<meta property=\"og:title\" content=\"Omar S\u00e1nchez celebra con sonrisas y uni\u00f3n familiar a mam\u00e1s y ni\u00f1os en gran gira de festejos en CALIMAYA - Proyecci\u00f3n Estado de M\u00e9xico\" \/>\n<meta property=\"og:description\" content=\"Omar S\u00e1nchez celebra con sonrisas y uni\u00f3n familiar a mam\u00e1s y ni\u00f1os en gran gira de festejos en CALIMAYA Calimaya, EDOM\u00c9X. \u2014 M\u00fasica, risas, regalos y un derroche de cari\u00f1o envolvieron a las comunidades de Calimaya en una jornada llena de color y emoci\u00f3n, donde ni\u00f1as, ni\u00f1os y madres fueron los grandes protagonistas de una [&hellip;]\" \/>\n<meta property=\"og:url\" content=\"https:\/\/proyeccionedomex.com.mx\/?p=6494\" \/>\n<meta property=\"og:site_name\" content=\"Proyecci\u00f3n Estado de M\u00e9xico\" \/>\n<meta property=\"article:publisher\" content=\"https:\/\/www.facebook.com\/PortaldeNoticiasProyeccionEdomex\" \/>\n<meta property=\"article:published_time\" content=\"2025-05-12T14:52:08+00:00\" \/>\n<meta property=\"article:modified_time\" content=\"2025-05-12T14:52:10+00:00\" \/>\n<meta property=\"og:image\" content=\"https:\/\/proyeccionedomex.com.mx\/wp-content\/uploads\/2025\/05\/Imagen-de-WhatsApp-2025-05-12-a-las-01.13.57_7a037265.jpg\" \/>\n\t<meta property=\"og:image:width\" content=\"853\" \/>\n\t<meta property=\"og:image:height\" content=\"568\" \/>\n\t<meta property=\"og:image:type\" content=\"image\/jpeg\" \/>\n<meta name=\"author\" content=\"Redacci\u00f3n Proyecci\u00f3n EDOM\u00c9X\" \/>\n<meta name=\"twitter:card\" content=\"summary_large_image\" \/>\n<meta name=\"twitter:label1\" content=\"Escrito por\" \/>\n\t<meta name=\"twitter:data1\" content=\"Redacci\u00f3n Proyecci\u00f3n EDOM\u00c9X\" \/>\n\t<meta name=\"twitter:label2\" content=\"Tiempo de lectura\" \/>\n\t<meta name=\"twitter:data2\" content=\"3 minutos\" \/>\n<script type=\"application\/ld+json\" class=\"yoast-schema-graph\">{\"@context\":\"https:\\\/\\\/schema.org\",\"@graph\":[{\"@type\":\"Article\",\"@id\":\"https:\\\/\\\/proyeccionedomex.com.mx\\\/?p=6494#article\",\"isPartOf\":{\"@id\":\"https:\\\/\\\/proyeccionedomex.com.mx\\\/?p=6494\"},\"author\":{\"name\":\"Redacci\u00f3n Proyecci\u00f3n EDOM\u00c9X\",\"@id\":\"https:\\\/\\\/proyeccionedomex.com.mx\\\/#\\\/schema\\\/person\\\/2e66b5427bffed972a69e6b66b4e3a76\"},\"headline\":\"Omar S\u00e1nchez celebra con sonrisas y uni\u00f3n familiar a mam\u00e1s y ni\u00f1os en gran gira de festejos en CALIMAYA\",\"datePublished\":\"2025-05-12T14:52:08+00:00\",\"dateModified\":\"2025-05-12T14:52:10+00:00\",\"mainEntityOfPage\":{\"@id\":\"https:\\\/\\\/proyeccionedomex.com.mx\\\/?p=6494\"},\"wordCount\":367,\"commentCount\":0,\"publisher\":{\"@id\":\"https:\\\/\\\/proyeccionedomex.com.mx\\\/#organization\"},\"image\":{\"@id\":\"https:\\\/\\\/proyeccionedomex.com.mx\\\/?p=6494#primaryimage\"},\"thumbnailUrl\":\"https:\\\/\\\/proyeccionedomex.com.mx\\\/wp-content\\\/uploads\\\/2025\\\/05\\\/Imagen-de-WhatsApp-2025-05-12-a-las-01.13.57_7a037265.jpg\",\"articleSection\":[\"Politica\"],\"inLanguage\":\"es\",\"potentialAction\":[{\"@type\":\"CommentAction\",\"name\":\"Comment\",\"target\":[\"https:\\\/\\\/proyeccionedomex.com.mx\\\/?p=6494#respond\"]}]},{\"@type\":\"WebPage\",\"@id\":\"https:\\\/\\\/proyeccionedomex.com.mx\\\/?p=6494\",\"url\":\"https:\\\/\\\/proyeccionedomex.com.mx\\\/?p=6494\",\"name\":\"Omar S\u00e1nchez celebra con sonrisas y uni\u00f3n familiar a mam\u00e1s y ni\u00f1os en gran gira de festejos en CALIMAYA - Proyecci\u00f3n Estado de M\u00e9xico\",\"isPartOf\":{\"@id\":\"https:\\\/\\\/proyeccionedomex.com.mx\\\/#website\"},\"primaryImageOfPage\":{\"@id\":\"https:\\\/\\\/proyeccionedomex.com.mx\\\/?p=6494#primaryimage\"},\"image\":{\"@id\":\"https:\\\/\\\/proyeccionedomex.com.mx\\\/?p=6494#primaryimage\"},\"thumbnailUrl\":\"https:\\\/\\\/proyeccionedomex.com.mx\\\/wp-content\\\/uploads\\\/2025\\\/05\\\/Imagen-de-WhatsApp-2025-05-12-a-las-01.13.57_7a037265.jpg\",\"datePublished\":\"2025-05-12T14:52:08+00:00\",\"dateModified\":\"2025-05-12T14:52:10+00:00\",\"breadcrumb\":{\"@id\":\"https:\\\/\\\/proyeccionedomex.com.mx\\\/?p=6494#breadcrumb\"},\"inLanguage\":\"es\",\"potentialAction\":[{\"@type\":\"ReadAction\",\"target\":[\"https:\\\/\\\/proyeccionedomex.com.mx\\\/?p=6494\"]}]},{\"@type\":\"ImageObject\",\"inLanguage\":\"es\",\"@id\":\"https:\\\/\\\/proyeccionedomex.com.mx\\\/?p=6494#primaryimage\",\"url\":\"https:\\\/\\\/proyeccionedomex.com.mx\\\/wp-content\\\/uploads\\\/2025\\\/05\\\/Imagen-de-WhatsApp-2025-05-12-a-las-01.13.57_7a037265.jpg\",\"contentUrl\":\"https:\\\/\\\/proyeccionedomex.com.mx\\\/wp-content\\\/uploads\\\/2025\\\/05\\\/Imagen-de-WhatsApp-2025-05-12-a-las-01.13.57_7a037265.jpg\",\"width\":853,\"height\":568},{\"@type\":\"BreadcrumbList\",\"@id\":\"https:\\\/\\\/proyeccionedomex.com.mx\\\/?p=6494#breadcrumb\",\"itemListElement\":[{\"@type\":\"ListItem\",\"position\":1,\"name\":\"Portada\",\"item\":\"https:\\\/\\\/proyeccionedomex.com.mx\\\/\"},{\"@type\":\"ListItem\",\"position\":2,\"name\":\"Omar S\u00e1nchez celebra con sonrisas y uni\u00f3n familiar a mam\u00e1s y ni\u00f1os en gran gira de festejos en CALIMAYA\"}]},{\"@type\":\"WebSite\",\"@id\":\"https:\\\/\\\/proyeccionedomex.com.mx\\\/#website\",\"url\":\"https:\\\/\\\/proyeccionedomex.com.mx\\\/\",\"name\":\"Proyecci\u00f3n Estado de M\u00e9xico\",\"description\":\"Proyecci\u00f3n Edo. Mex.\",\"publisher\":{\"@id\":\"https:\\\/\\\/proyeccionedomex.com.mx\\\/#organization\"},\"potentialAction\":[{\"@type\":\"SearchAction\",\"target\":{\"@type\":\"EntryPoint\",\"urlTemplate\":\"https:\\\/\\\/proyeccionedomex.com.mx\\\/?s={search_term_string}\"},\"query-input\":{\"@type\":\"PropertyValueSpecification\",\"valueRequired\":true,\"valueName\":\"search_term_string\"}}],\"inLanguage\":\"es\"},{\"@type\":\"Organization\",\"@id\":\"https:\\\/\\\/proyeccionedomex.com.mx\\\/#organization\",\"name\":\"Proyecci\u00f3n Estado de M\u00e9xico\",\"url\":\"https:\\\/\\\/proyeccionedomex.com.mx\\\/\",\"logo\":{\"@type\":\"ImageObject\",\"inLanguage\":\"es\",\"@id\":\"https:\\\/\\\/proyeccionedomex.com.mx\\\/#\\\/schema\\\/logo\\\/image\\\/\",\"url\":\"https:\\\/\\\/proyeccionedomex.com.mx\\\/wp-content\\\/uploads\\\/2024\\\/03\\\/proyeccion.jpg\",\"contentUrl\":\"https:\\\/\\\/proyeccionedomex.com.mx\\\/wp-content\\\/uploads\\\/2024\\\/03\\\/proyeccion.jpg\",\"width\":1143,\"height\":801,\"caption\":\"Proyecci\u00f3n Estado de M\u00e9xico\"},\"image\":{\"@id\":\"https:\\\/\\\/proyeccionedomex.com.mx\\\/#\\\/schema\\\/logo\\\/image\\\/\"},\"sameAs\":[\"https:\\\/\\\/www.facebook.com\\\/PortaldeNoticiasProyeccionEdomex\"]},{\"@type\":\"Person\",\"@id\":\"https:\\\/\\\/proyeccionedomex.com.mx\\\/#\\\/schema\\\/person\\\/2e66b5427bffed972a69e6b66b4e3a76\",\"name\":\"Redacci\u00f3n Proyecci\u00f3n EDOM\u00c9X\",\"image\":{\"@type\":\"ImageObject\",\"inLanguage\":\"es\",\"@id\":\"https:\\\/\\\/secure.gravatar.com\\\/avatar\\\/f43a2254d614198c44c96f86f1f078a06cac3d39a3250e9245aa331797519cab?s=96&d=mm&r=g\",\"url\":\"https:\\\/\\\/secure.gravatar.com\\\/avatar\\\/f43a2254d614198c44c96f86f1f078a06cac3d39a3250e9245aa331797519cab?s=96&d=mm&r=g\",\"contentUrl\":\"https:\\\/\\\/secure.gravatar.com\\\/avatar\\\/f43a2254d614198c44c96f86f1f078a06cac3d39a3250e9245aa331797519cab?s=96&d=mm&r=g\",\"caption\":\"Redacci\u00f3n Proyecci\u00f3n EDOM\u00c9X\"},\"sameAs\":[\"https:\\\/\\\/proyeccionedomex.com.mx\"],\"url\":\"https:\\\/\\\/proyeccionedomex.com.mx\\\/?author=1\"}]}<\/script>\n<!-- \/ Yoast SEO plugin. -->","yoast_head_json":{"title":"Omar S\u00e1nchez celebra con sonrisas y uni\u00f3n familiar a mam\u00e1s y ni\u00f1os en gran gira de festejos en CALIMAYA - Proyecci\u00f3n Estado de M\u00e9xico","robots":{"index":"index","follow":"follow","max-snippet":"max-snippet:-1","max-image-preview":"max-image-preview:large","max-video-preview":"max-video-preview:-1"},"canonical":"https:\/\/proyeccionedomex.com.mx\/?p=6494","og_locale":"es_ES","og_type":"article","og_title":"Omar S\u00e1nchez celebra con sonrisas y uni\u00f3n familiar a mam\u00e1s y ni\u00f1os en gran gira de festejos en CALIMAYA - Proyecci\u00f3n Estado de M\u00e9xico","og_description":"Omar S\u00e1nchez celebra con sonrisas y uni\u00f3n familiar a mam\u00e1s y ni\u00f1os en gran gira de festejos en CALIMAYA Calimaya, EDOM\u00c9X. \u2014 M\u00fasica, risas, regalos y un derroche de cari\u00f1o envolvieron a las comunidades de Calimaya en una jornada llena de color y emoci\u00f3n, donde ni\u00f1as, ni\u00f1os y madres fueron los grandes protagonistas de una [&hellip;]","og_url":"https:\/\/proyeccionedomex.com.mx\/?p=6494","og_site_name":"Proyecci\u00f3n Estado de M\u00e9xico","article_publisher":"https:\/\/www.facebook.com\/PortaldeNoticiasProyeccionEdomex","article_published_time":"2025-05-12T14:52:08+00:00","article_modified_time":"2025-05-12T14:52:10+00:00","og_image":[{"width":853,"height":568,"url":"https:\/\/proyeccionedomex.com.mx\/wp-content\/uploads\/2025\/05\/Imagen-de-WhatsApp-2025-05-12-a-las-01.13.57_7a037265.jpg","type":"image\/jpeg"}],"author":"Redacci\u00f3n Proyecci\u00f3n EDOM\u00c9X","twitter_card":"summary_large_image","twitter_misc":{"Escrito por":"Redacci\u00f3n Proyecci\u00f3n EDOM\u00c9X","Tiempo de lectura":"3 minutos"},"schema":{"@context":"https:\/\/schema.org","@graph":[{"@type":"Article","@id":"https:\/\/proyeccionedomex.com.mx\/?p=6494#article","isPartOf":{"@id":"https:\/\/proyeccionedomex.com.mx\/?p=6494"},"author":{"name":"Redacci\u00f3n Proyecci\u00f3n EDOM\u00c9X","@id":"https:\/\/proyeccionedomex.com.mx\/#\/schema\/person\/2e66b5427bffed972a69e6b66b4e3a76"},"headline":"Omar S\u00e1nchez celebra con sonrisas y uni\u00f3n familiar a mam\u00e1s y ni\u00f1os en gran gira de festejos en CALIMAYA","datePublished":"2025-05-12T14:52:08+00:00","dateModified":"2025-05-12T14:52:10+00:00","mainEntityOfPage":{"@id":"https:\/\/proyeccionedomex.com.mx\/?p=6494"},"wordCount":367,"commentCount":0,"publisher":{"@id":"https:\/\/proyeccionedomex.com.mx\/#organization"},"image":{"@id":"https:\/\/proyeccionedomex.com.mx\/?p=6494#primaryimage"},"thumbnailUrl":"https:\/\/proyeccionedomex.com.mx\/wp-content\/uploads\/2025\/05\/Imagen-de-WhatsApp-2025-05-12-a-las-01.13.57_7a037265.jpg","articleSection":["Politica"],"inLanguage":"es","potentialAction":[{"@type":"CommentAction","name":"Comment","target":["https:\/\/proyeccionedomex.com.mx\/?p=6494#respond"]}]},{"@type":"WebPage","@id":"https:\/\/proyeccionedomex.com.mx\/?p=6494","url":"https:\/\/proyeccionedomex.com.mx\/?p=6494","name":"Omar S\u00e1nchez celebra con sonrisas y uni\u00f3n familiar a mam\u00e1s y ni\u00f1os en gran gira de festejos en CALIMAYA - Proyecci\u00f3n Estado de M\u00e9xico","isPartOf":{"@id":"https:\/\/proyeccionedomex.com.mx\/#website"},"primaryImageOfPage":{"@id":"https:\/\/proyeccionedomex.com.mx\/?p=6494#primaryimage"},"image":{"@id":"https:\/\/proyeccionedomex.com.mx\/?p=6494#primaryimage"},"thumbnailUrl":"https:\/\/proyeccionedomex.com.mx\/wp-content\/uploads\/2025\/05\/Imagen-de-WhatsApp-2025-05-12-a-las-01.13.57_7a037265.jpg","datePublished":"2025-05-12T14:52:08+00:00","dateModified":"2025-05-12T14:52:10+00:00","breadcrumb":{"@id":"https:\/\/proyeccionedomex.com.mx\/?p=6494#breadcrumb"},"inLanguage":"es","potentialAction":[{"@type":"ReadAction","target":["https:\/\/proyeccionedomex.com.mx\/?p=6494"]}]},{"@type":"ImageObject","inLanguage":"es","@id":"https:\/\/proyeccionedomex.com.mx\/?p=6494#primaryimage","url":"https:\/\/proyeccionedomex.com.mx\/wp-content\/uploads\/2025\/05\/Imagen-de-WhatsApp-2025-05-12-a-las-01.13.57_7a037265.jpg","contentUrl":"https:\/\/proyeccionedomex.com.mx\/wp-content\/uploads\/2025\/05\/Imagen-de-WhatsApp-2025-05-12-a-las-01.13.57_7a037265.jpg","width":853,"height":568},{"@type":"BreadcrumbList","@id":"https:\/\/proyeccionedomex.com.mx\/?p=6494#breadcrumb","itemListElement":[{"@type":"ListItem","position":1,"name":"Portada","item":"https:\/\/proyeccionedomex.com.mx\/"},{"@type":"ListItem","position":2,"name":"Omar S\u00e1nchez celebra con sonrisas y uni\u00f3n familiar a mam\u00e1s y ni\u00f1os en gran gira de festejos en CALIMAYA"}]},{"@type":"WebSite","@id":"https:\/\/proyeccionedomex.com.mx\/#website","url":"https:\/\/proyeccionedomex.com.mx\/","name":"Proyecci\u00f3n Estado de M\u00e9xico","description":"Proyecci\u00f3n Edo. Mex.","publisher":{"@id":"https:\/\/proyeccionedomex.com.mx\/#organization"},"potentialAction":[{"@type":"SearchAction","target":{"@type":"EntryPoint","urlTemplate":"https:\/\/proyeccionedomex.com.mx\/?s={search_term_string}"},"query-input":{"@type":"PropertyValueSpecification","valueRequired":true,"valueName":"search_term_string"}}],"inLanguage":"es"},{"@type":"Organization","@id":"https:\/\/proyeccionedomex.com.mx\/#organization","name":"Proyecci\u00f3n Estado de M\u00e9xico","url":"https:\/\/proyeccionedomex.com.mx\/","logo":{"@type":"ImageObject","inLanguage":"es","@id":"https:\/\/proyeccionedomex.com.mx\/#\/schema\/logo\/image\/","url":"https:\/\/proyeccionedomex.com.mx\/wp-content\/uploads\/2024\/03\/proyeccion.jpg","contentUrl":"https:\/\/proyeccionedomex.com.mx\/wp-content\/uploads\/2024\/03\/proyeccion.jpg","width":1143,"height":801,"caption":"Proyecci\u00f3n Estado de M\u00e9xico"},"image":{"@id":"https:\/\/proyeccionedomex.com.mx\/#\/schema\/logo\/image\/"},"sameAs":["https:\/\/www.facebook.com\/PortaldeNoticiasProyeccionEdomex"]},{"@type":"Person","@id":"https:\/\/proyeccionedomex.com.mx\/#\/schema\/person\/2e66b5427bffed972a69e6b66b4e3a76","name":"Redacci\u00f3n Proyecci\u00f3n EDOM\u00c9X","image":{"@type":"ImageObject","inLanguage":"es","@id":"https:\/\/secure.gravatar.com\/avatar\/f43a2254d614198c44c96f86f1f078a06cac3d39a3250e9245aa331797519cab?s=96&d=mm&r=g","url":"https:\/\/secure.gravatar.com\/avatar\/f43a2254d614198c44c96f86f1f078a06cac3d39a3250e9245aa331797519cab?s=96&d=mm&r=g","contentUrl":"https:\/\/secure.gravatar.com\/avatar\/f43a2254d614198c44c96f86f1f078a06cac3d39a3250e9245aa331797519cab?s=96&d=mm&r=g","caption":"Redacci\u00f3n Proyecci\u00f3n EDOM\u00c9X"},"sameAs":["https:\/\/proyeccionedomex.com.mx"],"url":"https:\/\/proyeccionedomex.com.mx\/?author=1"}]}},"_links":{"self":[{"href":"https:\/\/proyeccionedomex.com.mx\/index.php?rest_route=\/wp\/v2\/posts\/6494","targetHints":{"allow":["GET"]}}],"collection":[{"href":"https:\/\/proyeccionedomex.com.mx\/index.php?rest_route=\/wp\/v2\/posts"}],"about":[{"href":"https:\/\/proyeccionedomex.com.mx\/index.php?rest_route=\/wp\/v2\/types\/post"}],"author":[{"embeddable":true,"href":"https:\/\/proyeccionedomex.com.mx\/index.php?rest_route=\/wp\/v2\/users\/1"}],"replies":[{"embeddable":true,"href":"https:\/\/proyeccionedomex.com.mx\/index.php?rest_route=%2Fwp%2Fv2%2Fcomments&post=6494"}],"version-history":[{"count":0,"href":"https:\/\/proyeccionedomex.com.mx\/index.php?rest_route=\/wp\/v2\/posts\/6494\/revisions"}],"wp:featuredmedia":[{"embeddable":true,"href":"https:\/\/proyeccionedomex.com.mx\/index.php?rest_route=\/wp\/v2\/media\/6496"}],"wp:attachment":[{"href":"https:\/\/proyeccionedomex.com.mx\/index.php?rest_route=%2Fwp%2Fv2%2Fmedia&parent=6494"}],"wp:term":[{"taxonomy":"category","embeddable":true,"href":"https:\/\/proyeccionedomex.com.mx\/index.php?rest_route=%2Fwp%2Fv2%2Fcategories&post=6494"},{"taxonomy":"post_tag","embeddable":true,"href":"https:\/\/proyeccionedomex.com.mx\/index.php?rest_route=%2Fwp%2Fv2%2Ftags&post=6494"}],"curies":[{"name":"wp","href":"https:\/\/api.w.org\/{rel}","templated":true}]}}