{"id":6599,"date":"2025-05-19T14:49:31","date_gmt":"2025-05-19T14:49:31","guid":{"rendered":"https:\/\/proyeccionedomex.com.mx\/?p=6599"},"modified":"2025-05-19T14:49:34","modified_gmt":"2025-05-19T14:49:34","slug":"sector-empresarial-comprometido-y-responsable-en-el-pago-del-reparto-de-utilidades-concaem","status":"publish","type":"post","link":"https:\/\/proyeccionedomex.com.mx\/?p=6599","title":{"rendered":"Sector Empresarial comprometido y responsable en el pago del reparto de utilidades: Concaem"},"content":{"rendered":"\n<p>Sector Empresarial comprometido y responsable en el pago del reparto de utilidades: Concaem<\/p>\n\n\n\n<p>Como cada a\u00f1o el sector empresarial formal manifest\u00f3 su compromiso y responsabilidad en el pago de las diversas prestaciones a las que tienen derecho los y las trabajadoras que han realizando funciones dentro de una organizaci\u00f3n a lo largo del \u00faltimo a\u00f1o.<\/p>\n\n\n\n<p>Mauricio Massud Mart\u00ednez, Presidente del Consejo de C\u00e1maras y Asociaciones Empresariales del Estado de M\u00e9xico se\u00f1al\u00f3 que a\u00fan cuando ha sido un a\u00f1o particularmente complejo por las condiciones internacionales que aun se enfrentan y el m\u00ednimo crecimiento que se registr\u00f3 en el anterior, aquellas empresas que generaron utilidades en el \u00faltimo a\u00f1o cumplir\u00e1n en tiempo con la entrega.<\/p>\n\n\n\n<p>\u201cEs una condici\u00f3n que se prev\u00e9 en la planeaci\u00f3n financiera de cada inicio de a\u00f1o, hoy podemos decir que no hay empresas serias que se arriesguen a incumplir, sin embargo tambi\u00e9n debemos reconocer que el rango de utilidades que pueden generarse ha ido en ca\u00edda a partir de los incrementos que se han generado a partir de la carga social que tenemos, mientras mas pagos deben hacerse, las ganancias son menores y esto repercute no solo a los empresarios sino eventualmente a los colaboradores\u201d<\/p>\n\n\n\n<p>Aportaciones en temas de vivienda, cuotas obrero patronales, en salud, pero adem\u00e1s encarecimiento en materia de transporte, aseguramiento de carga, aumento en materias primas entre otras deben ser cuantificadas para entender que los niveles de rendimiento tambi\u00e9n se han venido reduciendo.<\/p>\n\n\n\n<p>Massud Mart\u00ednez se\u00f1al\u00f3 que uno de los puntos que de manera recurrente se han se\u00f1alado como urgentes de atenci\u00f3n es la competitividad que el Estado de M\u00e9xico tiene sobre otras entidades as\u00ed como la productividad de los trabajadores, con lo que podr\u00eda generarse un verdadero c\u00edrculo de valor en torno al sector productivo estatal y con esto mejores rendimientos para todos los involucrados.<\/p>\n\n\n\n<p>El reparto de utilidades es un derecho establecido en el Art\u00edculo 123 de la Ley Federal del Trabajo en el que se establece que el 10 por ciento de las ganancias que una empresa deben ser repartidos entre los colaboradores que trabajaron al menos 60 d\u00edas el a\u00f1o inmediato anterior y en esta ocasi\u00f3n debe ser entregado antes del 31 de mayo para quienes est\u00e9n contratados por una empresa en figura de persona moral y el 30 de junio para empleados de personas f\u00edsicas. Mauricio Massud<\/p>\n\n\n\n<p><a href=\"https:\/\/www.facebook.com\/photo\/?fbid=664513219907235&amp;set=a.149803534711542&amp;__cft__[0]=AZXTTBkp6Tuj4d8hpA-RWzuoCLYzGaNjEab9knnLYaND9KLEL1C-oajr0qqzP9yT6FaWl10Kl5cZoJUuwILh-beo37xzakqZW7vnKNLVZxQz5UCMLw-Mq_AoWkb5hC9Lt0cBK9r5e4wG_041HqZl4Sj_kVg2voLJJ4U43a-7SBYltw&amp;__tn__=EH-R\"><\/a><\/p>\n\n\n\n<figure class=\"wp-block-image size-full\"><img loading=\"lazy\" decoding=\"async\" width=\"720\" height=\"437\" src=\"https:\/\/proyeccionedomex.com.mx\/wp-content\/uploads\/2025\/05\/image-24.jpeg\" alt=\"\" class=\"wp-image-6600\" srcset=\"https:\/\/proyeccionedomex.com.mx\/wp-content\/uploads\/2025\/05\/image-24.jpeg 720w, https:\/\/proyeccionedomex.com.mx\/wp-content\/uploads\/2025\/05\/image-24-300x182.jpeg 300w, https:\/\/proyeccionedomex.com.mx\/wp-content\/uploads\/2025\/05\/image-24-696x422.jpeg 696w, https:\/\/proyeccionedomex.com.mx\/wp-content\/uploads\/2025\/05\/image-24-692x420.jpeg 692w\" sizes=\"auto, (max-width: 720px) 100vw, 720px\" \/><\/figure>\n","protected":false},"excerpt":{"rendered":"<p>Sector Empresarial comprometido y responsable en el pago del reparto de utilidades: Concaem Como cada a\u00f1o el sector empresarial formal manifest\u00f3 su compromiso y responsabilidad en el pago de las diversas prestaciones a las que tienen derecho los y las trabajadoras que han realizando funciones dentro de una organizaci\u00f3n a lo largo del \u00faltimo a\u00f1o. [&hellip;]<\/p>\n","protected":false},"author":1,"featured_media":6600,"comment_status":"open","ping_status":"closed","sticky":false,"template":"","format":"standard","meta":{"footnotes":""},"categories":[1],"tags":[],"class_list":{"0":"post-6599","1":"post","2":"type-post","3":"status-publish","4":"format-standard","5":"has-post-thumbnail","7":"category-politica"},"yoast_head":"<!-- This site is optimized with the Yoast SEO plugin v27.5 - https:\/\/yoast.com\/product\/yoast-seo-wordpress\/ -->\n<title>Sector Empresarial comprometido y responsable en el pago del reparto de utilidades: Concaem - Proyecci\u00f3n Estado de M\u00e9xico<\/title>\n<meta name=\"robots\" content=\"index, follow, max-snippet:-1, max-image-preview:large, max-video-preview:-1\" \/>\n<link rel=\"canonical\" href=\"https:\/\/proyeccionedomex.com.mx\/?p=6599\" \/>\n<meta property=\"og:locale\" content=\"es_ES\" \/>\n<meta property=\"og:type\" content=\"article\" \/>\n<meta property=\"og:title\" content=\"Sector Empresarial comprometido y responsable en el pago del reparto de utilidades: Concaem - Proyecci\u00f3n Estado de M\u00e9xico\" \/>\n<meta property=\"og:description\" content=\"Sector Empresarial comprometido y responsable en el pago del reparto de utilidades: Concaem Como cada a\u00f1o el sector empresarial formal manifest\u00f3 su compromiso y responsabilidad en el pago de las diversas prestaciones a las que tienen derecho los y las trabajadoras que han realizando funciones dentro de una organizaci\u00f3n a lo largo del \u00faltimo a\u00f1o. [&hellip;]\" \/>\n<meta property=\"og:url\" content=\"https:\/\/proyeccionedomex.com.mx\/?p=6599\" \/>\n<meta property=\"og:site_name\" content=\"Proyecci\u00f3n Estado de M\u00e9xico\" \/>\n<meta property=\"article:publisher\" content=\"https:\/\/www.facebook.com\/PortaldeNoticiasProyeccionEdomex\" \/>\n<meta property=\"article:published_time\" content=\"2025-05-19T14:49:31+00:00\" \/>\n<meta property=\"article:modified_time\" content=\"2025-05-19T14:49:34+00:00\" \/>\n<meta property=\"og:image\" content=\"https:\/\/proyeccionedomex.com.mx\/wp-content\/uploads\/2025\/05\/image-24.jpeg\" \/>\n\t<meta property=\"og:image:width\" content=\"720\" \/>\n\t<meta property=\"og:image:height\" content=\"437\" \/>\n\t<meta property=\"og:image:type\" content=\"image\/jpeg\" \/>\n<meta name=\"author\" content=\"Redacci\u00f3n Proyecci\u00f3n EDOM\u00c9X\" \/>\n<meta name=\"twitter:card\" content=\"summary_large_image\" \/>\n<meta name=\"twitter:label1\" content=\"Escrito por\" \/>\n\t<meta name=\"twitter:data1\" content=\"Redacci\u00f3n Proyecci\u00f3n EDOM\u00c9X\" \/>\n\t<meta name=\"twitter:label2\" content=\"Tiempo de lectura\" \/>\n\t<meta name=\"twitter:data2\" content=\"3 minutos\" \/>\n<script type=\"application\/ld+json\" class=\"yoast-schema-graph\">{\"@context\":\"https:\\\/\\\/schema.org\",\"@graph\":[{\"@type\":\"Article\",\"@id\":\"https:\\\/\\\/proyeccionedomex.com.mx\\\/?p=6599#article\",\"isPartOf\":{\"@id\":\"https:\\\/\\\/proyeccionedomex.com.mx\\\/?p=6599\"},\"author\":{\"name\":\"Redacci\u00f3n Proyecci\u00f3n EDOM\u00c9X\",\"@id\":\"https:\\\/\\\/proyeccionedomex.com.mx\\\/#\\\/schema\\\/person\\\/2e66b5427bffed972a69e6b66b4e3a76\"},\"headline\":\"Sector Empresarial comprometido y responsable en el pago del reparto de utilidades: Concaem\",\"datePublished\":\"2025-05-19T14:49:31+00:00\",\"dateModified\":\"2025-05-19T14:49:34+00:00\",\"mainEntityOfPage\":{\"@id\":\"https:\\\/\\\/proyeccionedomex.com.mx\\\/?p=6599\"},\"wordCount\":427,\"commentCount\":0,\"publisher\":{\"@id\":\"https:\\\/\\\/proyeccionedomex.com.mx\\\/#organization\"},\"image\":{\"@id\":\"https:\\\/\\\/proyeccionedomex.com.mx\\\/?p=6599#primaryimage\"},\"thumbnailUrl\":\"https:\\\/\\\/proyeccionedomex.com.mx\\\/wp-content\\\/uploads\\\/2025\\\/05\\\/image-24.jpeg\",\"articleSection\":[\"Politica\"],\"inLanguage\":\"es\",\"potentialAction\":[{\"@type\":\"CommentAction\",\"name\":\"Comment\",\"target\":[\"https:\\\/\\\/proyeccionedomex.com.mx\\\/?p=6599#respond\"]}]},{\"@type\":\"WebPage\",\"@id\":\"https:\\\/\\\/proyeccionedomex.com.mx\\\/?p=6599\",\"url\":\"https:\\\/\\\/proyeccionedomex.com.mx\\\/?p=6599\",\"name\":\"Sector Empresarial comprometido y responsable en el pago del reparto de utilidades: Concaem - Proyecci\u00f3n Estado de M\u00e9xico\",\"isPartOf\":{\"@id\":\"https:\\\/\\\/proyeccionedomex.com.mx\\\/#website\"},\"primaryImageOfPage\":{\"@id\":\"https:\\\/\\\/proyeccionedomex.com.mx\\\/?p=6599#primaryimage\"},\"image\":{\"@id\":\"https:\\\/\\\/proyeccionedomex.com.mx\\\/?p=6599#primaryimage\"},\"thumbnailUrl\":\"https:\\\/\\\/proyeccionedomex.com.mx\\\/wp-content\\\/uploads\\\/2025\\\/05\\\/image-24.jpeg\",\"datePublished\":\"2025-05-19T14:49:31+00:00\",\"dateModified\":\"2025-05-19T14:49:34+00:00\",\"breadcrumb\":{\"@id\":\"https:\\\/\\\/proyeccionedomex.com.mx\\\/?p=6599#breadcrumb\"},\"inLanguage\":\"es\",\"potentialAction\":[{\"@type\":\"ReadAction\",\"target\":[\"https:\\\/\\\/proyeccionedomex.com.mx\\\/?p=6599\"]}]},{\"@type\":\"ImageObject\",\"inLanguage\":\"es\",\"@id\":\"https:\\\/\\\/proyeccionedomex.com.mx\\\/?p=6599#primaryimage\",\"url\":\"https:\\\/\\\/proyeccionedomex.com.mx\\\/wp-content\\\/uploads\\\/2025\\\/05\\\/image-24.jpeg\",\"contentUrl\":\"https:\\\/\\\/proyeccionedomex.com.mx\\\/wp-content\\\/uploads\\\/2025\\\/05\\\/image-24.jpeg\",\"width\":720,\"height\":437},{\"@type\":\"BreadcrumbList\",\"@id\":\"https:\\\/\\\/proyeccionedomex.com.mx\\\/?p=6599#breadcrumb\",\"itemListElement\":[{\"@type\":\"ListItem\",\"position\":1,\"name\":\"Portada\",\"item\":\"https:\\\/\\\/proyeccionedomex.com.mx\\\/\"},{\"@type\":\"ListItem\",\"position\":2,\"name\":\"Sector Empresarial comprometido y responsable en el pago del reparto de utilidades: Concaem\"}]},{\"@type\":\"WebSite\",\"@id\":\"https:\\\/\\\/proyeccionedomex.com.mx\\\/#website\",\"url\":\"https:\\\/\\\/proyeccionedomex.com.mx\\\/\",\"name\":\"Proyecci\u00f3n Estado de M\u00e9xico\",\"description\":\"Proyecci\u00f3n Edo. Mex.\",\"publisher\":{\"@id\":\"https:\\\/\\\/proyeccionedomex.com.mx\\\/#organization\"},\"potentialAction\":[{\"@type\":\"SearchAction\",\"target\":{\"@type\":\"EntryPoint\",\"urlTemplate\":\"https:\\\/\\\/proyeccionedomex.com.mx\\\/?s={search_term_string}\"},\"query-input\":{\"@type\":\"PropertyValueSpecification\",\"valueRequired\":true,\"valueName\":\"search_term_string\"}}],\"inLanguage\":\"es\"},{\"@type\":\"Organization\",\"@id\":\"https:\\\/\\\/proyeccionedomex.com.mx\\\/#organization\",\"name\":\"Proyecci\u00f3n Estado de M\u00e9xico\",\"url\":\"https:\\\/\\\/proyeccionedomex.com.mx\\\/\",\"logo\":{\"@type\":\"ImageObject\",\"inLanguage\":\"es\",\"@id\":\"https:\\\/\\\/proyeccionedomex.com.mx\\\/#\\\/schema\\\/logo\\\/image\\\/\",\"url\":\"https:\\\/\\\/proyeccionedomex.com.mx\\\/wp-content\\\/uploads\\\/2024\\\/03\\\/proyeccion.jpg\",\"contentUrl\":\"https:\\\/\\\/proyeccionedomex.com.mx\\\/wp-content\\\/uploads\\\/2024\\\/03\\\/proyeccion.jpg\",\"width\":1143,\"height\":801,\"caption\":\"Proyecci\u00f3n Estado de M\u00e9xico\"},\"image\":{\"@id\":\"https:\\\/\\\/proyeccionedomex.com.mx\\\/#\\\/schema\\\/logo\\\/image\\\/\"},\"sameAs\":[\"https:\\\/\\\/www.facebook.com\\\/PortaldeNoticiasProyeccionEdomex\"]},{\"@type\":\"Person\",\"@id\":\"https:\\\/\\\/proyeccionedomex.com.mx\\\/#\\\/schema\\\/person\\\/2e66b5427bffed972a69e6b66b4e3a76\",\"name\":\"Redacci\u00f3n Proyecci\u00f3n EDOM\u00c9X\",\"image\":{\"@type\":\"ImageObject\",\"inLanguage\":\"es\",\"@id\":\"https:\\\/\\\/secure.gravatar.com\\\/avatar\\\/f43a2254d614198c44c96f86f1f078a06cac3d39a3250e9245aa331797519cab?s=96&d=mm&r=g\",\"url\":\"https:\\\/\\\/secure.gravatar.com\\\/avatar\\\/f43a2254d614198c44c96f86f1f078a06cac3d39a3250e9245aa331797519cab?s=96&d=mm&r=g\",\"contentUrl\":\"https:\\\/\\\/secure.gravatar.com\\\/avatar\\\/f43a2254d614198c44c96f86f1f078a06cac3d39a3250e9245aa331797519cab?s=96&d=mm&r=g\",\"caption\":\"Redacci\u00f3n Proyecci\u00f3n EDOM\u00c9X\"},\"sameAs\":[\"https:\\\/\\\/proyeccionedomex.com.mx\"],\"url\":\"https:\\\/\\\/proyeccionedomex.com.mx\\\/?author=1\"}]}<\/script>\n<!-- \/ Yoast SEO plugin. -->","yoast_head_json":{"title":"Sector Empresarial comprometido y responsable en el pago del reparto de utilidades: Concaem - Proyecci\u00f3n Estado de M\u00e9xico","robots":{"index":"index","follow":"follow","max-snippet":"max-snippet:-1","max-image-preview":"max-image-preview:large","max-video-preview":"max-video-preview:-1"},"canonical":"https:\/\/proyeccionedomex.com.mx\/?p=6599","og_locale":"es_ES","og_type":"article","og_title":"Sector Empresarial comprometido y responsable en el pago del reparto de utilidades: Concaem - Proyecci\u00f3n Estado de M\u00e9xico","og_description":"Sector Empresarial comprometido y responsable en el pago del reparto de utilidades: Concaem Como cada a\u00f1o el sector empresarial formal manifest\u00f3 su compromiso y responsabilidad en el pago de las diversas prestaciones a las que tienen derecho los y las trabajadoras que han realizando funciones dentro de una organizaci\u00f3n a lo largo del \u00faltimo a\u00f1o. [&hellip;]","og_url":"https:\/\/proyeccionedomex.com.mx\/?p=6599","og_site_name":"Proyecci\u00f3n Estado de M\u00e9xico","article_publisher":"https:\/\/www.facebook.com\/PortaldeNoticiasProyeccionEdomex","article_published_time":"2025-05-19T14:49:31+00:00","article_modified_time":"2025-05-19T14:49:34+00:00","og_image":[{"width":720,"height":437,"url":"https:\/\/proyeccionedomex.com.mx\/wp-content\/uploads\/2025\/05\/image-24.jpeg","type":"image\/jpeg"}],"author":"Redacci\u00f3n Proyecci\u00f3n EDOM\u00c9X","twitter_card":"summary_large_image","twitter_misc":{"Escrito por":"Redacci\u00f3n Proyecci\u00f3n EDOM\u00c9X","Tiempo de lectura":"3 minutos"},"schema":{"@context":"https:\/\/schema.org","@graph":[{"@type":"Article","@id":"https:\/\/proyeccionedomex.com.mx\/?p=6599#article","isPartOf":{"@id":"https:\/\/proyeccionedomex.com.mx\/?p=6599"},"author":{"name":"Redacci\u00f3n Proyecci\u00f3n EDOM\u00c9X","@id":"https:\/\/proyeccionedomex.com.mx\/#\/schema\/person\/2e66b5427bffed972a69e6b66b4e3a76"},"headline":"Sector Empresarial comprometido y responsable en el pago del reparto de utilidades: Concaem","datePublished":"2025-05-19T14:49:31+00:00","dateModified":"2025-05-19T14:49:34+00:00","mainEntityOfPage":{"@id":"https:\/\/proyeccionedomex.com.mx\/?p=6599"},"wordCount":427,"commentCount":0,"publisher":{"@id":"https:\/\/proyeccionedomex.com.mx\/#organization"},"image":{"@id":"https:\/\/proyeccionedomex.com.mx\/?p=6599#primaryimage"},"thumbnailUrl":"https:\/\/proyeccionedomex.com.mx\/wp-content\/uploads\/2025\/05\/image-24.jpeg","articleSection":["Politica"],"inLanguage":"es","potentialAction":[{"@type":"CommentAction","name":"Comment","target":["https:\/\/proyeccionedomex.com.mx\/?p=6599#respond"]}]},{"@type":"WebPage","@id":"https:\/\/proyeccionedomex.com.mx\/?p=6599","url":"https:\/\/proyeccionedomex.com.mx\/?p=6599","name":"Sector Empresarial comprometido y responsable en el pago del reparto de utilidades: Concaem - Proyecci\u00f3n Estado de M\u00e9xico","isPartOf":{"@id":"https:\/\/proyeccionedomex.com.mx\/#website"},"primaryImageOfPage":{"@id":"https:\/\/proyeccionedomex.com.mx\/?p=6599#primaryimage"},"image":{"@id":"https:\/\/proyeccionedomex.com.mx\/?p=6599#primaryimage"},"thumbnailUrl":"https:\/\/proyeccionedomex.com.mx\/wp-content\/uploads\/2025\/05\/image-24.jpeg","datePublished":"2025-05-19T14:49:31+00:00","dateModified":"2025-05-19T14:49:34+00:00","breadcrumb":{"@id":"https:\/\/proyeccionedomex.com.mx\/?p=6599#breadcrumb"},"inLanguage":"es","potentialAction":[{"@type":"ReadAction","target":["https:\/\/proyeccionedomex.com.mx\/?p=6599"]}]},{"@type":"ImageObject","inLanguage":"es","@id":"https:\/\/proyeccionedomex.com.mx\/?p=6599#primaryimage","url":"https:\/\/proyeccionedomex.com.mx\/wp-content\/uploads\/2025\/05\/image-24.jpeg","contentUrl":"https:\/\/proyeccionedomex.com.mx\/wp-content\/uploads\/2025\/05\/image-24.jpeg","width":720,"height":437},{"@type":"BreadcrumbList","@id":"https:\/\/proyeccionedomex.com.mx\/?p=6599#breadcrumb","itemListElement":[{"@type":"ListItem","position":1,"name":"Portada","item":"https:\/\/proyeccionedomex.com.mx\/"},{"@type":"ListItem","position":2,"name":"Sector Empresarial comprometido y responsable en el pago del reparto de utilidades: Concaem"}]},{"@type":"WebSite","@id":"https:\/\/proyeccionedomex.com.mx\/#website","url":"https:\/\/proyeccionedomex.com.mx\/","name":"Proyecci\u00f3n Estado de M\u00e9xico","description":"Proyecci\u00f3n Edo. Mex.","publisher":{"@id":"https:\/\/proyeccionedomex.com.mx\/#organization"},"potentialAction":[{"@type":"SearchAction","target":{"@type":"EntryPoint","urlTemplate":"https:\/\/proyeccionedomex.com.mx\/?s={search_term_string}"},"query-input":{"@type":"PropertyValueSpecification","valueRequired":true,"valueName":"search_term_string"}}],"inLanguage":"es"},{"@type":"Organization","@id":"https:\/\/proyeccionedomex.com.mx\/#organization","name":"Proyecci\u00f3n Estado de M\u00e9xico","url":"https:\/\/proyeccionedomex.com.mx\/","logo":{"@type":"ImageObject","inLanguage":"es","@id":"https:\/\/proyeccionedomex.com.mx\/#\/schema\/logo\/image\/","url":"https:\/\/proyeccionedomex.com.mx\/wp-content\/uploads\/2024\/03\/proyeccion.jpg","contentUrl":"https:\/\/proyeccionedomex.com.mx\/wp-content\/uploads\/2024\/03\/proyeccion.jpg","width":1143,"height":801,"caption":"Proyecci\u00f3n Estado de M\u00e9xico"},"image":{"@id":"https:\/\/proyeccionedomex.com.mx\/#\/schema\/logo\/image\/"},"sameAs":["https:\/\/www.facebook.com\/PortaldeNoticiasProyeccionEdomex"]},{"@type":"Person","@id":"https:\/\/proyeccionedomex.com.mx\/#\/schema\/person\/2e66b5427bffed972a69e6b66b4e3a76","name":"Redacci\u00f3n Proyecci\u00f3n EDOM\u00c9X","image":{"@type":"ImageObject","inLanguage":"es","@id":"https:\/\/secure.gravatar.com\/avatar\/f43a2254d614198c44c96f86f1f078a06cac3d39a3250e9245aa331797519cab?s=96&d=mm&r=g","url":"https:\/\/secure.gravatar.com\/avatar\/f43a2254d614198c44c96f86f1f078a06cac3d39a3250e9245aa331797519cab?s=96&d=mm&r=g","contentUrl":"https:\/\/secure.gravatar.com\/avatar\/f43a2254d614198c44c96f86f1f078a06cac3d39a3250e9245aa331797519cab?s=96&d=mm&r=g","caption":"Redacci\u00f3n Proyecci\u00f3n EDOM\u00c9X"},"sameAs":["https:\/\/proyeccionedomex.com.mx"],"url":"https:\/\/proyeccionedomex.com.mx\/?author=1"}]}},"_links":{"self":[{"href":"https:\/\/proyeccionedomex.com.mx\/index.php?rest_route=\/wp\/v2\/posts\/6599","targetHints":{"allow":["GET"]}}],"collection":[{"href":"https:\/\/proyeccionedomex.com.mx\/index.php?rest_route=\/wp\/v2\/posts"}],"about":[{"href":"https:\/\/proyeccionedomex.com.mx\/index.php?rest_route=\/wp\/v2\/types\/post"}],"author":[{"embeddable":true,"href":"https:\/\/proyeccionedomex.com.mx\/index.php?rest_route=\/wp\/v2\/users\/1"}],"replies":[{"embeddable":true,"href":"https:\/\/proyeccionedomex.com.mx\/index.php?rest_route=%2Fwp%2Fv2%2Fcomments&post=6599"}],"version-history":[{"count":0,"href":"https:\/\/proyeccionedomex.com.mx\/index.php?rest_route=\/wp\/v2\/posts\/6599\/revisions"}],"wp:featuredmedia":[{"embeddable":true,"href":"https:\/\/proyeccionedomex.com.mx\/index.php?rest_route=\/wp\/v2\/media\/6600"}],"wp:attachment":[{"href":"https:\/\/proyeccionedomex.com.mx\/index.php?rest_route=%2Fwp%2Fv2%2Fmedia&parent=6599"}],"wp:term":[{"taxonomy":"category","embeddable":true,"href":"https:\/\/proyeccionedomex.com.mx\/index.php?rest_route=%2Fwp%2Fv2%2Fcategories&post=6599"},{"taxonomy":"post_tag","embeddable":true,"href":"https:\/\/proyeccionedomex.com.mx\/index.php?rest_route=%2Fwp%2Fv2%2Ftags&post=6599"}],"curies":[{"name":"wp","href":"https:\/\/api.w.org\/{rel}","templated":true}]}}