{"id":6602,"date":"2025-05-19T14:51:12","date_gmt":"2025-05-19T14:51:12","guid":{"rendered":"https:\/\/proyeccionedomex.com.mx\/?p=6602"},"modified":"2025-05-19T14:51:16","modified_gmt":"2025-05-19T14:51:16","slug":"celebran-partido-de-futbol-periodistas-y-diputados-del-congreso-del-estado-de-mexico","status":"publish","type":"post","link":"https:\/\/proyeccionedomex.com.mx\/?p=6602","title":{"rendered":"Celebran partido de futbol periodistas y diputados del Congreso del Estado de M\u00e9xico"},"content":{"rendered":"\n<p>Celebran partido de futbol periodistas y diputados del Congreso del Estado de M\u00e9xico<\/p>\n\n\n\n<p>Encabezado por el diputado Anuar Roberto Azar Figueroa del grupo parlamentario del PAN y por Omar Olvera Herreros, secretario ejecutivo de la Junta de Coordinaci\u00f3n Pol\u00edtica, el equipo integrado por personal del Congreso del Estado de M\u00e9xico llev\u00f3 a cabo un encuentro de futbol amistoso en contra de un representativo del gremio period\u00edstico.<\/p>\n\n\n\n<p>Celebrado en el campo n\u00famero 5, de las instalaciones del Club Deportivo Toluca, en Metepec, el partido fue definido por tiros penales, en donde el equipo que represent\u00f3 al Congreso mexiquense obtuvo la victoria 1 (2) &#8211; (1) 1.<\/p>\n\n\n\n<p>El conjunto del Congreso mexiquense estuvo conformado por personal de seguridad y asesores de los diputados locales.<\/p>\n\n\n\n<p>Los goles en tiempo reglamentario fueron autor\u00eda de Marco Antonio Velazquez Lechuga, por el Congreso local; y Joshua Garc\u00eda, a favor del equipo de los medios de comunicaci\u00f3n.<\/p>\n\n\n\n<p>En la tanda de penales, el diputado Anuar Azar y Josu\u00e9 Bernal Ramirez marcaron para el representativo del Poder Legislativo, y Joshua Garc\u00eda, para los reporteros.<\/p>\n\n\n\n<p><a href=\"https:\/\/www.facebook.com\/photo\/?fbid=663981939960363&amp;set=pcb.663982119960345&amp;__cft__[0]=AZW3c9brPk9_pbn0xxtIi5HufOAff6BHglGEBEsX1aycx_alI6W7ZMOtpP4le4Tnr5R7BerTRHIKi5o9Qh4B9enp-AzsLm9Fs6tvLwO469e_Z2lEayomeH8EdoHbzuklakL16oZjSZmAbisEaUlf9BM4zPrfIfr_Fg40kvRHV390Mw&amp;__tn__=*b0H-R\"><\/a><\/p>\n\n\n\n<figure class=\"wp-block-image size-full\"><img loading=\"lazy\" decoding=\"async\" width=\"593\" height=\"395\" src=\"https:\/\/proyeccionedomex.com.mx\/wp-content\/uploads\/2025\/05\/image-26.jpeg\" alt=\"\" class=\"wp-image-6604\" srcset=\"https:\/\/proyeccionedomex.com.mx\/wp-content\/uploads\/2025\/05\/image-26.jpeg 593w, https:\/\/proyeccionedomex.com.mx\/wp-content\/uploads\/2025\/05\/image-26-300x200.jpeg 300w\" sizes=\"auto, (max-width: 593px) 100vw, 593px\" \/><\/figure>\n\n\n\n<p><a href=\"https:\/\/www.facebook.com\/photo\/?fbid=663981969960360&amp;set=pcb.663982119960345&amp;__cft__[0]=AZW3c9brPk9_pbn0xxtIi5HufOAff6BHglGEBEsX1aycx_alI6W7ZMOtpP4le4Tnr5R7BerTRHIKi5o9Qh4B9enp-AzsLm9Fs6tvLwO469e_Z2lEayomeH8EdoHbzuklakL16oZjSZmAbisEaUlf9BM4zPrfIfr_Fg40kvRHV390Mw&amp;__tn__=*b1H-R\"><\/a><\/p>\n\n\n\n<figure class=\"wp-block-image\"><a class=\"x1i10hfl x1qjc9v5 xjbqb8w xjqpnuy xa49m3k xqeqjp1 x2hbi6w x13fuv20 xu3j5b3 x1q0q8m5 x26u7qi x972fbf xcfux6l x1qhh985 xm0m39n x9f619 x1ypdohk xdl72j9 x2lah0s xe8uvvx xdj266r x11i5rnm xat24cr x1mh8g0r x2lwn1j xeuugli xexx8yu x4uap5 x18d9i69 xkhd6sd x16tdsg8 x1hl2dhg xggy1nq x1ja2u2z x1t137rt x1o1ewxj x3x9cwd x1e5q0jg x13rtm0m x1q0g3np x87ps6o x1lku1pv x1rg5ohu x1a2a7pz x1ey2m1c xds687c x10l6tqk x17qophe x13vifvy x1pdlv7q\" href=\"https:\/\/www.facebook.com\/photo\/?fbid=663981969960360&amp;set=pcb.663982119960345&amp;__cft__[0]=AZW3c9brPk9_pbn0xxtIi5HufOAff6BHglGEBEsX1aycx_alI6W7ZMOtpP4le4Tnr5R7BerTRHIKi5o9Qh4B9enp-AzsLm9Fs6tvLwO469e_Z2lEayomeH8EdoHbzuklakL16oZjSZmAbisEaUlf9BM4zPrfIfr_Fg40kvRHV390Mw&amp;__tn__=*b1H-R\"><img decoding=\"async\" src=\"https:\/\/scontent.flov1-1.fna.fbcdn.net\/v\/t39.30808-6\/499604462_663981973293693_7765902006995161255_n.jpg?stp=dst-jpg_p526x395_tt6&amp;_nc_cat=106&amp;ccb=1-7&amp;_nc_sid=833d8c&amp;_nc_eui2=AeHj90HN_B27deApQa4iFgvW90bw2na5Adj3RvDadrkB2O76BUMxcfGGjzlrCQdsyUejLViEDwibJQSo0x5b0FDe&amp;_nc_ohc=g6bz67jGr_8Q7kNvwHZVQQ4&amp;_nc_oc=Adl3DjB89Z01JL6OVFV45AmdtyiT0c6byWpW2uL2xQ8q1lel20i_0onrCC6JunocuYg&amp;_nc_zt=23&amp;_nc_ht=scontent.flov1-1.fna&amp;_nc_gid=cTGX5oqpmQXCNjOxsaUebA&amp;oh=00_AfIQJ7ZW_1hciMShHAbtDTQmuW69XpPkFDvI3VC6pKDcDQ&amp;oe=6830FC9C\" alt=\"\"\/><\/a><\/figure>\n\n\n\n<p><a href=\"https:\/\/www.facebook.com\/photo\/?fbid=663982056627018&amp;set=pcb.663982119960345&amp;__cft__[0]=AZW3c9brPk9_pbn0xxtIi5HufOAff6BHglGEBEsX1aycx_alI6W7ZMOtpP4le4Tnr5R7BerTRHIKi5o9Qh4B9enp-AzsLm9Fs6tvLwO469e_Z2lEayomeH8EdoHbzuklakL16oZjSZmAbisEaUlf9BM4zPrfIfr_Fg40kvRHV390Mw&amp;__tn__=*b2H-R\"><\/a><\/p>\n\n\n\n<figure class=\"wp-block-image size-full\"><img loading=\"lazy\" decoding=\"async\" width=\"593\" height=\"395\" src=\"https:\/\/proyeccionedomex.com.mx\/wp-content\/uploads\/2025\/05\/image-25.jpeg\" alt=\"\" class=\"wp-image-6603\" srcset=\"https:\/\/proyeccionedomex.com.mx\/wp-content\/uploads\/2025\/05\/image-25.jpeg 593w, https:\/\/proyeccionedomex.com.mx\/wp-content\/uploads\/2025\/05\/image-25-300x200.jpeg 300w\" sizes=\"auto, (max-width: 593px) 100vw, 593px\" \/><\/figure>\n\n\n\n<p><a href=\"https:\/\/www.facebook.com\/photo\/?fbid=663982093293681&amp;set=pcb.663982119960345&amp;__cft__[0]=AZW3c9brPk9_pbn0xxtIi5HufOAff6BHglGEBEsX1aycx_alI6W7ZMOtpP4le4Tnr5R7BerTRHIKi5o9Qh4B9enp-AzsLm9Fs6tvLwO469e_Z2lEayomeH8EdoHbzuklakL16oZjSZmAbisEaUlf9BM4zPrfIfr_Fg40kvRHV390Mw&amp;__tn__=*b3H-R\"><\/a><\/p>\n\n\n\n<figure class=\"wp-block-image\"><a class=\"x1i10hfl x1qjc9v5 xjbqb8w xjqpnuy xa49m3k xqeqjp1 x2hbi6w x13fuv20 xu3j5b3 x1q0q8m5 x26u7qi x972fbf xcfux6l x1qhh985 xm0m39n x9f619 x1ypdohk xdl72j9 x2lah0s xe8uvvx xdj266r x11i5rnm xat24cr x1mh8g0r x2lwn1j xeuugli xexx8yu x4uap5 x18d9i69 xkhd6sd x16tdsg8 x1hl2dhg xggy1nq x1ja2u2z x1t137rt x1o1ewxj x3x9cwd x1e5q0jg x13rtm0m x1q0g3np x87ps6o x1lku1pv x1rg5ohu x1a2a7pz x1ey2m1c xds687c x10l6tqk x17qophe x13vifvy x1pdlv7q\" href=\"https:\/\/www.facebook.com\/photo\/?fbid=663982093293681&amp;set=pcb.663982119960345&amp;__cft__[0]=AZW3c9brPk9_pbn0xxtIi5HufOAff6BHglGEBEsX1aycx_alI6W7ZMOtpP4le4Tnr5R7BerTRHIKi5o9Qh4B9enp-AzsLm9Fs6tvLwO469e_Z2lEayomeH8EdoHbzuklakL16oZjSZmAbisEaUlf9BM4zPrfIfr_Fg40kvRHV390Mw&amp;__tn__=*b3H-R\"><img decoding=\"async\" src=\"https:\/\/scontent.flov1-1.fna.fbcdn.net\/v\/t39.30808-6\/499219963_663982096627014_8112169785939999319_n.jpg?stp=dst-jpg_p526x395_tt6&amp;_nc_cat=105&amp;ccb=1-7&amp;_nc_sid=833d8c&amp;_nc_eui2=AeHcfJmgmT2QWy3w6oqafq2tW5GUKPBADh5bkZQo8EAOHkjtvxrICstEag10CHeefqPr7HvepCacwaXgTCQ-cvgp&amp;_nc_ohc=to63dLuynSQQ7kNvwHkdBVl&amp;_nc_oc=AdlRJAv6H0u0pYZdz33WvHrEdiIjfeKf9ofQNkyGmb0oWCVaAK3ZGQ8ltyXVmq_63Bo&amp;_nc_zt=23&amp;_nc_ht=scontent.flov1-1.fna&amp;_nc_gid=cTGX5oqpmQXCNjOxsaUebA&amp;oh=00_AfLpFxL-Wjo0JdBSF45x3EJ-ZHAfjhEBFJDpdPj_x5100w&amp;oe=683114E2\" alt=\"\"\/><\/a><\/figure>\n","protected":false},"excerpt":{"rendered":"<p>Celebran partido de futbol periodistas y diputados del Congreso del Estado de M\u00e9xico Encabezado por el diputado Anuar Roberto Azar Figueroa del grupo parlamentario del PAN y por Omar Olvera Herreros, secretario ejecutivo de la Junta de Coordinaci\u00f3n Pol\u00edtica, el equipo integrado por personal del Congreso del Estado de M\u00e9xico llev\u00f3 a cabo un encuentro [&hellip;]<\/p>\n","protected":false},"author":1,"featured_media":6604,"comment_status":"open","ping_status":"closed","sticky":false,"template":"","format":"standard","meta":{"footnotes":""},"categories":[1],"tags":[],"class_list":{"0":"post-6602","1":"post","2":"type-post","3":"status-publish","4":"format-standard","5":"has-post-thumbnail","7":"category-politica"},"yoast_head":"<!-- This site is optimized with the Yoast SEO plugin v27.5 - https:\/\/yoast.com\/product\/yoast-seo-wordpress\/ -->\n<title>Celebran partido de futbol periodistas y diputados del Congreso del Estado de M\u00e9xico - Proyecci\u00f3n Estado de M\u00e9xico<\/title>\n<meta name=\"robots\" content=\"index, follow, max-snippet:-1, max-image-preview:large, max-video-preview:-1\" \/>\n<link rel=\"canonical\" href=\"https:\/\/proyeccionedomex.com.mx\/?p=6602\" \/>\n<meta property=\"og:locale\" content=\"es_ES\" \/>\n<meta property=\"og:type\" content=\"article\" \/>\n<meta property=\"og:title\" content=\"Celebran partido de futbol periodistas y diputados del Congreso del Estado de M\u00e9xico - Proyecci\u00f3n Estado de M\u00e9xico\" \/>\n<meta property=\"og:description\" content=\"Celebran partido de futbol periodistas y diputados del Congreso del Estado de M\u00e9xico Encabezado por el diputado Anuar Roberto Azar Figueroa del grupo parlamentario del PAN y por Omar Olvera Herreros, secretario ejecutivo de la Junta de Coordinaci\u00f3n Pol\u00edtica, el equipo integrado por personal del Congreso del Estado de M\u00e9xico llev\u00f3 a cabo un encuentro [&hellip;]\" \/>\n<meta property=\"og:url\" content=\"https:\/\/proyeccionedomex.com.mx\/?p=6602\" \/>\n<meta property=\"og:site_name\" content=\"Proyecci\u00f3n Estado de M\u00e9xico\" \/>\n<meta property=\"article:publisher\" content=\"https:\/\/www.facebook.com\/PortaldeNoticiasProyeccionEdomex\" \/>\n<meta property=\"article:published_time\" content=\"2025-05-19T14:51:12+00:00\" \/>\n<meta property=\"article:modified_time\" content=\"2025-05-19T14:51:16+00:00\" \/>\n<meta property=\"og:image\" content=\"https:\/\/proyeccionedomex.com.mx\/wp-content\/uploads\/2025\/05\/image-26.jpeg\" \/>\n\t<meta property=\"og:image:width\" content=\"593\" \/>\n\t<meta property=\"og:image:height\" content=\"395\" \/>\n\t<meta property=\"og:image:type\" content=\"image\/jpeg\" \/>\n<meta name=\"author\" content=\"Redacci\u00f3n Proyecci\u00f3n EDOM\u00c9X\" \/>\n<meta name=\"twitter:card\" content=\"summary_large_image\" \/>\n<meta name=\"twitter:label1\" content=\"Escrito por\" \/>\n\t<meta name=\"twitter:data1\" content=\"Redacci\u00f3n Proyecci\u00f3n EDOM\u00c9X\" \/>\n\t<meta name=\"twitter:label2\" content=\"Tiempo de lectura\" \/>\n\t<meta name=\"twitter:data2\" content=\"2 minutos\" \/>\n<script type=\"application\/ld+json\" class=\"yoast-schema-graph\">{\"@context\":\"https:\\\/\\\/schema.org\",\"@graph\":[{\"@type\":\"Article\",\"@id\":\"https:\\\/\\\/proyeccionedomex.com.mx\\\/?p=6602#article\",\"isPartOf\":{\"@id\":\"https:\\\/\\\/proyeccionedomex.com.mx\\\/?p=6602\"},\"author\":{\"name\":\"Redacci\u00f3n Proyecci\u00f3n EDOM\u00c9X\",\"@id\":\"https:\\\/\\\/proyeccionedomex.com.mx\\\/#\\\/schema\\\/person\\\/2e66b5427bffed972a69e6b66b4e3a76\"},\"headline\":\"Celebran partido de futbol periodistas y diputados del Congreso del Estado de M\u00e9xico\",\"datePublished\":\"2025-05-19T14:51:12+00:00\",\"dateModified\":\"2025-05-19T14:51:16+00:00\",\"mainEntityOfPage\":{\"@id\":\"https:\\\/\\\/proyeccionedomex.com.mx\\\/?p=6602\"},\"wordCount\":195,\"commentCount\":0,\"publisher\":{\"@id\":\"https:\\\/\\\/proyeccionedomex.com.mx\\\/#organization\"},\"image\":{\"@id\":\"https:\\\/\\\/proyeccionedomex.com.mx\\\/?p=6602#primaryimage\"},\"thumbnailUrl\":\"https:\\\/\\\/proyeccionedomex.com.mx\\\/wp-content\\\/uploads\\\/2025\\\/05\\\/image-26.jpeg\",\"articleSection\":[\"Politica\"],\"inLanguage\":\"es\",\"potentialAction\":[{\"@type\":\"CommentAction\",\"name\":\"Comment\",\"target\":[\"https:\\\/\\\/proyeccionedomex.com.mx\\\/?p=6602#respond\"]}]},{\"@type\":\"WebPage\",\"@id\":\"https:\\\/\\\/proyeccionedomex.com.mx\\\/?p=6602\",\"url\":\"https:\\\/\\\/proyeccionedomex.com.mx\\\/?p=6602\",\"name\":\"Celebran partido de futbol periodistas y diputados del Congreso del Estado de M\u00e9xico - Proyecci\u00f3n Estado de M\u00e9xico\",\"isPartOf\":{\"@id\":\"https:\\\/\\\/proyeccionedomex.com.mx\\\/#website\"},\"primaryImageOfPage\":{\"@id\":\"https:\\\/\\\/proyeccionedomex.com.mx\\\/?p=6602#primaryimage\"},\"image\":{\"@id\":\"https:\\\/\\\/proyeccionedomex.com.mx\\\/?p=6602#primaryimage\"},\"thumbnailUrl\":\"https:\\\/\\\/proyeccionedomex.com.mx\\\/wp-content\\\/uploads\\\/2025\\\/05\\\/image-26.jpeg\",\"datePublished\":\"2025-05-19T14:51:12+00:00\",\"dateModified\":\"2025-05-19T14:51:16+00:00\",\"breadcrumb\":{\"@id\":\"https:\\\/\\\/proyeccionedomex.com.mx\\\/?p=6602#breadcrumb\"},\"inLanguage\":\"es\",\"potentialAction\":[{\"@type\":\"ReadAction\",\"target\":[\"https:\\\/\\\/proyeccionedomex.com.mx\\\/?p=6602\"]}]},{\"@type\":\"ImageObject\",\"inLanguage\":\"es\",\"@id\":\"https:\\\/\\\/proyeccionedomex.com.mx\\\/?p=6602#primaryimage\",\"url\":\"https:\\\/\\\/proyeccionedomex.com.mx\\\/wp-content\\\/uploads\\\/2025\\\/05\\\/image-26.jpeg\",\"contentUrl\":\"https:\\\/\\\/proyeccionedomex.com.mx\\\/wp-content\\\/uploads\\\/2025\\\/05\\\/image-26.jpeg\",\"width\":593,\"height\":395},{\"@type\":\"BreadcrumbList\",\"@id\":\"https:\\\/\\\/proyeccionedomex.com.mx\\\/?p=6602#breadcrumb\",\"itemListElement\":[{\"@type\":\"ListItem\",\"position\":1,\"name\":\"Portada\",\"item\":\"https:\\\/\\\/proyeccionedomex.com.mx\\\/\"},{\"@type\":\"ListItem\",\"position\":2,\"name\":\"Celebran partido de futbol periodistas y diputados del Congreso del Estado de M\u00e9xico\"}]},{\"@type\":\"WebSite\",\"@id\":\"https:\\\/\\\/proyeccionedomex.com.mx\\\/#website\",\"url\":\"https:\\\/\\\/proyeccionedomex.com.mx\\\/\",\"name\":\"Proyecci\u00f3n Estado de M\u00e9xico\",\"description\":\"Proyecci\u00f3n Edo. Mex.\",\"publisher\":{\"@id\":\"https:\\\/\\\/proyeccionedomex.com.mx\\\/#organization\"},\"potentialAction\":[{\"@type\":\"SearchAction\",\"target\":{\"@type\":\"EntryPoint\",\"urlTemplate\":\"https:\\\/\\\/proyeccionedomex.com.mx\\\/?s={search_term_string}\"},\"query-input\":{\"@type\":\"PropertyValueSpecification\",\"valueRequired\":true,\"valueName\":\"search_term_string\"}}],\"inLanguage\":\"es\"},{\"@type\":\"Organization\",\"@id\":\"https:\\\/\\\/proyeccionedomex.com.mx\\\/#organization\",\"name\":\"Proyecci\u00f3n Estado de M\u00e9xico\",\"url\":\"https:\\\/\\\/proyeccionedomex.com.mx\\\/\",\"logo\":{\"@type\":\"ImageObject\",\"inLanguage\":\"es\",\"@id\":\"https:\\\/\\\/proyeccionedomex.com.mx\\\/#\\\/schema\\\/logo\\\/image\\\/\",\"url\":\"https:\\\/\\\/proyeccionedomex.com.mx\\\/wp-content\\\/uploads\\\/2024\\\/03\\\/proyeccion.jpg\",\"contentUrl\":\"https:\\\/\\\/proyeccionedomex.com.mx\\\/wp-content\\\/uploads\\\/2024\\\/03\\\/proyeccion.jpg\",\"width\":1143,\"height\":801,\"caption\":\"Proyecci\u00f3n Estado de M\u00e9xico\"},\"image\":{\"@id\":\"https:\\\/\\\/proyeccionedomex.com.mx\\\/#\\\/schema\\\/logo\\\/image\\\/\"},\"sameAs\":[\"https:\\\/\\\/www.facebook.com\\\/PortaldeNoticiasProyeccionEdomex\"]},{\"@type\":\"Person\",\"@id\":\"https:\\\/\\\/proyeccionedomex.com.mx\\\/#\\\/schema\\\/person\\\/2e66b5427bffed972a69e6b66b4e3a76\",\"name\":\"Redacci\u00f3n Proyecci\u00f3n EDOM\u00c9X\",\"image\":{\"@type\":\"ImageObject\",\"inLanguage\":\"es\",\"@id\":\"https:\\\/\\\/secure.gravatar.com\\\/avatar\\\/f43a2254d614198c44c96f86f1f078a06cac3d39a3250e9245aa331797519cab?s=96&d=mm&r=g\",\"url\":\"https:\\\/\\\/secure.gravatar.com\\\/avatar\\\/f43a2254d614198c44c96f86f1f078a06cac3d39a3250e9245aa331797519cab?s=96&d=mm&r=g\",\"contentUrl\":\"https:\\\/\\\/secure.gravatar.com\\\/avatar\\\/f43a2254d614198c44c96f86f1f078a06cac3d39a3250e9245aa331797519cab?s=96&d=mm&r=g\",\"caption\":\"Redacci\u00f3n Proyecci\u00f3n EDOM\u00c9X\"},\"sameAs\":[\"https:\\\/\\\/proyeccionedomex.com.mx\"],\"url\":\"https:\\\/\\\/proyeccionedomex.com.mx\\\/?author=1\"}]}<\/script>\n<!-- \/ Yoast SEO plugin. -->","yoast_head_json":{"title":"Celebran partido de futbol periodistas y diputados del Congreso del Estado de M\u00e9xico - Proyecci\u00f3n Estado de M\u00e9xico","robots":{"index":"index","follow":"follow","max-snippet":"max-snippet:-1","max-image-preview":"max-image-preview:large","max-video-preview":"max-video-preview:-1"},"canonical":"https:\/\/proyeccionedomex.com.mx\/?p=6602","og_locale":"es_ES","og_type":"article","og_title":"Celebran partido de futbol periodistas y diputados del Congreso del Estado de M\u00e9xico - Proyecci\u00f3n Estado de M\u00e9xico","og_description":"Celebran partido de futbol periodistas y diputados del Congreso del Estado de M\u00e9xico Encabezado por el diputado Anuar Roberto Azar Figueroa del grupo parlamentario del PAN y por Omar Olvera Herreros, secretario ejecutivo de la Junta de Coordinaci\u00f3n Pol\u00edtica, el equipo integrado por personal del Congreso del Estado de M\u00e9xico llev\u00f3 a cabo un encuentro [&hellip;]","og_url":"https:\/\/proyeccionedomex.com.mx\/?p=6602","og_site_name":"Proyecci\u00f3n Estado de M\u00e9xico","article_publisher":"https:\/\/www.facebook.com\/PortaldeNoticiasProyeccionEdomex","article_published_time":"2025-05-19T14:51:12+00:00","article_modified_time":"2025-05-19T14:51:16+00:00","og_image":[{"width":593,"height":395,"url":"https:\/\/proyeccionedomex.com.mx\/wp-content\/uploads\/2025\/05\/image-26.jpeg","type":"image\/jpeg"}],"author":"Redacci\u00f3n Proyecci\u00f3n EDOM\u00c9X","twitter_card":"summary_large_image","twitter_misc":{"Escrito por":"Redacci\u00f3n Proyecci\u00f3n EDOM\u00c9X","Tiempo de lectura":"2 minutos"},"schema":{"@context":"https:\/\/schema.org","@graph":[{"@type":"Article","@id":"https:\/\/proyeccionedomex.com.mx\/?p=6602#article","isPartOf":{"@id":"https:\/\/proyeccionedomex.com.mx\/?p=6602"},"author":{"name":"Redacci\u00f3n Proyecci\u00f3n EDOM\u00c9X","@id":"https:\/\/proyeccionedomex.com.mx\/#\/schema\/person\/2e66b5427bffed972a69e6b66b4e3a76"},"headline":"Celebran partido de futbol periodistas y diputados del Congreso del Estado de M\u00e9xico","datePublished":"2025-05-19T14:51:12+00:00","dateModified":"2025-05-19T14:51:16+00:00","mainEntityOfPage":{"@id":"https:\/\/proyeccionedomex.com.mx\/?p=6602"},"wordCount":195,"commentCount":0,"publisher":{"@id":"https:\/\/proyeccionedomex.com.mx\/#organization"},"image":{"@id":"https:\/\/proyeccionedomex.com.mx\/?p=6602#primaryimage"},"thumbnailUrl":"https:\/\/proyeccionedomex.com.mx\/wp-content\/uploads\/2025\/05\/image-26.jpeg","articleSection":["Politica"],"inLanguage":"es","potentialAction":[{"@type":"CommentAction","name":"Comment","target":["https:\/\/proyeccionedomex.com.mx\/?p=6602#respond"]}]},{"@type":"WebPage","@id":"https:\/\/proyeccionedomex.com.mx\/?p=6602","url":"https:\/\/proyeccionedomex.com.mx\/?p=6602","name":"Celebran partido de futbol periodistas y diputados del Congreso del Estado de M\u00e9xico - Proyecci\u00f3n Estado de M\u00e9xico","isPartOf":{"@id":"https:\/\/proyeccionedomex.com.mx\/#website"},"primaryImageOfPage":{"@id":"https:\/\/proyeccionedomex.com.mx\/?p=6602#primaryimage"},"image":{"@id":"https:\/\/proyeccionedomex.com.mx\/?p=6602#primaryimage"},"thumbnailUrl":"https:\/\/proyeccionedomex.com.mx\/wp-content\/uploads\/2025\/05\/image-26.jpeg","datePublished":"2025-05-19T14:51:12+00:00","dateModified":"2025-05-19T14:51:16+00:00","breadcrumb":{"@id":"https:\/\/proyeccionedomex.com.mx\/?p=6602#breadcrumb"},"inLanguage":"es","potentialAction":[{"@type":"ReadAction","target":["https:\/\/proyeccionedomex.com.mx\/?p=6602"]}]},{"@type":"ImageObject","inLanguage":"es","@id":"https:\/\/proyeccionedomex.com.mx\/?p=6602#primaryimage","url":"https:\/\/proyeccionedomex.com.mx\/wp-content\/uploads\/2025\/05\/image-26.jpeg","contentUrl":"https:\/\/proyeccionedomex.com.mx\/wp-content\/uploads\/2025\/05\/image-26.jpeg","width":593,"height":395},{"@type":"BreadcrumbList","@id":"https:\/\/proyeccionedomex.com.mx\/?p=6602#breadcrumb","itemListElement":[{"@type":"ListItem","position":1,"name":"Portada","item":"https:\/\/proyeccionedomex.com.mx\/"},{"@type":"ListItem","position":2,"name":"Celebran partido de futbol periodistas y diputados del Congreso del Estado de M\u00e9xico"}]},{"@type":"WebSite","@id":"https:\/\/proyeccionedomex.com.mx\/#website","url":"https:\/\/proyeccionedomex.com.mx\/","name":"Proyecci\u00f3n Estado de M\u00e9xico","description":"Proyecci\u00f3n Edo. Mex.","publisher":{"@id":"https:\/\/proyeccionedomex.com.mx\/#organization"},"potentialAction":[{"@type":"SearchAction","target":{"@type":"EntryPoint","urlTemplate":"https:\/\/proyeccionedomex.com.mx\/?s={search_term_string}"},"query-input":{"@type":"PropertyValueSpecification","valueRequired":true,"valueName":"search_term_string"}}],"inLanguage":"es"},{"@type":"Organization","@id":"https:\/\/proyeccionedomex.com.mx\/#organization","name":"Proyecci\u00f3n Estado de M\u00e9xico","url":"https:\/\/proyeccionedomex.com.mx\/","logo":{"@type":"ImageObject","inLanguage":"es","@id":"https:\/\/proyeccionedomex.com.mx\/#\/schema\/logo\/image\/","url":"https:\/\/proyeccionedomex.com.mx\/wp-content\/uploads\/2024\/03\/proyeccion.jpg","contentUrl":"https:\/\/proyeccionedomex.com.mx\/wp-content\/uploads\/2024\/03\/proyeccion.jpg","width":1143,"height":801,"caption":"Proyecci\u00f3n Estado de M\u00e9xico"},"image":{"@id":"https:\/\/proyeccionedomex.com.mx\/#\/schema\/logo\/image\/"},"sameAs":["https:\/\/www.facebook.com\/PortaldeNoticiasProyeccionEdomex"]},{"@type":"Person","@id":"https:\/\/proyeccionedomex.com.mx\/#\/schema\/person\/2e66b5427bffed972a69e6b66b4e3a76","name":"Redacci\u00f3n Proyecci\u00f3n EDOM\u00c9X","image":{"@type":"ImageObject","inLanguage":"es","@id":"https:\/\/secure.gravatar.com\/avatar\/f43a2254d614198c44c96f86f1f078a06cac3d39a3250e9245aa331797519cab?s=96&d=mm&r=g","url":"https:\/\/secure.gravatar.com\/avatar\/f43a2254d614198c44c96f86f1f078a06cac3d39a3250e9245aa331797519cab?s=96&d=mm&r=g","contentUrl":"https:\/\/secure.gravatar.com\/avatar\/f43a2254d614198c44c96f86f1f078a06cac3d39a3250e9245aa331797519cab?s=96&d=mm&r=g","caption":"Redacci\u00f3n Proyecci\u00f3n EDOM\u00c9X"},"sameAs":["https:\/\/proyeccionedomex.com.mx"],"url":"https:\/\/proyeccionedomex.com.mx\/?author=1"}]}},"_links":{"self":[{"href":"https:\/\/proyeccionedomex.com.mx\/index.php?rest_route=\/wp\/v2\/posts\/6602","targetHints":{"allow":["GET"]}}],"collection":[{"href":"https:\/\/proyeccionedomex.com.mx\/index.php?rest_route=\/wp\/v2\/posts"}],"about":[{"href":"https:\/\/proyeccionedomex.com.mx\/index.php?rest_route=\/wp\/v2\/types\/post"}],"author":[{"embeddable":true,"href":"https:\/\/proyeccionedomex.com.mx\/index.php?rest_route=\/wp\/v2\/users\/1"}],"replies":[{"embeddable":true,"href":"https:\/\/proyeccionedomex.com.mx\/index.php?rest_route=%2Fwp%2Fv2%2Fcomments&post=6602"}],"version-history":[{"count":0,"href":"https:\/\/proyeccionedomex.com.mx\/index.php?rest_route=\/wp\/v2\/posts\/6602\/revisions"}],"wp:featuredmedia":[{"embeddable":true,"href":"https:\/\/proyeccionedomex.com.mx\/index.php?rest_route=\/wp\/v2\/media\/6604"}],"wp:attachment":[{"href":"https:\/\/proyeccionedomex.com.mx\/index.php?rest_route=%2Fwp%2Fv2%2Fmedia&parent=6602"}],"wp:term":[{"taxonomy":"category","embeddable":true,"href":"https:\/\/proyeccionedomex.com.mx\/index.php?rest_route=%2Fwp%2Fv2%2Fcategories&post=6602"},{"taxonomy":"post_tag","embeddable":true,"href":"https:\/\/proyeccionedomex.com.mx\/index.php?rest_route=%2Fwp%2Fv2%2Ftags&post=6602"}],"curies":[{"name":"wp","href":"https:\/\/api.w.org\/{rel}","templated":true}]}}