{"id":6616,"date":"2025-05-19T14:55:52","date_gmt":"2025-05-19T14:55:52","guid":{"rendered":"https:\/\/proyeccionedomex.com.mx\/?p=6616"},"modified":"2025-05-19T14:55:55","modified_gmt":"2025-05-19T14:55:55","slug":"avanza-el-estado-de-mexico-en-bienestar-animal-con-respaldo-del-pvem","status":"publish","type":"post","link":"https:\/\/proyeccionedomex.com.mx\/?p=6616","title":{"rendered":"Avanza el Estado de M\u00e9xico en bienestar animal con respaldo del PVEM"},"content":{"rendered":"\n<figure class=\"wp-block-gallery has-nested-images columns-default is-cropped wp-block-gallery-1 is-layout-flex wp-block-gallery-is-layout-flex\">\n<figure class=\"wp-block-image size-large td-caption-align-https:\/\/proyeccionedomex.com.mx\/wp-content\/uploads\/2025\/05\/Imagen-de-WhatsApp-2025-05-19-a-las-00.21.34_84823e44.jpg\"><img loading=\"lazy\" decoding=\"async\" width=\"1024\" height=\"684\" data-id=\"6617\" src=\"https:\/\/proyeccionedomex.com.mx\/wp-content\/uploads\/2025\/05\/Imagen-de-WhatsApp-2025-05-19-a-las-00.21.34_84823e44-1024x684.jpg\" alt=\"\" class=\"wp-image-6617\" srcset=\"https:\/\/proyeccionedomex.com.mx\/wp-content\/uploads\/2025\/05\/Imagen-de-WhatsApp-2025-05-19-a-las-00.21.34_84823e44-1024x684.jpg 1024w, https:\/\/proyeccionedomex.com.mx\/wp-content\/uploads\/2025\/05\/Imagen-de-WhatsApp-2025-05-19-a-las-00.21.34_84823e44-300x200.jpg 300w, https:\/\/proyeccionedomex.com.mx\/wp-content\/uploads\/2025\/05\/Imagen-de-WhatsApp-2025-05-19-a-las-00.21.34_84823e44-768x513.jpg 768w, https:\/\/proyeccionedomex.com.mx\/wp-content\/uploads\/2025\/05\/Imagen-de-WhatsApp-2025-05-19-a-las-00.21.34_84823e44-1536x1025.jpg 1536w, https:\/\/proyeccionedomex.com.mx\/wp-content\/uploads\/2025\/05\/Imagen-de-WhatsApp-2025-05-19-a-las-00.21.34_84823e44-696x465.jpg 696w, https:\/\/proyeccionedomex.com.mx\/wp-content\/uploads\/2025\/05\/Imagen-de-WhatsApp-2025-05-19-a-las-00.21.34_84823e44-1068x713.jpg 1068w, https:\/\/proyeccionedomex.com.mx\/wp-content\/uploads\/2025\/05\/Imagen-de-WhatsApp-2025-05-19-a-las-00.21.34_84823e44-629x420.jpg 629w, https:\/\/proyeccionedomex.com.mx\/wp-content\/uploads\/2025\/05\/Imagen-de-WhatsApp-2025-05-19-a-las-00.21.34_84823e44.jpg 1600w\" sizes=\"auto, (max-width: 1024px) 100vw, 1024px\" \/><\/figure>\n\n\n\n<figure class=\"wp-block-image size-large td-caption-align-https:\/\/proyeccionedomex.com.mx\/wp-content\/uploads\/2025\/05\/Imagen-de-WhatsApp-2025-05-19-a-las-00.21.33_25a55e21.jpg\"><img loading=\"lazy\" decoding=\"async\" width=\"1024\" height=\"700\" data-id=\"6618\" src=\"https:\/\/proyeccionedomex.com.mx\/wp-content\/uploads\/2025\/05\/Imagen-de-WhatsApp-2025-05-19-a-las-00.21.33_25a55e21-1024x700.jpg\" alt=\"\" class=\"wp-image-6618\" srcset=\"https:\/\/proyeccionedomex.com.mx\/wp-content\/uploads\/2025\/05\/Imagen-de-WhatsApp-2025-05-19-a-las-00.21.33_25a55e21-1024x700.jpg 1024w, https:\/\/proyeccionedomex.com.mx\/wp-content\/uploads\/2025\/05\/Imagen-de-WhatsApp-2025-05-19-a-las-00.21.33_25a55e21-300x205.jpg 300w, https:\/\/proyeccionedomex.com.mx\/wp-content\/uploads\/2025\/05\/Imagen-de-WhatsApp-2025-05-19-a-las-00.21.33_25a55e21-768x525.jpg 768w, https:\/\/proyeccionedomex.com.mx\/wp-content\/uploads\/2025\/05\/Imagen-de-WhatsApp-2025-05-19-a-las-00.21.33_25a55e21-218x150.jpg 218w, https:\/\/proyeccionedomex.com.mx\/wp-content\/uploads\/2025\/05\/Imagen-de-WhatsApp-2025-05-19-a-las-00.21.33_25a55e21-696x476.jpg 696w, https:\/\/proyeccionedomex.com.mx\/wp-content\/uploads\/2025\/05\/Imagen-de-WhatsApp-2025-05-19-a-las-00.21.33_25a55e21-1068x730.jpg 1068w, https:\/\/proyeccionedomex.com.mx\/wp-content\/uploads\/2025\/05\/Imagen-de-WhatsApp-2025-05-19-a-las-00.21.33_25a55e21-615x420.jpg 615w, https:\/\/proyeccionedomex.com.mx\/wp-content\/uploads\/2025\/05\/Imagen-de-WhatsApp-2025-05-19-a-las-00.21.33_25a55e21.jpg 1434w\" sizes=\"auto, (max-width: 1024px) 100vw, 1024px\" \/><\/figure>\n<\/figure>\n\n\n\n<p>Avanza el Estado de M\u00e9xico en bienestar animal con respaldo del PVEM<\/p>\n\n\n\n<p>Toluca, EDOM\u00c9X.- El Estado de M\u00e9xico est\u00e1 marcando un antes y un despu\u00e9s en la protecci\u00f3n y defensa de los animales, gracias a la voluntad y compromiso mostrados por la gobernadora Delfina G\u00f3mez \u00c1lvarez, afirm\u00f3 Jos\u00e9 Alberto Couttolenc Buentello, coordinador del Grupo Parlamentario del Partido Verde Ecologista de M\u00e9xico (PVEM) en la LXII Legislatura local.<\/p>\n\n\n\n<p>El tambi\u00e9n l\u00edder del partido vers en el estado de M\u00e9xico reconoci\u00f3 que, bajo el liderazgo de la mandataria estatal, se ha colocado por primera vez en el centro de la agenda p\u00fablica la causa del bienestar animal, un tema que por a\u00f1os fue ignorado por administraciones anteriores.<\/p>\n\n\n\n<p>\u201cHoy, los seres sintientes son prioridad. Tenemos leyes, pol\u00edticas y programas que ya est\u00e1n generando un impacto positivo tanto en los animales como en la sociedad que convive con ellos\u201d, puntualiz\u00f3 el dirigente del PVEM en la entidad.<\/p>\n\n\n\n<p>Entre las acciones m\u00e1s destacadas, Couttolenc subray\u00f3 las Caravanas por el Bienestar Animal, que han llevado servicios gratuitos como esterilizaci\u00f3n, consulta m\u00e9dica, desparasitaci\u00f3n y corte de u\u00f1as a decenas de municipios. Estas jornadas incluyen tambi\u00e9n actividades educativas para fomentar la tenencia responsable.<\/p>\n\n\n\n<p>Asimismo, celebr\u00f3 iniciativas como el registro simb\u00f3lico de actas de nacimiento para animales de compa\u00f1\u00eda, que visibiliza su lugar dentro de las familias mexiquenses, as\u00ed como la campa\u00f1a \u201cLa Mejor Jugada es Adoptar\u201d, impulsada en conjunto por la Comisi\u00f3n Estatal de Parques Naturales y de la Fauna (Cepanaf) y el Deportivo Toluca, que promueve la adopci\u00f3n de mascotas con un enfoque social y educativo.<\/p>\n\n\n\n<p>En el \u00e1mbito de la conservaci\u00f3n, destac\u00f3 el reciente nacimiento de m\u00e1s de 130 cr\u00edas de distintas especies en el Parque Ecol\u00f3gico Zacango, entre ellas capibaras, avestruces y b\u00fafalos cafre, lo cual \u2014dijo\u2014 \u201ces una muestra del respeto a la vida y al equilibrio con la naturaleza, valores que este gobierno est\u00e1 promoviendo con fuerza\u201d.<\/p>\n\n\n\n<p>Couttolenc reiter\u00f3 que el Partido Verde continuar\u00e1 impulsando desde el Congreso local iniciativas que garanticen la protecci\u00f3n de los animales, como la propuesta para regular la venta de mascotas y combatir el comercio clandestino.<\/p>\n\n\n\n<p>\u201cEstos avances no son casualidad, sino el reflejo de un gobierno con sentido \u00e9tico, coherente y valiente. Reconocemos y respaldamos la visi\u00f3n de la gobernadora Delfina G\u00f3mez. Porque un Estado que defiende a los animales es un Estado que entiende el valor de toda forma de vida\u201d,&nbsp;concluy\u00f3.<\/p>\n","protected":false},"excerpt":{"rendered":"<p>Avanza el Estado de M\u00e9xico en bienestar animal con respaldo del PVEM Toluca, EDOM\u00c9X.- El Estado de M\u00e9xico est\u00e1 marcando un antes y un despu\u00e9s en la protecci\u00f3n y defensa de los animales, gracias a la voluntad y compromiso mostrados por la gobernadora Delfina G\u00f3mez \u00c1lvarez, afirm\u00f3 Jos\u00e9 Alberto Couttolenc Buentello, coordinador del Grupo Parlamentario [&hellip;]<\/p>\n","protected":false},"author":1,"featured_media":6617,"comment_status":"open","ping_status":"closed","sticky":false,"template":"","format":"standard","meta":{"footnotes":""},"categories":[1],"tags":[],"class_list":{"0":"post-6616","1":"post","2":"type-post","3":"status-publish","4":"format-standard","5":"has-post-thumbnail","7":"category-politica"},"yoast_head":"<!-- This site is optimized with the Yoast SEO plugin v27.5 - https:\/\/yoast.com\/product\/yoast-seo-wordpress\/ -->\n<title>Avanza el Estado de M\u00e9xico en bienestar animal con respaldo del PVEM - Proyecci\u00f3n Estado de M\u00e9xico<\/title>\n<meta name=\"robots\" content=\"index, follow, max-snippet:-1, max-image-preview:large, max-video-preview:-1\" \/>\n<link rel=\"canonical\" href=\"https:\/\/proyeccionedomex.com.mx\/?p=6616\" \/>\n<meta property=\"og:locale\" content=\"es_ES\" \/>\n<meta property=\"og:type\" content=\"article\" \/>\n<meta property=\"og:title\" content=\"Avanza el Estado de M\u00e9xico en bienestar animal con respaldo del PVEM - Proyecci\u00f3n Estado de M\u00e9xico\" \/>\n<meta property=\"og:description\" content=\"Avanza el Estado de M\u00e9xico en bienestar animal con respaldo del PVEM Toluca, EDOM\u00c9X.- El Estado de M\u00e9xico est\u00e1 marcando un antes y un despu\u00e9s en la protecci\u00f3n y defensa de los animales, gracias a la voluntad y compromiso mostrados por la gobernadora Delfina G\u00f3mez \u00c1lvarez, afirm\u00f3 Jos\u00e9 Alberto Couttolenc Buentello, coordinador del Grupo Parlamentario [&hellip;]\" \/>\n<meta property=\"og:url\" content=\"https:\/\/proyeccionedomex.com.mx\/?p=6616\" \/>\n<meta property=\"og:site_name\" content=\"Proyecci\u00f3n Estado de M\u00e9xico\" \/>\n<meta property=\"article:publisher\" content=\"https:\/\/www.facebook.com\/PortaldeNoticiasProyeccionEdomex\" \/>\n<meta property=\"article:published_time\" content=\"2025-05-19T14:55:52+00:00\" \/>\n<meta property=\"article:modified_time\" content=\"2025-05-19T14:55:55+00:00\" \/>\n<meta property=\"og:image\" content=\"https:\/\/proyeccionedomex.com.mx\/wp-content\/uploads\/2025\/05\/Imagen-de-WhatsApp-2025-05-19-a-las-00.21.34_84823e44.jpg\" \/>\n\t<meta property=\"og:image:width\" content=\"1600\" \/>\n\t<meta property=\"og:image:height\" content=\"1068\" \/>\n\t<meta property=\"og:image:type\" content=\"image\/jpeg\" \/>\n<meta name=\"author\" content=\"Redacci\u00f3n Proyecci\u00f3n EDOM\u00c9X\" \/>\n<meta name=\"twitter:card\" content=\"summary_large_image\" \/>\n<meta name=\"twitter:label1\" content=\"Escrito por\" \/>\n\t<meta name=\"twitter:data1\" content=\"Redacci\u00f3n Proyecci\u00f3n EDOM\u00c9X\" \/>\n\t<meta name=\"twitter:label2\" content=\"Tiempo de lectura\" \/>\n\t<meta name=\"twitter:data2\" content=\"3 minutos\" \/>\n<script type=\"application\/ld+json\" class=\"yoast-schema-graph\">{\"@context\":\"https:\\\/\\\/schema.org\",\"@graph\":[{\"@type\":\"Article\",\"@id\":\"https:\\\/\\\/proyeccionedomex.com.mx\\\/?p=6616#article\",\"isPartOf\":{\"@id\":\"https:\\\/\\\/proyeccionedomex.com.mx\\\/?p=6616\"},\"author\":{\"name\":\"Redacci\u00f3n Proyecci\u00f3n EDOM\u00c9X\",\"@id\":\"https:\\\/\\\/proyeccionedomex.com.mx\\\/#\\\/schema\\\/person\\\/2e66b5427bffed972a69e6b66b4e3a76\"},\"headline\":\"Avanza el Estado de M\u00e9xico en bienestar animal con respaldo del PVEM\",\"datePublished\":\"2025-05-19T14:55:52+00:00\",\"dateModified\":\"2025-05-19T14:55:55+00:00\",\"mainEntityOfPage\":{\"@id\":\"https:\\\/\\\/proyeccionedomex.com.mx\\\/?p=6616\"},\"wordCount\":443,\"commentCount\":0,\"publisher\":{\"@id\":\"https:\\\/\\\/proyeccionedomex.com.mx\\\/#organization\"},\"image\":{\"@id\":\"https:\\\/\\\/proyeccionedomex.com.mx\\\/?p=6616#primaryimage\"},\"thumbnailUrl\":\"https:\\\/\\\/proyeccionedomex.com.mx\\\/wp-content\\\/uploads\\\/2025\\\/05\\\/Imagen-de-WhatsApp-2025-05-19-a-las-00.21.34_84823e44.jpg\",\"articleSection\":[\"Politica\"],\"inLanguage\":\"es\",\"potentialAction\":[{\"@type\":\"CommentAction\",\"name\":\"Comment\",\"target\":[\"https:\\\/\\\/proyeccionedomex.com.mx\\\/?p=6616#respond\"]}]},{\"@type\":\"WebPage\",\"@id\":\"https:\\\/\\\/proyeccionedomex.com.mx\\\/?p=6616\",\"url\":\"https:\\\/\\\/proyeccionedomex.com.mx\\\/?p=6616\",\"name\":\"Avanza el Estado de M\u00e9xico en bienestar animal con respaldo del PVEM - Proyecci\u00f3n Estado de M\u00e9xico\",\"isPartOf\":{\"@id\":\"https:\\\/\\\/proyeccionedomex.com.mx\\\/#website\"},\"primaryImageOfPage\":{\"@id\":\"https:\\\/\\\/proyeccionedomex.com.mx\\\/?p=6616#primaryimage\"},\"image\":{\"@id\":\"https:\\\/\\\/proyeccionedomex.com.mx\\\/?p=6616#primaryimage\"},\"thumbnailUrl\":\"https:\\\/\\\/proyeccionedomex.com.mx\\\/wp-content\\\/uploads\\\/2025\\\/05\\\/Imagen-de-WhatsApp-2025-05-19-a-las-00.21.34_84823e44.jpg\",\"datePublished\":\"2025-05-19T14:55:52+00:00\",\"dateModified\":\"2025-05-19T14:55:55+00:00\",\"breadcrumb\":{\"@id\":\"https:\\\/\\\/proyeccionedomex.com.mx\\\/?p=6616#breadcrumb\"},\"inLanguage\":\"es\",\"potentialAction\":[{\"@type\":\"ReadAction\",\"target\":[\"https:\\\/\\\/proyeccionedomex.com.mx\\\/?p=6616\"]}]},{\"@type\":\"ImageObject\",\"inLanguage\":\"es\",\"@id\":\"https:\\\/\\\/proyeccionedomex.com.mx\\\/?p=6616#primaryimage\",\"url\":\"https:\\\/\\\/proyeccionedomex.com.mx\\\/wp-content\\\/uploads\\\/2025\\\/05\\\/Imagen-de-WhatsApp-2025-05-19-a-las-00.21.34_84823e44.jpg\",\"contentUrl\":\"https:\\\/\\\/proyeccionedomex.com.mx\\\/wp-content\\\/uploads\\\/2025\\\/05\\\/Imagen-de-WhatsApp-2025-05-19-a-las-00.21.34_84823e44.jpg\",\"width\":1600,\"height\":1068},{\"@type\":\"BreadcrumbList\",\"@id\":\"https:\\\/\\\/proyeccionedomex.com.mx\\\/?p=6616#breadcrumb\",\"itemListElement\":[{\"@type\":\"ListItem\",\"position\":1,\"name\":\"Portada\",\"item\":\"https:\\\/\\\/proyeccionedomex.com.mx\\\/\"},{\"@type\":\"ListItem\",\"position\":2,\"name\":\"Avanza el Estado de M\u00e9xico en bienestar animal con respaldo del PVEM\"}]},{\"@type\":\"WebSite\",\"@id\":\"https:\\\/\\\/proyeccionedomex.com.mx\\\/#website\",\"url\":\"https:\\\/\\\/proyeccionedomex.com.mx\\\/\",\"name\":\"Proyecci\u00f3n Estado de M\u00e9xico\",\"description\":\"Proyecci\u00f3n Edo. Mex.\",\"publisher\":{\"@id\":\"https:\\\/\\\/proyeccionedomex.com.mx\\\/#organization\"},\"potentialAction\":[{\"@type\":\"SearchAction\",\"target\":{\"@type\":\"EntryPoint\",\"urlTemplate\":\"https:\\\/\\\/proyeccionedomex.com.mx\\\/?s={search_term_string}\"},\"query-input\":{\"@type\":\"PropertyValueSpecification\",\"valueRequired\":true,\"valueName\":\"search_term_string\"}}],\"inLanguage\":\"es\"},{\"@type\":\"Organization\",\"@id\":\"https:\\\/\\\/proyeccionedomex.com.mx\\\/#organization\",\"name\":\"Proyecci\u00f3n Estado de M\u00e9xico\",\"url\":\"https:\\\/\\\/proyeccionedomex.com.mx\\\/\",\"logo\":{\"@type\":\"ImageObject\",\"inLanguage\":\"es\",\"@id\":\"https:\\\/\\\/proyeccionedomex.com.mx\\\/#\\\/schema\\\/logo\\\/image\\\/\",\"url\":\"https:\\\/\\\/proyeccionedomex.com.mx\\\/wp-content\\\/uploads\\\/2024\\\/03\\\/proyeccion.jpg\",\"contentUrl\":\"https:\\\/\\\/proyeccionedomex.com.mx\\\/wp-content\\\/uploads\\\/2024\\\/03\\\/proyeccion.jpg\",\"width\":1143,\"height\":801,\"caption\":\"Proyecci\u00f3n Estado de M\u00e9xico\"},\"image\":{\"@id\":\"https:\\\/\\\/proyeccionedomex.com.mx\\\/#\\\/schema\\\/logo\\\/image\\\/\"},\"sameAs\":[\"https:\\\/\\\/www.facebook.com\\\/PortaldeNoticiasProyeccionEdomex\"]},{\"@type\":\"Person\",\"@id\":\"https:\\\/\\\/proyeccionedomex.com.mx\\\/#\\\/schema\\\/person\\\/2e66b5427bffed972a69e6b66b4e3a76\",\"name\":\"Redacci\u00f3n Proyecci\u00f3n EDOM\u00c9X\",\"image\":{\"@type\":\"ImageObject\",\"inLanguage\":\"es\",\"@id\":\"https:\\\/\\\/secure.gravatar.com\\\/avatar\\\/f43a2254d614198c44c96f86f1f078a06cac3d39a3250e9245aa331797519cab?s=96&d=mm&r=g\",\"url\":\"https:\\\/\\\/secure.gravatar.com\\\/avatar\\\/f43a2254d614198c44c96f86f1f078a06cac3d39a3250e9245aa331797519cab?s=96&d=mm&r=g\",\"contentUrl\":\"https:\\\/\\\/secure.gravatar.com\\\/avatar\\\/f43a2254d614198c44c96f86f1f078a06cac3d39a3250e9245aa331797519cab?s=96&d=mm&r=g\",\"caption\":\"Redacci\u00f3n Proyecci\u00f3n EDOM\u00c9X\"},\"sameAs\":[\"https:\\\/\\\/proyeccionedomex.com.mx\"],\"url\":\"https:\\\/\\\/proyeccionedomex.com.mx\\\/?author=1\"}]}<\/script>\n<!-- \/ Yoast SEO plugin. -->","yoast_head_json":{"title":"Avanza el Estado de M\u00e9xico en bienestar animal con respaldo del PVEM - Proyecci\u00f3n Estado de M\u00e9xico","robots":{"index":"index","follow":"follow","max-snippet":"max-snippet:-1","max-image-preview":"max-image-preview:large","max-video-preview":"max-video-preview:-1"},"canonical":"https:\/\/proyeccionedomex.com.mx\/?p=6616","og_locale":"es_ES","og_type":"article","og_title":"Avanza el Estado de M\u00e9xico en bienestar animal con respaldo del PVEM - Proyecci\u00f3n Estado de M\u00e9xico","og_description":"Avanza el Estado de M\u00e9xico en bienestar animal con respaldo del PVEM Toluca, EDOM\u00c9X.- El Estado de M\u00e9xico est\u00e1 marcando un antes y un despu\u00e9s en la protecci\u00f3n y defensa de los animales, gracias a la voluntad y compromiso mostrados por la gobernadora Delfina G\u00f3mez \u00c1lvarez, afirm\u00f3 Jos\u00e9 Alberto Couttolenc Buentello, coordinador del Grupo Parlamentario [&hellip;]","og_url":"https:\/\/proyeccionedomex.com.mx\/?p=6616","og_site_name":"Proyecci\u00f3n Estado de M\u00e9xico","article_publisher":"https:\/\/www.facebook.com\/PortaldeNoticiasProyeccionEdomex","article_published_time":"2025-05-19T14:55:52+00:00","article_modified_time":"2025-05-19T14:55:55+00:00","og_image":[{"width":1600,"height":1068,"url":"https:\/\/proyeccionedomex.com.mx\/wp-content\/uploads\/2025\/05\/Imagen-de-WhatsApp-2025-05-19-a-las-00.21.34_84823e44.jpg","type":"image\/jpeg"}],"author":"Redacci\u00f3n Proyecci\u00f3n EDOM\u00c9X","twitter_card":"summary_large_image","twitter_misc":{"Escrito por":"Redacci\u00f3n Proyecci\u00f3n EDOM\u00c9X","Tiempo de lectura":"3 minutos"},"schema":{"@context":"https:\/\/schema.org","@graph":[{"@type":"Article","@id":"https:\/\/proyeccionedomex.com.mx\/?p=6616#article","isPartOf":{"@id":"https:\/\/proyeccionedomex.com.mx\/?p=6616"},"author":{"name":"Redacci\u00f3n Proyecci\u00f3n EDOM\u00c9X","@id":"https:\/\/proyeccionedomex.com.mx\/#\/schema\/person\/2e66b5427bffed972a69e6b66b4e3a76"},"headline":"Avanza el Estado de M\u00e9xico en bienestar animal con respaldo del PVEM","datePublished":"2025-05-19T14:55:52+00:00","dateModified":"2025-05-19T14:55:55+00:00","mainEntityOfPage":{"@id":"https:\/\/proyeccionedomex.com.mx\/?p=6616"},"wordCount":443,"commentCount":0,"publisher":{"@id":"https:\/\/proyeccionedomex.com.mx\/#organization"},"image":{"@id":"https:\/\/proyeccionedomex.com.mx\/?p=6616#primaryimage"},"thumbnailUrl":"https:\/\/proyeccionedomex.com.mx\/wp-content\/uploads\/2025\/05\/Imagen-de-WhatsApp-2025-05-19-a-las-00.21.34_84823e44.jpg","articleSection":["Politica"],"inLanguage":"es","potentialAction":[{"@type":"CommentAction","name":"Comment","target":["https:\/\/proyeccionedomex.com.mx\/?p=6616#respond"]}]},{"@type":"WebPage","@id":"https:\/\/proyeccionedomex.com.mx\/?p=6616","url":"https:\/\/proyeccionedomex.com.mx\/?p=6616","name":"Avanza el Estado de M\u00e9xico en bienestar animal con respaldo del PVEM - Proyecci\u00f3n Estado de M\u00e9xico","isPartOf":{"@id":"https:\/\/proyeccionedomex.com.mx\/#website"},"primaryImageOfPage":{"@id":"https:\/\/proyeccionedomex.com.mx\/?p=6616#primaryimage"},"image":{"@id":"https:\/\/proyeccionedomex.com.mx\/?p=6616#primaryimage"},"thumbnailUrl":"https:\/\/proyeccionedomex.com.mx\/wp-content\/uploads\/2025\/05\/Imagen-de-WhatsApp-2025-05-19-a-las-00.21.34_84823e44.jpg","datePublished":"2025-05-19T14:55:52+00:00","dateModified":"2025-05-19T14:55:55+00:00","breadcrumb":{"@id":"https:\/\/proyeccionedomex.com.mx\/?p=6616#breadcrumb"},"inLanguage":"es","potentialAction":[{"@type":"ReadAction","target":["https:\/\/proyeccionedomex.com.mx\/?p=6616"]}]},{"@type":"ImageObject","inLanguage":"es","@id":"https:\/\/proyeccionedomex.com.mx\/?p=6616#primaryimage","url":"https:\/\/proyeccionedomex.com.mx\/wp-content\/uploads\/2025\/05\/Imagen-de-WhatsApp-2025-05-19-a-las-00.21.34_84823e44.jpg","contentUrl":"https:\/\/proyeccionedomex.com.mx\/wp-content\/uploads\/2025\/05\/Imagen-de-WhatsApp-2025-05-19-a-las-00.21.34_84823e44.jpg","width":1600,"height":1068},{"@type":"BreadcrumbList","@id":"https:\/\/proyeccionedomex.com.mx\/?p=6616#breadcrumb","itemListElement":[{"@type":"ListItem","position":1,"name":"Portada","item":"https:\/\/proyeccionedomex.com.mx\/"},{"@type":"ListItem","position":2,"name":"Avanza el Estado de M\u00e9xico en bienestar animal con respaldo del PVEM"}]},{"@type":"WebSite","@id":"https:\/\/proyeccionedomex.com.mx\/#website","url":"https:\/\/proyeccionedomex.com.mx\/","name":"Proyecci\u00f3n Estado de M\u00e9xico","description":"Proyecci\u00f3n Edo. Mex.","publisher":{"@id":"https:\/\/proyeccionedomex.com.mx\/#organization"},"potentialAction":[{"@type":"SearchAction","target":{"@type":"EntryPoint","urlTemplate":"https:\/\/proyeccionedomex.com.mx\/?s={search_term_string}"},"query-input":{"@type":"PropertyValueSpecification","valueRequired":true,"valueName":"search_term_string"}}],"inLanguage":"es"},{"@type":"Organization","@id":"https:\/\/proyeccionedomex.com.mx\/#organization","name":"Proyecci\u00f3n Estado de M\u00e9xico","url":"https:\/\/proyeccionedomex.com.mx\/","logo":{"@type":"ImageObject","inLanguage":"es","@id":"https:\/\/proyeccionedomex.com.mx\/#\/schema\/logo\/image\/","url":"https:\/\/proyeccionedomex.com.mx\/wp-content\/uploads\/2024\/03\/proyeccion.jpg","contentUrl":"https:\/\/proyeccionedomex.com.mx\/wp-content\/uploads\/2024\/03\/proyeccion.jpg","width":1143,"height":801,"caption":"Proyecci\u00f3n Estado de M\u00e9xico"},"image":{"@id":"https:\/\/proyeccionedomex.com.mx\/#\/schema\/logo\/image\/"},"sameAs":["https:\/\/www.facebook.com\/PortaldeNoticiasProyeccionEdomex"]},{"@type":"Person","@id":"https:\/\/proyeccionedomex.com.mx\/#\/schema\/person\/2e66b5427bffed972a69e6b66b4e3a76","name":"Redacci\u00f3n Proyecci\u00f3n EDOM\u00c9X","image":{"@type":"ImageObject","inLanguage":"es","@id":"https:\/\/secure.gravatar.com\/avatar\/f43a2254d614198c44c96f86f1f078a06cac3d39a3250e9245aa331797519cab?s=96&d=mm&r=g","url":"https:\/\/secure.gravatar.com\/avatar\/f43a2254d614198c44c96f86f1f078a06cac3d39a3250e9245aa331797519cab?s=96&d=mm&r=g","contentUrl":"https:\/\/secure.gravatar.com\/avatar\/f43a2254d614198c44c96f86f1f078a06cac3d39a3250e9245aa331797519cab?s=96&d=mm&r=g","caption":"Redacci\u00f3n Proyecci\u00f3n EDOM\u00c9X"},"sameAs":["https:\/\/proyeccionedomex.com.mx"],"url":"https:\/\/proyeccionedomex.com.mx\/?author=1"}]}},"_links":{"self":[{"href":"https:\/\/proyeccionedomex.com.mx\/index.php?rest_route=\/wp\/v2\/posts\/6616","targetHints":{"allow":["GET"]}}],"collection":[{"href":"https:\/\/proyeccionedomex.com.mx\/index.php?rest_route=\/wp\/v2\/posts"}],"about":[{"href":"https:\/\/proyeccionedomex.com.mx\/index.php?rest_route=\/wp\/v2\/types\/post"}],"author":[{"embeddable":true,"href":"https:\/\/proyeccionedomex.com.mx\/index.php?rest_route=\/wp\/v2\/users\/1"}],"replies":[{"embeddable":true,"href":"https:\/\/proyeccionedomex.com.mx\/index.php?rest_route=%2Fwp%2Fv2%2Fcomments&post=6616"}],"version-history":[{"count":0,"href":"https:\/\/proyeccionedomex.com.mx\/index.php?rest_route=\/wp\/v2\/posts\/6616\/revisions"}],"wp:featuredmedia":[{"embeddable":true,"href":"https:\/\/proyeccionedomex.com.mx\/index.php?rest_route=\/wp\/v2\/media\/6617"}],"wp:attachment":[{"href":"https:\/\/proyeccionedomex.com.mx\/index.php?rest_route=%2Fwp%2Fv2%2Fmedia&parent=6616"}],"wp:term":[{"taxonomy":"category","embeddable":true,"href":"https:\/\/proyeccionedomex.com.mx\/index.php?rest_route=%2Fwp%2Fv2%2Fcategories&post=6616"},{"taxonomy":"post_tag","embeddable":true,"href":"https:\/\/proyeccionedomex.com.mx\/index.php?rest_route=%2Fwp%2Fv2%2Ftags&post=6616"}],"curies":[{"name":"wp","href":"https:\/\/api.w.org\/{rel}","templated":true}]}}