{"id":7226,"date":"2025-06-23T15:25:30","date_gmt":"2025-06-23T15:25:30","guid":{"rendered":"https:\/\/proyeccionedomex.com.mx\/?p=7226"},"modified":"2025-06-23T15:25:33","modified_gmt":"2025-06-23T15:25:33","slug":"dif-toluca-recibe-distintivo-estado-de-mexico-sin-trabajo-infantil","status":"publish","type":"post","link":"https:\/\/proyeccionedomex.com.mx\/?p=7226","title":{"rendered":"DIF Toluca recibe Distintivo Estado de M\u00e9xico sin Trabajo Infantil"},"content":{"rendered":"\n<p>DIF Toluca recibe Distintivo Estado de M\u00e9xico sin Trabajo Infantil<\/p>\n\n\n\n<p><a><\/a>Por su firme compromiso con la protecci\u00f3n de los derechos de la ni\u00f1ez y la implementaci\u00f3n de programas orientados a su bienestar, el Sistema Municipal DIF Toluca, presidido por Roc\u00edo Pegueros Vel\u00e1zquez, recibi\u00f3 el Distintivo Estado de M\u00e9xico sin Trabajo Infantil (EDOMEXSTI), de manos del secretario del Trabajo del Estado de M\u00e9xico, Norberto Morales Poblete.<\/p>\n\n\n\n<p>En su intervenci\u00f3n, el funcionario estatal reconoci\u00f3 al organismo por desempe\u00f1ar un papel clave en la prevenci\u00f3n y erradicaci\u00f3n del trabajo infantil, mediante la aplicaci\u00f3n de pol\u00edticas p\u00fablicas eficaces y programas sociales dirigidos a la ni\u00f1ez en situaci\u00f3n de vulnerabilidad.<\/p>\n\n\n\n<p>Mediante campa\u00f1as de sensibilizaci\u00f3n, apoyos sociales y esquemas de reinserci\u00f3n educativa, el DIF Toluca ha contribuido a generar entornos m\u00e1s seguros y con mayores oportunidades de desarrollo para ni\u00f1as, ni\u00f1os y adolescentes, salvaguardando su integridad f\u00edsica, emocional y educativa.<\/p>\n\n\n\n<p>De igual forma, destac\u00f3 que este distintivo no solo reconoce el compromiso institucional del DIF Toluca, sino tambi\u00e9n el esfuerzo constante de su equipo por garantizar que las infancias vivan libres de trabajo forzado, con pleno acceso a sus derechos fundamentales como la salud, la educaci\u00f3n y una vida digna.<\/p>\n\n\n\n<p>El Distintivo EDOMEXSTI es un reconocimiento a las buenas pr\u00e1cticas gubernamentales que contribuyen a la erradicaci\u00f3n del trabajo infantil, promoviendo el desarrollo integral de las ni\u00f1as, ni\u00f1os y adolescentes con un enfoque centrado en su bienestar y futuro.<\/p>\n\n\n\n<p><a href=\"https:\/\/www.facebook.com\/photo\/?fbid=690884970603393&amp;set=a.149803534711542&amp;__cft__[0]=AZVNF6tl3tH5VEzv1zKkH4p4nHVaJSeq51__u1rHoc-9z7UEFFsfrRL6iM45rnI2NSqqJN4RTFqPem1kJl_kSiw2yOuarAHPl9t9wqQBVlJ_TgDMny7jzNYFIokTRh_AFuKhAGMpesiBwVnf8wEHHuCAO8fY5qcq1S0cOVZmc6mBBg&amp;__tn__=EH-R\"><\/a><\/p>\n\n\n\n<figure class=\"wp-block-image size-full\"><img loading=\"lazy\" decoding=\"async\" width=\"720\" height=\"540\" src=\"https:\/\/proyeccionedomex.com.mx\/wp-content\/uploads\/2025\/06\/image-36.jpeg\" alt=\"\" class=\"wp-image-7227\" srcset=\"https:\/\/proyeccionedomex.com.mx\/wp-content\/uploads\/2025\/06\/image-36.jpeg 720w, https:\/\/proyeccionedomex.com.mx\/wp-content\/uploads\/2025\/06\/image-36-300x225.jpeg 300w, https:\/\/proyeccionedomex.com.mx\/wp-content\/uploads\/2025\/06\/image-36-696x522.jpeg 696w, https:\/\/proyeccionedomex.com.mx\/wp-content\/uploads\/2025\/06\/image-36-560x420.jpeg 560w, https:\/\/proyeccionedomex.com.mx\/wp-content\/uploads\/2025\/06\/image-36-80x60.jpeg 80w, https:\/\/proyeccionedomex.com.mx\/wp-content\/uploads\/2025\/06\/image-36-265x198.jpeg 265w\" sizes=\"auto, (max-width: 720px) 100vw, 720px\" \/><\/figure>\n","protected":false},"excerpt":{"rendered":"<p>DIF Toluca recibe Distintivo Estado de M\u00e9xico sin Trabajo Infantil Por su firme compromiso con la protecci\u00f3n de los derechos de la ni\u00f1ez y la implementaci\u00f3n de programas orientados a su bienestar, el Sistema Municipal DIF Toluca, presidido por Roc\u00edo Pegueros Vel\u00e1zquez, recibi\u00f3 el Distintivo Estado de M\u00e9xico sin Trabajo Infantil (EDOMEXSTI), de manos del [&hellip;]<\/p>\n","protected":false},"author":1,"featured_media":7227,"comment_status":"open","ping_status":"closed","sticky":false,"template":"","format":"standard","meta":{"footnotes":""},"categories":[1],"tags":[],"class_list":{"0":"post-7226","1":"post","2":"type-post","3":"status-publish","4":"format-standard","5":"has-post-thumbnail","7":"category-politica"},"yoast_head":"<!-- This site is optimized with the Yoast SEO plugin v27.5 - https:\/\/yoast.com\/product\/yoast-seo-wordpress\/ -->\n<title>DIF Toluca recibe Distintivo Estado de M\u00e9xico sin Trabajo Infantil - Proyecci\u00f3n Estado de M\u00e9xico<\/title>\n<meta name=\"robots\" content=\"index, follow, max-snippet:-1, max-image-preview:large, max-video-preview:-1\" \/>\n<link rel=\"canonical\" href=\"https:\/\/proyeccionedomex.com.mx\/?p=7226\" \/>\n<meta property=\"og:locale\" content=\"es_ES\" \/>\n<meta property=\"og:type\" content=\"article\" \/>\n<meta property=\"og:title\" content=\"DIF Toluca recibe Distintivo Estado de M\u00e9xico sin Trabajo Infantil - Proyecci\u00f3n Estado de M\u00e9xico\" \/>\n<meta property=\"og:description\" content=\"DIF Toluca recibe Distintivo Estado de M\u00e9xico sin Trabajo Infantil Por su firme compromiso con la protecci\u00f3n de los derechos de la ni\u00f1ez y la implementaci\u00f3n de programas orientados a su bienestar, el Sistema Municipal DIF Toluca, presidido por Roc\u00edo Pegueros Vel\u00e1zquez, recibi\u00f3 el Distintivo Estado de M\u00e9xico sin Trabajo Infantil (EDOMEXSTI), de manos del [&hellip;]\" \/>\n<meta property=\"og:url\" content=\"https:\/\/proyeccionedomex.com.mx\/?p=7226\" \/>\n<meta property=\"og:site_name\" content=\"Proyecci\u00f3n Estado de M\u00e9xico\" \/>\n<meta property=\"article:publisher\" content=\"https:\/\/www.facebook.com\/PortaldeNoticiasProyeccionEdomex\" \/>\n<meta property=\"article:published_time\" content=\"2025-06-23T15:25:30+00:00\" \/>\n<meta property=\"article:modified_time\" content=\"2025-06-23T15:25:33+00:00\" \/>\n<meta property=\"og:image\" content=\"https:\/\/proyeccionedomex.com.mx\/wp-content\/uploads\/2025\/06\/image-36.jpeg\" \/>\n\t<meta property=\"og:image:width\" content=\"720\" \/>\n\t<meta property=\"og:image:height\" content=\"540\" \/>\n\t<meta property=\"og:image:type\" content=\"image\/jpeg\" \/>\n<meta name=\"author\" content=\"Redacci\u00f3n Proyecci\u00f3n EDOM\u00c9X\" \/>\n<meta name=\"twitter:card\" content=\"summary_large_image\" \/>\n<meta name=\"twitter:label1\" content=\"Escrito por\" \/>\n\t<meta name=\"twitter:data1\" content=\"Redacci\u00f3n Proyecci\u00f3n EDOM\u00c9X\" \/>\n\t<meta name=\"twitter:label2\" content=\"Tiempo de lectura\" \/>\n\t<meta name=\"twitter:data2\" content=\"2 minutos\" \/>\n<script type=\"application\/ld+json\" class=\"yoast-schema-graph\">{\"@context\":\"https:\\\/\\\/schema.org\",\"@graph\":[{\"@type\":\"Article\",\"@id\":\"https:\\\/\\\/proyeccionedomex.com.mx\\\/?p=7226#article\",\"isPartOf\":{\"@id\":\"https:\\\/\\\/proyeccionedomex.com.mx\\\/?p=7226\"},\"author\":{\"name\":\"Redacci\u00f3n Proyecci\u00f3n EDOM\u00c9X\",\"@id\":\"https:\\\/\\\/proyeccionedomex.com.mx\\\/#\\\/schema\\\/person\\\/2e66b5427bffed972a69e6b66b4e3a76\"},\"headline\":\"DIF Toluca recibe Distintivo Estado de M\u00e9xico sin Trabajo Infantil\",\"datePublished\":\"2025-06-23T15:25:30+00:00\",\"dateModified\":\"2025-06-23T15:25:33+00:00\",\"mainEntityOfPage\":{\"@id\":\"https:\\\/\\\/proyeccionedomex.com.mx\\\/?p=7226\"},\"wordCount\":273,\"commentCount\":0,\"publisher\":{\"@id\":\"https:\\\/\\\/proyeccionedomex.com.mx\\\/#organization\"},\"image\":{\"@id\":\"https:\\\/\\\/proyeccionedomex.com.mx\\\/?p=7226#primaryimage\"},\"thumbnailUrl\":\"https:\\\/\\\/proyeccionedomex.com.mx\\\/wp-content\\\/uploads\\\/2025\\\/06\\\/image-36.jpeg\",\"articleSection\":[\"Politica\"],\"inLanguage\":\"es\",\"potentialAction\":[{\"@type\":\"CommentAction\",\"name\":\"Comment\",\"target\":[\"https:\\\/\\\/proyeccionedomex.com.mx\\\/?p=7226#respond\"]}]},{\"@type\":\"WebPage\",\"@id\":\"https:\\\/\\\/proyeccionedomex.com.mx\\\/?p=7226\",\"url\":\"https:\\\/\\\/proyeccionedomex.com.mx\\\/?p=7226\",\"name\":\"DIF Toluca recibe Distintivo Estado de M\u00e9xico sin Trabajo Infantil - Proyecci\u00f3n Estado de M\u00e9xico\",\"isPartOf\":{\"@id\":\"https:\\\/\\\/proyeccionedomex.com.mx\\\/#website\"},\"primaryImageOfPage\":{\"@id\":\"https:\\\/\\\/proyeccionedomex.com.mx\\\/?p=7226#primaryimage\"},\"image\":{\"@id\":\"https:\\\/\\\/proyeccionedomex.com.mx\\\/?p=7226#primaryimage\"},\"thumbnailUrl\":\"https:\\\/\\\/proyeccionedomex.com.mx\\\/wp-content\\\/uploads\\\/2025\\\/06\\\/image-36.jpeg\",\"datePublished\":\"2025-06-23T15:25:30+00:00\",\"dateModified\":\"2025-06-23T15:25:33+00:00\",\"breadcrumb\":{\"@id\":\"https:\\\/\\\/proyeccionedomex.com.mx\\\/?p=7226#breadcrumb\"},\"inLanguage\":\"es\",\"potentialAction\":[{\"@type\":\"ReadAction\",\"target\":[\"https:\\\/\\\/proyeccionedomex.com.mx\\\/?p=7226\"]}]},{\"@type\":\"ImageObject\",\"inLanguage\":\"es\",\"@id\":\"https:\\\/\\\/proyeccionedomex.com.mx\\\/?p=7226#primaryimage\",\"url\":\"https:\\\/\\\/proyeccionedomex.com.mx\\\/wp-content\\\/uploads\\\/2025\\\/06\\\/image-36.jpeg\",\"contentUrl\":\"https:\\\/\\\/proyeccionedomex.com.mx\\\/wp-content\\\/uploads\\\/2025\\\/06\\\/image-36.jpeg\",\"width\":720,\"height\":540},{\"@type\":\"BreadcrumbList\",\"@id\":\"https:\\\/\\\/proyeccionedomex.com.mx\\\/?p=7226#breadcrumb\",\"itemListElement\":[{\"@type\":\"ListItem\",\"position\":1,\"name\":\"Portada\",\"item\":\"https:\\\/\\\/proyeccionedomex.com.mx\\\/\"},{\"@type\":\"ListItem\",\"position\":2,\"name\":\"DIF Toluca recibe Distintivo Estado de M\u00e9xico sin Trabajo Infantil\"}]},{\"@type\":\"WebSite\",\"@id\":\"https:\\\/\\\/proyeccionedomex.com.mx\\\/#website\",\"url\":\"https:\\\/\\\/proyeccionedomex.com.mx\\\/\",\"name\":\"Proyecci\u00f3n Estado de M\u00e9xico\",\"description\":\"Proyecci\u00f3n Edo. Mex.\",\"publisher\":{\"@id\":\"https:\\\/\\\/proyeccionedomex.com.mx\\\/#organization\"},\"potentialAction\":[{\"@type\":\"SearchAction\",\"target\":{\"@type\":\"EntryPoint\",\"urlTemplate\":\"https:\\\/\\\/proyeccionedomex.com.mx\\\/?s={search_term_string}\"},\"query-input\":{\"@type\":\"PropertyValueSpecification\",\"valueRequired\":true,\"valueName\":\"search_term_string\"}}],\"inLanguage\":\"es\"},{\"@type\":\"Organization\",\"@id\":\"https:\\\/\\\/proyeccionedomex.com.mx\\\/#organization\",\"name\":\"Proyecci\u00f3n Estado de M\u00e9xico\",\"url\":\"https:\\\/\\\/proyeccionedomex.com.mx\\\/\",\"logo\":{\"@type\":\"ImageObject\",\"inLanguage\":\"es\",\"@id\":\"https:\\\/\\\/proyeccionedomex.com.mx\\\/#\\\/schema\\\/logo\\\/image\\\/\",\"url\":\"https:\\\/\\\/proyeccionedomex.com.mx\\\/wp-content\\\/uploads\\\/2024\\\/03\\\/proyeccion.jpg\",\"contentUrl\":\"https:\\\/\\\/proyeccionedomex.com.mx\\\/wp-content\\\/uploads\\\/2024\\\/03\\\/proyeccion.jpg\",\"width\":1143,\"height\":801,\"caption\":\"Proyecci\u00f3n Estado de M\u00e9xico\"},\"image\":{\"@id\":\"https:\\\/\\\/proyeccionedomex.com.mx\\\/#\\\/schema\\\/logo\\\/image\\\/\"},\"sameAs\":[\"https:\\\/\\\/www.facebook.com\\\/PortaldeNoticiasProyeccionEdomex\"]},{\"@type\":\"Person\",\"@id\":\"https:\\\/\\\/proyeccionedomex.com.mx\\\/#\\\/schema\\\/person\\\/2e66b5427bffed972a69e6b66b4e3a76\",\"name\":\"Redacci\u00f3n Proyecci\u00f3n EDOM\u00c9X\",\"image\":{\"@type\":\"ImageObject\",\"inLanguage\":\"es\",\"@id\":\"https:\\\/\\\/secure.gravatar.com\\\/avatar\\\/f43a2254d614198c44c96f86f1f078a06cac3d39a3250e9245aa331797519cab?s=96&d=mm&r=g\",\"url\":\"https:\\\/\\\/secure.gravatar.com\\\/avatar\\\/f43a2254d614198c44c96f86f1f078a06cac3d39a3250e9245aa331797519cab?s=96&d=mm&r=g\",\"contentUrl\":\"https:\\\/\\\/secure.gravatar.com\\\/avatar\\\/f43a2254d614198c44c96f86f1f078a06cac3d39a3250e9245aa331797519cab?s=96&d=mm&r=g\",\"caption\":\"Redacci\u00f3n Proyecci\u00f3n EDOM\u00c9X\"},\"sameAs\":[\"https:\\\/\\\/proyeccionedomex.com.mx\"],\"url\":\"https:\\\/\\\/proyeccionedomex.com.mx\\\/?author=1\"}]}<\/script>\n<!-- \/ Yoast SEO plugin. -->","yoast_head_json":{"title":"DIF Toluca recibe Distintivo Estado de M\u00e9xico sin Trabajo Infantil - Proyecci\u00f3n Estado de M\u00e9xico","robots":{"index":"index","follow":"follow","max-snippet":"max-snippet:-1","max-image-preview":"max-image-preview:large","max-video-preview":"max-video-preview:-1"},"canonical":"https:\/\/proyeccionedomex.com.mx\/?p=7226","og_locale":"es_ES","og_type":"article","og_title":"DIF Toluca recibe Distintivo Estado de M\u00e9xico sin Trabajo Infantil - Proyecci\u00f3n Estado de M\u00e9xico","og_description":"DIF Toluca recibe Distintivo Estado de M\u00e9xico sin Trabajo Infantil Por su firme compromiso con la protecci\u00f3n de los derechos de la ni\u00f1ez y la implementaci\u00f3n de programas orientados a su bienestar, el Sistema Municipal DIF Toluca, presidido por Roc\u00edo Pegueros Vel\u00e1zquez, recibi\u00f3 el Distintivo Estado de M\u00e9xico sin Trabajo Infantil (EDOMEXSTI), de manos del [&hellip;]","og_url":"https:\/\/proyeccionedomex.com.mx\/?p=7226","og_site_name":"Proyecci\u00f3n Estado de M\u00e9xico","article_publisher":"https:\/\/www.facebook.com\/PortaldeNoticiasProyeccionEdomex","article_published_time":"2025-06-23T15:25:30+00:00","article_modified_time":"2025-06-23T15:25:33+00:00","og_image":[{"width":720,"height":540,"url":"https:\/\/proyeccionedomex.com.mx\/wp-content\/uploads\/2025\/06\/image-36.jpeg","type":"image\/jpeg"}],"author":"Redacci\u00f3n Proyecci\u00f3n EDOM\u00c9X","twitter_card":"summary_large_image","twitter_misc":{"Escrito por":"Redacci\u00f3n Proyecci\u00f3n EDOM\u00c9X","Tiempo de lectura":"2 minutos"},"schema":{"@context":"https:\/\/schema.org","@graph":[{"@type":"Article","@id":"https:\/\/proyeccionedomex.com.mx\/?p=7226#article","isPartOf":{"@id":"https:\/\/proyeccionedomex.com.mx\/?p=7226"},"author":{"name":"Redacci\u00f3n Proyecci\u00f3n EDOM\u00c9X","@id":"https:\/\/proyeccionedomex.com.mx\/#\/schema\/person\/2e66b5427bffed972a69e6b66b4e3a76"},"headline":"DIF Toluca recibe Distintivo Estado de M\u00e9xico sin Trabajo Infantil","datePublished":"2025-06-23T15:25:30+00:00","dateModified":"2025-06-23T15:25:33+00:00","mainEntityOfPage":{"@id":"https:\/\/proyeccionedomex.com.mx\/?p=7226"},"wordCount":273,"commentCount":0,"publisher":{"@id":"https:\/\/proyeccionedomex.com.mx\/#organization"},"image":{"@id":"https:\/\/proyeccionedomex.com.mx\/?p=7226#primaryimage"},"thumbnailUrl":"https:\/\/proyeccionedomex.com.mx\/wp-content\/uploads\/2025\/06\/image-36.jpeg","articleSection":["Politica"],"inLanguage":"es","potentialAction":[{"@type":"CommentAction","name":"Comment","target":["https:\/\/proyeccionedomex.com.mx\/?p=7226#respond"]}]},{"@type":"WebPage","@id":"https:\/\/proyeccionedomex.com.mx\/?p=7226","url":"https:\/\/proyeccionedomex.com.mx\/?p=7226","name":"DIF Toluca recibe Distintivo Estado de M\u00e9xico sin Trabajo Infantil - Proyecci\u00f3n Estado de M\u00e9xico","isPartOf":{"@id":"https:\/\/proyeccionedomex.com.mx\/#website"},"primaryImageOfPage":{"@id":"https:\/\/proyeccionedomex.com.mx\/?p=7226#primaryimage"},"image":{"@id":"https:\/\/proyeccionedomex.com.mx\/?p=7226#primaryimage"},"thumbnailUrl":"https:\/\/proyeccionedomex.com.mx\/wp-content\/uploads\/2025\/06\/image-36.jpeg","datePublished":"2025-06-23T15:25:30+00:00","dateModified":"2025-06-23T15:25:33+00:00","breadcrumb":{"@id":"https:\/\/proyeccionedomex.com.mx\/?p=7226#breadcrumb"},"inLanguage":"es","potentialAction":[{"@type":"ReadAction","target":["https:\/\/proyeccionedomex.com.mx\/?p=7226"]}]},{"@type":"ImageObject","inLanguage":"es","@id":"https:\/\/proyeccionedomex.com.mx\/?p=7226#primaryimage","url":"https:\/\/proyeccionedomex.com.mx\/wp-content\/uploads\/2025\/06\/image-36.jpeg","contentUrl":"https:\/\/proyeccionedomex.com.mx\/wp-content\/uploads\/2025\/06\/image-36.jpeg","width":720,"height":540},{"@type":"BreadcrumbList","@id":"https:\/\/proyeccionedomex.com.mx\/?p=7226#breadcrumb","itemListElement":[{"@type":"ListItem","position":1,"name":"Portada","item":"https:\/\/proyeccionedomex.com.mx\/"},{"@type":"ListItem","position":2,"name":"DIF Toluca recibe Distintivo Estado de M\u00e9xico sin Trabajo Infantil"}]},{"@type":"WebSite","@id":"https:\/\/proyeccionedomex.com.mx\/#website","url":"https:\/\/proyeccionedomex.com.mx\/","name":"Proyecci\u00f3n Estado de M\u00e9xico","description":"Proyecci\u00f3n Edo. Mex.","publisher":{"@id":"https:\/\/proyeccionedomex.com.mx\/#organization"},"potentialAction":[{"@type":"SearchAction","target":{"@type":"EntryPoint","urlTemplate":"https:\/\/proyeccionedomex.com.mx\/?s={search_term_string}"},"query-input":{"@type":"PropertyValueSpecification","valueRequired":true,"valueName":"search_term_string"}}],"inLanguage":"es"},{"@type":"Organization","@id":"https:\/\/proyeccionedomex.com.mx\/#organization","name":"Proyecci\u00f3n Estado de M\u00e9xico","url":"https:\/\/proyeccionedomex.com.mx\/","logo":{"@type":"ImageObject","inLanguage":"es","@id":"https:\/\/proyeccionedomex.com.mx\/#\/schema\/logo\/image\/","url":"https:\/\/proyeccionedomex.com.mx\/wp-content\/uploads\/2024\/03\/proyeccion.jpg","contentUrl":"https:\/\/proyeccionedomex.com.mx\/wp-content\/uploads\/2024\/03\/proyeccion.jpg","width":1143,"height":801,"caption":"Proyecci\u00f3n Estado de M\u00e9xico"},"image":{"@id":"https:\/\/proyeccionedomex.com.mx\/#\/schema\/logo\/image\/"},"sameAs":["https:\/\/www.facebook.com\/PortaldeNoticiasProyeccionEdomex"]},{"@type":"Person","@id":"https:\/\/proyeccionedomex.com.mx\/#\/schema\/person\/2e66b5427bffed972a69e6b66b4e3a76","name":"Redacci\u00f3n Proyecci\u00f3n EDOM\u00c9X","image":{"@type":"ImageObject","inLanguage":"es","@id":"https:\/\/secure.gravatar.com\/avatar\/f43a2254d614198c44c96f86f1f078a06cac3d39a3250e9245aa331797519cab?s=96&d=mm&r=g","url":"https:\/\/secure.gravatar.com\/avatar\/f43a2254d614198c44c96f86f1f078a06cac3d39a3250e9245aa331797519cab?s=96&d=mm&r=g","contentUrl":"https:\/\/secure.gravatar.com\/avatar\/f43a2254d614198c44c96f86f1f078a06cac3d39a3250e9245aa331797519cab?s=96&d=mm&r=g","caption":"Redacci\u00f3n Proyecci\u00f3n EDOM\u00c9X"},"sameAs":["https:\/\/proyeccionedomex.com.mx"],"url":"https:\/\/proyeccionedomex.com.mx\/?author=1"}]}},"_links":{"self":[{"href":"https:\/\/proyeccionedomex.com.mx\/index.php?rest_route=\/wp\/v2\/posts\/7226","targetHints":{"allow":["GET"]}}],"collection":[{"href":"https:\/\/proyeccionedomex.com.mx\/index.php?rest_route=\/wp\/v2\/posts"}],"about":[{"href":"https:\/\/proyeccionedomex.com.mx\/index.php?rest_route=\/wp\/v2\/types\/post"}],"author":[{"embeddable":true,"href":"https:\/\/proyeccionedomex.com.mx\/index.php?rest_route=\/wp\/v2\/users\/1"}],"replies":[{"embeddable":true,"href":"https:\/\/proyeccionedomex.com.mx\/index.php?rest_route=%2Fwp%2Fv2%2Fcomments&post=7226"}],"version-history":[{"count":0,"href":"https:\/\/proyeccionedomex.com.mx\/index.php?rest_route=\/wp\/v2\/posts\/7226\/revisions"}],"wp:featuredmedia":[{"embeddable":true,"href":"https:\/\/proyeccionedomex.com.mx\/index.php?rest_route=\/wp\/v2\/media\/7227"}],"wp:attachment":[{"href":"https:\/\/proyeccionedomex.com.mx\/index.php?rest_route=%2Fwp%2Fv2%2Fmedia&parent=7226"}],"wp:term":[{"taxonomy":"category","embeddable":true,"href":"https:\/\/proyeccionedomex.com.mx\/index.php?rest_route=%2Fwp%2Fv2%2Fcategories&post=7226"},{"taxonomy":"post_tag","embeddable":true,"href":"https:\/\/proyeccionedomex.com.mx\/index.php?rest_route=%2Fwp%2Fv2%2Ftags&post=7226"}],"curies":[{"name":"wp","href":"https:\/\/api.w.org\/{rel}","templated":true}]}}