{"id":7664,"date":"2025-07-14T15:34:26","date_gmt":"2025-07-14T15:34:26","guid":{"rendered":"https:\/\/proyeccionedomex.com.mx\/?p=7664"},"modified":"2025-07-14T15:34:29","modified_gmt":"2025-07-14T15:34:29","slug":"como-votar-de-manera-electronica-en-el-proceso-de-eleccion-a-la-rectoria","status":"publish","type":"post","link":"https:\/\/proyeccionedomex.com.mx\/?p=7664","title":{"rendered":"\u00bfC\u00f3mo votar de manera electr\u00f3nica en el Proceso de Elecci\u00f3n a la Rector\u00eda?"},"content":{"rendered":"\n<figure class=\"wp-block-image size-large td-caption-align-https:\/\/proyeccionedomex.com.mx\/wp-content\/uploads\/2025\/07\/Imagen-de-WhatsApp-2025-07-14-a-las-09.09.46_872f1ee6.jpg\"><img loading=\"lazy\" decoding=\"async\" width=\"1024\" height=\"615\" src=\"https:\/\/proyeccionedomex.com.mx\/wp-content\/uploads\/2025\/07\/Imagen-de-WhatsApp-2025-07-14-a-las-09.09.46_872f1ee6-1024x615.jpg\" alt=\"\" class=\"wp-image-7665\" srcset=\"https:\/\/proyeccionedomex.com.mx\/wp-content\/uploads\/2025\/07\/Imagen-de-WhatsApp-2025-07-14-a-las-09.09.46_872f1ee6-1024x615.jpg 1024w, https:\/\/proyeccionedomex.com.mx\/wp-content\/uploads\/2025\/07\/Imagen-de-WhatsApp-2025-07-14-a-las-09.09.46_872f1ee6-300x180.jpg 300w, https:\/\/proyeccionedomex.com.mx\/wp-content\/uploads\/2025\/07\/Imagen-de-WhatsApp-2025-07-14-a-las-09.09.46_872f1ee6-768x461.jpg 768w, https:\/\/proyeccionedomex.com.mx\/wp-content\/uploads\/2025\/07\/Imagen-de-WhatsApp-2025-07-14-a-las-09.09.46_872f1ee6-696x418.jpg 696w, https:\/\/proyeccionedomex.com.mx\/wp-content\/uploads\/2025\/07\/Imagen-de-WhatsApp-2025-07-14-a-las-09.09.46_872f1ee6-1068x642.jpg 1068w, https:\/\/proyeccionedomex.com.mx\/wp-content\/uploads\/2025\/07\/Imagen-de-WhatsApp-2025-07-14-a-las-09.09.46_872f1ee6-699x420.jpg 699w, https:\/\/proyeccionedomex.com.mx\/wp-content\/uploads\/2025\/07\/Imagen-de-WhatsApp-2025-07-14-a-las-09.09.46_872f1ee6.jpg 1220w\" sizes=\"auto, (max-width: 1024px) 100vw, 1024px\" \/><\/figure>\n\n\n\n<p>\u00bfC\u00f3mo votar de manera electr\u00f3nica en el Proceso de Elecci\u00f3n a la Rector\u00eda?<\/p>\n\n\n\n<p>Para ejercer el voto de forma electr\u00f3nica, en el Proceso de Elecci\u00f3n a la Rector\u00eda para el Periodo Ordinario 2025-2029 de la Universidad Aut\u00f3noma del Estado de M\u00e9xico (UAEM\u00e9x), los sectores de la comunidad universitaria que as\u00ed lo decidieron podr\u00e1n ingresar al sitio: votacion.uaemex.mx<br>Una vez dentro del sitio desplegar\u00e1 el aviso de privacidad posteriormente permitir\u00e1 seleccionar el sector: estudiantado, personal acad\u00e9mico o administrativo.<br>Las y los usuarios deber\u00e1n ingresar su correo institucional y contrase\u00f1a para posteriormente hacer la validaci\u00f3n de identidad por doble paso requerida por Microsoft. Esto no representa que se vulneren datos personales de las personas que participen.<br>Una vez dentro del sistema se podr\u00e1 emitir el voto por alguna de las aspirantes a Rector\u00eda. Finalmente, se deber\u00e1 confirmar la elecci\u00f3n y cerrar el sistema.<br>Cabe mencionar que para dar seguimiento transparente al registro de los votos, en todo momento, la Comisi\u00f3n Especial Electoral facultar\u00e1 a una persona representante del Comit\u00e9 Electoral Interno correspondiente, como observador.<br>Asimismo, para evitar alg\u00fan inconveniente con el inicio de sesi\u00f3n en la cuenta de correo institucional durante la Jornada de Votaci\u00f3n, es necesario verificar el correcto a trav\u00e9s del sitio web: www.office.com<br>Una vez dentro, la o \u00e9l usarlo debe ingresar la cuenta de correo institucional completa y contrase\u00f1a. Posteriormente, se debe de hacer los pasos de autenticaci\u00f3n multifactor.<br>Si se ha realizado correctamente el proceso se podr\u00e1 ingresar sin problema al portal de aplicaciones de la cuenta institucional.<br>Para cualquier duda o problema acceso, las y los interesados deber\u00e1n acercarse con el RTIC del espacio universitario o contactar a la Mesa de Servicio de la DTIC a trav\u00e9s del n\u00famero telef\u00f3nico: 722 462 82 00 opci\u00f3n 1 o por correo electr\u00f3nico: ms_dtic@uaemex.mx en un horario de 9:00 a 19:00 horas.<br>La Jornada de Votaci\u00f3n se llevar\u00e1 a cabo el 15 de julio de las 9:00 a las 18:00 horas y ser\u00e1 vigilada por la Comisi\u00f3n Especial Electoral en coordinaci\u00f3n con los comit\u00e9s electorales&nbsp;internos.<\/p>\n","protected":false},"excerpt":{"rendered":"<p>\u00bfC\u00f3mo votar de manera electr\u00f3nica en el Proceso de Elecci\u00f3n a la Rector\u00eda? Para ejercer el voto de forma electr\u00f3nica, en el Proceso de Elecci\u00f3n a la Rector\u00eda para el Periodo Ordinario 2025-2029 de la Universidad Aut\u00f3noma del Estado de M\u00e9xico (UAEM\u00e9x), los sectores de la comunidad universitaria que as\u00ed lo decidieron podr\u00e1n ingresar al [&hellip;]<\/p>\n","protected":false},"author":1,"featured_media":7665,"comment_status":"open","ping_status":"closed","sticky":false,"template":"","format":"standard","meta":{"footnotes":""},"categories":[1],"tags":[],"class_list":{"0":"post-7664","1":"post","2":"type-post","3":"status-publish","4":"format-standard","5":"has-post-thumbnail","7":"category-politica"},"yoast_head":"<!-- This site is optimized with the Yoast SEO plugin v27.5 - https:\/\/yoast.com\/product\/yoast-seo-wordpress\/ -->\n<title>\u00bfC\u00f3mo votar de manera electr\u00f3nica en el Proceso de Elecci\u00f3n a la Rector\u00eda? - Proyecci\u00f3n Estado de M\u00e9xico<\/title>\n<meta name=\"robots\" content=\"index, follow, max-snippet:-1, max-image-preview:large, max-video-preview:-1\" \/>\n<link rel=\"canonical\" href=\"https:\/\/proyeccionedomex.com.mx\/?p=7664\" \/>\n<meta property=\"og:locale\" content=\"es_ES\" \/>\n<meta property=\"og:type\" content=\"article\" \/>\n<meta property=\"og:title\" content=\"\u00bfC\u00f3mo votar de manera electr\u00f3nica en el Proceso de Elecci\u00f3n a la Rector\u00eda? - Proyecci\u00f3n Estado de M\u00e9xico\" \/>\n<meta property=\"og:description\" content=\"\u00bfC\u00f3mo votar de manera electr\u00f3nica en el Proceso de Elecci\u00f3n a la Rector\u00eda? Para ejercer el voto de forma electr\u00f3nica, en el Proceso de Elecci\u00f3n a la Rector\u00eda para el Periodo Ordinario 2025-2029 de la Universidad Aut\u00f3noma del Estado de M\u00e9xico (UAEM\u00e9x), los sectores de la comunidad universitaria que as\u00ed lo decidieron podr\u00e1n ingresar al [&hellip;]\" \/>\n<meta property=\"og:url\" content=\"https:\/\/proyeccionedomex.com.mx\/?p=7664\" \/>\n<meta property=\"og:site_name\" content=\"Proyecci\u00f3n Estado de M\u00e9xico\" \/>\n<meta property=\"article:publisher\" content=\"https:\/\/www.facebook.com\/PortaldeNoticiasProyeccionEdomex\" \/>\n<meta property=\"article:published_time\" content=\"2025-07-14T15:34:26+00:00\" \/>\n<meta property=\"article:modified_time\" content=\"2025-07-14T15:34:29+00:00\" \/>\n<meta property=\"og:image\" content=\"https:\/\/proyeccionedomex.com.mx\/wp-content\/uploads\/2025\/07\/Imagen-de-WhatsApp-2025-07-14-a-las-09.09.46_872f1ee6.jpg\" \/>\n\t<meta property=\"og:image:width\" content=\"1220\" \/>\n\t<meta property=\"og:image:height\" content=\"733\" \/>\n\t<meta property=\"og:image:type\" content=\"image\/jpeg\" \/>\n<meta name=\"author\" content=\"Redacci\u00f3n Proyecci\u00f3n EDOM\u00c9X\" \/>\n<meta name=\"twitter:card\" content=\"summary_large_image\" \/>\n<meta name=\"twitter:label1\" content=\"Escrito por\" \/>\n\t<meta name=\"twitter:data1\" content=\"Redacci\u00f3n Proyecci\u00f3n EDOM\u00c9X\" \/>\n\t<meta name=\"twitter:label2\" content=\"Tiempo de lectura\" \/>\n\t<meta name=\"twitter:data2\" content=\"2 minutos\" \/>\n<script type=\"application\/ld+json\" class=\"yoast-schema-graph\">{\"@context\":\"https:\\\/\\\/schema.org\",\"@graph\":[{\"@type\":\"Article\",\"@id\":\"https:\\\/\\\/proyeccionedomex.com.mx\\\/?p=7664#article\",\"isPartOf\":{\"@id\":\"https:\\\/\\\/proyeccionedomex.com.mx\\\/?p=7664\"},\"author\":{\"name\":\"Redacci\u00f3n Proyecci\u00f3n EDOM\u00c9X\",\"@id\":\"https:\\\/\\\/proyeccionedomex.com.mx\\\/#\\\/schema\\\/person\\\/2e66b5427bffed972a69e6b66b4e3a76\"},\"headline\":\"\u00bfC\u00f3mo votar de manera electr\u00f3nica en el Proceso de Elecci\u00f3n a la Rector\u00eda?\",\"datePublished\":\"2025-07-14T15:34:26+00:00\",\"dateModified\":\"2025-07-14T15:34:29+00:00\",\"mainEntityOfPage\":{\"@id\":\"https:\\\/\\\/proyeccionedomex.com.mx\\\/?p=7664\"},\"wordCount\":384,\"commentCount\":0,\"publisher\":{\"@id\":\"https:\\\/\\\/proyeccionedomex.com.mx\\\/#organization\"},\"image\":{\"@id\":\"https:\\\/\\\/proyeccionedomex.com.mx\\\/?p=7664#primaryimage\"},\"thumbnailUrl\":\"https:\\\/\\\/proyeccionedomex.com.mx\\\/wp-content\\\/uploads\\\/2025\\\/07\\\/Imagen-de-WhatsApp-2025-07-14-a-las-09.09.46_872f1ee6.jpg\",\"articleSection\":[\"Politica\"],\"inLanguage\":\"es\",\"potentialAction\":[{\"@type\":\"CommentAction\",\"name\":\"Comment\",\"target\":[\"https:\\\/\\\/proyeccionedomex.com.mx\\\/?p=7664#respond\"]}]},{\"@type\":\"WebPage\",\"@id\":\"https:\\\/\\\/proyeccionedomex.com.mx\\\/?p=7664\",\"url\":\"https:\\\/\\\/proyeccionedomex.com.mx\\\/?p=7664\",\"name\":\"\u00bfC\u00f3mo votar de manera electr\u00f3nica en el Proceso de Elecci\u00f3n a la Rector\u00eda? - Proyecci\u00f3n Estado de M\u00e9xico\",\"isPartOf\":{\"@id\":\"https:\\\/\\\/proyeccionedomex.com.mx\\\/#website\"},\"primaryImageOfPage\":{\"@id\":\"https:\\\/\\\/proyeccionedomex.com.mx\\\/?p=7664#primaryimage\"},\"image\":{\"@id\":\"https:\\\/\\\/proyeccionedomex.com.mx\\\/?p=7664#primaryimage\"},\"thumbnailUrl\":\"https:\\\/\\\/proyeccionedomex.com.mx\\\/wp-content\\\/uploads\\\/2025\\\/07\\\/Imagen-de-WhatsApp-2025-07-14-a-las-09.09.46_872f1ee6.jpg\",\"datePublished\":\"2025-07-14T15:34:26+00:00\",\"dateModified\":\"2025-07-14T15:34:29+00:00\",\"breadcrumb\":{\"@id\":\"https:\\\/\\\/proyeccionedomex.com.mx\\\/?p=7664#breadcrumb\"},\"inLanguage\":\"es\",\"potentialAction\":[{\"@type\":\"ReadAction\",\"target\":[\"https:\\\/\\\/proyeccionedomex.com.mx\\\/?p=7664\"]}]},{\"@type\":\"ImageObject\",\"inLanguage\":\"es\",\"@id\":\"https:\\\/\\\/proyeccionedomex.com.mx\\\/?p=7664#primaryimage\",\"url\":\"https:\\\/\\\/proyeccionedomex.com.mx\\\/wp-content\\\/uploads\\\/2025\\\/07\\\/Imagen-de-WhatsApp-2025-07-14-a-las-09.09.46_872f1ee6.jpg\",\"contentUrl\":\"https:\\\/\\\/proyeccionedomex.com.mx\\\/wp-content\\\/uploads\\\/2025\\\/07\\\/Imagen-de-WhatsApp-2025-07-14-a-las-09.09.46_872f1ee6.jpg\",\"width\":1220,\"height\":733},{\"@type\":\"BreadcrumbList\",\"@id\":\"https:\\\/\\\/proyeccionedomex.com.mx\\\/?p=7664#breadcrumb\",\"itemListElement\":[{\"@type\":\"ListItem\",\"position\":1,\"name\":\"Portada\",\"item\":\"https:\\\/\\\/proyeccionedomex.com.mx\\\/\"},{\"@type\":\"ListItem\",\"position\":2,\"name\":\"\u00bfC\u00f3mo votar de manera electr\u00f3nica en el Proceso de Elecci\u00f3n a la Rector\u00eda?\"}]},{\"@type\":\"WebSite\",\"@id\":\"https:\\\/\\\/proyeccionedomex.com.mx\\\/#website\",\"url\":\"https:\\\/\\\/proyeccionedomex.com.mx\\\/\",\"name\":\"Proyecci\u00f3n Estado de M\u00e9xico\",\"description\":\"Proyecci\u00f3n Edo. Mex.\",\"publisher\":{\"@id\":\"https:\\\/\\\/proyeccionedomex.com.mx\\\/#organization\"},\"potentialAction\":[{\"@type\":\"SearchAction\",\"target\":{\"@type\":\"EntryPoint\",\"urlTemplate\":\"https:\\\/\\\/proyeccionedomex.com.mx\\\/?s={search_term_string}\"},\"query-input\":{\"@type\":\"PropertyValueSpecification\",\"valueRequired\":true,\"valueName\":\"search_term_string\"}}],\"inLanguage\":\"es\"},{\"@type\":\"Organization\",\"@id\":\"https:\\\/\\\/proyeccionedomex.com.mx\\\/#organization\",\"name\":\"Proyecci\u00f3n Estado de M\u00e9xico\",\"url\":\"https:\\\/\\\/proyeccionedomex.com.mx\\\/\",\"logo\":{\"@type\":\"ImageObject\",\"inLanguage\":\"es\",\"@id\":\"https:\\\/\\\/proyeccionedomex.com.mx\\\/#\\\/schema\\\/logo\\\/image\\\/\",\"url\":\"https:\\\/\\\/proyeccionedomex.com.mx\\\/wp-content\\\/uploads\\\/2024\\\/03\\\/proyeccion.jpg\",\"contentUrl\":\"https:\\\/\\\/proyeccionedomex.com.mx\\\/wp-content\\\/uploads\\\/2024\\\/03\\\/proyeccion.jpg\",\"width\":1143,\"height\":801,\"caption\":\"Proyecci\u00f3n Estado de M\u00e9xico\"},\"image\":{\"@id\":\"https:\\\/\\\/proyeccionedomex.com.mx\\\/#\\\/schema\\\/logo\\\/image\\\/\"},\"sameAs\":[\"https:\\\/\\\/www.facebook.com\\\/PortaldeNoticiasProyeccionEdomex\"]},{\"@type\":\"Person\",\"@id\":\"https:\\\/\\\/proyeccionedomex.com.mx\\\/#\\\/schema\\\/person\\\/2e66b5427bffed972a69e6b66b4e3a76\",\"name\":\"Redacci\u00f3n Proyecci\u00f3n EDOM\u00c9X\",\"image\":{\"@type\":\"ImageObject\",\"inLanguage\":\"es\",\"@id\":\"https:\\\/\\\/secure.gravatar.com\\\/avatar\\\/f43a2254d614198c44c96f86f1f078a06cac3d39a3250e9245aa331797519cab?s=96&d=mm&r=g\",\"url\":\"https:\\\/\\\/secure.gravatar.com\\\/avatar\\\/f43a2254d614198c44c96f86f1f078a06cac3d39a3250e9245aa331797519cab?s=96&d=mm&r=g\",\"contentUrl\":\"https:\\\/\\\/secure.gravatar.com\\\/avatar\\\/f43a2254d614198c44c96f86f1f078a06cac3d39a3250e9245aa331797519cab?s=96&d=mm&r=g\",\"caption\":\"Redacci\u00f3n Proyecci\u00f3n EDOM\u00c9X\"},\"sameAs\":[\"https:\\\/\\\/proyeccionedomex.com.mx\"],\"url\":\"https:\\\/\\\/proyeccionedomex.com.mx\\\/?author=1\"}]}<\/script>\n<!-- \/ Yoast SEO plugin. -->","yoast_head_json":{"title":"\u00bfC\u00f3mo votar de manera electr\u00f3nica en el Proceso de Elecci\u00f3n a la Rector\u00eda? - Proyecci\u00f3n Estado de M\u00e9xico","robots":{"index":"index","follow":"follow","max-snippet":"max-snippet:-1","max-image-preview":"max-image-preview:large","max-video-preview":"max-video-preview:-1"},"canonical":"https:\/\/proyeccionedomex.com.mx\/?p=7664","og_locale":"es_ES","og_type":"article","og_title":"\u00bfC\u00f3mo votar de manera electr\u00f3nica en el Proceso de Elecci\u00f3n a la Rector\u00eda? - Proyecci\u00f3n Estado de M\u00e9xico","og_description":"\u00bfC\u00f3mo votar de manera electr\u00f3nica en el Proceso de Elecci\u00f3n a la Rector\u00eda? Para ejercer el voto de forma electr\u00f3nica, en el Proceso de Elecci\u00f3n a la Rector\u00eda para el Periodo Ordinario 2025-2029 de la Universidad Aut\u00f3noma del Estado de M\u00e9xico (UAEM\u00e9x), los sectores de la comunidad universitaria que as\u00ed lo decidieron podr\u00e1n ingresar al [&hellip;]","og_url":"https:\/\/proyeccionedomex.com.mx\/?p=7664","og_site_name":"Proyecci\u00f3n Estado de M\u00e9xico","article_publisher":"https:\/\/www.facebook.com\/PortaldeNoticiasProyeccionEdomex","article_published_time":"2025-07-14T15:34:26+00:00","article_modified_time":"2025-07-14T15:34:29+00:00","og_image":[{"width":1220,"height":733,"url":"https:\/\/proyeccionedomex.com.mx\/wp-content\/uploads\/2025\/07\/Imagen-de-WhatsApp-2025-07-14-a-las-09.09.46_872f1ee6.jpg","type":"image\/jpeg"}],"author":"Redacci\u00f3n Proyecci\u00f3n EDOM\u00c9X","twitter_card":"summary_large_image","twitter_misc":{"Escrito por":"Redacci\u00f3n Proyecci\u00f3n EDOM\u00c9X","Tiempo de lectura":"2 minutos"},"schema":{"@context":"https:\/\/schema.org","@graph":[{"@type":"Article","@id":"https:\/\/proyeccionedomex.com.mx\/?p=7664#article","isPartOf":{"@id":"https:\/\/proyeccionedomex.com.mx\/?p=7664"},"author":{"name":"Redacci\u00f3n Proyecci\u00f3n EDOM\u00c9X","@id":"https:\/\/proyeccionedomex.com.mx\/#\/schema\/person\/2e66b5427bffed972a69e6b66b4e3a76"},"headline":"\u00bfC\u00f3mo votar de manera electr\u00f3nica en el Proceso de Elecci\u00f3n a la Rector\u00eda?","datePublished":"2025-07-14T15:34:26+00:00","dateModified":"2025-07-14T15:34:29+00:00","mainEntityOfPage":{"@id":"https:\/\/proyeccionedomex.com.mx\/?p=7664"},"wordCount":384,"commentCount":0,"publisher":{"@id":"https:\/\/proyeccionedomex.com.mx\/#organization"},"image":{"@id":"https:\/\/proyeccionedomex.com.mx\/?p=7664#primaryimage"},"thumbnailUrl":"https:\/\/proyeccionedomex.com.mx\/wp-content\/uploads\/2025\/07\/Imagen-de-WhatsApp-2025-07-14-a-las-09.09.46_872f1ee6.jpg","articleSection":["Politica"],"inLanguage":"es","potentialAction":[{"@type":"CommentAction","name":"Comment","target":["https:\/\/proyeccionedomex.com.mx\/?p=7664#respond"]}]},{"@type":"WebPage","@id":"https:\/\/proyeccionedomex.com.mx\/?p=7664","url":"https:\/\/proyeccionedomex.com.mx\/?p=7664","name":"\u00bfC\u00f3mo votar de manera electr\u00f3nica en el Proceso de Elecci\u00f3n a la Rector\u00eda? - Proyecci\u00f3n Estado de M\u00e9xico","isPartOf":{"@id":"https:\/\/proyeccionedomex.com.mx\/#website"},"primaryImageOfPage":{"@id":"https:\/\/proyeccionedomex.com.mx\/?p=7664#primaryimage"},"image":{"@id":"https:\/\/proyeccionedomex.com.mx\/?p=7664#primaryimage"},"thumbnailUrl":"https:\/\/proyeccionedomex.com.mx\/wp-content\/uploads\/2025\/07\/Imagen-de-WhatsApp-2025-07-14-a-las-09.09.46_872f1ee6.jpg","datePublished":"2025-07-14T15:34:26+00:00","dateModified":"2025-07-14T15:34:29+00:00","breadcrumb":{"@id":"https:\/\/proyeccionedomex.com.mx\/?p=7664#breadcrumb"},"inLanguage":"es","potentialAction":[{"@type":"ReadAction","target":["https:\/\/proyeccionedomex.com.mx\/?p=7664"]}]},{"@type":"ImageObject","inLanguage":"es","@id":"https:\/\/proyeccionedomex.com.mx\/?p=7664#primaryimage","url":"https:\/\/proyeccionedomex.com.mx\/wp-content\/uploads\/2025\/07\/Imagen-de-WhatsApp-2025-07-14-a-las-09.09.46_872f1ee6.jpg","contentUrl":"https:\/\/proyeccionedomex.com.mx\/wp-content\/uploads\/2025\/07\/Imagen-de-WhatsApp-2025-07-14-a-las-09.09.46_872f1ee6.jpg","width":1220,"height":733},{"@type":"BreadcrumbList","@id":"https:\/\/proyeccionedomex.com.mx\/?p=7664#breadcrumb","itemListElement":[{"@type":"ListItem","position":1,"name":"Portada","item":"https:\/\/proyeccionedomex.com.mx\/"},{"@type":"ListItem","position":2,"name":"\u00bfC\u00f3mo votar de manera electr\u00f3nica en el Proceso de Elecci\u00f3n a la Rector\u00eda?"}]},{"@type":"WebSite","@id":"https:\/\/proyeccionedomex.com.mx\/#website","url":"https:\/\/proyeccionedomex.com.mx\/","name":"Proyecci\u00f3n Estado de M\u00e9xico","description":"Proyecci\u00f3n Edo. Mex.","publisher":{"@id":"https:\/\/proyeccionedomex.com.mx\/#organization"},"potentialAction":[{"@type":"SearchAction","target":{"@type":"EntryPoint","urlTemplate":"https:\/\/proyeccionedomex.com.mx\/?s={search_term_string}"},"query-input":{"@type":"PropertyValueSpecification","valueRequired":true,"valueName":"search_term_string"}}],"inLanguage":"es"},{"@type":"Organization","@id":"https:\/\/proyeccionedomex.com.mx\/#organization","name":"Proyecci\u00f3n Estado de M\u00e9xico","url":"https:\/\/proyeccionedomex.com.mx\/","logo":{"@type":"ImageObject","inLanguage":"es","@id":"https:\/\/proyeccionedomex.com.mx\/#\/schema\/logo\/image\/","url":"https:\/\/proyeccionedomex.com.mx\/wp-content\/uploads\/2024\/03\/proyeccion.jpg","contentUrl":"https:\/\/proyeccionedomex.com.mx\/wp-content\/uploads\/2024\/03\/proyeccion.jpg","width":1143,"height":801,"caption":"Proyecci\u00f3n Estado de M\u00e9xico"},"image":{"@id":"https:\/\/proyeccionedomex.com.mx\/#\/schema\/logo\/image\/"},"sameAs":["https:\/\/www.facebook.com\/PortaldeNoticiasProyeccionEdomex"]},{"@type":"Person","@id":"https:\/\/proyeccionedomex.com.mx\/#\/schema\/person\/2e66b5427bffed972a69e6b66b4e3a76","name":"Redacci\u00f3n Proyecci\u00f3n EDOM\u00c9X","image":{"@type":"ImageObject","inLanguage":"es","@id":"https:\/\/secure.gravatar.com\/avatar\/f43a2254d614198c44c96f86f1f078a06cac3d39a3250e9245aa331797519cab?s=96&d=mm&r=g","url":"https:\/\/secure.gravatar.com\/avatar\/f43a2254d614198c44c96f86f1f078a06cac3d39a3250e9245aa331797519cab?s=96&d=mm&r=g","contentUrl":"https:\/\/secure.gravatar.com\/avatar\/f43a2254d614198c44c96f86f1f078a06cac3d39a3250e9245aa331797519cab?s=96&d=mm&r=g","caption":"Redacci\u00f3n Proyecci\u00f3n EDOM\u00c9X"},"sameAs":["https:\/\/proyeccionedomex.com.mx"],"url":"https:\/\/proyeccionedomex.com.mx\/?author=1"}]}},"_links":{"self":[{"href":"https:\/\/proyeccionedomex.com.mx\/index.php?rest_route=\/wp\/v2\/posts\/7664","targetHints":{"allow":["GET"]}}],"collection":[{"href":"https:\/\/proyeccionedomex.com.mx\/index.php?rest_route=\/wp\/v2\/posts"}],"about":[{"href":"https:\/\/proyeccionedomex.com.mx\/index.php?rest_route=\/wp\/v2\/types\/post"}],"author":[{"embeddable":true,"href":"https:\/\/proyeccionedomex.com.mx\/index.php?rest_route=\/wp\/v2\/users\/1"}],"replies":[{"embeddable":true,"href":"https:\/\/proyeccionedomex.com.mx\/index.php?rest_route=%2Fwp%2Fv2%2Fcomments&post=7664"}],"version-history":[{"count":0,"href":"https:\/\/proyeccionedomex.com.mx\/index.php?rest_route=\/wp\/v2\/posts\/7664\/revisions"}],"wp:featuredmedia":[{"embeddable":true,"href":"https:\/\/proyeccionedomex.com.mx\/index.php?rest_route=\/wp\/v2\/media\/7665"}],"wp:attachment":[{"href":"https:\/\/proyeccionedomex.com.mx\/index.php?rest_route=%2Fwp%2Fv2%2Fmedia&parent=7664"}],"wp:term":[{"taxonomy":"category","embeddable":true,"href":"https:\/\/proyeccionedomex.com.mx\/index.php?rest_route=%2Fwp%2Fv2%2Fcategories&post=7664"},{"taxonomy":"post_tag","embeddable":true,"href":"https:\/\/proyeccionedomex.com.mx\/index.php?rest_route=%2Fwp%2Fv2%2Ftags&post=7664"}],"curies":[{"name":"wp","href":"https:\/\/api.w.org\/{rel}","templated":true}]}}