{"id":8018,"date":"2025-08-08T14:55:51","date_gmt":"2025-08-08T14:55:51","guid":{"rendered":"https:\/\/proyeccionedomex.com.mx\/?p=8018"},"modified":"2025-08-08T14:55:55","modified_gmt":"2025-08-08T14:55:55","slug":"observatorio-de-pueblos-originarios-y-comunidades-afrodescendientes-busca-transformar-la-justicia-con-enfoque-intercultural","status":"publish","type":"post","link":"https:\/\/proyeccionedomex.com.mx\/?p=8018","title":{"rendered":"Observatorio de Pueblos Originarios y Comunidades Afrodescendientes busca transformar la justicia con enfoque intercultural"},"content":{"rendered":"\n<figure class=\"wp-block-image size-large td-caption-align-https:\/\/proyeccionedomex.com.mx\/wp-content\/uploads\/2025\/08\/image-14.jpeg\"><img loading=\"lazy\" decoding=\"async\" width=\"1024\" height=\"683\" src=\"https:\/\/proyeccionedomex.com.mx\/wp-content\/uploads\/2025\/08\/image-14-1024x683.jpeg\" alt=\"\" class=\"wp-image-8019\" srcset=\"https:\/\/proyeccionedomex.com.mx\/wp-content\/uploads\/2025\/08\/image-14-1024x683.jpeg 1024w, https:\/\/proyeccionedomex.com.mx\/wp-content\/uploads\/2025\/08\/image-14-300x200.jpeg 300w, https:\/\/proyeccionedomex.com.mx\/wp-content\/uploads\/2025\/08\/image-14-768x512.jpeg 768w, https:\/\/proyeccionedomex.com.mx\/wp-content\/uploads\/2025\/08\/image-14-1536x1024.jpeg 1536w, https:\/\/proyeccionedomex.com.mx\/wp-content\/uploads\/2025\/08\/image-14-696x464.jpeg 696w, https:\/\/proyeccionedomex.com.mx\/wp-content\/uploads\/2025\/08\/image-14-1068x712.jpeg 1068w, https:\/\/proyeccionedomex.com.mx\/wp-content\/uploads\/2025\/08\/image-14-630x420.jpeg 630w, https:\/\/proyeccionedomex.com.mx\/wp-content\/uploads\/2025\/08\/image-14.jpeg 1728w\" sizes=\"auto, (max-width: 1024px) 100vw, 1024px\" \/><\/figure>\n\n\n\n<p>Observatorio de Pueblos Originarios y Comunidades Afrodescendientes busca transformar la justicia con enfoque intercultural<\/p>\n\n\n\n<p>Comunicados<\/p>\n\n\n\n<p>Al encabezar la Primera Sesi\u00f3n Ordinaria del Observatorio de Justicia de los Pueblos Originarios y Comunidades Afrodescendientes del Poder Judicial del Estado de M\u00e9xico (PJEdomex), en la que se analiz\u00f3 la amnist\u00eda para mujeres ind\u00edgenas en reclusi\u00f3n, se aprob\u00f3, a propuesta del Magistrado Presidente Fernando D\u00edaz Ju\u00e1rez, la creaci\u00f3n de dos comit\u00e9s especializados para identificar violaciones graves a derechos humanos, sistematizar informaci\u00f3n y, sobre todo, actuar para resarcir da\u00f1os hist\u00f3ricos.<\/p>\n\n\n\n<p>Acompa\u00f1ado por Hilda Salazar Gil, Secretaria de la Contralor\u00eda del Estado de M\u00e9xico, el Presidente del Tribunal Superior de Justicia y del Consejo de la Judicatura estatal llam\u00f3 a \u00abactuar con contundencia\u00bb y dejar atr\u00e1s las acciones aisladas. Plante\u00f3, integrar un comit\u00e9 que reciba casos concretos, los analice jur\u00eddicamente, canalice posibles solicitudes de amnist\u00eda y establezca un padr\u00f3n de personas ind\u00edgenas y afrodescendientes privadas de su libertad, cuya situaci\u00f3n legal exija una revisi\u00f3n a fondo.<\/p>\n\n\n\n<p>\u00abPara transformar un poder judicial no basta acciones aisladas, no basta la legitimidad a trav\u00e9s del voto popular de personas juzgadoras. Tenemos que ir m\u00e1s, m\u00e1s a fondo\u00bb, afirm\u00f3 D\u00edaz Ju\u00e1rez. Asimismo, propuso la creaci\u00f3n de una Comisi\u00f3n de Capacitaci\u00f3n, con el objetivo de fortalecer una visi\u00f3n intercultural y de salvaguarda especializada desde todas las etapas del sistema de justicia, no solo en el \u00e1mbito jurisdiccional.<\/p>\n\n\n\n<p>De esta manera se responde a los y las integrantes del Observatorio, quienes compartieron experiencias, preocupaciones y la urgencia de abrir canales efectivos para atender casos de injusticia. El Magistrado Presidente insisti\u00f3 en que transformar la justicia requiere reconocer errores, asumirlos y trabajar por corregirlos.<\/p>\n\n\n\n<p>\u00abSon vidas, son historias. (&#8230;) Necesitamos visibilizarlas y actuar. Esa fue la intenci\u00f3n de crear este Observatorio\u00bb, remarc\u00f3, al tiempo que sugiri\u00f3 incorporar como miembros permanentes a representantes del Poder Legislativo, la Fiscal\u00eda General de Justicia y la Secretar\u00eda de Seguridad, para sumar esfuerzos y dar respuesta institucional.<\/p>\n\n\n\n<p>Reiter\u00f3 que este espacio busca ofrecer soluciones reales, con enfoque intercultural, de g\u00e9nero e interseccional, especialmente para mujeres ind\u00edgenas en prisi\u00f3n. Reconoci\u00f3 adem\u00e1s que la justicia no puede construirse en soledad; debe abrirse, dialogar y nutrirse de la comunidad a la que sirve.<\/p>\n\n\n\n<p>La Secretaria de la Contralor\u00eda estatal, destac\u00f3 que este Observatorio no solo representa una plataforma institucional, sino un compromiso \u00e9tico y humano con la justicia intercultural. Subray\u00f3 que articula acciones concretas para garantizar que los pueblos ind\u00edgenas accedan a una justicia real, entendida desde sus contextos sociales, culturales y ling\u00fc\u00edsticos.<\/p>\n\n\n\n<p>Al referirse al an\u00e1lisis sobre la amnist\u00eda para mujeres ind\u00edgenas en reclusi\u00f3n, enfatiz\u00f3 que no se trata de indulgencia, sino de una obligaci\u00f3n del Estado de corregir desigualdades hist\u00f3ricas en el acceso a la justicia, muchas veces marcadas por la ausencia de int\u00e9rpretes, defensas adecuadas y comprensi\u00f3n cultural. Agreg\u00f3 que, desde el Poder Ejecutivo, y en particular desde la Secretar\u00eda a su cargo, se comparte plenamente esta visi\u00f3n de inclusi\u00f3n, transparencia y rendici\u00f3n de cuentas.<\/p>\n\n\n\n<p>En la exposici\u00f3n de motivos, Mario Eduardo Navarro Cabral, Consejero de la Judicatura, destac\u00f3 que la creaci\u00f3n del Observatorio representa un avance sustantivo hacia la transparencia, la rendici\u00f3n de cuentas y el reconocimiento real de los derechos colectivos. Este nuevo \u00f3rgano no solo se integra al proceso de evoluci\u00f3n institucional, tambi\u00e9n reafirma su compromiso con una justicia accesible, inclusiva e intercultural.<\/p>\n\n\n\n<p>Navarro Cabral puntualiz\u00f3 que el objetivo no es solo proyectar justicia hacia el futuro, sino tambi\u00e9n corregir errores del pasado, todo bajo un enfoque de igualdad, no discriminaci\u00f3n y respeto a la diversidad cultural.<\/p>\n\n\n\n<p>Durante esta primera sesi\u00f3n tambi\u00e9n se consolidaron acuerdos clave: se propuso y aprob\u00f3 el nombramiento de Pedro Isaac Gonz\u00e1lez, titular de la Unidad de Transparencia del Poder Judicial, como Secretario T\u00e9cnico, y se aval\u00f3 el Reglamento Interno, documento que establece las bases de organizaci\u00f3n y operaci\u00f3n del \u00f3rgano colegiado.<\/p>\n\n\n\n<p>A la sesi\u00f3n asistieron integrantes del Consejo de la Judicatura; Irma Sosa Sol\u00eds, Directora General de Desarrollo Regional Valle de Toluca de la Secretar\u00eda del Bienestar; Alberto Cervantes Ju\u00e1rez, Director General del Instituto de la Defensor\u00eda P\u00fablica; y Manuel Qui\u00f1ones Flores, encargado de la Vocal\u00eda Ejecutiva del Consejo Estatal para el Desarrollo Integral de los Pueblos Ind\u00edgenas.<\/p>\n\n\n\n<p>Adem\u00e1s participaron Ricardo Joya Cepeda, Coordinador General de Acceso a la Justicia del PJEdomex; Juan Vergara Mill\u00e1n, Presidente del Colegio de Abogados del Valle de M\u00e9xico, Filial Naucalpan; Edmundo L\u00f3pez Galicia, Presidente del Colegio de Abogados del Valle Texcoco A.C.; Nallely Flores Rodr\u00edguez, Coordinadora de la Comisi\u00f3n de Asuntos Ind\u00edgenas de la Barra Mexicana Colegio de Abogados; Oscar Baz\u00e1n Alatorre, integrante del Comit\u00e9 de Participaci\u00f3n Ciudadana Mexiquense; Sergio Gordillo C\u00e1rdenas, Jefe del Departamento de Asuntos Jur\u00eddicos del Instituto Nacional de Lenguas Ind\u00edgenas; Fernando Hurtado Urbina, Presidente de FECOBA.<\/p>\n\n\n\n<p>Elizabeth Acu\u00f1a Rangel, Presidenta del Colegio de Abogados Humanistas de M\u00e9xico; Karina Liliana Guadarrama Jaimes, Presidenta de M\u00e1s Vida y M\u00e1s Igualdad; Armando Loizaga Pazzi, Presidente del Instituto de Medicina Intercultural de Nierika A.C.; Benedicto Ayala Cort\u00e9s, Titular de la Organizaci\u00f3n Mexicana de Int\u00e9rpretes y Traductores de Lenguas Ind\u00edgenas; Mar\u00eda del Consuelo Rodr\u00edguez Rocha, activista afrodescendiente; Sergio Ram\u00edrez Caloca, Coordinador de Incidencia y Pol\u00edticas P\u00fablicas de Afrodescendientes, Investigaci\u00f3n e Incidencia A.C.; y Mar\u00eda de Roc\u00edo Jes\u00fas Torres, Titular de la Casa de la Mujer Ind\u00edgena Luna Mazahua.<\/p>\n","protected":false},"excerpt":{"rendered":"<p>Observatorio de Pueblos Originarios y Comunidades Afrodescendientes busca transformar la justicia con enfoque intercultural Comunicados Al encabezar la Primera Sesi\u00f3n Ordinaria del Observatorio de Justicia de los Pueblos Originarios y Comunidades Afrodescendientes del Poder Judicial del Estado de M\u00e9xico (PJEdomex), en la que se analiz\u00f3 la amnist\u00eda para mujeres ind\u00edgenas en reclusi\u00f3n, se aprob\u00f3, a [&hellip;]<\/p>\n","protected":false},"author":1,"featured_media":8019,"comment_status":"open","ping_status":"closed","sticky":false,"template":"","format":"standard","meta":{"footnotes":""},"categories":[1],"tags":[],"class_list":{"0":"post-8018","1":"post","2":"type-post","3":"status-publish","4":"format-standard","5":"has-post-thumbnail","7":"category-politica"},"yoast_head":"<!-- This site is optimized with the Yoast SEO plugin v27.5 - https:\/\/yoast.com\/product\/yoast-seo-wordpress\/ -->\n<title>Observatorio de Pueblos Originarios y Comunidades Afrodescendientes busca transformar la justicia con enfoque intercultural - Proyecci\u00f3n Estado de M\u00e9xico<\/title>\n<meta name=\"robots\" content=\"index, follow, max-snippet:-1, max-image-preview:large, max-video-preview:-1\" \/>\n<link rel=\"canonical\" href=\"https:\/\/proyeccionedomex.com.mx\/?p=8018\" \/>\n<meta property=\"og:locale\" content=\"es_ES\" \/>\n<meta property=\"og:type\" content=\"article\" \/>\n<meta property=\"og:title\" content=\"Observatorio de Pueblos Originarios y Comunidades Afrodescendientes busca transformar la justicia con enfoque intercultural - Proyecci\u00f3n Estado de M\u00e9xico\" \/>\n<meta property=\"og:description\" content=\"Observatorio de Pueblos Originarios y Comunidades Afrodescendientes busca transformar la justicia con enfoque intercultural Comunicados Al encabezar la Primera Sesi\u00f3n Ordinaria del Observatorio de Justicia de los Pueblos Originarios y Comunidades Afrodescendientes del Poder Judicial del Estado de M\u00e9xico (PJEdomex), en la que se analiz\u00f3 la amnist\u00eda para mujeres ind\u00edgenas en reclusi\u00f3n, se aprob\u00f3, a [&hellip;]\" \/>\n<meta property=\"og:url\" content=\"https:\/\/proyeccionedomex.com.mx\/?p=8018\" \/>\n<meta property=\"og:site_name\" content=\"Proyecci\u00f3n Estado de M\u00e9xico\" \/>\n<meta property=\"article:publisher\" content=\"https:\/\/www.facebook.com\/PortaldeNoticiasProyeccionEdomex\" \/>\n<meta property=\"article:published_time\" content=\"2025-08-08T14:55:51+00:00\" \/>\n<meta property=\"article:modified_time\" content=\"2025-08-08T14:55:55+00:00\" \/>\n<meta property=\"og:image\" content=\"https:\/\/proyeccionedomex.com.mx\/wp-content\/uploads\/2025\/08\/image-14.jpeg\" \/>\n\t<meta property=\"og:image:width\" content=\"1728\" \/>\n\t<meta property=\"og:image:height\" content=\"1152\" \/>\n\t<meta property=\"og:image:type\" content=\"image\/jpeg\" \/>\n<meta name=\"author\" content=\"Redacci\u00f3n Proyecci\u00f3n EDOM\u00c9X\" \/>\n<meta name=\"twitter:card\" content=\"summary_large_image\" \/>\n<meta name=\"twitter:label1\" content=\"Escrito por\" \/>\n\t<meta name=\"twitter:data1\" content=\"Redacci\u00f3n Proyecci\u00f3n EDOM\u00c9X\" \/>\n\t<meta name=\"twitter:label2\" content=\"Tiempo de lectura\" \/>\n\t<meta name=\"twitter:data2\" content=\"5 minutos\" \/>\n<script type=\"application\/ld+json\" class=\"yoast-schema-graph\">{\"@context\":\"https:\\\/\\\/schema.org\",\"@graph\":[{\"@type\":\"Article\",\"@id\":\"https:\\\/\\\/proyeccionedomex.com.mx\\\/?p=8018#article\",\"isPartOf\":{\"@id\":\"https:\\\/\\\/proyeccionedomex.com.mx\\\/?p=8018\"},\"author\":{\"name\":\"Redacci\u00f3n Proyecci\u00f3n EDOM\u00c9X\",\"@id\":\"https:\\\/\\\/proyeccionedomex.com.mx\\\/#\\\/schema\\\/person\\\/2e66b5427bffed972a69e6b66b4e3a76\"},\"headline\":\"Observatorio de Pueblos Originarios y Comunidades Afrodescendientes busca transformar la justicia con enfoque intercultural\",\"datePublished\":\"2025-08-08T14:55:51+00:00\",\"dateModified\":\"2025-08-08T14:55:55+00:00\",\"mainEntityOfPage\":{\"@id\":\"https:\\\/\\\/proyeccionedomex.com.mx\\\/?p=8018\"},\"wordCount\":984,\"commentCount\":0,\"publisher\":{\"@id\":\"https:\\\/\\\/proyeccionedomex.com.mx\\\/#organization\"},\"image\":{\"@id\":\"https:\\\/\\\/proyeccionedomex.com.mx\\\/?p=8018#primaryimage\"},\"thumbnailUrl\":\"https:\\\/\\\/proyeccionedomex.com.mx\\\/wp-content\\\/uploads\\\/2025\\\/08\\\/image-14.jpeg\",\"articleSection\":[\"Politica\"],\"inLanguage\":\"es\",\"potentialAction\":[{\"@type\":\"CommentAction\",\"name\":\"Comment\",\"target\":[\"https:\\\/\\\/proyeccionedomex.com.mx\\\/?p=8018#respond\"]}]},{\"@type\":\"WebPage\",\"@id\":\"https:\\\/\\\/proyeccionedomex.com.mx\\\/?p=8018\",\"url\":\"https:\\\/\\\/proyeccionedomex.com.mx\\\/?p=8018\",\"name\":\"Observatorio de Pueblos Originarios y Comunidades Afrodescendientes busca transformar la justicia con enfoque intercultural - Proyecci\u00f3n Estado de M\u00e9xico\",\"isPartOf\":{\"@id\":\"https:\\\/\\\/proyeccionedomex.com.mx\\\/#website\"},\"primaryImageOfPage\":{\"@id\":\"https:\\\/\\\/proyeccionedomex.com.mx\\\/?p=8018#primaryimage\"},\"image\":{\"@id\":\"https:\\\/\\\/proyeccionedomex.com.mx\\\/?p=8018#primaryimage\"},\"thumbnailUrl\":\"https:\\\/\\\/proyeccionedomex.com.mx\\\/wp-content\\\/uploads\\\/2025\\\/08\\\/image-14.jpeg\",\"datePublished\":\"2025-08-08T14:55:51+00:00\",\"dateModified\":\"2025-08-08T14:55:55+00:00\",\"breadcrumb\":{\"@id\":\"https:\\\/\\\/proyeccionedomex.com.mx\\\/?p=8018#breadcrumb\"},\"inLanguage\":\"es\",\"potentialAction\":[{\"@type\":\"ReadAction\",\"target\":[\"https:\\\/\\\/proyeccionedomex.com.mx\\\/?p=8018\"]}]},{\"@type\":\"ImageObject\",\"inLanguage\":\"es\",\"@id\":\"https:\\\/\\\/proyeccionedomex.com.mx\\\/?p=8018#primaryimage\",\"url\":\"https:\\\/\\\/proyeccionedomex.com.mx\\\/wp-content\\\/uploads\\\/2025\\\/08\\\/image-14.jpeg\",\"contentUrl\":\"https:\\\/\\\/proyeccionedomex.com.mx\\\/wp-content\\\/uploads\\\/2025\\\/08\\\/image-14.jpeg\",\"width\":1728,\"height\":1152},{\"@type\":\"BreadcrumbList\",\"@id\":\"https:\\\/\\\/proyeccionedomex.com.mx\\\/?p=8018#breadcrumb\",\"itemListElement\":[{\"@type\":\"ListItem\",\"position\":1,\"name\":\"Portada\",\"item\":\"https:\\\/\\\/proyeccionedomex.com.mx\\\/\"},{\"@type\":\"ListItem\",\"position\":2,\"name\":\"Observatorio de Pueblos Originarios y Comunidades Afrodescendientes busca transformar la justicia con enfoque intercultural\"}]},{\"@type\":\"WebSite\",\"@id\":\"https:\\\/\\\/proyeccionedomex.com.mx\\\/#website\",\"url\":\"https:\\\/\\\/proyeccionedomex.com.mx\\\/\",\"name\":\"Proyecci\u00f3n Estado de M\u00e9xico\",\"description\":\"Proyecci\u00f3n Edo. Mex.\",\"publisher\":{\"@id\":\"https:\\\/\\\/proyeccionedomex.com.mx\\\/#organization\"},\"potentialAction\":[{\"@type\":\"SearchAction\",\"target\":{\"@type\":\"EntryPoint\",\"urlTemplate\":\"https:\\\/\\\/proyeccionedomex.com.mx\\\/?s={search_term_string}\"},\"query-input\":{\"@type\":\"PropertyValueSpecification\",\"valueRequired\":true,\"valueName\":\"search_term_string\"}}],\"inLanguage\":\"es\"},{\"@type\":\"Organization\",\"@id\":\"https:\\\/\\\/proyeccionedomex.com.mx\\\/#organization\",\"name\":\"Proyecci\u00f3n Estado de M\u00e9xico\",\"url\":\"https:\\\/\\\/proyeccionedomex.com.mx\\\/\",\"logo\":{\"@type\":\"ImageObject\",\"inLanguage\":\"es\",\"@id\":\"https:\\\/\\\/proyeccionedomex.com.mx\\\/#\\\/schema\\\/logo\\\/image\\\/\",\"url\":\"https:\\\/\\\/proyeccionedomex.com.mx\\\/wp-content\\\/uploads\\\/2024\\\/03\\\/proyeccion.jpg\",\"contentUrl\":\"https:\\\/\\\/proyeccionedomex.com.mx\\\/wp-content\\\/uploads\\\/2024\\\/03\\\/proyeccion.jpg\",\"width\":1143,\"height\":801,\"caption\":\"Proyecci\u00f3n Estado de M\u00e9xico\"},\"image\":{\"@id\":\"https:\\\/\\\/proyeccionedomex.com.mx\\\/#\\\/schema\\\/logo\\\/image\\\/\"},\"sameAs\":[\"https:\\\/\\\/www.facebook.com\\\/PortaldeNoticiasProyeccionEdomex\"]},{\"@type\":\"Person\",\"@id\":\"https:\\\/\\\/proyeccionedomex.com.mx\\\/#\\\/schema\\\/person\\\/2e66b5427bffed972a69e6b66b4e3a76\",\"name\":\"Redacci\u00f3n Proyecci\u00f3n EDOM\u00c9X\",\"image\":{\"@type\":\"ImageObject\",\"inLanguage\":\"es\",\"@id\":\"https:\\\/\\\/secure.gravatar.com\\\/avatar\\\/f43a2254d614198c44c96f86f1f078a06cac3d39a3250e9245aa331797519cab?s=96&d=mm&r=g\",\"url\":\"https:\\\/\\\/secure.gravatar.com\\\/avatar\\\/f43a2254d614198c44c96f86f1f078a06cac3d39a3250e9245aa331797519cab?s=96&d=mm&r=g\",\"contentUrl\":\"https:\\\/\\\/secure.gravatar.com\\\/avatar\\\/f43a2254d614198c44c96f86f1f078a06cac3d39a3250e9245aa331797519cab?s=96&d=mm&r=g\",\"caption\":\"Redacci\u00f3n Proyecci\u00f3n EDOM\u00c9X\"},\"sameAs\":[\"https:\\\/\\\/proyeccionedomex.com.mx\"],\"url\":\"https:\\\/\\\/proyeccionedomex.com.mx\\\/?author=1\"}]}<\/script>\n<!-- \/ Yoast SEO plugin. -->","yoast_head_json":{"title":"Observatorio de Pueblos Originarios y Comunidades Afrodescendientes busca transformar la justicia con enfoque intercultural - Proyecci\u00f3n Estado de M\u00e9xico","robots":{"index":"index","follow":"follow","max-snippet":"max-snippet:-1","max-image-preview":"max-image-preview:large","max-video-preview":"max-video-preview:-1"},"canonical":"https:\/\/proyeccionedomex.com.mx\/?p=8018","og_locale":"es_ES","og_type":"article","og_title":"Observatorio de Pueblos Originarios y Comunidades Afrodescendientes busca transformar la justicia con enfoque intercultural - Proyecci\u00f3n Estado de M\u00e9xico","og_description":"Observatorio de Pueblos Originarios y Comunidades Afrodescendientes busca transformar la justicia con enfoque intercultural Comunicados Al encabezar la Primera Sesi\u00f3n Ordinaria del Observatorio de Justicia de los Pueblos Originarios y Comunidades Afrodescendientes del Poder Judicial del Estado de M\u00e9xico (PJEdomex), en la que se analiz\u00f3 la amnist\u00eda para mujeres ind\u00edgenas en reclusi\u00f3n, se aprob\u00f3, a [&hellip;]","og_url":"https:\/\/proyeccionedomex.com.mx\/?p=8018","og_site_name":"Proyecci\u00f3n Estado de M\u00e9xico","article_publisher":"https:\/\/www.facebook.com\/PortaldeNoticiasProyeccionEdomex","article_published_time":"2025-08-08T14:55:51+00:00","article_modified_time":"2025-08-08T14:55:55+00:00","og_image":[{"width":1728,"height":1152,"url":"https:\/\/proyeccionedomex.com.mx\/wp-content\/uploads\/2025\/08\/image-14.jpeg","type":"image\/jpeg"}],"author":"Redacci\u00f3n Proyecci\u00f3n EDOM\u00c9X","twitter_card":"summary_large_image","twitter_misc":{"Escrito por":"Redacci\u00f3n Proyecci\u00f3n EDOM\u00c9X","Tiempo de lectura":"5 minutos"},"schema":{"@context":"https:\/\/schema.org","@graph":[{"@type":"Article","@id":"https:\/\/proyeccionedomex.com.mx\/?p=8018#article","isPartOf":{"@id":"https:\/\/proyeccionedomex.com.mx\/?p=8018"},"author":{"name":"Redacci\u00f3n Proyecci\u00f3n EDOM\u00c9X","@id":"https:\/\/proyeccionedomex.com.mx\/#\/schema\/person\/2e66b5427bffed972a69e6b66b4e3a76"},"headline":"Observatorio de Pueblos Originarios y Comunidades Afrodescendientes busca transformar la justicia con enfoque intercultural","datePublished":"2025-08-08T14:55:51+00:00","dateModified":"2025-08-08T14:55:55+00:00","mainEntityOfPage":{"@id":"https:\/\/proyeccionedomex.com.mx\/?p=8018"},"wordCount":984,"commentCount":0,"publisher":{"@id":"https:\/\/proyeccionedomex.com.mx\/#organization"},"image":{"@id":"https:\/\/proyeccionedomex.com.mx\/?p=8018#primaryimage"},"thumbnailUrl":"https:\/\/proyeccionedomex.com.mx\/wp-content\/uploads\/2025\/08\/image-14.jpeg","articleSection":["Politica"],"inLanguage":"es","potentialAction":[{"@type":"CommentAction","name":"Comment","target":["https:\/\/proyeccionedomex.com.mx\/?p=8018#respond"]}]},{"@type":"WebPage","@id":"https:\/\/proyeccionedomex.com.mx\/?p=8018","url":"https:\/\/proyeccionedomex.com.mx\/?p=8018","name":"Observatorio de Pueblos Originarios y Comunidades Afrodescendientes busca transformar la justicia con enfoque intercultural - Proyecci\u00f3n Estado de M\u00e9xico","isPartOf":{"@id":"https:\/\/proyeccionedomex.com.mx\/#website"},"primaryImageOfPage":{"@id":"https:\/\/proyeccionedomex.com.mx\/?p=8018#primaryimage"},"image":{"@id":"https:\/\/proyeccionedomex.com.mx\/?p=8018#primaryimage"},"thumbnailUrl":"https:\/\/proyeccionedomex.com.mx\/wp-content\/uploads\/2025\/08\/image-14.jpeg","datePublished":"2025-08-08T14:55:51+00:00","dateModified":"2025-08-08T14:55:55+00:00","breadcrumb":{"@id":"https:\/\/proyeccionedomex.com.mx\/?p=8018#breadcrumb"},"inLanguage":"es","potentialAction":[{"@type":"ReadAction","target":["https:\/\/proyeccionedomex.com.mx\/?p=8018"]}]},{"@type":"ImageObject","inLanguage":"es","@id":"https:\/\/proyeccionedomex.com.mx\/?p=8018#primaryimage","url":"https:\/\/proyeccionedomex.com.mx\/wp-content\/uploads\/2025\/08\/image-14.jpeg","contentUrl":"https:\/\/proyeccionedomex.com.mx\/wp-content\/uploads\/2025\/08\/image-14.jpeg","width":1728,"height":1152},{"@type":"BreadcrumbList","@id":"https:\/\/proyeccionedomex.com.mx\/?p=8018#breadcrumb","itemListElement":[{"@type":"ListItem","position":1,"name":"Portada","item":"https:\/\/proyeccionedomex.com.mx\/"},{"@type":"ListItem","position":2,"name":"Observatorio de Pueblos Originarios y Comunidades Afrodescendientes busca transformar la justicia con enfoque intercultural"}]},{"@type":"WebSite","@id":"https:\/\/proyeccionedomex.com.mx\/#website","url":"https:\/\/proyeccionedomex.com.mx\/","name":"Proyecci\u00f3n Estado de M\u00e9xico","description":"Proyecci\u00f3n Edo. Mex.","publisher":{"@id":"https:\/\/proyeccionedomex.com.mx\/#organization"},"potentialAction":[{"@type":"SearchAction","target":{"@type":"EntryPoint","urlTemplate":"https:\/\/proyeccionedomex.com.mx\/?s={search_term_string}"},"query-input":{"@type":"PropertyValueSpecification","valueRequired":true,"valueName":"search_term_string"}}],"inLanguage":"es"},{"@type":"Organization","@id":"https:\/\/proyeccionedomex.com.mx\/#organization","name":"Proyecci\u00f3n Estado de M\u00e9xico","url":"https:\/\/proyeccionedomex.com.mx\/","logo":{"@type":"ImageObject","inLanguage":"es","@id":"https:\/\/proyeccionedomex.com.mx\/#\/schema\/logo\/image\/","url":"https:\/\/proyeccionedomex.com.mx\/wp-content\/uploads\/2024\/03\/proyeccion.jpg","contentUrl":"https:\/\/proyeccionedomex.com.mx\/wp-content\/uploads\/2024\/03\/proyeccion.jpg","width":1143,"height":801,"caption":"Proyecci\u00f3n Estado de M\u00e9xico"},"image":{"@id":"https:\/\/proyeccionedomex.com.mx\/#\/schema\/logo\/image\/"},"sameAs":["https:\/\/www.facebook.com\/PortaldeNoticiasProyeccionEdomex"]},{"@type":"Person","@id":"https:\/\/proyeccionedomex.com.mx\/#\/schema\/person\/2e66b5427bffed972a69e6b66b4e3a76","name":"Redacci\u00f3n Proyecci\u00f3n EDOM\u00c9X","image":{"@type":"ImageObject","inLanguage":"es","@id":"https:\/\/secure.gravatar.com\/avatar\/f43a2254d614198c44c96f86f1f078a06cac3d39a3250e9245aa331797519cab?s=96&d=mm&r=g","url":"https:\/\/secure.gravatar.com\/avatar\/f43a2254d614198c44c96f86f1f078a06cac3d39a3250e9245aa331797519cab?s=96&d=mm&r=g","contentUrl":"https:\/\/secure.gravatar.com\/avatar\/f43a2254d614198c44c96f86f1f078a06cac3d39a3250e9245aa331797519cab?s=96&d=mm&r=g","caption":"Redacci\u00f3n Proyecci\u00f3n EDOM\u00c9X"},"sameAs":["https:\/\/proyeccionedomex.com.mx"],"url":"https:\/\/proyeccionedomex.com.mx\/?author=1"}]}},"_links":{"self":[{"href":"https:\/\/proyeccionedomex.com.mx\/index.php?rest_route=\/wp\/v2\/posts\/8018","targetHints":{"allow":["GET"]}}],"collection":[{"href":"https:\/\/proyeccionedomex.com.mx\/index.php?rest_route=\/wp\/v2\/posts"}],"about":[{"href":"https:\/\/proyeccionedomex.com.mx\/index.php?rest_route=\/wp\/v2\/types\/post"}],"author":[{"embeddable":true,"href":"https:\/\/proyeccionedomex.com.mx\/index.php?rest_route=\/wp\/v2\/users\/1"}],"replies":[{"embeddable":true,"href":"https:\/\/proyeccionedomex.com.mx\/index.php?rest_route=%2Fwp%2Fv2%2Fcomments&post=8018"}],"version-history":[{"count":1,"href":"https:\/\/proyeccionedomex.com.mx\/index.php?rest_route=\/wp\/v2\/posts\/8018\/revisions"}],"predecessor-version":[{"id":8020,"href":"https:\/\/proyeccionedomex.com.mx\/index.php?rest_route=\/wp\/v2\/posts\/8018\/revisions\/8020"}],"wp:featuredmedia":[{"embeddable":true,"href":"https:\/\/proyeccionedomex.com.mx\/index.php?rest_route=\/wp\/v2\/media\/8019"}],"wp:attachment":[{"href":"https:\/\/proyeccionedomex.com.mx\/index.php?rest_route=%2Fwp%2Fv2%2Fmedia&parent=8018"}],"wp:term":[{"taxonomy":"category","embeddable":true,"href":"https:\/\/proyeccionedomex.com.mx\/index.php?rest_route=%2Fwp%2Fv2%2Fcategories&post=8018"},{"taxonomy":"post_tag","embeddable":true,"href":"https:\/\/proyeccionedomex.com.mx\/index.php?rest_route=%2Fwp%2Fv2%2Ftags&post=8018"}],"curies":[{"name":"wp","href":"https:\/\/api.w.org\/{rel}","templated":true}]}}