{"id":8021,"date":"2025-08-08T14:56:52","date_gmt":"2025-08-08T14:56:52","guid":{"rendered":"https:\/\/proyeccionedomex.com.mx\/?p=8021"},"modified":"2025-08-08T14:56:56","modified_gmt":"2025-08-08T14:56:56","slug":"por-la-libre-16","status":"publish","type":"post","link":"https:\/\/proyeccionedomex.com.mx\/?p=8021","title":{"rendered":"POR LA LIBRE"},"content":{"rendered":"\n<p>POR LA LIBRE<\/p>\n\n\n\n<p>SORPRESAS EN LA DESIGNACI\u00d3N DEL GABINETE DE LA RECTORA DE LA UAEM\u00e9x<\/p>\n\n\n\n<p>Por: Antonio Ju\u00e1rez<\/p>\n\n\n\n<p>A pesar de que a\u00fan hay unidades acad\u00e9micas en paro, 17 de 55 seg\u00fan se inform\u00f3, la Universidad Aut\u00f3noma del Estado de M\u00e9xico sigue avanzando hacia la normalidad, y luego del proceso electoral, y de varios encuentros para dialogar con estudiantes y no estudiantes, que a\u00fan tienen una larga lista de exigencias, este lunes la rectora Martha Patricia Zarza Delgado dio a conocer a quienes integrar\u00e1n su equipo de trabajo de primer nivel.<\/p>\n\n\n\n<p>Casi todos son nombres y caras nuevas, y por todo el talento que hay en la UAEM\u00e9x se hubiera cre\u00eddo que los nuevos secretarios tendr\u00edan grado de Doctorado, pero tambi\u00e9n hay varios que tienen grado de Maestr\u00eda; eso s\u00ed, todos y todas, sin excepci\u00f3n, son Uaemitas de pura cepa. Se coment\u00f3 que varios podr\u00edan ser producto de negociaciones, pero sin lugar a dudas tienen la camiseta bien puesta, y hay expectaci\u00f3n por ver su desempe\u00f1o, comenzando por la conclusi\u00f3n de este proceso de renovaci\u00f3n de la Rector\u00eda para el cual todav\u00eda faltan algunos episodios.<\/p>\n\n\n\n<p>Dicen los que saben que quedan dos cosas importantes por resolver: una, que los paristas entiendan que los recursos son finitos, y que el presupuesto de la M\u00e1xima Casa de Estudios Mexiquense se autoriz\u00f3 desde el a\u00f1o pasado y no hay forma de modificarlo a medio a\u00f1o; es un proceso que pasa por una iniciativa del Ejecutivo que queda a consideraci\u00f3n de la C\u00e1mara de Diputados, para finalmente distribuir los presupuestos a las diversas \u00e1reas gubernamentales, y eso incluye la Educaci\u00f3n. Dice un viejo adagio que \u201cno se le puede sacar sangre a una piedra\u201d, as\u00ed que por lo pronto, una de las peticiones de los que se dicen estudiantes universitarios y que siguen en paro, es que les pongan comedores en todas las escuelas y facultades para todos los alumnos donde diario, puedan comer de manera gratuita, lo cual es ut\u00f3pico.<\/p>\n\n\n\n<p>Otro tema que se ventil\u00f3 ah\u00ed en el Centro Cultural Casa de las Diligencias, en Toluca, donde la Rectora present\u00f3 a su equipo, es que hay evidencias de que entre los rijosos hay sujetos que intentan camuflagearse entre los verdaderos estudiantes, y sobre todo ellos ser\u00edan los responsables de los da\u00f1os en los bienes causados a la Universidad. La mano que mece la cuna, dicen, sale de la presidencia municipal de Toluca\u2026<\/p>\n\n\n\n<p>Se crearon dos nuevas Secretar\u00edas: la de Igualdad Sustantiva y Cuidados, a cargo de la Dra. Miriam S\u00e1nchez \u00c1ngeles, Doctora en Ciencias con \u00e9nfasis en Educaci\u00f3n, y la Secretar\u00eda de Centros Universitarios y Unidades Acad\u00e9micas, liderada por el Dr. Jos\u00e9 Guadalupe Miranda Hern\u00e1ndez, Doctor en Ciencias e Ingenier\u00eda de Materiales.<\/p>\n\n\n\n<p>Lo que era el cargo de Abogado General se convierte en la Consejer\u00eda Jur\u00eddica Universitaria, bajo la titularidad de la Lic. Evangelina Sales S\u00e1nchez, con estudios de Maestr\u00eda en Derecho. Y una designaci\u00f3n esperada por los periodistas, la de titular de Comunicaci\u00f3n Social Universitaria, que encabeza la Dra. Mar\u00eda Fernanda Vald\u00e9s Figueroa, Doctora en Dise\u00f1o, de quien dijo la Rectora Zarza Delgado, asumir\u00e1 la tarea de fortalecer los canales de comunicaci\u00f3n interna y externa para propiciar cercan\u00eda, transparencia y sentido de pertenencia con la comunidad verde y oro. Para concluir, la rectora present\u00f3 al Dr. Bernardo J. Almaraz Calder\u00f3n, Doctor en Pol\u00edticas P\u00fablicas, como Jefe de la Oficina de la Rector\u00eda.<\/p>\n\n\n\n<p>Se cuida de las lluvias, las inundaciones y los malosos y, nos leemos.<\/p>\n","protected":false},"excerpt":{"rendered":"<p>POR LA LIBRE SORPRESAS EN LA DESIGNACI\u00d3N DEL GABINETE DE LA RECTORA DE LA UAEM\u00e9x Por: Antonio Ju\u00e1rez A pesar de que a\u00fan hay unidades acad\u00e9micas en paro, 17 de 55 seg\u00fan se inform\u00f3, la Universidad Aut\u00f3noma del Estado de M\u00e9xico sigue avanzando hacia la normalidad, y luego del proceso electoral, y de varios encuentros [&hellip;]<\/p>\n","protected":false},"author":1,"featured_media":5197,"comment_status":"open","ping_status":"closed","sticky":false,"template":"","format":"standard","meta":{"footnotes":""},"categories":[1],"tags":[],"class_list":{"0":"post-8021","1":"post","2":"type-post","3":"status-publish","4":"format-standard","5":"has-post-thumbnail","7":"category-politica"},"yoast_head":"<!-- This site is optimized with the Yoast SEO plugin v27.5 - https:\/\/yoast.com\/product\/yoast-seo-wordpress\/ -->\n<title>POR LA LIBRE - Proyecci\u00f3n Estado de M\u00e9xico<\/title>\n<meta name=\"robots\" content=\"index, follow, max-snippet:-1, max-image-preview:large, max-video-preview:-1\" \/>\n<link rel=\"canonical\" href=\"https:\/\/proyeccionedomex.com.mx\/?p=8021\" \/>\n<meta property=\"og:locale\" content=\"es_ES\" \/>\n<meta property=\"og:type\" content=\"article\" \/>\n<meta property=\"og:title\" content=\"POR LA LIBRE - Proyecci\u00f3n Estado de M\u00e9xico\" \/>\n<meta property=\"og:description\" content=\"POR LA LIBRE SORPRESAS EN LA DESIGNACI\u00d3N DEL GABINETE DE LA RECTORA DE LA UAEM\u00e9x Por: Antonio Ju\u00e1rez A pesar de que a\u00fan hay unidades acad\u00e9micas en paro, 17 de 55 seg\u00fan se inform\u00f3, la Universidad Aut\u00f3noma del Estado de M\u00e9xico sigue avanzando hacia la normalidad, y luego del proceso electoral, y de varios encuentros [&hellip;]\" \/>\n<meta property=\"og:url\" content=\"https:\/\/proyeccionedomex.com.mx\/?p=8021\" \/>\n<meta property=\"og:site_name\" content=\"Proyecci\u00f3n Estado de M\u00e9xico\" \/>\n<meta property=\"article:publisher\" content=\"https:\/\/www.facebook.com\/PortaldeNoticiasProyeccionEdomex\" \/>\n<meta property=\"article:published_time\" content=\"2025-08-08T14:56:52+00:00\" \/>\n<meta property=\"article:modified_time\" content=\"2025-08-08T14:56:56+00:00\" \/>\n<meta property=\"og:image\" content=\"https:\/\/proyeccionedomex.com.mx\/wp-content\/uploads\/2025\/02\/columna-por.png\" \/>\n\t<meta property=\"og:image:width\" content=\"2084\" \/>\n\t<meta property=\"og:image:height\" content=\"1604\" \/>\n\t<meta property=\"og:image:type\" content=\"image\/png\" \/>\n<meta name=\"author\" content=\"Redacci\u00f3n Proyecci\u00f3n EDOM\u00c9X\" \/>\n<meta name=\"twitter:card\" content=\"summary_large_image\" \/>\n<meta name=\"twitter:label1\" content=\"Escrito por\" \/>\n\t<meta name=\"twitter:data1\" content=\"Redacci\u00f3n Proyecci\u00f3n EDOM\u00c9X\" \/>\n\t<meta name=\"twitter:label2\" content=\"Tiempo de lectura\" \/>\n\t<meta name=\"twitter:data2\" content=\"3 minutos\" \/>\n<script type=\"application\/ld+json\" class=\"yoast-schema-graph\">{\"@context\":\"https:\\\/\\\/schema.org\",\"@graph\":[{\"@type\":\"Article\",\"@id\":\"https:\\\/\\\/proyeccionedomex.com.mx\\\/?p=8021#article\",\"isPartOf\":{\"@id\":\"https:\\\/\\\/proyeccionedomex.com.mx\\\/?p=8021\"},\"author\":{\"name\":\"Redacci\u00f3n Proyecci\u00f3n EDOM\u00c9X\",\"@id\":\"https:\\\/\\\/proyeccionedomex.com.mx\\\/#\\\/schema\\\/person\\\/2e66b5427bffed972a69e6b66b4e3a76\"},\"headline\":\"POR LA LIBRE\",\"datePublished\":\"2025-08-08T14:56:52+00:00\",\"dateModified\":\"2025-08-08T14:56:56+00:00\",\"mainEntityOfPage\":{\"@id\":\"https:\\\/\\\/proyeccionedomex.com.mx\\\/?p=8021\"},\"wordCount\":628,\"commentCount\":0,\"publisher\":{\"@id\":\"https:\\\/\\\/proyeccionedomex.com.mx\\\/#organization\"},\"image\":{\"@id\":\"https:\\\/\\\/proyeccionedomex.com.mx\\\/?p=8021#primaryimage\"},\"thumbnailUrl\":\"https:\\\/\\\/proyeccionedomex.com.mx\\\/wp-content\\\/uploads\\\/2025\\\/02\\\/columna-por.png\",\"articleSection\":[\"Politica\"],\"inLanguage\":\"es\",\"potentialAction\":[{\"@type\":\"CommentAction\",\"name\":\"Comment\",\"target\":[\"https:\\\/\\\/proyeccionedomex.com.mx\\\/?p=8021#respond\"]}]},{\"@type\":\"WebPage\",\"@id\":\"https:\\\/\\\/proyeccionedomex.com.mx\\\/?p=8021\",\"url\":\"https:\\\/\\\/proyeccionedomex.com.mx\\\/?p=8021\",\"name\":\"POR LA LIBRE - Proyecci\u00f3n Estado de M\u00e9xico\",\"isPartOf\":{\"@id\":\"https:\\\/\\\/proyeccionedomex.com.mx\\\/#website\"},\"primaryImageOfPage\":{\"@id\":\"https:\\\/\\\/proyeccionedomex.com.mx\\\/?p=8021#primaryimage\"},\"image\":{\"@id\":\"https:\\\/\\\/proyeccionedomex.com.mx\\\/?p=8021#primaryimage\"},\"thumbnailUrl\":\"https:\\\/\\\/proyeccionedomex.com.mx\\\/wp-content\\\/uploads\\\/2025\\\/02\\\/columna-por.png\",\"datePublished\":\"2025-08-08T14:56:52+00:00\",\"dateModified\":\"2025-08-08T14:56:56+00:00\",\"breadcrumb\":{\"@id\":\"https:\\\/\\\/proyeccionedomex.com.mx\\\/?p=8021#breadcrumb\"},\"inLanguage\":\"es\",\"potentialAction\":[{\"@type\":\"ReadAction\",\"target\":[\"https:\\\/\\\/proyeccionedomex.com.mx\\\/?p=8021\"]}]},{\"@type\":\"ImageObject\",\"inLanguage\":\"es\",\"@id\":\"https:\\\/\\\/proyeccionedomex.com.mx\\\/?p=8021#primaryimage\",\"url\":\"https:\\\/\\\/proyeccionedomex.com.mx\\\/wp-content\\\/uploads\\\/2025\\\/02\\\/columna-por.png\",\"contentUrl\":\"https:\\\/\\\/proyeccionedomex.com.mx\\\/wp-content\\\/uploads\\\/2025\\\/02\\\/columna-por.png\",\"width\":2084,\"height\":1604},{\"@type\":\"BreadcrumbList\",\"@id\":\"https:\\\/\\\/proyeccionedomex.com.mx\\\/?p=8021#breadcrumb\",\"itemListElement\":[{\"@type\":\"ListItem\",\"position\":1,\"name\":\"Portada\",\"item\":\"https:\\\/\\\/proyeccionedomex.com.mx\\\/\"},{\"@type\":\"ListItem\",\"position\":2,\"name\":\"POR LA LIBRE\"}]},{\"@type\":\"WebSite\",\"@id\":\"https:\\\/\\\/proyeccionedomex.com.mx\\\/#website\",\"url\":\"https:\\\/\\\/proyeccionedomex.com.mx\\\/\",\"name\":\"Proyecci\u00f3n Estado de M\u00e9xico\",\"description\":\"Proyecci\u00f3n Edo. Mex.\",\"publisher\":{\"@id\":\"https:\\\/\\\/proyeccionedomex.com.mx\\\/#organization\"},\"potentialAction\":[{\"@type\":\"SearchAction\",\"target\":{\"@type\":\"EntryPoint\",\"urlTemplate\":\"https:\\\/\\\/proyeccionedomex.com.mx\\\/?s={search_term_string}\"},\"query-input\":{\"@type\":\"PropertyValueSpecification\",\"valueRequired\":true,\"valueName\":\"search_term_string\"}}],\"inLanguage\":\"es\"},{\"@type\":\"Organization\",\"@id\":\"https:\\\/\\\/proyeccionedomex.com.mx\\\/#organization\",\"name\":\"Proyecci\u00f3n Estado de M\u00e9xico\",\"url\":\"https:\\\/\\\/proyeccionedomex.com.mx\\\/\",\"logo\":{\"@type\":\"ImageObject\",\"inLanguage\":\"es\",\"@id\":\"https:\\\/\\\/proyeccionedomex.com.mx\\\/#\\\/schema\\\/logo\\\/image\\\/\",\"url\":\"https:\\\/\\\/proyeccionedomex.com.mx\\\/wp-content\\\/uploads\\\/2024\\\/03\\\/proyeccion.jpg\",\"contentUrl\":\"https:\\\/\\\/proyeccionedomex.com.mx\\\/wp-content\\\/uploads\\\/2024\\\/03\\\/proyeccion.jpg\",\"width\":1143,\"height\":801,\"caption\":\"Proyecci\u00f3n Estado de M\u00e9xico\"},\"image\":{\"@id\":\"https:\\\/\\\/proyeccionedomex.com.mx\\\/#\\\/schema\\\/logo\\\/image\\\/\"},\"sameAs\":[\"https:\\\/\\\/www.facebook.com\\\/PortaldeNoticiasProyeccionEdomex\"]},{\"@type\":\"Person\",\"@id\":\"https:\\\/\\\/proyeccionedomex.com.mx\\\/#\\\/schema\\\/person\\\/2e66b5427bffed972a69e6b66b4e3a76\",\"name\":\"Redacci\u00f3n Proyecci\u00f3n EDOM\u00c9X\",\"image\":{\"@type\":\"ImageObject\",\"inLanguage\":\"es\",\"@id\":\"https:\\\/\\\/secure.gravatar.com\\\/avatar\\\/f43a2254d614198c44c96f86f1f078a06cac3d39a3250e9245aa331797519cab?s=96&d=mm&r=g\",\"url\":\"https:\\\/\\\/secure.gravatar.com\\\/avatar\\\/f43a2254d614198c44c96f86f1f078a06cac3d39a3250e9245aa331797519cab?s=96&d=mm&r=g\",\"contentUrl\":\"https:\\\/\\\/secure.gravatar.com\\\/avatar\\\/f43a2254d614198c44c96f86f1f078a06cac3d39a3250e9245aa331797519cab?s=96&d=mm&r=g\",\"caption\":\"Redacci\u00f3n Proyecci\u00f3n EDOM\u00c9X\"},\"sameAs\":[\"https:\\\/\\\/proyeccionedomex.com.mx\"],\"url\":\"https:\\\/\\\/proyeccionedomex.com.mx\\\/?author=1\"}]}<\/script>\n<!-- \/ Yoast SEO plugin. -->","yoast_head_json":{"title":"POR LA LIBRE - Proyecci\u00f3n Estado de M\u00e9xico","robots":{"index":"index","follow":"follow","max-snippet":"max-snippet:-1","max-image-preview":"max-image-preview:large","max-video-preview":"max-video-preview:-1"},"canonical":"https:\/\/proyeccionedomex.com.mx\/?p=8021","og_locale":"es_ES","og_type":"article","og_title":"POR LA LIBRE - Proyecci\u00f3n Estado de M\u00e9xico","og_description":"POR LA LIBRE SORPRESAS EN LA DESIGNACI\u00d3N DEL GABINETE DE LA RECTORA DE LA UAEM\u00e9x Por: Antonio Ju\u00e1rez A pesar de que a\u00fan hay unidades acad\u00e9micas en paro, 17 de 55 seg\u00fan se inform\u00f3, la Universidad Aut\u00f3noma del Estado de M\u00e9xico sigue avanzando hacia la normalidad, y luego del proceso electoral, y de varios encuentros [&hellip;]","og_url":"https:\/\/proyeccionedomex.com.mx\/?p=8021","og_site_name":"Proyecci\u00f3n Estado de M\u00e9xico","article_publisher":"https:\/\/www.facebook.com\/PortaldeNoticiasProyeccionEdomex","article_published_time":"2025-08-08T14:56:52+00:00","article_modified_time":"2025-08-08T14:56:56+00:00","og_image":[{"width":2084,"height":1604,"url":"https:\/\/proyeccionedomex.com.mx\/wp-content\/uploads\/2025\/02\/columna-por.png","type":"image\/png"}],"author":"Redacci\u00f3n Proyecci\u00f3n EDOM\u00c9X","twitter_card":"summary_large_image","twitter_misc":{"Escrito por":"Redacci\u00f3n Proyecci\u00f3n EDOM\u00c9X","Tiempo de lectura":"3 minutos"},"schema":{"@context":"https:\/\/schema.org","@graph":[{"@type":"Article","@id":"https:\/\/proyeccionedomex.com.mx\/?p=8021#article","isPartOf":{"@id":"https:\/\/proyeccionedomex.com.mx\/?p=8021"},"author":{"name":"Redacci\u00f3n Proyecci\u00f3n EDOM\u00c9X","@id":"https:\/\/proyeccionedomex.com.mx\/#\/schema\/person\/2e66b5427bffed972a69e6b66b4e3a76"},"headline":"POR LA LIBRE","datePublished":"2025-08-08T14:56:52+00:00","dateModified":"2025-08-08T14:56:56+00:00","mainEntityOfPage":{"@id":"https:\/\/proyeccionedomex.com.mx\/?p=8021"},"wordCount":628,"commentCount":0,"publisher":{"@id":"https:\/\/proyeccionedomex.com.mx\/#organization"},"image":{"@id":"https:\/\/proyeccionedomex.com.mx\/?p=8021#primaryimage"},"thumbnailUrl":"https:\/\/proyeccionedomex.com.mx\/wp-content\/uploads\/2025\/02\/columna-por.png","articleSection":["Politica"],"inLanguage":"es","potentialAction":[{"@type":"CommentAction","name":"Comment","target":["https:\/\/proyeccionedomex.com.mx\/?p=8021#respond"]}]},{"@type":"WebPage","@id":"https:\/\/proyeccionedomex.com.mx\/?p=8021","url":"https:\/\/proyeccionedomex.com.mx\/?p=8021","name":"POR LA LIBRE - Proyecci\u00f3n Estado de M\u00e9xico","isPartOf":{"@id":"https:\/\/proyeccionedomex.com.mx\/#website"},"primaryImageOfPage":{"@id":"https:\/\/proyeccionedomex.com.mx\/?p=8021#primaryimage"},"image":{"@id":"https:\/\/proyeccionedomex.com.mx\/?p=8021#primaryimage"},"thumbnailUrl":"https:\/\/proyeccionedomex.com.mx\/wp-content\/uploads\/2025\/02\/columna-por.png","datePublished":"2025-08-08T14:56:52+00:00","dateModified":"2025-08-08T14:56:56+00:00","breadcrumb":{"@id":"https:\/\/proyeccionedomex.com.mx\/?p=8021#breadcrumb"},"inLanguage":"es","potentialAction":[{"@type":"ReadAction","target":["https:\/\/proyeccionedomex.com.mx\/?p=8021"]}]},{"@type":"ImageObject","inLanguage":"es","@id":"https:\/\/proyeccionedomex.com.mx\/?p=8021#primaryimage","url":"https:\/\/proyeccionedomex.com.mx\/wp-content\/uploads\/2025\/02\/columna-por.png","contentUrl":"https:\/\/proyeccionedomex.com.mx\/wp-content\/uploads\/2025\/02\/columna-por.png","width":2084,"height":1604},{"@type":"BreadcrumbList","@id":"https:\/\/proyeccionedomex.com.mx\/?p=8021#breadcrumb","itemListElement":[{"@type":"ListItem","position":1,"name":"Portada","item":"https:\/\/proyeccionedomex.com.mx\/"},{"@type":"ListItem","position":2,"name":"POR LA LIBRE"}]},{"@type":"WebSite","@id":"https:\/\/proyeccionedomex.com.mx\/#website","url":"https:\/\/proyeccionedomex.com.mx\/","name":"Proyecci\u00f3n Estado de M\u00e9xico","description":"Proyecci\u00f3n Edo. Mex.","publisher":{"@id":"https:\/\/proyeccionedomex.com.mx\/#organization"},"potentialAction":[{"@type":"SearchAction","target":{"@type":"EntryPoint","urlTemplate":"https:\/\/proyeccionedomex.com.mx\/?s={search_term_string}"},"query-input":{"@type":"PropertyValueSpecification","valueRequired":true,"valueName":"search_term_string"}}],"inLanguage":"es"},{"@type":"Organization","@id":"https:\/\/proyeccionedomex.com.mx\/#organization","name":"Proyecci\u00f3n Estado de M\u00e9xico","url":"https:\/\/proyeccionedomex.com.mx\/","logo":{"@type":"ImageObject","inLanguage":"es","@id":"https:\/\/proyeccionedomex.com.mx\/#\/schema\/logo\/image\/","url":"https:\/\/proyeccionedomex.com.mx\/wp-content\/uploads\/2024\/03\/proyeccion.jpg","contentUrl":"https:\/\/proyeccionedomex.com.mx\/wp-content\/uploads\/2024\/03\/proyeccion.jpg","width":1143,"height":801,"caption":"Proyecci\u00f3n Estado de M\u00e9xico"},"image":{"@id":"https:\/\/proyeccionedomex.com.mx\/#\/schema\/logo\/image\/"},"sameAs":["https:\/\/www.facebook.com\/PortaldeNoticiasProyeccionEdomex"]},{"@type":"Person","@id":"https:\/\/proyeccionedomex.com.mx\/#\/schema\/person\/2e66b5427bffed972a69e6b66b4e3a76","name":"Redacci\u00f3n Proyecci\u00f3n EDOM\u00c9X","image":{"@type":"ImageObject","inLanguage":"es","@id":"https:\/\/secure.gravatar.com\/avatar\/f43a2254d614198c44c96f86f1f078a06cac3d39a3250e9245aa331797519cab?s=96&d=mm&r=g","url":"https:\/\/secure.gravatar.com\/avatar\/f43a2254d614198c44c96f86f1f078a06cac3d39a3250e9245aa331797519cab?s=96&d=mm&r=g","contentUrl":"https:\/\/secure.gravatar.com\/avatar\/f43a2254d614198c44c96f86f1f078a06cac3d39a3250e9245aa331797519cab?s=96&d=mm&r=g","caption":"Redacci\u00f3n Proyecci\u00f3n EDOM\u00c9X"},"sameAs":["https:\/\/proyeccionedomex.com.mx"],"url":"https:\/\/proyeccionedomex.com.mx\/?author=1"}]}},"_links":{"self":[{"href":"https:\/\/proyeccionedomex.com.mx\/index.php?rest_route=\/wp\/v2\/posts\/8021","targetHints":{"allow":["GET"]}}],"collection":[{"href":"https:\/\/proyeccionedomex.com.mx\/index.php?rest_route=\/wp\/v2\/posts"}],"about":[{"href":"https:\/\/proyeccionedomex.com.mx\/index.php?rest_route=\/wp\/v2\/types\/post"}],"author":[{"embeddable":true,"href":"https:\/\/proyeccionedomex.com.mx\/index.php?rest_route=\/wp\/v2\/users\/1"}],"replies":[{"embeddable":true,"href":"https:\/\/proyeccionedomex.com.mx\/index.php?rest_route=%2Fwp%2Fv2%2Fcomments&post=8021"}],"version-history":[{"count":1,"href":"https:\/\/proyeccionedomex.com.mx\/index.php?rest_route=\/wp\/v2\/posts\/8021\/revisions"}],"predecessor-version":[{"id":8022,"href":"https:\/\/proyeccionedomex.com.mx\/index.php?rest_route=\/wp\/v2\/posts\/8021\/revisions\/8022"}],"wp:featuredmedia":[{"embeddable":true,"href":"https:\/\/proyeccionedomex.com.mx\/index.php?rest_route=\/wp\/v2\/media\/5197"}],"wp:attachment":[{"href":"https:\/\/proyeccionedomex.com.mx\/index.php?rest_route=%2Fwp%2Fv2%2Fmedia&parent=8021"}],"wp:term":[{"taxonomy":"category","embeddable":true,"href":"https:\/\/proyeccionedomex.com.mx\/index.php?rest_route=%2Fwp%2Fv2%2Fcategories&post=8021"},{"taxonomy":"post_tag","embeddable":true,"href":"https:\/\/proyeccionedomex.com.mx\/index.php?rest_route=%2Fwp%2Fv2%2Ftags&post=8021"}],"curies":[{"name":"wp","href":"https:\/\/api.w.org\/{rel}","templated":true}]}}