{"id":9597,"date":"2025-11-04T15:11:38","date_gmt":"2025-11-04T15:11:38","guid":{"rendered":"https:\/\/proyeccionedomex.com.mx\/?p=9597"},"modified":"2025-11-04T15:11:42","modified_gmt":"2025-11-04T15:11:42","slug":"convoca-el-poder-judicial-mexiquense-a-la-presea-2026-poder-judicial-del-estado-de-mexico","status":"publish","type":"post","link":"https:\/\/proyeccionedomex.com.mx\/?p=9597","title":{"rendered":"CONVOCA EL PODER JUDICIAL MEXIQUENSE A LA PRESEA 2026 \u201cPODER JUDICIAL DEL ESTADO DE M\u00c9XICO\u201d"},"content":{"rendered":"\n<figure class=\"wp-block-image size-large td-caption-align-https:\/\/proyeccionedomex.com.mx\/wp-content\/uploads\/2025\/11\/Imagen-de-WhatsApp-2025-11-04-a-las-08.25.52_52cbeb53.jpg\"><img loading=\"lazy\" decoding=\"async\" width=\"1024\" height=\"657\" src=\"https:\/\/proyeccionedomex.com.mx\/wp-content\/uploads\/2025\/11\/Imagen-de-WhatsApp-2025-11-04-a-las-08.25.52_52cbeb53-1024x657.jpg\" alt=\"\" class=\"wp-image-9598\" srcset=\"https:\/\/proyeccionedomex.com.mx\/wp-content\/uploads\/2025\/11\/Imagen-de-WhatsApp-2025-11-04-a-las-08.25.52_52cbeb53-1024x657.jpg 1024w, https:\/\/proyeccionedomex.com.mx\/wp-content\/uploads\/2025\/11\/Imagen-de-WhatsApp-2025-11-04-a-las-08.25.52_52cbeb53-300x193.jpg 300w, https:\/\/proyeccionedomex.com.mx\/wp-content\/uploads\/2025\/11\/Imagen-de-WhatsApp-2025-11-04-a-las-08.25.52_52cbeb53-768x493.jpg 768w, https:\/\/proyeccionedomex.com.mx\/wp-content\/uploads\/2025\/11\/Imagen-de-WhatsApp-2025-11-04-a-las-08.25.52_52cbeb53-1536x986.jpg 1536w, https:\/\/proyeccionedomex.com.mx\/wp-content\/uploads\/2025\/11\/Imagen-de-WhatsApp-2025-11-04-a-las-08.25.52_52cbeb53-696x447.jpg 696w, https:\/\/proyeccionedomex.com.mx\/wp-content\/uploads\/2025\/11\/Imagen-de-WhatsApp-2025-11-04-a-las-08.25.52_52cbeb53-1068x686.jpg 1068w, https:\/\/proyeccionedomex.com.mx\/wp-content\/uploads\/2025\/11\/Imagen-de-WhatsApp-2025-11-04-a-las-08.25.52_52cbeb53-654x420.jpg 654w, https:\/\/proyeccionedomex.com.mx\/wp-content\/uploads\/2025\/11\/Imagen-de-WhatsApp-2025-11-04-a-las-08.25.52_52cbeb53.jpg 1575w\" sizes=\"auto, (max-width: 1024px) 100vw, 1024px\" \/><\/figure>\n\n\n\n<p>CONVOCA EL PODER JUDICIAL MEXIQUENSE A LA PRESEA 2026 \u201cPODER JUDICIAL DEL ESTADO DE M\u00c9XICO\u201d<\/p>\n\n\n\n<p>*El galard\u00f3n reconoce la trayectoria de quienes promueven la justicia, el Estado de Derecho y los derechos humanos<\/p>\n\n\n\n<p>*Las postulaciones estar\u00e1n abiertas hasta el 13 de febrero de 2026<\/p>\n\n\n\n<p>Toluca, EDOM\u00c9X.\u2013 El Tribunal Superior de Justicia del Estado de M\u00e9xico (TSJEM) lanz\u00f3 la convocatoria para participar en la Presea \u201cPoder Judicial del Estado de M\u00e9xico\u201d 2026, el m\u00e1ximo reconocimiento que otorga la instituci\u00f3n a personas que han destacado en la impartici\u00f3n, promoci\u00f3n, protecci\u00f3n y garant\u00eda de la justicia, as\u00ed como en el fortalecimiento del Estado Constitucional y Democr\u00e1tico de Derecho.<\/p>\n\n\n\n<p>A trav\u00e9s del Pleno del Tribunal Superior de Justicia, el Poder Judicial mexiquense invita a la ciudadan\u00eda a registrar candidaturas en l\u00ednea o de forma presencial, con apoyo del personal identificado con chalecos azul claro en los accesos de los edificios judiciales. Las postulaciones deber\u00e1n incluir una s\u00edntesis curricular detallada, con los m\u00e9ritos, cargos, publicaciones y aportaciones relevantes de las y los aspirantes.<\/p>\n\n\n\n<p>Entre los datos requeridos se encuentran nombre completo, domicilio, tel\u00e9fono, correo electr\u00f3nico, lugar y fecha de nacimiento, as\u00ed como la categor\u00eda de presea a la que se aspira. Las bases completas pueden consultarse en el sitio oficial www.pjedomex.gob.mx.<\/p>\n\n\n\n<p>La Presea \u201cPoder Judicial del Estado de M\u00e9xico\u201d contempla 10 categor\u00edas, que llevan el nombre de fundadores y figuras emblem\u00e1ticas del derecho en la entidad:<\/p>\n\n\n\n<p>Virtud Judicativa \u201cJacobo Villaurrutia L\u00f3pez y Osorio\u201d<\/p>\n\n\n\n<p>Defensa de los Derechos Humanos \u201cJuan Jos\u00e9 Flores Alatorre\u201d<\/p>\n\n\n\n<p>Derecho Constitucional \u201cJos\u00e9 Domingo Rus\u201d<\/p>\n\n\n\n<p>Derecho Laboral \u201cTom\u00e1s Salgado\u201d<\/p>\n\n\n\n<p>Derecho de Familia \u201cFrancisco Nava\u201d<\/p>\n\n\n\n<p>Derecho Penal \u201cIgnacio Alva\u201d<\/p>\n\n\n\n<p>Derecho Mercantil \u201cRita Raquel Salgado Tenorio\u201d<\/p>\n\n\n\n<p>Justicia Restaurativa \u201cMar\u00eda Guadalupe Alcal\u00e1 Gonz\u00e1lez\u201d<\/p>\n\n\n\n<p>Derecho Civil \u201cAlbertina Ezeta Uribe\u201d<\/p>\n\n\n\n<p>Justicia Intercultural \u201cAndr\u00e9s Molina Enr\u00edquez\u201d, recientemente actualizada para reconocer aportaciones en la promoci\u00f3n y consolidaci\u00f3n de una justicia intercultural, esencial para una sociedad diversa y equitativa.<\/p>\n\n\n\n<p>El registro de candidaturas cerrar\u00e1 el 13 de febrero de 2026, y la entrega de la presea se realizar\u00e1 en sesi\u00f3n p\u00fablica y solemne del Pleno del Tribunal, encabezada por el Magistrado Presidente, el 28 de marzo de 2026, en conmemoraci\u00f3n del aniversario de la instalaci\u00f3n del Poder Judicial del Estado de M\u00e9xico.<\/p>\n\n\n\n<p>Con esta convocatoria, el Poder Judicial reafirma su compromiso con la excelencia jur\u00eddica, la \u00e9tica profesional y el reconocimiento a quienes contribuyen a consolidar una justicia m\u00e1s humana, incluyente y al servicio de la sociedad&nbsp;mexiquense.<\/p>\n","protected":false},"excerpt":{"rendered":"<p>CONVOCA EL PODER JUDICIAL MEXIQUENSE A LA PRESEA 2026 \u201cPODER JUDICIAL DEL ESTADO DE M\u00c9XICO\u201d *El galard\u00f3n reconoce la trayectoria de quienes promueven la justicia, el Estado de Derecho y los derechos humanos *Las postulaciones estar\u00e1n abiertas hasta el 13 de febrero de 2026 Toluca, EDOM\u00c9X.\u2013 El Tribunal Superior de Justicia del Estado de M\u00e9xico [&hellip;]<\/p>\n","protected":false},"author":1,"featured_media":9598,"comment_status":"open","ping_status":"closed","sticky":false,"template":"","format":"standard","meta":{"footnotes":""},"categories":[1],"tags":[],"class_list":{"0":"post-9597","1":"post","2":"type-post","3":"status-publish","4":"format-standard","5":"has-post-thumbnail","7":"category-politica"},"yoast_head":"<!-- This site is optimized with the Yoast SEO plugin v27.5 - https:\/\/yoast.com\/product\/yoast-seo-wordpress\/ -->\n<title>CONVOCA EL PODER JUDICIAL MEXIQUENSE A LA PRESEA 2026 \u201cPODER JUDICIAL DEL ESTADO DE M\u00c9XICO\u201d - Proyecci\u00f3n Estado de M\u00e9xico<\/title>\n<meta name=\"robots\" content=\"index, follow, max-snippet:-1, max-image-preview:large, max-video-preview:-1\" \/>\n<link rel=\"canonical\" href=\"https:\/\/proyeccionedomex.com.mx\/?p=9597\" \/>\n<meta property=\"og:locale\" content=\"es_ES\" \/>\n<meta property=\"og:type\" content=\"article\" \/>\n<meta property=\"og:title\" content=\"CONVOCA EL PODER JUDICIAL MEXIQUENSE A LA PRESEA 2026 \u201cPODER JUDICIAL DEL ESTADO DE M\u00c9XICO\u201d - Proyecci\u00f3n Estado de M\u00e9xico\" \/>\n<meta property=\"og:description\" content=\"CONVOCA EL PODER JUDICIAL MEXIQUENSE A LA PRESEA 2026 \u201cPODER JUDICIAL DEL ESTADO DE M\u00c9XICO\u201d *El galard\u00f3n reconoce la trayectoria de quienes promueven la justicia, el Estado de Derecho y los derechos humanos *Las postulaciones estar\u00e1n abiertas hasta el 13 de febrero de 2026 Toluca, EDOM\u00c9X.\u2013 El Tribunal Superior de Justicia del Estado de M\u00e9xico [&hellip;]\" \/>\n<meta property=\"og:url\" content=\"https:\/\/proyeccionedomex.com.mx\/?p=9597\" \/>\n<meta property=\"og:site_name\" content=\"Proyecci\u00f3n Estado de M\u00e9xico\" \/>\n<meta property=\"article:publisher\" content=\"https:\/\/www.facebook.com\/PortaldeNoticiasProyeccionEdomex\" \/>\n<meta property=\"article:published_time\" content=\"2025-11-04T15:11:38+00:00\" \/>\n<meta property=\"article:modified_time\" content=\"2025-11-04T15:11:42+00:00\" \/>\n<meta property=\"og:image\" content=\"https:\/\/proyeccionedomex.com.mx\/wp-content\/uploads\/2025\/11\/Imagen-de-WhatsApp-2025-11-04-a-las-08.25.52_52cbeb53.jpg\" \/>\n\t<meta property=\"og:image:width\" content=\"1575\" \/>\n\t<meta property=\"og:image:height\" content=\"1011\" \/>\n\t<meta property=\"og:image:type\" content=\"image\/jpeg\" \/>\n<meta name=\"author\" content=\"Redacci\u00f3n Proyecci\u00f3n EDOM\u00c9X\" \/>\n<meta name=\"twitter:card\" content=\"summary_large_image\" \/>\n<meta name=\"twitter:label1\" content=\"Escrito por\" \/>\n\t<meta name=\"twitter:data1\" content=\"Redacci\u00f3n Proyecci\u00f3n EDOM\u00c9X\" \/>\n\t<meta name=\"twitter:label2\" content=\"Tiempo de lectura\" \/>\n\t<meta name=\"twitter:data2\" content=\"3 minutos\" \/>\n<script type=\"application\/ld+json\" class=\"yoast-schema-graph\">{\"@context\":\"https:\\\/\\\/schema.org\",\"@graph\":[{\"@type\":\"Article\",\"@id\":\"https:\\\/\\\/proyeccionedomex.com.mx\\\/?p=9597#article\",\"isPartOf\":{\"@id\":\"https:\\\/\\\/proyeccionedomex.com.mx\\\/?p=9597\"},\"author\":{\"name\":\"Redacci\u00f3n Proyecci\u00f3n EDOM\u00c9X\",\"@id\":\"https:\\\/\\\/proyeccionedomex.com.mx\\\/#\\\/schema\\\/person\\\/2e66b5427bffed972a69e6b66b4e3a76\"},\"headline\":\"CONVOCA EL PODER JUDICIAL MEXIQUENSE A LA PRESEA 2026 \u201cPODER JUDICIAL DEL ESTADO DE M\u00c9XICO\u201d\",\"datePublished\":\"2025-11-04T15:11:38+00:00\",\"dateModified\":\"2025-11-04T15:11:42+00:00\",\"mainEntityOfPage\":{\"@id\":\"https:\\\/\\\/proyeccionedomex.com.mx\\\/?p=9597\"},\"wordCount\":447,\"commentCount\":0,\"publisher\":{\"@id\":\"https:\\\/\\\/proyeccionedomex.com.mx\\\/#organization\"},\"image\":{\"@id\":\"https:\\\/\\\/proyeccionedomex.com.mx\\\/?p=9597#primaryimage\"},\"thumbnailUrl\":\"https:\\\/\\\/proyeccionedomex.com.mx\\\/wp-content\\\/uploads\\\/2025\\\/11\\\/Imagen-de-WhatsApp-2025-11-04-a-las-08.25.52_52cbeb53.jpg\",\"articleSection\":[\"Politica\"],\"inLanguage\":\"es\",\"potentialAction\":[{\"@type\":\"CommentAction\",\"name\":\"Comment\",\"target\":[\"https:\\\/\\\/proyeccionedomex.com.mx\\\/?p=9597#respond\"]}]},{\"@type\":\"WebPage\",\"@id\":\"https:\\\/\\\/proyeccionedomex.com.mx\\\/?p=9597\",\"url\":\"https:\\\/\\\/proyeccionedomex.com.mx\\\/?p=9597\",\"name\":\"CONVOCA EL PODER JUDICIAL MEXIQUENSE A LA PRESEA 2026 \u201cPODER JUDICIAL DEL ESTADO DE M\u00c9XICO\u201d - Proyecci\u00f3n Estado de M\u00e9xico\",\"isPartOf\":{\"@id\":\"https:\\\/\\\/proyeccionedomex.com.mx\\\/#website\"},\"primaryImageOfPage\":{\"@id\":\"https:\\\/\\\/proyeccionedomex.com.mx\\\/?p=9597#primaryimage\"},\"image\":{\"@id\":\"https:\\\/\\\/proyeccionedomex.com.mx\\\/?p=9597#primaryimage\"},\"thumbnailUrl\":\"https:\\\/\\\/proyeccionedomex.com.mx\\\/wp-content\\\/uploads\\\/2025\\\/11\\\/Imagen-de-WhatsApp-2025-11-04-a-las-08.25.52_52cbeb53.jpg\",\"datePublished\":\"2025-11-04T15:11:38+00:00\",\"dateModified\":\"2025-11-04T15:11:42+00:00\",\"breadcrumb\":{\"@id\":\"https:\\\/\\\/proyeccionedomex.com.mx\\\/?p=9597#breadcrumb\"},\"inLanguage\":\"es\",\"potentialAction\":[{\"@type\":\"ReadAction\",\"target\":[\"https:\\\/\\\/proyeccionedomex.com.mx\\\/?p=9597\"]}]},{\"@type\":\"ImageObject\",\"inLanguage\":\"es\",\"@id\":\"https:\\\/\\\/proyeccionedomex.com.mx\\\/?p=9597#primaryimage\",\"url\":\"https:\\\/\\\/proyeccionedomex.com.mx\\\/wp-content\\\/uploads\\\/2025\\\/11\\\/Imagen-de-WhatsApp-2025-11-04-a-las-08.25.52_52cbeb53.jpg\",\"contentUrl\":\"https:\\\/\\\/proyeccionedomex.com.mx\\\/wp-content\\\/uploads\\\/2025\\\/11\\\/Imagen-de-WhatsApp-2025-11-04-a-las-08.25.52_52cbeb53.jpg\",\"width\":1575,\"height\":1011},{\"@type\":\"BreadcrumbList\",\"@id\":\"https:\\\/\\\/proyeccionedomex.com.mx\\\/?p=9597#breadcrumb\",\"itemListElement\":[{\"@type\":\"ListItem\",\"position\":1,\"name\":\"Portada\",\"item\":\"https:\\\/\\\/proyeccionedomex.com.mx\\\/\"},{\"@type\":\"ListItem\",\"position\":2,\"name\":\"CONVOCA EL PODER JUDICIAL MEXIQUENSE A LA PRESEA 2026 \u201cPODER JUDICIAL DEL ESTADO DE M\u00c9XICO\u201d\"}]},{\"@type\":\"WebSite\",\"@id\":\"https:\\\/\\\/proyeccionedomex.com.mx\\\/#website\",\"url\":\"https:\\\/\\\/proyeccionedomex.com.mx\\\/\",\"name\":\"Proyecci\u00f3n Estado de M\u00e9xico\",\"description\":\"Proyecci\u00f3n Edo. Mex.\",\"publisher\":{\"@id\":\"https:\\\/\\\/proyeccionedomex.com.mx\\\/#organization\"},\"potentialAction\":[{\"@type\":\"SearchAction\",\"target\":{\"@type\":\"EntryPoint\",\"urlTemplate\":\"https:\\\/\\\/proyeccionedomex.com.mx\\\/?s={search_term_string}\"},\"query-input\":{\"@type\":\"PropertyValueSpecification\",\"valueRequired\":true,\"valueName\":\"search_term_string\"}}],\"inLanguage\":\"es\"},{\"@type\":\"Organization\",\"@id\":\"https:\\\/\\\/proyeccionedomex.com.mx\\\/#organization\",\"name\":\"Proyecci\u00f3n Estado de M\u00e9xico\",\"url\":\"https:\\\/\\\/proyeccionedomex.com.mx\\\/\",\"logo\":{\"@type\":\"ImageObject\",\"inLanguage\":\"es\",\"@id\":\"https:\\\/\\\/proyeccionedomex.com.mx\\\/#\\\/schema\\\/logo\\\/image\\\/\",\"url\":\"https:\\\/\\\/proyeccionedomex.com.mx\\\/wp-content\\\/uploads\\\/2024\\\/03\\\/proyeccion.jpg\",\"contentUrl\":\"https:\\\/\\\/proyeccionedomex.com.mx\\\/wp-content\\\/uploads\\\/2024\\\/03\\\/proyeccion.jpg\",\"width\":1143,\"height\":801,\"caption\":\"Proyecci\u00f3n Estado de M\u00e9xico\"},\"image\":{\"@id\":\"https:\\\/\\\/proyeccionedomex.com.mx\\\/#\\\/schema\\\/logo\\\/image\\\/\"},\"sameAs\":[\"https:\\\/\\\/www.facebook.com\\\/PortaldeNoticiasProyeccionEdomex\"]},{\"@type\":\"Person\",\"@id\":\"https:\\\/\\\/proyeccionedomex.com.mx\\\/#\\\/schema\\\/person\\\/2e66b5427bffed972a69e6b66b4e3a76\",\"name\":\"Redacci\u00f3n Proyecci\u00f3n EDOM\u00c9X\",\"image\":{\"@type\":\"ImageObject\",\"inLanguage\":\"es\",\"@id\":\"https:\\\/\\\/secure.gravatar.com\\\/avatar\\\/f43a2254d614198c44c96f86f1f078a06cac3d39a3250e9245aa331797519cab?s=96&d=mm&r=g\",\"url\":\"https:\\\/\\\/secure.gravatar.com\\\/avatar\\\/f43a2254d614198c44c96f86f1f078a06cac3d39a3250e9245aa331797519cab?s=96&d=mm&r=g\",\"contentUrl\":\"https:\\\/\\\/secure.gravatar.com\\\/avatar\\\/f43a2254d614198c44c96f86f1f078a06cac3d39a3250e9245aa331797519cab?s=96&d=mm&r=g\",\"caption\":\"Redacci\u00f3n Proyecci\u00f3n EDOM\u00c9X\"},\"sameAs\":[\"https:\\\/\\\/proyeccionedomex.com.mx\"],\"url\":\"https:\\\/\\\/proyeccionedomex.com.mx\\\/?author=1\"}]}<\/script>\n<!-- \/ Yoast SEO plugin. -->","yoast_head_json":{"title":"CONVOCA EL PODER JUDICIAL MEXIQUENSE A LA PRESEA 2026 \u201cPODER JUDICIAL DEL ESTADO DE M\u00c9XICO\u201d - Proyecci\u00f3n Estado de M\u00e9xico","robots":{"index":"index","follow":"follow","max-snippet":"max-snippet:-1","max-image-preview":"max-image-preview:large","max-video-preview":"max-video-preview:-1"},"canonical":"https:\/\/proyeccionedomex.com.mx\/?p=9597","og_locale":"es_ES","og_type":"article","og_title":"CONVOCA EL PODER JUDICIAL MEXIQUENSE A LA PRESEA 2026 \u201cPODER JUDICIAL DEL ESTADO DE M\u00c9XICO\u201d - Proyecci\u00f3n Estado de M\u00e9xico","og_description":"CONVOCA EL PODER JUDICIAL MEXIQUENSE A LA PRESEA 2026 \u201cPODER JUDICIAL DEL ESTADO DE M\u00c9XICO\u201d *El galard\u00f3n reconoce la trayectoria de quienes promueven la justicia, el Estado de Derecho y los derechos humanos *Las postulaciones estar\u00e1n abiertas hasta el 13 de febrero de 2026 Toluca, EDOM\u00c9X.\u2013 El Tribunal Superior de Justicia del Estado de M\u00e9xico [&hellip;]","og_url":"https:\/\/proyeccionedomex.com.mx\/?p=9597","og_site_name":"Proyecci\u00f3n Estado de M\u00e9xico","article_publisher":"https:\/\/www.facebook.com\/PortaldeNoticiasProyeccionEdomex","article_published_time":"2025-11-04T15:11:38+00:00","article_modified_time":"2025-11-04T15:11:42+00:00","og_image":[{"width":1575,"height":1011,"url":"https:\/\/proyeccionedomex.com.mx\/wp-content\/uploads\/2025\/11\/Imagen-de-WhatsApp-2025-11-04-a-las-08.25.52_52cbeb53.jpg","type":"image\/jpeg"}],"author":"Redacci\u00f3n Proyecci\u00f3n EDOM\u00c9X","twitter_card":"summary_large_image","twitter_misc":{"Escrito por":"Redacci\u00f3n Proyecci\u00f3n EDOM\u00c9X","Tiempo de lectura":"3 minutos"},"schema":{"@context":"https:\/\/schema.org","@graph":[{"@type":"Article","@id":"https:\/\/proyeccionedomex.com.mx\/?p=9597#article","isPartOf":{"@id":"https:\/\/proyeccionedomex.com.mx\/?p=9597"},"author":{"name":"Redacci\u00f3n Proyecci\u00f3n EDOM\u00c9X","@id":"https:\/\/proyeccionedomex.com.mx\/#\/schema\/person\/2e66b5427bffed972a69e6b66b4e3a76"},"headline":"CONVOCA EL PODER JUDICIAL MEXIQUENSE A LA PRESEA 2026 \u201cPODER JUDICIAL DEL ESTADO DE M\u00c9XICO\u201d","datePublished":"2025-11-04T15:11:38+00:00","dateModified":"2025-11-04T15:11:42+00:00","mainEntityOfPage":{"@id":"https:\/\/proyeccionedomex.com.mx\/?p=9597"},"wordCount":447,"commentCount":0,"publisher":{"@id":"https:\/\/proyeccionedomex.com.mx\/#organization"},"image":{"@id":"https:\/\/proyeccionedomex.com.mx\/?p=9597#primaryimage"},"thumbnailUrl":"https:\/\/proyeccionedomex.com.mx\/wp-content\/uploads\/2025\/11\/Imagen-de-WhatsApp-2025-11-04-a-las-08.25.52_52cbeb53.jpg","articleSection":["Politica"],"inLanguage":"es","potentialAction":[{"@type":"CommentAction","name":"Comment","target":["https:\/\/proyeccionedomex.com.mx\/?p=9597#respond"]}]},{"@type":"WebPage","@id":"https:\/\/proyeccionedomex.com.mx\/?p=9597","url":"https:\/\/proyeccionedomex.com.mx\/?p=9597","name":"CONVOCA EL PODER JUDICIAL MEXIQUENSE A LA PRESEA 2026 \u201cPODER JUDICIAL DEL ESTADO DE M\u00c9XICO\u201d - Proyecci\u00f3n Estado de M\u00e9xico","isPartOf":{"@id":"https:\/\/proyeccionedomex.com.mx\/#website"},"primaryImageOfPage":{"@id":"https:\/\/proyeccionedomex.com.mx\/?p=9597#primaryimage"},"image":{"@id":"https:\/\/proyeccionedomex.com.mx\/?p=9597#primaryimage"},"thumbnailUrl":"https:\/\/proyeccionedomex.com.mx\/wp-content\/uploads\/2025\/11\/Imagen-de-WhatsApp-2025-11-04-a-las-08.25.52_52cbeb53.jpg","datePublished":"2025-11-04T15:11:38+00:00","dateModified":"2025-11-04T15:11:42+00:00","breadcrumb":{"@id":"https:\/\/proyeccionedomex.com.mx\/?p=9597#breadcrumb"},"inLanguage":"es","potentialAction":[{"@type":"ReadAction","target":["https:\/\/proyeccionedomex.com.mx\/?p=9597"]}]},{"@type":"ImageObject","inLanguage":"es","@id":"https:\/\/proyeccionedomex.com.mx\/?p=9597#primaryimage","url":"https:\/\/proyeccionedomex.com.mx\/wp-content\/uploads\/2025\/11\/Imagen-de-WhatsApp-2025-11-04-a-las-08.25.52_52cbeb53.jpg","contentUrl":"https:\/\/proyeccionedomex.com.mx\/wp-content\/uploads\/2025\/11\/Imagen-de-WhatsApp-2025-11-04-a-las-08.25.52_52cbeb53.jpg","width":1575,"height":1011},{"@type":"BreadcrumbList","@id":"https:\/\/proyeccionedomex.com.mx\/?p=9597#breadcrumb","itemListElement":[{"@type":"ListItem","position":1,"name":"Portada","item":"https:\/\/proyeccionedomex.com.mx\/"},{"@type":"ListItem","position":2,"name":"CONVOCA EL PODER JUDICIAL MEXIQUENSE A LA PRESEA 2026 \u201cPODER JUDICIAL DEL ESTADO DE M\u00c9XICO\u201d"}]},{"@type":"WebSite","@id":"https:\/\/proyeccionedomex.com.mx\/#website","url":"https:\/\/proyeccionedomex.com.mx\/","name":"Proyecci\u00f3n Estado de M\u00e9xico","description":"Proyecci\u00f3n Edo. Mex.","publisher":{"@id":"https:\/\/proyeccionedomex.com.mx\/#organization"},"potentialAction":[{"@type":"SearchAction","target":{"@type":"EntryPoint","urlTemplate":"https:\/\/proyeccionedomex.com.mx\/?s={search_term_string}"},"query-input":{"@type":"PropertyValueSpecification","valueRequired":true,"valueName":"search_term_string"}}],"inLanguage":"es"},{"@type":"Organization","@id":"https:\/\/proyeccionedomex.com.mx\/#organization","name":"Proyecci\u00f3n Estado de M\u00e9xico","url":"https:\/\/proyeccionedomex.com.mx\/","logo":{"@type":"ImageObject","inLanguage":"es","@id":"https:\/\/proyeccionedomex.com.mx\/#\/schema\/logo\/image\/","url":"https:\/\/proyeccionedomex.com.mx\/wp-content\/uploads\/2024\/03\/proyeccion.jpg","contentUrl":"https:\/\/proyeccionedomex.com.mx\/wp-content\/uploads\/2024\/03\/proyeccion.jpg","width":1143,"height":801,"caption":"Proyecci\u00f3n Estado de M\u00e9xico"},"image":{"@id":"https:\/\/proyeccionedomex.com.mx\/#\/schema\/logo\/image\/"},"sameAs":["https:\/\/www.facebook.com\/PortaldeNoticiasProyeccionEdomex"]},{"@type":"Person","@id":"https:\/\/proyeccionedomex.com.mx\/#\/schema\/person\/2e66b5427bffed972a69e6b66b4e3a76","name":"Redacci\u00f3n Proyecci\u00f3n EDOM\u00c9X","image":{"@type":"ImageObject","inLanguage":"es","@id":"https:\/\/secure.gravatar.com\/avatar\/f43a2254d614198c44c96f86f1f078a06cac3d39a3250e9245aa331797519cab?s=96&d=mm&r=g","url":"https:\/\/secure.gravatar.com\/avatar\/f43a2254d614198c44c96f86f1f078a06cac3d39a3250e9245aa331797519cab?s=96&d=mm&r=g","contentUrl":"https:\/\/secure.gravatar.com\/avatar\/f43a2254d614198c44c96f86f1f078a06cac3d39a3250e9245aa331797519cab?s=96&d=mm&r=g","caption":"Redacci\u00f3n Proyecci\u00f3n EDOM\u00c9X"},"sameAs":["https:\/\/proyeccionedomex.com.mx"],"url":"https:\/\/proyeccionedomex.com.mx\/?author=1"}]}},"_links":{"self":[{"href":"https:\/\/proyeccionedomex.com.mx\/index.php?rest_route=\/wp\/v2\/posts\/9597","targetHints":{"allow":["GET"]}}],"collection":[{"href":"https:\/\/proyeccionedomex.com.mx\/index.php?rest_route=\/wp\/v2\/posts"}],"about":[{"href":"https:\/\/proyeccionedomex.com.mx\/index.php?rest_route=\/wp\/v2\/types\/post"}],"author":[{"embeddable":true,"href":"https:\/\/proyeccionedomex.com.mx\/index.php?rest_route=\/wp\/v2\/users\/1"}],"replies":[{"embeddable":true,"href":"https:\/\/proyeccionedomex.com.mx\/index.php?rest_route=%2Fwp%2Fv2%2Fcomments&post=9597"}],"version-history":[{"count":1,"href":"https:\/\/proyeccionedomex.com.mx\/index.php?rest_route=\/wp\/v2\/posts\/9597\/revisions"}],"predecessor-version":[{"id":9599,"href":"https:\/\/proyeccionedomex.com.mx\/index.php?rest_route=\/wp\/v2\/posts\/9597\/revisions\/9599"}],"wp:featuredmedia":[{"embeddable":true,"href":"https:\/\/proyeccionedomex.com.mx\/index.php?rest_route=\/wp\/v2\/media\/9598"}],"wp:attachment":[{"href":"https:\/\/proyeccionedomex.com.mx\/index.php?rest_route=%2Fwp%2Fv2%2Fmedia&parent=9597"}],"wp:term":[{"taxonomy":"category","embeddable":true,"href":"https:\/\/proyeccionedomex.com.mx\/index.php?rest_route=%2Fwp%2Fv2%2Fcategories&post=9597"},{"taxonomy":"post_tag","embeddable":true,"href":"https:\/\/proyeccionedomex.com.mx\/index.php?rest_route=%2Fwp%2Fv2%2Ftags&post=9597"}],"curies":[{"name":"wp","href":"https:\/\/api.w.org\/{rel}","templated":true}]}}